{"id":104931,"date":"2021-01-18T22:45:32","date_gmt":"2021-01-19T05:45:32","guid":{"rendered":"https:\/\/www.sonoraenequipo.com.mx\/?p=104931"},"modified":"2021-01-18T19:39:44","modified_gmt":"2021-01-19T02:39:44","slug":"ricardo-anaya-buscara-la-presidencia-de-mexico-una-vez-mas-en-el-2024","status":"publish","type":"post","link":"https:\/\/www.sonoraenequipo.com.mx\/ricardo-anaya-buscara-la-presidencia-de-mexico-una-vez-mas-en-el-2024\/","title":{"rendered":"Ricardo Anaya buscar\u00e1 la Presidencia de M\u00e9xico una vez m\u00e1s en el 2024"},"content":{"rendered":"<p>CIUDAD DE M\u00c9XICO. MX. \u2014 Este lunes (18.01.2021), el excandidato presidencial por el PAN en 2018, Ricardo Anaya Cort\u00e9s, inform\u00f3 que no ser\u00e1 candidato a una diputaci\u00f3n por este partido en el Proceso Electoral del pr\u00f3ximo 6 de junio.<\/p>\n<p>&nbsp;<\/p>\n<p> <\/p>\n<p>&nbsp;<\/p>\n<p>En un mensaje inform\u00f3 que buscar\u00e1 nuevamente la presidencia de la Rep\u00fablica en 2024.<\/p>\n<p>&nbsp;<\/p>\n<p>A trav\u00e9s de sus redes sociales Anaya Cort\u00e9s indic\u00f3 que recibi\u00f3 la invitaci\u00f3n para el cargo de diputado plurinominal de parte l\u00edder nacional del PAN, Marko Cort\u00e9s, pero que declin\u00f3 la oferta; mientras destac\u00f3 que desea ser nuevamente candidato presidencial en 2024.<\/p>\n<p>&nbsp;<\/p>\n<p>&nbsp;<\/p>\n<p>(Publicada el 18\/01\/2021)<\/p>\n","protected":false},"excerpt":{"rendered":"<p>CIUDAD DE M\u00c9XICO. MX. \u2014 Este lunes (18.01.2021), el excandidato presidencial por el PAN en&#8230;<\/p>\n","protected":false},"author":1,"featured_media":104932,"comment_status":"open","ping_status":"open","sticky":false,"template":"","format":"standard","meta":{"_monsterinsights_skip_tracking":false,"_monsterinsights_sitenote_active":false,"_monsterinsights_sitenote_note":"","_monsterinsights_sitenote_category":0,"footnotes":""},"categories":[5],"tags":[],"class_list":["post"],"yoast_head":" \n<title>Sonora en Equipo. Ricardo Anaya buscar\u00e1 la Presidencia de M\u00e9xico una vez m\u00e1s en el 2024 Rep\u00fablica<\/title>\n<meta name=\"description\" content=\"CIUDAD DE M\u00c9XICO. MX. \u2014 Este lunes (18.01.2021), el excandidato presidencial por el PAN en 2018, Ricardo Anaya Cort\u00e9s, inform\u00f3 que no ser\u00e1 candidato a una En Sonora en Equipo publicamos toda la informaci\u00f3n de Sonora, M\u00e9xico y el Mundo de manera oportuna y busca que la libertad de expresi\u00f3n sea real. Visita nuestro medio informativo publicado desde Hermosillo, Sonora. %\" \/>\n<meta name=\"robots\" content=\"index, follow, max-snippet:-1, max-image-preview:large, max-video-preview:-1\" \/>\n<link rel=\"canonical\" href=\"https:\/\/www.sonoraenequipo.com.mx\/ricardo-anaya-buscara-la-presidencia-de-mexico-una-vez-mas-en-el-2024\/\" \/>\n<meta property=\"og:locale\" content=\"es_ES\" \/>\n<meta property=\"og:type\" content=\"article\" \/>\n<meta property=\"og:title\" content=\"Sonora en Equipo. Ricardo Anaya buscar\u00e1 la Presidencia de M\u00e9xico una vez m\u00e1s en el 2024 Rep\u00fablica\" \/>\n<meta property=\"og:description\" content=\"CIUDAD DE M\u00c9XICO. MX. \u2014 Este lunes (18.01.2021), el excandidato presidencial por el PAN en 2018, Ricardo Anaya Cort\u00e9s, inform\u00f3 que no ser\u00e1 candidato a una En Sonora en Equipo publicamos toda la informaci\u00f3n de Sonora, M\u00e9xico y el Mundo de manera oportuna y busca que la libertad de expresi\u00f3n sea real. Visita nuestro medio informativo publicado desde Hermosillo, Sonora. %\" \/>\n<meta property=\"og:url\" content=\"https:\/\/www.sonoraenequipo.com.mx\/ricardo-anaya-buscara-la-presidencia-de-mexico-una-vez-mas-en-el-2024\/\" \/>\n<meta property=\"og:site_name\" content=\"Sonora en Equipo.\" \/>\n<meta property=\"article:publisher\" content=\"https:\/\/www.facebook.com\/SonoraEE\/\" \/>\n<meta property=\"article:author\" content=\"https:\/\/www.facebook.com\/SonoraEE\" \/>\n<meta property=\"article:published_time\" content=\"2021-01-19T05:45:32+00:00\" \/>\n<meta property=\"og:image\" content=\"https:\/\/www.sonoraenequipo.com.mx\/storage\/2021\/01\/rikirikin_opt.jpg\" \/>\n\t<meta property=\"og:image:width\" content=\"889\" \/>\n\t<meta property=\"og:image:height\" content=\"500\" \/>\n\t<meta property=\"og:image:type\" content=\"image\/jpeg\" \/>\n<meta name=\"author\" content=\"enequipo\" \/>\n<meta name=\"twitter:card\" content=\"summary_large_image\" \/>\n<meta name=\"twitter:creator\" content=\"@sonoraenequipo\" \/>\n<meta name=\"twitter:site\" content=\"@sonoraenequipo\" \/>\n<meta name=\"twitter:label1\" content=\"Escrito por\" \/>\n\t<meta name=\"twitter:data1\" content=\"enequipo\" \/>\n\t<meta name=\"twitter:label2\" content=\"Tiempo de lectura\" \/>\n\t<meta name=\"twitter:data2\" content=\"1 minuto\" \/>\n<script type=\"application\/ld+json\" class=\"yoast-schema-graph\">{\"@context\":\"https:\/\/schema.org\",\"@graph\":[{\"@type\":\"Article\",\"@id\":\"https:\/\/www.sonoraenequipo.com.mx\/ricardo-anaya-buscara-la-presidencia-de-mexico-una-vez-mas-en-el-2024\/#article\",\"isPartOf\":{\"@id\":\"https:\/\/www.sonoraenequipo.com.mx\/ricardo-anaya-buscara-la-presidencia-de-mexico-una-vez-mas-en-el-2024\/\"},\"author\":{\"name\":\"enequipo\",\"@id\":\"https:\/\/www.sonoraenequipo.com.mx\/#\/schema\/person\/50102df0fb23a8fa9e8effad8fa81386\"},\"headline\":\"Ricardo Anaya buscar\u00e1 la Presidencia de M\u00e9xico una vez m\u00e1s en el 2024\",\"datePublished\":\"2021-01-19T05:45:32+00:00\",\"mainEntityOfPage\":{\"@id\":\"https:\/\/www.sonoraenequipo.com.mx\/ricardo-anaya-buscara-la-presidencia-de-mexico-una-vez-mas-en-el-2024\/\"},\"wordCount\":120,\"commentCount\":0,\"publisher\":{\"@id\":\"https:\/\/www.sonoraenequipo.com.mx\/#organization\"},\"image\":{\"@id\":\"https:\/\/www.sonoraenequipo.com.mx\/ricardo-anaya-buscara-la-presidencia-de-mexico-una-vez-mas-en-el-2024\/#primaryimage\"},\"thumbnailUrl\":\"https:\/\/www.sonoraenequipo.com.mx\/storage\/2021\/01\/rikirikin_opt.jpg\",\"articleSection\":[\"Rep\u00fablica\"],\"inLanguage\":\"es\",\"potentialAction\":[{\"@type\":\"CommentAction\",\"name\":\"Comment\",\"target\":[\"https:\/\/www.sonoraenequipo.com.mx\/ricardo-anaya-buscara-la-presidencia-de-mexico-una-vez-mas-en-el-2024\/#respond\"]}]},{\"@type\":\"WebPage\",\"@id\":\"https:\/\/www.sonoraenequipo.com.mx\/ricardo-anaya-buscara-la-presidencia-de-mexico-una-vez-mas-en-el-2024\/\",\"url\":\"https:\/\/www.sonoraenequipo.com.mx\/ricardo-anaya-buscara-la-presidencia-de-mexico-una-vez-mas-en-el-2024\/\",\"name\":\"Sonora en Equipo. Ricardo Anaya buscar\u00e1 la Presidencia de M\u00e9xico una vez m\u00e1s en el 2024 Rep\u00fablica\",\"isPartOf\":{\"@id\":\"https:\/\/www.sonoraenequipo.com.mx\/#website\"},\"primaryImageOfPage\":{\"@id\":\"https:\/\/www.sonoraenequipo.com.mx\/ricardo-anaya-buscara-la-presidencia-de-mexico-una-vez-mas-en-el-2024\/#primaryimage\"},\"image\":{\"@id\":\"https:\/\/www.sonoraenequipo.com.mx\/ricardo-anaya-buscara-la-presidencia-de-mexico-una-vez-mas-en-el-2024\/#primaryimage\"},\"thumbnailUrl\":\"https:\/\/www.sonoraenequipo.com.mx\/storage\/2021\/01\/rikirikin_opt.jpg\",\"datePublished\":\"2021-01-19T05:45:32+00:00\",\"description\":\"CIUDAD DE M\u00c9XICO. MX. \u2014 Este lunes (18.01.2021), el excandidato presidencial por el PAN en 2018, Ricardo Anaya Cort\u00e9s, inform\u00f3 que no ser\u00e1 candidato a una En Sonora en Equipo publicamos toda la informaci\u00f3n de Sonora, M\u00e9xico y el Mundo de manera oportuna y busca que la libertad de expresi\u00f3n sea real. Visita nuestro medio informativo publicado desde Hermosillo, Sonora. %\",\"breadcrumb\":{\"@id\":\"https:\/\/www.sonoraenequipo.com.mx\/ricardo-anaya-buscara-la-presidencia-de-mexico-una-vez-mas-en-el-2024\/#breadcrumb\"},\"inLanguage\":\"es\",\"potentialAction\":[{\"@type\":\"ReadAction\",\"target\":[\"https:\/\/www.sonoraenequipo.com.mx\/ricardo-anaya-buscara-la-presidencia-de-mexico-una-vez-mas-en-el-2024\/\"]}]},{\"@type\":\"ImageObject\",\"inLanguage\":\"es\",\"@id\":\"https:\/\/www.sonoraenequipo.com.mx\/ricardo-anaya-buscara-la-presidencia-de-mexico-una-vez-mas-en-el-2024\/#primaryimage\",\"url\":\"https:\/\/www.sonoraenequipo.com.mx\/storage\/2021\/01\/rikirikin_opt.jpg\",\"contentUrl\":\"https:\/\/www.sonoraenequipo.com.mx\/storage\/2021\/01\/rikirikin_opt.jpg\",\"width\":889,\"height\":500},{\"@type\":\"BreadcrumbList\",\"@id\":\"https:\/\/www.sonoraenequipo.com.mx\/ricardo-anaya-buscara-la-presidencia-de-mexico-una-vez-mas-en-el-2024\/#breadcrumb\",\"itemListElement\":[{\"@type\":\"ListItem\",\"position\":1,\"name\":\"Portada\",\"item\":\"https:\/\/www.sonoraenequipo.com.mx\/\"},{\"@type\":\"ListItem\",\"position\":2,\"name\":\"Ricardo Anaya buscar\u00e1 la Presidencia de M\u00e9xico una vez m\u00e1s en el 2024\"}]},{\"@type\":\"WebSite\",\"@id\":\"https:\/\/www.sonoraenequipo.com.mx\/#website\",\"url\":\"https:\/\/www.sonoraenequipo.com.mx\/\",\"name\":\"Sonora en Equipo.\",\"description\":\"Diario en l\u00ednea con Noticias desde Hermosillo, Sonora\",\"publisher\":{\"@id\":\"https:\/\/www.sonoraenequipo.com.mx\/#organization\"},\"potentialAction\":[{\"@type\":\"SearchAction\",\"target\":{\"@type\":\"EntryPoint\",\"urlTemplate\":\"https:\/\/www.sonoraenequipo.com.mx\/?s={search_term_string}\"},\"query-input\":{\"@type\":\"PropertyValueSpecification\",\"valueRequired\":true,\"valueName\":\"search_term_string\"}}],\"inLanguage\":\"es\"},{\"@type\":\"Organization\",\"@id\":\"https:\/\/www.sonoraenequipo.com.mx\/#organization\",\"name\":\"Sonoraenequipo.com.mx\",\"url\":\"https:\/\/www.sonoraenequipo.com.mx\/\",\"logo\":{\"@type\":\"ImageObject\",\"inLanguage\":\"es\",\"@id\":\"https:\/\/www.sonoraenequipo.com.mx\/#\/schema\/logo\/image\/\",\"url\":\"https:\/\/www.sonoraenequipo.com.mx\/storage\/2019\/01\/sonoraenequipo_opt.png\",\"contentUrl\":\"https:\/\/www.sonoraenequipo.com.mx\/storage\/2019\/01\/sonoraenequipo_opt.png\",\"width\":375,\"height\":125,\"caption\":\"Sonoraenequipo.com.mx\"},\"image\":{\"@id\":\"https:\/\/www.sonoraenequipo.com.mx\/#\/schema\/logo\/image\/\"},\"sameAs\":[\"https:\/\/www.facebook.com\/SonoraEE\/\",\"https:\/\/x.com\/sonoraenequipo\",\"https:\/\/www.youtube.com\/channel\/UC338nW-lPEYmJQs4ZABQ1SQ\"]},{\"@type\":\"Person\",\"@id\":\"https:\/\/www.sonoraenequipo.com.mx\/#\/schema\/person\/50102df0fb23a8fa9e8effad8fa81386\",\"name\":\"enequipo\",\"image\":{\"@type\":\"ImageObject\",\"inLanguage\":\"es\",\"@id\":\"https:\/\/www.sonoraenequipo.com.mx\/#\/schema\/person\/image\/\",\"url\":\"https:\/\/secure.gravatar.com\/avatar\/049821681b589dabc0bc20695993ccebb09f5b5d4d790cd9251b97faac7c652b?s=96&d=blank&r=g\",\"contentUrl\":\"https:\/\/secure.gravatar.com\/avatar\/049821681b589dabc0bc20695993ccebb09f5b5d4d790cd9251b97faac7c652b?s=96&d=blank&r=g\",\"caption\":\"enequipo\"},\"sameAs\":[\"https:\/\/www.facebook.com\/SonoraEE\"]}]}<\/script>\n ","yoast_head_json":{"title":"Sonora en Equipo. Ricardo Anaya buscar\u00e1 la Presidencia de M\u00e9xico una vez m\u00e1s en el 2024 Rep\u00fablica","description":"CIUDAD DE M\u00c9XICO. MX. \u2014 Este lunes (18.01.2021), el excandidato presidencial por el PAN en 2018, Ricardo Anaya Cort\u00e9s, inform\u00f3 que no ser\u00e1 candidato a una En Sonora en Equipo publicamos toda la informaci\u00f3n de Sonora, M\u00e9xico y el Mundo de manera oportuna y busca que la libertad de expresi\u00f3n sea real. Visita nuestro medio informativo publicado desde Hermosillo, Sonora. %","robots":{"index":"index","follow":"follow","max-snippet":"max-snippet:-1","max-image-preview":"max-image-preview:large","max-video-preview":"max-video-preview:-1"},"canonical":"https:\/\/www.sonoraenequipo.com.mx\/ricardo-anaya-buscara-la-presidencia-de-mexico-una-vez-mas-en-el-2024\/","og_locale":"es_ES","og_type":"article","og_title":"Sonora en Equipo. Ricardo Anaya buscar\u00e1 la Presidencia de M\u00e9xico una vez m\u00e1s en el 2024 Rep\u00fablica","og_description":"CIUDAD DE M\u00c9XICO. MX. \u2014 Este lunes (18.01.2021), el excandidato presidencial por el PAN en 2018, Ricardo Anaya Cort\u00e9s, inform\u00f3 que no ser\u00e1 candidato a una En Sonora en Equipo publicamos toda la informaci\u00f3n de Sonora, M\u00e9xico y el Mundo de manera oportuna y busca que la libertad de expresi\u00f3n sea real. Visita nuestro medio informativo publicado desde Hermosillo, Sonora. %","og_url":"https:\/\/www.sonoraenequipo.com.mx\/ricardo-anaya-buscara-la-presidencia-de-mexico-una-vez-mas-en-el-2024\/","og_site_name":"Sonora en Equipo.","article_publisher":"https:\/\/www.facebook.com\/SonoraEE\/","article_author":"https:\/\/www.facebook.com\/SonoraEE","article_published_time":"2021-01-19T05:45:32+00:00","og_image":[{"width":889,"height":500,"url":"https:\/\/www.sonoraenequipo.com.mx\/storage\/2021\/01\/rikirikin_opt.jpg","type":"image\/jpeg"}],"author":"enequipo","twitter_card":"summary_large_image","twitter_creator":"@sonoraenequipo","twitter_site":"@sonoraenequipo","twitter_misc":{"Escrito por":"enequipo","Tiempo de lectura":"1 minuto"},"schema":{"@context":"https:\/\/schema.org","@graph":[{"@type":"Article","@id":"https:\/\/www.sonoraenequipo.com.mx\/ricardo-anaya-buscara-la-presidencia-de-mexico-una-vez-mas-en-el-2024\/#article","isPartOf":{"@id":"https:\/\/www.sonoraenequipo.com.mx\/ricardo-anaya-buscara-la-presidencia-de-mexico-una-vez-mas-en-el-2024\/"},"author":{"name":"enequipo","@id":"https:\/\/www.sonoraenequipo.com.mx\/#\/schema\/person\/50102df0fb23a8fa9e8effad8fa81386"},"headline":"Ricardo Anaya buscar\u00e1 la Presidencia de M\u00e9xico una vez m\u00e1s en el 2024","datePublished":"2021-01-19T05:45:32+00:00","mainEntityOfPage":{"@id":"https:\/\/www.sonoraenequipo.com.mx\/ricardo-anaya-buscara-la-presidencia-de-mexico-una-vez-mas-en-el-2024\/"},"wordCount":120,"commentCount":0,"publisher":{"@id":"https:\/\/www.sonoraenequipo.com.mx\/#organization"},"image":{"@id":"https:\/\/www.sonoraenequipo.com.mx\/ricardo-anaya-buscara-la-presidencia-de-mexico-una-vez-mas-en-el-2024\/#primaryimage"},"thumbnailUrl":"https:\/\/www.sonoraenequipo.com.mx\/storage\/2021\/01\/rikirikin_opt.jpg","articleSection":["Rep\u00fablica"],"inLanguage":"es","potentialAction":[{"@type":"CommentAction","name":"Comment","target":["https:\/\/www.sonoraenequipo.com.mx\/ricardo-anaya-buscara-la-presidencia-de-mexico-una-vez-mas-en-el-2024\/#respond"]}]},{"@type":"WebPage","@id":"https:\/\/www.sonoraenequipo.com.mx\/ricardo-anaya-buscara-la-presidencia-de-mexico-una-vez-mas-en-el-2024\/","url":"https:\/\/www.sonoraenequipo.com.mx\/ricardo-anaya-buscara-la-presidencia-de-mexico-una-vez-mas-en-el-2024\/","name":"Sonora en Equipo. Ricardo Anaya buscar\u00e1 la Presidencia de M\u00e9xico una vez m\u00e1s en el 2024 Rep\u00fablica","isPartOf":{"@id":"https:\/\/www.sonoraenequipo.com.mx\/#website"},"primaryImageOfPage":{"@id":"https:\/\/www.sonoraenequipo.com.mx\/ricardo-anaya-buscara-la-presidencia-de-mexico-una-vez-mas-en-el-2024\/#primaryimage"},"image":{"@id":"https:\/\/www.sonoraenequipo.com.mx\/ricardo-anaya-buscara-la-presidencia-de-mexico-una-vez-mas-en-el-2024\/#primaryimage"},"thumbnailUrl":"https:\/\/www.sonoraenequipo.com.mx\/storage\/2021\/01\/rikirikin_opt.jpg","datePublished":"2021-01-19T05:45:32+00:00","description":"CIUDAD DE M\u00c9XICO. MX. \u2014 Este lunes (18.01.2021), el excandidato presidencial por el PAN en 2018, Ricardo Anaya Cort\u00e9s, inform\u00f3 que no ser\u00e1 candidato a una En Sonora en Equipo publicamos toda la informaci\u00f3n de Sonora, M\u00e9xico y el Mundo de manera oportuna y busca que la libertad de expresi\u00f3n sea real. Visita nuestro medio informativo publicado desde Hermosillo, Sonora. %","breadcrumb":{"@id":"https:\/\/www.sonoraenequipo.com.mx\/ricardo-anaya-buscara-la-presidencia-de-mexico-una-vez-mas-en-el-2024\/#breadcrumb"},"inLanguage":"es","potentialAction":[{"@type":"ReadAction","target":["https:\/\/www.sonoraenequipo.com.mx\/ricardo-anaya-buscara-la-presidencia-de-mexico-una-vez-mas-en-el-2024\/"]}]},{"@type":"ImageObject","inLanguage":"es","@id":"https:\/\/www.sonoraenequipo.com.mx\/ricardo-anaya-buscara-la-presidencia-de-mexico-una-vez-mas-en-el-2024\/#primaryimage","url":"https:\/\/www.sonoraenequipo.com.mx\/storage\/2021\/01\/rikirikin_opt.jpg","contentUrl":"https:\/\/www.sonoraenequipo.com.mx\/storage\/2021\/01\/rikirikin_opt.jpg","width":889,"height":500},{"@type":"BreadcrumbList","@id":"https:\/\/www.sonoraenequipo.com.mx\/ricardo-anaya-buscara-la-presidencia-de-mexico-una-vez-mas-en-el-2024\/#breadcrumb","itemListElement":[{"@type":"ListItem","position":1,"name":"Portada","item":"https:\/\/www.sonoraenequipo.com.mx\/"},{"@type":"ListItem","position":2,"name":"Ricardo Anaya buscar\u00e1 la Presidencia de M\u00e9xico una vez m\u00e1s en el 2024"}]},{"@type":"WebSite","@id":"https:\/\/www.sonoraenequipo.com.mx\/#website","url":"https:\/\/www.sonoraenequipo.com.mx\/","name":"Sonora en Equipo.","description":"Diario en l\u00ednea con Noticias desde Hermosillo, Sonora","publisher":{"@id":"https:\/\/www.sonoraenequipo.com.mx\/#organization"},"potentialAction":[{"@type":"SearchAction","target":{"@type":"EntryPoint","urlTemplate":"https:\/\/www.sonoraenequipo.com.mx\/?s={search_term_string}"},"query-input":{"@type":"PropertyValueSpecification","valueRequired":true,"valueName":"search_term_string"}}],"inLanguage":"es"},{"@type":"Organization","@id":"https:\/\/www.sonoraenequipo.com.mx\/#organization","name":"Sonoraenequipo.com.mx","url":"https:\/\/www.sonoraenequipo.com.mx\/","logo":{"@type":"ImageObject","inLanguage":"es","@id":"https:\/\/www.sonoraenequipo.com.mx\/#\/schema\/logo\/image\/","url":"https:\/\/www.sonoraenequipo.com.mx\/storage\/2019\/01\/sonoraenequipo_opt.png","contentUrl":"https:\/\/www.sonoraenequipo.com.mx\/storage\/2019\/01\/sonoraenequipo_opt.png","width":375,"height":125,"caption":"Sonoraenequipo.com.mx"},"image":{"@id":"https:\/\/www.sonoraenequipo.com.mx\/#\/schema\/logo\/image\/"},"sameAs":["https:\/\/www.facebook.com\/SonoraEE\/","https:\/\/x.com\/sonoraenequipo","https:\/\/www.youtube.com\/channel\/UC338nW-lPEYmJQs4ZABQ1SQ"]},{"@type":"Person","@id":"https:\/\/www.sonoraenequipo.com.mx\/#\/schema\/person\/50102df0fb23a8fa9e8effad8fa81386","name":"enequipo","image":{"@type":"ImageObject","inLanguage":"es","@id":"https:\/\/www.sonoraenequipo.com.mx\/#\/schema\/person\/image\/","url":"https:\/\/secure.gravatar.com\/avatar\/049821681b589dabc0bc20695993ccebb09f5b5d4d790cd9251b97faac7c652b?s=96&d=blank&r=g","contentUrl":"https:\/\/secure.gravatar.com\/avatar\/049821681b589dabc0bc20695993ccebb09f5b5d4d790cd9251b97faac7c652b?s=96&d=blank&r=g","caption":"enequipo"},"sameAs":["https:\/\/www.facebook.com\/SonoraEE"]}]}},"jetpack_featured_media_url":"https:\/\/www.sonoraenequipo.com.mx\/storage\/2021\/01\/rikirikin_opt.jpg","_links":{"self":[{"href":"https:\/\/www.sonoraenequipo.com.mx\/api\/wp\/v2\/posts\/104931","targetHints":{"allow":["GET"]}}],"collection":[{"href":"https:\/\/www.sonoraenequipo.com.mx\/api\/wp\/v2\/posts"}],"about":[{"href":"https:\/\/www.sonoraenequipo.com.mx\/api\/wp\/v2\/types\/post"}],"author":[{"embeddable":true,"href":"https:\/\/www.sonoraenequipo.com.mx\/api\/wp\/v2\/users\/1"}],"replies":[{"embeddable":true,"href":"https:\/\/www.sonoraenequipo.com.mx\/api\/wp\/v2\/comments?post=104931"}],"version-history":[{"count":2,"href":"https:\/\/www.sonoraenequipo.com.mx\/api\/wp\/v2\/posts\/104931\/revisions"}],"predecessor-version":[{"id":104934,"href":"https:\/\/www.sonoraenequipo.com.mx\/api\/wp\/v2\/posts\/104931\/revisions\/104934"}],"wp:featuredmedia":[{"embeddable":true,"href":"https:\/\/www.sonoraenequipo.com.mx\/api\/wp\/v2\/media\/104932"}],"wp:attachment":[{"href":"https:\/\/www.sonoraenequipo.com.mx\/api\/wp\/v2\/media?parent=104931"}],"wp:term":[{"taxonomy":"category","embeddable":true,"href":"https:\/\/www.sonoraenequipo.com.mx\/api\/wp\/v2\/categories?post=104931"},{"taxonomy":"post_tag","embeddable":true,"href":"https:\/\/www.sonoraenequipo.com.mx\/api\/wp\/v2\/tags?post=104931"}],"curies":[{"name":"wp","href":"https:\/\/api.w.org\/{rel}","templated":true}]}}