{"id":104940,"date":"2021-01-18T20:32:09","date_gmt":"2021-01-19T03:32:09","guid":{"rendered":"https:\/\/www.sonoraenequipo.com.mx\/?p=104940"},"modified":"2021-01-18T20:32:09","modified_gmt":"2021-01-19T03:32:09","slug":"sar-alcanza-la-plusvalia-mas-alta-en-la-historia-de-las-afores","status":"publish","type":"post","link":"https:\/\/www.sonoraenequipo.com.mx\/sar-alcanza-la-plusvalia-mas-alta-en-la-historia-de-las-afores\/","title":{"rendered":"SAR alcanza la plusval\u00eda m\u00e1s alta en la historia de las AFORES"},"content":{"rendered":"<p>SAR alcanza la plusval\u00eda m\u00e1s alta en la historia de las AFORES<\/p>\n<p>&nbsp;<\/p>\n<p>CIUDAD DE M\u00c9XICO.\u2500 Igual que en a\u00f1os anteriores, AMAFORE inici\u00f3 sus actividades p\u00fablicas con un an\u00e1lisis sobre el desempe\u00f1o del sector al cierre del a\u00f1o previo, as\u00ed como con reflexiones sobre las perspectivas para 2021, encabezado por Bernardo Gonz\u00e1lez Rosas, presidente de AMAFORE y \u00c1lvaro Mel\u00e9ndez, vicepresidente T\u00e9cnico.<\/p>\n<p>&nbsp;<\/p>\n<p>En el marco del an\u00e1lisis de 2020, Bernardo Gonz\u00e1lez, presidente de AMAFORE, se\u00f1al\u00f3 que el sistema de ahorro para el retiro (SAR) prob\u00f3 ser un pilar fundamental de la econom\u00eda mexicana, ya que los retiros por desempleo fueron, junto con las remesas, el principal apoyo para los trabajadores en momentos de crisis. \u201cDe enero a diciembre se realizaron casi 2 millones de retiros parciales por desempleo por un monto equivalente a 20 mil millones de pesos\u201d &#8211;se\u00f1al\u00f3 Gonz\u00e1lez.<\/p>\n<p>&nbsp;<\/p>\n<p>Tambi\u00e9n se indic\u00f3 que, en 2020, pese a la volatilidad de los mercados y a la incertidumbre que provoc\u00f3 la crisis sanitaria y econ\u00f3mica, las cuentas de ahorro para el retiro presentaron plusval\u00edas hist\u00f3ricas en beneficio de los trabajadores. Las Afores generaron las plusval\u00edas m\u00e1s altas desde que se cre\u00f3 el sistema, incluso m\u00e1s grandes que en 2019, cuando se rompi\u00f3 un r\u00e9cord hist\u00f3rico.<\/p>\n<p>&nbsp;<\/p>\n<p>Por otro lado, Gonz\u00e1lez mencion\u00f3 que, durante 2020, se consolid\u00f3 la confianza de los trabajadores, ya que, pese a la crisis, el ahorro voluntario se duplic\u00f3. \u201cLos que mantuvieron su trabajo, pero s\u00ed disminuyeron su actividad por la pandemia, tuvieron la posibilidad de ahorrar. Hoy en d\u00eda, 4.3 millones de trabajadores ahorran voluntariamente, 58% m\u00e1s que hace tres a\u00f1os\u201d.<\/p>\n<p>&nbsp;<\/p>\n<p>Con respecto a las perspectivas para 2021, el equipo de AMAFORE subray\u00f3 que gracias a que se lograron cambios que fortalecen al sistema y que garantizan buenas pensiones, se inicia el a\u00f1o con un sistema de ahorro para el retiro fortalecido que beneficiar\u00e1 a las y los trabajadores afiliados al IMSS. Bernardo Gonz\u00e1lez refrend\u00f3 que el sistema de cuentas individualizadas ha probado que, dada la din\u00e1mica poblacional de M\u00e9xico, es la \u00fanica alternativa que permite garantizar a los trabajadores buenas pensiones. \u201cLa reforma subraya y da certidumbre a trabajadores e inversionistas. Los trabajadores pueden disponer de una parte de sus recursos por desempleo, las afores son la puerta de inclusi\u00f3n financiera m\u00e1s importante que se tiene en M\u00e9xico, ya que millones de personas tienen &#8211;gracias al SAR&#8211; una cuenta para ahorrar y para recibir altos rendimiento, adem\u00e1s de que se generan recursos fundamentales para ser invertidos a favor de la reactivaci\u00f3n econ\u00f3mica, en proyectos que generan empleos y, finalmente, ayuda a que las finanzas p\u00fablicas sean sanas\u201d.<\/p>\n<p>&nbsp;<\/p>\n<p>En particular, la reforma redujo las semanas de cotizaci\u00f3n necesarias para obtener una pensi\u00f3n, incrementa las aportaciones obligatorias que mejorar\u00e1n las pensiones y esto se hizo gracias al crecimiento de las aportaciones del sector privado. \u201cCon la reforma, la sociedad canaliza los recursos de quien m\u00e1s tiene a quienes menos tiene. Esto es un sistema de pensiones progresivo\u201d &#8211;afirm\u00f3 Bernardo Gonz\u00e1lez.<\/p>\n<p>&nbsp;<\/p>\n<p>Finalmente, el equipo de AMAFORE, hizo un recuento de los temas que ocupar\u00e1n su agenda durante 2021, se\u00f1alando que buscar\u00e1n poner en el centro de las pol\u00edticas p\u00fablicas temas que no se pudieron incorporar en la reforma, pero que son importantes, como la equidad de g\u00e9nero, la oferta de productos b\u00e1sicos de pensi\u00f3n para trabajadores independientes, as\u00ed como la modificaci\u00f3n a los reg\u00edmenes de inversi\u00f3n del sistema, para enfocarse cada vez m\u00e1s en empresas y proyectos que garanticen que tienen calificaci\u00f3n de ESG. Es decir, que se preocupan por el medio ambiente, que tienen mejores pr\u00e1cticas de gobernabilidad y de equidad de g\u00e9nero.<\/p>\n<p>Fecha de publicaci\u00f3n 18\/ene\/2021<\/p>\n","protected":false},"excerpt":{"rendered":"<p>SAR alcanza la plusval\u00eda m\u00e1s alta en la historia de las AFORES &nbsp; CIUDAD DE&#8230;<\/p>\n","protected":false},"author":1,"featured_media":86091,"comment_status":"open","ping_status":"open","sticky":false,"template":"","format":"standard","meta":{"_monsterinsights_skip_tracking":false,"_monsterinsights_sitenote_active":false,"_monsterinsights_sitenote_note":"","_monsterinsights_sitenote_category":0,"footnotes":""},"categories":[5],"tags":[93,53],"class_list":["post"],"yoast_head":" \n<title>Sonora en Equipo. SAR alcanza la plusval\u00eda m\u00e1s alta en la historia de las AFORES Rep\u00fablica<\/title>\n<meta name=\"description\" content=\"SAR alcanza la plusval\u00eda m\u00e1s alta en la historia de las AFORES &nbsp; CIUDAD DE M\u00c9XICO.\u2500 Igual que en a\u00f1os anteriores, AMAFORE inici\u00f3 sus actividades En Sonora en Equipo publicamos toda la informaci\u00f3n de Sonora, M\u00e9xico y el Mundo de manera oportuna y busca que la libertad de expresi\u00f3n sea real. Visita nuestro medio informativo publicado desde Hermosillo, Sonora. %\" \/>\n<meta name=\"robots\" content=\"index, follow, max-snippet:-1, max-image-preview:large, max-video-preview:-1\" \/>\n<link rel=\"canonical\" href=\"https:\/\/www.sonoraenequipo.com.mx\/sar-alcanza-la-plusvalia-mas-alta-en-la-historia-de-las-afores\/\" \/>\n<meta property=\"og:locale\" content=\"es_ES\" \/>\n<meta property=\"og:type\" content=\"article\" \/>\n<meta property=\"og:title\" content=\"Sonora en Equipo. SAR alcanza la plusval\u00eda m\u00e1s alta en la historia de las AFORES Rep\u00fablica\" \/>\n<meta property=\"og:description\" content=\"SAR alcanza la plusval\u00eda m\u00e1s alta en la historia de las AFORES &nbsp; CIUDAD DE M\u00c9XICO.\u2500 Igual que en a\u00f1os anteriores, AMAFORE inici\u00f3 sus actividades En Sonora en Equipo publicamos toda la informaci\u00f3n de Sonora, M\u00e9xico y el Mundo de manera oportuna y busca que la libertad de expresi\u00f3n sea real. Visita nuestro medio informativo publicado desde Hermosillo, Sonora. %\" \/>\n<meta property=\"og:url\" content=\"https:\/\/www.sonoraenequipo.com.mx\/sar-alcanza-la-plusvalia-mas-alta-en-la-historia-de-las-afores\/\" \/>\n<meta property=\"og:site_name\" content=\"Sonora en Equipo.\" \/>\n<meta property=\"article:publisher\" content=\"https:\/\/www.facebook.com\/SonoraEE\/\" \/>\n<meta property=\"article:author\" content=\"https:\/\/www.facebook.com\/SonoraEE\" \/>\n<meta property=\"article:published_time\" content=\"2021-01-19T03:32:09+00:00\" \/>\n<meta property=\"og:image\" content=\"https:\/\/www.sonoraenequipo.com.mx\/storage\/2020\/05\/dinero-2605_opt.jpg\" \/>\n\t<meta property=\"og:image:width\" content=\"598\" \/>\n\t<meta property=\"og:image:height\" content=\"400\" \/>\n\t<meta property=\"og:image:type\" content=\"image\/jpeg\" \/>\n<meta name=\"author\" content=\"enequipo\" \/>\n<meta name=\"twitter:card\" content=\"summary_large_image\" \/>\n<meta name=\"twitter:creator\" content=\"@sonoraenequipo\" \/>\n<meta name=\"twitter:site\" content=\"@sonoraenequipo\" \/>\n<meta name=\"twitter:label1\" content=\"Escrito por\" \/>\n\t<meta name=\"twitter:data1\" content=\"enequipo\" \/>\n\t<meta name=\"twitter:label2\" content=\"Tiempo de lectura\" \/>\n\t<meta name=\"twitter:data2\" content=\"3 minutos\" \/>\n<script type=\"application\/ld+json\" class=\"yoast-schema-graph\">{\"@context\":\"https:\/\/schema.org\",\"@graph\":[{\"@type\":\"Article\",\"@id\":\"https:\/\/www.sonoraenequipo.com.mx\/sar-alcanza-la-plusvalia-mas-alta-en-la-historia-de-las-afores\/#article\",\"isPartOf\":{\"@id\":\"https:\/\/www.sonoraenequipo.com.mx\/sar-alcanza-la-plusvalia-mas-alta-en-la-historia-de-las-afores\/\"},\"author\":{\"name\":\"enequipo\",\"@id\":\"https:\/\/www.sonoraenequipo.com.mx\/#\/schema\/person\/50102df0fb23a8fa9e8effad8fa81386\"},\"headline\":\"SAR alcanza la plusval\u00eda m\u00e1s alta en la historia de las AFORES\",\"datePublished\":\"2021-01-19T03:32:09+00:00\",\"mainEntityOfPage\":{\"@id\":\"https:\/\/www.sonoraenequipo.com.mx\/sar-alcanza-la-plusvalia-mas-alta-en-la-historia-de-las-afores\/\"},\"wordCount\":668,\"commentCount\":0,\"publisher\":{\"@id\":\"https:\/\/www.sonoraenequipo.com.mx\/#organization\"},\"image\":{\"@id\":\"https:\/\/www.sonoraenequipo.com.mx\/sar-alcanza-la-plusvalia-mas-alta-en-la-historia-de-las-afores\/#primaryimage\"},\"thumbnailUrl\":\"https:\/\/www.sonoraenequipo.com.mx\/storage\/2020\/05\/dinero-2605_opt.jpg\",\"keywords\":[\"econom\u00eda\",\"mexico\"],\"articleSection\":[\"Rep\u00fablica\"],\"inLanguage\":\"es\",\"potentialAction\":[{\"@type\":\"CommentAction\",\"name\":\"Comment\",\"target\":[\"https:\/\/www.sonoraenequipo.com.mx\/sar-alcanza-la-plusvalia-mas-alta-en-la-historia-de-las-afores\/#respond\"]}]},{\"@type\":\"WebPage\",\"@id\":\"https:\/\/www.sonoraenequipo.com.mx\/sar-alcanza-la-plusvalia-mas-alta-en-la-historia-de-las-afores\/\",\"url\":\"https:\/\/www.sonoraenequipo.com.mx\/sar-alcanza-la-plusvalia-mas-alta-en-la-historia-de-las-afores\/\",\"name\":\"Sonora en Equipo. SAR alcanza la plusval\u00eda m\u00e1s alta en la historia de las AFORES Rep\u00fablica\",\"isPartOf\":{\"@id\":\"https:\/\/www.sonoraenequipo.com.mx\/#website\"},\"primaryImageOfPage\":{\"@id\":\"https:\/\/www.sonoraenequipo.com.mx\/sar-alcanza-la-plusvalia-mas-alta-en-la-historia-de-las-afores\/#primaryimage\"},\"image\":{\"@id\":\"https:\/\/www.sonoraenequipo.com.mx\/sar-alcanza-la-plusvalia-mas-alta-en-la-historia-de-las-afores\/#primaryimage\"},\"thumbnailUrl\":\"https:\/\/www.sonoraenequipo.com.mx\/storage\/2020\/05\/dinero-2605_opt.jpg\",\"datePublished\":\"2021-01-19T03:32:09+00:00\",\"description\":\"SAR alcanza la plusval\u00eda m\u00e1s alta en la historia de las AFORES &nbsp; CIUDAD DE M\u00c9XICO.\u2500 Igual que en a\u00f1os anteriores, AMAFORE inici\u00f3 sus actividades En Sonora en Equipo publicamos toda la informaci\u00f3n de Sonora, M\u00e9xico y el Mundo de manera oportuna y busca que la libertad de expresi\u00f3n sea real. Visita nuestro medio informativo publicado desde Hermosillo, Sonora. %\",\"breadcrumb\":{\"@id\":\"https:\/\/www.sonoraenequipo.com.mx\/sar-alcanza-la-plusvalia-mas-alta-en-la-historia-de-las-afores\/#breadcrumb\"},\"inLanguage\":\"es\",\"potentialAction\":[{\"@type\":\"ReadAction\",\"target\":[\"https:\/\/www.sonoraenequipo.com.mx\/sar-alcanza-la-plusvalia-mas-alta-en-la-historia-de-las-afores\/\"]}]},{\"@type\":\"ImageObject\",\"inLanguage\":\"es\",\"@id\":\"https:\/\/www.sonoraenequipo.com.mx\/sar-alcanza-la-plusvalia-mas-alta-en-la-historia-de-las-afores\/#primaryimage\",\"url\":\"https:\/\/www.sonoraenequipo.com.mx\/storage\/2020\/05\/dinero-2605_opt.jpg\",\"contentUrl\":\"https:\/\/www.sonoraenequipo.com.mx\/storage\/2020\/05\/dinero-2605_opt.jpg\",\"width\":598,\"height\":400},{\"@type\":\"BreadcrumbList\",\"@id\":\"https:\/\/www.sonoraenequipo.com.mx\/sar-alcanza-la-plusvalia-mas-alta-en-la-historia-de-las-afores\/#breadcrumb\",\"itemListElement\":[{\"@type\":\"ListItem\",\"position\":1,\"name\":\"Portada\",\"item\":\"https:\/\/www.sonoraenequipo.com.mx\/\"},{\"@type\":\"ListItem\",\"position\":2,\"name\":\"SAR alcanza la plusval\u00eda m\u00e1s alta en la historia de las AFORES\"}]},{\"@type\":\"WebSite\",\"@id\":\"https:\/\/www.sonoraenequipo.com.mx\/#website\",\"url\":\"https:\/\/www.sonoraenequipo.com.mx\/\",\"name\":\"Sonora en Equipo.\",\"description\":\"Diario en l\u00ednea con Noticias desde Hermosillo, Sonora\",\"publisher\":{\"@id\":\"https:\/\/www.sonoraenequipo.com.mx\/#organization\"},\"potentialAction\":[{\"@type\":\"SearchAction\",\"target\":{\"@type\":\"EntryPoint\",\"urlTemplate\":\"https:\/\/www.sonoraenequipo.com.mx\/?s={search_term_string}\"},\"query-input\":{\"@type\":\"PropertyValueSpecification\",\"valueRequired\":true,\"valueName\":\"search_term_string\"}}],\"inLanguage\":\"es\"},{\"@type\":\"Organization\",\"@id\":\"https:\/\/www.sonoraenequipo.com.mx\/#organization\",\"name\":\"Sonoraenequipo.com.mx\",\"url\":\"https:\/\/www.sonoraenequipo.com.mx\/\",\"logo\":{\"@type\":\"ImageObject\",\"inLanguage\":\"es\",\"@id\":\"https:\/\/www.sonoraenequipo.com.mx\/#\/schema\/logo\/image\/\",\"url\":\"https:\/\/www.sonoraenequipo.com.mx\/storage\/2019\/01\/sonoraenequipo_opt.png\",\"contentUrl\":\"https:\/\/www.sonoraenequipo.com.mx\/storage\/2019\/01\/sonoraenequipo_opt.png\",\"width\":375,\"height\":125,\"caption\":\"Sonoraenequipo.com.mx\"},\"image\":{\"@id\":\"https:\/\/www.sonoraenequipo.com.mx\/#\/schema\/logo\/image\/\"},\"sameAs\":[\"https:\/\/www.facebook.com\/SonoraEE\/\",\"https:\/\/x.com\/sonoraenequipo\",\"https:\/\/www.youtube.com\/channel\/UC338nW-lPEYmJQs4ZABQ1SQ\"]},{\"@type\":\"Person\",\"@id\":\"https:\/\/www.sonoraenequipo.com.mx\/#\/schema\/person\/50102df0fb23a8fa9e8effad8fa81386\",\"name\":\"enequipo\",\"image\":{\"@type\":\"ImageObject\",\"inLanguage\":\"es\",\"@id\":\"https:\/\/www.sonoraenequipo.com.mx\/#\/schema\/person\/image\/\",\"url\":\"https:\/\/secure.gravatar.com\/avatar\/049821681b589dabc0bc20695993ccebb09f5b5d4d790cd9251b97faac7c652b?s=96&d=blank&r=g\",\"contentUrl\":\"https:\/\/secure.gravatar.com\/avatar\/049821681b589dabc0bc20695993ccebb09f5b5d4d790cd9251b97faac7c652b?s=96&d=blank&r=g\",\"caption\":\"enequipo\"},\"sameAs\":[\"https:\/\/www.facebook.com\/SonoraEE\"]}]}<\/script>\n ","yoast_head_json":{"title":"Sonora en Equipo. SAR alcanza la plusval\u00eda m\u00e1s alta en la historia de las AFORES Rep\u00fablica","description":"SAR alcanza la plusval\u00eda m\u00e1s alta en la historia de las AFORES &nbsp; CIUDAD DE M\u00c9XICO.\u2500 Igual que en a\u00f1os anteriores, AMAFORE inici\u00f3 sus actividades En Sonora en Equipo publicamos toda la informaci\u00f3n de Sonora, M\u00e9xico y el Mundo de manera oportuna y busca que la libertad de expresi\u00f3n sea real. Visita nuestro medio informativo publicado desde Hermosillo, Sonora. %","robots":{"index":"index","follow":"follow","max-snippet":"max-snippet:-1","max-image-preview":"max-image-preview:large","max-video-preview":"max-video-preview:-1"},"canonical":"https:\/\/www.sonoraenequipo.com.mx\/sar-alcanza-la-plusvalia-mas-alta-en-la-historia-de-las-afores\/","og_locale":"es_ES","og_type":"article","og_title":"Sonora en Equipo. SAR alcanza la plusval\u00eda m\u00e1s alta en la historia de las AFORES Rep\u00fablica","og_description":"SAR alcanza la plusval\u00eda m\u00e1s alta en la historia de las AFORES &nbsp; CIUDAD DE M\u00c9XICO.\u2500 Igual que en a\u00f1os anteriores, AMAFORE inici\u00f3 sus actividades En Sonora en Equipo publicamos toda la informaci\u00f3n de Sonora, M\u00e9xico y el Mundo de manera oportuna y busca que la libertad de expresi\u00f3n sea real. Visita nuestro medio informativo publicado desde Hermosillo, Sonora. %","og_url":"https:\/\/www.sonoraenequipo.com.mx\/sar-alcanza-la-plusvalia-mas-alta-en-la-historia-de-las-afores\/","og_site_name":"Sonora en Equipo.","article_publisher":"https:\/\/www.facebook.com\/SonoraEE\/","article_author":"https:\/\/www.facebook.com\/SonoraEE","article_published_time":"2021-01-19T03:32:09+00:00","og_image":[{"width":598,"height":400,"url":"https:\/\/www.sonoraenequipo.com.mx\/storage\/2020\/05\/dinero-2605_opt.jpg","type":"image\/jpeg"}],"author":"enequipo","twitter_card":"summary_large_image","twitter_creator":"@sonoraenequipo","twitter_site":"@sonoraenequipo","twitter_misc":{"Escrito por":"enequipo","Tiempo de lectura":"3 minutos"},"schema":{"@context":"https:\/\/schema.org","@graph":[{"@type":"Article","@id":"https:\/\/www.sonoraenequipo.com.mx\/sar-alcanza-la-plusvalia-mas-alta-en-la-historia-de-las-afores\/#article","isPartOf":{"@id":"https:\/\/www.sonoraenequipo.com.mx\/sar-alcanza-la-plusvalia-mas-alta-en-la-historia-de-las-afores\/"},"author":{"name":"enequipo","@id":"https:\/\/www.sonoraenequipo.com.mx\/#\/schema\/person\/50102df0fb23a8fa9e8effad8fa81386"},"headline":"SAR alcanza la plusval\u00eda m\u00e1s alta en la historia de las AFORES","datePublished":"2021-01-19T03:32:09+00:00","mainEntityOfPage":{"@id":"https:\/\/www.sonoraenequipo.com.mx\/sar-alcanza-la-plusvalia-mas-alta-en-la-historia-de-las-afores\/"},"wordCount":668,"commentCount":0,"publisher":{"@id":"https:\/\/www.sonoraenequipo.com.mx\/#organization"},"image":{"@id":"https:\/\/www.sonoraenequipo.com.mx\/sar-alcanza-la-plusvalia-mas-alta-en-la-historia-de-las-afores\/#primaryimage"},"thumbnailUrl":"https:\/\/www.sonoraenequipo.com.mx\/storage\/2020\/05\/dinero-2605_opt.jpg","keywords":["econom\u00eda","mexico"],"articleSection":["Rep\u00fablica"],"inLanguage":"es","potentialAction":[{"@type":"CommentAction","name":"Comment","target":["https:\/\/www.sonoraenequipo.com.mx\/sar-alcanza-la-plusvalia-mas-alta-en-la-historia-de-las-afores\/#respond"]}]},{"@type":"WebPage","@id":"https:\/\/www.sonoraenequipo.com.mx\/sar-alcanza-la-plusvalia-mas-alta-en-la-historia-de-las-afores\/","url":"https:\/\/www.sonoraenequipo.com.mx\/sar-alcanza-la-plusvalia-mas-alta-en-la-historia-de-las-afores\/","name":"Sonora en Equipo. SAR alcanza la plusval\u00eda m\u00e1s alta en la historia de las AFORES Rep\u00fablica","isPartOf":{"@id":"https:\/\/www.sonoraenequipo.com.mx\/#website"},"primaryImageOfPage":{"@id":"https:\/\/www.sonoraenequipo.com.mx\/sar-alcanza-la-plusvalia-mas-alta-en-la-historia-de-las-afores\/#primaryimage"},"image":{"@id":"https:\/\/www.sonoraenequipo.com.mx\/sar-alcanza-la-plusvalia-mas-alta-en-la-historia-de-las-afores\/#primaryimage"},"thumbnailUrl":"https:\/\/www.sonoraenequipo.com.mx\/storage\/2020\/05\/dinero-2605_opt.jpg","datePublished":"2021-01-19T03:32:09+00:00","description":"SAR alcanza la plusval\u00eda m\u00e1s alta en la historia de las AFORES &nbsp; CIUDAD DE M\u00c9XICO.\u2500 Igual que en a\u00f1os anteriores, AMAFORE inici\u00f3 sus actividades En Sonora en Equipo publicamos toda la informaci\u00f3n de Sonora, M\u00e9xico y el Mundo de manera oportuna y busca que la libertad de expresi\u00f3n sea real. Visita nuestro medio informativo publicado desde Hermosillo, Sonora. %","breadcrumb":{"@id":"https:\/\/www.sonoraenequipo.com.mx\/sar-alcanza-la-plusvalia-mas-alta-en-la-historia-de-las-afores\/#breadcrumb"},"inLanguage":"es","potentialAction":[{"@type":"ReadAction","target":["https:\/\/www.sonoraenequipo.com.mx\/sar-alcanza-la-plusvalia-mas-alta-en-la-historia-de-las-afores\/"]}]},{"@type":"ImageObject","inLanguage":"es","@id":"https:\/\/www.sonoraenequipo.com.mx\/sar-alcanza-la-plusvalia-mas-alta-en-la-historia-de-las-afores\/#primaryimage","url":"https:\/\/www.sonoraenequipo.com.mx\/storage\/2020\/05\/dinero-2605_opt.jpg","contentUrl":"https:\/\/www.sonoraenequipo.com.mx\/storage\/2020\/05\/dinero-2605_opt.jpg","width":598,"height":400},{"@type":"BreadcrumbList","@id":"https:\/\/www.sonoraenequipo.com.mx\/sar-alcanza-la-plusvalia-mas-alta-en-la-historia-de-las-afores\/#breadcrumb","itemListElement":[{"@type":"ListItem","position":1,"name":"Portada","item":"https:\/\/www.sonoraenequipo.com.mx\/"},{"@type":"ListItem","position":2,"name":"SAR alcanza la plusval\u00eda m\u00e1s alta en la historia de las AFORES"}]},{"@type":"WebSite","@id":"https:\/\/www.sonoraenequipo.com.mx\/#website","url":"https:\/\/www.sonoraenequipo.com.mx\/","name":"Sonora en Equipo.","description":"Diario en l\u00ednea con Noticias desde Hermosillo, Sonora","publisher":{"@id":"https:\/\/www.sonoraenequipo.com.mx\/#organization"},"potentialAction":[{"@type":"SearchAction","target":{"@type":"EntryPoint","urlTemplate":"https:\/\/www.sonoraenequipo.com.mx\/?s={search_term_string}"},"query-input":{"@type":"PropertyValueSpecification","valueRequired":true,"valueName":"search_term_string"}}],"inLanguage":"es"},{"@type":"Organization","@id":"https:\/\/www.sonoraenequipo.com.mx\/#organization","name":"Sonoraenequipo.com.mx","url":"https:\/\/www.sonoraenequipo.com.mx\/","logo":{"@type":"ImageObject","inLanguage":"es","@id":"https:\/\/www.sonoraenequipo.com.mx\/#\/schema\/logo\/image\/","url":"https:\/\/www.sonoraenequipo.com.mx\/storage\/2019\/01\/sonoraenequipo_opt.png","contentUrl":"https:\/\/www.sonoraenequipo.com.mx\/storage\/2019\/01\/sonoraenequipo_opt.png","width":375,"height":125,"caption":"Sonoraenequipo.com.mx"},"image":{"@id":"https:\/\/www.sonoraenequipo.com.mx\/#\/schema\/logo\/image\/"},"sameAs":["https:\/\/www.facebook.com\/SonoraEE\/","https:\/\/x.com\/sonoraenequipo","https:\/\/www.youtube.com\/channel\/UC338nW-lPEYmJQs4ZABQ1SQ"]},{"@type":"Person","@id":"https:\/\/www.sonoraenequipo.com.mx\/#\/schema\/person\/50102df0fb23a8fa9e8effad8fa81386","name":"enequipo","image":{"@type":"ImageObject","inLanguage":"es","@id":"https:\/\/www.sonoraenequipo.com.mx\/#\/schema\/person\/image\/","url":"https:\/\/secure.gravatar.com\/avatar\/049821681b589dabc0bc20695993ccebb09f5b5d4d790cd9251b97faac7c652b?s=96&d=blank&r=g","contentUrl":"https:\/\/secure.gravatar.com\/avatar\/049821681b589dabc0bc20695993ccebb09f5b5d4d790cd9251b97faac7c652b?s=96&d=blank&r=g","caption":"enequipo"},"sameAs":["https:\/\/www.facebook.com\/SonoraEE"]}]}},"jetpack_featured_media_url":"https:\/\/www.sonoraenequipo.com.mx\/storage\/2020\/05\/dinero-2605_opt.jpg","_links":{"self":[{"href":"https:\/\/www.sonoraenequipo.com.mx\/api\/wp\/v2\/posts\/104940","targetHints":{"allow":["GET"]}}],"collection":[{"href":"https:\/\/www.sonoraenequipo.com.mx\/api\/wp\/v2\/posts"}],"about":[{"href":"https:\/\/www.sonoraenequipo.com.mx\/api\/wp\/v2\/types\/post"}],"author":[{"embeddable":true,"href":"https:\/\/www.sonoraenequipo.com.mx\/api\/wp\/v2\/users\/1"}],"replies":[{"embeddable":true,"href":"https:\/\/www.sonoraenequipo.com.mx\/api\/wp\/v2\/comments?post=104940"}],"version-history":[{"count":1,"href":"https:\/\/www.sonoraenequipo.com.mx\/api\/wp\/v2\/posts\/104940\/revisions"}],"predecessor-version":[{"id":104941,"href":"https:\/\/www.sonoraenequipo.com.mx\/api\/wp\/v2\/posts\/104940\/revisions\/104941"}],"wp:featuredmedia":[{"embeddable":true,"href":"https:\/\/www.sonoraenequipo.com.mx\/api\/wp\/v2\/media\/86091"}],"wp:attachment":[{"href":"https:\/\/www.sonoraenequipo.com.mx\/api\/wp\/v2\/media?parent=104940"}],"wp:term":[{"taxonomy":"category","embeddable":true,"href":"https:\/\/www.sonoraenequipo.com.mx\/api\/wp\/v2\/categories?post=104940"},{"taxonomy":"post_tag","embeddable":true,"href":"https:\/\/www.sonoraenequipo.com.mx\/api\/wp\/v2\/tags?post=104940"}],"curies":[{"name":"wp","href":"https:\/\/api.w.org\/{rel}","templated":true}]}}