{"id":104942,"date":"2021-01-18T20:42:50","date_gmt":"2021-01-19T03:42:50","guid":{"rendered":"https:\/\/www.sonoraenequipo.com.mx\/?p=104942"},"modified":"2021-01-18T20:42:50","modified_gmt":"2021-01-19T03:42:50","slug":"enero-18-registra-sonora-40-fallecimientos-mas-y-284-nuevos-casos","status":"publish","type":"post","link":"https:\/\/www.sonoraenequipo.com.mx\/enero-18-registra-sonora-40-fallecimientos-mas-y-284-nuevos-casos\/","title":{"rendered":"Enero 18: Registra Sonora 40 fallecimientos m\u00e1s y 284 nuevos casos"},"content":{"rendered":"<p>&nbsp;<\/p>\n<p><strong>&gt;&gt;Enero es un mes dif\u00edcil para los adultos mayores, requieren cuidados extremos: Enrique Clausen Iberri<\/strong><\/p>\n<p>&nbsp;<\/p>\n<p>HERMOSILLO, SONORA,MX.\u2500\u2500 Enero es un mes dif\u00edcil emocionalmente todos los a\u00f1os, y con los problemas que ha tra\u00eddo consigo la pandemia por COVID-19, ha aumentado la dificultad emocional en las personas, principalmente, en los adultos mayores, por eso es importante estar pendientes de ellos y utilizar las herramientas tecnol\u00f3gicas para estar cerca siempre, enfatiz\u00f3 Enrique Clausen Iberri.<\/p>\n<p>&nbsp;<\/p>\n<p>Tras confirmarse 40 fallecimientos m\u00e1s y 284 nuevos casos de la enfermedad, el secretario de Salud indic\u00f3 que el mes de enero es a\u00f1o con a\u00f1o peligroso emocionalmente, seg\u00fan los especialistas en salud mental, principalmente en los adultos mayores, por lo que pidi\u00f3 a la ciudadan\u00eda estar pendientes de ellos.<\/p>\n<p>&nbsp;<\/p>\n<p>\u201cNuestros abuelos tienen m\u00e1s de nueve meses sin salir de casa y muchos de ellos sin ver a sus hijos ni a sus nietos, es muy probable que a estas alturas, la soledad y la falta de contacto social est\u00e9n afectando su salud emocional. En la Secretar\u00eda de Salud tenemos a disposici\u00f3n la l\u00ednea 66 29 37 65 19 no duden en llamar para apoyar emocionalmente a los adultos mayores\u201d, expres\u00f3.<\/p>\n<p>&nbsp;<\/p>\n<p>Este lunes, 19 pacientes fueron dados de alta; hasta el momento 48 mil 816 personas se han recuperado en la entidad; tambi\u00e9n se confirmaron 40 decesos en 20 hombres y 20 mujeres, 27 de ellos residentes de Hermosillo; tres de Cajeme; tres de Caborca; dos de Navojoa; uno de Sahuaripa; uno de San Luis R\u00edo Colorado; uno de Hu\u00e9pac; uno de Agua Prieta y uno de Huatabampo, 25 de las personas fallecidas eran derechohabientes del IMSS; 12 del Isssteson y tres de la Secretar\u00eda de Salud, acumul\u00e1ndose 4 mil 534 defunciones.<\/p>\n<p>&nbsp;<\/p>\n<p>Este d\u00eda, se registraron 284 nuevos casos por COVID, en 156 mujeres y 128 hombres, para un total de 56 mil 674 casos en la entidad, 147 de los nuevos casos en residentes de Hermosillo; 35 de Cajeme; 34 de Caborca; 15 de San Luis R\u00edo Colorado; 12 de Nogales; 10 de Navojoa; siete de N\u00e1cori Chico; cinco de San Ignacio R\u00edo Muerto; cuatro de Huatabampo; tres de S\u00e1ric; dos de \u00c1lamos; dos de Cumpas; uno de Villa Pesqueira; uno de Bacad\u00e9huachi; uno de B\u00e1cum; uno de Granados; uno de Etchojoa; uno de Pitiquito; uno de Aconchi y uno de Agua Prieta.<\/p>\n<p>&nbsp;<\/p>\n<p>Hoy se confirmaron tres casos pedi\u00e1tricos, en tres ni\u00f1os, acumul\u00e1ndose mil 018 casos en total; se confirmaron dos casos en mujeres embarazadas, para un total de 412; 25 de los 284 casos ocurrieron en trabajadores de la salud de diversas instituciones.<\/p>\n<p>&nbsp;<\/p>\n<p>Al momento, se han realizado 104 mil 595 pruebas; se han confirmado 56 mil 674 casos y se han descartado 47 mil 921; 10 mil 095 casos con cuadros leves; dos mil 776 activos y siete mil 319 concluyeron su seguimiento; 41 mil 497 pacientes se han curado y 548 pacientes se encuentran hospitalizados, 210 de ellos estables, 238 graves y 100 cr\u00edticos.<\/p>\n<p>&nbsp;<\/p>\n<p>La Secretar\u00eda de Salud llam\u00f3 a la poblaci\u00f3n a actuar como si estuviera Sonora en rojo en el sem\u00e1foro epidemiol\u00f3gico nacional, y tomar una actitud preventiva.<\/p>\n<p>&nbsp;<\/p>\n<p>Casos COVID-19 en Sonora 56,674 casos confirmados y 4,534 defunciones<\/p>\n<p>&nbsp;<\/p>\n<p>Defunciones registradas el 18 de enero 2021: 40<\/p>\n<p>Fecha de publicaci\u00f3n 18\/ene\/2021<\/p>\n<p>&nbsp;<\/p>\n","protected":false},"excerpt":{"rendered":"<p>&nbsp; &gt;&gt;Enero es un mes dif\u00edcil para los adultos mayores, requieren cuidados extremos: Enrique Clausen&#8230;<\/p>\n","protected":false},"author":1,"featured_media":104943,"comment_status":"open","ping_status":"open","sticky":false,"template":"","format":"standard","meta":{"_monsterinsights_skip_tracking":false,"_monsterinsights_sitenote_active":false,"_monsterinsights_sitenote_note":"","_monsterinsights_sitenote_category":0,"footnotes":""},"categories":[1],"tags":[4249,15],"class_list":["post"],"yoast_head":" \n<title>Sonora en Equipo. Enero 18: Registra Sonora 40 fallecimientos m\u00e1s y 284 nuevos casos<\/title>\n<meta name=\"description\" content=\"&nbsp; &gt;&gt;Enero es un mes dif\u00edcil para los adultos mayores, requieren cuidados extremos: Enrique Clausen Iberri &nbsp; HERMOSILLO, SONORA,MX.\u2500\u2500 Enero En Sonora en Equipo publicamos toda la informaci\u00f3n de Sonora, M\u00e9xico y el Mundo de manera oportuna y busca que la libertad de expresi\u00f3n sea real. Visita nuestro medio informativo publicado desde Hermosillo, Sonora. %\" \/>\n<meta name=\"robots\" content=\"index, follow, max-snippet:-1, max-image-preview:large, max-video-preview:-1\" \/>\n<link rel=\"canonical\" href=\"https:\/\/www.sonoraenequipo.com.mx\/enero-18-registra-sonora-40-fallecimientos-mas-y-284-nuevos-casos\/\" \/>\n<meta property=\"og:locale\" content=\"es_ES\" \/>\n<meta property=\"og:type\" content=\"article\" \/>\n<meta property=\"og:title\" content=\"Sonora en Equipo. Enero 18: Registra Sonora 40 fallecimientos m\u00e1s y 284 nuevos casos\" \/>\n<meta property=\"og:description\" content=\"&nbsp; &gt;&gt;Enero es un mes dif\u00edcil para los adultos mayores, requieren cuidados extremos: Enrique Clausen Iberri &nbsp; HERMOSILLO, SONORA,MX.\u2500\u2500 Enero En Sonora en Equipo publicamos toda la informaci\u00f3n de Sonora, M\u00e9xico y el Mundo de manera oportuna y busca que la libertad de expresi\u00f3n sea real. Visita nuestro medio informativo publicado desde Hermosillo, Sonora. %\" \/>\n<meta property=\"og:url\" content=\"https:\/\/www.sonoraenequipo.com.mx\/enero-18-registra-sonora-40-fallecimientos-mas-y-284-nuevos-casos\/\" \/>\n<meta property=\"og:site_name\" content=\"Sonora en Equipo.\" \/>\n<meta property=\"article:publisher\" content=\"https:\/\/www.facebook.com\/SonoraEE\/\" \/>\n<meta property=\"article:author\" content=\"https:\/\/www.facebook.com\/SonoraEE\" \/>\n<meta property=\"article:published_time\" content=\"2021-01-19T03:42:50+00:00\" \/>\n<meta property=\"og:image\" content=\"https:\/\/www.sonoraenequipo.com.mx\/storage\/2021\/01\/adultos-mayores.jpg\" \/>\n\t<meta property=\"og:image:width\" content=\"500\" \/>\n\t<meta property=\"og:image:height\" content=\"342\" \/>\n\t<meta property=\"og:image:type\" content=\"image\/jpeg\" \/>\n<meta name=\"author\" content=\"enequipo\" \/>\n<meta name=\"twitter:card\" content=\"summary_large_image\" \/>\n<meta name=\"twitter:creator\" content=\"@sonoraenequipo\" \/>\n<meta name=\"twitter:site\" content=\"@sonoraenequipo\" \/>\n<meta name=\"twitter:label1\" content=\"Escrito por\" \/>\n\t<meta name=\"twitter:data1\" content=\"enequipo\" \/>\n\t<meta name=\"twitter:label2\" content=\"Tiempo de lectura\" \/>\n\t<meta name=\"twitter:data2\" content=\"3 minutos\" \/>\n<script type=\"application\/ld+json\" class=\"yoast-schema-graph\">{\"@context\":\"https:\/\/schema.org\",\"@graph\":[{\"@type\":\"Article\",\"@id\":\"https:\/\/www.sonoraenequipo.com.mx\/enero-18-registra-sonora-40-fallecimientos-mas-y-284-nuevos-casos\/#article\",\"isPartOf\":{\"@id\":\"https:\/\/www.sonoraenequipo.com.mx\/enero-18-registra-sonora-40-fallecimientos-mas-y-284-nuevos-casos\/\"},\"author\":{\"name\":\"enequipo\",\"@id\":\"https:\/\/www.sonoraenequipo.com.mx\/#\/schema\/person\/50102df0fb23a8fa9e8effad8fa81386\"},\"headline\":\"Enero 18: Registra Sonora 40 fallecimientos m\u00e1s y 284 nuevos casos\",\"datePublished\":\"2021-01-19T03:42:50+00:00\",\"mainEntityOfPage\":{\"@id\":\"https:\/\/www.sonoraenequipo.com.mx\/enero-18-registra-sonora-40-fallecimientos-mas-y-284-nuevos-casos\/\"},\"wordCount\":544,\"commentCount\":0,\"publisher\":{\"@id\":\"https:\/\/www.sonoraenequipo.com.mx\/#organization\"},\"image\":{\"@id\":\"https:\/\/www.sonoraenequipo.com.mx\/enero-18-registra-sonora-40-fallecimientos-mas-y-284-nuevos-casos\/#primaryimage\"},\"thumbnailUrl\":\"https:\/\/www.sonoraenequipo.com.mx\/storage\/2021\/01\/adultos-mayores.jpg\",\"keywords\":[\"covid\",\"Sonora\"],\"articleSection\":[\"Sin categorizar\"],\"inLanguage\":\"es\",\"potentialAction\":[{\"@type\":\"CommentAction\",\"name\":\"Comment\",\"target\":[\"https:\/\/www.sonoraenequipo.com.mx\/enero-18-registra-sonora-40-fallecimientos-mas-y-284-nuevos-casos\/#respond\"]}]},{\"@type\":\"WebPage\",\"@id\":\"https:\/\/www.sonoraenequipo.com.mx\/enero-18-registra-sonora-40-fallecimientos-mas-y-284-nuevos-casos\/\",\"url\":\"https:\/\/www.sonoraenequipo.com.mx\/enero-18-registra-sonora-40-fallecimientos-mas-y-284-nuevos-casos\/\",\"name\":\"Sonora en Equipo. Enero 18: Registra Sonora 40 fallecimientos m\u00e1s y 284 nuevos casos\",\"isPartOf\":{\"@id\":\"https:\/\/www.sonoraenequipo.com.mx\/#website\"},\"primaryImageOfPage\":{\"@id\":\"https:\/\/www.sonoraenequipo.com.mx\/enero-18-registra-sonora-40-fallecimientos-mas-y-284-nuevos-casos\/#primaryimage\"},\"image\":{\"@id\":\"https:\/\/www.sonoraenequipo.com.mx\/enero-18-registra-sonora-40-fallecimientos-mas-y-284-nuevos-casos\/#primaryimage\"},\"thumbnailUrl\":\"https:\/\/www.sonoraenequipo.com.mx\/storage\/2021\/01\/adultos-mayores.jpg\",\"datePublished\":\"2021-01-19T03:42:50+00:00\",\"description\":\"&nbsp; &gt;&gt;Enero es un mes dif\u00edcil para los adultos mayores, requieren cuidados extremos: Enrique Clausen Iberri &nbsp; HERMOSILLO, SONORA,MX.\u2500\u2500 Enero En Sonora en Equipo publicamos toda la informaci\u00f3n de Sonora, M\u00e9xico y el Mundo de manera oportuna y busca que la libertad de expresi\u00f3n sea real. Visita nuestro medio informativo publicado desde Hermosillo, Sonora. %\",\"breadcrumb\":{\"@id\":\"https:\/\/www.sonoraenequipo.com.mx\/enero-18-registra-sonora-40-fallecimientos-mas-y-284-nuevos-casos\/#breadcrumb\"},\"inLanguage\":\"es\",\"potentialAction\":[{\"@type\":\"ReadAction\",\"target\":[\"https:\/\/www.sonoraenequipo.com.mx\/enero-18-registra-sonora-40-fallecimientos-mas-y-284-nuevos-casos\/\"]}]},{\"@type\":\"ImageObject\",\"inLanguage\":\"es\",\"@id\":\"https:\/\/www.sonoraenequipo.com.mx\/enero-18-registra-sonora-40-fallecimientos-mas-y-284-nuevos-casos\/#primaryimage\",\"url\":\"https:\/\/www.sonoraenequipo.com.mx\/storage\/2021\/01\/adultos-mayores.jpg\",\"contentUrl\":\"https:\/\/www.sonoraenequipo.com.mx\/storage\/2021\/01\/adultos-mayores.jpg\",\"width\":500,\"height\":342},{\"@type\":\"BreadcrumbList\",\"@id\":\"https:\/\/www.sonoraenequipo.com.mx\/enero-18-registra-sonora-40-fallecimientos-mas-y-284-nuevos-casos\/#breadcrumb\",\"itemListElement\":[{\"@type\":\"ListItem\",\"position\":1,\"name\":\"Portada\",\"item\":\"https:\/\/www.sonoraenequipo.com.mx\/\"},{\"@type\":\"ListItem\",\"position\":2,\"name\":\"Enero 18: Registra Sonora 40 fallecimientos m\u00e1s y 284 nuevos casos\"}]},{\"@type\":\"WebSite\",\"@id\":\"https:\/\/www.sonoraenequipo.com.mx\/#website\",\"url\":\"https:\/\/www.sonoraenequipo.com.mx\/\",\"name\":\"Sonora en Equipo.\",\"description\":\"Diario en l\u00ednea con Noticias desde Hermosillo, Sonora\",\"publisher\":{\"@id\":\"https:\/\/www.sonoraenequipo.com.mx\/#organization\"},\"potentialAction\":[{\"@type\":\"SearchAction\",\"target\":{\"@type\":\"EntryPoint\",\"urlTemplate\":\"https:\/\/www.sonoraenequipo.com.mx\/?s={search_term_string}\"},\"query-input\":{\"@type\":\"PropertyValueSpecification\",\"valueRequired\":true,\"valueName\":\"search_term_string\"}}],\"inLanguage\":\"es\"},{\"@type\":\"Organization\",\"@id\":\"https:\/\/www.sonoraenequipo.com.mx\/#organization\",\"name\":\"Sonoraenequipo.com.mx\",\"url\":\"https:\/\/www.sonoraenequipo.com.mx\/\",\"logo\":{\"@type\":\"ImageObject\",\"inLanguage\":\"es\",\"@id\":\"https:\/\/www.sonoraenequipo.com.mx\/#\/schema\/logo\/image\/\",\"url\":\"https:\/\/www.sonoraenequipo.com.mx\/storage\/2019\/01\/sonoraenequipo_opt.png\",\"contentUrl\":\"https:\/\/www.sonoraenequipo.com.mx\/storage\/2019\/01\/sonoraenequipo_opt.png\",\"width\":375,\"height\":125,\"caption\":\"Sonoraenequipo.com.mx\"},\"image\":{\"@id\":\"https:\/\/www.sonoraenequipo.com.mx\/#\/schema\/logo\/image\/\"},\"sameAs\":[\"https:\/\/www.facebook.com\/SonoraEE\/\",\"https:\/\/x.com\/sonoraenequipo\",\"https:\/\/www.youtube.com\/channel\/UC338nW-lPEYmJQs4ZABQ1SQ\"]},{\"@type\":\"Person\",\"@id\":\"https:\/\/www.sonoraenequipo.com.mx\/#\/schema\/person\/50102df0fb23a8fa9e8effad8fa81386\",\"name\":\"enequipo\",\"image\":{\"@type\":\"ImageObject\",\"inLanguage\":\"es\",\"@id\":\"https:\/\/www.sonoraenequipo.com.mx\/#\/schema\/person\/image\/\",\"url\":\"https:\/\/secure.gravatar.com\/avatar\/049821681b589dabc0bc20695993ccebb09f5b5d4d790cd9251b97faac7c652b?s=96&d=blank&r=g\",\"contentUrl\":\"https:\/\/secure.gravatar.com\/avatar\/049821681b589dabc0bc20695993ccebb09f5b5d4d790cd9251b97faac7c652b?s=96&d=blank&r=g\",\"caption\":\"enequipo\"},\"sameAs\":[\"https:\/\/www.facebook.com\/SonoraEE\"]}]}<\/script>\n ","yoast_head_json":{"title":"Sonora en Equipo. Enero 18: Registra Sonora 40 fallecimientos m\u00e1s y 284 nuevos casos","description":"&nbsp; &gt;&gt;Enero es un mes dif\u00edcil para los adultos mayores, requieren cuidados extremos: Enrique Clausen Iberri &nbsp; HERMOSILLO, SONORA,MX.\u2500\u2500 Enero En Sonora en Equipo publicamos toda la informaci\u00f3n de Sonora, M\u00e9xico y el Mundo de manera oportuna y busca que la libertad de expresi\u00f3n sea real. Visita nuestro medio informativo publicado desde Hermosillo, Sonora. %","robots":{"index":"index","follow":"follow","max-snippet":"max-snippet:-1","max-image-preview":"max-image-preview:large","max-video-preview":"max-video-preview:-1"},"canonical":"https:\/\/www.sonoraenequipo.com.mx\/enero-18-registra-sonora-40-fallecimientos-mas-y-284-nuevos-casos\/","og_locale":"es_ES","og_type":"article","og_title":"Sonora en Equipo. Enero 18: Registra Sonora 40 fallecimientos m\u00e1s y 284 nuevos casos","og_description":"&nbsp; &gt;&gt;Enero es un mes dif\u00edcil para los adultos mayores, requieren cuidados extremos: Enrique Clausen Iberri &nbsp; HERMOSILLO, SONORA,MX.\u2500\u2500 Enero En Sonora en Equipo publicamos toda la informaci\u00f3n de Sonora, M\u00e9xico y el Mundo de manera oportuna y busca que la libertad de expresi\u00f3n sea real. Visita nuestro medio informativo publicado desde Hermosillo, Sonora. %","og_url":"https:\/\/www.sonoraenequipo.com.mx\/enero-18-registra-sonora-40-fallecimientos-mas-y-284-nuevos-casos\/","og_site_name":"Sonora en Equipo.","article_publisher":"https:\/\/www.facebook.com\/SonoraEE\/","article_author":"https:\/\/www.facebook.com\/SonoraEE","article_published_time":"2021-01-19T03:42:50+00:00","og_image":[{"width":500,"height":342,"url":"https:\/\/www.sonoraenequipo.com.mx\/storage\/2021\/01\/adultos-mayores.jpg","type":"image\/jpeg"}],"author":"enequipo","twitter_card":"summary_large_image","twitter_creator":"@sonoraenequipo","twitter_site":"@sonoraenequipo","twitter_misc":{"Escrito por":"enequipo","Tiempo de lectura":"3 minutos"},"schema":{"@context":"https:\/\/schema.org","@graph":[{"@type":"Article","@id":"https:\/\/www.sonoraenequipo.com.mx\/enero-18-registra-sonora-40-fallecimientos-mas-y-284-nuevos-casos\/#article","isPartOf":{"@id":"https:\/\/www.sonoraenequipo.com.mx\/enero-18-registra-sonora-40-fallecimientos-mas-y-284-nuevos-casos\/"},"author":{"name":"enequipo","@id":"https:\/\/www.sonoraenequipo.com.mx\/#\/schema\/person\/50102df0fb23a8fa9e8effad8fa81386"},"headline":"Enero 18: Registra Sonora 40 fallecimientos m\u00e1s y 284 nuevos casos","datePublished":"2021-01-19T03:42:50+00:00","mainEntityOfPage":{"@id":"https:\/\/www.sonoraenequipo.com.mx\/enero-18-registra-sonora-40-fallecimientos-mas-y-284-nuevos-casos\/"},"wordCount":544,"commentCount":0,"publisher":{"@id":"https:\/\/www.sonoraenequipo.com.mx\/#organization"},"image":{"@id":"https:\/\/www.sonoraenequipo.com.mx\/enero-18-registra-sonora-40-fallecimientos-mas-y-284-nuevos-casos\/#primaryimage"},"thumbnailUrl":"https:\/\/www.sonoraenequipo.com.mx\/storage\/2021\/01\/adultos-mayores.jpg","keywords":["covid","Sonora"],"articleSection":["Sin categorizar"],"inLanguage":"es","potentialAction":[{"@type":"CommentAction","name":"Comment","target":["https:\/\/www.sonoraenequipo.com.mx\/enero-18-registra-sonora-40-fallecimientos-mas-y-284-nuevos-casos\/#respond"]}]},{"@type":"WebPage","@id":"https:\/\/www.sonoraenequipo.com.mx\/enero-18-registra-sonora-40-fallecimientos-mas-y-284-nuevos-casos\/","url":"https:\/\/www.sonoraenequipo.com.mx\/enero-18-registra-sonora-40-fallecimientos-mas-y-284-nuevos-casos\/","name":"Sonora en Equipo. Enero 18: Registra Sonora 40 fallecimientos m\u00e1s y 284 nuevos casos","isPartOf":{"@id":"https:\/\/www.sonoraenequipo.com.mx\/#website"},"primaryImageOfPage":{"@id":"https:\/\/www.sonoraenequipo.com.mx\/enero-18-registra-sonora-40-fallecimientos-mas-y-284-nuevos-casos\/#primaryimage"},"image":{"@id":"https:\/\/www.sonoraenequipo.com.mx\/enero-18-registra-sonora-40-fallecimientos-mas-y-284-nuevos-casos\/#primaryimage"},"thumbnailUrl":"https:\/\/www.sonoraenequipo.com.mx\/storage\/2021\/01\/adultos-mayores.jpg","datePublished":"2021-01-19T03:42:50+00:00","description":"&nbsp; &gt;&gt;Enero es un mes dif\u00edcil para los adultos mayores, requieren cuidados extremos: Enrique Clausen Iberri &nbsp; HERMOSILLO, SONORA,MX.\u2500\u2500 Enero En Sonora en Equipo publicamos toda la informaci\u00f3n de Sonora, M\u00e9xico y el Mundo de manera oportuna y busca que la libertad de expresi\u00f3n sea real. Visita nuestro medio informativo publicado desde Hermosillo, Sonora. %","breadcrumb":{"@id":"https:\/\/www.sonoraenequipo.com.mx\/enero-18-registra-sonora-40-fallecimientos-mas-y-284-nuevos-casos\/#breadcrumb"},"inLanguage":"es","potentialAction":[{"@type":"ReadAction","target":["https:\/\/www.sonoraenequipo.com.mx\/enero-18-registra-sonora-40-fallecimientos-mas-y-284-nuevos-casos\/"]}]},{"@type":"ImageObject","inLanguage":"es","@id":"https:\/\/www.sonoraenequipo.com.mx\/enero-18-registra-sonora-40-fallecimientos-mas-y-284-nuevos-casos\/#primaryimage","url":"https:\/\/www.sonoraenequipo.com.mx\/storage\/2021\/01\/adultos-mayores.jpg","contentUrl":"https:\/\/www.sonoraenequipo.com.mx\/storage\/2021\/01\/adultos-mayores.jpg","width":500,"height":342},{"@type":"BreadcrumbList","@id":"https:\/\/www.sonoraenequipo.com.mx\/enero-18-registra-sonora-40-fallecimientos-mas-y-284-nuevos-casos\/#breadcrumb","itemListElement":[{"@type":"ListItem","position":1,"name":"Portada","item":"https:\/\/www.sonoraenequipo.com.mx\/"},{"@type":"ListItem","position":2,"name":"Enero 18: Registra Sonora 40 fallecimientos m\u00e1s y 284 nuevos casos"}]},{"@type":"WebSite","@id":"https:\/\/www.sonoraenequipo.com.mx\/#website","url":"https:\/\/www.sonoraenequipo.com.mx\/","name":"Sonora en Equipo.","description":"Diario en l\u00ednea con Noticias desde Hermosillo, Sonora","publisher":{"@id":"https:\/\/www.sonoraenequipo.com.mx\/#organization"},"potentialAction":[{"@type":"SearchAction","target":{"@type":"EntryPoint","urlTemplate":"https:\/\/www.sonoraenequipo.com.mx\/?s={search_term_string}"},"query-input":{"@type":"PropertyValueSpecification","valueRequired":true,"valueName":"search_term_string"}}],"inLanguage":"es"},{"@type":"Organization","@id":"https:\/\/www.sonoraenequipo.com.mx\/#organization","name":"Sonoraenequipo.com.mx","url":"https:\/\/www.sonoraenequipo.com.mx\/","logo":{"@type":"ImageObject","inLanguage":"es","@id":"https:\/\/www.sonoraenequipo.com.mx\/#\/schema\/logo\/image\/","url":"https:\/\/www.sonoraenequipo.com.mx\/storage\/2019\/01\/sonoraenequipo_opt.png","contentUrl":"https:\/\/www.sonoraenequipo.com.mx\/storage\/2019\/01\/sonoraenequipo_opt.png","width":375,"height":125,"caption":"Sonoraenequipo.com.mx"},"image":{"@id":"https:\/\/www.sonoraenequipo.com.mx\/#\/schema\/logo\/image\/"},"sameAs":["https:\/\/www.facebook.com\/SonoraEE\/","https:\/\/x.com\/sonoraenequipo","https:\/\/www.youtube.com\/channel\/UC338nW-lPEYmJQs4ZABQ1SQ"]},{"@type":"Person","@id":"https:\/\/www.sonoraenequipo.com.mx\/#\/schema\/person\/50102df0fb23a8fa9e8effad8fa81386","name":"enequipo","image":{"@type":"ImageObject","inLanguage":"es","@id":"https:\/\/www.sonoraenequipo.com.mx\/#\/schema\/person\/image\/","url":"https:\/\/secure.gravatar.com\/avatar\/049821681b589dabc0bc20695993ccebb09f5b5d4d790cd9251b97faac7c652b?s=96&d=blank&r=g","contentUrl":"https:\/\/secure.gravatar.com\/avatar\/049821681b589dabc0bc20695993ccebb09f5b5d4d790cd9251b97faac7c652b?s=96&d=blank&r=g","caption":"enequipo"},"sameAs":["https:\/\/www.facebook.com\/SonoraEE"]}]}},"jetpack_featured_media_url":"https:\/\/www.sonoraenequipo.com.mx\/storage\/2021\/01\/adultos-mayores.jpg","_links":{"self":[{"href":"https:\/\/www.sonoraenequipo.com.mx\/api\/wp\/v2\/posts\/104942","targetHints":{"allow":["GET"]}}],"collection":[{"href":"https:\/\/www.sonoraenequipo.com.mx\/api\/wp\/v2\/posts"}],"about":[{"href":"https:\/\/www.sonoraenequipo.com.mx\/api\/wp\/v2\/types\/post"}],"author":[{"embeddable":true,"href":"https:\/\/www.sonoraenequipo.com.mx\/api\/wp\/v2\/users\/1"}],"replies":[{"embeddable":true,"href":"https:\/\/www.sonoraenequipo.com.mx\/api\/wp\/v2\/comments?post=104942"}],"version-history":[{"count":1,"href":"https:\/\/www.sonoraenequipo.com.mx\/api\/wp\/v2\/posts\/104942\/revisions"}],"predecessor-version":[{"id":104944,"href":"https:\/\/www.sonoraenequipo.com.mx\/api\/wp\/v2\/posts\/104942\/revisions\/104944"}],"wp:featuredmedia":[{"embeddable":true,"href":"https:\/\/www.sonoraenequipo.com.mx\/api\/wp\/v2\/media\/104943"}],"wp:attachment":[{"href":"https:\/\/www.sonoraenequipo.com.mx\/api\/wp\/v2\/media?parent=104942"}],"wp:term":[{"taxonomy":"category","embeddable":true,"href":"https:\/\/www.sonoraenequipo.com.mx\/api\/wp\/v2\/categories?post=104942"},{"taxonomy":"post_tag","embeddable":true,"href":"https:\/\/www.sonoraenequipo.com.mx\/api\/wp\/v2\/tags?post=104942"}],"curies":[{"name":"wp","href":"https:\/\/api.w.org\/{rel}","templated":true}]}}