{"id":104949,"date":"2021-01-18T21:00:05","date_gmt":"2021-01-19T04:00:05","guid":{"rendered":"https:\/\/www.sonoraenequipo.com.mx\/?p=104949"},"modified":"2021-01-19T11:58:59","modified_gmt":"2021-01-19T18:58:59","slug":"se-retrasaran-proximos-tres-embarques-de-vacuna-covid-de-pfizer-lopez-gatell","status":"publish","type":"post","link":"https:\/\/www.sonoraenequipo.com.mx\/se-retrasaran-proximos-tres-embarques-de-vacuna-covid-de-pfizer-lopez-gatell\/","title":{"rendered":"Se retrasar\u00e1n pr\u00f3ximos tres embarques de vacuna COVID de Pfizer: L\u00f3pez-Gatell"},"content":{"rendered":"<p>CIUAD DE M\u00c9XICO. MX. \u2014 Hugo L\u00f3pez-Gatell, subsecretario de Salud, dio a conocer, la noche del lunes 18 de enero de 2021, la actualidad de la distribuci\u00f3n de la vacuna COVID de Pfizer en el pa\u00eds, al se\u00f1alar que los pr\u00f3ximos tres embarques se retrasar\u00e1n, siendo hasta el 15 de febrero que podr\u00edan regularizarse.<\/p>\n<p>&nbsp;<\/p>\n<p> <\/p>\n<p>&nbsp;<\/p>\n<p>Lo anterior lo comparti\u00f3 durante su intervenci\u00f3n en la conferencia de salud realizada en Palacio Nacional, en donde brind\u00f3 detalles de la nueva calendarizaci\u00f3n, as\u00ed como las razones por las que se producir\u00e1 este retraso.<\/p>\n<p>&nbsp;<\/p>\n<p>Se\u00f1al\u00f3 que el primer embarque que se ver\u00e1 afectado ser\u00e1 el del martes 19 de enero, pues se recibir\u00e1 la mitad de las vacunas proyectadas.<\/p>\n<p>&nbsp;<\/p>\n<p><em>\u201cLa consecuencia sobre el embarque que estaba programado para ma\u00f1ana, y que sigue programado, iba a ser un embarque semejante al de la semana pasada de 439 mil 725 dosis y ha sido adaptado 50% menos y vamos a tener 219 mil 350 dosis. Estas llegar\u00e1n al Aeropuerto Internacional de la Ciudad de M\u00e9xico y al Aeropuerto de Monterrey\u201d<\/em>, se\u00f1al\u00f3.<\/p>\n<p>&nbsp;<\/p>\n<p>A continuaci\u00f3n comparti\u00f3 que ese ser\u00e1 el \u00faltimo env\u00edo de vacunas de Pfizer que se har\u00e1 en el transcurso del mes de enero y ser\u00e1n retomados el 15 de febrero.<\/p>\n<p>&nbsp;<\/p>\n<p><em>\u201cEn este momento tenemos una reducci\u00f3n del 50% y tendremos un diferimiento hasta el 15 de febrero. Los embarques que estaban programados para el 25 de enero, el 2 de febrero y el 9 de febrero no llegar\u00e1n y llegar\u00e1n 15 febrero, habr\u00e1 una reposici\u00f3n, es decir, no perdemos vacuna, simplemente se retrasa\u201d,<\/em> aclar\u00f3.<\/p>\n<p>&nbsp;<\/p>\n<p>&nbsp;<\/p>\n<p>A pesar de este retraso, las autoridades de Salud compartieron que el martes 19 e enero de 2021 brindar\u00e1n una actualizaci\u00f3n sobre el suministro del resto de las vacunas aprobadas por Cofepris.<\/p>\n<p>&nbsp;<\/p>\n<p>&nbsp;<\/p>\n<p>Las razones por la que M\u00e9xico y varios pa\u00edses registrar\u00e1n un retraso en la entrega de dosis de Pfizer se debe a los trabajos que realizar\u00e1 la farmac\u00e9utica en su planta de B\u00e9lgica con el fin de ampliar su capacidad de producci\u00f3n y as\u00ed atender las peticiones de la Organizaci\u00f3n de las Naciones Unidas con el prop\u00f3sito de beneficiar a las naciones que no cuentan con presupuesto para adquirir sus propias dosis.<\/p>\n<p>&nbsp;<\/p>\n<p>(Publicada el 18\/01\/2021 \/Con informaci\u00f3n de la Secretar\u00eda de Salud)<\/p>\n","protected":false},"excerpt":{"rendered":"<p>CIUAD DE M\u00c9XICO. MX. \u2014 Hugo L\u00f3pez-Gatell, subsecretario de Salud, dio a conocer, la noche&#8230;<\/p>\n","protected":false},"author":1,"featured_media":104950,"comment_status":"open","ping_status":"open","sticky":false,"template":"","format":"standard","meta":{"_monsterinsights_skip_tracking":false,"_monsterinsights_sitenote_active":false,"_monsterinsights_sitenote_note":"","_monsterinsights_sitenote_category":0,"footnotes":""},"categories":[5],"tags":[],"class_list":["post"],"yoast_head":" \n<title>Sonora en Equipo. Se retrasar\u00e1n pr\u00f3ximos tres embarques de vacuna COVID de Pfizer: L\u00f3pez-Gatell Rep\u00fablica<\/title>\n<meta name=\"description\" content=\"CIUAD DE M\u00c9XICO. MX. \u2014 Hugo L\u00f3pez-Gatell, subsecretario de Salud, dio a conocer, la noche del lunes 18 de enero de 2021, la actualidad de la distribuci\u00f3n En Sonora en Equipo publicamos toda la informaci\u00f3n de Sonora, M\u00e9xico y el Mundo de manera oportuna y busca que la libertad de expresi\u00f3n sea real. Visita nuestro medio informativo publicado desde Hermosillo, Sonora. %\" \/>\n<meta name=\"robots\" content=\"index, follow, max-snippet:-1, max-image-preview:large, max-video-preview:-1\" \/>\n<link rel=\"canonical\" href=\"https:\/\/www.sonoraenequipo.com.mx\/se-retrasaran-proximos-tres-embarques-de-vacuna-covid-de-pfizer-lopez-gatell\/\" \/>\n<meta property=\"og:locale\" content=\"es_ES\" \/>\n<meta property=\"og:type\" content=\"article\" \/>\n<meta property=\"og:title\" content=\"Sonora en Equipo. Se retrasar\u00e1n pr\u00f3ximos tres embarques de vacuna COVID de Pfizer: L\u00f3pez-Gatell Rep\u00fablica\" \/>\n<meta property=\"og:description\" content=\"CIUAD DE M\u00c9XICO. MX. \u2014 Hugo L\u00f3pez-Gatell, subsecretario de Salud, dio a conocer, la noche del lunes 18 de enero de 2021, la actualidad de la distribuci\u00f3n En Sonora en Equipo publicamos toda la informaci\u00f3n de Sonora, M\u00e9xico y el Mundo de manera oportuna y busca que la libertad de expresi\u00f3n sea real. Visita nuestro medio informativo publicado desde Hermosillo, Sonora. %\" \/>\n<meta property=\"og:url\" content=\"https:\/\/www.sonoraenequipo.com.mx\/se-retrasaran-proximos-tres-embarques-de-vacuna-covid-de-pfizer-lopez-gatell\/\" \/>\n<meta property=\"og:site_name\" content=\"Sonora en Equipo.\" \/>\n<meta property=\"article:publisher\" content=\"https:\/\/www.facebook.com\/SonoraEE\/\" \/>\n<meta property=\"article:author\" content=\"https:\/\/www.facebook.com\/SonoraEE\" \/>\n<meta property=\"article:published_time\" content=\"2021-01-19T04:00:05+00:00\" \/>\n<meta property=\"article:modified_time\" content=\"2021-01-19T18:58:59+00:00\" \/>\n<meta property=\"og:image\" content=\"https:\/\/www.sonoraenequipo.com.mx\/storage\/2021\/01\/DHL-vacunas_opt.jpg\" \/>\n\t<meta property=\"og:image:width\" content=\"680\" \/>\n\t<meta property=\"og:image:height\" content=\"358\" \/>\n\t<meta property=\"og:image:type\" content=\"image\/jpeg\" \/>\n<meta name=\"author\" content=\"enequipo\" \/>\n<meta name=\"twitter:card\" content=\"summary_large_image\" \/>\n<meta name=\"twitter:creator\" content=\"@sonoraenequipo\" \/>\n<meta name=\"twitter:site\" content=\"@sonoraenequipo\" \/>\n<meta name=\"twitter:label1\" content=\"Escrito por\" \/>\n\t<meta name=\"twitter:data1\" content=\"enequipo\" \/>\n\t<meta name=\"twitter:label2\" content=\"Tiempo de lectura\" \/>\n\t<meta name=\"twitter:data2\" content=\"2 minutos\" \/>\n<script type=\"application\/ld+json\" class=\"yoast-schema-graph\">{\"@context\":\"https:\/\/schema.org\",\"@graph\":[{\"@type\":\"Article\",\"@id\":\"https:\/\/www.sonoraenequipo.com.mx\/se-retrasaran-proximos-tres-embarques-de-vacuna-covid-de-pfizer-lopez-gatell\/#article\",\"isPartOf\":{\"@id\":\"https:\/\/www.sonoraenequipo.com.mx\/se-retrasaran-proximos-tres-embarques-de-vacuna-covid-de-pfizer-lopez-gatell\/\"},\"author\":{\"name\":\"enequipo\",\"@id\":\"https:\/\/www.sonoraenequipo.com.mx\/#\/schema\/person\/50102df0fb23a8fa9e8effad8fa81386\"},\"headline\":\"Se retrasar\u00e1n pr\u00f3ximos tres embarques de vacuna COVID de Pfizer: L\u00f3pez-Gatell\",\"datePublished\":\"2021-01-19T04:00:05+00:00\",\"dateModified\":\"2021-01-19T18:58:59+00:00\",\"mainEntityOfPage\":{\"@id\":\"https:\/\/www.sonoraenequipo.com.mx\/se-retrasaran-proximos-tres-embarques-de-vacuna-covid-de-pfizer-lopez-gatell\/\"},\"wordCount\":411,\"commentCount\":0,\"publisher\":{\"@id\":\"https:\/\/www.sonoraenequipo.com.mx\/#organization\"},\"image\":{\"@id\":\"https:\/\/www.sonoraenequipo.com.mx\/se-retrasaran-proximos-tres-embarques-de-vacuna-covid-de-pfizer-lopez-gatell\/#primaryimage\"},\"thumbnailUrl\":\"https:\/\/www.sonoraenequipo.com.mx\/storage\/2021\/01\/DHL-vacunas_opt.jpg\",\"articleSection\":[\"Rep\u00fablica\"],\"inLanguage\":\"es\",\"potentialAction\":[{\"@type\":\"CommentAction\",\"name\":\"Comment\",\"target\":[\"https:\/\/www.sonoraenequipo.com.mx\/se-retrasaran-proximos-tres-embarques-de-vacuna-covid-de-pfizer-lopez-gatell\/#respond\"]}]},{\"@type\":\"WebPage\",\"@id\":\"https:\/\/www.sonoraenequipo.com.mx\/se-retrasaran-proximos-tres-embarques-de-vacuna-covid-de-pfizer-lopez-gatell\/\",\"url\":\"https:\/\/www.sonoraenequipo.com.mx\/se-retrasaran-proximos-tres-embarques-de-vacuna-covid-de-pfizer-lopez-gatell\/\",\"name\":\"Sonora en Equipo. Se retrasar\u00e1n pr\u00f3ximos tres embarques de vacuna COVID de Pfizer: L\u00f3pez-Gatell Rep\u00fablica\",\"isPartOf\":{\"@id\":\"https:\/\/www.sonoraenequipo.com.mx\/#website\"},\"primaryImageOfPage\":{\"@id\":\"https:\/\/www.sonoraenequipo.com.mx\/se-retrasaran-proximos-tres-embarques-de-vacuna-covid-de-pfizer-lopez-gatell\/#primaryimage\"},\"image\":{\"@id\":\"https:\/\/www.sonoraenequipo.com.mx\/se-retrasaran-proximos-tres-embarques-de-vacuna-covid-de-pfizer-lopez-gatell\/#primaryimage\"},\"thumbnailUrl\":\"https:\/\/www.sonoraenequipo.com.mx\/storage\/2021\/01\/DHL-vacunas_opt.jpg\",\"datePublished\":\"2021-01-19T04:00:05+00:00\",\"dateModified\":\"2021-01-19T18:58:59+00:00\",\"description\":\"CIUAD DE M\u00c9XICO. MX. \u2014 Hugo L\u00f3pez-Gatell, subsecretario de Salud, dio a conocer, la noche del lunes 18 de enero de 2021, la actualidad de la distribuci\u00f3n En Sonora en Equipo publicamos toda la informaci\u00f3n de Sonora, M\u00e9xico y el Mundo de manera oportuna y busca que la libertad de expresi\u00f3n sea real. Visita nuestro medio informativo publicado desde Hermosillo, Sonora. %\",\"breadcrumb\":{\"@id\":\"https:\/\/www.sonoraenequipo.com.mx\/se-retrasaran-proximos-tres-embarques-de-vacuna-covid-de-pfizer-lopez-gatell\/#breadcrumb\"},\"inLanguage\":\"es\",\"potentialAction\":[{\"@type\":\"ReadAction\",\"target\":[\"https:\/\/www.sonoraenequipo.com.mx\/se-retrasaran-proximos-tres-embarques-de-vacuna-covid-de-pfizer-lopez-gatell\/\"]}]},{\"@type\":\"ImageObject\",\"inLanguage\":\"es\",\"@id\":\"https:\/\/www.sonoraenequipo.com.mx\/se-retrasaran-proximos-tres-embarques-de-vacuna-covid-de-pfizer-lopez-gatell\/#primaryimage\",\"url\":\"https:\/\/www.sonoraenequipo.com.mx\/storage\/2021\/01\/DHL-vacunas_opt.jpg\",\"contentUrl\":\"https:\/\/www.sonoraenequipo.com.mx\/storage\/2021\/01\/DHL-vacunas_opt.jpg\",\"width\":680,\"height\":358},{\"@type\":\"BreadcrumbList\",\"@id\":\"https:\/\/www.sonoraenequipo.com.mx\/se-retrasaran-proximos-tres-embarques-de-vacuna-covid-de-pfizer-lopez-gatell\/#breadcrumb\",\"itemListElement\":[{\"@type\":\"ListItem\",\"position\":1,\"name\":\"Portada\",\"item\":\"https:\/\/www.sonoraenequipo.com.mx\/\"},{\"@type\":\"ListItem\",\"position\":2,\"name\":\"Se retrasar\u00e1n pr\u00f3ximos tres embarques de vacuna COVID de Pfizer: L\u00f3pez-Gatell\"}]},{\"@type\":\"WebSite\",\"@id\":\"https:\/\/www.sonoraenequipo.com.mx\/#website\",\"url\":\"https:\/\/www.sonoraenequipo.com.mx\/\",\"name\":\"Sonora en Equipo.\",\"description\":\"Diario en l\u00ednea con Noticias desde Hermosillo, Sonora\",\"publisher\":{\"@id\":\"https:\/\/www.sonoraenequipo.com.mx\/#organization\"},\"potentialAction\":[{\"@type\":\"SearchAction\",\"target\":{\"@type\":\"EntryPoint\",\"urlTemplate\":\"https:\/\/www.sonoraenequipo.com.mx\/?s={search_term_string}\"},\"query-input\":{\"@type\":\"PropertyValueSpecification\",\"valueRequired\":true,\"valueName\":\"search_term_string\"}}],\"inLanguage\":\"es\"},{\"@type\":\"Organization\",\"@id\":\"https:\/\/www.sonoraenequipo.com.mx\/#organization\",\"name\":\"Sonoraenequipo.com.mx\",\"url\":\"https:\/\/www.sonoraenequipo.com.mx\/\",\"logo\":{\"@type\":\"ImageObject\",\"inLanguage\":\"es\",\"@id\":\"https:\/\/www.sonoraenequipo.com.mx\/#\/schema\/logo\/image\/\",\"url\":\"https:\/\/www.sonoraenequipo.com.mx\/storage\/2019\/01\/sonoraenequipo_opt.png\",\"contentUrl\":\"https:\/\/www.sonoraenequipo.com.mx\/storage\/2019\/01\/sonoraenequipo_opt.png\",\"width\":375,\"height\":125,\"caption\":\"Sonoraenequipo.com.mx\"},\"image\":{\"@id\":\"https:\/\/www.sonoraenequipo.com.mx\/#\/schema\/logo\/image\/\"},\"sameAs\":[\"https:\/\/www.facebook.com\/SonoraEE\/\",\"https:\/\/x.com\/sonoraenequipo\",\"https:\/\/www.youtube.com\/channel\/UC338nW-lPEYmJQs4ZABQ1SQ\"]},{\"@type\":\"Person\",\"@id\":\"https:\/\/www.sonoraenequipo.com.mx\/#\/schema\/person\/50102df0fb23a8fa9e8effad8fa81386\",\"name\":\"enequipo\",\"image\":{\"@type\":\"ImageObject\",\"inLanguage\":\"es\",\"@id\":\"https:\/\/www.sonoraenequipo.com.mx\/#\/schema\/person\/image\/\",\"url\":\"https:\/\/secure.gravatar.com\/avatar\/049821681b589dabc0bc20695993ccebb09f5b5d4d790cd9251b97faac7c652b?s=96&d=blank&r=g\",\"contentUrl\":\"https:\/\/secure.gravatar.com\/avatar\/049821681b589dabc0bc20695993ccebb09f5b5d4d790cd9251b97faac7c652b?s=96&d=blank&r=g\",\"caption\":\"enequipo\"},\"sameAs\":[\"https:\/\/www.facebook.com\/SonoraEE\"]}]}<\/script>\n ","yoast_head_json":{"title":"Sonora en Equipo. Se retrasar\u00e1n pr\u00f3ximos tres embarques de vacuna COVID de Pfizer: L\u00f3pez-Gatell Rep\u00fablica","description":"CIUAD DE M\u00c9XICO. MX. \u2014 Hugo L\u00f3pez-Gatell, subsecretario de Salud, dio a conocer, la noche del lunes 18 de enero de 2021, la actualidad de la distribuci\u00f3n En Sonora en Equipo publicamos toda la informaci\u00f3n de Sonora, M\u00e9xico y el Mundo de manera oportuna y busca que la libertad de expresi\u00f3n sea real. Visita nuestro medio informativo publicado desde Hermosillo, Sonora. %","robots":{"index":"index","follow":"follow","max-snippet":"max-snippet:-1","max-image-preview":"max-image-preview:large","max-video-preview":"max-video-preview:-1"},"canonical":"https:\/\/www.sonoraenequipo.com.mx\/se-retrasaran-proximos-tres-embarques-de-vacuna-covid-de-pfizer-lopez-gatell\/","og_locale":"es_ES","og_type":"article","og_title":"Sonora en Equipo. Se retrasar\u00e1n pr\u00f3ximos tres embarques de vacuna COVID de Pfizer: L\u00f3pez-Gatell Rep\u00fablica","og_description":"CIUAD DE M\u00c9XICO. MX. \u2014 Hugo L\u00f3pez-Gatell, subsecretario de Salud, dio a conocer, la noche del lunes 18 de enero de 2021, la actualidad de la distribuci\u00f3n En Sonora en Equipo publicamos toda la informaci\u00f3n de Sonora, M\u00e9xico y el Mundo de manera oportuna y busca que la libertad de expresi\u00f3n sea real. Visita nuestro medio informativo publicado desde Hermosillo, Sonora. %","og_url":"https:\/\/www.sonoraenequipo.com.mx\/se-retrasaran-proximos-tres-embarques-de-vacuna-covid-de-pfizer-lopez-gatell\/","og_site_name":"Sonora en Equipo.","article_publisher":"https:\/\/www.facebook.com\/SonoraEE\/","article_author":"https:\/\/www.facebook.com\/SonoraEE","article_published_time":"2021-01-19T04:00:05+00:00","article_modified_time":"2021-01-19T18:58:59+00:00","og_image":[{"width":680,"height":358,"url":"https:\/\/www.sonoraenequipo.com.mx\/storage\/2021\/01\/DHL-vacunas_opt.jpg","type":"image\/jpeg"}],"author":"enequipo","twitter_card":"summary_large_image","twitter_creator":"@sonoraenequipo","twitter_site":"@sonoraenequipo","twitter_misc":{"Escrito por":"enequipo","Tiempo de lectura":"2 minutos"},"schema":{"@context":"https:\/\/schema.org","@graph":[{"@type":"Article","@id":"https:\/\/www.sonoraenequipo.com.mx\/se-retrasaran-proximos-tres-embarques-de-vacuna-covid-de-pfizer-lopez-gatell\/#article","isPartOf":{"@id":"https:\/\/www.sonoraenequipo.com.mx\/se-retrasaran-proximos-tres-embarques-de-vacuna-covid-de-pfizer-lopez-gatell\/"},"author":{"name":"enequipo","@id":"https:\/\/www.sonoraenequipo.com.mx\/#\/schema\/person\/50102df0fb23a8fa9e8effad8fa81386"},"headline":"Se retrasar\u00e1n pr\u00f3ximos tres embarques de vacuna COVID de Pfizer: L\u00f3pez-Gatell","datePublished":"2021-01-19T04:00:05+00:00","dateModified":"2021-01-19T18:58:59+00:00","mainEntityOfPage":{"@id":"https:\/\/www.sonoraenequipo.com.mx\/se-retrasaran-proximos-tres-embarques-de-vacuna-covid-de-pfizer-lopez-gatell\/"},"wordCount":411,"commentCount":0,"publisher":{"@id":"https:\/\/www.sonoraenequipo.com.mx\/#organization"},"image":{"@id":"https:\/\/www.sonoraenequipo.com.mx\/se-retrasaran-proximos-tres-embarques-de-vacuna-covid-de-pfizer-lopez-gatell\/#primaryimage"},"thumbnailUrl":"https:\/\/www.sonoraenequipo.com.mx\/storage\/2021\/01\/DHL-vacunas_opt.jpg","articleSection":["Rep\u00fablica"],"inLanguage":"es","potentialAction":[{"@type":"CommentAction","name":"Comment","target":["https:\/\/www.sonoraenequipo.com.mx\/se-retrasaran-proximos-tres-embarques-de-vacuna-covid-de-pfizer-lopez-gatell\/#respond"]}]},{"@type":"WebPage","@id":"https:\/\/www.sonoraenequipo.com.mx\/se-retrasaran-proximos-tres-embarques-de-vacuna-covid-de-pfizer-lopez-gatell\/","url":"https:\/\/www.sonoraenequipo.com.mx\/se-retrasaran-proximos-tres-embarques-de-vacuna-covid-de-pfizer-lopez-gatell\/","name":"Sonora en Equipo. Se retrasar\u00e1n pr\u00f3ximos tres embarques de vacuna COVID de Pfizer: L\u00f3pez-Gatell Rep\u00fablica","isPartOf":{"@id":"https:\/\/www.sonoraenequipo.com.mx\/#website"},"primaryImageOfPage":{"@id":"https:\/\/www.sonoraenequipo.com.mx\/se-retrasaran-proximos-tres-embarques-de-vacuna-covid-de-pfizer-lopez-gatell\/#primaryimage"},"image":{"@id":"https:\/\/www.sonoraenequipo.com.mx\/se-retrasaran-proximos-tres-embarques-de-vacuna-covid-de-pfizer-lopez-gatell\/#primaryimage"},"thumbnailUrl":"https:\/\/www.sonoraenequipo.com.mx\/storage\/2021\/01\/DHL-vacunas_opt.jpg","datePublished":"2021-01-19T04:00:05+00:00","dateModified":"2021-01-19T18:58:59+00:00","description":"CIUAD DE M\u00c9XICO. MX. \u2014 Hugo L\u00f3pez-Gatell, subsecretario de Salud, dio a conocer, la noche del lunes 18 de enero de 2021, la actualidad de la distribuci\u00f3n En Sonora en Equipo publicamos toda la informaci\u00f3n de Sonora, M\u00e9xico y el Mundo de manera oportuna y busca que la libertad de expresi\u00f3n sea real. Visita nuestro medio informativo publicado desde Hermosillo, Sonora. %","breadcrumb":{"@id":"https:\/\/www.sonoraenequipo.com.mx\/se-retrasaran-proximos-tres-embarques-de-vacuna-covid-de-pfizer-lopez-gatell\/#breadcrumb"},"inLanguage":"es","potentialAction":[{"@type":"ReadAction","target":["https:\/\/www.sonoraenequipo.com.mx\/se-retrasaran-proximos-tres-embarques-de-vacuna-covid-de-pfizer-lopez-gatell\/"]}]},{"@type":"ImageObject","inLanguage":"es","@id":"https:\/\/www.sonoraenequipo.com.mx\/se-retrasaran-proximos-tres-embarques-de-vacuna-covid-de-pfizer-lopez-gatell\/#primaryimage","url":"https:\/\/www.sonoraenequipo.com.mx\/storage\/2021\/01\/DHL-vacunas_opt.jpg","contentUrl":"https:\/\/www.sonoraenequipo.com.mx\/storage\/2021\/01\/DHL-vacunas_opt.jpg","width":680,"height":358},{"@type":"BreadcrumbList","@id":"https:\/\/www.sonoraenequipo.com.mx\/se-retrasaran-proximos-tres-embarques-de-vacuna-covid-de-pfizer-lopez-gatell\/#breadcrumb","itemListElement":[{"@type":"ListItem","position":1,"name":"Portada","item":"https:\/\/www.sonoraenequipo.com.mx\/"},{"@type":"ListItem","position":2,"name":"Se retrasar\u00e1n pr\u00f3ximos tres embarques de vacuna COVID de Pfizer: L\u00f3pez-Gatell"}]},{"@type":"WebSite","@id":"https:\/\/www.sonoraenequipo.com.mx\/#website","url":"https:\/\/www.sonoraenequipo.com.mx\/","name":"Sonora en Equipo.","description":"Diario en l\u00ednea con Noticias desde Hermosillo, Sonora","publisher":{"@id":"https:\/\/www.sonoraenequipo.com.mx\/#organization"},"potentialAction":[{"@type":"SearchAction","target":{"@type":"EntryPoint","urlTemplate":"https:\/\/www.sonoraenequipo.com.mx\/?s={search_term_string}"},"query-input":{"@type":"PropertyValueSpecification","valueRequired":true,"valueName":"search_term_string"}}],"inLanguage":"es"},{"@type":"Organization","@id":"https:\/\/www.sonoraenequipo.com.mx\/#organization","name":"Sonoraenequipo.com.mx","url":"https:\/\/www.sonoraenequipo.com.mx\/","logo":{"@type":"ImageObject","inLanguage":"es","@id":"https:\/\/www.sonoraenequipo.com.mx\/#\/schema\/logo\/image\/","url":"https:\/\/www.sonoraenequipo.com.mx\/storage\/2019\/01\/sonoraenequipo_opt.png","contentUrl":"https:\/\/www.sonoraenequipo.com.mx\/storage\/2019\/01\/sonoraenequipo_opt.png","width":375,"height":125,"caption":"Sonoraenequipo.com.mx"},"image":{"@id":"https:\/\/www.sonoraenequipo.com.mx\/#\/schema\/logo\/image\/"},"sameAs":["https:\/\/www.facebook.com\/SonoraEE\/","https:\/\/x.com\/sonoraenequipo","https:\/\/www.youtube.com\/channel\/UC338nW-lPEYmJQs4ZABQ1SQ"]},{"@type":"Person","@id":"https:\/\/www.sonoraenequipo.com.mx\/#\/schema\/person\/50102df0fb23a8fa9e8effad8fa81386","name":"enequipo","image":{"@type":"ImageObject","inLanguage":"es","@id":"https:\/\/www.sonoraenequipo.com.mx\/#\/schema\/person\/image\/","url":"https:\/\/secure.gravatar.com\/avatar\/049821681b589dabc0bc20695993ccebb09f5b5d4d790cd9251b97faac7c652b?s=96&d=blank&r=g","contentUrl":"https:\/\/secure.gravatar.com\/avatar\/049821681b589dabc0bc20695993ccebb09f5b5d4d790cd9251b97faac7c652b?s=96&d=blank&r=g","caption":"enequipo"},"sameAs":["https:\/\/www.facebook.com\/SonoraEE"]}]}},"jetpack_featured_media_url":"https:\/\/www.sonoraenequipo.com.mx\/storage\/2021\/01\/DHL-vacunas_opt.jpg","_links":{"self":[{"href":"https:\/\/www.sonoraenequipo.com.mx\/api\/wp\/v2\/posts\/104949","targetHints":{"allow":["GET"]}}],"collection":[{"href":"https:\/\/www.sonoraenequipo.com.mx\/api\/wp\/v2\/posts"}],"about":[{"href":"https:\/\/www.sonoraenequipo.com.mx\/api\/wp\/v2\/types\/post"}],"author":[{"embeddable":true,"href":"https:\/\/www.sonoraenequipo.com.mx\/api\/wp\/v2\/users\/1"}],"replies":[{"embeddable":true,"href":"https:\/\/www.sonoraenequipo.com.mx\/api\/wp\/v2\/comments?post=104949"}],"version-history":[{"count":1,"href":"https:\/\/www.sonoraenequipo.com.mx\/api\/wp\/v2\/posts\/104949\/revisions"}],"predecessor-version":[{"id":104951,"href":"https:\/\/www.sonoraenequipo.com.mx\/api\/wp\/v2\/posts\/104949\/revisions\/104951"}],"wp:featuredmedia":[{"embeddable":true,"href":"https:\/\/www.sonoraenequipo.com.mx\/api\/wp\/v2\/media\/104950"}],"wp:attachment":[{"href":"https:\/\/www.sonoraenequipo.com.mx\/api\/wp\/v2\/media?parent=104949"}],"wp:term":[{"taxonomy":"category","embeddable":true,"href":"https:\/\/www.sonoraenequipo.com.mx\/api\/wp\/v2\/categories?post=104949"},{"taxonomy":"post_tag","embeddable":true,"href":"https:\/\/www.sonoraenequipo.com.mx\/api\/wp\/v2\/tags?post=104949"}],"curies":[{"name":"wp","href":"https:\/\/api.w.org\/{rel}","templated":true}]}}