{"id":104953,"date":"2021-01-19T12:56:43","date_gmt":"2021-01-19T19:56:43","guid":{"rendered":"https:\/\/www.sonoraenequipo.com.mx\/?p=104953"},"modified":"2021-01-19T12:56:43","modified_gmt":"2021-01-19T19:56:43","slug":"alejandro-mayorkas-hare-todo-lo-que-pueda-para-que-ataque-al-capitolio-no-se-repita","status":"publish","type":"post","link":"https:\/\/www.sonoraenequipo.com.mx\/alejandro-mayorkas-hare-todo-lo-que-pueda-para-que-ataque-al-capitolio-no-se-repita\/","title":{"rendered":"Alejandro Mayorkas: har\u00e9 todo lo que pueda para que ataque al Capitolio no se repita"},"content":{"rendered":"<p>&nbsp;<\/p>\n<h3>&gt;&gt;Mayorkas es el nominado de Biden a dirigir el Departamento de Seguridad Nacional. De origen cubano, podr\u00eda convertirse en el primer inmigrante y en el primer latino en liderar esta cartera.<\/h3>\n<p>&nbsp;<\/p>\n<p>WASHINGTON,EE.UU.\u2500 El nominado del presidente electo Joe Biden para secretario de Seguridad Nacional, Alejandro Mayorkas, asegur\u00f3 el martes en una audiencia ante el Senado que, de ser confirmado, har\u00e1 \u00abtodo lo que pueda\u00bb para que ataques como el asalto al Capitolio del 6 de enero no vuelvan a suceder.<\/p>\n<p>&nbsp;<\/p>\n<p>Mayorkas, de origen cubano, dijo en su audiencia de confirmaci\u00f3n, que har\u00e1 \u201ctodo lo que pueda para asegurarse de que la tr\u00e1gica p\u00e9rdida de vidas, el asalto a las fuerzas del orden y la profanaci\u00f3n\u201d del Congreso de EE.UU. \u201cno vuelvan a suceder\u201d.<\/p>\n<p>&nbsp;<\/p>\n<p>La audiencia del martes es el primer paso en su proceso de confirmaci\u00f3n. De ser aprobado por el legislativo, Mayorkas se convertir\u00eda en el primer latino y en el primer inmigrante en ocupar el cargo y enfrentar\u00e1 la herencia de las duras pol\u00edticas migratorias del gobierno del presidente Donald Trump.<\/p>\n<p>El flujo migratorio desde los pa\u00edses del Tri\u00e1ngulo Norte fue uno de los puntos de mayor inter\u00e9s en Estados Unidos durante los \u00faltimos cuatro a\u00f1os. Mayorkas, un exfuncionario del gobierno Obama, dijo que se deben enfrentar las \u00abcausas subyacentes\u00bb que provocan la migraci\u00f3n irregular desde Guatemala, El Salvador y Honduras.<\/p>\n<p>&nbsp;<\/p>\n<p>\u00ab\u00bfPor qu\u00e9 los individuos buscan irse de sus pa\u00edses de origen? Por la impresionante violencia, por la corrupci\u00f3n, por la extrema pobreza y por la persecuci\u00f3n\u201d, enumer\u00f3 Mayorkas.<\/p>\n<p>&nbsp;<\/p>\n<p>Cr\u00edticas a su gesti\u00f3n pasada<\/p>\n<p>El senador republicano Rob Portman increp\u00f3 a Mayorkas sobre un reporte del inspector general del Departamento de Seguridad Nacional (DHS) del 2015, donde se asegura que estuvo involucrado en tres casos que inclu\u00edan a personas \u201cpol\u00edticamente\u201d poderosas que participaban en el programa de visas para inversionistas EB5.<\/p>\n<p>&nbsp;<\/p>\n<p>El informe concluy\u00f3 que Mayorkas no viol\u00f3 ninguna ley, pero que su comportamiento dio la \u00abimpresi\u00f3n de favoritismo y acceso especial\u00bb.<\/p>\n<p>&nbsp;<\/p>\n<p>El nominado de Biden se defendi\u00f3 en la audiencia, diciendo que los casos fueron solo tres de los \u00abcientos\u00bb de solicitudes que revis\u00f3 a petici\u00f3n de miembros del Congreso de ambos partidos. \u00abNo busco ser un servidor del gobierno para cortar cintas alrededor del pa\u00eds y divertirme. Trabajo muy duro\u00bb, concluy\u00f3 Mayorkas.<\/p>\n<p>Fecha de publicaci\u00f3n 19\/ene\/2021\/Alejandra Arredondo \/VOA<\/p>\n<p>&nbsp;<\/p>\n","protected":false},"excerpt":{"rendered":"<p>&nbsp; &gt;&gt;Mayorkas es el nominado de Biden a dirigir el Departamento de Seguridad Nacional. De&#8230;<\/p>\n","protected":false},"author":1,"featured_media":104954,"comment_status":"open","ping_status":"open","sticky":false,"template":"","format":"standard","meta":{"_monsterinsights_skip_tracking":false,"_monsterinsights_sitenote_active":false,"_monsterinsights_sitenote_note":"","_monsterinsights_sitenote_category":0,"footnotes":""},"categories":[3],"tags":[3376],"class_list":["post"],"yoast_head":" \n<title>Sonora en Equipo. Alejandro Mayorkas: har\u00e9 todo lo que pueda para que ataque al Capitolio no se repita MUNDO<\/title>\n<meta name=\"description\" content=\"&nbsp; &gt;&gt;Mayorkas es el nominado de Biden a dirigir el Departamento de Seguridad Nacional. De origen cubano, podr\u00eda convertirse en el primer En Sonora en Equipo publicamos toda la informaci\u00f3n de Sonora, M\u00e9xico y el Mundo de manera oportuna y busca que la libertad de expresi\u00f3n sea real. Visita nuestro medio informativo publicado desde Hermosillo, Sonora. %\" \/>\n<meta name=\"robots\" content=\"index, follow, max-snippet:-1, max-image-preview:large, max-video-preview:-1\" \/>\n<link rel=\"canonical\" href=\"https:\/\/www.sonoraenequipo.com.mx\/alejandro-mayorkas-hare-todo-lo-que-pueda-para-que-ataque-al-capitolio-no-se-repita\/\" \/>\n<meta property=\"og:locale\" content=\"es_ES\" \/>\n<meta property=\"og:type\" content=\"article\" \/>\n<meta property=\"og:title\" content=\"Sonora en Equipo. Alejandro Mayorkas: har\u00e9 todo lo que pueda para que ataque al Capitolio no se repita MUNDO\" \/>\n<meta property=\"og:description\" content=\"&nbsp; &gt;&gt;Mayorkas es el nominado de Biden a dirigir el Departamento de Seguridad Nacional. De origen cubano, podr\u00eda convertirse en el primer En Sonora en Equipo publicamos toda la informaci\u00f3n de Sonora, M\u00e9xico y el Mundo de manera oportuna y busca que la libertad de expresi\u00f3n sea real. Visita nuestro medio informativo publicado desde Hermosillo, Sonora. %\" \/>\n<meta property=\"og:url\" content=\"https:\/\/www.sonoraenequipo.com.mx\/alejandro-mayorkas-hare-todo-lo-que-pueda-para-que-ataque-al-capitolio-no-se-repita\/\" \/>\n<meta property=\"og:site_name\" content=\"Sonora en Equipo.\" \/>\n<meta property=\"article:publisher\" content=\"https:\/\/www.facebook.com\/SonoraEE\/\" \/>\n<meta property=\"article:author\" content=\"https:\/\/www.facebook.com\/SonoraEE\" \/>\n<meta property=\"article:published_time\" content=\"2021-01-19T19:56:43+00:00\" \/>\n<meta property=\"og:image\" content=\"https:\/\/www.sonoraenequipo.com.mx\/storage\/2021\/01\/mayorkas.jpg\" \/>\n\t<meta property=\"og:image:width\" content=\"500\" \/>\n\t<meta property=\"og:image:height\" content=\"281\" \/>\n\t<meta property=\"og:image:type\" content=\"image\/jpeg\" \/>\n<meta name=\"author\" content=\"enequipo\" \/>\n<meta name=\"twitter:card\" content=\"summary_large_image\" \/>\n<meta name=\"twitter:creator\" content=\"@sonoraenequipo\" \/>\n<meta name=\"twitter:site\" content=\"@sonoraenequipo\" \/>\n<meta name=\"twitter:label1\" content=\"Escrito por\" \/>\n\t<meta name=\"twitter:data1\" content=\"enequipo\" \/>\n\t<meta name=\"twitter:label2\" content=\"Tiempo de lectura\" \/>\n\t<meta name=\"twitter:data2\" content=\"2 minutos\" \/>\n<script type=\"application\/ld+json\" class=\"yoast-schema-graph\">{\"@context\":\"https:\/\/schema.org\",\"@graph\":[{\"@type\":\"Article\",\"@id\":\"https:\/\/www.sonoraenequipo.com.mx\/alejandro-mayorkas-hare-todo-lo-que-pueda-para-que-ataque-al-capitolio-no-se-repita\/#article\",\"isPartOf\":{\"@id\":\"https:\/\/www.sonoraenequipo.com.mx\/alejandro-mayorkas-hare-todo-lo-que-pueda-para-que-ataque-al-capitolio-no-se-repita\/\"},\"author\":{\"name\":\"enequipo\",\"@id\":\"https:\/\/www.sonoraenequipo.com.mx\/#\/schema\/person\/50102df0fb23a8fa9e8effad8fa81386\"},\"headline\":\"Alejandro Mayorkas: har\u00e9 todo lo que pueda para que ataque al Capitolio no se repita\",\"datePublished\":\"2021-01-19T19:56:43+00:00\",\"mainEntityOfPage\":{\"@id\":\"https:\/\/www.sonoraenequipo.com.mx\/alejandro-mayorkas-hare-todo-lo-que-pueda-para-que-ataque-al-capitolio-no-se-repita\/\"},\"wordCount\":434,\"commentCount\":0,\"publisher\":{\"@id\":\"https:\/\/www.sonoraenequipo.com.mx\/#organization\"},\"image\":{\"@id\":\"https:\/\/www.sonoraenequipo.com.mx\/alejandro-mayorkas-hare-todo-lo-que-pueda-para-que-ataque-al-capitolio-no-se-repita\/#primaryimage\"},\"thumbnailUrl\":\"https:\/\/www.sonoraenequipo.com.mx\/storage\/2021\/01\/mayorkas.jpg\",\"keywords\":[\"biden\"],\"articleSection\":[\"MUNDO\"],\"inLanguage\":\"es\",\"potentialAction\":[{\"@type\":\"CommentAction\",\"name\":\"Comment\",\"target\":[\"https:\/\/www.sonoraenequipo.com.mx\/alejandro-mayorkas-hare-todo-lo-que-pueda-para-que-ataque-al-capitolio-no-se-repita\/#respond\"]}]},{\"@type\":\"WebPage\",\"@id\":\"https:\/\/www.sonoraenequipo.com.mx\/alejandro-mayorkas-hare-todo-lo-que-pueda-para-que-ataque-al-capitolio-no-se-repita\/\",\"url\":\"https:\/\/www.sonoraenequipo.com.mx\/alejandro-mayorkas-hare-todo-lo-que-pueda-para-que-ataque-al-capitolio-no-se-repita\/\",\"name\":\"Sonora en Equipo. Alejandro Mayorkas: har\u00e9 todo lo que pueda para que ataque al Capitolio no se repita MUNDO\",\"isPartOf\":{\"@id\":\"https:\/\/www.sonoraenequipo.com.mx\/#website\"},\"primaryImageOfPage\":{\"@id\":\"https:\/\/www.sonoraenequipo.com.mx\/alejandro-mayorkas-hare-todo-lo-que-pueda-para-que-ataque-al-capitolio-no-se-repita\/#primaryimage\"},\"image\":{\"@id\":\"https:\/\/www.sonoraenequipo.com.mx\/alejandro-mayorkas-hare-todo-lo-que-pueda-para-que-ataque-al-capitolio-no-se-repita\/#primaryimage\"},\"thumbnailUrl\":\"https:\/\/www.sonoraenequipo.com.mx\/storage\/2021\/01\/mayorkas.jpg\",\"datePublished\":\"2021-01-19T19:56:43+00:00\",\"description\":\"&nbsp; &gt;&gt;Mayorkas es el nominado de Biden a dirigir el Departamento de Seguridad Nacional. De origen cubano, podr\u00eda convertirse en el primer En Sonora en Equipo publicamos toda la informaci\u00f3n de Sonora, M\u00e9xico y el Mundo de manera oportuna y busca que la libertad de expresi\u00f3n sea real. Visita nuestro medio informativo publicado desde Hermosillo, Sonora. %\",\"breadcrumb\":{\"@id\":\"https:\/\/www.sonoraenequipo.com.mx\/alejandro-mayorkas-hare-todo-lo-que-pueda-para-que-ataque-al-capitolio-no-se-repita\/#breadcrumb\"},\"inLanguage\":\"es\",\"potentialAction\":[{\"@type\":\"ReadAction\",\"target\":[\"https:\/\/www.sonoraenequipo.com.mx\/alejandro-mayorkas-hare-todo-lo-que-pueda-para-que-ataque-al-capitolio-no-se-repita\/\"]}]},{\"@type\":\"ImageObject\",\"inLanguage\":\"es\",\"@id\":\"https:\/\/www.sonoraenequipo.com.mx\/alejandro-mayorkas-hare-todo-lo-que-pueda-para-que-ataque-al-capitolio-no-se-repita\/#primaryimage\",\"url\":\"https:\/\/www.sonoraenequipo.com.mx\/storage\/2021\/01\/mayorkas.jpg\",\"contentUrl\":\"https:\/\/www.sonoraenequipo.com.mx\/storage\/2021\/01\/mayorkas.jpg\",\"width\":500,\"height\":281},{\"@type\":\"BreadcrumbList\",\"@id\":\"https:\/\/www.sonoraenequipo.com.mx\/alejandro-mayorkas-hare-todo-lo-que-pueda-para-que-ataque-al-capitolio-no-se-repita\/#breadcrumb\",\"itemListElement\":[{\"@type\":\"ListItem\",\"position\":1,\"name\":\"Portada\",\"item\":\"https:\/\/www.sonoraenequipo.com.mx\/\"},{\"@type\":\"ListItem\",\"position\":2,\"name\":\"Alejandro Mayorkas: har\u00e9 todo lo que pueda para que ataque al Capitolio no se repita\"}]},{\"@type\":\"WebSite\",\"@id\":\"https:\/\/www.sonoraenequipo.com.mx\/#website\",\"url\":\"https:\/\/www.sonoraenequipo.com.mx\/\",\"name\":\"Sonora en Equipo.\",\"description\":\"Diario en l\u00ednea con Noticias desde Hermosillo, Sonora\",\"publisher\":{\"@id\":\"https:\/\/www.sonoraenequipo.com.mx\/#organization\"},\"potentialAction\":[{\"@type\":\"SearchAction\",\"target\":{\"@type\":\"EntryPoint\",\"urlTemplate\":\"https:\/\/www.sonoraenequipo.com.mx\/?s={search_term_string}\"},\"query-input\":{\"@type\":\"PropertyValueSpecification\",\"valueRequired\":true,\"valueName\":\"search_term_string\"}}],\"inLanguage\":\"es\"},{\"@type\":\"Organization\",\"@id\":\"https:\/\/www.sonoraenequipo.com.mx\/#organization\",\"name\":\"Sonoraenequipo.com.mx\",\"url\":\"https:\/\/www.sonoraenequipo.com.mx\/\",\"logo\":{\"@type\":\"ImageObject\",\"inLanguage\":\"es\",\"@id\":\"https:\/\/www.sonoraenequipo.com.mx\/#\/schema\/logo\/image\/\",\"url\":\"https:\/\/www.sonoraenequipo.com.mx\/storage\/2019\/01\/sonoraenequipo_opt.png\",\"contentUrl\":\"https:\/\/www.sonoraenequipo.com.mx\/storage\/2019\/01\/sonoraenequipo_opt.png\",\"width\":375,\"height\":125,\"caption\":\"Sonoraenequipo.com.mx\"},\"image\":{\"@id\":\"https:\/\/www.sonoraenequipo.com.mx\/#\/schema\/logo\/image\/\"},\"sameAs\":[\"https:\/\/www.facebook.com\/SonoraEE\/\",\"https:\/\/x.com\/sonoraenequipo\",\"https:\/\/www.youtube.com\/channel\/UC338nW-lPEYmJQs4ZABQ1SQ\"]},{\"@type\":\"Person\",\"@id\":\"https:\/\/www.sonoraenequipo.com.mx\/#\/schema\/person\/50102df0fb23a8fa9e8effad8fa81386\",\"name\":\"enequipo\",\"image\":{\"@type\":\"ImageObject\",\"inLanguage\":\"es\",\"@id\":\"https:\/\/www.sonoraenequipo.com.mx\/#\/schema\/person\/image\/\",\"url\":\"https:\/\/secure.gravatar.com\/avatar\/049821681b589dabc0bc20695993ccebb09f5b5d4d790cd9251b97faac7c652b?s=96&d=blank&r=g\",\"contentUrl\":\"https:\/\/secure.gravatar.com\/avatar\/049821681b589dabc0bc20695993ccebb09f5b5d4d790cd9251b97faac7c652b?s=96&d=blank&r=g\",\"caption\":\"enequipo\"},\"sameAs\":[\"https:\/\/www.facebook.com\/SonoraEE\"]}]}<\/script>\n ","yoast_head_json":{"title":"Sonora en Equipo. Alejandro Mayorkas: har\u00e9 todo lo que pueda para que ataque al Capitolio no se repita MUNDO","description":"&nbsp; &gt;&gt;Mayorkas es el nominado de Biden a dirigir el Departamento de Seguridad Nacional. De origen cubano, podr\u00eda convertirse en el primer En Sonora en Equipo publicamos toda la informaci\u00f3n de Sonora, M\u00e9xico y el Mundo de manera oportuna y busca que la libertad de expresi\u00f3n sea real. Visita nuestro medio informativo publicado desde Hermosillo, Sonora. %","robots":{"index":"index","follow":"follow","max-snippet":"max-snippet:-1","max-image-preview":"max-image-preview:large","max-video-preview":"max-video-preview:-1"},"canonical":"https:\/\/www.sonoraenequipo.com.mx\/alejandro-mayorkas-hare-todo-lo-que-pueda-para-que-ataque-al-capitolio-no-se-repita\/","og_locale":"es_ES","og_type":"article","og_title":"Sonora en Equipo. Alejandro Mayorkas: har\u00e9 todo lo que pueda para que ataque al Capitolio no se repita MUNDO","og_description":"&nbsp; &gt;&gt;Mayorkas es el nominado de Biden a dirigir el Departamento de Seguridad Nacional. De origen cubano, podr\u00eda convertirse en el primer En Sonora en Equipo publicamos toda la informaci\u00f3n de Sonora, M\u00e9xico y el Mundo de manera oportuna y busca que la libertad de expresi\u00f3n sea real. Visita nuestro medio informativo publicado desde Hermosillo, Sonora. %","og_url":"https:\/\/www.sonoraenequipo.com.mx\/alejandro-mayorkas-hare-todo-lo-que-pueda-para-que-ataque-al-capitolio-no-se-repita\/","og_site_name":"Sonora en Equipo.","article_publisher":"https:\/\/www.facebook.com\/SonoraEE\/","article_author":"https:\/\/www.facebook.com\/SonoraEE","article_published_time":"2021-01-19T19:56:43+00:00","og_image":[{"width":500,"height":281,"url":"https:\/\/www.sonoraenequipo.com.mx\/storage\/2021\/01\/mayorkas.jpg","type":"image\/jpeg"}],"author":"enequipo","twitter_card":"summary_large_image","twitter_creator":"@sonoraenequipo","twitter_site":"@sonoraenequipo","twitter_misc":{"Escrito por":"enequipo","Tiempo de lectura":"2 minutos"},"schema":{"@context":"https:\/\/schema.org","@graph":[{"@type":"Article","@id":"https:\/\/www.sonoraenequipo.com.mx\/alejandro-mayorkas-hare-todo-lo-que-pueda-para-que-ataque-al-capitolio-no-se-repita\/#article","isPartOf":{"@id":"https:\/\/www.sonoraenequipo.com.mx\/alejandro-mayorkas-hare-todo-lo-que-pueda-para-que-ataque-al-capitolio-no-se-repita\/"},"author":{"name":"enequipo","@id":"https:\/\/www.sonoraenequipo.com.mx\/#\/schema\/person\/50102df0fb23a8fa9e8effad8fa81386"},"headline":"Alejandro Mayorkas: har\u00e9 todo lo que pueda para que ataque al Capitolio no se repita","datePublished":"2021-01-19T19:56:43+00:00","mainEntityOfPage":{"@id":"https:\/\/www.sonoraenequipo.com.mx\/alejandro-mayorkas-hare-todo-lo-que-pueda-para-que-ataque-al-capitolio-no-se-repita\/"},"wordCount":434,"commentCount":0,"publisher":{"@id":"https:\/\/www.sonoraenequipo.com.mx\/#organization"},"image":{"@id":"https:\/\/www.sonoraenequipo.com.mx\/alejandro-mayorkas-hare-todo-lo-que-pueda-para-que-ataque-al-capitolio-no-se-repita\/#primaryimage"},"thumbnailUrl":"https:\/\/www.sonoraenequipo.com.mx\/storage\/2021\/01\/mayorkas.jpg","keywords":["biden"],"articleSection":["MUNDO"],"inLanguage":"es","potentialAction":[{"@type":"CommentAction","name":"Comment","target":["https:\/\/www.sonoraenequipo.com.mx\/alejandro-mayorkas-hare-todo-lo-que-pueda-para-que-ataque-al-capitolio-no-se-repita\/#respond"]}]},{"@type":"WebPage","@id":"https:\/\/www.sonoraenequipo.com.mx\/alejandro-mayorkas-hare-todo-lo-que-pueda-para-que-ataque-al-capitolio-no-se-repita\/","url":"https:\/\/www.sonoraenequipo.com.mx\/alejandro-mayorkas-hare-todo-lo-que-pueda-para-que-ataque-al-capitolio-no-se-repita\/","name":"Sonora en Equipo. Alejandro Mayorkas: har\u00e9 todo lo que pueda para que ataque al Capitolio no se repita MUNDO","isPartOf":{"@id":"https:\/\/www.sonoraenequipo.com.mx\/#website"},"primaryImageOfPage":{"@id":"https:\/\/www.sonoraenequipo.com.mx\/alejandro-mayorkas-hare-todo-lo-que-pueda-para-que-ataque-al-capitolio-no-se-repita\/#primaryimage"},"image":{"@id":"https:\/\/www.sonoraenequipo.com.mx\/alejandro-mayorkas-hare-todo-lo-que-pueda-para-que-ataque-al-capitolio-no-se-repita\/#primaryimage"},"thumbnailUrl":"https:\/\/www.sonoraenequipo.com.mx\/storage\/2021\/01\/mayorkas.jpg","datePublished":"2021-01-19T19:56:43+00:00","description":"&nbsp; &gt;&gt;Mayorkas es el nominado de Biden a dirigir el Departamento de Seguridad Nacional. De origen cubano, podr\u00eda convertirse en el primer En Sonora en Equipo publicamos toda la informaci\u00f3n de Sonora, M\u00e9xico y el Mundo de manera oportuna y busca que la libertad de expresi\u00f3n sea real. Visita nuestro medio informativo publicado desde Hermosillo, Sonora. %","breadcrumb":{"@id":"https:\/\/www.sonoraenequipo.com.mx\/alejandro-mayorkas-hare-todo-lo-que-pueda-para-que-ataque-al-capitolio-no-se-repita\/#breadcrumb"},"inLanguage":"es","potentialAction":[{"@type":"ReadAction","target":["https:\/\/www.sonoraenequipo.com.mx\/alejandro-mayorkas-hare-todo-lo-que-pueda-para-que-ataque-al-capitolio-no-se-repita\/"]}]},{"@type":"ImageObject","inLanguage":"es","@id":"https:\/\/www.sonoraenequipo.com.mx\/alejandro-mayorkas-hare-todo-lo-que-pueda-para-que-ataque-al-capitolio-no-se-repita\/#primaryimage","url":"https:\/\/www.sonoraenequipo.com.mx\/storage\/2021\/01\/mayorkas.jpg","contentUrl":"https:\/\/www.sonoraenequipo.com.mx\/storage\/2021\/01\/mayorkas.jpg","width":500,"height":281},{"@type":"BreadcrumbList","@id":"https:\/\/www.sonoraenequipo.com.mx\/alejandro-mayorkas-hare-todo-lo-que-pueda-para-que-ataque-al-capitolio-no-se-repita\/#breadcrumb","itemListElement":[{"@type":"ListItem","position":1,"name":"Portada","item":"https:\/\/www.sonoraenequipo.com.mx\/"},{"@type":"ListItem","position":2,"name":"Alejandro Mayorkas: har\u00e9 todo lo que pueda para que ataque al Capitolio no se repita"}]},{"@type":"WebSite","@id":"https:\/\/www.sonoraenequipo.com.mx\/#website","url":"https:\/\/www.sonoraenequipo.com.mx\/","name":"Sonora en Equipo.","description":"Diario en l\u00ednea con Noticias desde Hermosillo, Sonora","publisher":{"@id":"https:\/\/www.sonoraenequipo.com.mx\/#organization"},"potentialAction":[{"@type":"SearchAction","target":{"@type":"EntryPoint","urlTemplate":"https:\/\/www.sonoraenequipo.com.mx\/?s={search_term_string}"},"query-input":{"@type":"PropertyValueSpecification","valueRequired":true,"valueName":"search_term_string"}}],"inLanguage":"es"},{"@type":"Organization","@id":"https:\/\/www.sonoraenequipo.com.mx\/#organization","name":"Sonoraenequipo.com.mx","url":"https:\/\/www.sonoraenequipo.com.mx\/","logo":{"@type":"ImageObject","inLanguage":"es","@id":"https:\/\/www.sonoraenequipo.com.mx\/#\/schema\/logo\/image\/","url":"https:\/\/www.sonoraenequipo.com.mx\/storage\/2019\/01\/sonoraenequipo_opt.png","contentUrl":"https:\/\/www.sonoraenequipo.com.mx\/storage\/2019\/01\/sonoraenequipo_opt.png","width":375,"height":125,"caption":"Sonoraenequipo.com.mx"},"image":{"@id":"https:\/\/www.sonoraenequipo.com.mx\/#\/schema\/logo\/image\/"},"sameAs":["https:\/\/www.facebook.com\/SonoraEE\/","https:\/\/x.com\/sonoraenequipo","https:\/\/www.youtube.com\/channel\/UC338nW-lPEYmJQs4ZABQ1SQ"]},{"@type":"Person","@id":"https:\/\/www.sonoraenequipo.com.mx\/#\/schema\/person\/50102df0fb23a8fa9e8effad8fa81386","name":"enequipo","image":{"@type":"ImageObject","inLanguage":"es","@id":"https:\/\/www.sonoraenequipo.com.mx\/#\/schema\/person\/image\/","url":"https:\/\/secure.gravatar.com\/avatar\/049821681b589dabc0bc20695993ccebb09f5b5d4d790cd9251b97faac7c652b?s=96&d=blank&r=g","contentUrl":"https:\/\/secure.gravatar.com\/avatar\/049821681b589dabc0bc20695993ccebb09f5b5d4d790cd9251b97faac7c652b?s=96&d=blank&r=g","caption":"enequipo"},"sameAs":["https:\/\/www.facebook.com\/SonoraEE"]}]}},"jetpack_featured_media_url":"https:\/\/www.sonoraenequipo.com.mx\/storage\/2021\/01\/mayorkas.jpg","_links":{"self":[{"href":"https:\/\/www.sonoraenequipo.com.mx\/api\/wp\/v2\/posts\/104953","targetHints":{"allow":["GET"]}}],"collection":[{"href":"https:\/\/www.sonoraenequipo.com.mx\/api\/wp\/v2\/posts"}],"about":[{"href":"https:\/\/www.sonoraenequipo.com.mx\/api\/wp\/v2\/types\/post"}],"author":[{"embeddable":true,"href":"https:\/\/www.sonoraenequipo.com.mx\/api\/wp\/v2\/users\/1"}],"replies":[{"embeddable":true,"href":"https:\/\/www.sonoraenequipo.com.mx\/api\/wp\/v2\/comments?post=104953"}],"version-history":[{"count":1,"href":"https:\/\/www.sonoraenequipo.com.mx\/api\/wp\/v2\/posts\/104953\/revisions"}],"predecessor-version":[{"id":104955,"href":"https:\/\/www.sonoraenequipo.com.mx\/api\/wp\/v2\/posts\/104953\/revisions\/104955"}],"wp:featuredmedia":[{"embeddable":true,"href":"https:\/\/www.sonoraenequipo.com.mx\/api\/wp\/v2\/media\/104954"}],"wp:attachment":[{"href":"https:\/\/www.sonoraenequipo.com.mx\/api\/wp\/v2\/media?parent=104953"}],"wp:term":[{"taxonomy":"category","embeddable":true,"href":"https:\/\/www.sonoraenequipo.com.mx\/api\/wp\/v2\/categories?post=104953"},{"taxonomy":"post_tag","embeddable":true,"href":"https:\/\/www.sonoraenequipo.com.mx\/api\/wp\/v2\/tags?post=104953"}],"curies":[{"name":"wp","href":"https:\/\/api.w.org\/{rel}","templated":true}]}}