{"id":104960,"date":"2021-01-19T10:30:40","date_gmt":"2021-01-19T17:30:40","guid":{"rendered":"https:\/\/www.sonoraenequipo.com.mx\/?p=104960"},"modified":"2021-01-19T16:57:05","modified_gmt":"2021-01-19T23:57:05","slug":"mexico-tendra-mas-de-21-millones-de-vacunas-covid-19-a-finales-de-marzo","status":"publish","type":"post","link":"https:\/\/www.sonoraenequipo.com.mx\/mexico-tendra-mas-de-21-millones-de-vacunas-covid-19-a-finales-de-marzo\/","title":{"rendered":"M\u00e9xico tendr\u00e1 m\u00e1s de 21 millones de vacunas COVID-19 a finales de marzo"},"content":{"rendered":"<p>CIUDAD DE M\u00c9XICO. MX. \u2014 M\u00e9xico tendr\u00e1 para finales de marzo m\u00e1s de 21,3 millones de vacunas contra la COVID-19 pese a la reducci\u00f3n en el env\u00edo de dosis del ant\u00eddoto de Pfizer, detall\u00f3 este martes el canciller Marcelo Ebrard, quien reiter\u00f3 que hay acuerdos con varias farmac\u00e9uticas.<\/p>\n<p>&nbsp;<\/p>\n<p> <\/p>\n<p>&nbsp;<\/p>\n<p>Durante la conferencia de prensa matutina desde el Palacio Nacional, el funcionario detall\u00f3 que, si bien, el pa\u00eds no recibir\u00e1 la vacuna de Pfizer entre el 25 de enero y el 15 de febrero por cambios en su distribuci\u00f3n, en ese periodo existe la posibilidad de tener la del laboratorio chino CanSino.<\/p>\n<p>&nbsp;<\/p>\n<p>Detall\u00f3 que el pr\u00f3ximo fin de semana dicho laboratorio presentar\u00e1 su solicitud para uso de emergencia de su vacuna ante la Comisi\u00f3n Federal para la Protecci\u00f3n contra Riesgos Sanitarios (Cofepris).<\/p>\n<p>&nbsp;<\/p>\n<p><em>\u201cSe estima que esta semana van a presentar, el fin de la semana su solicitud de autorizaci\u00f3n de emergencia\u201d,<\/em> apunt\u00f3.<\/p>\n<p>&nbsp;<\/p>\n<p>Record\u00f3 que la fase tres del estudio de la vacuna de CanSino se est\u00e1 desarrollando en M\u00e9xico y contar\u00e1 en su totalidad con 15.000 participantes. Y estim\u00f3 que entre el 1 de febrero y el 2 de abril el laboratorio chino podr\u00e1 proporcionar 6,95 millones de vacunas para inocular al mismo n\u00famero de mexicanos.<\/p>\n<p>&nbsp;<\/p>\n<p>Asimismo, dio a conocer que el 25 de enero llegar\u00e1n a M\u00e9xico las primeras dosis de la vacuna rusa Sputnik V.<\/p>\n<p>&nbsp;<\/p>\n<p>Ebrard agreg\u00f3 que del 25 al 29 de enero llegar\u00e1n 400.000 dosis; mientras que entre el 1 y el 26 de febrero los lotes que arribar\u00e1n ser\u00e1n de 250.000 vacunas semanales y, a partir de marzo, los lotes ser\u00e1n de 1,2 millones de dosis por semana.<\/p>\n<p>&nbsp;<\/p>\n<p>En total, dijo, se tendr\u00e1n 7,4 millones de dosis de esta vacuna rusa, que servir\u00e1n para inocular a 3,7 millones de personas.<\/p>\n<p>&nbsp;<\/p>\n<p>Subray\u00f3 que la vacuna Sputnik V est\u00e1 por ser autorizada en M\u00e9xico por la Cofepris.<\/p>\n<p>&nbsp;<\/p>\n<p>Respecto al biol\u00f3gico de AstraZeneca, el canciller record\u00f3 que esta semana M\u00e9xico recibir\u00e1 el principio activo de la vacuna para el inicio de envasado y llenado en el pa\u00eds.<\/p>\n<p>&nbsp;<\/p>\n<p>Sin embargo, no ser\u00e1 sino hasta la \u00faltima semana de marzo cuando se empiecen a distribuir 2 millones de dosis que servir\u00e1n para inocular al mismo n\u00famero de personas.<\/p>\n<p>&nbsp;<\/p>\n<p>Mientras que Pfizer, a partir del 15 de febrero retomar\u00e1 las entregas semanales para cumplir con poco m\u00e1s de 5 millones de dosis hasta finales de marzo.<\/p>\n<h3>\nModificar periodo entre dosis<\/h3>\n<p>&nbsp;<\/p>\n<p>El subsecretario de Prevenci\u00f3n y Promoci\u00f3n de la Salud, Hugo L\u00f3pez-Gatell, inform\u00f3 que el grupo t\u00e9cnico de la Secretar\u00eda de Salud se reunir\u00e1 hoy para analizar la evidencia cient\u00edfica sobre la aplicaci\u00f3n del refuerzo de la vacuna de Pfizer contra la COVID-19 hasta 45 d\u00edas despu\u00e9s de la primera dosis.<\/p>\n<p>&nbsp;<\/p>\n<p>Afirm\u00f3 que la OMS plante\u00f3 la posibilidad de ampliar el periodo entre dosis de 21 a 28 y hasta 45 d\u00edas.<\/p>\n<p>&nbsp;<\/p>\n<p>M\u00e9xico suma 1,65 millones de casos confirmados y 141.248 muertes y pretende inmunizar en la primera etapa a todo el personal sanitario, unos 700.000, y en la segunda a unos 15 millones de personas de la tercera edad.<\/p>\n<p>&nbsp;<\/p>\n<p>El pa\u00eds busca vacunar a sus casi 130 millones de habitantes con un plan que ya est\u00e1 en marcha y cuya culminaci\u00f3n est\u00e1 prevista para marzo de 2022.<\/p>\n<p>&nbsp;<\/p>\n<p>&nbsp;<\/p>\n<p>(Publicada el 18\/01\/2021 \/ Con informaci\u00f3n de EFE)<\/p>\n","protected":false},"excerpt":{"rendered":"<p>CIUDAD DE M\u00c9XICO. MX. \u2014 M\u00e9xico tendr\u00e1 para finales de marzo m\u00e1s de 21,3 millones&#8230;<\/p>\n","protected":false},"author":1,"featured_media":104936,"comment_status":"open","ping_status":"open","sticky":false,"template":"","format":"standard","meta":{"_monsterinsights_skip_tracking":false,"_monsterinsights_sitenote_active":false,"_monsterinsights_sitenote_note":"","_monsterinsights_sitenote_category":0,"footnotes":""},"categories":[5],"tags":[],"class_list":["post"],"yoast_head":" \n<title>Sonora en Equipo. M\u00e9xico tendr\u00e1 m\u00e1s de 21 millones de vacunas COVID-19 a finales de marzo Rep\u00fablica<\/title>\n<meta name=\"description\" content=\"CIUDAD DE M\u00c9XICO. MX. \u2014 M\u00e9xico tendr\u00e1 para finales de marzo m\u00e1s de 21,3 millones de vacunas contra la COVID-19 pese a la reducci\u00f3n en el env\u00edo de dosis En Sonora en Equipo publicamos toda la informaci\u00f3n de Sonora, M\u00e9xico y el Mundo de manera oportuna y busca que la libertad de expresi\u00f3n sea real. Visita nuestro medio informativo publicado desde Hermosillo, Sonora. %\" \/>\n<meta name=\"robots\" content=\"index, follow, max-snippet:-1, max-image-preview:large, max-video-preview:-1\" \/>\n<link rel=\"canonical\" href=\"https:\/\/www.sonoraenequipo.com.mx\/mexico-tendra-mas-de-21-millones-de-vacunas-covid-19-a-finales-de-marzo\/\" \/>\n<meta property=\"og:locale\" content=\"es_ES\" \/>\n<meta property=\"og:type\" content=\"article\" \/>\n<meta property=\"og:title\" content=\"Sonora en Equipo. M\u00e9xico tendr\u00e1 m\u00e1s de 21 millones de vacunas COVID-19 a finales de marzo Rep\u00fablica\" \/>\n<meta property=\"og:description\" content=\"CIUDAD DE M\u00c9XICO. MX. \u2014 M\u00e9xico tendr\u00e1 para finales de marzo m\u00e1s de 21,3 millones de vacunas contra la COVID-19 pese a la reducci\u00f3n en el env\u00edo de dosis En Sonora en Equipo publicamos toda la informaci\u00f3n de Sonora, M\u00e9xico y el Mundo de manera oportuna y busca que la libertad de expresi\u00f3n sea real. Visita nuestro medio informativo publicado desde Hermosillo, Sonora. %\" \/>\n<meta property=\"og:url\" content=\"https:\/\/www.sonoraenequipo.com.mx\/mexico-tendra-mas-de-21-millones-de-vacunas-covid-19-a-finales-de-marzo\/\" \/>\n<meta property=\"og:site_name\" content=\"Sonora en Equipo.\" \/>\n<meta property=\"article:publisher\" content=\"https:\/\/www.facebook.com\/SonoraEE\/\" \/>\n<meta property=\"article:author\" content=\"https:\/\/www.facebook.com\/SonoraEE\" \/>\n<meta property=\"article:published_time\" content=\"2021-01-19T17:30:40+00:00\" \/>\n<meta property=\"article:modified_time\" content=\"2021-01-19T23:57:05+00:00\" \/>\n<meta property=\"og:image\" content=\"https:\/\/www.sonoraenequipo.com.mx\/storage\/2021\/01\/vacuna-covid-ebrard_opt.jpg\" \/>\n\t<meta property=\"og:image:width\" content=\"968\" \/>\n\t<meta property=\"og:image:height\" content=\"500\" \/>\n\t<meta property=\"og:image:type\" content=\"image\/jpeg\" \/>\n<meta name=\"author\" content=\"enequipo\" \/>\n<meta name=\"twitter:card\" content=\"summary_large_image\" \/>\n<meta name=\"twitter:creator\" content=\"@sonoraenequipo\" \/>\n<meta name=\"twitter:site\" content=\"@sonoraenequipo\" \/>\n<meta name=\"twitter:label1\" content=\"Escrito por\" \/>\n\t<meta name=\"twitter:data1\" content=\"enequipo\" \/>\n\t<meta name=\"twitter:label2\" content=\"Tiempo de lectura\" \/>\n\t<meta name=\"twitter:data2\" content=\"3 minutos\" \/>\n<script type=\"application\/ld+json\" class=\"yoast-schema-graph\">{\"@context\":\"https:\/\/schema.org\",\"@graph\":[{\"@type\":\"Article\",\"@id\":\"https:\/\/www.sonoraenequipo.com.mx\/mexico-tendra-mas-de-21-millones-de-vacunas-covid-19-a-finales-de-marzo\/#article\",\"isPartOf\":{\"@id\":\"https:\/\/www.sonoraenequipo.com.mx\/mexico-tendra-mas-de-21-millones-de-vacunas-covid-19-a-finales-de-marzo\/\"},\"author\":{\"name\":\"enequipo\",\"@id\":\"https:\/\/www.sonoraenequipo.com.mx\/#\/schema\/person\/50102df0fb23a8fa9e8effad8fa81386\"},\"headline\":\"M\u00e9xico tendr\u00e1 m\u00e1s de 21 millones de vacunas COVID-19 a finales de marzo\",\"datePublished\":\"2021-01-19T17:30:40+00:00\",\"dateModified\":\"2021-01-19T23:57:05+00:00\",\"mainEntityOfPage\":{\"@id\":\"https:\/\/www.sonoraenequipo.com.mx\/mexico-tendra-mas-de-21-millones-de-vacunas-covid-19-a-finales-de-marzo\/\"},\"wordCount\":585,\"commentCount\":0,\"publisher\":{\"@id\":\"https:\/\/www.sonoraenequipo.com.mx\/#organization\"},\"image\":{\"@id\":\"https:\/\/www.sonoraenequipo.com.mx\/mexico-tendra-mas-de-21-millones-de-vacunas-covid-19-a-finales-de-marzo\/#primaryimage\"},\"thumbnailUrl\":\"https:\/\/www.sonoraenequipo.com.mx\/storage\/2021\/01\/vacuna-covid-ebrard_opt.jpg\",\"articleSection\":[\"Rep\u00fablica\"],\"inLanguage\":\"es\",\"potentialAction\":[{\"@type\":\"CommentAction\",\"name\":\"Comment\",\"target\":[\"https:\/\/www.sonoraenequipo.com.mx\/mexico-tendra-mas-de-21-millones-de-vacunas-covid-19-a-finales-de-marzo\/#respond\"]}]},{\"@type\":\"WebPage\",\"@id\":\"https:\/\/www.sonoraenequipo.com.mx\/mexico-tendra-mas-de-21-millones-de-vacunas-covid-19-a-finales-de-marzo\/\",\"url\":\"https:\/\/www.sonoraenequipo.com.mx\/mexico-tendra-mas-de-21-millones-de-vacunas-covid-19-a-finales-de-marzo\/\",\"name\":\"Sonora en Equipo. M\u00e9xico tendr\u00e1 m\u00e1s de 21 millones de vacunas COVID-19 a finales de marzo Rep\u00fablica\",\"isPartOf\":{\"@id\":\"https:\/\/www.sonoraenequipo.com.mx\/#website\"},\"primaryImageOfPage\":{\"@id\":\"https:\/\/www.sonoraenequipo.com.mx\/mexico-tendra-mas-de-21-millones-de-vacunas-covid-19-a-finales-de-marzo\/#primaryimage\"},\"image\":{\"@id\":\"https:\/\/www.sonoraenequipo.com.mx\/mexico-tendra-mas-de-21-millones-de-vacunas-covid-19-a-finales-de-marzo\/#primaryimage\"},\"thumbnailUrl\":\"https:\/\/www.sonoraenequipo.com.mx\/storage\/2021\/01\/vacuna-covid-ebrard_opt.jpg\",\"datePublished\":\"2021-01-19T17:30:40+00:00\",\"dateModified\":\"2021-01-19T23:57:05+00:00\",\"description\":\"CIUDAD DE M\u00c9XICO. MX. \u2014 M\u00e9xico tendr\u00e1 para finales de marzo m\u00e1s de 21,3 millones de vacunas contra la COVID-19 pese a la reducci\u00f3n en el env\u00edo de dosis En Sonora en Equipo publicamos toda la informaci\u00f3n de Sonora, M\u00e9xico y el Mundo de manera oportuna y busca que la libertad de expresi\u00f3n sea real. Visita nuestro medio informativo publicado desde Hermosillo, Sonora. %\",\"breadcrumb\":{\"@id\":\"https:\/\/www.sonoraenequipo.com.mx\/mexico-tendra-mas-de-21-millones-de-vacunas-covid-19-a-finales-de-marzo\/#breadcrumb\"},\"inLanguage\":\"es\",\"potentialAction\":[{\"@type\":\"ReadAction\",\"target\":[\"https:\/\/www.sonoraenequipo.com.mx\/mexico-tendra-mas-de-21-millones-de-vacunas-covid-19-a-finales-de-marzo\/\"]}]},{\"@type\":\"ImageObject\",\"inLanguage\":\"es\",\"@id\":\"https:\/\/www.sonoraenequipo.com.mx\/mexico-tendra-mas-de-21-millones-de-vacunas-covid-19-a-finales-de-marzo\/#primaryimage\",\"url\":\"https:\/\/www.sonoraenequipo.com.mx\/storage\/2021\/01\/vacuna-covid-ebrard_opt.jpg\",\"contentUrl\":\"https:\/\/www.sonoraenequipo.com.mx\/storage\/2021\/01\/vacuna-covid-ebrard_opt.jpg\",\"width\":968,\"height\":500},{\"@type\":\"BreadcrumbList\",\"@id\":\"https:\/\/www.sonoraenequipo.com.mx\/mexico-tendra-mas-de-21-millones-de-vacunas-covid-19-a-finales-de-marzo\/#breadcrumb\",\"itemListElement\":[{\"@type\":\"ListItem\",\"position\":1,\"name\":\"Portada\",\"item\":\"https:\/\/www.sonoraenequipo.com.mx\/\"},{\"@type\":\"ListItem\",\"position\":2,\"name\":\"M\u00e9xico tendr\u00e1 m\u00e1s de 21 millones de vacunas COVID-19 a finales de marzo\"}]},{\"@type\":\"WebSite\",\"@id\":\"https:\/\/www.sonoraenequipo.com.mx\/#website\",\"url\":\"https:\/\/www.sonoraenequipo.com.mx\/\",\"name\":\"Sonora en Equipo.\",\"description\":\"Diario en l\u00ednea con Noticias desde Hermosillo, Sonora\",\"publisher\":{\"@id\":\"https:\/\/www.sonoraenequipo.com.mx\/#organization\"},\"potentialAction\":[{\"@type\":\"SearchAction\",\"target\":{\"@type\":\"EntryPoint\",\"urlTemplate\":\"https:\/\/www.sonoraenequipo.com.mx\/?s={search_term_string}\"},\"query-input\":{\"@type\":\"PropertyValueSpecification\",\"valueRequired\":true,\"valueName\":\"search_term_string\"}}],\"inLanguage\":\"es\"},{\"@type\":\"Organization\",\"@id\":\"https:\/\/www.sonoraenequipo.com.mx\/#organization\",\"name\":\"Sonoraenequipo.com.mx\",\"url\":\"https:\/\/www.sonoraenequipo.com.mx\/\",\"logo\":{\"@type\":\"ImageObject\",\"inLanguage\":\"es\",\"@id\":\"https:\/\/www.sonoraenequipo.com.mx\/#\/schema\/logo\/image\/\",\"url\":\"https:\/\/www.sonoraenequipo.com.mx\/storage\/2019\/01\/sonoraenequipo_opt.png\",\"contentUrl\":\"https:\/\/www.sonoraenequipo.com.mx\/storage\/2019\/01\/sonoraenequipo_opt.png\",\"width\":375,\"height\":125,\"caption\":\"Sonoraenequipo.com.mx\"},\"image\":{\"@id\":\"https:\/\/www.sonoraenequipo.com.mx\/#\/schema\/logo\/image\/\"},\"sameAs\":[\"https:\/\/www.facebook.com\/SonoraEE\/\",\"https:\/\/x.com\/sonoraenequipo\",\"https:\/\/www.youtube.com\/channel\/UC338nW-lPEYmJQs4ZABQ1SQ\"]},{\"@type\":\"Person\",\"@id\":\"https:\/\/www.sonoraenequipo.com.mx\/#\/schema\/person\/50102df0fb23a8fa9e8effad8fa81386\",\"name\":\"enequipo\",\"image\":{\"@type\":\"ImageObject\",\"inLanguage\":\"es\",\"@id\":\"https:\/\/www.sonoraenequipo.com.mx\/#\/schema\/person\/image\/\",\"url\":\"https:\/\/secure.gravatar.com\/avatar\/049821681b589dabc0bc20695993ccebb09f5b5d4d790cd9251b97faac7c652b?s=96&d=blank&r=g\",\"contentUrl\":\"https:\/\/secure.gravatar.com\/avatar\/049821681b589dabc0bc20695993ccebb09f5b5d4d790cd9251b97faac7c652b?s=96&d=blank&r=g\",\"caption\":\"enequipo\"},\"sameAs\":[\"https:\/\/www.facebook.com\/SonoraEE\"]}]}<\/script>\n ","yoast_head_json":{"title":"Sonora en Equipo. M\u00e9xico tendr\u00e1 m\u00e1s de 21 millones de vacunas COVID-19 a finales de marzo Rep\u00fablica","description":"CIUDAD DE M\u00c9XICO. MX. \u2014 M\u00e9xico tendr\u00e1 para finales de marzo m\u00e1s de 21,3 millones de vacunas contra la COVID-19 pese a la reducci\u00f3n en el env\u00edo de dosis En Sonora en Equipo publicamos toda la informaci\u00f3n de Sonora, M\u00e9xico y el Mundo de manera oportuna y busca que la libertad de expresi\u00f3n sea real. Visita nuestro medio informativo publicado desde Hermosillo, Sonora. %","robots":{"index":"index","follow":"follow","max-snippet":"max-snippet:-1","max-image-preview":"max-image-preview:large","max-video-preview":"max-video-preview:-1"},"canonical":"https:\/\/www.sonoraenequipo.com.mx\/mexico-tendra-mas-de-21-millones-de-vacunas-covid-19-a-finales-de-marzo\/","og_locale":"es_ES","og_type":"article","og_title":"Sonora en Equipo. M\u00e9xico tendr\u00e1 m\u00e1s de 21 millones de vacunas COVID-19 a finales de marzo Rep\u00fablica","og_description":"CIUDAD DE M\u00c9XICO. MX. \u2014 M\u00e9xico tendr\u00e1 para finales de marzo m\u00e1s de 21,3 millones de vacunas contra la COVID-19 pese a la reducci\u00f3n en el env\u00edo de dosis En Sonora en Equipo publicamos toda la informaci\u00f3n de Sonora, M\u00e9xico y el Mundo de manera oportuna y busca que la libertad de expresi\u00f3n sea real. Visita nuestro medio informativo publicado desde Hermosillo, Sonora. %","og_url":"https:\/\/www.sonoraenequipo.com.mx\/mexico-tendra-mas-de-21-millones-de-vacunas-covid-19-a-finales-de-marzo\/","og_site_name":"Sonora en Equipo.","article_publisher":"https:\/\/www.facebook.com\/SonoraEE\/","article_author":"https:\/\/www.facebook.com\/SonoraEE","article_published_time":"2021-01-19T17:30:40+00:00","article_modified_time":"2021-01-19T23:57:05+00:00","og_image":[{"width":968,"height":500,"url":"https:\/\/www.sonoraenequipo.com.mx\/storage\/2021\/01\/vacuna-covid-ebrard_opt.jpg","type":"image\/jpeg"}],"author":"enequipo","twitter_card":"summary_large_image","twitter_creator":"@sonoraenequipo","twitter_site":"@sonoraenequipo","twitter_misc":{"Escrito por":"enequipo","Tiempo de lectura":"3 minutos"},"schema":{"@context":"https:\/\/schema.org","@graph":[{"@type":"Article","@id":"https:\/\/www.sonoraenequipo.com.mx\/mexico-tendra-mas-de-21-millones-de-vacunas-covid-19-a-finales-de-marzo\/#article","isPartOf":{"@id":"https:\/\/www.sonoraenequipo.com.mx\/mexico-tendra-mas-de-21-millones-de-vacunas-covid-19-a-finales-de-marzo\/"},"author":{"name":"enequipo","@id":"https:\/\/www.sonoraenequipo.com.mx\/#\/schema\/person\/50102df0fb23a8fa9e8effad8fa81386"},"headline":"M\u00e9xico tendr\u00e1 m\u00e1s de 21 millones de vacunas COVID-19 a finales de marzo","datePublished":"2021-01-19T17:30:40+00:00","dateModified":"2021-01-19T23:57:05+00:00","mainEntityOfPage":{"@id":"https:\/\/www.sonoraenequipo.com.mx\/mexico-tendra-mas-de-21-millones-de-vacunas-covid-19-a-finales-de-marzo\/"},"wordCount":585,"commentCount":0,"publisher":{"@id":"https:\/\/www.sonoraenequipo.com.mx\/#organization"},"image":{"@id":"https:\/\/www.sonoraenequipo.com.mx\/mexico-tendra-mas-de-21-millones-de-vacunas-covid-19-a-finales-de-marzo\/#primaryimage"},"thumbnailUrl":"https:\/\/www.sonoraenequipo.com.mx\/storage\/2021\/01\/vacuna-covid-ebrard_opt.jpg","articleSection":["Rep\u00fablica"],"inLanguage":"es","potentialAction":[{"@type":"CommentAction","name":"Comment","target":["https:\/\/www.sonoraenequipo.com.mx\/mexico-tendra-mas-de-21-millones-de-vacunas-covid-19-a-finales-de-marzo\/#respond"]}]},{"@type":"WebPage","@id":"https:\/\/www.sonoraenequipo.com.mx\/mexico-tendra-mas-de-21-millones-de-vacunas-covid-19-a-finales-de-marzo\/","url":"https:\/\/www.sonoraenequipo.com.mx\/mexico-tendra-mas-de-21-millones-de-vacunas-covid-19-a-finales-de-marzo\/","name":"Sonora en Equipo. M\u00e9xico tendr\u00e1 m\u00e1s de 21 millones de vacunas COVID-19 a finales de marzo Rep\u00fablica","isPartOf":{"@id":"https:\/\/www.sonoraenequipo.com.mx\/#website"},"primaryImageOfPage":{"@id":"https:\/\/www.sonoraenequipo.com.mx\/mexico-tendra-mas-de-21-millones-de-vacunas-covid-19-a-finales-de-marzo\/#primaryimage"},"image":{"@id":"https:\/\/www.sonoraenequipo.com.mx\/mexico-tendra-mas-de-21-millones-de-vacunas-covid-19-a-finales-de-marzo\/#primaryimage"},"thumbnailUrl":"https:\/\/www.sonoraenequipo.com.mx\/storage\/2021\/01\/vacuna-covid-ebrard_opt.jpg","datePublished":"2021-01-19T17:30:40+00:00","dateModified":"2021-01-19T23:57:05+00:00","description":"CIUDAD DE M\u00c9XICO. MX. \u2014 M\u00e9xico tendr\u00e1 para finales de marzo m\u00e1s de 21,3 millones de vacunas contra la COVID-19 pese a la reducci\u00f3n en el env\u00edo de dosis En Sonora en Equipo publicamos toda la informaci\u00f3n de Sonora, M\u00e9xico y el Mundo de manera oportuna y busca que la libertad de expresi\u00f3n sea real. Visita nuestro medio informativo publicado desde Hermosillo, Sonora. %","breadcrumb":{"@id":"https:\/\/www.sonoraenequipo.com.mx\/mexico-tendra-mas-de-21-millones-de-vacunas-covid-19-a-finales-de-marzo\/#breadcrumb"},"inLanguage":"es","potentialAction":[{"@type":"ReadAction","target":["https:\/\/www.sonoraenequipo.com.mx\/mexico-tendra-mas-de-21-millones-de-vacunas-covid-19-a-finales-de-marzo\/"]}]},{"@type":"ImageObject","inLanguage":"es","@id":"https:\/\/www.sonoraenequipo.com.mx\/mexico-tendra-mas-de-21-millones-de-vacunas-covid-19-a-finales-de-marzo\/#primaryimage","url":"https:\/\/www.sonoraenequipo.com.mx\/storage\/2021\/01\/vacuna-covid-ebrard_opt.jpg","contentUrl":"https:\/\/www.sonoraenequipo.com.mx\/storage\/2021\/01\/vacuna-covid-ebrard_opt.jpg","width":968,"height":500},{"@type":"BreadcrumbList","@id":"https:\/\/www.sonoraenequipo.com.mx\/mexico-tendra-mas-de-21-millones-de-vacunas-covid-19-a-finales-de-marzo\/#breadcrumb","itemListElement":[{"@type":"ListItem","position":1,"name":"Portada","item":"https:\/\/www.sonoraenequipo.com.mx\/"},{"@type":"ListItem","position":2,"name":"M\u00e9xico tendr\u00e1 m\u00e1s de 21 millones de vacunas COVID-19 a finales de marzo"}]},{"@type":"WebSite","@id":"https:\/\/www.sonoraenequipo.com.mx\/#website","url":"https:\/\/www.sonoraenequipo.com.mx\/","name":"Sonora en Equipo.","description":"Diario en l\u00ednea con Noticias desde Hermosillo, Sonora","publisher":{"@id":"https:\/\/www.sonoraenequipo.com.mx\/#organization"},"potentialAction":[{"@type":"SearchAction","target":{"@type":"EntryPoint","urlTemplate":"https:\/\/www.sonoraenequipo.com.mx\/?s={search_term_string}"},"query-input":{"@type":"PropertyValueSpecification","valueRequired":true,"valueName":"search_term_string"}}],"inLanguage":"es"},{"@type":"Organization","@id":"https:\/\/www.sonoraenequipo.com.mx\/#organization","name":"Sonoraenequipo.com.mx","url":"https:\/\/www.sonoraenequipo.com.mx\/","logo":{"@type":"ImageObject","inLanguage":"es","@id":"https:\/\/www.sonoraenequipo.com.mx\/#\/schema\/logo\/image\/","url":"https:\/\/www.sonoraenequipo.com.mx\/storage\/2019\/01\/sonoraenequipo_opt.png","contentUrl":"https:\/\/www.sonoraenequipo.com.mx\/storage\/2019\/01\/sonoraenequipo_opt.png","width":375,"height":125,"caption":"Sonoraenequipo.com.mx"},"image":{"@id":"https:\/\/www.sonoraenequipo.com.mx\/#\/schema\/logo\/image\/"},"sameAs":["https:\/\/www.facebook.com\/SonoraEE\/","https:\/\/x.com\/sonoraenequipo","https:\/\/www.youtube.com\/channel\/UC338nW-lPEYmJQs4ZABQ1SQ"]},{"@type":"Person","@id":"https:\/\/www.sonoraenequipo.com.mx\/#\/schema\/person\/50102df0fb23a8fa9e8effad8fa81386","name":"enequipo","image":{"@type":"ImageObject","inLanguage":"es","@id":"https:\/\/www.sonoraenequipo.com.mx\/#\/schema\/person\/image\/","url":"https:\/\/secure.gravatar.com\/avatar\/049821681b589dabc0bc20695993ccebb09f5b5d4d790cd9251b97faac7c652b?s=96&d=blank&r=g","contentUrl":"https:\/\/secure.gravatar.com\/avatar\/049821681b589dabc0bc20695993ccebb09f5b5d4d790cd9251b97faac7c652b?s=96&d=blank&r=g","caption":"enequipo"},"sameAs":["https:\/\/www.facebook.com\/SonoraEE"]}]}},"jetpack_featured_media_url":"https:\/\/www.sonoraenequipo.com.mx\/storage\/2021\/01\/vacuna-covid-ebrard_opt.jpg","_links":{"self":[{"href":"https:\/\/www.sonoraenequipo.com.mx\/api\/wp\/v2\/posts\/104960","targetHints":{"allow":["GET"]}}],"collection":[{"href":"https:\/\/www.sonoraenequipo.com.mx\/api\/wp\/v2\/posts"}],"about":[{"href":"https:\/\/www.sonoraenequipo.com.mx\/api\/wp\/v2\/types\/post"}],"author":[{"embeddable":true,"href":"https:\/\/www.sonoraenequipo.com.mx\/api\/wp\/v2\/users\/1"}],"replies":[{"embeddable":true,"href":"https:\/\/www.sonoraenequipo.com.mx\/api\/wp\/v2\/comments?post=104960"}],"version-history":[{"count":1,"href":"https:\/\/www.sonoraenequipo.com.mx\/api\/wp\/v2\/posts\/104960\/revisions"}],"predecessor-version":[{"id":104961,"href":"https:\/\/www.sonoraenequipo.com.mx\/api\/wp\/v2\/posts\/104960\/revisions\/104961"}],"wp:featuredmedia":[{"embeddable":true,"href":"https:\/\/www.sonoraenequipo.com.mx\/api\/wp\/v2\/media\/104936"}],"wp:attachment":[{"href":"https:\/\/www.sonoraenequipo.com.mx\/api\/wp\/v2\/media?parent=104960"}],"wp:term":[{"taxonomy":"category","embeddable":true,"href":"https:\/\/www.sonoraenequipo.com.mx\/api\/wp\/v2\/categories?post=104960"},{"taxonomy":"post_tag","embeddable":true,"href":"https:\/\/www.sonoraenequipo.com.mx\/api\/wp\/v2\/tags?post=104960"}],"curies":[{"name":"wp","href":"https:\/\/api.w.org\/{rel}","templated":true}]}}