{"id":104967,"date":"2021-01-19T11:20:27","date_gmt":"2021-01-19T18:20:27","guid":{"rendered":"https:\/\/www.sonoraenequipo.com.mx\/?p=104967"},"modified":"2021-01-19T17:18:48","modified_gmt":"2021-01-20T00:18:48","slug":"lengua-covid-un-nuevo-sintoma-del-coronavirus","status":"publish","type":"post","link":"https:\/\/www.sonoraenequipo.com.mx\/lengua-covid-un-nuevo-sintoma-del-coronavirus\/","title":{"rendered":"Lengua COVID, \u00bfun nuevo s\u00edntoma del coronavirus?"},"content":{"rendered":"<p>CIUDAD DE M\u00c9XICO. MX. \u2014 La lengua covid, de acuerdo con un epidemi\u00f3logo brit\u00e1nico es un nuevo s\u00edntoma de la enfermedad causada por el coronavirus. \u00bfEn qu\u00e9 consiste?<\/p>\n<p>&nbsp;<\/p>\n<p> <\/p>\n<p>&nbsp;<\/p>\n<p>Un epidemi\u00f3logo del King\u2019s College de Londres ha afirmado que hay un aumento en el n\u00famero de pacientes con COVID-19 que sufren s\u00edntomas inc\u00f3modos en la boca, como \u00falceras. A este s\u00edntoma se le ha llamado lengua covid. No obstante, la Organizaci\u00f3n Mundial de la Salud (OMS) a\u00fan no lo reconoce como uno de los s\u00edntomas del coronavirus.<\/p>\n<p>&nbsp;<\/p>\n<p>Seg\u00fan el profesor Tim Spector, la lengua covid deber\u00eda ser tomada en cuenta como s\u00edntoma. As\u00ed lo explic\u00f3 en Twitter:<\/p>\n<p>&nbsp;<\/p>\n<p><em>\u201cUna de cada cinco personas con covid todav\u00eda presenta s\u00edntomas menos comunes que no figuran en la lista oficial de Sal\u00fad P\u00fablica de Inglaterra, como erupci\u00f3n cut\u00e1nea. Se observa un n\u00famero creciente de lenguas covid y extra\u00f1as \u00falceras en la boca. Si tiene un s\u00edntoma extra\u00f1o de dolores de cabeza y fatiga, \u00a1simplemente qu\u00e9dese en casa!\u201d<\/em><\/p>\n<p>&nbsp;<\/p>\n<h3>\u00bfQu\u00e9 es la lengua covid?<\/h3>\n<p>&nbsp;<\/p>\n<p>La lengua covid, de acuerdo con Spector, consiste en que la lengua se cubre de \u00falceras o que parece tener parches o hinchaz\u00f3n.<\/p>\n<p>&nbsp;<\/p>\n<p>Esto significar\u00eda que un los s\u00edntomas de COVID-19 se manifestar\u00eda dentro de la boca, en la forma de parches gruesos en toda la lengua. Por aterrador que parezca, es una condici\u00f3n inofensiva que se resolver\u00e1 por s\u00ed sola en una semana. Por esta condici\u00f3n, se dice, una persona perder\u00eda la capacidad de saborear y oler.<\/p>\n<p>&nbsp;<\/p>\n<p>No obstante, siempre ser\u00e1 fundamental hacerse la prueba y asistir al medico en caso de presentar alguno de los s\u00edntomas de COVID-19, para tener la certeza.<\/p>\n<p>&nbsp;<\/p>\n<p><a class=\"twitter-timeline\" data-width=\"640\" data-height=\"960\" data-dnt=\"true\" href=\"https:\/\/twitter.com\/timspector?ref_src=twsrc%5Etfw\">Tweets by timspector<\/a><script async src=\"https:\/\/platform.twitter.com\/widgets.js\" charset=\"utf-8\"><\/script><\/p>\n<p>&nbsp;<\/p>\n<p>(Publicada el 19\/01\/2021)<\/p>\n","protected":false},"excerpt":{"rendered":"<p>CIUDAD DE M\u00c9XICO. MX. \u2014 La lengua covid, de acuerdo con un epidemi\u00f3logo brit\u00e1nico es&#8230;<\/p>\n","protected":false},"author":1,"featured_media":104970,"comment_status":"open","ping_status":"open","sticky":false,"template":"","format":"standard","meta":{"_monsterinsights_skip_tracking":false,"_monsterinsights_sitenote_active":false,"_monsterinsights_sitenote_note":"","_monsterinsights_sitenote_category":0,"footnotes":""},"categories":[2216],"tags":[],"class_list":["post"],"yoast_head":" \n<title>Sonora en Equipo. Lengua COVID, \u00bfun nuevo s\u00edntoma del coronavirus? Ciencia y Tecnolog\u00eda<\/title>\n<meta name=\"description\" content=\"CIUDAD DE M\u00c9XICO. MX. \u2014 La lengua covid, de acuerdo con un epidemi\u00f3logo brit\u00e1nico es un nuevo s\u00edntoma de la enfermedad causada por el coronavirus. \u00bfEn qu\u00e9 En Sonora en Equipo publicamos toda la informaci\u00f3n de Sonora, M\u00e9xico y el Mundo de manera oportuna y busca que la libertad de expresi\u00f3n sea real. Visita nuestro medio informativo publicado desde Hermosillo, Sonora. %\" \/>\n<meta name=\"robots\" content=\"index, follow, max-snippet:-1, max-image-preview:large, max-video-preview:-1\" \/>\n<link rel=\"canonical\" href=\"https:\/\/www.sonoraenequipo.com.mx\/lengua-covid-un-nuevo-sintoma-del-coronavirus\/\" \/>\n<meta property=\"og:locale\" content=\"es_ES\" \/>\n<meta property=\"og:type\" content=\"article\" \/>\n<meta property=\"og:title\" content=\"Sonora en Equipo. Lengua COVID, \u00bfun nuevo s\u00edntoma del coronavirus? Ciencia y Tecnolog\u00eda\" \/>\n<meta property=\"og:description\" content=\"CIUDAD DE M\u00c9XICO. MX. \u2014 La lengua covid, de acuerdo con un epidemi\u00f3logo brit\u00e1nico es un nuevo s\u00edntoma de la enfermedad causada por el coronavirus. \u00bfEn qu\u00e9 En Sonora en Equipo publicamos toda la informaci\u00f3n de Sonora, M\u00e9xico y el Mundo de manera oportuna y busca que la libertad de expresi\u00f3n sea real. Visita nuestro medio informativo publicado desde Hermosillo, Sonora. %\" \/>\n<meta property=\"og:url\" content=\"https:\/\/www.sonoraenequipo.com.mx\/lengua-covid-un-nuevo-sintoma-del-coronavirus\/\" \/>\n<meta property=\"og:site_name\" content=\"Sonora en Equipo.\" \/>\n<meta property=\"article:publisher\" content=\"https:\/\/www.facebook.com\/SonoraEE\/\" \/>\n<meta property=\"article:author\" content=\"https:\/\/www.facebook.com\/SonoraEE\" \/>\n<meta property=\"article:published_time\" content=\"2021-01-19T18:20:27+00:00\" \/>\n<meta property=\"article:modified_time\" content=\"2021-01-20T00:18:48+00:00\" \/>\n<meta property=\"og:image\" content=\"https:\/\/www.sonoraenequipo.com.mx\/storage\/2021\/01\/lengua-covid-un-nuevo-sintoma-del-coronavirus_opt.jpg\" \/>\n\t<meta property=\"og:image:width\" content=\"709\" \/>\n\t<meta property=\"og:image:height\" content=\"400\" \/>\n\t<meta property=\"og:image:type\" content=\"image\/jpeg\" \/>\n<meta name=\"author\" content=\"enequipo\" \/>\n<meta name=\"twitter:card\" content=\"summary_large_image\" \/>\n<meta name=\"twitter:creator\" content=\"@sonoraenequipo\" \/>\n<meta name=\"twitter:site\" content=\"@sonoraenequipo\" \/>\n<meta name=\"twitter:label1\" content=\"Escrito por\" \/>\n\t<meta name=\"twitter:data1\" content=\"enequipo\" \/>\n\t<meta name=\"twitter:label2\" content=\"Tiempo de lectura\" \/>\n\t<meta name=\"twitter:data2\" content=\"2 minutos\" \/>\n<script type=\"application\/ld+json\" class=\"yoast-schema-graph\">{\"@context\":\"https:\/\/schema.org\",\"@graph\":[{\"@type\":\"Article\",\"@id\":\"https:\/\/www.sonoraenequipo.com.mx\/lengua-covid-un-nuevo-sintoma-del-coronavirus\/#article\",\"isPartOf\":{\"@id\":\"https:\/\/www.sonoraenequipo.com.mx\/lengua-covid-un-nuevo-sintoma-del-coronavirus\/\"},\"author\":{\"name\":\"enequipo\",\"@id\":\"https:\/\/www.sonoraenequipo.com.mx\/#\/schema\/person\/50102df0fb23a8fa9e8effad8fa81386\"},\"headline\":\"Lengua COVID, \u00bfun nuevo s\u00edntoma del coronavirus?\",\"datePublished\":\"2021-01-19T18:20:27+00:00\",\"dateModified\":\"2021-01-20T00:18:48+00:00\",\"mainEntityOfPage\":{\"@id\":\"https:\/\/www.sonoraenequipo.com.mx\/lengua-covid-un-nuevo-sintoma-del-coronavirus\/\"},\"wordCount\":329,\"commentCount\":0,\"publisher\":{\"@id\":\"https:\/\/www.sonoraenequipo.com.mx\/#organization\"},\"image\":{\"@id\":\"https:\/\/www.sonoraenequipo.com.mx\/lengua-covid-un-nuevo-sintoma-del-coronavirus\/#primaryimage\"},\"thumbnailUrl\":\"https:\/\/www.sonoraenequipo.com.mx\/storage\/2021\/01\/lengua-covid-un-nuevo-sintoma-del-coronavirus_opt.jpg\",\"articleSection\":[\"Ciencia y Tecnolog\u00eda\"],\"inLanguage\":\"es\",\"potentialAction\":[{\"@type\":\"CommentAction\",\"name\":\"Comment\",\"target\":[\"https:\/\/www.sonoraenequipo.com.mx\/lengua-covid-un-nuevo-sintoma-del-coronavirus\/#respond\"]}]},{\"@type\":\"WebPage\",\"@id\":\"https:\/\/www.sonoraenequipo.com.mx\/lengua-covid-un-nuevo-sintoma-del-coronavirus\/\",\"url\":\"https:\/\/www.sonoraenequipo.com.mx\/lengua-covid-un-nuevo-sintoma-del-coronavirus\/\",\"name\":\"Sonora en Equipo. Lengua COVID, \u00bfun nuevo s\u00edntoma del coronavirus? Ciencia y Tecnolog\u00eda\",\"isPartOf\":{\"@id\":\"https:\/\/www.sonoraenequipo.com.mx\/#website\"},\"primaryImageOfPage\":{\"@id\":\"https:\/\/www.sonoraenequipo.com.mx\/lengua-covid-un-nuevo-sintoma-del-coronavirus\/#primaryimage\"},\"image\":{\"@id\":\"https:\/\/www.sonoraenequipo.com.mx\/lengua-covid-un-nuevo-sintoma-del-coronavirus\/#primaryimage\"},\"thumbnailUrl\":\"https:\/\/www.sonoraenequipo.com.mx\/storage\/2021\/01\/lengua-covid-un-nuevo-sintoma-del-coronavirus_opt.jpg\",\"datePublished\":\"2021-01-19T18:20:27+00:00\",\"dateModified\":\"2021-01-20T00:18:48+00:00\",\"description\":\"CIUDAD DE M\u00c9XICO. MX. \u2014 La lengua covid, de acuerdo con un epidemi\u00f3logo brit\u00e1nico es un nuevo s\u00edntoma de la enfermedad causada por el coronavirus. \u00bfEn qu\u00e9 En Sonora en Equipo publicamos toda la informaci\u00f3n de Sonora, M\u00e9xico y el Mundo de manera oportuna y busca que la libertad de expresi\u00f3n sea real. Visita nuestro medio informativo publicado desde Hermosillo, Sonora. %\",\"breadcrumb\":{\"@id\":\"https:\/\/www.sonoraenequipo.com.mx\/lengua-covid-un-nuevo-sintoma-del-coronavirus\/#breadcrumb\"},\"inLanguage\":\"es\",\"potentialAction\":[{\"@type\":\"ReadAction\",\"target\":[\"https:\/\/www.sonoraenequipo.com.mx\/lengua-covid-un-nuevo-sintoma-del-coronavirus\/\"]}]},{\"@type\":\"ImageObject\",\"inLanguage\":\"es\",\"@id\":\"https:\/\/www.sonoraenequipo.com.mx\/lengua-covid-un-nuevo-sintoma-del-coronavirus\/#primaryimage\",\"url\":\"https:\/\/www.sonoraenequipo.com.mx\/storage\/2021\/01\/lengua-covid-un-nuevo-sintoma-del-coronavirus_opt.jpg\",\"contentUrl\":\"https:\/\/www.sonoraenequipo.com.mx\/storage\/2021\/01\/lengua-covid-un-nuevo-sintoma-del-coronavirus_opt.jpg\",\"width\":709,\"height\":400},{\"@type\":\"BreadcrumbList\",\"@id\":\"https:\/\/www.sonoraenequipo.com.mx\/lengua-covid-un-nuevo-sintoma-del-coronavirus\/#breadcrumb\",\"itemListElement\":[{\"@type\":\"ListItem\",\"position\":1,\"name\":\"Portada\",\"item\":\"https:\/\/www.sonoraenequipo.com.mx\/\"},{\"@type\":\"ListItem\",\"position\":2,\"name\":\"Lengua COVID, \u00bfun nuevo s\u00edntoma del coronavirus?\"}]},{\"@type\":\"WebSite\",\"@id\":\"https:\/\/www.sonoraenequipo.com.mx\/#website\",\"url\":\"https:\/\/www.sonoraenequipo.com.mx\/\",\"name\":\"Sonora en Equipo.\",\"description\":\"Diario en l\u00ednea con Noticias desde Hermosillo, Sonora\",\"publisher\":{\"@id\":\"https:\/\/www.sonoraenequipo.com.mx\/#organization\"},\"potentialAction\":[{\"@type\":\"SearchAction\",\"target\":{\"@type\":\"EntryPoint\",\"urlTemplate\":\"https:\/\/www.sonoraenequipo.com.mx\/?s={search_term_string}\"},\"query-input\":{\"@type\":\"PropertyValueSpecification\",\"valueRequired\":true,\"valueName\":\"search_term_string\"}}],\"inLanguage\":\"es\"},{\"@type\":\"Organization\",\"@id\":\"https:\/\/www.sonoraenequipo.com.mx\/#organization\",\"name\":\"Sonoraenequipo.com.mx\",\"url\":\"https:\/\/www.sonoraenequipo.com.mx\/\",\"logo\":{\"@type\":\"ImageObject\",\"inLanguage\":\"es\",\"@id\":\"https:\/\/www.sonoraenequipo.com.mx\/#\/schema\/logo\/image\/\",\"url\":\"https:\/\/www.sonoraenequipo.com.mx\/storage\/2019\/01\/sonoraenequipo_opt.png\",\"contentUrl\":\"https:\/\/www.sonoraenequipo.com.mx\/storage\/2019\/01\/sonoraenequipo_opt.png\",\"width\":375,\"height\":125,\"caption\":\"Sonoraenequipo.com.mx\"},\"image\":{\"@id\":\"https:\/\/www.sonoraenequipo.com.mx\/#\/schema\/logo\/image\/\"},\"sameAs\":[\"https:\/\/www.facebook.com\/SonoraEE\/\",\"https:\/\/x.com\/sonoraenequipo\",\"https:\/\/www.youtube.com\/channel\/UC338nW-lPEYmJQs4ZABQ1SQ\"]},{\"@type\":\"Person\",\"@id\":\"https:\/\/www.sonoraenequipo.com.mx\/#\/schema\/person\/50102df0fb23a8fa9e8effad8fa81386\",\"name\":\"enequipo\",\"image\":{\"@type\":\"ImageObject\",\"inLanguage\":\"es\",\"@id\":\"https:\/\/www.sonoraenequipo.com.mx\/#\/schema\/person\/image\/\",\"url\":\"https:\/\/secure.gravatar.com\/avatar\/049821681b589dabc0bc20695993ccebb09f5b5d4d790cd9251b97faac7c652b?s=96&d=blank&r=g\",\"contentUrl\":\"https:\/\/secure.gravatar.com\/avatar\/049821681b589dabc0bc20695993ccebb09f5b5d4d790cd9251b97faac7c652b?s=96&d=blank&r=g\",\"caption\":\"enequipo\"},\"sameAs\":[\"https:\/\/www.facebook.com\/SonoraEE\"]}]}<\/script>\n ","yoast_head_json":{"title":"Sonora en Equipo. Lengua COVID, \u00bfun nuevo s\u00edntoma del coronavirus? Ciencia y Tecnolog\u00eda","description":"CIUDAD DE M\u00c9XICO. MX. \u2014 La lengua covid, de acuerdo con un epidemi\u00f3logo brit\u00e1nico es un nuevo s\u00edntoma de la enfermedad causada por el coronavirus. \u00bfEn qu\u00e9 En Sonora en Equipo publicamos toda la informaci\u00f3n de Sonora, M\u00e9xico y el Mundo de manera oportuna y busca que la libertad de expresi\u00f3n sea real. Visita nuestro medio informativo publicado desde Hermosillo, Sonora. %","robots":{"index":"index","follow":"follow","max-snippet":"max-snippet:-1","max-image-preview":"max-image-preview:large","max-video-preview":"max-video-preview:-1"},"canonical":"https:\/\/www.sonoraenequipo.com.mx\/lengua-covid-un-nuevo-sintoma-del-coronavirus\/","og_locale":"es_ES","og_type":"article","og_title":"Sonora en Equipo. Lengua COVID, \u00bfun nuevo s\u00edntoma del coronavirus? Ciencia y Tecnolog\u00eda","og_description":"CIUDAD DE M\u00c9XICO. MX. \u2014 La lengua covid, de acuerdo con un epidemi\u00f3logo brit\u00e1nico es un nuevo s\u00edntoma de la enfermedad causada por el coronavirus. \u00bfEn qu\u00e9 En Sonora en Equipo publicamos toda la informaci\u00f3n de Sonora, M\u00e9xico y el Mundo de manera oportuna y busca que la libertad de expresi\u00f3n sea real. Visita nuestro medio informativo publicado desde Hermosillo, Sonora. %","og_url":"https:\/\/www.sonoraenequipo.com.mx\/lengua-covid-un-nuevo-sintoma-del-coronavirus\/","og_site_name":"Sonora en Equipo.","article_publisher":"https:\/\/www.facebook.com\/SonoraEE\/","article_author":"https:\/\/www.facebook.com\/SonoraEE","article_published_time":"2021-01-19T18:20:27+00:00","article_modified_time":"2021-01-20T00:18:48+00:00","og_image":[{"width":709,"height":400,"url":"https:\/\/www.sonoraenequipo.com.mx\/storage\/2021\/01\/lengua-covid-un-nuevo-sintoma-del-coronavirus_opt.jpg","type":"image\/jpeg"}],"author":"enequipo","twitter_card":"summary_large_image","twitter_creator":"@sonoraenequipo","twitter_site":"@sonoraenequipo","twitter_misc":{"Escrito por":"enequipo","Tiempo de lectura":"2 minutos"},"schema":{"@context":"https:\/\/schema.org","@graph":[{"@type":"Article","@id":"https:\/\/www.sonoraenequipo.com.mx\/lengua-covid-un-nuevo-sintoma-del-coronavirus\/#article","isPartOf":{"@id":"https:\/\/www.sonoraenequipo.com.mx\/lengua-covid-un-nuevo-sintoma-del-coronavirus\/"},"author":{"name":"enequipo","@id":"https:\/\/www.sonoraenequipo.com.mx\/#\/schema\/person\/50102df0fb23a8fa9e8effad8fa81386"},"headline":"Lengua COVID, \u00bfun nuevo s\u00edntoma del coronavirus?","datePublished":"2021-01-19T18:20:27+00:00","dateModified":"2021-01-20T00:18:48+00:00","mainEntityOfPage":{"@id":"https:\/\/www.sonoraenequipo.com.mx\/lengua-covid-un-nuevo-sintoma-del-coronavirus\/"},"wordCount":329,"commentCount":0,"publisher":{"@id":"https:\/\/www.sonoraenequipo.com.mx\/#organization"},"image":{"@id":"https:\/\/www.sonoraenequipo.com.mx\/lengua-covid-un-nuevo-sintoma-del-coronavirus\/#primaryimage"},"thumbnailUrl":"https:\/\/www.sonoraenequipo.com.mx\/storage\/2021\/01\/lengua-covid-un-nuevo-sintoma-del-coronavirus_opt.jpg","articleSection":["Ciencia y Tecnolog\u00eda"],"inLanguage":"es","potentialAction":[{"@type":"CommentAction","name":"Comment","target":["https:\/\/www.sonoraenequipo.com.mx\/lengua-covid-un-nuevo-sintoma-del-coronavirus\/#respond"]}]},{"@type":"WebPage","@id":"https:\/\/www.sonoraenequipo.com.mx\/lengua-covid-un-nuevo-sintoma-del-coronavirus\/","url":"https:\/\/www.sonoraenequipo.com.mx\/lengua-covid-un-nuevo-sintoma-del-coronavirus\/","name":"Sonora en Equipo. Lengua COVID, \u00bfun nuevo s\u00edntoma del coronavirus? Ciencia y Tecnolog\u00eda","isPartOf":{"@id":"https:\/\/www.sonoraenequipo.com.mx\/#website"},"primaryImageOfPage":{"@id":"https:\/\/www.sonoraenequipo.com.mx\/lengua-covid-un-nuevo-sintoma-del-coronavirus\/#primaryimage"},"image":{"@id":"https:\/\/www.sonoraenequipo.com.mx\/lengua-covid-un-nuevo-sintoma-del-coronavirus\/#primaryimage"},"thumbnailUrl":"https:\/\/www.sonoraenequipo.com.mx\/storage\/2021\/01\/lengua-covid-un-nuevo-sintoma-del-coronavirus_opt.jpg","datePublished":"2021-01-19T18:20:27+00:00","dateModified":"2021-01-20T00:18:48+00:00","description":"CIUDAD DE M\u00c9XICO. MX. \u2014 La lengua covid, de acuerdo con un epidemi\u00f3logo brit\u00e1nico es un nuevo s\u00edntoma de la enfermedad causada por el coronavirus. \u00bfEn qu\u00e9 En Sonora en Equipo publicamos toda la informaci\u00f3n de Sonora, M\u00e9xico y el Mundo de manera oportuna y busca que la libertad de expresi\u00f3n sea real. Visita nuestro medio informativo publicado desde Hermosillo, Sonora. %","breadcrumb":{"@id":"https:\/\/www.sonoraenequipo.com.mx\/lengua-covid-un-nuevo-sintoma-del-coronavirus\/#breadcrumb"},"inLanguage":"es","potentialAction":[{"@type":"ReadAction","target":["https:\/\/www.sonoraenequipo.com.mx\/lengua-covid-un-nuevo-sintoma-del-coronavirus\/"]}]},{"@type":"ImageObject","inLanguage":"es","@id":"https:\/\/www.sonoraenequipo.com.mx\/lengua-covid-un-nuevo-sintoma-del-coronavirus\/#primaryimage","url":"https:\/\/www.sonoraenequipo.com.mx\/storage\/2021\/01\/lengua-covid-un-nuevo-sintoma-del-coronavirus_opt.jpg","contentUrl":"https:\/\/www.sonoraenequipo.com.mx\/storage\/2021\/01\/lengua-covid-un-nuevo-sintoma-del-coronavirus_opt.jpg","width":709,"height":400},{"@type":"BreadcrumbList","@id":"https:\/\/www.sonoraenequipo.com.mx\/lengua-covid-un-nuevo-sintoma-del-coronavirus\/#breadcrumb","itemListElement":[{"@type":"ListItem","position":1,"name":"Portada","item":"https:\/\/www.sonoraenequipo.com.mx\/"},{"@type":"ListItem","position":2,"name":"Lengua COVID, \u00bfun nuevo s\u00edntoma del coronavirus?"}]},{"@type":"WebSite","@id":"https:\/\/www.sonoraenequipo.com.mx\/#website","url":"https:\/\/www.sonoraenequipo.com.mx\/","name":"Sonora en Equipo.","description":"Diario en l\u00ednea con Noticias desde Hermosillo, Sonora","publisher":{"@id":"https:\/\/www.sonoraenequipo.com.mx\/#organization"},"potentialAction":[{"@type":"SearchAction","target":{"@type":"EntryPoint","urlTemplate":"https:\/\/www.sonoraenequipo.com.mx\/?s={search_term_string}"},"query-input":{"@type":"PropertyValueSpecification","valueRequired":true,"valueName":"search_term_string"}}],"inLanguage":"es"},{"@type":"Organization","@id":"https:\/\/www.sonoraenequipo.com.mx\/#organization","name":"Sonoraenequipo.com.mx","url":"https:\/\/www.sonoraenequipo.com.mx\/","logo":{"@type":"ImageObject","inLanguage":"es","@id":"https:\/\/www.sonoraenequipo.com.mx\/#\/schema\/logo\/image\/","url":"https:\/\/www.sonoraenequipo.com.mx\/storage\/2019\/01\/sonoraenequipo_opt.png","contentUrl":"https:\/\/www.sonoraenequipo.com.mx\/storage\/2019\/01\/sonoraenequipo_opt.png","width":375,"height":125,"caption":"Sonoraenequipo.com.mx"},"image":{"@id":"https:\/\/www.sonoraenequipo.com.mx\/#\/schema\/logo\/image\/"},"sameAs":["https:\/\/www.facebook.com\/SonoraEE\/","https:\/\/x.com\/sonoraenequipo","https:\/\/www.youtube.com\/channel\/UC338nW-lPEYmJQs4ZABQ1SQ"]},{"@type":"Person","@id":"https:\/\/www.sonoraenequipo.com.mx\/#\/schema\/person\/50102df0fb23a8fa9e8effad8fa81386","name":"enequipo","image":{"@type":"ImageObject","inLanguage":"es","@id":"https:\/\/www.sonoraenequipo.com.mx\/#\/schema\/person\/image\/","url":"https:\/\/secure.gravatar.com\/avatar\/049821681b589dabc0bc20695993ccebb09f5b5d4d790cd9251b97faac7c652b?s=96&d=blank&r=g","contentUrl":"https:\/\/secure.gravatar.com\/avatar\/049821681b589dabc0bc20695993ccebb09f5b5d4d790cd9251b97faac7c652b?s=96&d=blank&r=g","caption":"enequipo"},"sameAs":["https:\/\/www.facebook.com\/SonoraEE"]}]}},"jetpack_featured_media_url":"https:\/\/www.sonoraenequipo.com.mx\/storage\/2021\/01\/lengua-covid-un-nuevo-sintoma-del-coronavirus_opt.jpg","_links":{"self":[{"href":"https:\/\/www.sonoraenequipo.com.mx\/api\/wp\/v2\/posts\/104967","targetHints":{"allow":["GET"]}}],"collection":[{"href":"https:\/\/www.sonoraenequipo.com.mx\/api\/wp\/v2\/posts"}],"about":[{"href":"https:\/\/www.sonoraenequipo.com.mx\/api\/wp\/v2\/types\/post"}],"author":[{"embeddable":true,"href":"https:\/\/www.sonoraenequipo.com.mx\/api\/wp\/v2\/users\/1"}],"replies":[{"embeddable":true,"href":"https:\/\/www.sonoraenequipo.com.mx\/api\/wp\/v2\/comments?post=104967"}],"version-history":[{"count":1,"href":"https:\/\/www.sonoraenequipo.com.mx\/api\/wp\/v2\/posts\/104967\/revisions"}],"predecessor-version":[{"id":104971,"href":"https:\/\/www.sonoraenequipo.com.mx\/api\/wp\/v2\/posts\/104967\/revisions\/104971"}],"wp:featuredmedia":[{"embeddable":true,"href":"https:\/\/www.sonoraenequipo.com.mx\/api\/wp\/v2\/media\/104970"}],"wp:attachment":[{"href":"https:\/\/www.sonoraenequipo.com.mx\/api\/wp\/v2\/media?parent=104967"}],"wp:term":[{"taxonomy":"category","embeddable":true,"href":"https:\/\/www.sonoraenequipo.com.mx\/api\/wp\/v2\/categories?post=104967"},{"taxonomy":"post_tag","embeddable":true,"href":"https:\/\/www.sonoraenequipo.com.mx\/api\/wp\/v2\/tags?post=104967"}],"curies":[{"name":"wp","href":"https:\/\/api.w.org\/{rel}","templated":true}]}}