{"id":104993,"date":"2021-01-19T15:00:40","date_gmt":"2021-01-19T22:00:40","guid":{"rendered":"https:\/\/www.sonoraenequipo.com.mx\/?p=104993"},"modified":"2021-01-19T19:19:04","modified_gmt":"2021-01-20T02:19:04","slug":"tienen-personas-privadas-de-su-libertad-en-ceresos-de-sonora-reinsercion-educativa","status":"publish","type":"post","link":"https:\/\/www.sonoraenequipo.com.mx\/tienen-personas-privadas-de-su-libertad-en-ceresos-de-sonora-reinsercion-educativa\/","title":{"rendered":"Tienen Personas Privadas de su Libertad en Ceresos de Sonora reinserci\u00f3n educativa"},"content":{"rendered":"<p>CIUDAD OBREG\u00d3N, SONORA. MX.\u00a0 Motivados por sus ganas de salir adelante y utilizar el tiempo para su crecimiento personal, Personas Privadas de su Libertad (PPL) cursan sus estudios universitarios en l\u00ednea y son ejemplo de voluntad y superaci\u00f3n, destac\u00f3 el coordinador del Sistema Estatal Penitenciario, Javier de Jes\u00fas Ibarra Falomir.<\/p>\n<p>&nbsp;<\/p>\n<p> <\/p>\n<p>&nbsp;<\/p>\n<p>El funcionario estatal explic\u00f3 que como parte del fortalecimiento de uno de los ejes rectores de la reinserci\u00f3n social, en los 13 Ceresos de Sonora, se impulsa la incorporaci\u00f3n educativa de las y los PPL.<\/p>\n<p>&nbsp;<\/p>\n<p>Asegur\u00f3 que de las nueve PPL que actualmente cursan la Universidad, siete se encuentran en el Cereso Nogales Femenil, dos estudian Derecho por la Universidad de Sonora; una Criminolog\u00eda en la Universidad CEUNO; una Educaci\u00f3n, tres Derecho y una Ingenier\u00eda en Sistemas por la Universidad Espa\u00f1a M\u00e9xico y una m\u00e1s Comercio Internacional en la Universidad CEUNO.<\/p>\n<p>&nbsp;<\/p>\n<p>En cuanto al Cereso de Caborca, dijo, son dos los PPL que actualmente estudian en la Universidad Abierta y a Distancia de M\u00e9xico de la SEP, las licenciaturas en Derecho e Ingenier\u00eda Industrial.<\/p>\n<p>&nbsp;<\/p>\n<p>Precis\u00f3 que actualmente se tienen 153 PPL estudiando preparatoria, 577 ya la finalizaron, as\u00ed como tres mil 658 con secundaria terminada bajo la asesor\u00eda de instructores del Instituto Sonorense de Educaci\u00f3n para los Adultos (ISEA).<\/p>\n<p>&nbsp;<\/p>\n<p>Destac\u00f3 el caso de un grupo de 23 mujeres del Centro de Reinserci\u00f3n Social de Cajeme, que sobresalen por estudiar su Preparatoria con dedicaci\u00f3n y apoyo del ISEA.<\/p>\n<p>&nbsp;<\/p>\n<p><em>\u201cLa educaci\u00f3n dentro del proceso de reinserci\u00f3n social juega un papel muy importante y es una de las directrices que el secretario de Seguridad P\u00fablica, David Anaya Cooley ha solicitado poner especial inter\u00e9s\u201d<\/em>, coment\u00f3.<\/p>\n<p>&nbsp;<\/p>\n<p>Para ello, expuso, en una acci\u00f3n transversal el Sistema Estatal Penitenciario trabaja de la mano de instituciones como el ISEA y Universidades con las que tienen convenios de colaboraci\u00f3n para beneficiar a la poblaci\u00f3n penitenciaria.<\/p>\n<p>&nbsp;<\/p>\n<p>Puntualiz\u00f3 que ofrecer a los estudiantes una segunda oportunidad de aprender, encontrar formas de reconocer, validar conocimiento y ampliar sus oportunidades, es a lo que se sum\u00f3 un grupo de personas desde la sociedad civil quienes generosamente aportaron el recurso necesario para que cubrir el pago de inscripci\u00f3n y asignaturas correspondientes.<\/p>\n<p>&nbsp;<\/p>\n<p>Ibarra Falomir asegur\u00f3 que continuar\u00e1n apostando por una reinserci\u00f3n integral, en la cual la educaci\u00f3n es una prioridad para apoyar la optimizaci\u00f3n del tiempo de las y los PPL en actividades de crecimiento personal.<\/p>\n<p>&nbsp;<\/p>\n<p>(Publicada el 19\/01\/2021)<\/p>\n","protected":false},"excerpt":{"rendered":"<p>CIUDAD OBREG\u00d3N, SONORA. MX.\u00a0 Motivados por sus ganas de salir adelante y utilizar el tiempo&#8230;<\/p>\n","protected":false},"author":1,"featured_media":104994,"comment_status":"open","ping_status":"open","sticky":false,"template":"","format":"standard","meta":{"_monsterinsights_skip_tracking":false,"_monsterinsights_sitenote_active":false,"_monsterinsights_sitenote_note":"","_monsterinsights_sitenote_category":0,"footnotes":""},"categories":[22],"tags":[],"class_list":["post"],"yoast_head":" \n<title>Sonora en Equipo. Tienen Personas Privadas de su Libertad en Ceresos de Sonora reinserci\u00f3n educativa Sonora<\/title>\n<meta name=\"description\" content=\"CIUDAD OBREG\u00d3N, SONORA. MX.\u00a0 Motivados por sus ganas de salir adelante y utilizar el tiempo para su crecimiento personal, Personas Privadas de su Libertad En Sonora en Equipo publicamos toda la informaci\u00f3n de Sonora, M\u00e9xico y el Mundo de manera oportuna y busca que la libertad de expresi\u00f3n sea real. Visita nuestro medio informativo publicado desde Hermosillo, Sonora. %\" \/>\n<meta name=\"robots\" content=\"index, follow, max-snippet:-1, max-image-preview:large, max-video-preview:-1\" \/>\n<link rel=\"canonical\" href=\"https:\/\/www.sonoraenequipo.com.mx\/tienen-personas-privadas-de-su-libertad-en-ceresos-de-sonora-reinsercion-educativa\/\" \/>\n<meta property=\"og:locale\" content=\"es_ES\" \/>\n<meta property=\"og:type\" content=\"article\" \/>\n<meta property=\"og:title\" content=\"Sonora en Equipo. Tienen Personas Privadas de su Libertad en Ceresos de Sonora reinserci\u00f3n educativa Sonora\" \/>\n<meta property=\"og:description\" content=\"CIUDAD OBREG\u00d3N, SONORA. MX.\u00a0 Motivados por sus ganas de salir adelante y utilizar el tiempo para su crecimiento personal, Personas Privadas de su Libertad En Sonora en Equipo publicamos toda la informaci\u00f3n de Sonora, M\u00e9xico y el Mundo de manera oportuna y busca que la libertad de expresi\u00f3n sea real. Visita nuestro medio informativo publicado desde Hermosillo, Sonora. %\" \/>\n<meta property=\"og:url\" content=\"https:\/\/www.sonoraenequipo.com.mx\/tienen-personas-privadas-de-su-libertad-en-ceresos-de-sonora-reinsercion-educativa\/\" \/>\n<meta property=\"og:site_name\" content=\"Sonora en Equipo.\" \/>\n<meta property=\"article:publisher\" content=\"https:\/\/www.facebook.com\/SonoraEE\/\" \/>\n<meta property=\"article:author\" content=\"https:\/\/www.facebook.com\/SonoraEE\" \/>\n<meta property=\"article:published_time\" content=\"2021-01-19T22:00:40+00:00\" \/>\n<meta property=\"article:modified_time\" content=\"2021-01-20T02:19:04+00:00\" \/>\n<meta property=\"og:image\" content=\"https:\/\/www.sonoraenequipo.com.mx\/storage\/2021\/01\/educacion_opt.jpg\" \/>\n\t<meta property=\"og:image:width\" content=\"885\" \/>\n\t<meta property=\"og:image:height\" content=\"500\" \/>\n\t<meta property=\"og:image:type\" content=\"image\/jpeg\" \/>\n<meta name=\"author\" content=\"enequipo\" \/>\n<meta name=\"twitter:card\" content=\"summary_large_image\" \/>\n<meta name=\"twitter:creator\" content=\"@sonoraenequipo\" \/>\n<meta name=\"twitter:site\" content=\"@sonoraenequipo\" \/>\n<meta name=\"twitter:label1\" content=\"Escrito por\" \/>\n\t<meta name=\"twitter:data1\" content=\"enequipo\" \/>\n\t<meta name=\"twitter:label2\" content=\"Tiempo de lectura\" \/>\n\t<meta name=\"twitter:data2\" content=\"2 minutos\" \/>\n<script type=\"application\/ld+json\" class=\"yoast-schema-graph\">{\"@context\":\"https:\/\/schema.org\",\"@graph\":[{\"@type\":\"Article\",\"@id\":\"https:\/\/www.sonoraenequipo.com.mx\/tienen-personas-privadas-de-su-libertad-en-ceresos-de-sonora-reinsercion-educativa\/#article\",\"isPartOf\":{\"@id\":\"https:\/\/www.sonoraenequipo.com.mx\/tienen-personas-privadas-de-su-libertad-en-ceresos-de-sonora-reinsercion-educativa\/\"},\"author\":{\"name\":\"enequipo\",\"@id\":\"https:\/\/www.sonoraenequipo.com.mx\/#\/schema\/person\/50102df0fb23a8fa9e8effad8fa81386\"},\"headline\":\"Tienen Personas Privadas de su Libertad en Ceresos de Sonora reinserci\u00f3n educativa\",\"datePublished\":\"2021-01-19T22:00:40+00:00\",\"dateModified\":\"2021-01-20T02:19:04+00:00\",\"mainEntityOfPage\":{\"@id\":\"https:\/\/www.sonoraenequipo.com.mx\/tienen-personas-privadas-de-su-libertad-en-ceresos-de-sonora-reinsercion-educativa\/\"},\"wordCount\":442,\"commentCount\":0,\"publisher\":{\"@id\":\"https:\/\/www.sonoraenequipo.com.mx\/#organization\"},\"image\":{\"@id\":\"https:\/\/www.sonoraenequipo.com.mx\/tienen-personas-privadas-de-su-libertad-en-ceresos-de-sonora-reinsercion-educativa\/#primaryimage\"},\"thumbnailUrl\":\"https:\/\/www.sonoraenequipo.com.mx\/storage\/2021\/01\/educacion_opt.jpg\",\"articleSection\":[\"Sonora\"],\"inLanguage\":\"es\",\"potentialAction\":[{\"@type\":\"CommentAction\",\"name\":\"Comment\",\"target\":[\"https:\/\/www.sonoraenequipo.com.mx\/tienen-personas-privadas-de-su-libertad-en-ceresos-de-sonora-reinsercion-educativa\/#respond\"]}]},{\"@type\":\"WebPage\",\"@id\":\"https:\/\/www.sonoraenequipo.com.mx\/tienen-personas-privadas-de-su-libertad-en-ceresos-de-sonora-reinsercion-educativa\/\",\"url\":\"https:\/\/www.sonoraenequipo.com.mx\/tienen-personas-privadas-de-su-libertad-en-ceresos-de-sonora-reinsercion-educativa\/\",\"name\":\"Sonora en Equipo. Tienen Personas Privadas de su Libertad en Ceresos de Sonora reinserci\u00f3n educativa Sonora\",\"isPartOf\":{\"@id\":\"https:\/\/www.sonoraenequipo.com.mx\/#website\"},\"primaryImageOfPage\":{\"@id\":\"https:\/\/www.sonoraenequipo.com.mx\/tienen-personas-privadas-de-su-libertad-en-ceresos-de-sonora-reinsercion-educativa\/#primaryimage\"},\"image\":{\"@id\":\"https:\/\/www.sonoraenequipo.com.mx\/tienen-personas-privadas-de-su-libertad-en-ceresos-de-sonora-reinsercion-educativa\/#primaryimage\"},\"thumbnailUrl\":\"https:\/\/www.sonoraenequipo.com.mx\/storage\/2021\/01\/educacion_opt.jpg\",\"datePublished\":\"2021-01-19T22:00:40+00:00\",\"dateModified\":\"2021-01-20T02:19:04+00:00\",\"description\":\"CIUDAD OBREG\u00d3N, SONORA. MX.\u00a0 Motivados por sus ganas de salir adelante y utilizar el tiempo para su crecimiento personal, Personas Privadas de su Libertad En Sonora en Equipo publicamos toda la informaci\u00f3n de Sonora, M\u00e9xico y el Mundo de manera oportuna y busca que la libertad de expresi\u00f3n sea real. Visita nuestro medio informativo publicado desde Hermosillo, Sonora. %\",\"breadcrumb\":{\"@id\":\"https:\/\/www.sonoraenequipo.com.mx\/tienen-personas-privadas-de-su-libertad-en-ceresos-de-sonora-reinsercion-educativa\/#breadcrumb\"},\"inLanguage\":\"es\",\"potentialAction\":[{\"@type\":\"ReadAction\",\"target\":[\"https:\/\/www.sonoraenequipo.com.mx\/tienen-personas-privadas-de-su-libertad-en-ceresos-de-sonora-reinsercion-educativa\/\"]}]},{\"@type\":\"ImageObject\",\"inLanguage\":\"es\",\"@id\":\"https:\/\/www.sonoraenequipo.com.mx\/tienen-personas-privadas-de-su-libertad-en-ceresos-de-sonora-reinsercion-educativa\/#primaryimage\",\"url\":\"https:\/\/www.sonoraenequipo.com.mx\/storage\/2021\/01\/educacion_opt.jpg\",\"contentUrl\":\"https:\/\/www.sonoraenequipo.com.mx\/storage\/2021\/01\/educacion_opt.jpg\",\"width\":885,\"height\":500},{\"@type\":\"BreadcrumbList\",\"@id\":\"https:\/\/www.sonoraenequipo.com.mx\/tienen-personas-privadas-de-su-libertad-en-ceresos-de-sonora-reinsercion-educativa\/#breadcrumb\",\"itemListElement\":[{\"@type\":\"ListItem\",\"position\":1,\"name\":\"Portada\",\"item\":\"https:\/\/www.sonoraenequipo.com.mx\/\"},{\"@type\":\"ListItem\",\"position\":2,\"name\":\"Tienen Personas Privadas de su Libertad en Ceresos de Sonora reinserci\u00f3n educativa\"}]},{\"@type\":\"WebSite\",\"@id\":\"https:\/\/www.sonoraenequipo.com.mx\/#website\",\"url\":\"https:\/\/www.sonoraenequipo.com.mx\/\",\"name\":\"Sonora en Equipo.\",\"description\":\"Diario en l\u00ednea con Noticias desde Hermosillo, Sonora\",\"publisher\":{\"@id\":\"https:\/\/www.sonoraenequipo.com.mx\/#organization\"},\"potentialAction\":[{\"@type\":\"SearchAction\",\"target\":{\"@type\":\"EntryPoint\",\"urlTemplate\":\"https:\/\/www.sonoraenequipo.com.mx\/?s={search_term_string}\"},\"query-input\":{\"@type\":\"PropertyValueSpecification\",\"valueRequired\":true,\"valueName\":\"search_term_string\"}}],\"inLanguage\":\"es\"},{\"@type\":\"Organization\",\"@id\":\"https:\/\/www.sonoraenequipo.com.mx\/#organization\",\"name\":\"Sonoraenequipo.com.mx\",\"url\":\"https:\/\/www.sonoraenequipo.com.mx\/\",\"logo\":{\"@type\":\"ImageObject\",\"inLanguage\":\"es\",\"@id\":\"https:\/\/www.sonoraenequipo.com.mx\/#\/schema\/logo\/image\/\",\"url\":\"https:\/\/www.sonoraenequipo.com.mx\/storage\/2019\/01\/sonoraenequipo_opt.png\",\"contentUrl\":\"https:\/\/www.sonoraenequipo.com.mx\/storage\/2019\/01\/sonoraenequipo_opt.png\",\"width\":375,\"height\":125,\"caption\":\"Sonoraenequipo.com.mx\"},\"image\":{\"@id\":\"https:\/\/www.sonoraenequipo.com.mx\/#\/schema\/logo\/image\/\"},\"sameAs\":[\"https:\/\/www.facebook.com\/SonoraEE\/\",\"https:\/\/x.com\/sonoraenequipo\",\"https:\/\/www.youtube.com\/channel\/UC338nW-lPEYmJQs4ZABQ1SQ\"]},{\"@type\":\"Person\",\"@id\":\"https:\/\/www.sonoraenequipo.com.mx\/#\/schema\/person\/50102df0fb23a8fa9e8effad8fa81386\",\"name\":\"enequipo\",\"image\":{\"@type\":\"ImageObject\",\"inLanguage\":\"es\",\"@id\":\"https:\/\/www.sonoraenequipo.com.mx\/#\/schema\/person\/image\/\",\"url\":\"https:\/\/secure.gravatar.com\/avatar\/049821681b589dabc0bc20695993ccebb09f5b5d4d790cd9251b97faac7c652b?s=96&d=blank&r=g\",\"contentUrl\":\"https:\/\/secure.gravatar.com\/avatar\/049821681b589dabc0bc20695993ccebb09f5b5d4d790cd9251b97faac7c652b?s=96&d=blank&r=g\",\"caption\":\"enequipo\"},\"sameAs\":[\"https:\/\/www.facebook.com\/SonoraEE\"]}]}<\/script>\n ","yoast_head_json":{"title":"Sonora en Equipo. Tienen Personas Privadas de su Libertad en Ceresos de Sonora reinserci\u00f3n educativa Sonora","description":"CIUDAD OBREG\u00d3N, SONORA. MX.\u00a0 Motivados por sus ganas de salir adelante y utilizar el tiempo para su crecimiento personal, Personas Privadas de su Libertad En Sonora en Equipo publicamos toda la informaci\u00f3n de Sonora, M\u00e9xico y el Mundo de manera oportuna y busca que la libertad de expresi\u00f3n sea real. Visita nuestro medio informativo publicado desde Hermosillo, Sonora. %","robots":{"index":"index","follow":"follow","max-snippet":"max-snippet:-1","max-image-preview":"max-image-preview:large","max-video-preview":"max-video-preview:-1"},"canonical":"https:\/\/www.sonoraenequipo.com.mx\/tienen-personas-privadas-de-su-libertad-en-ceresos-de-sonora-reinsercion-educativa\/","og_locale":"es_ES","og_type":"article","og_title":"Sonora en Equipo. Tienen Personas Privadas de su Libertad en Ceresos de Sonora reinserci\u00f3n educativa Sonora","og_description":"CIUDAD OBREG\u00d3N, SONORA. MX.\u00a0 Motivados por sus ganas de salir adelante y utilizar el tiempo para su crecimiento personal, Personas Privadas de su Libertad En Sonora en Equipo publicamos toda la informaci\u00f3n de Sonora, M\u00e9xico y el Mundo de manera oportuna y busca que la libertad de expresi\u00f3n sea real. Visita nuestro medio informativo publicado desde Hermosillo, Sonora. %","og_url":"https:\/\/www.sonoraenequipo.com.mx\/tienen-personas-privadas-de-su-libertad-en-ceresos-de-sonora-reinsercion-educativa\/","og_site_name":"Sonora en Equipo.","article_publisher":"https:\/\/www.facebook.com\/SonoraEE\/","article_author":"https:\/\/www.facebook.com\/SonoraEE","article_published_time":"2021-01-19T22:00:40+00:00","article_modified_time":"2021-01-20T02:19:04+00:00","og_image":[{"width":885,"height":500,"url":"https:\/\/www.sonoraenequipo.com.mx\/storage\/2021\/01\/educacion_opt.jpg","type":"image\/jpeg"}],"author":"enequipo","twitter_card":"summary_large_image","twitter_creator":"@sonoraenequipo","twitter_site":"@sonoraenequipo","twitter_misc":{"Escrito por":"enequipo","Tiempo de lectura":"2 minutos"},"schema":{"@context":"https:\/\/schema.org","@graph":[{"@type":"Article","@id":"https:\/\/www.sonoraenequipo.com.mx\/tienen-personas-privadas-de-su-libertad-en-ceresos-de-sonora-reinsercion-educativa\/#article","isPartOf":{"@id":"https:\/\/www.sonoraenequipo.com.mx\/tienen-personas-privadas-de-su-libertad-en-ceresos-de-sonora-reinsercion-educativa\/"},"author":{"name":"enequipo","@id":"https:\/\/www.sonoraenequipo.com.mx\/#\/schema\/person\/50102df0fb23a8fa9e8effad8fa81386"},"headline":"Tienen Personas Privadas de su Libertad en Ceresos de Sonora reinserci\u00f3n educativa","datePublished":"2021-01-19T22:00:40+00:00","dateModified":"2021-01-20T02:19:04+00:00","mainEntityOfPage":{"@id":"https:\/\/www.sonoraenequipo.com.mx\/tienen-personas-privadas-de-su-libertad-en-ceresos-de-sonora-reinsercion-educativa\/"},"wordCount":442,"commentCount":0,"publisher":{"@id":"https:\/\/www.sonoraenequipo.com.mx\/#organization"},"image":{"@id":"https:\/\/www.sonoraenequipo.com.mx\/tienen-personas-privadas-de-su-libertad-en-ceresos-de-sonora-reinsercion-educativa\/#primaryimage"},"thumbnailUrl":"https:\/\/www.sonoraenequipo.com.mx\/storage\/2021\/01\/educacion_opt.jpg","articleSection":["Sonora"],"inLanguage":"es","potentialAction":[{"@type":"CommentAction","name":"Comment","target":["https:\/\/www.sonoraenequipo.com.mx\/tienen-personas-privadas-de-su-libertad-en-ceresos-de-sonora-reinsercion-educativa\/#respond"]}]},{"@type":"WebPage","@id":"https:\/\/www.sonoraenequipo.com.mx\/tienen-personas-privadas-de-su-libertad-en-ceresos-de-sonora-reinsercion-educativa\/","url":"https:\/\/www.sonoraenequipo.com.mx\/tienen-personas-privadas-de-su-libertad-en-ceresos-de-sonora-reinsercion-educativa\/","name":"Sonora en Equipo. Tienen Personas Privadas de su Libertad en Ceresos de Sonora reinserci\u00f3n educativa Sonora","isPartOf":{"@id":"https:\/\/www.sonoraenequipo.com.mx\/#website"},"primaryImageOfPage":{"@id":"https:\/\/www.sonoraenequipo.com.mx\/tienen-personas-privadas-de-su-libertad-en-ceresos-de-sonora-reinsercion-educativa\/#primaryimage"},"image":{"@id":"https:\/\/www.sonoraenequipo.com.mx\/tienen-personas-privadas-de-su-libertad-en-ceresos-de-sonora-reinsercion-educativa\/#primaryimage"},"thumbnailUrl":"https:\/\/www.sonoraenequipo.com.mx\/storage\/2021\/01\/educacion_opt.jpg","datePublished":"2021-01-19T22:00:40+00:00","dateModified":"2021-01-20T02:19:04+00:00","description":"CIUDAD OBREG\u00d3N, SONORA. MX.\u00a0 Motivados por sus ganas de salir adelante y utilizar el tiempo para su crecimiento personal, Personas Privadas de su Libertad En Sonora en Equipo publicamos toda la informaci\u00f3n de Sonora, M\u00e9xico y el Mundo de manera oportuna y busca que la libertad de expresi\u00f3n sea real. Visita nuestro medio informativo publicado desde Hermosillo, Sonora. %","breadcrumb":{"@id":"https:\/\/www.sonoraenequipo.com.mx\/tienen-personas-privadas-de-su-libertad-en-ceresos-de-sonora-reinsercion-educativa\/#breadcrumb"},"inLanguage":"es","potentialAction":[{"@type":"ReadAction","target":["https:\/\/www.sonoraenequipo.com.mx\/tienen-personas-privadas-de-su-libertad-en-ceresos-de-sonora-reinsercion-educativa\/"]}]},{"@type":"ImageObject","inLanguage":"es","@id":"https:\/\/www.sonoraenequipo.com.mx\/tienen-personas-privadas-de-su-libertad-en-ceresos-de-sonora-reinsercion-educativa\/#primaryimage","url":"https:\/\/www.sonoraenequipo.com.mx\/storage\/2021\/01\/educacion_opt.jpg","contentUrl":"https:\/\/www.sonoraenequipo.com.mx\/storage\/2021\/01\/educacion_opt.jpg","width":885,"height":500},{"@type":"BreadcrumbList","@id":"https:\/\/www.sonoraenequipo.com.mx\/tienen-personas-privadas-de-su-libertad-en-ceresos-de-sonora-reinsercion-educativa\/#breadcrumb","itemListElement":[{"@type":"ListItem","position":1,"name":"Portada","item":"https:\/\/www.sonoraenequipo.com.mx\/"},{"@type":"ListItem","position":2,"name":"Tienen Personas Privadas de su Libertad en Ceresos de Sonora reinserci\u00f3n educativa"}]},{"@type":"WebSite","@id":"https:\/\/www.sonoraenequipo.com.mx\/#website","url":"https:\/\/www.sonoraenequipo.com.mx\/","name":"Sonora en Equipo.","description":"Diario en l\u00ednea con Noticias desde Hermosillo, Sonora","publisher":{"@id":"https:\/\/www.sonoraenequipo.com.mx\/#organization"},"potentialAction":[{"@type":"SearchAction","target":{"@type":"EntryPoint","urlTemplate":"https:\/\/www.sonoraenequipo.com.mx\/?s={search_term_string}"},"query-input":{"@type":"PropertyValueSpecification","valueRequired":true,"valueName":"search_term_string"}}],"inLanguage":"es"},{"@type":"Organization","@id":"https:\/\/www.sonoraenequipo.com.mx\/#organization","name":"Sonoraenequipo.com.mx","url":"https:\/\/www.sonoraenequipo.com.mx\/","logo":{"@type":"ImageObject","inLanguage":"es","@id":"https:\/\/www.sonoraenequipo.com.mx\/#\/schema\/logo\/image\/","url":"https:\/\/www.sonoraenequipo.com.mx\/storage\/2019\/01\/sonoraenequipo_opt.png","contentUrl":"https:\/\/www.sonoraenequipo.com.mx\/storage\/2019\/01\/sonoraenequipo_opt.png","width":375,"height":125,"caption":"Sonoraenequipo.com.mx"},"image":{"@id":"https:\/\/www.sonoraenequipo.com.mx\/#\/schema\/logo\/image\/"},"sameAs":["https:\/\/www.facebook.com\/SonoraEE\/","https:\/\/x.com\/sonoraenequipo","https:\/\/www.youtube.com\/channel\/UC338nW-lPEYmJQs4ZABQ1SQ"]},{"@type":"Person","@id":"https:\/\/www.sonoraenequipo.com.mx\/#\/schema\/person\/50102df0fb23a8fa9e8effad8fa81386","name":"enequipo","image":{"@type":"ImageObject","inLanguage":"es","@id":"https:\/\/www.sonoraenequipo.com.mx\/#\/schema\/person\/image\/","url":"https:\/\/secure.gravatar.com\/avatar\/049821681b589dabc0bc20695993ccebb09f5b5d4d790cd9251b97faac7c652b?s=96&d=blank&r=g","contentUrl":"https:\/\/secure.gravatar.com\/avatar\/049821681b589dabc0bc20695993ccebb09f5b5d4d790cd9251b97faac7c652b?s=96&d=blank&r=g","caption":"enequipo"},"sameAs":["https:\/\/www.facebook.com\/SonoraEE"]}]}},"jetpack_featured_media_url":"https:\/\/www.sonoraenequipo.com.mx\/storage\/2021\/01\/educacion_opt.jpg","_links":{"self":[{"href":"https:\/\/www.sonoraenequipo.com.mx\/api\/wp\/v2\/posts\/104993","targetHints":{"allow":["GET"]}}],"collection":[{"href":"https:\/\/www.sonoraenequipo.com.mx\/api\/wp\/v2\/posts"}],"about":[{"href":"https:\/\/www.sonoraenequipo.com.mx\/api\/wp\/v2\/types\/post"}],"author":[{"embeddable":true,"href":"https:\/\/www.sonoraenequipo.com.mx\/api\/wp\/v2\/users\/1"}],"replies":[{"embeddable":true,"href":"https:\/\/www.sonoraenequipo.com.mx\/api\/wp\/v2\/comments?post=104993"}],"version-history":[{"count":1,"href":"https:\/\/www.sonoraenequipo.com.mx\/api\/wp\/v2\/posts\/104993\/revisions"}],"predecessor-version":[{"id":104996,"href":"https:\/\/www.sonoraenequipo.com.mx\/api\/wp\/v2\/posts\/104993\/revisions\/104996"}],"wp:featuredmedia":[{"embeddable":true,"href":"https:\/\/www.sonoraenequipo.com.mx\/api\/wp\/v2\/media\/104994"}],"wp:attachment":[{"href":"https:\/\/www.sonoraenequipo.com.mx\/api\/wp\/v2\/media?parent=104993"}],"wp:term":[{"taxonomy":"category","embeddable":true,"href":"https:\/\/www.sonoraenequipo.com.mx\/api\/wp\/v2\/categories?post=104993"},{"taxonomy":"post_tag","embeddable":true,"href":"https:\/\/www.sonoraenequipo.com.mx\/api\/wp\/v2\/tags?post=104993"}],"curies":[{"name":"wp","href":"https:\/\/api.w.org\/{rel}","templated":true}]}}