{"id":105025,"date":"2021-01-19T23:50:27","date_gmt":"2021-01-20T06:50:27","guid":{"rendered":"https:\/\/www.sonoraenequipo.com.mx\/?p=105025"},"modified":"2021-01-19T20:57:33","modified_gmt":"2021-01-20T03:57:33","slug":"evitar-las-mascarillas-en-tela-recomienda-el-alto-consejo-de-salud-publica","status":"publish","type":"post","link":"https:\/\/www.sonoraenequipo.com.mx\/evitar-las-mascarillas-en-tela-recomienda-el-alto-consejo-de-salud-publica\/","title":{"rendered":"Evitar las mascarillas en tela recomienda el Alto Consejo de Salud P\u00fablica"},"content":{"rendered":"<p>PAR\u00cdS, FRANCIA.\u2014 Frente al reto de las nuevas variantes, el Alto Consejo de Salud P\u00fablica, organismo que asesora al gobierno en temas sanitarios, recomienda evitar el uso de las mascarillas en tela no homologadas porque son menos eficaces contra el virus. Tambi\u00e9n sugiere adoptar los 2 metros de distanciaci\u00f3n social.<\/p>\n<p>&nbsp;<\/p>\n<p> <\/p>\n<p>&nbsp;<\/p>\n<p>En Francia la situaci\u00f3n sanitaria se degrada: en las \u00faltimas 24 horas se registraron m\u00e1s de 400 muertos, un nivel que no se alcanzaba desde noviembre. Otros indicadores est\u00e1n al alza: el nivel de positividad de los test, las hospitalizaciones y los casos graves en reanimaci\u00f3n.<\/p>\n<p>&nbsp;<\/p>\n<p>&nbsp;<\/p>\n<p>Se teme, adem\u00e1s, el impacto que puedan tener a partir de marzo o abril las variantes del virus como la brit\u00e1nica, presente en medio centenar de pa\u00edses, o la sudafricana, en 20.<\/p>\n<p>&nbsp;<\/p>\n<p>&nbsp;<\/p>\n<p>Frente a esta amenaza, el Alto Consejo de Salud P\u00fablica hizo nuevas recomendaciones sobre las mascarillas y la distanciaci\u00f3n social. Este organismo hace recomendaciones al gobierno en temas sanitarios con base en datos cient\u00edficos.<\/p>\n<p>&nbsp;<\/p>\n<p>&nbsp;<\/p>\n<p>El Alto Consejo de Salud P\u00fablica constata la penetraci\u00f3n en Europa de nuevas variantes del virus <em>\u00abm\u00e1s transmisibles\u00bb<\/em>, si bien los <em>\u00abmodos de transmisi\u00f3n\u00bb<\/em> no han cambiado. En otras palabras, se necesita una cantidad m\u00e1s peque\u00f1a de virus para infectar a alguien.<\/p>\n<p>&nbsp;<\/p>\n<p>Frente a esta amenaza, el Alto Consejo de Salud P\u00fablica recomienda evitar el uso de ciertas mascarillas en tela, menos filtrantes y por lo tanto menos eficaces. En el caso de algunas mascarillas fabricadas de manera artesanal,<em> \u00abno hay ninguna forma de control sobre su eficacia\u00bb,<\/em> explic\u00f3 a la prensa Didier Lepelletier, m\u00e9dico higienista que particip\u00f3 en las recomendaciones del Alto Consejo de Salud P\u00fablica.<\/p>\n<p>&nbsp;<\/p>\n<p>No todas las mascarillas en tela son desaconsejadas, pues hay algunas que s\u00ed han sido homologadas por la direcci\u00f3n del ej\u00e9rcito franc\u00e9s.<\/p>\n<p>&nbsp;<\/p>\n<p>Las mascarillas que m\u00e1s filtran, un 94% de los aerosoles salivares, son las quir\u00fargicas FFP2. De hecho, este tipo de mascarillas son de uso obligatorio en los transportes en com\u00fan en Baviera, en el sur de Alemania, y en Austria, pa\u00eds que anunci\u00f3 el domingo la prolongaci\u00f3n de su tercer confinamiento hasta el 8 de febrero.<\/p>\n<p>&nbsp;<\/p>\n<p>En Francia, sin embargo, el Alto Consejo de Salud P\u00fablica ha se\u00f1alado <em>\u201cque son dif\u00edciles de adaptar a la morfolog\u00eda del rostro. Es dif\u00edcil, por tanto, controlar que la persona s\u00ed la lleva bien puesta\u201d<\/em>, explico Lepelletier.<\/p>\n<p>&nbsp;<\/p>\n<p>El Alto Consejo de Salud P\u00fablica tambi\u00e9n recomienda mantener una distanciaci\u00f3n de 2 metros y no de uno, como hasta hace unas semanas. <em>\u00abLa penetraci\u00f3n de las nuevas variantes es tal vez una buena oportunidad de oficializar los dos metros\u00bb<\/em>, afirmo tambi\u00e9n Lepelletier, copresidente del grupo de trabajo Covid del Alto Consejo de Salud P\u00fablica.<\/p>\n<p>&nbsp;<\/p>\n<p>&nbsp;<\/p>\n<p>(Publicada el 19\/01\/2021)<\/p>\n","protected":false},"excerpt":{"rendered":"<p>PAR\u00cdS, FRANCIA.\u2014 Frente al reto de las nuevas variantes, el Alto Consejo de Salud P\u00fablica,&#8230;<\/p>\n","protected":false},"author":1,"featured_media":105026,"comment_status":"open","ping_status":"open","sticky":false,"template":"","format":"standard","meta":{"_monsterinsights_skip_tracking":false,"_monsterinsights_sitenote_active":false,"_monsterinsights_sitenote_note":"","_monsterinsights_sitenote_category":0,"footnotes":""},"categories":[3],"tags":[],"class_list":["post"],"yoast_head":" \n<title>Sonora en Equipo. Evitar las mascarillas en tela recomienda el Alto Consejo de Salud P\u00fablica MUNDO<\/title>\n<meta name=\"description\" content=\"PAR\u00cdS, FRANCIA.\u2014 Frente al reto de las nuevas variantes, el Alto Consejo de Salud P\u00fablica, organismo que asesora al gobierno en temas sanitarios, En Sonora en Equipo publicamos toda la informaci\u00f3n de Sonora, M\u00e9xico y el Mundo de manera oportuna y busca que la libertad de expresi\u00f3n sea real. Visita nuestro medio informativo publicado desde Hermosillo, Sonora. %\" \/>\n<meta name=\"robots\" content=\"index, follow, max-snippet:-1, max-image-preview:large, max-video-preview:-1\" \/>\n<link rel=\"canonical\" href=\"https:\/\/www.sonoraenequipo.com.mx\/evitar-las-mascarillas-en-tela-recomienda-el-alto-consejo-de-salud-publica\/\" \/>\n<meta property=\"og:locale\" content=\"es_ES\" \/>\n<meta property=\"og:type\" content=\"article\" \/>\n<meta property=\"og:title\" content=\"Sonora en Equipo. Evitar las mascarillas en tela recomienda el Alto Consejo de Salud P\u00fablica MUNDO\" \/>\n<meta property=\"og:description\" content=\"PAR\u00cdS, FRANCIA.\u2014 Frente al reto de las nuevas variantes, el Alto Consejo de Salud P\u00fablica, organismo que asesora al gobierno en temas sanitarios, En Sonora en Equipo publicamos toda la informaci\u00f3n de Sonora, M\u00e9xico y el Mundo de manera oportuna y busca que la libertad de expresi\u00f3n sea real. Visita nuestro medio informativo publicado desde Hermosillo, Sonora. %\" \/>\n<meta property=\"og:url\" content=\"https:\/\/www.sonoraenequipo.com.mx\/evitar-las-mascarillas-en-tela-recomienda-el-alto-consejo-de-salud-publica\/\" \/>\n<meta property=\"og:site_name\" content=\"Sonora en Equipo.\" \/>\n<meta property=\"article:publisher\" content=\"https:\/\/www.facebook.com\/SonoraEE\/\" \/>\n<meta property=\"article:author\" content=\"https:\/\/www.facebook.com\/SonoraEE\" \/>\n<meta property=\"article:published_time\" content=\"2021-01-20T06:50:27+00:00\" \/>\n<meta property=\"og:image\" content=\"https:\/\/www.sonoraenequipo.com.mx\/storage\/2021\/01\/masarillas-en-tela_opt1.jpg\" \/>\n\t<meta property=\"og:image:width\" content=\"711\" \/>\n\t<meta property=\"og:image:height\" content=\"400\" \/>\n\t<meta property=\"og:image:type\" content=\"image\/jpeg\" \/>\n<meta name=\"author\" content=\"enequipo\" \/>\n<meta name=\"twitter:card\" content=\"summary_large_image\" \/>\n<meta name=\"twitter:creator\" content=\"@sonoraenequipo\" \/>\n<meta name=\"twitter:site\" content=\"@sonoraenequipo\" \/>\n<meta name=\"twitter:label1\" content=\"Escrito por\" \/>\n\t<meta name=\"twitter:data1\" content=\"enequipo\" \/>\n\t<meta name=\"twitter:label2\" content=\"Tiempo de lectura\" \/>\n\t<meta name=\"twitter:data2\" content=\"2 minutos\" \/>\n<script type=\"application\/ld+json\" class=\"yoast-schema-graph\">{\"@context\":\"https:\/\/schema.org\",\"@graph\":[{\"@type\":\"Article\",\"@id\":\"https:\/\/www.sonoraenequipo.com.mx\/evitar-las-mascarillas-en-tela-recomienda-el-alto-consejo-de-salud-publica\/#article\",\"isPartOf\":{\"@id\":\"https:\/\/www.sonoraenequipo.com.mx\/evitar-las-mascarillas-en-tela-recomienda-el-alto-consejo-de-salud-publica\/\"},\"author\":{\"name\":\"enequipo\",\"@id\":\"https:\/\/www.sonoraenequipo.com.mx\/#\/schema\/person\/50102df0fb23a8fa9e8effad8fa81386\"},\"headline\":\"Evitar las mascarillas en tela recomienda el Alto Consejo de Salud P\u00fablica\",\"datePublished\":\"2021-01-20T06:50:27+00:00\",\"mainEntityOfPage\":{\"@id\":\"https:\/\/www.sonoraenequipo.com.mx\/evitar-las-mascarillas-en-tela-recomienda-el-alto-consejo-de-salud-publica\/\"},\"wordCount\":504,\"commentCount\":0,\"publisher\":{\"@id\":\"https:\/\/www.sonoraenequipo.com.mx\/#organization\"},\"image\":{\"@id\":\"https:\/\/www.sonoraenequipo.com.mx\/evitar-las-mascarillas-en-tela-recomienda-el-alto-consejo-de-salud-publica\/#primaryimage\"},\"thumbnailUrl\":\"https:\/\/www.sonoraenequipo.com.mx\/storage\/2021\/01\/masarillas-en-tela_opt1.jpg\",\"articleSection\":[\"MUNDO\"],\"inLanguage\":\"es\",\"potentialAction\":[{\"@type\":\"CommentAction\",\"name\":\"Comment\",\"target\":[\"https:\/\/www.sonoraenequipo.com.mx\/evitar-las-mascarillas-en-tela-recomienda-el-alto-consejo-de-salud-publica\/#respond\"]}]},{\"@type\":\"WebPage\",\"@id\":\"https:\/\/www.sonoraenequipo.com.mx\/evitar-las-mascarillas-en-tela-recomienda-el-alto-consejo-de-salud-publica\/\",\"url\":\"https:\/\/www.sonoraenequipo.com.mx\/evitar-las-mascarillas-en-tela-recomienda-el-alto-consejo-de-salud-publica\/\",\"name\":\"Sonora en Equipo. Evitar las mascarillas en tela recomienda el Alto Consejo de Salud P\u00fablica MUNDO\",\"isPartOf\":{\"@id\":\"https:\/\/www.sonoraenequipo.com.mx\/#website\"},\"primaryImageOfPage\":{\"@id\":\"https:\/\/www.sonoraenequipo.com.mx\/evitar-las-mascarillas-en-tela-recomienda-el-alto-consejo-de-salud-publica\/#primaryimage\"},\"image\":{\"@id\":\"https:\/\/www.sonoraenequipo.com.mx\/evitar-las-mascarillas-en-tela-recomienda-el-alto-consejo-de-salud-publica\/#primaryimage\"},\"thumbnailUrl\":\"https:\/\/www.sonoraenequipo.com.mx\/storage\/2021\/01\/masarillas-en-tela_opt1.jpg\",\"datePublished\":\"2021-01-20T06:50:27+00:00\",\"description\":\"PAR\u00cdS, FRANCIA.\u2014 Frente al reto de las nuevas variantes, el Alto Consejo de Salud P\u00fablica, organismo que asesora al gobierno en temas sanitarios, En Sonora en Equipo publicamos toda la informaci\u00f3n de Sonora, M\u00e9xico y el Mundo de manera oportuna y busca que la libertad de expresi\u00f3n sea real. Visita nuestro medio informativo publicado desde Hermosillo, Sonora. %\",\"breadcrumb\":{\"@id\":\"https:\/\/www.sonoraenequipo.com.mx\/evitar-las-mascarillas-en-tela-recomienda-el-alto-consejo-de-salud-publica\/#breadcrumb\"},\"inLanguage\":\"es\",\"potentialAction\":[{\"@type\":\"ReadAction\",\"target\":[\"https:\/\/www.sonoraenequipo.com.mx\/evitar-las-mascarillas-en-tela-recomienda-el-alto-consejo-de-salud-publica\/\"]}]},{\"@type\":\"ImageObject\",\"inLanguage\":\"es\",\"@id\":\"https:\/\/www.sonoraenequipo.com.mx\/evitar-las-mascarillas-en-tela-recomienda-el-alto-consejo-de-salud-publica\/#primaryimage\",\"url\":\"https:\/\/www.sonoraenequipo.com.mx\/storage\/2021\/01\/masarillas-en-tela_opt1.jpg\",\"contentUrl\":\"https:\/\/www.sonoraenequipo.com.mx\/storage\/2021\/01\/masarillas-en-tela_opt1.jpg\",\"width\":711,\"height\":400},{\"@type\":\"BreadcrumbList\",\"@id\":\"https:\/\/www.sonoraenequipo.com.mx\/evitar-las-mascarillas-en-tela-recomienda-el-alto-consejo-de-salud-publica\/#breadcrumb\",\"itemListElement\":[{\"@type\":\"ListItem\",\"position\":1,\"name\":\"Portada\",\"item\":\"https:\/\/www.sonoraenequipo.com.mx\/\"},{\"@type\":\"ListItem\",\"position\":2,\"name\":\"Evitar las mascarillas en tela recomienda el Alto Consejo de Salud P\u00fablica\"}]},{\"@type\":\"WebSite\",\"@id\":\"https:\/\/www.sonoraenequipo.com.mx\/#website\",\"url\":\"https:\/\/www.sonoraenequipo.com.mx\/\",\"name\":\"Sonora en Equipo.\",\"description\":\"Diario en l\u00ednea con Noticias desde Hermosillo, Sonora\",\"publisher\":{\"@id\":\"https:\/\/www.sonoraenequipo.com.mx\/#organization\"},\"potentialAction\":[{\"@type\":\"SearchAction\",\"target\":{\"@type\":\"EntryPoint\",\"urlTemplate\":\"https:\/\/www.sonoraenequipo.com.mx\/?s={search_term_string}\"},\"query-input\":{\"@type\":\"PropertyValueSpecification\",\"valueRequired\":true,\"valueName\":\"search_term_string\"}}],\"inLanguage\":\"es\"},{\"@type\":\"Organization\",\"@id\":\"https:\/\/www.sonoraenequipo.com.mx\/#organization\",\"name\":\"Sonoraenequipo.com.mx\",\"url\":\"https:\/\/www.sonoraenequipo.com.mx\/\",\"logo\":{\"@type\":\"ImageObject\",\"inLanguage\":\"es\",\"@id\":\"https:\/\/www.sonoraenequipo.com.mx\/#\/schema\/logo\/image\/\",\"url\":\"https:\/\/www.sonoraenequipo.com.mx\/storage\/2019\/01\/sonoraenequipo_opt.png\",\"contentUrl\":\"https:\/\/www.sonoraenequipo.com.mx\/storage\/2019\/01\/sonoraenequipo_opt.png\",\"width\":375,\"height\":125,\"caption\":\"Sonoraenequipo.com.mx\"},\"image\":{\"@id\":\"https:\/\/www.sonoraenequipo.com.mx\/#\/schema\/logo\/image\/\"},\"sameAs\":[\"https:\/\/www.facebook.com\/SonoraEE\/\",\"https:\/\/x.com\/sonoraenequipo\",\"https:\/\/www.youtube.com\/channel\/UC338nW-lPEYmJQs4ZABQ1SQ\"]},{\"@type\":\"Person\",\"@id\":\"https:\/\/www.sonoraenequipo.com.mx\/#\/schema\/person\/50102df0fb23a8fa9e8effad8fa81386\",\"name\":\"enequipo\",\"image\":{\"@type\":\"ImageObject\",\"inLanguage\":\"es\",\"@id\":\"https:\/\/www.sonoraenequipo.com.mx\/#\/schema\/person\/image\/\",\"url\":\"https:\/\/secure.gravatar.com\/avatar\/049821681b589dabc0bc20695993ccebb09f5b5d4d790cd9251b97faac7c652b?s=96&d=blank&r=g\",\"contentUrl\":\"https:\/\/secure.gravatar.com\/avatar\/049821681b589dabc0bc20695993ccebb09f5b5d4d790cd9251b97faac7c652b?s=96&d=blank&r=g\",\"caption\":\"enequipo\"},\"sameAs\":[\"https:\/\/www.facebook.com\/SonoraEE\"]}]}<\/script>\n ","yoast_head_json":{"title":"Sonora en Equipo. Evitar las mascarillas en tela recomienda el Alto Consejo de Salud P\u00fablica MUNDO","description":"PAR\u00cdS, FRANCIA.\u2014 Frente al reto de las nuevas variantes, el Alto Consejo de Salud P\u00fablica, organismo que asesora al gobierno en temas sanitarios, En Sonora en Equipo publicamos toda la informaci\u00f3n de Sonora, M\u00e9xico y el Mundo de manera oportuna y busca que la libertad de expresi\u00f3n sea real. Visita nuestro medio informativo publicado desde Hermosillo, Sonora. %","robots":{"index":"index","follow":"follow","max-snippet":"max-snippet:-1","max-image-preview":"max-image-preview:large","max-video-preview":"max-video-preview:-1"},"canonical":"https:\/\/www.sonoraenequipo.com.mx\/evitar-las-mascarillas-en-tela-recomienda-el-alto-consejo-de-salud-publica\/","og_locale":"es_ES","og_type":"article","og_title":"Sonora en Equipo. Evitar las mascarillas en tela recomienda el Alto Consejo de Salud P\u00fablica MUNDO","og_description":"PAR\u00cdS, FRANCIA.\u2014 Frente al reto de las nuevas variantes, el Alto Consejo de Salud P\u00fablica, organismo que asesora al gobierno en temas sanitarios, En Sonora en Equipo publicamos toda la informaci\u00f3n de Sonora, M\u00e9xico y el Mundo de manera oportuna y busca que la libertad de expresi\u00f3n sea real. Visita nuestro medio informativo publicado desde Hermosillo, Sonora. %","og_url":"https:\/\/www.sonoraenequipo.com.mx\/evitar-las-mascarillas-en-tela-recomienda-el-alto-consejo-de-salud-publica\/","og_site_name":"Sonora en Equipo.","article_publisher":"https:\/\/www.facebook.com\/SonoraEE\/","article_author":"https:\/\/www.facebook.com\/SonoraEE","article_published_time":"2021-01-20T06:50:27+00:00","og_image":[{"width":711,"height":400,"url":"https:\/\/www.sonoraenequipo.com.mx\/storage\/2021\/01\/masarillas-en-tela_opt1.jpg","type":"image\/jpeg"}],"author":"enequipo","twitter_card":"summary_large_image","twitter_creator":"@sonoraenequipo","twitter_site":"@sonoraenequipo","twitter_misc":{"Escrito por":"enequipo","Tiempo de lectura":"2 minutos"},"schema":{"@context":"https:\/\/schema.org","@graph":[{"@type":"Article","@id":"https:\/\/www.sonoraenequipo.com.mx\/evitar-las-mascarillas-en-tela-recomienda-el-alto-consejo-de-salud-publica\/#article","isPartOf":{"@id":"https:\/\/www.sonoraenequipo.com.mx\/evitar-las-mascarillas-en-tela-recomienda-el-alto-consejo-de-salud-publica\/"},"author":{"name":"enequipo","@id":"https:\/\/www.sonoraenequipo.com.mx\/#\/schema\/person\/50102df0fb23a8fa9e8effad8fa81386"},"headline":"Evitar las mascarillas en tela recomienda el Alto Consejo de Salud P\u00fablica","datePublished":"2021-01-20T06:50:27+00:00","mainEntityOfPage":{"@id":"https:\/\/www.sonoraenequipo.com.mx\/evitar-las-mascarillas-en-tela-recomienda-el-alto-consejo-de-salud-publica\/"},"wordCount":504,"commentCount":0,"publisher":{"@id":"https:\/\/www.sonoraenequipo.com.mx\/#organization"},"image":{"@id":"https:\/\/www.sonoraenequipo.com.mx\/evitar-las-mascarillas-en-tela-recomienda-el-alto-consejo-de-salud-publica\/#primaryimage"},"thumbnailUrl":"https:\/\/www.sonoraenequipo.com.mx\/storage\/2021\/01\/masarillas-en-tela_opt1.jpg","articleSection":["MUNDO"],"inLanguage":"es","potentialAction":[{"@type":"CommentAction","name":"Comment","target":["https:\/\/www.sonoraenequipo.com.mx\/evitar-las-mascarillas-en-tela-recomienda-el-alto-consejo-de-salud-publica\/#respond"]}]},{"@type":"WebPage","@id":"https:\/\/www.sonoraenequipo.com.mx\/evitar-las-mascarillas-en-tela-recomienda-el-alto-consejo-de-salud-publica\/","url":"https:\/\/www.sonoraenequipo.com.mx\/evitar-las-mascarillas-en-tela-recomienda-el-alto-consejo-de-salud-publica\/","name":"Sonora en Equipo. Evitar las mascarillas en tela recomienda el Alto Consejo de Salud P\u00fablica MUNDO","isPartOf":{"@id":"https:\/\/www.sonoraenequipo.com.mx\/#website"},"primaryImageOfPage":{"@id":"https:\/\/www.sonoraenequipo.com.mx\/evitar-las-mascarillas-en-tela-recomienda-el-alto-consejo-de-salud-publica\/#primaryimage"},"image":{"@id":"https:\/\/www.sonoraenequipo.com.mx\/evitar-las-mascarillas-en-tela-recomienda-el-alto-consejo-de-salud-publica\/#primaryimage"},"thumbnailUrl":"https:\/\/www.sonoraenequipo.com.mx\/storage\/2021\/01\/masarillas-en-tela_opt1.jpg","datePublished":"2021-01-20T06:50:27+00:00","description":"PAR\u00cdS, FRANCIA.\u2014 Frente al reto de las nuevas variantes, el Alto Consejo de Salud P\u00fablica, organismo que asesora al gobierno en temas sanitarios, En Sonora en Equipo publicamos toda la informaci\u00f3n de Sonora, M\u00e9xico y el Mundo de manera oportuna y busca que la libertad de expresi\u00f3n sea real. Visita nuestro medio informativo publicado desde Hermosillo, Sonora. %","breadcrumb":{"@id":"https:\/\/www.sonoraenequipo.com.mx\/evitar-las-mascarillas-en-tela-recomienda-el-alto-consejo-de-salud-publica\/#breadcrumb"},"inLanguage":"es","potentialAction":[{"@type":"ReadAction","target":["https:\/\/www.sonoraenequipo.com.mx\/evitar-las-mascarillas-en-tela-recomienda-el-alto-consejo-de-salud-publica\/"]}]},{"@type":"ImageObject","inLanguage":"es","@id":"https:\/\/www.sonoraenequipo.com.mx\/evitar-las-mascarillas-en-tela-recomienda-el-alto-consejo-de-salud-publica\/#primaryimage","url":"https:\/\/www.sonoraenequipo.com.mx\/storage\/2021\/01\/masarillas-en-tela_opt1.jpg","contentUrl":"https:\/\/www.sonoraenequipo.com.mx\/storage\/2021\/01\/masarillas-en-tela_opt1.jpg","width":711,"height":400},{"@type":"BreadcrumbList","@id":"https:\/\/www.sonoraenequipo.com.mx\/evitar-las-mascarillas-en-tela-recomienda-el-alto-consejo-de-salud-publica\/#breadcrumb","itemListElement":[{"@type":"ListItem","position":1,"name":"Portada","item":"https:\/\/www.sonoraenequipo.com.mx\/"},{"@type":"ListItem","position":2,"name":"Evitar las mascarillas en tela recomienda el Alto Consejo de Salud P\u00fablica"}]},{"@type":"WebSite","@id":"https:\/\/www.sonoraenequipo.com.mx\/#website","url":"https:\/\/www.sonoraenequipo.com.mx\/","name":"Sonora en Equipo.","description":"Diario en l\u00ednea con Noticias desde Hermosillo, Sonora","publisher":{"@id":"https:\/\/www.sonoraenequipo.com.mx\/#organization"},"potentialAction":[{"@type":"SearchAction","target":{"@type":"EntryPoint","urlTemplate":"https:\/\/www.sonoraenequipo.com.mx\/?s={search_term_string}"},"query-input":{"@type":"PropertyValueSpecification","valueRequired":true,"valueName":"search_term_string"}}],"inLanguage":"es"},{"@type":"Organization","@id":"https:\/\/www.sonoraenequipo.com.mx\/#organization","name":"Sonoraenequipo.com.mx","url":"https:\/\/www.sonoraenequipo.com.mx\/","logo":{"@type":"ImageObject","inLanguage":"es","@id":"https:\/\/www.sonoraenequipo.com.mx\/#\/schema\/logo\/image\/","url":"https:\/\/www.sonoraenequipo.com.mx\/storage\/2019\/01\/sonoraenequipo_opt.png","contentUrl":"https:\/\/www.sonoraenequipo.com.mx\/storage\/2019\/01\/sonoraenequipo_opt.png","width":375,"height":125,"caption":"Sonoraenequipo.com.mx"},"image":{"@id":"https:\/\/www.sonoraenequipo.com.mx\/#\/schema\/logo\/image\/"},"sameAs":["https:\/\/www.facebook.com\/SonoraEE\/","https:\/\/x.com\/sonoraenequipo","https:\/\/www.youtube.com\/channel\/UC338nW-lPEYmJQs4ZABQ1SQ"]},{"@type":"Person","@id":"https:\/\/www.sonoraenequipo.com.mx\/#\/schema\/person\/50102df0fb23a8fa9e8effad8fa81386","name":"enequipo","image":{"@type":"ImageObject","inLanguage":"es","@id":"https:\/\/www.sonoraenequipo.com.mx\/#\/schema\/person\/image\/","url":"https:\/\/secure.gravatar.com\/avatar\/049821681b589dabc0bc20695993ccebb09f5b5d4d790cd9251b97faac7c652b?s=96&d=blank&r=g","contentUrl":"https:\/\/secure.gravatar.com\/avatar\/049821681b589dabc0bc20695993ccebb09f5b5d4d790cd9251b97faac7c652b?s=96&d=blank&r=g","caption":"enequipo"},"sameAs":["https:\/\/www.facebook.com\/SonoraEE"]}]}},"jetpack_featured_media_url":"https:\/\/www.sonoraenequipo.com.mx\/storage\/2021\/01\/masarillas-en-tela_opt1.jpg","_links":{"self":[{"href":"https:\/\/www.sonoraenequipo.com.mx\/api\/wp\/v2\/posts\/105025","targetHints":{"allow":["GET"]}}],"collection":[{"href":"https:\/\/www.sonoraenequipo.com.mx\/api\/wp\/v2\/posts"}],"about":[{"href":"https:\/\/www.sonoraenequipo.com.mx\/api\/wp\/v2\/types\/post"}],"author":[{"embeddable":true,"href":"https:\/\/www.sonoraenequipo.com.mx\/api\/wp\/v2\/users\/1"}],"replies":[{"embeddable":true,"href":"https:\/\/www.sonoraenequipo.com.mx\/api\/wp\/v2\/comments?post=105025"}],"version-history":[{"count":1,"href":"https:\/\/www.sonoraenequipo.com.mx\/api\/wp\/v2\/posts\/105025\/revisions"}],"predecessor-version":[{"id":105027,"href":"https:\/\/www.sonoraenequipo.com.mx\/api\/wp\/v2\/posts\/105025\/revisions\/105027"}],"wp:featuredmedia":[{"embeddable":true,"href":"https:\/\/www.sonoraenequipo.com.mx\/api\/wp\/v2\/media\/105026"}],"wp:attachment":[{"href":"https:\/\/www.sonoraenequipo.com.mx\/api\/wp\/v2\/media?parent=105025"}],"wp:term":[{"taxonomy":"category","embeddable":true,"href":"https:\/\/www.sonoraenequipo.com.mx\/api\/wp\/v2\/categories?post=105025"},{"taxonomy":"post_tag","embeddable":true,"href":"https:\/\/www.sonoraenequipo.com.mx\/api\/wp\/v2\/tags?post=105025"}],"curies":[{"name":"wp","href":"https:\/\/api.w.org\/{rel}","templated":true}]}}