{"id":105038,"date":"2021-01-20T09:15:06","date_gmt":"2021-01-20T16:15:06","guid":{"rendered":"https:\/\/www.sonoraenequipo.com.mx\/?p=105038"},"modified":"2021-01-20T12:11:32","modified_gmt":"2021-01-20T19:11:32","slug":"mananera-presidencial-de-hoy-20-de-enero-sigue-la-construccion-de-52-cuarteles-en-mexico","status":"publish","type":"post","link":"https:\/\/www.sonoraenequipo.com.mx\/mananera-presidencial-de-hoy-20-de-enero-sigue-la-construccion-de-52-cuarteles-en-mexico\/","title":{"rendered":"Ma\u00f1anera presidencial de hoy  20 de enero.  \u00abSigue la construcci\u00f3n de 52 cuarteles en M\u00e9xico\u00bb"},"content":{"rendered":"<p>CIUDAD DE M\u00c9XICO. MX. \u2014 El presidente Andr\u00e9s Manuel L\u00f3pez Obrador dese\u00f3 <em>\u00abque todo salga muy bien en la ceremonia de investidura de Joe Biden como presidente de Estados Unidos, que se lleve a cabo con tranquilidad, con paz, que sea para el bien de pueblo, son nuestros vecinos, nuestros hermanos\u00bb.<\/em> Adem\u00e1s, asegur\u00f3 que el plan migratorio del dem\u00f3crata <em>\u00abes bueno para M\u00e9xico\u00bb.<\/em><\/p>\n<p>&nbsp;<\/p>\n<p> <\/p>\n<p>&nbsp;<\/p>\n<h3>Pfizer enviar\u00e1 vacunas contra covid-19 suficientes: AMLO<\/h3>\n<p>&nbsp;<\/p>\n<p>Record\u00f3 que ayer se comunic\u00f3 con el director de Pfizer para agradecerle por su cumplimiento en la entrega de vacunas contra covid-19 a M\u00e9xico y felicitar a los cient\u00edficos que la hicieron posible <em>\u00aben relativamente poco tiempo\u00bb. Detall\u00f3 que en la llamada se reconfirmaron los env\u00edos y el contrato \u00abpara que no nos falten las dosis y podamos avanzar en la vacunaci\u00f3n<\/em>\u00ab.<\/p>\n<p>&nbsp;<\/p>\n<p><em>\u00abFue muy amable muy gentil y van a estarnos enviando vacunas suficientes, lo mismo que se esta haciendo con otras farmac\u00e9uticas\u00bb.<\/em><\/p>\n<p>&nbsp;<\/p>\n<h3><strong>En 2020, se logr\u00f3 tendencia a la baja en 16 de 18 delitos de alto impacto<\/strong><\/h3>\n<p>&nbsp;<\/p>\n<p>La secretaria de Seguridad y Protecci\u00f3n Ciudadana (SSPC), Rosa Icela Rodr\u00edguez, present\u00f3 en La Ma\u00f1anera el informe mensual de diciembre sobre incidencia delictiva y destac\u00f3 que el reto es \u00abenfocar nuestros esfuerzos para que los delitos de feminicidio y violencia familiar disminuyan. Como primera mujer al frente de la secretar\u00eda tengo el deber de revertir esta realidad que viven las mujeres en el pa\u00eds\u00bb.<\/p>\n<p>&nbsp;<\/p>\n<p>Agreg\u00f3 que en 2020 se logr\u00f3 una tendencia a la baja en 16 de 18 delitos de alto impacto, \u00ab<em>homicidio doloso estaba a la alza, pero se ha contenido su incidencia hasta 0.4%, lo que equivale a 133 v\u00edctimas de homicidios menos que en 2019&#8243;.<\/em><\/p>\n<p>&nbsp;<\/p>\n<p>El comandante de la Guardia Nacional, Luis Rodr\u00edguez Bucio, indic\u00f3 que de 91 cuarteles proyectados para 2020 ya se concluyeron 39 y 52 siguen en construcci\u00f3n.<\/p>\n<p>&nbsp;<\/p>\n<h3>\nNuevo lote de vacunas de Pfizer se distribuir\u00e1 en 480 hospitales<\/h3>\n<p>&nbsp;<\/p>\n<p>El titular de la Secretar\u00eda de la Defensa Nacional (Sedena), Luis Cresencio Sandoval, inform\u00f3 que el nuevo lote de vacunas de Pfizer se distribuir\u00e1 en 480 hospitales de todo el pa\u00eds, y agreg\u00f3 que en la ruta de Campeche ya van<em> \u00abincluidas 20 mil vacunas para los maestros\u00bb.<\/em><\/p>\n<p>&nbsp;<\/p>\n<h3>\nSustancia activa de vacuna de AstraZeneca no es para aplicaci\u00f3n inmediata.<\/h3>\n<p>&nbsp;<\/p>\n<p>El subsecretario de Prevenci\u00f3n y Promoci\u00f3n de la Salud, Hugo L\u00f3pez-Gatell, dio a conocer que hoy alas 04:05 horas lleg\u00f3 el embarque con la sustancia activa de la vacuna de AstraZeneca, pero aclar\u00f3 que \u00ab<em>no es para su aplicaci\u00f3n inmediata\u00bb,<\/em> pues todav\u00eda se debe hacer el proceso de envasado, por lo que anunci\u00f3 que a finales de marzo <em>\u00abya estar\u00e1 el producto listo para su uso\u00bb.<\/em><\/p>\n<p>&nbsp;<\/p>\n<p><em>\u00abEl acumulado son 77.4 millones de dosis para M\u00e9xico, y adem\u00e1s esta planta producir\u00e1 para el mercado de Am\u00e9rica Latina 200 millones de dosis\u00bb.<\/em><\/p>\n<p>&nbsp;<\/p>\n<h3>AMLO dice que relaci\u00f3n con Trump fue buena y en beneficio de M\u00e9xico<\/h3>\n<p>&nbsp;<\/p>\n<p>L\u00f3pez Obrador dijo que la relaci\u00f3n con el presidente saliente de Estados Unidos, Donald Trump, fue buena y en beneficio de M\u00e9xico; sin embargo, a\u00f1adi\u00f3 que el tema de los aranceles fue uno de los pocos desencuentros,<em> \u00abya no pude despedirme del presidente Trump, si aprovecho para expresar que fue buena la relaci\u00f3n que tuvimos y creo que en beneficio de M\u00e9xico en distintos asuntos, fueron pocos los desencuentros, las diferencias, una en particular, el prop\u00f3sito de querer imponer aranceles, eso fue lo m\u00e1s complicado en toda la relaci\u00f3n\u00bb.<\/em><\/p>\n<p>&nbsp;<\/p>\n<p><iframe loading=\"lazy\" title=\"Resultados de la estrategia de seguridad durante 2020. Conferencia presidente AMLO\" width=\"640\" height=\"360\" src=\"https:\/\/www.youtube.com\/embed\/zFdfuTl_nag?feature=oembed\" frameborder=\"0\" allow=\"accelerometer; autoplay; clipboard-write; encrypted-media; gyroscope; picture-in-picture; web-share\" referrerpolicy=\"strict-origin-when-cross-origin\" allowfullscreen><\/iframe><\/p>\n<p>&nbsp;<\/p>\n<p>(Publicada el 20\/01\/2021 )<\/p>\n","protected":false},"excerpt":{"rendered":"<p>CIUDAD DE M\u00c9XICO. MX. \u2014 El presidente Andr\u00e9s Manuel L\u00f3pez Obrador dese\u00f3 \u00abque todo salga&#8230;<\/p>\n","protected":false},"author":1,"featured_media":105039,"comment_status":"open","ping_status":"open","sticky":false,"template":"","format":"standard","meta":{"_monsterinsights_skip_tracking":false,"_monsterinsights_sitenote_active":false,"_monsterinsights_sitenote_note":"","_monsterinsights_sitenote_category":0,"footnotes":""},"categories":[5],"tags":[],"class_list":["post"],"yoast_head":" \n<title>Sonora en Equipo. Ma\u00f1anera presidencial de hoy 20 de enero. &quot;Sigue la construcci\u00f3n de 52 cuarteles en M\u00e9xico&quot; Rep\u00fablica<\/title>\n<meta name=\"description\" content=\"CIUDAD DE M\u00c9XICO. MX. \u2014 El presidente Andr\u00e9s Manuel L\u00f3pez Obrador dese\u00f3 &quot;que todo salga muy bien en la ceremonia de investidura de Joe Biden como En Sonora en Equipo publicamos toda la informaci\u00f3n de Sonora, M\u00e9xico y el Mundo de manera oportuna y busca que la libertad de expresi\u00f3n sea real. Visita nuestro medio informativo publicado desde Hermosillo, Sonora. %\" \/>\n<meta name=\"robots\" content=\"index, follow, max-snippet:-1, max-image-preview:large, max-video-preview:-1\" \/>\n<link rel=\"canonical\" href=\"https:\/\/www.sonoraenequipo.com.mx\/mananera-presidencial-de-hoy-20-de-enero-sigue-la-construccion-de-52-cuarteles-en-mexico\/\" \/>\n<meta property=\"og:locale\" content=\"es_ES\" \/>\n<meta property=\"og:type\" content=\"article\" \/>\n<meta property=\"og:title\" content=\"Sonora en Equipo. Ma\u00f1anera presidencial de hoy 20 de enero. &quot;Sigue la construcci\u00f3n de 52 cuarteles en M\u00e9xico&quot; Rep\u00fablica\" \/>\n<meta property=\"og:description\" content=\"CIUDAD DE M\u00c9XICO. MX. \u2014 El presidente Andr\u00e9s Manuel L\u00f3pez Obrador dese\u00f3 &quot;que todo salga muy bien en la ceremonia de investidura de Joe Biden como En Sonora en Equipo publicamos toda la informaci\u00f3n de Sonora, M\u00e9xico y el Mundo de manera oportuna y busca que la libertad de expresi\u00f3n sea real. Visita nuestro medio informativo publicado desde Hermosillo, Sonora. %\" \/>\n<meta property=\"og:url\" content=\"https:\/\/www.sonoraenequipo.com.mx\/mananera-presidencial-de-hoy-20-de-enero-sigue-la-construccion-de-52-cuarteles-en-mexico\/\" \/>\n<meta property=\"og:site_name\" content=\"Sonora en Equipo.\" \/>\n<meta property=\"article:publisher\" content=\"https:\/\/www.facebook.com\/SonoraEE\/\" \/>\n<meta property=\"article:author\" content=\"https:\/\/www.facebook.com\/SonoraEE\" \/>\n<meta property=\"article:published_time\" content=\"2021-01-20T16:15:06+00:00\" \/>\n<meta property=\"article:modified_time\" content=\"2021-01-20T19:11:32+00:00\" \/>\n<meta property=\"og:image\" content=\"https:\/\/www.sonoraenequipo.com.mx\/storage\/2021\/01\/amlo_mananera_opt.jpg\" \/>\n\t<meta property=\"og:image:width\" content=\"743\" \/>\n\t<meta property=\"og:image:height\" content=\"400\" \/>\n\t<meta property=\"og:image:type\" content=\"image\/jpeg\" \/>\n<meta name=\"author\" content=\"enequipo\" \/>\n<meta name=\"twitter:card\" content=\"summary_large_image\" \/>\n<meta name=\"twitter:creator\" content=\"@sonoraenequipo\" \/>\n<meta name=\"twitter:site\" content=\"@sonoraenequipo\" \/>\n<meta name=\"twitter:label1\" content=\"Escrito por\" \/>\n\t<meta name=\"twitter:data1\" content=\"enequipo\" \/>\n\t<meta name=\"twitter:label2\" content=\"Tiempo de lectura\" \/>\n\t<meta name=\"twitter:data2\" content=\"3 minutos\" \/>\n<script type=\"application\/ld+json\" class=\"yoast-schema-graph\">{\"@context\":\"https:\/\/schema.org\",\"@graph\":[{\"@type\":\"Article\",\"@id\":\"https:\/\/www.sonoraenequipo.com.mx\/mananera-presidencial-de-hoy-20-de-enero-sigue-la-construccion-de-52-cuarteles-en-mexico\/#article\",\"isPartOf\":{\"@id\":\"https:\/\/www.sonoraenequipo.com.mx\/mananera-presidencial-de-hoy-20-de-enero-sigue-la-construccion-de-52-cuarteles-en-mexico\/\"},\"author\":{\"name\":\"enequipo\",\"@id\":\"https:\/\/www.sonoraenequipo.com.mx\/#\/schema\/person\/50102df0fb23a8fa9e8effad8fa81386\"},\"headline\":\"Ma\u00f1anera presidencial de hoy 20 de enero. \u00abSigue la construcci\u00f3n de 52 cuarteles en M\u00e9xico\u00bb\",\"datePublished\":\"2021-01-20T16:15:06+00:00\",\"dateModified\":\"2021-01-20T19:11:32+00:00\",\"mainEntityOfPage\":{\"@id\":\"https:\/\/www.sonoraenequipo.com.mx\/mananera-presidencial-de-hoy-20-de-enero-sigue-la-construccion-de-52-cuarteles-en-mexico\/\"},\"wordCount\":634,\"commentCount\":0,\"publisher\":{\"@id\":\"https:\/\/www.sonoraenequipo.com.mx\/#organization\"},\"image\":{\"@id\":\"https:\/\/www.sonoraenequipo.com.mx\/mananera-presidencial-de-hoy-20-de-enero-sigue-la-construccion-de-52-cuarteles-en-mexico\/#primaryimage\"},\"thumbnailUrl\":\"https:\/\/www.sonoraenequipo.com.mx\/storage\/2021\/01\/amlo_mananera_opt.jpg\",\"articleSection\":[\"Rep\u00fablica\"],\"inLanguage\":\"es\",\"potentialAction\":[{\"@type\":\"CommentAction\",\"name\":\"Comment\",\"target\":[\"https:\/\/www.sonoraenequipo.com.mx\/mananera-presidencial-de-hoy-20-de-enero-sigue-la-construccion-de-52-cuarteles-en-mexico\/#respond\"]}]},{\"@type\":\"WebPage\",\"@id\":\"https:\/\/www.sonoraenequipo.com.mx\/mananera-presidencial-de-hoy-20-de-enero-sigue-la-construccion-de-52-cuarteles-en-mexico\/\",\"url\":\"https:\/\/www.sonoraenequipo.com.mx\/mananera-presidencial-de-hoy-20-de-enero-sigue-la-construccion-de-52-cuarteles-en-mexico\/\",\"name\":\"Sonora en Equipo. Ma\u00f1anera presidencial de hoy 20 de enero. \\\"Sigue la construcci\u00f3n de 52 cuarteles en M\u00e9xico\\\" Rep\u00fablica\",\"isPartOf\":{\"@id\":\"https:\/\/www.sonoraenequipo.com.mx\/#website\"},\"primaryImageOfPage\":{\"@id\":\"https:\/\/www.sonoraenequipo.com.mx\/mananera-presidencial-de-hoy-20-de-enero-sigue-la-construccion-de-52-cuarteles-en-mexico\/#primaryimage\"},\"image\":{\"@id\":\"https:\/\/www.sonoraenequipo.com.mx\/mananera-presidencial-de-hoy-20-de-enero-sigue-la-construccion-de-52-cuarteles-en-mexico\/#primaryimage\"},\"thumbnailUrl\":\"https:\/\/www.sonoraenequipo.com.mx\/storage\/2021\/01\/amlo_mananera_opt.jpg\",\"datePublished\":\"2021-01-20T16:15:06+00:00\",\"dateModified\":\"2021-01-20T19:11:32+00:00\",\"description\":\"CIUDAD DE M\u00c9XICO. MX. \u2014 El presidente Andr\u00e9s Manuel L\u00f3pez Obrador dese\u00f3 \\\"que todo salga muy bien en la ceremonia de investidura de Joe Biden como En Sonora en Equipo publicamos toda la informaci\u00f3n de Sonora, M\u00e9xico y el Mundo de manera oportuna y busca que la libertad de expresi\u00f3n sea real. Visita nuestro medio informativo publicado desde Hermosillo, Sonora. %\",\"breadcrumb\":{\"@id\":\"https:\/\/www.sonoraenequipo.com.mx\/mananera-presidencial-de-hoy-20-de-enero-sigue-la-construccion-de-52-cuarteles-en-mexico\/#breadcrumb\"},\"inLanguage\":\"es\",\"potentialAction\":[{\"@type\":\"ReadAction\",\"target\":[\"https:\/\/www.sonoraenequipo.com.mx\/mananera-presidencial-de-hoy-20-de-enero-sigue-la-construccion-de-52-cuarteles-en-mexico\/\"]}]},{\"@type\":\"ImageObject\",\"inLanguage\":\"es\",\"@id\":\"https:\/\/www.sonoraenequipo.com.mx\/mananera-presidencial-de-hoy-20-de-enero-sigue-la-construccion-de-52-cuarteles-en-mexico\/#primaryimage\",\"url\":\"https:\/\/www.sonoraenequipo.com.mx\/storage\/2021\/01\/amlo_mananera_opt.jpg\",\"contentUrl\":\"https:\/\/www.sonoraenequipo.com.mx\/storage\/2021\/01\/amlo_mananera_opt.jpg\",\"width\":743,\"height\":400},{\"@type\":\"BreadcrumbList\",\"@id\":\"https:\/\/www.sonoraenequipo.com.mx\/mananera-presidencial-de-hoy-20-de-enero-sigue-la-construccion-de-52-cuarteles-en-mexico\/#breadcrumb\",\"itemListElement\":[{\"@type\":\"ListItem\",\"position\":1,\"name\":\"Portada\",\"item\":\"https:\/\/www.sonoraenequipo.com.mx\/\"},{\"@type\":\"ListItem\",\"position\":2,\"name\":\"Ma\u00f1anera presidencial de hoy 20 de enero. \u00abSigue la construcci\u00f3n de 52 cuarteles en M\u00e9xico\u00bb\"}]},{\"@type\":\"WebSite\",\"@id\":\"https:\/\/www.sonoraenequipo.com.mx\/#website\",\"url\":\"https:\/\/www.sonoraenequipo.com.mx\/\",\"name\":\"Sonora en Equipo.\",\"description\":\"Diario en l\u00ednea con Noticias desde Hermosillo, Sonora\",\"publisher\":{\"@id\":\"https:\/\/www.sonoraenequipo.com.mx\/#organization\"},\"potentialAction\":[{\"@type\":\"SearchAction\",\"target\":{\"@type\":\"EntryPoint\",\"urlTemplate\":\"https:\/\/www.sonoraenequipo.com.mx\/?s={search_term_string}\"},\"query-input\":{\"@type\":\"PropertyValueSpecification\",\"valueRequired\":true,\"valueName\":\"search_term_string\"}}],\"inLanguage\":\"es\"},{\"@type\":\"Organization\",\"@id\":\"https:\/\/www.sonoraenequipo.com.mx\/#organization\",\"name\":\"Sonoraenequipo.com.mx\",\"url\":\"https:\/\/www.sonoraenequipo.com.mx\/\",\"logo\":{\"@type\":\"ImageObject\",\"inLanguage\":\"es\",\"@id\":\"https:\/\/www.sonoraenequipo.com.mx\/#\/schema\/logo\/image\/\",\"url\":\"https:\/\/www.sonoraenequipo.com.mx\/storage\/2019\/01\/sonoraenequipo_opt.png\",\"contentUrl\":\"https:\/\/www.sonoraenequipo.com.mx\/storage\/2019\/01\/sonoraenequipo_opt.png\",\"width\":375,\"height\":125,\"caption\":\"Sonoraenequipo.com.mx\"},\"image\":{\"@id\":\"https:\/\/www.sonoraenequipo.com.mx\/#\/schema\/logo\/image\/\"},\"sameAs\":[\"https:\/\/www.facebook.com\/SonoraEE\/\",\"https:\/\/x.com\/sonoraenequipo\",\"https:\/\/www.youtube.com\/channel\/UC338nW-lPEYmJQs4ZABQ1SQ\"]},{\"@type\":\"Person\",\"@id\":\"https:\/\/www.sonoraenequipo.com.mx\/#\/schema\/person\/50102df0fb23a8fa9e8effad8fa81386\",\"name\":\"enequipo\",\"image\":{\"@type\":\"ImageObject\",\"inLanguage\":\"es\",\"@id\":\"https:\/\/www.sonoraenequipo.com.mx\/#\/schema\/person\/image\/\",\"url\":\"https:\/\/secure.gravatar.com\/avatar\/049821681b589dabc0bc20695993ccebb09f5b5d4d790cd9251b97faac7c652b?s=96&d=blank&r=g\",\"contentUrl\":\"https:\/\/secure.gravatar.com\/avatar\/049821681b589dabc0bc20695993ccebb09f5b5d4d790cd9251b97faac7c652b?s=96&d=blank&r=g\",\"caption\":\"enequipo\"},\"sameAs\":[\"https:\/\/www.facebook.com\/SonoraEE\"]}]}<\/script>\n ","yoast_head_json":{"title":"Sonora en Equipo. Ma\u00f1anera presidencial de hoy 20 de enero. \"Sigue la construcci\u00f3n de 52 cuarteles en M\u00e9xico\" Rep\u00fablica","description":"CIUDAD DE M\u00c9XICO. MX. \u2014 El presidente Andr\u00e9s Manuel L\u00f3pez Obrador dese\u00f3 \"que todo salga muy bien en la ceremonia de investidura de Joe Biden como En Sonora en Equipo publicamos toda la informaci\u00f3n de Sonora, M\u00e9xico y el Mundo de manera oportuna y busca que la libertad de expresi\u00f3n sea real. Visita nuestro medio informativo publicado desde Hermosillo, Sonora. %","robots":{"index":"index","follow":"follow","max-snippet":"max-snippet:-1","max-image-preview":"max-image-preview:large","max-video-preview":"max-video-preview:-1"},"canonical":"https:\/\/www.sonoraenequipo.com.mx\/mananera-presidencial-de-hoy-20-de-enero-sigue-la-construccion-de-52-cuarteles-en-mexico\/","og_locale":"es_ES","og_type":"article","og_title":"Sonora en Equipo. Ma\u00f1anera presidencial de hoy 20 de enero. \"Sigue la construcci\u00f3n de 52 cuarteles en M\u00e9xico\" Rep\u00fablica","og_description":"CIUDAD DE M\u00c9XICO. MX. \u2014 El presidente Andr\u00e9s Manuel L\u00f3pez Obrador dese\u00f3 \"que todo salga muy bien en la ceremonia de investidura de Joe Biden como En Sonora en Equipo publicamos toda la informaci\u00f3n de Sonora, M\u00e9xico y el Mundo de manera oportuna y busca que la libertad de expresi\u00f3n sea real. Visita nuestro medio informativo publicado desde Hermosillo, Sonora. %","og_url":"https:\/\/www.sonoraenequipo.com.mx\/mananera-presidencial-de-hoy-20-de-enero-sigue-la-construccion-de-52-cuarteles-en-mexico\/","og_site_name":"Sonora en Equipo.","article_publisher":"https:\/\/www.facebook.com\/SonoraEE\/","article_author":"https:\/\/www.facebook.com\/SonoraEE","article_published_time":"2021-01-20T16:15:06+00:00","article_modified_time":"2021-01-20T19:11:32+00:00","og_image":[{"width":743,"height":400,"url":"https:\/\/www.sonoraenequipo.com.mx\/storage\/2021\/01\/amlo_mananera_opt.jpg","type":"image\/jpeg"}],"author":"enequipo","twitter_card":"summary_large_image","twitter_creator":"@sonoraenequipo","twitter_site":"@sonoraenequipo","twitter_misc":{"Escrito por":"enequipo","Tiempo de lectura":"3 minutos"},"schema":{"@context":"https:\/\/schema.org","@graph":[{"@type":"Article","@id":"https:\/\/www.sonoraenequipo.com.mx\/mananera-presidencial-de-hoy-20-de-enero-sigue-la-construccion-de-52-cuarteles-en-mexico\/#article","isPartOf":{"@id":"https:\/\/www.sonoraenequipo.com.mx\/mananera-presidencial-de-hoy-20-de-enero-sigue-la-construccion-de-52-cuarteles-en-mexico\/"},"author":{"name":"enequipo","@id":"https:\/\/www.sonoraenequipo.com.mx\/#\/schema\/person\/50102df0fb23a8fa9e8effad8fa81386"},"headline":"Ma\u00f1anera presidencial de hoy 20 de enero. \u00abSigue la construcci\u00f3n de 52 cuarteles en M\u00e9xico\u00bb","datePublished":"2021-01-20T16:15:06+00:00","dateModified":"2021-01-20T19:11:32+00:00","mainEntityOfPage":{"@id":"https:\/\/www.sonoraenequipo.com.mx\/mananera-presidencial-de-hoy-20-de-enero-sigue-la-construccion-de-52-cuarteles-en-mexico\/"},"wordCount":634,"commentCount":0,"publisher":{"@id":"https:\/\/www.sonoraenequipo.com.mx\/#organization"},"image":{"@id":"https:\/\/www.sonoraenequipo.com.mx\/mananera-presidencial-de-hoy-20-de-enero-sigue-la-construccion-de-52-cuarteles-en-mexico\/#primaryimage"},"thumbnailUrl":"https:\/\/www.sonoraenequipo.com.mx\/storage\/2021\/01\/amlo_mananera_opt.jpg","articleSection":["Rep\u00fablica"],"inLanguage":"es","potentialAction":[{"@type":"CommentAction","name":"Comment","target":["https:\/\/www.sonoraenequipo.com.mx\/mananera-presidencial-de-hoy-20-de-enero-sigue-la-construccion-de-52-cuarteles-en-mexico\/#respond"]}]},{"@type":"WebPage","@id":"https:\/\/www.sonoraenequipo.com.mx\/mananera-presidencial-de-hoy-20-de-enero-sigue-la-construccion-de-52-cuarteles-en-mexico\/","url":"https:\/\/www.sonoraenequipo.com.mx\/mananera-presidencial-de-hoy-20-de-enero-sigue-la-construccion-de-52-cuarteles-en-mexico\/","name":"Sonora en Equipo. Ma\u00f1anera presidencial de hoy 20 de enero. \"Sigue la construcci\u00f3n de 52 cuarteles en M\u00e9xico\" Rep\u00fablica","isPartOf":{"@id":"https:\/\/www.sonoraenequipo.com.mx\/#website"},"primaryImageOfPage":{"@id":"https:\/\/www.sonoraenequipo.com.mx\/mananera-presidencial-de-hoy-20-de-enero-sigue-la-construccion-de-52-cuarteles-en-mexico\/#primaryimage"},"image":{"@id":"https:\/\/www.sonoraenequipo.com.mx\/mananera-presidencial-de-hoy-20-de-enero-sigue-la-construccion-de-52-cuarteles-en-mexico\/#primaryimage"},"thumbnailUrl":"https:\/\/www.sonoraenequipo.com.mx\/storage\/2021\/01\/amlo_mananera_opt.jpg","datePublished":"2021-01-20T16:15:06+00:00","dateModified":"2021-01-20T19:11:32+00:00","description":"CIUDAD DE M\u00c9XICO. MX. \u2014 El presidente Andr\u00e9s Manuel L\u00f3pez Obrador dese\u00f3 \"que todo salga muy bien en la ceremonia de investidura de Joe Biden como En Sonora en Equipo publicamos toda la informaci\u00f3n de Sonora, M\u00e9xico y el Mundo de manera oportuna y busca que la libertad de expresi\u00f3n sea real. Visita nuestro medio informativo publicado desde Hermosillo, Sonora. %","breadcrumb":{"@id":"https:\/\/www.sonoraenequipo.com.mx\/mananera-presidencial-de-hoy-20-de-enero-sigue-la-construccion-de-52-cuarteles-en-mexico\/#breadcrumb"},"inLanguage":"es","potentialAction":[{"@type":"ReadAction","target":["https:\/\/www.sonoraenequipo.com.mx\/mananera-presidencial-de-hoy-20-de-enero-sigue-la-construccion-de-52-cuarteles-en-mexico\/"]}]},{"@type":"ImageObject","inLanguage":"es","@id":"https:\/\/www.sonoraenequipo.com.mx\/mananera-presidencial-de-hoy-20-de-enero-sigue-la-construccion-de-52-cuarteles-en-mexico\/#primaryimage","url":"https:\/\/www.sonoraenequipo.com.mx\/storage\/2021\/01\/amlo_mananera_opt.jpg","contentUrl":"https:\/\/www.sonoraenequipo.com.mx\/storage\/2021\/01\/amlo_mananera_opt.jpg","width":743,"height":400},{"@type":"BreadcrumbList","@id":"https:\/\/www.sonoraenequipo.com.mx\/mananera-presidencial-de-hoy-20-de-enero-sigue-la-construccion-de-52-cuarteles-en-mexico\/#breadcrumb","itemListElement":[{"@type":"ListItem","position":1,"name":"Portada","item":"https:\/\/www.sonoraenequipo.com.mx\/"},{"@type":"ListItem","position":2,"name":"Ma\u00f1anera presidencial de hoy 20 de enero. \u00abSigue la construcci\u00f3n de 52 cuarteles en M\u00e9xico\u00bb"}]},{"@type":"WebSite","@id":"https:\/\/www.sonoraenequipo.com.mx\/#website","url":"https:\/\/www.sonoraenequipo.com.mx\/","name":"Sonora en Equipo.","description":"Diario en l\u00ednea con Noticias desde Hermosillo, Sonora","publisher":{"@id":"https:\/\/www.sonoraenequipo.com.mx\/#organization"},"potentialAction":[{"@type":"SearchAction","target":{"@type":"EntryPoint","urlTemplate":"https:\/\/www.sonoraenequipo.com.mx\/?s={search_term_string}"},"query-input":{"@type":"PropertyValueSpecification","valueRequired":true,"valueName":"search_term_string"}}],"inLanguage":"es"},{"@type":"Organization","@id":"https:\/\/www.sonoraenequipo.com.mx\/#organization","name":"Sonoraenequipo.com.mx","url":"https:\/\/www.sonoraenequipo.com.mx\/","logo":{"@type":"ImageObject","inLanguage":"es","@id":"https:\/\/www.sonoraenequipo.com.mx\/#\/schema\/logo\/image\/","url":"https:\/\/www.sonoraenequipo.com.mx\/storage\/2019\/01\/sonoraenequipo_opt.png","contentUrl":"https:\/\/www.sonoraenequipo.com.mx\/storage\/2019\/01\/sonoraenequipo_opt.png","width":375,"height":125,"caption":"Sonoraenequipo.com.mx"},"image":{"@id":"https:\/\/www.sonoraenequipo.com.mx\/#\/schema\/logo\/image\/"},"sameAs":["https:\/\/www.facebook.com\/SonoraEE\/","https:\/\/x.com\/sonoraenequipo","https:\/\/www.youtube.com\/channel\/UC338nW-lPEYmJQs4ZABQ1SQ"]},{"@type":"Person","@id":"https:\/\/www.sonoraenequipo.com.mx\/#\/schema\/person\/50102df0fb23a8fa9e8effad8fa81386","name":"enequipo","image":{"@type":"ImageObject","inLanguage":"es","@id":"https:\/\/www.sonoraenequipo.com.mx\/#\/schema\/person\/image\/","url":"https:\/\/secure.gravatar.com\/avatar\/049821681b589dabc0bc20695993ccebb09f5b5d4d790cd9251b97faac7c652b?s=96&d=blank&r=g","contentUrl":"https:\/\/secure.gravatar.com\/avatar\/049821681b589dabc0bc20695993ccebb09f5b5d4d790cd9251b97faac7c652b?s=96&d=blank&r=g","caption":"enequipo"},"sameAs":["https:\/\/www.facebook.com\/SonoraEE"]}]}},"jetpack_featured_media_url":"https:\/\/www.sonoraenequipo.com.mx\/storage\/2021\/01\/amlo_mananera_opt.jpg","_links":{"self":[{"href":"https:\/\/www.sonoraenequipo.com.mx\/api\/wp\/v2\/posts\/105038","targetHints":{"allow":["GET"]}}],"collection":[{"href":"https:\/\/www.sonoraenequipo.com.mx\/api\/wp\/v2\/posts"}],"about":[{"href":"https:\/\/www.sonoraenequipo.com.mx\/api\/wp\/v2\/types\/post"}],"author":[{"embeddable":true,"href":"https:\/\/www.sonoraenequipo.com.mx\/api\/wp\/v2\/users\/1"}],"replies":[{"embeddable":true,"href":"https:\/\/www.sonoraenequipo.com.mx\/api\/wp\/v2\/comments?post=105038"}],"version-history":[{"count":1,"href":"https:\/\/www.sonoraenequipo.com.mx\/api\/wp\/v2\/posts\/105038\/revisions"}],"predecessor-version":[{"id":105041,"href":"https:\/\/www.sonoraenequipo.com.mx\/api\/wp\/v2\/posts\/105038\/revisions\/105041"}],"wp:featuredmedia":[{"embeddable":true,"href":"https:\/\/www.sonoraenequipo.com.mx\/api\/wp\/v2\/media\/105039"}],"wp:attachment":[{"href":"https:\/\/www.sonoraenequipo.com.mx\/api\/wp\/v2\/media?parent=105038"}],"wp:term":[{"taxonomy":"category","embeddable":true,"href":"https:\/\/www.sonoraenequipo.com.mx\/api\/wp\/v2\/categories?post=105038"},{"taxonomy":"post_tag","embeddable":true,"href":"https:\/\/www.sonoraenequipo.com.mx\/api\/wp\/v2\/tags?post=105038"}],"curies":[{"name":"wp","href":"https:\/\/api.w.org\/{rel}","templated":true}]}}