{"id":105042,"date":"2021-01-20T08:12:01","date_gmt":"2021-01-20T15:12:01","guid":{"rendered":"https:\/\/www.sonoraenequipo.com.mx\/?p=105042"},"modified":"2021-01-20T13:05:13","modified_gmt":"2021-01-20T20:05:13","slug":"la-arquidiocesis-primada-de-mexico-se-nego-a-pagar-la-hospitalizacion-del-cardenal-rivera-en-el-hospital-mocel","status":"publish","type":"post","link":"https:\/\/www.sonoraenequipo.com.mx\/la-arquidiocesis-primada-de-mexico-se-nego-a-pagar-la-hospitalizacion-del-cardenal-rivera-en-el-hospital-mocel\/","title":{"rendered":"La Arquidi\u00f3cesis Primada de M\u00e9xico se neg\u00f3 a pagar la hospitalizaci\u00f3n del cardenal Rivera en el Hospital Mocel"},"content":{"rendered":"<p>CIUDAD DE M\u00c9XICO.MX. \u2014 Al agravarse el estado de salud del cardenal Norberto Rivera por coronavirus, este lunes (18.01.2021) recibi\u00f3 la extremaunci\u00f3n, en el hospital donde se encuentra intubado.<\/p>\n<p>&nbsp;<\/p>\n<p> <\/p>\n<p>De acuerdo al sacerdote Hugo Valdemar Romero, quien era el vocero del cardenal, la Arquidi\u00f3cesis Primada de M\u00e9xico no ha querido costearle sus gastos m\u00e9dicos y ni tampoco brindarle apoyo espiritual.<\/p>\n<p>&nbsp;<\/p>\n<p><em>\u201cEl cardenal ingres\u00f3 por Covid al Hospital Mocel, pero debido a que se agrav\u00f3 su estado de salud se le tuvo que cambiar a otro hospital, del que prefiero omitir su nombre para mantener la privacidad del cardenal. Actualmente ah\u00ed permanece en terapia intensiva, sedado e intubado\u201d,<\/em> revel\u00f3.<\/p>\n<p>&nbsp;<\/p>\n<p>La salud del arzobispo em\u00e9rito, de 78 a\u00f1os de edad, se ha complicado al grado de enfrentar serios problemas en los pulmones y bajar hasta un 40% la saturaci\u00f3n del ox\u00edgeno.<\/p>\n<p>Este lunes (18.01.2021), a un sacerdote se le permiti\u00f3 ingresar al hospital para que le diera la extremaunci\u00f3n, pero totalmente al margen de la arquidi\u00f3cesis, que no ha querido costearle sus gastos m\u00e9dicos ni tampoco darle apoyo espiritual, apunt\u00f3, sin revelar el nombre del sacerdote para evitar represalias.<\/p>\n<p>&nbsp;<\/p>\n<p>Seg\u00fan el analista en temas religiosos, Guillermo Gazanini, la Arquidi\u00f3cesis Primada de M\u00e9xico se neg\u00f3 a pagar los gastos m\u00e9dicos del cardenal que ascienden a 80 mil pesos, en el Hospital Mocel, donde estuvo internado desde el pasado 16 de enero.<\/p>\n<p>&nbsp;<\/p>\n<p>Asegur\u00f3 que cuando todav\u00eda estaba en condiciones, pidi\u00f3 que la Arquidi\u00f3cesis absorbiera la deuda que se generar\u00eda por su atenci\u00f3n m\u00e9dica, sin embargo la Arquidi\u00f3cesis determin\u00f3 que ser\u00eda Norberto Rivera quien cubrir\u00eda los gastos.<\/p>\n<p>De acuerdo al art\u00edculo del analista religioso, las leyes can\u00f3nicas y el Directorio para el Ministerio Pastoral de los obispos, establecen que los arzobispos, como Rivera, tienen el derecho de recibir una pensi\u00f3n y seguro de salud por parte de la Arquidi\u00f3cesis Primada de M\u00e9xico.<\/p>\n<p>&nbsp;<\/p>\n<p>(Publicada el 20\/01\/2021)<\/p>\n","protected":false},"excerpt":{"rendered":"<p>CIUDAD DE M\u00c9XICO.MX. \u2014 Al agravarse el estado de salud del cardenal Norberto Rivera por&#8230;<\/p>\n","protected":false},"author":1,"featured_media":105043,"comment_status":"open","ping_status":"open","sticky":false,"template":"","format":"standard","meta":{"_monsterinsights_skip_tracking":false,"_monsterinsights_sitenote_active":false,"_monsterinsights_sitenote_note":"","_monsterinsights_sitenote_category":0,"footnotes":""},"categories":[5],"tags":[],"class_list":["post"],"yoast_head":" \n<title>Sonora en Equipo. La Arquidi\u00f3cesis Primada de M\u00e9xico se neg\u00f3 a pagar la hospitalizaci\u00f3n del cardenal Rivera en el Hospital Mocel Rep\u00fablica<\/title>\n<meta name=\"description\" content=\"CIUDAD DE M\u00c9XICO.MX. \u2014 Al agravarse el estado de salud del cardenal Norberto Rivera por coronavirus, este lunes (18.01.2021) recibi\u00f3 la extremaunci\u00f3n, en En Sonora en Equipo publicamos toda la informaci\u00f3n de Sonora, M\u00e9xico y el Mundo de manera oportuna y busca que la libertad de expresi\u00f3n sea real. Visita nuestro medio informativo publicado desde Hermosillo, Sonora. %\" \/>\n<meta name=\"robots\" content=\"index, follow, max-snippet:-1, max-image-preview:large, max-video-preview:-1\" \/>\n<link rel=\"canonical\" href=\"https:\/\/www.sonoraenequipo.com.mx\/la-arquidiocesis-primada-de-mexico-se-nego-a-pagar-la-hospitalizacion-del-cardenal-rivera-en-el-hospital-mocel\/\" \/>\n<meta property=\"og:locale\" content=\"es_ES\" \/>\n<meta property=\"og:type\" content=\"article\" \/>\n<meta property=\"og:title\" content=\"Sonora en Equipo. La Arquidi\u00f3cesis Primada de M\u00e9xico se neg\u00f3 a pagar la hospitalizaci\u00f3n del cardenal Rivera en el Hospital Mocel Rep\u00fablica\" \/>\n<meta property=\"og:description\" content=\"CIUDAD DE M\u00c9XICO.MX. \u2014 Al agravarse el estado de salud del cardenal Norberto Rivera por coronavirus, este lunes (18.01.2021) recibi\u00f3 la extremaunci\u00f3n, en En Sonora en Equipo publicamos toda la informaci\u00f3n de Sonora, M\u00e9xico y el Mundo de manera oportuna y busca que la libertad de expresi\u00f3n sea real. Visita nuestro medio informativo publicado desde Hermosillo, Sonora. %\" \/>\n<meta property=\"og:url\" content=\"https:\/\/www.sonoraenequipo.com.mx\/la-arquidiocesis-primada-de-mexico-se-nego-a-pagar-la-hospitalizacion-del-cardenal-rivera-en-el-hospital-mocel\/\" \/>\n<meta property=\"og:site_name\" content=\"Sonora en Equipo.\" \/>\n<meta property=\"article:publisher\" content=\"https:\/\/www.facebook.com\/SonoraEE\/\" \/>\n<meta property=\"article:author\" content=\"https:\/\/www.facebook.com\/SonoraEE\" \/>\n<meta property=\"article:published_time\" content=\"2021-01-20T15:12:01+00:00\" \/>\n<meta property=\"article:modified_time\" content=\"2021-01-20T20:05:13+00:00\" \/>\n<meta property=\"og:image\" content=\"https:\/\/www.sonoraenequipo.com.mx\/storage\/2021\/01\/norberto_rivera-pobre-y-abandonado_opt.jpg\" \/>\n\t<meta property=\"og:image:width\" content=\"713\" \/>\n\t<meta property=\"og:image:height\" content=\"400\" \/>\n\t<meta property=\"og:image:type\" content=\"image\/jpeg\" \/>\n<meta name=\"author\" content=\"enequipo\" \/>\n<meta name=\"twitter:card\" content=\"summary_large_image\" \/>\n<meta name=\"twitter:creator\" content=\"@sonoraenequipo\" \/>\n<meta name=\"twitter:site\" content=\"@sonoraenequipo\" \/>\n<meta name=\"twitter:label1\" content=\"Escrito por\" \/>\n\t<meta name=\"twitter:data1\" content=\"enequipo\" \/>\n\t<meta name=\"twitter:label2\" content=\"Tiempo de lectura\" \/>\n\t<meta name=\"twitter:data2\" content=\"2 minutos\" \/>\n<script type=\"application\/ld+json\" class=\"yoast-schema-graph\">{\"@context\":\"https:\/\/schema.org\",\"@graph\":[{\"@type\":\"Article\",\"@id\":\"https:\/\/www.sonoraenequipo.com.mx\/la-arquidiocesis-primada-de-mexico-se-nego-a-pagar-la-hospitalizacion-del-cardenal-rivera-en-el-hospital-mocel\/#article\",\"isPartOf\":{\"@id\":\"https:\/\/www.sonoraenequipo.com.mx\/la-arquidiocesis-primada-de-mexico-se-nego-a-pagar-la-hospitalizacion-del-cardenal-rivera-en-el-hospital-mocel\/\"},\"author\":{\"name\":\"enequipo\",\"@id\":\"https:\/\/www.sonoraenequipo.com.mx\/#\/schema\/person\/50102df0fb23a8fa9e8effad8fa81386\"},\"headline\":\"La Arquidi\u00f3cesis Primada de M\u00e9xico se neg\u00f3 a pagar la hospitalizaci\u00f3n del cardenal Rivera en el Hospital Mocel\",\"datePublished\":\"2021-01-20T15:12:01+00:00\",\"dateModified\":\"2021-01-20T20:05:13+00:00\",\"mainEntityOfPage\":{\"@id\":\"https:\/\/www.sonoraenequipo.com.mx\/la-arquidiocesis-primada-de-mexico-se-nego-a-pagar-la-hospitalizacion-del-cardenal-rivera-en-el-hospital-mocel\/\"},\"wordCount\":359,\"commentCount\":0,\"publisher\":{\"@id\":\"https:\/\/www.sonoraenequipo.com.mx\/#organization\"},\"image\":{\"@id\":\"https:\/\/www.sonoraenequipo.com.mx\/la-arquidiocesis-primada-de-mexico-se-nego-a-pagar-la-hospitalizacion-del-cardenal-rivera-en-el-hospital-mocel\/#primaryimage\"},\"thumbnailUrl\":\"https:\/\/www.sonoraenequipo.com.mx\/storage\/2021\/01\/norberto_rivera-pobre-y-abandonado_opt.jpg\",\"articleSection\":[\"Rep\u00fablica\"],\"inLanguage\":\"es\",\"potentialAction\":[{\"@type\":\"CommentAction\",\"name\":\"Comment\",\"target\":[\"https:\/\/www.sonoraenequipo.com.mx\/la-arquidiocesis-primada-de-mexico-se-nego-a-pagar-la-hospitalizacion-del-cardenal-rivera-en-el-hospital-mocel\/#respond\"]}]},{\"@type\":\"WebPage\",\"@id\":\"https:\/\/www.sonoraenequipo.com.mx\/la-arquidiocesis-primada-de-mexico-se-nego-a-pagar-la-hospitalizacion-del-cardenal-rivera-en-el-hospital-mocel\/\",\"url\":\"https:\/\/www.sonoraenequipo.com.mx\/la-arquidiocesis-primada-de-mexico-se-nego-a-pagar-la-hospitalizacion-del-cardenal-rivera-en-el-hospital-mocel\/\",\"name\":\"Sonora en Equipo. La Arquidi\u00f3cesis Primada de M\u00e9xico se neg\u00f3 a pagar la hospitalizaci\u00f3n del cardenal Rivera en el Hospital Mocel Rep\u00fablica\",\"isPartOf\":{\"@id\":\"https:\/\/www.sonoraenequipo.com.mx\/#website\"},\"primaryImageOfPage\":{\"@id\":\"https:\/\/www.sonoraenequipo.com.mx\/la-arquidiocesis-primada-de-mexico-se-nego-a-pagar-la-hospitalizacion-del-cardenal-rivera-en-el-hospital-mocel\/#primaryimage\"},\"image\":{\"@id\":\"https:\/\/www.sonoraenequipo.com.mx\/la-arquidiocesis-primada-de-mexico-se-nego-a-pagar-la-hospitalizacion-del-cardenal-rivera-en-el-hospital-mocel\/#primaryimage\"},\"thumbnailUrl\":\"https:\/\/www.sonoraenequipo.com.mx\/storage\/2021\/01\/norberto_rivera-pobre-y-abandonado_opt.jpg\",\"datePublished\":\"2021-01-20T15:12:01+00:00\",\"dateModified\":\"2021-01-20T20:05:13+00:00\",\"description\":\"CIUDAD DE M\u00c9XICO.MX. \u2014 Al agravarse el estado de salud del cardenal Norberto Rivera por coronavirus, este lunes (18.01.2021) recibi\u00f3 la extremaunci\u00f3n, en En Sonora en Equipo publicamos toda la informaci\u00f3n de Sonora, M\u00e9xico y el Mundo de manera oportuna y busca que la libertad de expresi\u00f3n sea real. Visita nuestro medio informativo publicado desde Hermosillo, Sonora. %\",\"breadcrumb\":{\"@id\":\"https:\/\/www.sonoraenequipo.com.mx\/la-arquidiocesis-primada-de-mexico-se-nego-a-pagar-la-hospitalizacion-del-cardenal-rivera-en-el-hospital-mocel\/#breadcrumb\"},\"inLanguage\":\"es\",\"potentialAction\":[{\"@type\":\"ReadAction\",\"target\":[\"https:\/\/www.sonoraenequipo.com.mx\/la-arquidiocesis-primada-de-mexico-se-nego-a-pagar-la-hospitalizacion-del-cardenal-rivera-en-el-hospital-mocel\/\"]}]},{\"@type\":\"ImageObject\",\"inLanguage\":\"es\",\"@id\":\"https:\/\/www.sonoraenequipo.com.mx\/la-arquidiocesis-primada-de-mexico-se-nego-a-pagar-la-hospitalizacion-del-cardenal-rivera-en-el-hospital-mocel\/#primaryimage\",\"url\":\"https:\/\/www.sonoraenequipo.com.mx\/storage\/2021\/01\/norberto_rivera-pobre-y-abandonado_opt.jpg\",\"contentUrl\":\"https:\/\/www.sonoraenequipo.com.mx\/storage\/2021\/01\/norberto_rivera-pobre-y-abandonado_opt.jpg\",\"width\":713,\"height\":400},{\"@type\":\"BreadcrumbList\",\"@id\":\"https:\/\/www.sonoraenequipo.com.mx\/la-arquidiocesis-primada-de-mexico-se-nego-a-pagar-la-hospitalizacion-del-cardenal-rivera-en-el-hospital-mocel\/#breadcrumb\",\"itemListElement\":[{\"@type\":\"ListItem\",\"position\":1,\"name\":\"Portada\",\"item\":\"https:\/\/www.sonoraenequipo.com.mx\/\"},{\"@type\":\"ListItem\",\"position\":2,\"name\":\"La Arquidi\u00f3cesis Primada de M\u00e9xico se neg\u00f3 a pagar la hospitalizaci\u00f3n del cardenal Rivera en el Hospital Mocel\"}]},{\"@type\":\"WebSite\",\"@id\":\"https:\/\/www.sonoraenequipo.com.mx\/#website\",\"url\":\"https:\/\/www.sonoraenequipo.com.mx\/\",\"name\":\"Sonora en Equipo.\",\"description\":\"Diario en l\u00ednea con Noticias desde Hermosillo, Sonora\",\"publisher\":{\"@id\":\"https:\/\/www.sonoraenequipo.com.mx\/#organization\"},\"potentialAction\":[{\"@type\":\"SearchAction\",\"target\":{\"@type\":\"EntryPoint\",\"urlTemplate\":\"https:\/\/www.sonoraenequipo.com.mx\/?s={search_term_string}\"},\"query-input\":{\"@type\":\"PropertyValueSpecification\",\"valueRequired\":true,\"valueName\":\"search_term_string\"}}],\"inLanguage\":\"es\"},{\"@type\":\"Organization\",\"@id\":\"https:\/\/www.sonoraenequipo.com.mx\/#organization\",\"name\":\"Sonoraenequipo.com.mx\",\"url\":\"https:\/\/www.sonoraenequipo.com.mx\/\",\"logo\":{\"@type\":\"ImageObject\",\"inLanguage\":\"es\",\"@id\":\"https:\/\/www.sonoraenequipo.com.mx\/#\/schema\/logo\/image\/\",\"url\":\"https:\/\/www.sonoraenequipo.com.mx\/storage\/2019\/01\/sonoraenequipo_opt.png\",\"contentUrl\":\"https:\/\/www.sonoraenequipo.com.mx\/storage\/2019\/01\/sonoraenequipo_opt.png\",\"width\":375,\"height\":125,\"caption\":\"Sonoraenequipo.com.mx\"},\"image\":{\"@id\":\"https:\/\/www.sonoraenequipo.com.mx\/#\/schema\/logo\/image\/\"},\"sameAs\":[\"https:\/\/www.facebook.com\/SonoraEE\/\",\"https:\/\/x.com\/sonoraenequipo\",\"https:\/\/www.youtube.com\/channel\/UC338nW-lPEYmJQs4ZABQ1SQ\"]},{\"@type\":\"Person\",\"@id\":\"https:\/\/www.sonoraenequipo.com.mx\/#\/schema\/person\/50102df0fb23a8fa9e8effad8fa81386\",\"name\":\"enequipo\",\"image\":{\"@type\":\"ImageObject\",\"inLanguage\":\"es\",\"@id\":\"https:\/\/www.sonoraenequipo.com.mx\/#\/schema\/person\/image\/\",\"url\":\"https:\/\/secure.gravatar.com\/avatar\/049821681b589dabc0bc20695993ccebb09f5b5d4d790cd9251b97faac7c652b?s=96&d=blank&r=g\",\"contentUrl\":\"https:\/\/secure.gravatar.com\/avatar\/049821681b589dabc0bc20695993ccebb09f5b5d4d790cd9251b97faac7c652b?s=96&d=blank&r=g\",\"caption\":\"enequipo\"},\"sameAs\":[\"https:\/\/www.facebook.com\/SonoraEE\"]}]}<\/script>\n ","yoast_head_json":{"title":"Sonora en Equipo. La Arquidi\u00f3cesis Primada de M\u00e9xico se neg\u00f3 a pagar la hospitalizaci\u00f3n del cardenal Rivera en el Hospital Mocel Rep\u00fablica","description":"CIUDAD DE M\u00c9XICO.MX. \u2014 Al agravarse el estado de salud del cardenal Norberto Rivera por coronavirus, este lunes (18.01.2021) recibi\u00f3 la extremaunci\u00f3n, en En Sonora en Equipo publicamos toda la informaci\u00f3n de Sonora, M\u00e9xico y el Mundo de manera oportuna y busca que la libertad de expresi\u00f3n sea real. Visita nuestro medio informativo publicado desde Hermosillo, Sonora. %","robots":{"index":"index","follow":"follow","max-snippet":"max-snippet:-1","max-image-preview":"max-image-preview:large","max-video-preview":"max-video-preview:-1"},"canonical":"https:\/\/www.sonoraenequipo.com.mx\/la-arquidiocesis-primada-de-mexico-se-nego-a-pagar-la-hospitalizacion-del-cardenal-rivera-en-el-hospital-mocel\/","og_locale":"es_ES","og_type":"article","og_title":"Sonora en Equipo. La Arquidi\u00f3cesis Primada de M\u00e9xico se neg\u00f3 a pagar la hospitalizaci\u00f3n del cardenal Rivera en el Hospital Mocel Rep\u00fablica","og_description":"CIUDAD DE M\u00c9XICO.MX. \u2014 Al agravarse el estado de salud del cardenal Norberto Rivera por coronavirus, este lunes (18.01.2021) recibi\u00f3 la extremaunci\u00f3n, en En Sonora en Equipo publicamos toda la informaci\u00f3n de Sonora, M\u00e9xico y el Mundo de manera oportuna y busca que la libertad de expresi\u00f3n sea real. Visita nuestro medio informativo publicado desde Hermosillo, Sonora. %","og_url":"https:\/\/www.sonoraenequipo.com.mx\/la-arquidiocesis-primada-de-mexico-se-nego-a-pagar-la-hospitalizacion-del-cardenal-rivera-en-el-hospital-mocel\/","og_site_name":"Sonora en Equipo.","article_publisher":"https:\/\/www.facebook.com\/SonoraEE\/","article_author":"https:\/\/www.facebook.com\/SonoraEE","article_published_time":"2021-01-20T15:12:01+00:00","article_modified_time":"2021-01-20T20:05:13+00:00","og_image":[{"width":713,"height":400,"url":"https:\/\/www.sonoraenequipo.com.mx\/storage\/2021\/01\/norberto_rivera-pobre-y-abandonado_opt.jpg","type":"image\/jpeg"}],"author":"enequipo","twitter_card":"summary_large_image","twitter_creator":"@sonoraenequipo","twitter_site":"@sonoraenequipo","twitter_misc":{"Escrito por":"enequipo","Tiempo de lectura":"2 minutos"},"schema":{"@context":"https:\/\/schema.org","@graph":[{"@type":"Article","@id":"https:\/\/www.sonoraenequipo.com.mx\/la-arquidiocesis-primada-de-mexico-se-nego-a-pagar-la-hospitalizacion-del-cardenal-rivera-en-el-hospital-mocel\/#article","isPartOf":{"@id":"https:\/\/www.sonoraenequipo.com.mx\/la-arquidiocesis-primada-de-mexico-se-nego-a-pagar-la-hospitalizacion-del-cardenal-rivera-en-el-hospital-mocel\/"},"author":{"name":"enequipo","@id":"https:\/\/www.sonoraenequipo.com.mx\/#\/schema\/person\/50102df0fb23a8fa9e8effad8fa81386"},"headline":"La Arquidi\u00f3cesis Primada de M\u00e9xico se neg\u00f3 a pagar la hospitalizaci\u00f3n del cardenal Rivera en el Hospital Mocel","datePublished":"2021-01-20T15:12:01+00:00","dateModified":"2021-01-20T20:05:13+00:00","mainEntityOfPage":{"@id":"https:\/\/www.sonoraenequipo.com.mx\/la-arquidiocesis-primada-de-mexico-se-nego-a-pagar-la-hospitalizacion-del-cardenal-rivera-en-el-hospital-mocel\/"},"wordCount":359,"commentCount":0,"publisher":{"@id":"https:\/\/www.sonoraenequipo.com.mx\/#organization"},"image":{"@id":"https:\/\/www.sonoraenequipo.com.mx\/la-arquidiocesis-primada-de-mexico-se-nego-a-pagar-la-hospitalizacion-del-cardenal-rivera-en-el-hospital-mocel\/#primaryimage"},"thumbnailUrl":"https:\/\/www.sonoraenequipo.com.mx\/storage\/2021\/01\/norberto_rivera-pobre-y-abandonado_opt.jpg","articleSection":["Rep\u00fablica"],"inLanguage":"es","potentialAction":[{"@type":"CommentAction","name":"Comment","target":["https:\/\/www.sonoraenequipo.com.mx\/la-arquidiocesis-primada-de-mexico-se-nego-a-pagar-la-hospitalizacion-del-cardenal-rivera-en-el-hospital-mocel\/#respond"]}]},{"@type":"WebPage","@id":"https:\/\/www.sonoraenequipo.com.mx\/la-arquidiocesis-primada-de-mexico-se-nego-a-pagar-la-hospitalizacion-del-cardenal-rivera-en-el-hospital-mocel\/","url":"https:\/\/www.sonoraenequipo.com.mx\/la-arquidiocesis-primada-de-mexico-se-nego-a-pagar-la-hospitalizacion-del-cardenal-rivera-en-el-hospital-mocel\/","name":"Sonora en Equipo. La Arquidi\u00f3cesis Primada de M\u00e9xico se neg\u00f3 a pagar la hospitalizaci\u00f3n del cardenal Rivera en el Hospital Mocel Rep\u00fablica","isPartOf":{"@id":"https:\/\/www.sonoraenequipo.com.mx\/#website"},"primaryImageOfPage":{"@id":"https:\/\/www.sonoraenequipo.com.mx\/la-arquidiocesis-primada-de-mexico-se-nego-a-pagar-la-hospitalizacion-del-cardenal-rivera-en-el-hospital-mocel\/#primaryimage"},"image":{"@id":"https:\/\/www.sonoraenequipo.com.mx\/la-arquidiocesis-primada-de-mexico-se-nego-a-pagar-la-hospitalizacion-del-cardenal-rivera-en-el-hospital-mocel\/#primaryimage"},"thumbnailUrl":"https:\/\/www.sonoraenequipo.com.mx\/storage\/2021\/01\/norberto_rivera-pobre-y-abandonado_opt.jpg","datePublished":"2021-01-20T15:12:01+00:00","dateModified":"2021-01-20T20:05:13+00:00","description":"CIUDAD DE M\u00c9XICO.MX. \u2014 Al agravarse el estado de salud del cardenal Norberto Rivera por coronavirus, este lunes (18.01.2021) recibi\u00f3 la extremaunci\u00f3n, en En Sonora en Equipo publicamos toda la informaci\u00f3n de Sonora, M\u00e9xico y el Mundo de manera oportuna y busca que la libertad de expresi\u00f3n sea real. Visita nuestro medio informativo publicado desde Hermosillo, Sonora. %","breadcrumb":{"@id":"https:\/\/www.sonoraenequipo.com.mx\/la-arquidiocesis-primada-de-mexico-se-nego-a-pagar-la-hospitalizacion-del-cardenal-rivera-en-el-hospital-mocel\/#breadcrumb"},"inLanguage":"es","potentialAction":[{"@type":"ReadAction","target":["https:\/\/www.sonoraenequipo.com.mx\/la-arquidiocesis-primada-de-mexico-se-nego-a-pagar-la-hospitalizacion-del-cardenal-rivera-en-el-hospital-mocel\/"]}]},{"@type":"ImageObject","inLanguage":"es","@id":"https:\/\/www.sonoraenequipo.com.mx\/la-arquidiocesis-primada-de-mexico-se-nego-a-pagar-la-hospitalizacion-del-cardenal-rivera-en-el-hospital-mocel\/#primaryimage","url":"https:\/\/www.sonoraenequipo.com.mx\/storage\/2021\/01\/norberto_rivera-pobre-y-abandonado_opt.jpg","contentUrl":"https:\/\/www.sonoraenequipo.com.mx\/storage\/2021\/01\/norberto_rivera-pobre-y-abandonado_opt.jpg","width":713,"height":400},{"@type":"BreadcrumbList","@id":"https:\/\/www.sonoraenequipo.com.mx\/la-arquidiocesis-primada-de-mexico-se-nego-a-pagar-la-hospitalizacion-del-cardenal-rivera-en-el-hospital-mocel\/#breadcrumb","itemListElement":[{"@type":"ListItem","position":1,"name":"Portada","item":"https:\/\/www.sonoraenequipo.com.mx\/"},{"@type":"ListItem","position":2,"name":"La Arquidi\u00f3cesis Primada de M\u00e9xico se neg\u00f3 a pagar la hospitalizaci\u00f3n del cardenal Rivera en el Hospital Mocel"}]},{"@type":"WebSite","@id":"https:\/\/www.sonoraenequipo.com.mx\/#website","url":"https:\/\/www.sonoraenequipo.com.mx\/","name":"Sonora en Equipo.","description":"Diario en l\u00ednea con Noticias desde Hermosillo, Sonora","publisher":{"@id":"https:\/\/www.sonoraenequipo.com.mx\/#organization"},"potentialAction":[{"@type":"SearchAction","target":{"@type":"EntryPoint","urlTemplate":"https:\/\/www.sonoraenequipo.com.mx\/?s={search_term_string}"},"query-input":{"@type":"PropertyValueSpecification","valueRequired":true,"valueName":"search_term_string"}}],"inLanguage":"es"},{"@type":"Organization","@id":"https:\/\/www.sonoraenequipo.com.mx\/#organization","name":"Sonoraenequipo.com.mx","url":"https:\/\/www.sonoraenequipo.com.mx\/","logo":{"@type":"ImageObject","inLanguage":"es","@id":"https:\/\/www.sonoraenequipo.com.mx\/#\/schema\/logo\/image\/","url":"https:\/\/www.sonoraenequipo.com.mx\/storage\/2019\/01\/sonoraenequipo_opt.png","contentUrl":"https:\/\/www.sonoraenequipo.com.mx\/storage\/2019\/01\/sonoraenequipo_opt.png","width":375,"height":125,"caption":"Sonoraenequipo.com.mx"},"image":{"@id":"https:\/\/www.sonoraenequipo.com.mx\/#\/schema\/logo\/image\/"},"sameAs":["https:\/\/www.facebook.com\/SonoraEE\/","https:\/\/x.com\/sonoraenequipo","https:\/\/www.youtube.com\/channel\/UC338nW-lPEYmJQs4ZABQ1SQ"]},{"@type":"Person","@id":"https:\/\/www.sonoraenequipo.com.mx\/#\/schema\/person\/50102df0fb23a8fa9e8effad8fa81386","name":"enequipo","image":{"@type":"ImageObject","inLanguage":"es","@id":"https:\/\/www.sonoraenequipo.com.mx\/#\/schema\/person\/image\/","url":"https:\/\/secure.gravatar.com\/avatar\/049821681b589dabc0bc20695993ccebb09f5b5d4d790cd9251b97faac7c652b?s=96&d=blank&r=g","contentUrl":"https:\/\/secure.gravatar.com\/avatar\/049821681b589dabc0bc20695993ccebb09f5b5d4d790cd9251b97faac7c652b?s=96&d=blank&r=g","caption":"enequipo"},"sameAs":["https:\/\/www.facebook.com\/SonoraEE"]}]}},"jetpack_featured_media_url":"https:\/\/www.sonoraenequipo.com.mx\/storage\/2021\/01\/norberto_rivera-pobre-y-abandonado_opt.jpg","_links":{"self":[{"href":"https:\/\/www.sonoraenequipo.com.mx\/api\/wp\/v2\/posts\/105042","targetHints":{"allow":["GET"]}}],"collection":[{"href":"https:\/\/www.sonoraenequipo.com.mx\/api\/wp\/v2\/posts"}],"about":[{"href":"https:\/\/www.sonoraenequipo.com.mx\/api\/wp\/v2\/types\/post"}],"author":[{"embeddable":true,"href":"https:\/\/www.sonoraenequipo.com.mx\/api\/wp\/v2\/users\/1"}],"replies":[{"embeddable":true,"href":"https:\/\/www.sonoraenequipo.com.mx\/api\/wp\/v2\/comments?post=105042"}],"version-history":[{"count":1,"href":"https:\/\/www.sonoraenequipo.com.mx\/api\/wp\/v2\/posts\/105042\/revisions"}],"predecessor-version":[{"id":105044,"href":"https:\/\/www.sonoraenequipo.com.mx\/api\/wp\/v2\/posts\/105042\/revisions\/105044"}],"wp:featuredmedia":[{"embeddable":true,"href":"https:\/\/www.sonoraenequipo.com.mx\/api\/wp\/v2\/media\/105043"}],"wp:attachment":[{"href":"https:\/\/www.sonoraenequipo.com.mx\/api\/wp\/v2\/media?parent=105042"}],"wp:term":[{"taxonomy":"category","embeddable":true,"href":"https:\/\/www.sonoraenequipo.com.mx\/api\/wp\/v2\/categories?post=105042"},{"taxonomy":"post_tag","embeddable":true,"href":"https:\/\/www.sonoraenequipo.com.mx\/api\/wp\/v2\/tags?post=105042"}],"curies":[{"name":"wp","href":"https:\/\/api.w.org\/{rel}","templated":true}]}}