{"id":105045,"date":"2021-01-20T11:20:35","date_gmt":"2021-01-20T18:20:35","guid":{"rendered":"https:\/\/www.sonoraenequipo.com.mx\/?p=105045"},"modified":"2021-01-20T13:50:41","modified_gmt":"2021-01-20T20:50:41","slug":"pide-monreal-dejar-atras-polemicas-entre-mexico-eu","status":"publish","type":"post","link":"https:\/\/www.sonoraenequipo.com.mx\/pide-monreal-dejar-atras-polemicas-entre-mexico-eu\/","title":{"rendered":"Pide Monreal dejar atr\u00e1s pol\u00e9micas entre M\u00e9xico-EU"},"content":{"rendered":"<p>CIUDAD DE M\u00c9XICO. MX. \u2014 Ante la toma de posesi\u00f3n de Joe Biden como presidente de Estados Unidos, el coordinador de Morena en el Senado, Ricardo Monreal \u00c1vila, consider\u00f3 que la relaci\u00f3n entre su gobierno y el de M\u00e9xico debe estar basada en una pol\u00edtica de cooperaci\u00f3n y entendimiento rec\u00edprocos que deje atr\u00e1s las pol\u00e9micas que surgieron entre ambos pa\u00edses.<\/p>\n<p>&nbsp;<\/p>\n<p> <\/p>\n<p>Monreal pidi\u00f3 dejar atr\u00e1s las pol\u00e9micas sobre el tiempo que tard\u00f3 M\u00e9xico en reconocer el triunfo de Biden, la aprobaci\u00f3n de la Ley de Seguridad Nacional y el caso del ex secretario de la Defensa Nacional, Salvador Cienfuegos.<\/p>\n<p>&nbsp;<\/p>\n<p><em>\u00abDebemos tener la certeza de que\u00a0 \u2014 <\/em>sin abandonar los principios de la pol\u00edtica exterior mexicana, que le han dado presencia y respeto en todo el mundo\u2014\u00a0<em> se mantendr\u00e1n la dignidad y el decoro de nuestra soberan\u00eda\u00bb.<\/em><\/p>\n<p>&nbsp;<\/p>\n<p>Dijo que la nueva relaci\u00f3n entre ambos pa\u00edses deber\u00e1 basarse en la prudencia, la reciprocidad y el respeto.<\/p>\n<p>&nbsp;<\/p>\n<p>Hoy mi\u00e9rcoles (20.01.2021) Joe Biden tomar\u00e1 posesi\u00f3n como el nuevo presidente de Estados Unidos, pa\u00eds que es el principal socio comercial de M\u00e9xico.<\/p>\n<p>&nbsp;<\/p>\n<p>Pidi\u00f3 impulsar una agenda centrada en los grandes temas de la relaci\u00f3n com\u00fan, como la cooperaci\u00f3n en el combate al crimen organizado, incluido el narcotr\u00e1fico y el tr\u00e1fico de armas.<\/p>\n<p>&nbsp;<\/p>\n<p>Discutir el uso de energ\u00edas limpias, soberan\u00eda energ\u00e9tica, comercio, migraci\u00f3n, tecnolog\u00edas de la informaci\u00f3n, combate a la pandemia, cooperaci\u00f3n para el desarrollo, cuidado del medio ambiente y respeto a los derechos humanos, y el T-MEC.<\/p>\n<p>&nbsp;<\/p>\n<p>Ricardo Monreal Monreal Ricardo Monreal \u00c1vila V\u00eda a ciudadan\u00eda con 8 a\u00f1os de residencia en plan migratorio de Biden llega Joe Biden AMLO y Biden Presidente Joe Biden elecciones usa Joe Biden Joe Biden Biden<\/p>\n<p>&nbsp;<\/p>\n<p>&nbsp;<\/p>\n<p>(Publicada el 20\/01\/2021)<\/p>\n","protected":false},"excerpt":{"rendered":"<p>CIUDAD DE M\u00c9XICO. MX. \u2014 Ante la toma de posesi\u00f3n de Joe Biden como presidente&#8230;<\/p>\n","protected":false},"author":1,"featured_media":105047,"comment_status":"open","ping_status":"open","sticky":false,"template":"","format":"standard","meta":{"_monsterinsights_skip_tracking":false,"_monsterinsights_sitenote_active":false,"_monsterinsights_sitenote_note":"","_monsterinsights_sitenote_category":0,"footnotes":""},"categories":[5],"tags":[],"class_list":["post"],"yoast_head":" \n<title>Sonora en Equipo. Pide Monreal dejar atr\u00e1s pol\u00e9micas entre M\u00e9xico-EU Rep\u00fablica<\/title>\n<meta name=\"description\" content=\"CIUDAD DE M\u00c9XICO. MX. \u2014 Ante la toma de posesi\u00f3n de Joe Biden como presidente de Estados Unidos, el coordinador de Morena en el Senado, Ricardo Monreal En Sonora en Equipo publicamos toda la informaci\u00f3n de Sonora, M\u00e9xico y el Mundo de manera oportuna y busca que la libertad de expresi\u00f3n sea real. Visita nuestro medio informativo publicado desde Hermosillo, Sonora. %\" \/>\n<meta name=\"robots\" content=\"index, follow, max-snippet:-1, max-image-preview:large, max-video-preview:-1\" \/>\n<link rel=\"canonical\" href=\"https:\/\/www.sonoraenequipo.com.mx\/pide-monreal-dejar-atras-polemicas-entre-mexico-eu\/\" \/>\n<meta property=\"og:locale\" content=\"es_ES\" \/>\n<meta property=\"og:type\" content=\"article\" \/>\n<meta property=\"og:title\" content=\"Sonora en Equipo. Pide Monreal dejar atr\u00e1s pol\u00e9micas entre M\u00e9xico-EU Rep\u00fablica\" \/>\n<meta property=\"og:description\" content=\"CIUDAD DE M\u00c9XICO. MX. \u2014 Ante la toma de posesi\u00f3n de Joe Biden como presidente de Estados Unidos, el coordinador de Morena en el Senado, Ricardo Monreal En Sonora en Equipo publicamos toda la informaci\u00f3n de Sonora, M\u00e9xico y el Mundo de manera oportuna y busca que la libertad de expresi\u00f3n sea real. Visita nuestro medio informativo publicado desde Hermosillo, Sonora. %\" \/>\n<meta property=\"og:url\" content=\"https:\/\/www.sonoraenequipo.com.mx\/pide-monreal-dejar-atras-polemicas-entre-mexico-eu\/\" \/>\n<meta property=\"og:site_name\" content=\"Sonora en Equipo.\" \/>\n<meta property=\"article:publisher\" content=\"https:\/\/www.facebook.com\/SonoraEE\/\" \/>\n<meta property=\"article:author\" content=\"https:\/\/www.facebook.com\/SonoraEE\" \/>\n<meta property=\"article:published_time\" content=\"2021-01-20T18:20:35+00:00\" \/>\n<meta property=\"article:modified_time\" content=\"2021-01-20T20:50:41+00:00\" \/>\n<meta property=\"og:image\" content=\"https:\/\/www.sonoraenequipo.com.mx\/storage\/2021\/01\/Monreal-mx-eua_opt.jpg\" \/>\n\t<meta property=\"og:image:width\" content=\"712\" \/>\n\t<meta property=\"og:image:height\" content=\"400\" \/>\n\t<meta property=\"og:image:type\" content=\"image\/jpeg\" \/>\n<meta name=\"author\" content=\"enequipo\" \/>\n<meta name=\"twitter:card\" content=\"summary_large_image\" \/>\n<meta name=\"twitter:creator\" content=\"@sonoraenequipo\" \/>\n<meta name=\"twitter:site\" content=\"@sonoraenequipo\" \/>\n<meta name=\"twitter:label1\" content=\"Escrito por\" \/>\n\t<meta name=\"twitter:data1\" content=\"enequipo\" \/>\n\t<meta name=\"twitter:label2\" content=\"Tiempo de lectura\" \/>\n\t<meta name=\"twitter:data2\" content=\"2 minutos\" \/>\n<script type=\"application\/ld+json\" class=\"yoast-schema-graph\">{\"@context\":\"https:\/\/schema.org\",\"@graph\":[{\"@type\":\"Article\",\"@id\":\"https:\/\/www.sonoraenequipo.com.mx\/pide-monreal-dejar-atras-polemicas-entre-mexico-eu\/#article\",\"isPartOf\":{\"@id\":\"https:\/\/www.sonoraenequipo.com.mx\/pide-monreal-dejar-atras-polemicas-entre-mexico-eu\/\"},\"author\":{\"name\":\"enequipo\",\"@id\":\"https:\/\/www.sonoraenequipo.com.mx\/#\/schema\/person\/50102df0fb23a8fa9e8effad8fa81386\"},\"headline\":\"Pide Monreal dejar atr\u00e1s pol\u00e9micas entre M\u00e9xico-EU\",\"datePublished\":\"2021-01-20T18:20:35+00:00\",\"dateModified\":\"2021-01-20T20:50:41+00:00\",\"mainEntityOfPage\":{\"@id\":\"https:\/\/www.sonoraenequipo.com.mx\/pide-monreal-dejar-atras-polemicas-entre-mexico-eu\/\"},\"wordCount\":331,\"commentCount\":0,\"publisher\":{\"@id\":\"https:\/\/www.sonoraenequipo.com.mx\/#organization\"},\"image\":{\"@id\":\"https:\/\/www.sonoraenequipo.com.mx\/pide-monreal-dejar-atras-polemicas-entre-mexico-eu\/#primaryimage\"},\"thumbnailUrl\":\"https:\/\/www.sonoraenequipo.com.mx\/storage\/2021\/01\/Monreal-mx-eua_opt.jpg\",\"articleSection\":[\"Rep\u00fablica\"],\"inLanguage\":\"es\",\"potentialAction\":[{\"@type\":\"CommentAction\",\"name\":\"Comment\",\"target\":[\"https:\/\/www.sonoraenequipo.com.mx\/pide-monreal-dejar-atras-polemicas-entre-mexico-eu\/#respond\"]}]},{\"@type\":\"WebPage\",\"@id\":\"https:\/\/www.sonoraenequipo.com.mx\/pide-monreal-dejar-atras-polemicas-entre-mexico-eu\/\",\"url\":\"https:\/\/www.sonoraenequipo.com.mx\/pide-monreal-dejar-atras-polemicas-entre-mexico-eu\/\",\"name\":\"Sonora en Equipo. Pide Monreal dejar atr\u00e1s pol\u00e9micas entre M\u00e9xico-EU Rep\u00fablica\",\"isPartOf\":{\"@id\":\"https:\/\/www.sonoraenequipo.com.mx\/#website\"},\"primaryImageOfPage\":{\"@id\":\"https:\/\/www.sonoraenequipo.com.mx\/pide-monreal-dejar-atras-polemicas-entre-mexico-eu\/#primaryimage\"},\"image\":{\"@id\":\"https:\/\/www.sonoraenequipo.com.mx\/pide-monreal-dejar-atras-polemicas-entre-mexico-eu\/#primaryimage\"},\"thumbnailUrl\":\"https:\/\/www.sonoraenequipo.com.mx\/storage\/2021\/01\/Monreal-mx-eua_opt.jpg\",\"datePublished\":\"2021-01-20T18:20:35+00:00\",\"dateModified\":\"2021-01-20T20:50:41+00:00\",\"description\":\"CIUDAD DE M\u00c9XICO. MX. \u2014 Ante la toma de posesi\u00f3n de Joe Biden como presidente de Estados Unidos, el coordinador de Morena en el Senado, Ricardo Monreal En Sonora en Equipo publicamos toda la informaci\u00f3n de Sonora, M\u00e9xico y el Mundo de manera oportuna y busca que la libertad de expresi\u00f3n sea real. Visita nuestro medio informativo publicado desde Hermosillo, Sonora. %\",\"breadcrumb\":{\"@id\":\"https:\/\/www.sonoraenequipo.com.mx\/pide-monreal-dejar-atras-polemicas-entre-mexico-eu\/#breadcrumb\"},\"inLanguage\":\"es\",\"potentialAction\":[{\"@type\":\"ReadAction\",\"target\":[\"https:\/\/www.sonoraenequipo.com.mx\/pide-monreal-dejar-atras-polemicas-entre-mexico-eu\/\"]}]},{\"@type\":\"ImageObject\",\"inLanguage\":\"es\",\"@id\":\"https:\/\/www.sonoraenequipo.com.mx\/pide-monreal-dejar-atras-polemicas-entre-mexico-eu\/#primaryimage\",\"url\":\"https:\/\/www.sonoraenequipo.com.mx\/storage\/2021\/01\/Monreal-mx-eua_opt.jpg\",\"contentUrl\":\"https:\/\/www.sonoraenequipo.com.mx\/storage\/2021\/01\/Monreal-mx-eua_opt.jpg\",\"width\":712,\"height\":400},{\"@type\":\"BreadcrumbList\",\"@id\":\"https:\/\/www.sonoraenequipo.com.mx\/pide-monreal-dejar-atras-polemicas-entre-mexico-eu\/#breadcrumb\",\"itemListElement\":[{\"@type\":\"ListItem\",\"position\":1,\"name\":\"Portada\",\"item\":\"https:\/\/www.sonoraenequipo.com.mx\/\"},{\"@type\":\"ListItem\",\"position\":2,\"name\":\"Pide Monreal dejar atr\u00e1s pol\u00e9micas entre M\u00e9xico-EU\"}]},{\"@type\":\"WebSite\",\"@id\":\"https:\/\/www.sonoraenequipo.com.mx\/#website\",\"url\":\"https:\/\/www.sonoraenequipo.com.mx\/\",\"name\":\"Sonora en Equipo.\",\"description\":\"Diario en l\u00ednea con Noticias desde Hermosillo, Sonora\",\"publisher\":{\"@id\":\"https:\/\/www.sonoraenequipo.com.mx\/#organization\"},\"potentialAction\":[{\"@type\":\"SearchAction\",\"target\":{\"@type\":\"EntryPoint\",\"urlTemplate\":\"https:\/\/www.sonoraenequipo.com.mx\/?s={search_term_string}\"},\"query-input\":{\"@type\":\"PropertyValueSpecification\",\"valueRequired\":true,\"valueName\":\"search_term_string\"}}],\"inLanguage\":\"es\"},{\"@type\":\"Organization\",\"@id\":\"https:\/\/www.sonoraenequipo.com.mx\/#organization\",\"name\":\"Sonoraenequipo.com.mx\",\"url\":\"https:\/\/www.sonoraenequipo.com.mx\/\",\"logo\":{\"@type\":\"ImageObject\",\"inLanguage\":\"es\",\"@id\":\"https:\/\/www.sonoraenequipo.com.mx\/#\/schema\/logo\/image\/\",\"url\":\"https:\/\/www.sonoraenequipo.com.mx\/storage\/2019\/01\/sonoraenequipo_opt.png\",\"contentUrl\":\"https:\/\/www.sonoraenequipo.com.mx\/storage\/2019\/01\/sonoraenequipo_opt.png\",\"width\":375,\"height\":125,\"caption\":\"Sonoraenequipo.com.mx\"},\"image\":{\"@id\":\"https:\/\/www.sonoraenequipo.com.mx\/#\/schema\/logo\/image\/\"},\"sameAs\":[\"https:\/\/www.facebook.com\/SonoraEE\/\",\"https:\/\/x.com\/sonoraenequipo\",\"https:\/\/www.youtube.com\/channel\/UC338nW-lPEYmJQs4ZABQ1SQ\"]},{\"@type\":\"Person\",\"@id\":\"https:\/\/www.sonoraenequipo.com.mx\/#\/schema\/person\/50102df0fb23a8fa9e8effad8fa81386\",\"name\":\"enequipo\",\"image\":{\"@type\":\"ImageObject\",\"inLanguage\":\"es\",\"@id\":\"https:\/\/www.sonoraenequipo.com.mx\/#\/schema\/person\/image\/\",\"url\":\"https:\/\/secure.gravatar.com\/avatar\/049821681b589dabc0bc20695993ccebb09f5b5d4d790cd9251b97faac7c652b?s=96&d=blank&r=g\",\"contentUrl\":\"https:\/\/secure.gravatar.com\/avatar\/049821681b589dabc0bc20695993ccebb09f5b5d4d790cd9251b97faac7c652b?s=96&d=blank&r=g\",\"caption\":\"enequipo\"},\"sameAs\":[\"https:\/\/www.facebook.com\/SonoraEE\"]}]}<\/script>\n ","yoast_head_json":{"title":"Sonora en Equipo. Pide Monreal dejar atr\u00e1s pol\u00e9micas entre M\u00e9xico-EU Rep\u00fablica","description":"CIUDAD DE M\u00c9XICO. MX. \u2014 Ante la toma de posesi\u00f3n de Joe Biden como presidente de Estados Unidos, el coordinador de Morena en el Senado, Ricardo Monreal En Sonora en Equipo publicamos toda la informaci\u00f3n de Sonora, M\u00e9xico y el Mundo de manera oportuna y busca que la libertad de expresi\u00f3n sea real. Visita nuestro medio informativo publicado desde Hermosillo, Sonora. %","robots":{"index":"index","follow":"follow","max-snippet":"max-snippet:-1","max-image-preview":"max-image-preview:large","max-video-preview":"max-video-preview:-1"},"canonical":"https:\/\/www.sonoraenequipo.com.mx\/pide-monreal-dejar-atras-polemicas-entre-mexico-eu\/","og_locale":"es_ES","og_type":"article","og_title":"Sonora en Equipo. Pide Monreal dejar atr\u00e1s pol\u00e9micas entre M\u00e9xico-EU Rep\u00fablica","og_description":"CIUDAD DE M\u00c9XICO. MX. \u2014 Ante la toma de posesi\u00f3n de Joe Biden como presidente de Estados Unidos, el coordinador de Morena en el Senado, Ricardo Monreal En Sonora en Equipo publicamos toda la informaci\u00f3n de Sonora, M\u00e9xico y el Mundo de manera oportuna y busca que la libertad de expresi\u00f3n sea real. Visita nuestro medio informativo publicado desde Hermosillo, Sonora. %","og_url":"https:\/\/www.sonoraenequipo.com.mx\/pide-monreal-dejar-atras-polemicas-entre-mexico-eu\/","og_site_name":"Sonora en Equipo.","article_publisher":"https:\/\/www.facebook.com\/SonoraEE\/","article_author":"https:\/\/www.facebook.com\/SonoraEE","article_published_time":"2021-01-20T18:20:35+00:00","article_modified_time":"2021-01-20T20:50:41+00:00","og_image":[{"width":712,"height":400,"url":"https:\/\/www.sonoraenequipo.com.mx\/storage\/2021\/01\/Monreal-mx-eua_opt.jpg","type":"image\/jpeg"}],"author":"enequipo","twitter_card":"summary_large_image","twitter_creator":"@sonoraenequipo","twitter_site":"@sonoraenequipo","twitter_misc":{"Escrito por":"enequipo","Tiempo de lectura":"2 minutos"},"schema":{"@context":"https:\/\/schema.org","@graph":[{"@type":"Article","@id":"https:\/\/www.sonoraenequipo.com.mx\/pide-monreal-dejar-atras-polemicas-entre-mexico-eu\/#article","isPartOf":{"@id":"https:\/\/www.sonoraenequipo.com.mx\/pide-monreal-dejar-atras-polemicas-entre-mexico-eu\/"},"author":{"name":"enequipo","@id":"https:\/\/www.sonoraenequipo.com.mx\/#\/schema\/person\/50102df0fb23a8fa9e8effad8fa81386"},"headline":"Pide Monreal dejar atr\u00e1s pol\u00e9micas entre M\u00e9xico-EU","datePublished":"2021-01-20T18:20:35+00:00","dateModified":"2021-01-20T20:50:41+00:00","mainEntityOfPage":{"@id":"https:\/\/www.sonoraenequipo.com.mx\/pide-monreal-dejar-atras-polemicas-entre-mexico-eu\/"},"wordCount":331,"commentCount":0,"publisher":{"@id":"https:\/\/www.sonoraenequipo.com.mx\/#organization"},"image":{"@id":"https:\/\/www.sonoraenequipo.com.mx\/pide-monreal-dejar-atras-polemicas-entre-mexico-eu\/#primaryimage"},"thumbnailUrl":"https:\/\/www.sonoraenequipo.com.mx\/storage\/2021\/01\/Monreal-mx-eua_opt.jpg","articleSection":["Rep\u00fablica"],"inLanguage":"es","potentialAction":[{"@type":"CommentAction","name":"Comment","target":["https:\/\/www.sonoraenequipo.com.mx\/pide-monreal-dejar-atras-polemicas-entre-mexico-eu\/#respond"]}]},{"@type":"WebPage","@id":"https:\/\/www.sonoraenequipo.com.mx\/pide-monreal-dejar-atras-polemicas-entre-mexico-eu\/","url":"https:\/\/www.sonoraenequipo.com.mx\/pide-monreal-dejar-atras-polemicas-entre-mexico-eu\/","name":"Sonora en Equipo. Pide Monreal dejar atr\u00e1s pol\u00e9micas entre M\u00e9xico-EU Rep\u00fablica","isPartOf":{"@id":"https:\/\/www.sonoraenequipo.com.mx\/#website"},"primaryImageOfPage":{"@id":"https:\/\/www.sonoraenequipo.com.mx\/pide-monreal-dejar-atras-polemicas-entre-mexico-eu\/#primaryimage"},"image":{"@id":"https:\/\/www.sonoraenequipo.com.mx\/pide-monreal-dejar-atras-polemicas-entre-mexico-eu\/#primaryimage"},"thumbnailUrl":"https:\/\/www.sonoraenequipo.com.mx\/storage\/2021\/01\/Monreal-mx-eua_opt.jpg","datePublished":"2021-01-20T18:20:35+00:00","dateModified":"2021-01-20T20:50:41+00:00","description":"CIUDAD DE M\u00c9XICO. MX. \u2014 Ante la toma de posesi\u00f3n de Joe Biden como presidente de Estados Unidos, el coordinador de Morena en el Senado, Ricardo Monreal En Sonora en Equipo publicamos toda la informaci\u00f3n de Sonora, M\u00e9xico y el Mundo de manera oportuna y busca que la libertad de expresi\u00f3n sea real. Visita nuestro medio informativo publicado desde Hermosillo, Sonora. %","breadcrumb":{"@id":"https:\/\/www.sonoraenequipo.com.mx\/pide-monreal-dejar-atras-polemicas-entre-mexico-eu\/#breadcrumb"},"inLanguage":"es","potentialAction":[{"@type":"ReadAction","target":["https:\/\/www.sonoraenequipo.com.mx\/pide-monreal-dejar-atras-polemicas-entre-mexico-eu\/"]}]},{"@type":"ImageObject","inLanguage":"es","@id":"https:\/\/www.sonoraenequipo.com.mx\/pide-monreal-dejar-atras-polemicas-entre-mexico-eu\/#primaryimage","url":"https:\/\/www.sonoraenequipo.com.mx\/storage\/2021\/01\/Monreal-mx-eua_opt.jpg","contentUrl":"https:\/\/www.sonoraenequipo.com.mx\/storage\/2021\/01\/Monreal-mx-eua_opt.jpg","width":712,"height":400},{"@type":"BreadcrumbList","@id":"https:\/\/www.sonoraenequipo.com.mx\/pide-monreal-dejar-atras-polemicas-entre-mexico-eu\/#breadcrumb","itemListElement":[{"@type":"ListItem","position":1,"name":"Portada","item":"https:\/\/www.sonoraenequipo.com.mx\/"},{"@type":"ListItem","position":2,"name":"Pide Monreal dejar atr\u00e1s pol\u00e9micas entre M\u00e9xico-EU"}]},{"@type":"WebSite","@id":"https:\/\/www.sonoraenequipo.com.mx\/#website","url":"https:\/\/www.sonoraenequipo.com.mx\/","name":"Sonora en Equipo.","description":"Diario en l\u00ednea con Noticias desde Hermosillo, Sonora","publisher":{"@id":"https:\/\/www.sonoraenequipo.com.mx\/#organization"},"potentialAction":[{"@type":"SearchAction","target":{"@type":"EntryPoint","urlTemplate":"https:\/\/www.sonoraenequipo.com.mx\/?s={search_term_string}"},"query-input":{"@type":"PropertyValueSpecification","valueRequired":true,"valueName":"search_term_string"}}],"inLanguage":"es"},{"@type":"Organization","@id":"https:\/\/www.sonoraenequipo.com.mx\/#organization","name":"Sonoraenequipo.com.mx","url":"https:\/\/www.sonoraenequipo.com.mx\/","logo":{"@type":"ImageObject","inLanguage":"es","@id":"https:\/\/www.sonoraenequipo.com.mx\/#\/schema\/logo\/image\/","url":"https:\/\/www.sonoraenequipo.com.mx\/storage\/2019\/01\/sonoraenequipo_opt.png","contentUrl":"https:\/\/www.sonoraenequipo.com.mx\/storage\/2019\/01\/sonoraenequipo_opt.png","width":375,"height":125,"caption":"Sonoraenequipo.com.mx"},"image":{"@id":"https:\/\/www.sonoraenequipo.com.mx\/#\/schema\/logo\/image\/"},"sameAs":["https:\/\/www.facebook.com\/SonoraEE\/","https:\/\/x.com\/sonoraenequipo","https:\/\/www.youtube.com\/channel\/UC338nW-lPEYmJQs4ZABQ1SQ"]},{"@type":"Person","@id":"https:\/\/www.sonoraenequipo.com.mx\/#\/schema\/person\/50102df0fb23a8fa9e8effad8fa81386","name":"enequipo","image":{"@type":"ImageObject","inLanguage":"es","@id":"https:\/\/www.sonoraenequipo.com.mx\/#\/schema\/person\/image\/","url":"https:\/\/secure.gravatar.com\/avatar\/049821681b589dabc0bc20695993ccebb09f5b5d4d790cd9251b97faac7c652b?s=96&d=blank&r=g","contentUrl":"https:\/\/secure.gravatar.com\/avatar\/049821681b589dabc0bc20695993ccebb09f5b5d4d790cd9251b97faac7c652b?s=96&d=blank&r=g","caption":"enequipo"},"sameAs":["https:\/\/www.facebook.com\/SonoraEE"]}]}},"jetpack_featured_media_url":"https:\/\/www.sonoraenequipo.com.mx\/storage\/2021\/01\/Monreal-mx-eua_opt.jpg","_links":{"self":[{"href":"https:\/\/www.sonoraenequipo.com.mx\/api\/wp\/v2\/posts\/105045","targetHints":{"allow":["GET"]}}],"collection":[{"href":"https:\/\/www.sonoraenequipo.com.mx\/api\/wp\/v2\/posts"}],"about":[{"href":"https:\/\/www.sonoraenequipo.com.mx\/api\/wp\/v2\/types\/post"}],"author":[{"embeddable":true,"href":"https:\/\/www.sonoraenequipo.com.mx\/api\/wp\/v2\/users\/1"}],"replies":[{"embeddable":true,"href":"https:\/\/www.sonoraenequipo.com.mx\/api\/wp\/v2\/comments?post=105045"}],"version-history":[{"count":1,"href":"https:\/\/www.sonoraenequipo.com.mx\/api\/wp\/v2\/posts\/105045\/revisions"}],"predecessor-version":[{"id":105048,"href":"https:\/\/www.sonoraenequipo.com.mx\/api\/wp\/v2\/posts\/105045\/revisions\/105048"}],"wp:featuredmedia":[{"embeddable":true,"href":"https:\/\/www.sonoraenequipo.com.mx\/api\/wp\/v2\/media\/105047"}],"wp:attachment":[{"href":"https:\/\/www.sonoraenequipo.com.mx\/api\/wp\/v2\/media?parent=105045"}],"wp:term":[{"taxonomy":"category","embeddable":true,"href":"https:\/\/www.sonoraenequipo.com.mx\/api\/wp\/v2\/categories?post=105045"},{"taxonomy":"post_tag","embeddable":true,"href":"https:\/\/www.sonoraenequipo.com.mx\/api\/wp\/v2\/tags?post=105045"}],"curies":[{"name":"wp","href":"https:\/\/api.w.org\/{rel}","templated":true}]}}