{"id":105049,"date":"2021-01-20T13:36:38","date_gmt":"2021-01-20T20:36:38","guid":{"rendered":"https:\/\/www.sonoraenequipo.com.mx\/?p=105049"},"modified":"2021-01-20T13:39:22","modified_gmt":"2021-01-20T20:39:22","slug":"lideres-mundiales-reaccionan-a-la-investidura-de-biden","status":"publish","type":"post","link":"https:\/\/www.sonoraenequipo.com.mx\/lideres-mundiales-reaccionan-a-la-investidura-de-biden\/","title":{"rendered":"L\u00edderes mundiales reaccionan a la investidura de Biden"},"content":{"rendered":"<p>WASHINGTON, ESTADOS UNIDOS. \u2014 El dem\u00f3crata Joe Biden asume la presidencia de Estados Unidos este mi\u00e9rcoles, con la promesa de cambiar desde el primer d\u00eda algunas de las pol\u00edticas de su predecesor, el presidente republicano Donald Trump.<\/p>\n<p>&nbsp;<\/p>\n<p> <\/p>\n<p>Gobiernos de la regi\u00f3n y el mundo han felicitado a Biden y a su n\u00famero dos, la vicepresidenta electa Kamala Harris, quienes han prometido un enfoque multilateral en materia de pol\u00edtica internacional.<\/p>\n<p>&nbsp;<\/p>\n<h3>\u00bfQu\u00e9 han dicho hasta ahora algunos de los l\u00edderes del mundo sobre la investidura este 20 de enero?<\/h3>\n<p>&nbsp;<\/p>\n<p><strong>\u2014 Boris Johnson<\/strong>, primer ministro de Gran Breta\u00f1a dijo el mi\u00e9rcoles en el Parlamento: \u00abEspero trabajar con \u00e9l (Biden), y con su nueva administraci\u00f3n, fortaleciendo la asociaci\u00f3n entre nuestros pa\u00edses y trabajando en nuestras prioridades compartidas: abordar el cambio clim\u00e1tico, reconstruir mejor a partir de la pandemia y fortalecer nuestra seguridad transatl\u00e1ntica\u00bb.<\/p>\n<p><strong>\u2014 Urula Von Der Leyen,<\/strong> l\u00edder de la Comisi\u00f3n Europea escribi\u00f3 en su cuenta de Twitter: \u00abEstados Unidos est\u00e1 de regreso. Y Europa est\u00e1 lista para volver a conectar con un socio antiguo y confiable, para dar nueva vida a nuestra querida alianza. Espero trabajar junto con @JoeBiden\u00bb.<\/p>\n<p>&nbsp;<\/p>\n<p><strong>\u00a0\u2014 Frank-Walter Steinmeier,<\/strong> presidente de Alemania declar\u00f3 en un video: \u00abHoy es un buen d\u00eda para la democracia. Estados Unidos de Am\u00e9rica, ha enfrentado tremendos desaf\u00edos y ha resistido. A pesar de los intentos de desgarrar el tejido institucional de Estados Unidos, los trabajadores electorales y los gobernadores, el poder judicial y el Congreso han demostrado ser fuertes. Me siento muy aliviado de que hoy Joe Biden sea juramentado como presidente y se mude a la Casa Blanca. S\u00e9 que muchas personas en Alemania comparten este sentimiento\u00bb.<\/p>\n<p>&nbsp;<\/p>\n<p><strong>\u2014 Giuseppe Conte<\/strong>, primer ministro de Italia dijo al Parlamento el mi\u00e9rcoles: <em>\u00abEsperamos con ansias la presidencia de Biden, con la que comenzaremos a trabajar de inmediato de cara a nuestra presidencia del G20. Tenemos una agenda com\u00fan fuerte, que va desde el multilateralismo efectivo que ambos queremos ver, al cambio clim\u00e1tico y transici\u00f3n digital e inclusi\u00f3n social\u00bb.<\/em><\/p>\n<p>&nbsp;<\/p>\n<p><strong>\u00a0\u2014 Dmitry Peskov,<\/strong> portavoz del Kremlin, dijo a reporteros sobre la extensi\u00f3n del nuevo tratado de control de armas: \u00ab<em>Rusia y su presidente est\u00e1n a favor de preservar este acuerdo (&#8230;) Si nuestros colegas estadounidenses de hecho demuestran una voluntad pol\u00edtica para preservar este pacto extendi\u00e9ndolo, esto solo puede ser bienvenido\u00bb.<\/em><\/p>\n<p>&nbsp;<\/p>\n<p>(Publicada el 20\/01\/2021)<\/p>\n","protected":false},"excerpt":{"rendered":"<p>WASHINGTON, ESTADOS UNIDOS. \u2014 El dem\u00f3crata Joe Biden asume la presidencia de Estados Unidos este&#8230;<\/p>\n","protected":false},"author":1,"featured_media":105053,"comment_status":"open","ping_status":"open","sticky":false,"template":"","format":"standard","meta":{"_monsterinsights_skip_tracking":false,"_monsterinsights_sitenote_active":false,"_monsterinsights_sitenote_note":"","_monsterinsights_sitenote_category":0,"footnotes":""},"categories":[3],"tags":[],"class_list":["post"],"yoast_head":" \n<title>Sonora en Equipo. L\u00edderes mundiales reaccionan a la investidura de Biden MUNDO<\/title>\n<meta name=\"description\" content=\"WASHINGTON, ESTADOS UNIDOS. \u2014 El dem\u00f3crata Joe Biden asume la presidencia de Estados Unidos este mi\u00e9rcoles, con la promesa de cambiar desde el primer d\u00eda En Sonora en Equipo publicamos toda la informaci\u00f3n de Sonora, M\u00e9xico y el Mundo de manera oportuna y busca que la libertad de expresi\u00f3n sea real. Visita nuestro medio informativo publicado desde Hermosillo, Sonora. %\" \/>\n<meta name=\"robots\" content=\"index, follow, max-snippet:-1, max-image-preview:large, max-video-preview:-1\" \/>\n<link rel=\"canonical\" href=\"https:\/\/www.sonoraenequipo.com.mx\/lideres-mundiales-reaccionan-a-la-investidura-de-biden\/\" \/>\n<meta property=\"og:locale\" content=\"es_ES\" \/>\n<meta property=\"og:type\" content=\"article\" \/>\n<meta property=\"og:title\" content=\"Sonora en Equipo. L\u00edderes mundiales reaccionan a la investidura de Biden MUNDO\" \/>\n<meta property=\"og:description\" content=\"WASHINGTON, ESTADOS UNIDOS. \u2014 El dem\u00f3crata Joe Biden asume la presidencia de Estados Unidos este mi\u00e9rcoles, con la promesa de cambiar desde el primer d\u00eda En Sonora en Equipo publicamos toda la informaci\u00f3n de Sonora, M\u00e9xico y el Mundo de manera oportuna y busca que la libertad de expresi\u00f3n sea real. Visita nuestro medio informativo publicado desde Hermosillo, Sonora. %\" \/>\n<meta property=\"og:url\" content=\"https:\/\/www.sonoraenequipo.com.mx\/lideres-mundiales-reaccionan-a-la-investidura-de-biden\/\" \/>\n<meta property=\"og:site_name\" content=\"Sonora en Equipo.\" \/>\n<meta property=\"article:publisher\" content=\"https:\/\/www.facebook.com\/SonoraEE\/\" \/>\n<meta property=\"article:author\" content=\"https:\/\/www.facebook.com\/SonoraEE\" \/>\n<meta property=\"article:published_time\" content=\"2021-01-20T20:36:38+00:00\" \/>\n<meta property=\"article:modified_time\" content=\"2021-01-20T20:39:22+00:00\" \/>\n<meta property=\"og:image\" content=\"https:\/\/www.sonoraenequipo.com.mx\/storage\/2021\/01\/joebiden_opt6.jpg\" \/>\n\t<meta property=\"og:image:width\" content=\"711\" \/>\n\t<meta property=\"og:image:height\" content=\"400\" \/>\n\t<meta property=\"og:image:type\" content=\"image\/jpeg\" \/>\n<meta name=\"author\" content=\"enequipo\" \/>\n<meta name=\"twitter:card\" content=\"summary_large_image\" \/>\n<meta name=\"twitter:creator\" content=\"@sonoraenequipo\" \/>\n<meta name=\"twitter:site\" content=\"@sonoraenequipo\" \/>\n<meta name=\"twitter:label1\" content=\"Escrito por\" \/>\n\t<meta name=\"twitter:data1\" content=\"enequipo\" \/>\n\t<meta name=\"twitter:label2\" content=\"Tiempo de lectura\" \/>\n\t<meta name=\"twitter:data2\" content=\"2 minutos\" \/>\n<script type=\"application\/ld+json\" class=\"yoast-schema-graph\">{\"@context\":\"https:\/\/schema.org\",\"@graph\":[{\"@type\":\"Article\",\"@id\":\"https:\/\/www.sonoraenequipo.com.mx\/lideres-mundiales-reaccionan-a-la-investidura-de-biden\/#article\",\"isPartOf\":{\"@id\":\"https:\/\/www.sonoraenequipo.com.mx\/lideres-mundiales-reaccionan-a-la-investidura-de-biden\/\"},\"author\":{\"name\":\"enequipo\",\"@id\":\"https:\/\/www.sonoraenequipo.com.mx\/#\/schema\/person\/50102df0fb23a8fa9e8effad8fa81386\"},\"headline\":\"L\u00edderes mundiales reaccionan a la investidura de Biden\",\"datePublished\":\"2021-01-20T20:36:38+00:00\",\"dateModified\":\"2021-01-20T20:39:22+00:00\",\"mainEntityOfPage\":{\"@id\":\"https:\/\/www.sonoraenequipo.com.mx\/lideres-mundiales-reaccionan-a-la-investidura-de-biden\/\"},\"wordCount\":422,\"commentCount\":0,\"publisher\":{\"@id\":\"https:\/\/www.sonoraenequipo.com.mx\/#organization\"},\"image\":{\"@id\":\"https:\/\/www.sonoraenequipo.com.mx\/lideres-mundiales-reaccionan-a-la-investidura-de-biden\/#primaryimage\"},\"thumbnailUrl\":\"https:\/\/www.sonoraenequipo.com.mx\/storage\/2021\/01\/joebiden_opt6.jpg\",\"articleSection\":[\"MUNDO\"],\"inLanguage\":\"es\",\"potentialAction\":[{\"@type\":\"CommentAction\",\"name\":\"Comment\",\"target\":[\"https:\/\/www.sonoraenequipo.com.mx\/lideres-mundiales-reaccionan-a-la-investidura-de-biden\/#respond\"]}]},{\"@type\":\"WebPage\",\"@id\":\"https:\/\/www.sonoraenequipo.com.mx\/lideres-mundiales-reaccionan-a-la-investidura-de-biden\/\",\"url\":\"https:\/\/www.sonoraenequipo.com.mx\/lideres-mundiales-reaccionan-a-la-investidura-de-biden\/\",\"name\":\"Sonora en Equipo. L\u00edderes mundiales reaccionan a la investidura de Biden MUNDO\",\"isPartOf\":{\"@id\":\"https:\/\/www.sonoraenequipo.com.mx\/#website\"},\"primaryImageOfPage\":{\"@id\":\"https:\/\/www.sonoraenequipo.com.mx\/lideres-mundiales-reaccionan-a-la-investidura-de-biden\/#primaryimage\"},\"image\":{\"@id\":\"https:\/\/www.sonoraenequipo.com.mx\/lideres-mundiales-reaccionan-a-la-investidura-de-biden\/#primaryimage\"},\"thumbnailUrl\":\"https:\/\/www.sonoraenequipo.com.mx\/storage\/2021\/01\/joebiden_opt6.jpg\",\"datePublished\":\"2021-01-20T20:36:38+00:00\",\"dateModified\":\"2021-01-20T20:39:22+00:00\",\"description\":\"WASHINGTON, ESTADOS UNIDOS. \u2014 El dem\u00f3crata Joe Biden asume la presidencia de Estados Unidos este mi\u00e9rcoles, con la promesa de cambiar desde el primer d\u00eda En Sonora en Equipo publicamos toda la informaci\u00f3n de Sonora, M\u00e9xico y el Mundo de manera oportuna y busca que la libertad de expresi\u00f3n sea real. Visita nuestro medio informativo publicado desde Hermosillo, Sonora. %\",\"breadcrumb\":{\"@id\":\"https:\/\/www.sonoraenequipo.com.mx\/lideres-mundiales-reaccionan-a-la-investidura-de-biden\/#breadcrumb\"},\"inLanguage\":\"es\",\"potentialAction\":[{\"@type\":\"ReadAction\",\"target\":[\"https:\/\/www.sonoraenequipo.com.mx\/lideres-mundiales-reaccionan-a-la-investidura-de-biden\/\"]}]},{\"@type\":\"ImageObject\",\"inLanguage\":\"es\",\"@id\":\"https:\/\/www.sonoraenequipo.com.mx\/lideres-mundiales-reaccionan-a-la-investidura-de-biden\/#primaryimage\",\"url\":\"https:\/\/www.sonoraenequipo.com.mx\/storage\/2021\/01\/joebiden_opt6.jpg\",\"contentUrl\":\"https:\/\/www.sonoraenequipo.com.mx\/storage\/2021\/01\/joebiden_opt6.jpg\",\"width\":711,\"height\":400},{\"@type\":\"BreadcrumbList\",\"@id\":\"https:\/\/www.sonoraenequipo.com.mx\/lideres-mundiales-reaccionan-a-la-investidura-de-biden\/#breadcrumb\",\"itemListElement\":[{\"@type\":\"ListItem\",\"position\":1,\"name\":\"Portada\",\"item\":\"https:\/\/www.sonoraenequipo.com.mx\/\"},{\"@type\":\"ListItem\",\"position\":2,\"name\":\"L\u00edderes mundiales reaccionan a la investidura de Biden\"}]},{\"@type\":\"WebSite\",\"@id\":\"https:\/\/www.sonoraenequipo.com.mx\/#website\",\"url\":\"https:\/\/www.sonoraenequipo.com.mx\/\",\"name\":\"Sonora en Equipo.\",\"description\":\"Diario en l\u00ednea con Noticias desde Hermosillo, Sonora\",\"publisher\":{\"@id\":\"https:\/\/www.sonoraenequipo.com.mx\/#organization\"},\"potentialAction\":[{\"@type\":\"SearchAction\",\"target\":{\"@type\":\"EntryPoint\",\"urlTemplate\":\"https:\/\/www.sonoraenequipo.com.mx\/?s={search_term_string}\"},\"query-input\":{\"@type\":\"PropertyValueSpecification\",\"valueRequired\":true,\"valueName\":\"search_term_string\"}}],\"inLanguage\":\"es\"},{\"@type\":\"Organization\",\"@id\":\"https:\/\/www.sonoraenequipo.com.mx\/#organization\",\"name\":\"Sonoraenequipo.com.mx\",\"url\":\"https:\/\/www.sonoraenequipo.com.mx\/\",\"logo\":{\"@type\":\"ImageObject\",\"inLanguage\":\"es\",\"@id\":\"https:\/\/www.sonoraenequipo.com.mx\/#\/schema\/logo\/image\/\",\"url\":\"https:\/\/www.sonoraenequipo.com.mx\/storage\/2019\/01\/sonoraenequipo_opt.png\",\"contentUrl\":\"https:\/\/www.sonoraenequipo.com.mx\/storage\/2019\/01\/sonoraenequipo_opt.png\",\"width\":375,\"height\":125,\"caption\":\"Sonoraenequipo.com.mx\"},\"image\":{\"@id\":\"https:\/\/www.sonoraenequipo.com.mx\/#\/schema\/logo\/image\/\"},\"sameAs\":[\"https:\/\/www.facebook.com\/SonoraEE\/\",\"https:\/\/x.com\/sonoraenequipo\",\"https:\/\/www.youtube.com\/channel\/UC338nW-lPEYmJQs4ZABQ1SQ\"]},{\"@type\":\"Person\",\"@id\":\"https:\/\/www.sonoraenequipo.com.mx\/#\/schema\/person\/50102df0fb23a8fa9e8effad8fa81386\",\"name\":\"enequipo\",\"image\":{\"@type\":\"ImageObject\",\"inLanguage\":\"es\",\"@id\":\"https:\/\/www.sonoraenequipo.com.mx\/#\/schema\/person\/image\/\",\"url\":\"https:\/\/secure.gravatar.com\/avatar\/049821681b589dabc0bc20695993ccebb09f5b5d4d790cd9251b97faac7c652b?s=96&d=blank&r=g\",\"contentUrl\":\"https:\/\/secure.gravatar.com\/avatar\/049821681b589dabc0bc20695993ccebb09f5b5d4d790cd9251b97faac7c652b?s=96&d=blank&r=g\",\"caption\":\"enequipo\"},\"sameAs\":[\"https:\/\/www.facebook.com\/SonoraEE\"]}]}<\/script>\n ","yoast_head_json":{"title":"Sonora en Equipo. L\u00edderes mundiales reaccionan a la investidura de Biden MUNDO","description":"WASHINGTON, ESTADOS UNIDOS. \u2014 El dem\u00f3crata Joe Biden asume la presidencia de Estados Unidos este mi\u00e9rcoles, con la promesa de cambiar desde el primer d\u00eda En Sonora en Equipo publicamos toda la informaci\u00f3n de Sonora, M\u00e9xico y el Mundo de manera oportuna y busca que la libertad de expresi\u00f3n sea real. Visita nuestro medio informativo publicado desde Hermosillo, Sonora. %","robots":{"index":"index","follow":"follow","max-snippet":"max-snippet:-1","max-image-preview":"max-image-preview:large","max-video-preview":"max-video-preview:-1"},"canonical":"https:\/\/www.sonoraenequipo.com.mx\/lideres-mundiales-reaccionan-a-la-investidura-de-biden\/","og_locale":"es_ES","og_type":"article","og_title":"Sonora en Equipo. L\u00edderes mundiales reaccionan a la investidura de Biden MUNDO","og_description":"WASHINGTON, ESTADOS UNIDOS. \u2014 El dem\u00f3crata Joe Biden asume la presidencia de Estados Unidos este mi\u00e9rcoles, con la promesa de cambiar desde el primer d\u00eda En Sonora en Equipo publicamos toda la informaci\u00f3n de Sonora, M\u00e9xico y el Mundo de manera oportuna y busca que la libertad de expresi\u00f3n sea real. Visita nuestro medio informativo publicado desde Hermosillo, Sonora. %","og_url":"https:\/\/www.sonoraenequipo.com.mx\/lideres-mundiales-reaccionan-a-la-investidura-de-biden\/","og_site_name":"Sonora en Equipo.","article_publisher":"https:\/\/www.facebook.com\/SonoraEE\/","article_author":"https:\/\/www.facebook.com\/SonoraEE","article_published_time":"2021-01-20T20:36:38+00:00","article_modified_time":"2021-01-20T20:39:22+00:00","og_image":[{"width":711,"height":400,"url":"https:\/\/www.sonoraenequipo.com.mx\/storage\/2021\/01\/joebiden_opt6.jpg","type":"image\/jpeg"}],"author":"enequipo","twitter_card":"summary_large_image","twitter_creator":"@sonoraenequipo","twitter_site":"@sonoraenequipo","twitter_misc":{"Escrito por":"enequipo","Tiempo de lectura":"2 minutos"},"schema":{"@context":"https:\/\/schema.org","@graph":[{"@type":"Article","@id":"https:\/\/www.sonoraenequipo.com.mx\/lideres-mundiales-reaccionan-a-la-investidura-de-biden\/#article","isPartOf":{"@id":"https:\/\/www.sonoraenequipo.com.mx\/lideres-mundiales-reaccionan-a-la-investidura-de-biden\/"},"author":{"name":"enequipo","@id":"https:\/\/www.sonoraenequipo.com.mx\/#\/schema\/person\/50102df0fb23a8fa9e8effad8fa81386"},"headline":"L\u00edderes mundiales reaccionan a la investidura de Biden","datePublished":"2021-01-20T20:36:38+00:00","dateModified":"2021-01-20T20:39:22+00:00","mainEntityOfPage":{"@id":"https:\/\/www.sonoraenequipo.com.mx\/lideres-mundiales-reaccionan-a-la-investidura-de-biden\/"},"wordCount":422,"commentCount":0,"publisher":{"@id":"https:\/\/www.sonoraenequipo.com.mx\/#organization"},"image":{"@id":"https:\/\/www.sonoraenequipo.com.mx\/lideres-mundiales-reaccionan-a-la-investidura-de-biden\/#primaryimage"},"thumbnailUrl":"https:\/\/www.sonoraenequipo.com.mx\/storage\/2021\/01\/joebiden_opt6.jpg","articleSection":["MUNDO"],"inLanguage":"es","potentialAction":[{"@type":"CommentAction","name":"Comment","target":["https:\/\/www.sonoraenequipo.com.mx\/lideres-mundiales-reaccionan-a-la-investidura-de-biden\/#respond"]}]},{"@type":"WebPage","@id":"https:\/\/www.sonoraenequipo.com.mx\/lideres-mundiales-reaccionan-a-la-investidura-de-biden\/","url":"https:\/\/www.sonoraenequipo.com.mx\/lideres-mundiales-reaccionan-a-la-investidura-de-biden\/","name":"Sonora en Equipo. L\u00edderes mundiales reaccionan a la investidura de Biden MUNDO","isPartOf":{"@id":"https:\/\/www.sonoraenequipo.com.mx\/#website"},"primaryImageOfPage":{"@id":"https:\/\/www.sonoraenequipo.com.mx\/lideres-mundiales-reaccionan-a-la-investidura-de-biden\/#primaryimage"},"image":{"@id":"https:\/\/www.sonoraenequipo.com.mx\/lideres-mundiales-reaccionan-a-la-investidura-de-biden\/#primaryimage"},"thumbnailUrl":"https:\/\/www.sonoraenequipo.com.mx\/storage\/2021\/01\/joebiden_opt6.jpg","datePublished":"2021-01-20T20:36:38+00:00","dateModified":"2021-01-20T20:39:22+00:00","description":"WASHINGTON, ESTADOS UNIDOS. \u2014 El dem\u00f3crata Joe Biden asume la presidencia de Estados Unidos este mi\u00e9rcoles, con la promesa de cambiar desde el primer d\u00eda En Sonora en Equipo publicamos toda la informaci\u00f3n de Sonora, M\u00e9xico y el Mundo de manera oportuna y busca que la libertad de expresi\u00f3n sea real. Visita nuestro medio informativo publicado desde Hermosillo, Sonora. %","breadcrumb":{"@id":"https:\/\/www.sonoraenequipo.com.mx\/lideres-mundiales-reaccionan-a-la-investidura-de-biden\/#breadcrumb"},"inLanguage":"es","potentialAction":[{"@type":"ReadAction","target":["https:\/\/www.sonoraenequipo.com.mx\/lideres-mundiales-reaccionan-a-la-investidura-de-biden\/"]}]},{"@type":"ImageObject","inLanguage":"es","@id":"https:\/\/www.sonoraenequipo.com.mx\/lideres-mundiales-reaccionan-a-la-investidura-de-biden\/#primaryimage","url":"https:\/\/www.sonoraenequipo.com.mx\/storage\/2021\/01\/joebiden_opt6.jpg","contentUrl":"https:\/\/www.sonoraenequipo.com.mx\/storage\/2021\/01\/joebiden_opt6.jpg","width":711,"height":400},{"@type":"BreadcrumbList","@id":"https:\/\/www.sonoraenequipo.com.mx\/lideres-mundiales-reaccionan-a-la-investidura-de-biden\/#breadcrumb","itemListElement":[{"@type":"ListItem","position":1,"name":"Portada","item":"https:\/\/www.sonoraenequipo.com.mx\/"},{"@type":"ListItem","position":2,"name":"L\u00edderes mundiales reaccionan a la investidura de Biden"}]},{"@type":"WebSite","@id":"https:\/\/www.sonoraenequipo.com.mx\/#website","url":"https:\/\/www.sonoraenequipo.com.mx\/","name":"Sonora en Equipo.","description":"Diario en l\u00ednea con Noticias desde Hermosillo, Sonora","publisher":{"@id":"https:\/\/www.sonoraenequipo.com.mx\/#organization"},"potentialAction":[{"@type":"SearchAction","target":{"@type":"EntryPoint","urlTemplate":"https:\/\/www.sonoraenequipo.com.mx\/?s={search_term_string}"},"query-input":{"@type":"PropertyValueSpecification","valueRequired":true,"valueName":"search_term_string"}}],"inLanguage":"es"},{"@type":"Organization","@id":"https:\/\/www.sonoraenequipo.com.mx\/#organization","name":"Sonoraenequipo.com.mx","url":"https:\/\/www.sonoraenequipo.com.mx\/","logo":{"@type":"ImageObject","inLanguage":"es","@id":"https:\/\/www.sonoraenequipo.com.mx\/#\/schema\/logo\/image\/","url":"https:\/\/www.sonoraenequipo.com.mx\/storage\/2019\/01\/sonoraenequipo_opt.png","contentUrl":"https:\/\/www.sonoraenequipo.com.mx\/storage\/2019\/01\/sonoraenequipo_opt.png","width":375,"height":125,"caption":"Sonoraenequipo.com.mx"},"image":{"@id":"https:\/\/www.sonoraenequipo.com.mx\/#\/schema\/logo\/image\/"},"sameAs":["https:\/\/www.facebook.com\/SonoraEE\/","https:\/\/x.com\/sonoraenequipo","https:\/\/www.youtube.com\/channel\/UC338nW-lPEYmJQs4ZABQ1SQ"]},{"@type":"Person","@id":"https:\/\/www.sonoraenequipo.com.mx\/#\/schema\/person\/50102df0fb23a8fa9e8effad8fa81386","name":"enequipo","image":{"@type":"ImageObject","inLanguage":"es","@id":"https:\/\/www.sonoraenequipo.com.mx\/#\/schema\/person\/image\/","url":"https:\/\/secure.gravatar.com\/avatar\/049821681b589dabc0bc20695993ccebb09f5b5d4d790cd9251b97faac7c652b?s=96&d=blank&r=g","contentUrl":"https:\/\/secure.gravatar.com\/avatar\/049821681b589dabc0bc20695993ccebb09f5b5d4d790cd9251b97faac7c652b?s=96&d=blank&r=g","caption":"enequipo"},"sameAs":["https:\/\/www.facebook.com\/SonoraEE"]}]}},"jetpack_featured_media_url":"https:\/\/www.sonoraenequipo.com.mx\/storage\/2021\/01\/joebiden_opt6.jpg","_links":{"self":[{"href":"https:\/\/www.sonoraenequipo.com.mx\/api\/wp\/v2\/posts\/105049","targetHints":{"allow":["GET"]}}],"collection":[{"href":"https:\/\/www.sonoraenequipo.com.mx\/api\/wp\/v2\/posts"}],"about":[{"href":"https:\/\/www.sonoraenequipo.com.mx\/api\/wp\/v2\/types\/post"}],"author":[{"embeddable":true,"href":"https:\/\/www.sonoraenequipo.com.mx\/api\/wp\/v2\/users\/1"}],"replies":[{"embeddable":true,"href":"https:\/\/www.sonoraenequipo.com.mx\/api\/wp\/v2\/comments?post=105049"}],"version-history":[{"count":2,"href":"https:\/\/www.sonoraenequipo.com.mx\/api\/wp\/v2\/posts\/105049\/revisions"}],"predecessor-version":[{"id":105054,"href":"https:\/\/www.sonoraenequipo.com.mx\/api\/wp\/v2\/posts\/105049\/revisions\/105054"}],"wp:featuredmedia":[{"embeddable":true,"href":"https:\/\/www.sonoraenequipo.com.mx\/api\/wp\/v2\/media\/105053"}],"wp:attachment":[{"href":"https:\/\/www.sonoraenequipo.com.mx\/api\/wp\/v2\/media?parent=105049"}],"wp:term":[{"taxonomy":"category","embeddable":true,"href":"https:\/\/www.sonoraenequipo.com.mx\/api\/wp\/v2\/categories?post=105049"},{"taxonomy":"post_tag","embeddable":true,"href":"https:\/\/www.sonoraenequipo.com.mx\/api\/wp\/v2\/tags?post=105049"}],"curies":[{"name":"wp","href":"https:\/\/api.w.org\/{rel}","templated":true}]}}