{"id":105069,"date":"2021-01-20T12:15:25","date_gmt":"2021-01-20T19:15:25","guid":{"rendered":"https:\/\/www.sonoraenequipo.com.mx\/?p=105069"},"modified":"2021-01-20T17:26:03","modified_gmt":"2021-01-21T00:26:03","slug":"kamala-harris-rinde-protesta-como-vicepresidenta-de-eu","status":"publish","type":"post","link":"https:\/\/www.sonoraenequipo.com.mx\/kamala-harris-rinde-protesta-como-vicepresidenta-de-eu\/","title":{"rendered":"Kamala Harris rinde protesta como vicepresidenta de EU"},"content":{"rendered":"<p>WASHINGTON, ESTADOS UNIDOS. \u2014 Kamala Harris rindi\u00f3 su juramento en el Capitolio como primera vicepresidenta de Estados Unidos, durante la ceremonia de investidura de Joe Biden como presidente.<\/p>\n<p>&nbsp;<\/p>\n<p> <\/p>\n<p>&nbsp;<\/p>\n<p>En una ceremonia con pocos invitados debido a la pandemia de covid-19, asegur\u00f3 que defender\u00e1 y apoyar\u00e1 la Constituci\u00f3n estadunidense <em>\u00abcontra todos los enemigos extranjeros y nacionales\u00bb.<\/em><\/p>\n<p>&nbsp;<\/p>\n<p>Rindi\u00f3 su juramento con una mano sobre la Biblia ante la jueza progresista de la Corte Suprema, Gloria Sotomayor, quien fue la primera latina en ser elegida como magistrada del alto tribunal.<\/p>\n<p>&nbsp;<\/p>\n<p>Kamala Harris, de 56 a\u00f1os, se convirti\u00f3 en la primera persona negra y de origen indio en ocupar el cargo.<\/p>\n<h3>Juramento de Kamala Harris<\/h3>\n<p><em>\u00abYo Kamala Harris juro solemnemente que apoyare y defender\u00e9 la Constituci\u00f3n de Estados Unidos contra todos los enemigos extranjeros y nacionales, que otorgar\u00e9 verdadera fe y lealtad a la misma, que tomo esta obligaci\u00f3n libremente sin ninguna reserva mental o prop\u00f3sito de evasi\u00f3n y que fielmente cumplir\u00e9 los deberes de este puesto en el que estoy por entrar y que Dios me ayude\u00bb.<\/em><\/p>\n<p>&nbsp;<\/p>\n<p>(Publicada el 20\/01\/2021)<\/p>\n","protected":false},"excerpt":{"rendered":"<p>WASHINGTON, ESTADOS UNIDOS. \u2014 Kamala Harris rindi\u00f3 su juramento en el Capitolio como primera vicepresidenta&#8230;<\/p>\n","protected":false},"author":1,"featured_media":105071,"comment_status":"open","ping_status":"open","sticky":false,"template":"","format":"standard","meta":{"_monsterinsights_skip_tracking":false,"_monsterinsights_sitenote_active":false,"_monsterinsights_sitenote_note":"","_monsterinsights_sitenote_category":0,"footnotes":""},"categories":[3],"tags":[150,5130,5357],"class_list":["post"],"yoast_head":" \n<title>Sonora en Equipo. Kamala Harris rinde protesta como vicepresidenta de EU MUNDO<\/title>\n<meta name=\"description\" content=\"WASHINGTON, ESTADOS UNIDOS. \u2014 Kamala Harris rindi\u00f3 su juramento en el Capitolio como primera vicepresidenta de Estados Unidos, durante la ceremonia de En Sonora en Equipo publicamos toda la informaci\u00f3n de Sonora, M\u00e9xico y el Mundo de manera oportuna y busca que la libertad de expresi\u00f3n sea real. Visita nuestro medio informativo publicado desde Hermosillo, Sonora. %\" \/>\n<meta name=\"robots\" content=\"index, follow, max-snippet:-1, max-image-preview:large, max-video-preview:-1\" \/>\n<link rel=\"canonical\" href=\"https:\/\/www.sonoraenequipo.com.mx\/kamala-harris-rinde-protesta-como-vicepresidenta-de-eu\/\" \/>\n<meta property=\"og:locale\" content=\"es_ES\" \/>\n<meta property=\"og:type\" content=\"article\" \/>\n<meta property=\"og:title\" content=\"Sonora en Equipo. Kamala Harris rinde protesta como vicepresidenta de EU MUNDO\" \/>\n<meta property=\"og:description\" content=\"WASHINGTON, ESTADOS UNIDOS. \u2014 Kamala Harris rindi\u00f3 su juramento en el Capitolio como primera vicepresidenta de Estados Unidos, durante la ceremonia de En Sonora en Equipo publicamos toda la informaci\u00f3n de Sonora, M\u00e9xico y el Mundo de manera oportuna y busca que la libertad de expresi\u00f3n sea real. Visita nuestro medio informativo publicado desde Hermosillo, Sonora. %\" \/>\n<meta property=\"og:url\" content=\"https:\/\/www.sonoraenequipo.com.mx\/kamala-harris-rinde-protesta-como-vicepresidenta-de-eu\/\" \/>\n<meta property=\"og:site_name\" content=\"Sonora en Equipo.\" \/>\n<meta property=\"article:publisher\" content=\"https:\/\/www.facebook.com\/SonoraEE\/\" \/>\n<meta property=\"article:author\" content=\"https:\/\/www.facebook.com\/SonoraEE\" \/>\n<meta property=\"article:published_time\" content=\"2021-01-20T19:15:25+00:00\" \/>\n<meta property=\"article:modified_time\" content=\"2021-01-21T00:26:03+00:00\" \/>\n<meta property=\"og:image\" content=\"https:\/\/www.sonoraenequipo.com.mx\/storage\/2021\/01\/kamala-harris-convierte-oficialmente-vicepresidenta_opt.jpg\" \/>\n\t<meta property=\"og:image:width\" content=\"661\" \/>\n\t<meta property=\"og:image:height\" content=\"400\" \/>\n\t<meta property=\"og:image:type\" content=\"image\/jpeg\" \/>\n<meta name=\"author\" content=\"enequipo\" \/>\n<meta name=\"twitter:card\" content=\"summary_large_image\" \/>\n<meta name=\"twitter:creator\" content=\"@sonoraenequipo\" \/>\n<meta name=\"twitter:site\" content=\"@sonoraenequipo\" \/>\n<meta name=\"twitter:label1\" content=\"Escrito por\" \/>\n\t<meta name=\"twitter:data1\" content=\"enequipo\" \/>\n\t<meta name=\"twitter:label2\" content=\"Tiempo de lectura\" \/>\n\t<meta name=\"twitter:data2\" content=\"1 minuto\" \/>\n<script type=\"application\/ld+json\" class=\"yoast-schema-graph\">{\"@context\":\"https:\/\/schema.org\",\"@graph\":[{\"@type\":\"Article\",\"@id\":\"https:\/\/www.sonoraenequipo.com.mx\/kamala-harris-rinde-protesta-como-vicepresidenta-de-eu\/#article\",\"isPartOf\":{\"@id\":\"https:\/\/www.sonoraenequipo.com.mx\/kamala-harris-rinde-protesta-como-vicepresidenta-de-eu\/\"},\"author\":{\"name\":\"enequipo\",\"@id\":\"https:\/\/www.sonoraenequipo.com.mx\/#\/schema\/person\/50102df0fb23a8fa9e8effad8fa81386\"},\"headline\":\"Kamala Harris rinde protesta como vicepresidenta de EU\",\"datePublished\":\"2021-01-20T19:15:25+00:00\",\"dateModified\":\"2021-01-21T00:26:03+00:00\",\"mainEntityOfPage\":{\"@id\":\"https:\/\/www.sonoraenequipo.com.mx\/kamala-harris-rinde-protesta-como-vicepresidenta-de-eu\/\"},\"wordCount\":193,\"commentCount\":0,\"publisher\":{\"@id\":\"https:\/\/www.sonoraenequipo.com.mx\/#organization\"},\"image\":{\"@id\":\"https:\/\/www.sonoraenequipo.com.mx\/kamala-harris-rinde-protesta-como-vicepresidenta-de-eu\/#primaryimage\"},\"thumbnailUrl\":\"https:\/\/www.sonoraenequipo.com.mx\/storage\/2021\/01\/kamala-harris-convierte-oficialmente-vicepresidenta_opt.jpg\",\"keywords\":[\"estados unidos\",\"Joe Biden\",\"Kamala Harris\"],\"articleSection\":[\"MUNDO\"],\"inLanguage\":\"es\",\"potentialAction\":[{\"@type\":\"CommentAction\",\"name\":\"Comment\",\"target\":[\"https:\/\/www.sonoraenequipo.com.mx\/kamala-harris-rinde-protesta-como-vicepresidenta-de-eu\/#respond\"]}]},{\"@type\":\"WebPage\",\"@id\":\"https:\/\/www.sonoraenequipo.com.mx\/kamala-harris-rinde-protesta-como-vicepresidenta-de-eu\/\",\"url\":\"https:\/\/www.sonoraenequipo.com.mx\/kamala-harris-rinde-protesta-como-vicepresidenta-de-eu\/\",\"name\":\"Sonora en Equipo. Kamala Harris rinde protesta como vicepresidenta de EU MUNDO\",\"isPartOf\":{\"@id\":\"https:\/\/www.sonoraenequipo.com.mx\/#website\"},\"primaryImageOfPage\":{\"@id\":\"https:\/\/www.sonoraenequipo.com.mx\/kamala-harris-rinde-protesta-como-vicepresidenta-de-eu\/#primaryimage\"},\"image\":{\"@id\":\"https:\/\/www.sonoraenequipo.com.mx\/kamala-harris-rinde-protesta-como-vicepresidenta-de-eu\/#primaryimage\"},\"thumbnailUrl\":\"https:\/\/www.sonoraenequipo.com.mx\/storage\/2021\/01\/kamala-harris-convierte-oficialmente-vicepresidenta_opt.jpg\",\"datePublished\":\"2021-01-20T19:15:25+00:00\",\"dateModified\":\"2021-01-21T00:26:03+00:00\",\"description\":\"WASHINGTON, ESTADOS UNIDOS. \u2014 Kamala Harris rindi\u00f3 su juramento en el Capitolio como primera vicepresidenta de Estados Unidos, durante la ceremonia de En Sonora en Equipo publicamos toda la informaci\u00f3n de Sonora, M\u00e9xico y el Mundo de manera oportuna y busca que la libertad de expresi\u00f3n sea real. Visita nuestro medio informativo publicado desde Hermosillo, Sonora. %\",\"breadcrumb\":{\"@id\":\"https:\/\/www.sonoraenequipo.com.mx\/kamala-harris-rinde-protesta-como-vicepresidenta-de-eu\/#breadcrumb\"},\"inLanguage\":\"es\",\"potentialAction\":[{\"@type\":\"ReadAction\",\"target\":[\"https:\/\/www.sonoraenequipo.com.mx\/kamala-harris-rinde-protesta-como-vicepresidenta-de-eu\/\"]}]},{\"@type\":\"ImageObject\",\"inLanguage\":\"es\",\"@id\":\"https:\/\/www.sonoraenequipo.com.mx\/kamala-harris-rinde-protesta-como-vicepresidenta-de-eu\/#primaryimage\",\"url\":\"https:\/\/www.sonoraenequipo.com.mx\/storage\/2021\/01\/kamala-harris-convierte-oficialmente-vicepresidenta_opt.jpg\",\"contentUrl\":\"https:\/\/www.sonoraenequipo.com.mx\/storage\/2021\/01\/kamala-harris-convierte-oficialmente-vicepresidenta_opt.jpg\",\"width\":661,\"height\":400},{\"@type\":\"BreadcrumbList\",\"@id\":\"https:\/\/www.sonoraenequipo.com.mx\/kamala-harris-rinde-protesta-como-vicepresidenta-de-eu\/#breadcrumb\",\"itemListElement\":[{\"@type\":\"ListItem\",\"position\":1,\"name\":\"Portada\",\"item\":\"https:\/\/www.sonoraenequipo.com.mx\/\"},{\"@type\":\"ListItem\",\"position\":2,\"name\":\"Kamala Harris rinde protesta como vicepresidenta de EU\"}]},{\"@type\":\"WebSite\",\"@id\":\"https:\/\/www.sonoraenequipo.com.mx\/#website\",\"url\":\"https:\/\/www.sonoraenequipo.com.mx\/\",\"name\":\"Sonora en Equipo.\",\"description\":\"Diario en l\u00ednea con Noticias desde Hermosillo, Sonora\",\"publisher\":{\"@id\":\"https:\/\/www.sonoraenequipo.com.mx\/#organization\"},\"potentialAction\":[{\"@type\":\"SearchAction\",\"target\":{\"@type\":\"EntryPoint\",\"urlTemplate\":\"https:\/\/www.sonoraenequipo.com.mx\/?s={search_term_string}\"},\"query-input\":{\"@type\":\"PropertyValueSpecification\",\"valueRequired\":true,\"valueName\":\"search_term_string\"}}],\"inLanguage\":\"es\"},{\"@type\":\"Organization\",\"@id\":\"https:\/\/www.sonoraenequipo.com.mx\/#organization\",\"name\":\"Sonoraenequipo.com.mx\",\"url\":\"https:\/\/www.sonoraenequipo.com.mx\/\",\"logo\":{\"@type\":\"ImageObject\",\"inLanguage\":\"es\",\"@id\":\"https:\/\/www.sonoraenequipo.com.mx\/#\/schema\/logo\/image\/\",\"url\":\"https:\/\/www.sonoraenequipo.com.mx\/storage\/2019\/01\/sonoraenequipo_opt.png\",\"contentUrl\":\"https:\/\/www.sonoraenequipo.com.mx\/storage\/2019\/01\/sonoraenequipo_opt.png\",\"width\":375,\"height\":125,\"caption\":\"Sonoraenequipo.com.mx\"},\"image\":{\"@id\":\"https:\/\/www.sonoraenequipo.com.mx\/#\/schema\/logo\/image\/\"},\"sameAs\":[\"https:\/\/www.facebook.com\/SonoraEE\/\",\"https:\/\/x.com\/sonoraenequipo\",\"https:\/\/www.youtube.com\/channel\/UC338nW-lPEYmJQs4ZABQ1SQ\"]},{\"@type\":\"Person\",\"@id\":\"https:\/\/www.sonoraenequipo.com.mx\/#\/schema\/person\/50102df0fb23a8fa9e8effad8fa81386\",\"name\":\"enequipo\",\"image\":{\"@type\":\"ImageObject\",\"inLanguage\":\"es\",\"@id\":\"https:\/\/www.sonoraenequipo.com.mx\/#\/schema\/person\/image\/\",\"url\":\"https:\/\/secure.gravatar.com\/avatar\/049821681b589dabc0bc20695993ccebb09f5b5d4d790cd9251b97faac7c652b?s=96&d=blank&r=g\",\"contentUrl\":\"https:\/\/secure.gravatar.com\/avatar\/049821681b589dabc0bc20695993ccebb09f5b5d4d790cd9251b97faac7c652b?s=96&d=blank&r=g\",\"caption\":\"enequipo\"},\"sameAs\":[\"https:\/\/www.facebook.com\/SonoraEE\"]}]}<\/script>\n ","yoast_head_json":{"title":"Sonora en Equipo. Kamala Harris rinde protesta como vicepresidenta de EU MUNDO","description":"WASHINGTON, ESTADOS UNIDOS. \u2014 Kamala Harris rindi\u00f3 su juramento en el Capitolio como primera vicepresidenta de Estados Unidos, durante la ceremonia de En Sonora en Equipo publicamos toda la informaci\u00f3n de Sonora, M\u00e9xico y el Mundo de manera oportuna y busca que la libertad de expresi\u00f3n sea real. Visita nuestro medio informativo publicado desde Hermosillo, Sonora. %","robots":{"index":"index","follow":"follow","max-snippet":"max-snippet:-1","max-image-preview":"max-image-preview:large","max-video-preview":"max-video-preview:-1"},"canonical":"https:\/\/www.sonoraenequipo.com.mx\/kamala-harris-rinde-protesta-como-vicepresidenta-de-eu\/","og_locale":"es_ES","og_type":"article","og_title":"Sonora en Equipo. Kamala Harris rinde protesta como vicepresidenta de EU MUNDO","og_description":"WASHINGTON, ESTADOS UNIDOS. \u2014 Kamala Harris rindi\u00f3 su juramento en el Capitolio como primera vicepresidenta de Estados Unidos, durante la ceremonia de En Sonora en Equipo publicamos toda la informaci\u00f3n de Sonora, M\u00e9xico y el Mundo de manera oportuna y busca que la libertad de expresi\u00f3n sea real. Visita nuestro medio informativo publicado desde Hermosillo, Sonora. %","og_url":"https:\/\/www.sonoraenequipo.com.mx\/kamala-harris-rinde-protesta-como-vicepresidenta-de-eu\/","og_site_name":"Sonora en Equipo.","article_publisher":"https:\/\/www.facebook.com\/SonoraEE\/","article_author":"https:\/\/www.facebook.com\/SonoraEE","article_published_time":"2021-01-20T19:15:25+00:00","article_modified_time":"2021-01-21T00:26:03+00:00","og_image":[{"width":661,"height":400,"url":"https:\/\/www.sonoraenequipo.com.mx\/storage\/2021\/01\/kamala-harris-convierte-oficialmente-vicepresidenta_opt.jpg","type":"image\/jpeg"}],"author":"enequipo","twitter_card":"summary_large_image","twitter_creator":"@sonoraenequipo","twitter_site":"@sonoraenequipo","twitter_misc":{"Escrito por":"enequipo","Tiempo de lectura":"1 minuto"},"schema":{"@context":"https:\/\/schema.org","@graph":[{"@type":"Article","@id":"https:\/\/www.sonoraenequipo.com.mx\/kamala-harris-rinde-protesta-como-vicepresidenta-de-eu\/#article","isPartOf":{"@id":"https:\/\/www.sonoraenequipo.com.mx\/kamala-harris-rinde-protesta-como-vicepresidenta-de-eu\/"},"author":{"name":"enequipo","@id":"https:\/\/www.sonoraenequipo.com.mx\/#\/schema\/person\/50102df0fb23a8fa9e8effad8fa81386"},"headline":"Kamala Harris rinde protesta como vicepresidenta de EU","datePublished":"2021-01-20T19:15:25+00:00","dateModified":"2021-01-21T00:26:03+00:00","mainEntityOfPage":{"@id":"https:\/\/www.sonoraenequipo.com.mx\/kamala-harris-rinde-protesta-como-vicepresidenta-de-eu\/"},"wordCount":193,"commentCount":0,"publisher":{"@id":"https:\/\/www.sonoraenequipo.com.mx\/#organization"},"image":{"@id":"https:\/\/www.sonoraenequipo.com.mx\/kamala-harris-rinde-protesta-como-vicepresidenta-de-eu\/#primaryimage"},"thumbnailUrl":"https:\/\/www.sonoraenequipo.com.mx\/storage\/2021\/01\/kamala-harris-convierte-oficialmente-vicepresidenta_opt.jpg","keywords":["estados unidos","Joe Biden","Kamala Harris"],"articleSection":["MUNDO"],"inLanguage":"es","potentialAction":[{"@type":"CommentAction","name":"Comment","target":["https:\/\/www.sonoraenequipo.com.mx\/kamala-harris-rinde-protesta-como-vicepresidenta-de-eu\/#respond"]}]},{"@type":"WebPage","@id":"https:\/\/www.sonoraenequipo.com.mx\/kamala-harris-rinde-protesta-como-vicepresidenta-de-eu\/","url":"https:\/\/www.sonoraenequipo.com.mx\/kamala-harris-rinde-protesta-como-vicepresidenta-de-eu\/","name":"Sonora en Equipo. Kamala Harris rinde protesta como vicepresidenta de EU MUNDO","isPartOf":{"@id":"https:\/\/www.sonoraenequipo.com.mx\/#website"},"primaryImageOfPage":{"@id":"https:\/\/www.sonoraenequipo.com.mx\/kamala-harris-rinde-protesta-como-vicepresidenta-de-eu\/#primaryimage"},"image":{"@id":"https:\/\/www.sonoraenequipo.com.mx\/kamala-harris-rinde-protesta-como-vicepresidenta-de-eu\/#primaryimage"},"thumbnailUrl":"https:\/\/www.sonoraenequipo.com.mx\/storage\/2021\/01\/kamala-harris-convierte-oficialmente-vicepresidenta_opt.jpg","datePublished":"2021-01-20T19:15:25+00:00","dateModified":"2021-01-21T00:26:03+00:00","description":"WASHINGTON, ESTADOS UNIDOS. \u2014 Kamala Harris rindi\u00f3 su juramento en el Capitolio como primera vicepresidenta de Estados Unidos, durante la ceremonia de En Sonora en Equipo publicamos toda la informaci\u00f3n de Sonora, M\u00e9xico y el Mundo de manera oportuna y busca que la libertad de expresi\u00f3n sea real. Visita nuestro medio informativo publicado desde Hermosillo, Sonora. %","breadcrumb":{"@id":"https:\/\/www.sonoraenequipo.com.mx\/kamala-harris-rinde-protesta-como-vicepresidenta-de-eu\/#breadcrumb"},"inLanguage":"es","potentialAction":[{"@type":"ReadAction","target":["https:\/\/www.sonoraenequipo.com.mx\/kamala-harris-rinde-protesta-como-vicepresidenta-de-eu\/"]}]},{"@type":"ImageObject","inLanguage":"es","@id":"https:\/\/www.sonoraenequipo.com.mx\/kamala-harris-rinde-protesta-como-vicepresidenta-de-eu\/#primaryimage","url":"https:\/\/www.sonoraenequipo.com.mx\/storage\/2021\/01\/kamala-harris-convierte-oficialmente-vicepresidenta_opt.jpg","contentUrl":"https:\/\/www.sonoraenequipo.com.mx\/storage\/2021\/01\/kamala-harris-convierte-oficialmente-vicepresidenta_opt.jpg","width":661,"height":400},{"@type":"BreadcrumbList","@id":"https:\/\/www.sonoraenequipo.com.mx\/kamala-harris-rinde-protesta-como-vicepresidenta-de-eu\/#breadcrumb","itemListElement":[{"@type":"ListItem","position":1,"name":"Portada","item":"https:\/\/www.sonoraenequipo.com.mx\/"},{"@type":"ListItem","position":2,"name":"Kamala Harris rinde protesta como vicepresidenta de EU"}]},{"@type":"WebSite","@id":"https:\/\/www.sonoraenequipo.com.mx\/#website","url":"https:\/\/www.sonoraenequipo.com.mx\/","name":"Sonora en Equipo.","description":"Diario en l\u00ednea con Noticias desde Hermosillo, Sonora","publisher":{"@id":"https:\/\/www.sonoraenequipo.com.mx\/#organization"},"potentialAction":[{"@type":"SearchAction","target":{"@type":"EntryPoint","urlTemplate":"https:\/\/www.sonoraenequipo.com.mx\/?s={search_term_string}"},"query-input":{"@type":"PropertyValueSpecification","valueRequired":true,"valueName":"search_term_string"}}],"inLanguage":"es"},{"@type":"Organization","@id":"https:\/\/www.sonoraenequipo.com.mx\/#organization","name":"Sonoraenequipo.com.mx","url":"https:\/\/www.sonoraenequipo.com.mx\/","logo":{"@type":"ImageObject","inLanguage":"es","@id":"https:\/\/www.sonoraenequipo.com.mx\/#\/schema\/logo\/image\/","url":"https:\/\/www.sonoraenequipo.com.mx\/storage\/2019\/01\/sonoraenequipo_opt.png","contentUrl":"https:\/\/www.sonoraenequipo.com.mx\/storage\/2019\/01\/sonoraenequipo_opt.png","width":375,"height":125,"caption":"Sonoraenequipo.com.mx"},"image":{"@id":"https:\/\/www.sonoraenequipo.com.mx\/#\/schema\/logo\/image\/"},"sameAs":["https:\/\/www.facebook.com\/SonoraEE\/","https:\/\/x.com\/sonoraenequipo","https:\/\/www.youtube.com\/channel\/UC338nW-lPEYmJQs4ZABQ1SQ"]},{"@type":"Person","@id":"https:\/\/www.sonoraenequipo.com.mx\/#\/schema\/person\/50102df0fb23a8fa9e8effad8fa81386","name":"enequipo","image":{"@type":"ImageObject","inLanguage":"es","@id":"https:\/\/www.sonoraenequipo.com.mx\/#\/schema\/person\/image\/","url":"https:\/\/secure.gravatar.com\/avatar\/049821681b589dabc0bc20695993ccebb09f5b5d4d790cd9251b97faac7c652b?s=96&d=blank&r=g","contentUrl":"https:\/\/secure.gravatar.com\/avatar\/049821681b589dabc0bc20695993ccebb09f5b5d4d790cd9251b97faac7c652b?s=96&d=blank&r=g","caption":"enequipo"},"sameAs":["https:\/\/www.facebook.com\/SonoraEE"]}]}},"jetpack_featured_media_url":"https:\/\/www.sonoraenequipo.com.mx\/storage\/2021\/01\/kamala-harris-convierte-oficialmente-vicepresidenta_opt.jpg","_links":{"self":[{"href":"https:\/\/www.sonoraenequipo.com.mx\/api\/wp\/v2\/posts\/105069","targetHints":{"allow":["GET"]}}],"collection":[{"href":"https:\/\/www.sonoraenequipo.com.mx\/api\/wp\/v2\/posts"}],"about":[{"href":"https:\/\/www.sonoraenequipo.com.mx\/api\/wp\/v2\/types\/post"}],"author":[{"embeddable":true,"href":"https:\/\/www.sonoraenequipo.com.mx\/api\/wp\/v2\/users\/1"}],"replies":[{"embeddable":true,"href":"https:\/\/www.sonoraenequipo.com.mx\/api\/wp\/v2\/comments?post=105069"}],"version-history":[{"count":2,"href":"https:\/\/www.sonoraenequipo.com.mx\/api\/wp\/v2\/posts\/105069\/revisions"}],"predecessor-version":[{"id":105073,"href":"https:\/\/www.sonoraenequipo.com.mx\/api\/wp\/v2\/posts\/105069\/revisions\/105073"}],"wp:featuredmedia":[{"embeddable":true,"href":"https:\/\/www.sonoraenequipo.com.mx\/api\/wp\/v2\/media\/105071"}],"wp:attachment":[{"href":"https:\/\/www.sonoraenequipo.com.mx\/api\/wp\/v2\/media?parent=105069"}],"wp:term":[{"taxonomy":"category","embeddable":true,"href":"https:\/\/www.sonoraenequipo.com.mx\/api\/wp\/v2\/categories?post=105069"},{"taxonomy":"post_tag","embeddable":true,"href":"https:\/\/www.sonoraenequipo.com.mx\/api\/wp\/v2\/tags?post=105069"}],"curies":[{"name":"wp","href":"https:\/\/api.w.org\/{rel}","templated":true}]}}