{"id":105249,"date":"2021-01-22T18:30:27","date_gmt":"2021-01-23T01:30:27","guid":{"rendered":"https:\/\/www.sonoraenequipo.com.mx\/?p=105249"},"modified":"2021-01-22T18:30:27","modified_gmt":"2021-01-23T01:30:27","slug":"anuncia-gobernadora-acciones-para-adquirir-junto-con-la-ip-vacunas-contra-covid-19","status":"publish","type":"post","link":"https:\/\/www.sonoraenequipo.com.mx\/anuncia-gobernadora-acciones-para-adquirir-junto-con-la-ip-vacunas-contra-covid-19\/","title":{"rendered":"Anuncia Gobernadora acciones para adquirir junto con la IP vacunas contra COVID-19"},"content":{"rendered":"<p>Anuncia Gobernadora acciones para adquirir junto con la IP vacunas contra COVID-19<\/p>\n<p>&nbsp;<\/p>\n<p>&nbsp;<\/p>\n<p>Hermosillo, Sonora, enero 22 de 2021. La gobernadora Claudia Pavlovich Arellano anunci\u00f3 que se han iniciado las acciones para la adquisici\u00f3n de vacunas por parte del Gobierno del Estado para agilizar la campa\u00f1a de vacunaci\u00f3n contra COVID-19 en la entidad.<\/p>\n<p>&nbsp;<\/p>\n<p>Al visitar el Hospital \u201cDr. Ignacio Ch\u00e1vez\u201d, para supervisar la aplicaci\u00f3n de vacunas al personal de primera l\u00ednea de atenci\u00f3n a pacientes COVID-19 de Isssteson y Cruz Roja, la mandataria sonorense indic\u00f3 que tras el anuncio del presidente Andr\u00e9s Manuel L\u00f3pez Obrador sobre la autorizaci\u00f3n para que los estados puedan adquirir vacunas y aplicarlas a su poblaci\u00f3n, ha girado instrucciones para que se inicie el proceso en Sonora en coordinaci\u00f3n con el gobierno federal y con la iniciativa privada.<\/p>\n<p>&nbsp;<\/p>\n<p>Acompa\u00f1ada por Enrique Clausen Iberri, secretario de Salud; Jos\u00e9 Mart\u00edn Nava Velarde, director general de Isssteson; Luis Becerra Hurtado, subdirector m\u00e9dico de Isssteson; Joel Alberto Badell Luzardo, director del Hospital \u201cIgnacio Ch\u00e1vez\u201d y Guadalupe Ayala Noriega, coordinador de Socorros de Cruz Roja Hermosillo, la mandataria estatal observ\u00f3 la aplicaci\u00f3n de la vacuna a la m\u00e9dica Elizabeth Ulloa L\u00f3pez, por parte de la enfermera Karen Villa y recorri\u00f3 el \u00e1rea de observaci\u00f3n a personal que le aplicaron la vacuna, donde Cruz Roja instal\u00f3 un \u00e1rea de choque para personas que presenten reacciones adversas a la vacuna.<\/p>\n<p>&nbsp;<\/p>\n<p>\u201cEstamos muy contentos este d\u00eda por estar vacunando a personas de todo el estado, que est\u00e1n en el primer frente de batalla contra el COVID, la verdad es un d\u00eda de alegr\u00eda, tambi\u00e9n vacunando al personal de la Cruz Roja, que son alrededor de 900, que tambi\u00e9n como siempre la Cruz Roja ah\u00ed est\u00e1 siempre que lo necesitamos en el primer frente trasladando pacientes\u201d, afirm\u00f3.<\/p>\n<p>&nbsp;<\/p>\n<p>La primera etapa de la campa\u00f1a de vacunaci\u00f3n en Sonora se mantendr\u00e1 \u00e1gil, apunt\u00f3 la gobernadora Pavlovich, con el fin de aplicar la vacuna lo m\u00e1s r\u00e1pido posible a todo el personal de salud que est\u00e1 en el primer frente de batalla y resalt\u00f3 el caso de solidaridad de Alma Gabriela Monje Carrillo, responsable del Programa Estatal de Vacunaci\u00f3n en Isssteson, quien don\u00f3 su lugar en la aplicaci\u00f3n de la vacuna a compa\u00f1eros que pasan m\u00e1s tiempo en las zonas de riesgo al contagio.<\/p>\n<p>&nbsp;<\/p>\n<p>La titular del Ejecutivo Estatal tambi\u00e9n destac\u00f3 el profesionalismo y entrega que tuvo la qu\u00edmica del Isssteson, Vasthy Amarillas, quien perdi\u00f3 la lucha contra el COVID-19 en pasados d\u00edas y envi\u00f3 sus condolencias a familiares y amigos y dese\u00f3 que el peque\u00f1o infante que sobrevivi\u00f3 al nacimiento prematuro, se mantenga con buena salud.<\/p>\n<p>&nbsp;<\/p>\n<p>La gobernadora Pavlovich coment\u00f3 que es momento de esperanza al recibir la aprobaci\u00f3n por parte del Gobierno Federal para la compra de vacunas, proceso que se realizar\u00e1 con minuciosidad en busca de obtener el producto m\u00e1s adecuado y se har\u00e1 de la mano de la Federaci\u00f3n y de la iniciativa privada que ha mostrado su inter\u00e9s por apoyar en la adquisici\u00f3n y aplicaci\u00f3n de las vacunas.<\/p>\n<p>&nbsp;<\/p>\n<p>\u201cEs un d\u00eda de alegr\u00eda porque nos dieron la oportunidad de que tanto los gobiernos estatales, como los organismos privados puedan adquirir las vacunas, vamos a ser muy cuidadosos con este tema porque como es tanta la demanda, pues ahorita hay mucha gente que te est\u00e1 ofertando pero no sabes realmente qu\u00e9 es, entonces s\u00ed tenemos que estar seguros que estamos comprando lo correcto y al precio correcto con mucha transparencia, pero podemos hacerle la lucha, que era lo que quer\u00edamos y poder vacunar de manera m\u00e1s r\u00e1pida a los sonorenses\u201d, asegur\u00f3.<\/p>\n<p>&nbsp;<\/p>\n<p>Por su parte, Alma Gabriela Monje Carrillo, responsable del Programa Estatal de Vacunaci\u00f3n en Isssteson, agradeci\u00f3 el compromiso de la gobernadora Pavlovich con el personal de salud y expres\u00f3 que con gusto don\u00f3 su lugar para la aplicaci\u00f3n de la vacuna, ya que por sus labores podr\u00eda esperar a la segunda o tercera tanda de vacunas y dejar que el personal que est\u00e1 a\u00fan m\u00e1s expuesto que ella puedan tener su vacuna lo m\u00e1s pronto posible.<\/p>\n<p>&nbsp;<\/p>\n<p>\u201cNosotros estamos ahorita aplicando vacunas, pero creo que hay gente mucho m\u00e1s en riesgo que nosotros, es importante que primero sean ellos, los compa\u00f1eros, los que est\u00e1n en la l\u00ednea de fuego, nosotros podemos esperar a la segunda, a la tercera remesa, ya que nos llegue la vacuna para todos\u201d, indic\u00f3.<\/p>\n<p>Fecha de publicaci\u00f3n 22\/ene\/2021<\/p>\n","protected":false},"excerpt":{"rendered":"<p>Anuncia Gobernadora acciones para adquirir junto con la IP vacunas contra COVID-19 &nbsp; &nbsp; Hermosillo,&#8230;<\/p>\n","protected":false},"author":1,"featured_media":105250,"comment_status":"open","ping_status":"open","sticky":false,"template":"","format":"standard","meta":{"_monsterinsights_skip_tracking":false,"_monsterinsights_sitenote_active":false,"_monsterinsights_sitenote_note":"","_monsterinsights_sitenote_category":0,"footnotes":""},"categories":[22],"tags":[],"class_list":["post"],"yoast_head":" \n<title>Sonora en Equipo. Anuncia Gobernadora acciones para adquirir junto con la IP vacunas contra COVID-19 Sonora<\/title>\n<meta name=\"description\" content=\"Anuncia Gobernadora acciones para adquirir junto con la IP vacunas contra COVID-19 &nbsp; &nbsp; Hermosillo, Sonora, enero 22 de 2021. La gobernadora En Sonora en Equipo publicamos toda la informaci\u00f3n de Sonora, M\u00e9xico y el Mundo de manera oportuna y busca que la libertad de expresi\u00f3n sea real. Visita nuestro medio informativo publicado desde Hermosillo, Sonora. %\" \/>\n<meta name=\"robots\" content=\"index, follow, max-snippet:-1, max-image-preview:large, max-video-preview:-1\" \/>\n<link rel=\"canonical\" href=\"https:\/\/www.sonoraenequipo.com.mx\/anuncia-gobernadora-acciones-para-adquirir-junto-con-la-ip-vacunas-contra-covid-19\/\" \/>\n<meta property=\"og:locale\" content=\"es_ES\" \/>\n<meta property=\"og:type\" content=\"article\" \/>\n<meta property=\"og:title\" content=\"Sonora en Equipo. Anuncia Gobernadora acciones para adquirir junto con la IP vacunas contra COVID-19 Sonora\" \/>\n<meta property=\"og:description\" content=\"Anuncia Gobernadora acciones para adquirir junto con la IP vacunas contra COVID-19 &nbsp; &nbsp; Hermosillo, Sonora, enero 22 de 2021. La gobernadora En Sonora en Equipo publicamos toda la informaci\u00f3n de Sonora, M\u00e9xico y el Mundo de manera oportuna y busca que la libertad de expresi\u00f3n sea real. Visita nuestro medio informativo publicado desde Hermosillo, Sonora. %\" \/>\n<meta property=\"og:url\" content=\"https:\/\/www.sonoraenequipo.com.mx\/anuncia-gobernadora-acciones-para-adquirir-junto-con-la-ip-vacunas-contra-covid-19\/\" \/>\n<meta property=\"og:site_name\" content=\"Sonora en Equipo.\" \/>\n<meta property=\"article:publisher\" content=\"https:\/\/www.facebook.com\/SonoraEE\/\" \/>\n<meta property=\"article:author\" content=\"https:\/\/www.facebook.com\/SonoraEE\" \/>\n<meta property=\"article:published_time\" content=\"2021-01-23T01:30:27+00:00\" \/>\n<meta property=\"og:image\" content=\"https:\/\/www.sonoraenequipo.com.mx\/storage\/2021\/01\/cpa220121.jpg\" \/>\n\t<meta property=\"og:image:width\" content=\"500\" \/>\n\t<meta property=\"og:image:height\" content=\"300\" \/>\n\t<meta property=\"og:image:type\" content=\"image\/jpeg\" \/>\n<meta name=\"author\" content=\"enequipo\" \/>\n<meta name=\"twitter:card\" content=\"summary_large_image\" \/>\n<meta name=\"twitter:creator\" content=\"@sonoraenequipo\" \/>\n<meta name=\"twitter:site\" content=\"@sonoraenequipo\" \/>\n<meta name=\"twitter:label1\" content=\"Escrito por\" \/>\n\t<meta name=\"twitter:data1\" content=\"enequipo\" \/>\n\t<meta name=\"twitter:label2\" content=\"Tiempo de lectura\" \/>\n\t<meta name=\"twitter:data2\" content=\"4 minutos\" \/>\n<script type=\"application\/ld+json\" class=\"yoast-schema-graph\">{\"@context\":\"https:\/\/schema.org\",\"@graph\":[{\"@type\":\"Article\",\"@id\":\"https:\/\/www.sonoraenequipo.com.mx\/anuncia-gobernadora-acciones-para-adquirir-junto-con-la-ip-vacunas-contra-covid-19\/#article\",\"isPartOf\":{\"@id\":\"https:\/\/www.sonoraenequipo.com.mx\/anuncia-gobernadora-acciones-para-adquirir-junto-con-la-ip-vacunas-contra-covid-19\/\"},\"author\":{\"name\":\"enequipo\",\"@id\":\"https:\/\/www.sonoraenequipo.com.mx\/#\/schema\/person\/50102df0fb23a8fa9e8effad8fa81386\"},\"headline\":\"Anuncia Gobernadora acciones para adquirir junto con la IP vacunas contra COVID-19\",\"datePublished\":\"2021-01-23T01:30:27+00:00\",\"mainEntityOfPage\":{\"@id\":\"https:\/\/www.sonoraenequipo.com.mx\/anuncia-gobernadora-acciones-para-adquirir-junto-con-la-ip-vacunas-contra-covid-19\/\"},\"wordCount\":797,\"commentCount\":0,\"publisher\":{\"@id\":\"https:\/\/www.sonoraenequipo.com.mx\/#organization\"},\"image\":{\"@id\":\"https:\/\/www.sonoraenequipo.com.mx\/anuncia-gobernadora-acciones-para-adquirir-junto-con-la-ip-vacunas-contra-covid-19\/#primaryimage\"},\"thumbnailUrl\":\"https:\/\/www.sonoraenequipo.com.mx\/storage\/2021\/01\/cpa220121.jpg\",\"articleSection\":[\"Sonora\"],\"inLanguage\":\"es\",\"potentialAction\":[{\"@type\":\"CommentAction\",\"name\":\"Comment\",\"target\":[\"https:\/\/www.sonoraenequipo.com.mx\/anuncia-gobernadora-acciones-para-adquirir-junto-con-la-ip-vacunas-contra-covid-19\/#respond\"]}]},{\"@type\":\"WebPage\",\"@id\":\"https:\/\/www.sonoraenequipo.com.mx\/anuncia-gobernadora-acciones-para-adquirir-junto-con-la-ip-vacunas-contra-covid-19\/\",\"url\":\"https:\/\/www.sonoraenequipo.com.mx\/anuncia-gobernadora-acciones-para-adquirir-junto-con-la-ip-vacunas-contra-covid-19\/\",\"name\":\"Sonora en Equipo. Anuncia Gobernadora acciones para adquirir junto con la IP vacunas contra COVID-19 Sonora\",\"isPartOf\":{\"@id\":\"https:\/\/www.sonoraenequipo.com.mx\/#website\"},\"primaryImageOfPage\":{\"@id\":\"https:\/\/www.sonoraenequipo.com.mx\/anuncia-gobernadora-acciones-para-adquirir-junto-con-la-ip-vacunas-contra-covid-19\/#primaryimage\"},\"image\":{\"@id\":\"https:\/\/www.sonoraenequipo.com.mx\/anuncia-gobernadora-acciones-para-adquirir-junto-con-la-ip-vacunas-contra-covid-19\/#primaryimage\"},\"thumbnailUrl\":\"https:\/\/www.sonoraenequipo.com.mx\/storage\/2021\/01\/cpa220121.jpg\",\"datePublished\":\"2021-01-23T01:30:27+00:00\",\"description\":\"Anuncia Gobernadora acciones para adquirir junto con la IP vacunas contra COVID-19 &nbsp; &nbsp; Hermosillo, Sonora, enero 22 de 2021. La gobernadora En Sonora en Equipo publicamos toda la informaci\u00f3n de Sonora, M\u00e9xico y el Mundo de manera oportuna y busca que la libertad de expresi\u00f3n sea real. Visita nuestro medio informativo publicado desde Hermosillo, Sonora. %\",\"breadcrumb\":{\"@id\":\"https:\/\/www.sonoraenequipo.com.mx\/anuncia-gobernadora-acciones-para-adquirir-junto-con-la-ip-vacunas-contra-covid-19\/#breadcrumb\"},\"inLanguage\":\"es\",\"potentialAction\":[{\"@type\":\"ReadAction\",\"target\":[\"https:\/\/www.sonoraenequipo.com.mx\/anuncia-gobernadora-acciones-para-adquirir-junto-con-la-ip-vacunas-contra-covid-19\/\"]}]},{\"@type\":\"ImageObject\",\"inLanguage\":\"es\",\"@id\":\"https:\/\/www.sonoraenequipo.com.mx\/anuncia-gobernadora-acciones-para-adquirir-junto-con-la-ip-vacunas-contra-covid-19\/#primaryimage\",\"url\":\"https:\/\/www.sonoraenequipo.com.mx\/storage\/2021\/01\/cpa220121.jpg\",\"contentUrl\":\"https:\/\/www.sonoraenequipo.com.mx\/storage\/2021\/01\/cpa220121.jpg\",\"width\":500,\"height\":300},{\"@type\":\"BreadcrumbList\",\"@id\":\"https:\/\/www.sonoraenequipo.com.mx\/anuncia-gobernadora-acciones-para-adquirir-junto-con-la-ip-vacunas-contra-covid-19\/#breadcrumb\",\"itemListElement\":[{\"@type\":\"ListItem\",\"position\":1,\"name\":\"Portada\",\"item\":\"https:\/\/www.sonoraenequipo.com.mx\/\"},{\"@type\":\"ListItem\",\"position\":2,\"name\":\"Anuncia Gobernadora acciones para adquirir junto con la IP vacunas contra COVID-19\"}]},{\"@type\":\"WebSite\",\"@id\":\"https:\/\/www.sonoraenequipo.com.mx\/#website\",\"url\":\"https:\/\/www.sonoraenequipo.com.mx\/\",\"name\":\"Sonora en Equipo.\",\"description\":\"Diario en l\u00ednea con Noticias desde Hermosillo, Sonora\",\"publisher\":{\"@id\":\"https:\/\/www.sonoraenequipo.com.mx\/#organization\"},\"potentialAction\":[{\"@type\":\"SearchAction\",\"target\":{\"@type\":\"EntryPoint\",\"urlTemplate\":\"https:\/\/www.sonoraenequipo.com.mx\/?s={search_term_string}\"},\"query-input\":{\"@type\":\"PropertyValueSpecification\",\"valueRequired\":true,\"valueName\":\"search_term_string\"}}],\"inLanguage\":\"es\"},{\"@type\":\"Organization\",\"@id\":\"https:\/\/www.sonoraenequipo.com.mx\/#organization\",\"name\":\"Sonoraenequipo.com.mx\",\"url\":\"https:\/\/www.sonoraenequipo.com.mx\/\",\"logo\":{\"@type\":\"ImageObject\",\"inLanguage\":\"es\",\"@id\":\"https:\/\/www.sonoraenequipo.com.mx\/#\/schema\/logo\/image\/\",\"url\":\"https:\/\/www.sonoraenequipo.com.mx\/storage\/2019\/01\/sonoraenequipo_opt.png\",\"contentUrl\":\"https:\/\/www.sonoraenequipo.com.mx\/storage\/2019\/01\/sonoraenequipo_opt.png\",\"width\":375,\"height\":125,\"caption\":\"Sonoraenequipo.com.mx\"},\"image\":{\"@id\":\"https:\/\/www.sonoraenequipo.com.mx\/#\/schema\/logo\/image\/\"},\"sameAs\":[\"https:\/\/www.facebook.com\/SonoraEE\/\",\"https:\/\/x.com\/sonoraenequipo\",\"https:\/\/www.youtube.com\/channel\/UC338nW-lPEYmJQs4ZABQ1SQ\"]},{\"@type\":\"Person\",\"@id\":\"https:\/\/www.sonoraenequipo.com.mx\/#\/schema\/person\/50102df0fb23a8fa9e8effad8fa81386\",\"name\":\"enequipo\",\"image\":{\"@type\":\"ImageObject\",\"inLanguage\":\"es\",\"@id\":\"https:\/\/www.sonoraenequipo.com.mx\/#\/schema\/person\/image\/\",\"url\":\"https:\/\/secure.gravatar.com\/avatar\/049821681b589dabc0bc20695993ccebb09f5b5d4d790cd9251b97faac7c652b?s=96&d=blank&r=g\",\"contentUrl\":\"https:\/\/secure.gravatar.com\/avatar\/049821681b589dabc0bc20695993ccebb09f5b5d4d790cd9251b97faac7c652b?s=96&d=blank&r=g\",\"caption\":\"enequipo\"},\"sameAs\":[\"https:\/\/www.facebook.com\/SonoraEE\"]}]}<\/script>\n ","yoast_head_json":{"title":"Sonora en Equipo. Anuncia Gobernadora acciones para adquirir junto con la IP vacunas contra COVID-19 Sonora","description":"Anuncia Gobernadora acciones para adquirir junto con la IP vacunas contra COVID-19 &nbsp; &nbsp; Hermosillo, Sonora, enero 22 de 2021. La gobernadora En Sonora en Equipo publicamos toda la informaci\u00f3n de Sonora, M\u00e9xico y el Mundo de manera oportuna y busca que la libertad de expresi\u00f3n sea real. Visita nuestro medio informativo publicado desde Hermosillo, Sonora. %","robots":{"index":"index","follow":"follow","max-snippet":"max-snippet:-1","max-image-preview":"max-image-preview:large","max-video-preview":"max-video-preview:-1"},"canonical":"https:\/\/www.sonoraenequipo.com.mx\/anuncia-gobernadora-acciones-para-adquirir-junto-con-la-ip-vacunas-contra-covid-19\/","og_locale":"es_ES","og_type":"article","og_title":"Sonora en Equipo. Anuncia Gobernadora acciones para adquirir junto con la IP vacunas contra COVID-19 Sonora","og_description":"Anuncia Gobernadora acciones para adquirir junto con la IP vacunas contra COVID-19 &nbsp; &nbsp; Hermosillo, Sonora, enero 22 de 2021. La gobernadora En Sonora en Equipo publicamos toda la informaci\u00f3n de Sonora, M\u00e9xico y el Mundo de manera oportuna y busca que la libertad de expresi\u00f3n sea real. Visita nuestro medio informativo publicado desde Hermosillo, Sonora. %","og_url":"https:\/\/www.sonoraenequipo.com.mx\/anuncia-gobernadora-acciones-para-adquirir-junto-con-la-ip-vacunas-contra-covid-19\/","og_site_name":"Sonora en Equipo.","article_publisher":"https:\/\/www.facebook.com\/SonoraEE\/","article_author":"https:\/\/www.facebook.com\/SonoraEE","article_published_time":"2021-01-23T01:30:27+00:00","og_image":[{"width":500,"height":300,"url":"https:\/\/www.sonoraenequipo.com.mx\/storage\/2021\/01\/cpa220121.jpg","type":"image\/jpeg"}],"author":"enequipo","twitter_card":"summary_large_image","twitter_creator":"@sonoraenequipo","twitter_site":"@sonoraenequipo","twitter_misc":{"Escrito por":"enequipo","Tiempo de lectura":"4 minutos"},"schema":{"@context":"https:\/\/schema.org","@graph":[{"@type":"Article","@id":"https:\/\/www.sonoraenequipo.com.mx\/anuncia-gobernadora-acciones-para-adquirir-junto-con-la-ip-vacunas-contra-covid-19\/#article","isPartOf":{"@id":"https:\/\/www.sonoraenequipo.com.mx\/anuncia-gobernadora-acciones-para-adquirir-junto-con-la-ip-vacunas-contra-covid-19\/"},"author":{"name":"enequipo","@id":"https:\/\/www.sonoraenequipo.com.mx\/#\/schema\/person\/50102df0fb23a8fa9e8effad8fa81386"},"headline":"Anuncia Gobernadora acciones para adquirir junto con la IP vacunas contra COVID-19","datePublished":"2021-01-23T01:30:27+00:00","mainEntityOfPage":{"@id":"https:\/\/www.sonoraenequipo.com.mx\/anuncia-gobernadora-acciones-para-adquirir-junto-con-la-ip-vacunas-contra-covid-19\/"},"wordCount":797,"commentCount":0,"publisher":{"@id":"https:\/\/www.sonoraenequipo.com.mx\/#organization"},"image":{"@id":"https:\/\/www.sonoraenequipo.com.mx\/anuncia-gobernadora-acciones-para-adquirir-junto-con-la-ip-vacunas-contra-covid-19\/#primaryimage"},"thumbnailUrl":"https:\/\/www.sonoraenequipo.com.mx\/storage\/2021\/01\/cpa220121.jpg","articleSection":["Sonora"],"inLanguage":"es","potentialAction":[{"@type":"CommentAction","name":"Comment","target":["https:\/\/www.sonoraenequipo.com.mx\/anuncia-gobernadora-acciones-para-adquirir-junto-con-la-ip-vacunas-contra-covid-19\/#respond"]}]},{"@type":"WebPage","@id":"https:\/\/www.sonoraenequipo.com.mx\/anuncia-gobernadora-acciones-para-adquirir-junto-con-la-ip-vacunas-contra-covid-19\/","url":"https:\/\/www.sonoraenequipo.com.mx\/anuncia-gobernadora-acciones-para-adquirir-junto-con-la-ip-vacunas-contra-covid-19\/","name":"Sonora en Equipo. Anuncia Gobernadora acciones para adquirir junto con la IP vacunas contra COVID-19 Sonora","isPartOf":{"@id":"https:\/\/www.sonoraenequipo.com.mx\/#website"},"primaryImageOfPage":{"@id":"https:\/\/www.sonoraenequipo.com.mx\/anuncia-gobernadora-acciones-para-adquirir-junto-con-la-ip-vacunas-contra-covid-19\/#primaryimage"},"image":{"@id":"https:\/\/www.sonoraenequipo.com.mx\/anuncia-gobernadora-acciones-para-adquirir-junto-con-la-ip-vacunas-contra-covid-19\/#primaryimage"},"thumbnailUrl":"https:\/\/www.sonoraenequipo.com.mx\/storage\/2021\/01\/cpa220121.jpg","datePublished":"2021-01-23T01:30:27+00:00","description":"Anuncia Gobernadora acciones para adquirir junto con la IP vacunas contra COVID-19 &nbsp; &nbsp; Hermosillo, Sonora, enero 22 de 2021. La gobernadora En Sonora en Equipo publicamos toda la informaci\u00f3n de Sonora, M\u00e9xico y el Mundo de manera oportuna y busca que la libertad de expresi\u00f3n sea real. Visita nuestro medio informativo publicado desde Hermosillo, Sonora. %","breadcrumb":{"@id":"https:\/\/www.sonoraenequipo.com.mx\/anuncia-gobernadora-acciones-para-adquirir-junto-con-la-ip-vacunas-contra-covid-19\/#breadcrumb"},"inLanguage":"es","potentialAction":[{"@type":"ReadAction","target":["https:\/\/www.sonoraenequipo.com.mx\/anuncia-gobernadora-acciones-para-adquirir-junto-con-la-ip-vacunas-contra-covid-19\/"]}]},{"@type":"ImageObject","inLanguage":"es","@id":"https:\/\/www.sonoraenequipo.com.mx\/anuncia-gobernadora-acciones-para-adquirir-junto-con-la-ip-vacunas-contra-covid-19\/#primaryimage","url":"https:\/\/www.sonoraenequipo.com.mx\/storage\/2021\/01\/cpa220121.jpg","contentUrl":"https:\/\/www.sonoraenequipo.com.mx\/storage\/2021\/01\/cpa220121.jpg","width":500,"height":300},{"@type":"BreadcrumbList","@id":"https:\/\/www.sonoraenequipo.com.mx\/anuncia-gobernadora-acciones-para-adquirir-junto-con-la-ip-vacunas-contra-covid-19\/#breadcrumb","itemListElement":[{"@type":"ListItem","position":1,"name":"Portada","item":"https:\/\/www.sonoraenequipo.com.mx\/"},{"@type":"ListItem","position":2,"name":"Anuncia Gobernadora acciones para adquirir junto con la IP vacunas contra COVID-19"}]},{"@type":"WebSite","@id":"https:\/\/www.sonoraenequipo.com.mx\/#website","url":"https:\/\/www.sonoraenequipo.com.mx\/","name":"Sonora en Equipo.","description":"Diario en l\u00ednea con Noticias desde Hermosillo, Sonora","publisher":{"@id":"https:\/\/www.sonoraenequipo.com.mx\/#organization"},"potentialAction":[{"@type":"SearchAction","target":{"@type":"EntryPoint","urlTemplate":"https:\/\/www.sonoraenequipo.com.mx\/?s={search_term_string}"},"query-input":{"@type":"PropertyValueSpecification","valueRequired":true,"valueName":"search_term_string"}}],"inLanguage":"es"},{"@type":"Organization","@id":"https:\/\/www.sonoraenequipo.com.mx\/#organization","name":"Sonoraenequipo.com.mx","url":"https:\/\/www.sonoraenequipo.com.mx\/","logo":{"@type":"ImageObject","inLanguage":"es","@id":"https:\/\/www.sonoraenequipo.com.mx\/#\/schema\/logo\/image\/","url":"https:\/\/www.sonoraenequipo.com.mx\/storage\/2019\/01\/sonoraenequipo_opt.png","contentUrl":"https:\/\/www.sonoraenequipo.com.mx\/storage\/2019\/01\/sonoraenequipo_opt.png","width":375,"height":125,"caption":"Sonoraenequipo.com.mx"},"image":{"@id":"https:\/\/www.sonoraenequipo.com.mx\/#\/schema\/logo\/image\/"},"sameAs":["https:\/\/www.facebook.com\/SonoraEE\/","https:\/\/x.com\/sonoraenequipo","https:\/\/www.youtube.com\/channel\/UC338nW-lPEYmJQs4ZABQ1SQ"]},{"@type":"Person","@id":"https:\/\/www.sonoraenequipo.com.mx\/#\/schema\/person\/50102df0fb23a8fa9e8effad8fa81386","name":"enequipo","image":{"@type":"ImageObject","inLanguage":"es","@id":"https:\/\/www.sonoraenequipo.com.mx\/#\/schema\/person\/image\/","url":"https:\/\/secure.gravatar.com\/avatar\/049821681b589dabc0bc20695993ccebb09f5b5d4d790cd9251b97faac7c652b?s=96&d=blank&r=g","contentUrl":"https:\/\/secure.gravatar.com\/avatar\/049821681b589dabc0bc20695993ccebb09f5b5d4d790cd9251b97faac7c652b?s=96&d=blank&r=g","caption":"enequipo"},"sameAs":["https:\/\/www.facebook.com\/SonoraEE"]}]}},"jetpack_featured_media_url":"https:\/\/www.sonoraenequipo.com.mx\/storage\/2021\/01\/cpa220121.jpg","_links":{"self":[{"href":"https:\/\/www.sonoraenequipo.com.mx\/api\/wp\/v2\/posts\/105249","targetHints":{"allow":["GET"]}}],"collection":[{"href":"https:\/\/www.sonoraenequipo.com.mx\/api\/wp\/v2\/posts"}],"about":[{"href":"https:\/\/www.sonoraenequipo.com.mx\/api\/wp\/v2\/types\/post"}],"author":[{"embeddable":true,"href":"https:\/\/www.sonoraenequipo.com.mx\/api\/wp\/v2\/users\/1"}],"replies":[{"embeddable":true,"href":"https:\/\/www.sonoraenequipo.com.mx\/api\/wp\/v2\/comments?post=105249"}],"version-history":[{"count":1,"href":"https:\/\/www.sonoraenequipo.com.mx\/api\/wp\/v2\/posts\/105249\/revisions"}],"predecessor-version":[{"id":105251,"href":"https:\/\/www.sonoraenequipo.com.mx\/api\/wp\/v2\/posts\/105249\/revisions\/105251"}],"wp:featuredmedia":[{"embeddable":true,"href":"https:\/\/www.sonoraenequipo.com.mx\/api\/wp\/v2\/media\/105250"}],"wp:attachment":[{"href":"https:\/\/www.sonoraenequipo.com.mx\/api\/wp\/v2\/media?parent=105249"}],"wp:term":[{"taxonomy":"category","embeddable":true,"href":"https:\/\/www.sonoraenequipo.com.mx\/api\/wp\/v2\/categories?post=105249"},{"taxonomy":"post_tag","embeddable":true,"href":"https:\/\/www.sonoraenequipo.com.mx\/api\/wp\/v2\/tags?post=105249"}],"curies":[{"name":"wp","href":"https:\/\/api.w.org\/{rel}","templated":true}]}}