{"id":105264,"date":"2021-01-22T20:14:49","date_gmt":"2021-01-23T03:14:49","guid":{"rendered":"https:\/\/www.sonoraenequipo.com.mx\/?p=105264"},"modified":"2021-01-22T20:14:49","modified_gmt":"2021-01-23T03:14:49","slug":"lopez-obrador-y-biden-sostienen-conversacion-telefonica-augura-buenas-relaciones-entre-ambas-naciones","status":"publish","type":"post","link":"https:\/\/www.sonoraenequipo.com.mx\/lopez-obrador-y-biden-sostienen-conversacion-telefonica-augura-buenas-relaciones-entre-ambas-naciones\/","title":{"rendered":"L\u00f3pez Obrador y Biden sostienen conversaci\u00f3n telef\u00f3nica; augura buenas relaciones entre ambas naciones"},"content":{"rendered":"<p>CIUDAD DE M\u00c9XICO. MX. \u2014 Tras una conversaci\u00f3n telef\u00f3nica con su hom\u00f3logo Joe Biden, el presidente Andr\u00e9s Manuel L\u00f3pez Obrador asegur\u00f3 que ser\u00e1n buenas las relaciones entre M\u00e9xico y Estados Unidos en los pr\u00f3ximos cuatro a\u00f1os.<\/p>\n<p>&nbsp;<\/p>\n<p> <\/p>\n<p>&nbsp;<\/p>\n<p>Desde el despacho del ex jefe de la Oficina de la Presidencia de la Rep\u00fablica, Alfonso Romo, en el Club H\u00edpico La Silla, el mandatario mexicano se\u00f1al\u00f3 que se trat\u00f3 de una llamada telef\u00f3nica respetuosa y amable entre ambos.<\/p>\n<p>&nbsp;<\/p>\n<p>Indic\u00f3 que hablaron sobre la reactivaci\u00f3n econ\u00f3mica por el T-MEC, la reforma migratoria en Estados Unidos y los flujos de Centroam\u00e9rica, y la atenci\u00f3n de la pandemia en la frontera com\u00fan.<\/p>\n<p>&nbsp;<\/p>\n<p><em>\u201cConversamos con el presidente Biden, fue amable y respetuoso. Tratamos asuntos relacionados con la migraci\u00f3n, el #COVID19 y la cooperaci\u00f3n para el desarrollo y el bienestar. Todo indica que ser\u00e1n buenas las relaciones por el bien de nuestros pueblos y naciones\u201d,<\/em> indic\u00f3 en su cuenta de Twitter el presidente L\u00f3pez Obrador.<\/p>\n<p>&nbsp;<\/p>\n<p>El jefe del ejecutivo estuvo acompa\u00f1ado por el secretario de Relaciones Exteriores, Marcelo Ebrard, y la traductora Lilia Rubio.<\/p>\n<p>&nbsp;<\/p>\n<p>Adem\u00e1s ambos mandatarios abordaron la cancelaci\u00f3n de la construcci\u00f3n del muro fronterizo, el tr\u00e1fico de armas y el combate a organizaciones criminales transnacionales.<\/p>\n<p><a class=\"twitter-timeline\" data-width=\"640\" data-height=\"960\" data-dnt=\"true\" href=\"https:\/\/twitter.com\/lopezobrador_?ref_src=twsrc%5Etfw\">Tweets by lopezobrador_<\/a><script async src=\"https:\/\/platform.twitter.com\/widgets.js\" charset=\"utf-8\"><\/script><\/p>\n<p>&nbsp;<\/p>\n<p>&nbsp;<\/p>\n<p>(Publicada el 22\/01\/2021 \/ Por Paris Alejandro Salazar)<\/p>\n","protected":false},"excerpt":{"rendered":"<p>CIUDAD DE M\u00c9XICO. MX. \u2014 Tras una conversaci\u00f3n telef\u00f3nica con su hom\u00f3logo Joe Biden, el&#8230;<\/p>\n","protected":false},"author":1,"featured_media":105265,"comment_status":"open","ping_status":"open","sticky":false,"template":"","format":"standard","meta":{"_monsterinsights_skip_tracking":false,"_monsterinsights_sitenote_active":false,"_monsterinsights_sitenote_note":"","_monsterinsights_sitenote_category":0,"footnotes":""},"categories":[5],"tags":[],"class_list":["post"],"yoast_head":" \n<title>Sonora en Equipo. L\u00f3pez Obrador y Biden sostienen conversaci\u00f3n telef\u00f3nica; augura buenas relaciones entre ambas naciones Rep\u00fablica<\/title>\n<meta name=\"description\" content=\"CIUDAD DE M\u00c9XICO. MX. \u2014 Tras una conversaci\u00f3n telef\u00f3nica con su hom\u00f3logo Joe Biden, el presidente Andr\u00e9s Manuel L\u00f3pez Obrador asegur\u00f3 que ser\u00e1n buenas las En Sonora en Equipo publicamos toda la informaci\u00f3n de Sonora, M\u00e9xico y el Mundo de manera oportuna y busca que la libertad de expresi\u00f3n sea real. Visita nuestro medio informativo publicado desde Hermosillo, Sonora. %\" \/>\n<meta name=\"robots\" content=\"index, follow, max-snippet:-1, max-image-preview:large, max-video-preview:-1\" \/>\n<link rel=\"canonical\" href=\"https:\/\/www.sonoraenequipo.com.mx\/lopez-obrador-y-biden-sostienen-conversacion-telefonica-augura-buenas-relaciones-entre-ambas-naciones\/\" \/>\n<meta property=\"og:locale\" content=\"es_ES\" \/>\n<meta property=\"og:type\" content=\"article\" \/>\n<meta property=\"og:title\" content=\"Sonora en Equipo. L\u00f3pez Obrador y Biden sostienen conversaci\u00f3n telef\u00f3nica; augura buenas relaciones entre ambas naciones Rep\u00fablica\" \/>\n<meta property=\"og:description\" content=\"CIUDAD DE M\u00c9XICO. MX. \u2014 Tras una conversaci\u00f3n telef\u00f3nica con su hom\u00f3logo Joe Biden, el presidente Andr\u00e9s Manuel L\u00f3pez Obrador asegur\u00f3 que ser\u00e1n buenas las En Sonora en Equipo publicamos toda la informaci\u00f3n de Sonora, M\u00e9xico y el Mundo de manera oportuna y busca que la libertad de expresi\u00f3n sea real. Visita nuestro medio informativo publicado desde Hermosillo, Sonora. %\" \/>\n<meta property=\"og:url\" content=\"https:\/\/www.sonoraenequipo.com.mx\/lopez-obrador-y-biden-sostienen-conversacion-telefonica-augura-buenas-relaciones-entre-ambas-naciones\/\" \/>\n<meta property=\"og:site_name\" content=\"Sonora en Equipo.\" \/>\n<meta property=\"article:publisher\" content=\"https:\/\/www.facebook.com\/SonoraEE\/\" \/>\n<meta property=\"article:author\" content=\"https:\/\/www.facebook.com\/SonoraEE\" \/>\n<meta property=\"article:published_time\" content=\"2021-01-23T03:14:49+00:00\" \/>\n<meta property=\"og:image\" content=\"https:\/\/www.sonoraenequipo.com.mx\/storage\/2021\/01\/Charla-con-biden_opt.jpg\" \/>\n\t<meta property=\"og:image:width\" content=\"1065\" \/>\n\t<meta property=\"og:image:height\" content=\"600\" \/>\n\t<meta property=\"og:image:type\" content=\"image\/jpeg\" \/>\n<meta name=\"author\" content=\"enequipo\" \/>\n<meta name=\"twitter:card\" content=\"summary_large_image\" \/>\n<meta name=\"twitter:creator\" content=\"@sonoraenequipo\" \/>\n<meta name=\"twitter:site\" content=\"@sonoraenequipo\" \/>\n<meta name=\"twitter:label1\" content=\"Escrito por\" \/>\n\t<meta name=\"twitter:data1\" content=\"enequipo\" \/>\n\t<meta name=\"twitter:label2\" content=\"Tiempo de lectura\" \/>\n\t<meta name=\"twitter:data2\" content=\"1 minuto\" \/>\n<script type=\"application\/ld+json\" class=\"yoast-schema-graph\">{\"@context\":\"https:\/\/schema.org\",\"@graph\":[{\"@type\":\"Article\",\"@id\":\"https:\/\/www.sonoraenequipo.com.mx\/lopez-obrador-y-biden-sostienen-conversacion-telefonica-augura-buenas-relaciones-entre-ambas-naciones\/#article\",\"isPartOf\":{\"@id\":\"https:\/\/www.sonoraenequipo.com.mx\/lopez-obrador-y-biden-sostienen-conversacion-telefonica-augura-buenas-relaciones-entre-ambas-naciones\/\"},\"author\":{\"name\":\"enequipo\",\"@id\":\"https:\/\/www.sonoraenequipo.com.mx\/#\/schema\/person\/50102df0fb23a8fa9e8effad8fa81386\"},\"headline\":\"L\u00f3pez Obrador y Biden sostienen conversaci\u00f3n telef\u00f3nica; augura buenas relaciones entre ambas naciones\",\"datePublished\":\"2021-01-23T03:14:49+00:00\",\"mainEntityOfPage\":{\"@id\":\"https:\/\/www.sonoraenequipo.com.mx\/lopez-obrador-y-biden-sostienen-conversacion-telefonica-augura-buenas-relaciones-entre-ambas-naciones\/\"},\"wordCount\":260,\"commentCount\":0,\"publisher\":{\"@id\":\"https:\/\/www.sonoraenequipo.com.mx\/#organization\"},\"image\":{\"@id\":\"https:\/\/www.sonoraenequipo.com.mx\/lopez-obrador-y-biden-sostienen-conversacion-telefonica-augura-buenas-relaciones-entre-ambas-naciones\/#primaryimage\"},\"thumbnailUrl\":\"https:\/\/www.sonoraenequipo.com.mx\/storage\/2021\/01\/Charla-con-biden_opt.jpg\",\"articleSection\":[\"Rep\u00fablica\"],\"inLanguage\":\"es\",\"potentialAction\":[{\"@type\":\"CommentAction\",\"name\":\"Comment\",\"target\":[\"https:\/\/www.sonoraenequipo.com.mx\/lopez-obrador-y-biden-sostienen-conversacion-telefonica-augura-buenas-relaciones-entre-ambas-naciones\/#respond\"]}]},{\"@type\":\"WebPage\",\"@id\":\"https:\/\/www.sonoraenequipo.com.mx\/lopez-obrador-y-biden-sostienen-conversacion-telefonica-augura-buenas-relaciones-entre-ambas-naciones\/\",\"url\":\"https:\/\/www.sonoraenequipo.com.mx\/lopez-obrador-y-biden-sostienen-conversacion-telefonica-augura-buenas-relaciones-entre-ambas-naciones\/\",\"name\":\"Sonora en Equipo. L\u00f3pez Obrador y Biden sostienen conversaci\u00f3n telef\u00f3nica; augura buenas relaciones entre ambas naciones Rep\u00fablica\",\"isPartOf\":{\"@id\":\"https:\/\/www.sonoraenequipo.com.mx\/#website\"},\"primaryImageOfPage\":{\"@id\":\"https:\/\/www.sonoraenequipo.com.mx\/lopez-obrador-y-biden-sostienen-conversacion-telefonica-augura-buenas-relaciones-entre-ambas-naciones\/#primaryimage\"},\"image\":{\"@id\":\"https:\/\/www.sonoraenequipo.com.mx\/lopez-obrador-y-biden-sostienen-conversacion-telefonica-augura-buenas-relaciones-entre-ambas-naciones\/#primaryimage\"},\"thumbnailUrl\":\"https:\/\/www.sonoraenequipo.com.mx\/storage\/2021\/01\/Charla-con-biden_opt.jpg\",\"datePublished\":\"2021-01-23T03:14:49+00:00\",\"description\":\"CIUDAD DE M\u00c9XICO. MX. \u2014 Tras una conversaci\u00f3n telef\u00f3nica con su hom\u00f3logo Joe Biden, el presidente Andr\u00e9s Manuel L\u00f3pez Obrador asegur\u00f3 que ser\u00e1n buenas las En Sonora en Equipo publicamos toda la informaci\u00f3n de Sonora, M\u00e9xico y el Mundo de manera oportuna y busca que la libertad de expresi\u00f3n sea real. Visita nuestro medio informativo publicado desde Hermosillo, Sonora. %\",\"breadcrumb\":{\"@id\":\"https:\/\/www.sonoraenequipo.com.mx\/lopez-obrador-y-biden-sostienen-conversacion-telefonica-augura-buenas-relaciones-entre-ambas-naciones\/#breadcrumb\"},\"inLanguage\":\"es\",\"potentialAction\":[{\"@type\":\"ReadAction\",\"target\":[\"https:\/\/www.sonoraenequipo.com.mx\/lopez-obrador-y-biden-sostienen-conversacion-telefonica-augura-buenas-relaciones-entre-ambas-naciones\/\"]}]},{\"@type\":\"ImageObject\",\"inLanguage\":\"es\",\"@id\":\"https:\/\/www.sonoraenequipo.com.mx\/lopez-obrador-y-biden-sostienen-conversacion-telefonica-augura-buenas-relaciones-entre-ambas-naciones\/#primaryimage\",\"url\":\"https:\/\/www.sonoraenequipo.com.mx\/storage\/2021\/01\/Charla-con-biden_opt.jpg\",\"contentUrl\":\"https:\/\/www.sonoraenequipo.com.mx\/storage\/2021\/01\/Charla-con-biden_opt.jpg\",\"width\":1065,\"height\":600},{\"@type\":\"BreadcrumbList\",\"@id\":\"https:\/\/www.sonoraenequipo.com.mx\/lopez-obrador-y-biden-sostienen-conversacion-telefonica-augura-buenas-relaciones-entre-ambas-naciones\/#breadcrumb\",\"itemListElement\":[{\"@type\":\"ListItem\",\"position\":1,\"name\":\"Portada\",\"item\":\"https:\/\/www.sonoraenequipo.com.mx\/\"},{\"@type\":\"ListItem\",\"position\":2,\"name\":\"L\u00f3pez Obrador y Biden sostienen conversaci\u00f3n telef\u00f3nica; augura buenas relaciones entre ambas naciones\"}]},{\"@type\":\"WebSite\",\"@id\":\"https:\/\/www.sonoraenequipo.com.mx\/#website\",\"url\":\"https:\/\/www.sonoraenequipo.com.mx\/\",\"name\":\"Sonora en Equipo.\",\"description\":\"Diario en l\u00ednea con Noticias desde Hermosillo, Sonora\",\"publisher\":{\"@id\":\"https:\/\/www.sonoraenequipo.com.mx\/#organization\"},\"potentialAction\":[{\"@type\":\"SearchAction\",\"target\":{\"@type\":\"EntryPoint\",\"urlTemplate\":\"https:\/\/www.sonoraenequipo.com.mx\/?s={search_term_string}\"},\"query-input\":{\"@type\":\"PropertyValueSpecification\",\"valueRequired\":true,\"valueName\":\"search_term_string\"}}],\"inLanguage\":\"es\"},{\"@type\":\"Organization\",\"@id\":\"https:\/\/www.sonoraenequipo.com.mx\/#organization\",\"name\":\"Sonoraenequipo.com.mx\",\"url\":\"https:\/\/www.sonoraenequipo.com.mx\/\",\"logo\":{\"@type\":\"ImageObject\",\"inLanguage\":\"es\",\"@id\":\"https:\/\/www.sonoraenequipo.com.mx\/#\/schema\/logo\/image\/\",\"url\":\"https:\/\/www.sonoraenequipo.com.mx\/storage\/2019\/01\/sonoraenequipo_opt.png\",\"contentUrl\":\"https:\/\/www.sonoraenequipo.com.mx\/storage\/2019\/01\/sonoraenequipo_opt.png\",\"width\":375,\"height\":125,\"caption\":\"Sonoraenequipo.com.mx\"},\"image\":{\"@id\":\"https:\/\/www.sonoraenequipo.com.mx\/#\/schema\/logo\/image\/\"},\"sameAs\":[\"https:\/\/www.facebook.com\/SonoraEE\/\",\"https:\/\/x.com\/sonoraenequipo\",\"https:\/\/www.youtube.com\/channel\/UC338nW-lPEYmJQs4ZABQ1SQ\"]},{\"@type\":\"Person\",\"@id\":\"https:\/\/www.sonoraenequipo.com.mx\/#\/schema\/person\/50102df0fb23a8fa9e8effad8fa81386\",\"name\":\"enequipo\",\"image\":{\"@type\":\"ImageObject\",\"inLanguage\":\"es\",\"@id\":\"https:\/\/www.sonoraenequipo.com.mx\/#\/schema\/person\/image\/\",\"url\":\"https:\/\/secure.gravatar.com\/avatar\/049821681b589dabc0bc20695993ccebb09f5b5d4d790cd9251b97faac7c652b?s=96&d=blank&r=g\",\"contentUrl\":\"https:\/\/secure.gravatar.com\/avatar\/049821681b589dabc0bc20695993ccebb09f5b5d4d790cd9251b97faac7c652b?s=96&d=blank&r=g\",\"caption\":\"enequipo\"},\"sameAs\":[\"https:\/\/www.facebook.com\/SonoraEE\"]}]}<\/script>\n ","yoast_head_json":{"title":"Sonora en Equipo. L\u00f3pez Obrador y Biden sostienen conversaci\u00f3n telef\u00f3nica; augura buenas relaciones entre ambas naciones Rep\u00fablica","description":"CIUDAD DE M\u00c9XICO. MX. \u2014 Tras una conversaci\u00f3n telef\u00f3nica con su hom\u00f3logo Joe Biden, el presidente Andr\u00e9s Manuel L\u00f3pez Obrador asegur\u00f3 que ser\u00e1n buenas las En Sonora en Equipo publicamos toda la informaci\u00f3n de Sonora, M\u00e9xico y el Mundo de manera oportuna y busca que la libertad de expresi\u00f3n sea real. Visita nuestro medio informativo publicado desde Hermosillo, Sonora. %","robots":{"index":"index","follow":"follow","max-snippet":"max-snippet:-1","max-image-preview":"max-image-preview:large","max-video-preview":"max-video-preview:-1"},"canonical":"https:\/\/www.sonoraenequipo.com.mx\/lopez-obrador-y-biden-sostienen-conversacion-telefonica-augura-buenas-relaciones-entre-ambas-naciones\/","og_locale":"es_ES","og_type":"article","og_title":"Sonora en Equipo. L\u00f3pez Obrador y Biden sostienen conversaci\u00f3n telef\u00f3nica; augura buenas relaciones entre ambas naciones Rep\u00fablica","og_description":"CIUDAD DE M\u00c9XICO. MX. \u2014 Tras una conversaci\u00f3n telef\u00f3nica con su hom\u00f3logo Joe Biden, el presidente Andr\u00e9s Manuel L\u00f3pez Obrador asegur\u00f3 que ser\u00e1n buenas las En Sonora en Equipo publicamos toda la informaci\u00f3n de Sonora, M\u00e9xico y el Mundo de manera oportuna y busca que la libertad de expresi\u00f3n sea real. Visita nuestro medio informativo publicado desde Hermosillo, Sonora. %","og_url":"https:\/\/www.sonoraenequipo.com.mx\/lopez-obrador-y-biden-sostienen-conversacion-telefonica-augura-buenas-relaciones-entre-ambas-naciones\/","og_site_name":"Sonora en Equipo.","article_publisher":"https:\/\/www.facebook.com\/SonoraEE\/","article_author":"https:\/\/www.facebook.com\/SonoraEE","article_published_time":"2021-01-23T03:14:49+00:00","og_image":[{"width":1065,"height":600,"url":"https:\/\/www.sonoraenequipo.com.mx\/storage\/2021\/01\/Charla-con-biden_opt.jpg","type":"image\/jpeg"}],"author":"enequipo","twitter_card":"summary_large_image","twitter_creator":"@sonoraenequipo","twitter_site":"@sonoraenequipo","twitter_misc":{"Escrito por":"enequipo","Tiempo de lectura":"1 minuto"},"schema":{"@context":"https:\/\/schema.org","@graph":[{"@type":"Article","@id":"https:\/\/www.sonoraenequipo.com.mx\/lopez-obrador-y-biden-sostienen-conversacion-telefonica-augura-buenas-relaciones-entre-ambas-naciones\/#article","isPartOf":{"@id":"https:\/\/www.sonoraenequipo.com.mx\/lopez-obrador-y-biden-sostienen-conversacion-telefonica-augura-buenas-relaciones-entre-ambas-naciones\/"},"author":{"name":"enequipo","@id":"https:\/\/www.sonoraenequipo.com.mx\/#\/schema\/person\/50102df0fb23a8fa9e8effad8fa81386"},"headline":"L\u00f3pez Obrador y Biden sostienen conversaci\u00f3n telef\u00f3nica; augura buenas relaciones entre ambas naciones","datePublished":"2021-01-23T03:14:49+00:00","mainEntityOfPage":{"@id":"https:\/\/www.sonoraenequipo.com.mx\/lopez-obrador-y-biden-sostienen-conversacion-telefonica-augura-buenas-relaciones-entre-ambas-naciones\/"},"wordCount":260,"commentCount":0,"publisher":{"@id":"https:\/\/www.sonoraenequipo.com.mx\/#organization"},"image":{"@id":"https:\/\/www.sonoraenequipo.com.mx\/lopez-obrador-y-biden-sostienen-conversacion-telefonica-augura-buenas-relaciones-entre-ambas-naciones\/#primaryimage"},"thumbnailUrl":"https:\/\/www.sonoraenequipo.com.mx\/storage\/2021\/01\/Charla-con-biden_opt.jpg","articleSection":["Rep\u00fablica"],"inLanguage":"es","potentialAction":[{"@type":"CommentAction","name":"Comment","target":["https:\/\/www.sonoraenequipo.com.mx\/lopez-obrador-y-biden-sostienen-conversacion-telefonica-augura-buenas-relaciones-entre-ambas-naciones\/#respond"]}]},{"@type":"WebPage","@id":"https:\/\/www.sonoraenequipo.com.mx\/lopez-obrador-y-biden-sostienen-conversacion-telefonica-augura-buenas-relaciones-entre-ambas-naciones\/","url":"https:\/\/www.sonoraenequipo.com.mx\/lopez-obrador-y-biden-sostienen-conversacion-telefonica-augura-buenas-relaciones-entre-ambas-naciones\/","name":"Sonora en Equipo. L\u00f3pez Obrador y Biden sostienen conversaci\u00f3n telef\u00f3nica; augura buenas relaciones entre ambas naciones Rep\u00fablica","isPartOf":{"@id":"https:\/\/www.sonoraenequipo.com.mx\/#website"},"primaryImageOfPage":{"@id":"https:\/\/www.sonoraenequipo.com.mx\/lopez-obrador-y-biden-sostienen-conversacion-telefonica-augura-buenas-relaciones-entre-ambas-naciones\/#primaryimage"},"image":{"@id":"https:\/\/www.sonoraenequipo.com.mx\/lopez-obrador-y-biden-sostienen-conversacion-telefonica-augura-buenas-relaciones-entre-ambas-naciones\/#primaryimage"},"thumbnailUrl":"https:\/\/www.sonoraenequipo.com.mx\/storage\/2021\/01\/Charla-con-biden_opt.jpg","datePublished":"2021-01-23T03:14:49+00:00","description":"CIUDAD DE M\u00c9XICO. MX. \u2014 Tras una conversaci\u00f3n telef\u00f3nica con su hom\u00f3logo Joe Biden, el presidente Andr\u00e9s Manuel L\u00f3pez Obrador asegur\u00f3 que ser\u00e1n buenas las En Sonora en Equipo publicamos toda la informaci\u00f3n de Sonora, M\u00e9xico y el Mundo de manera oportuna y busca que la libertad de expresi\u00f3n sea real. Visita nuestro medio informativo publicado desde Hermosillo, Sonora. %","breadcrumb":{"@id":"https:\/\/www.sonoraenequipo.com.mx\/lopez-obrador-y-biden-sostienen-conversacion-telefonica-augura-buenas-relaciones-entre-ambas-naciones\/#breadcrumb"},"inLanguage":"es","potentialAction":[{"@type":"ReadAction","target":["https:\/\/www.sonoraenequipo.com.mx\/lopez-obrador-y-biden-sostienen-conversacion-telefonica-augura-buenas-relaciones-entre-ambas-naciones\/"]}]},{"@type":"ImageObject","inLanguage":"es","@id":"https:\/\/www.sonoraenequipo.com.mx\/lopez-obrador-y-biden-sostienen-conversacion-telefonica-augura-buenas-relaciones-entre-ambas-naciones\/#primaryimage","url":"https:\/\/www.sonoraenequipo.com.mx\/storage\/2021\/01\/Charla-con-biden_opt.jpg","contentUrl":"https:\/\/www.sonoraenequipo.com.mx\/storage\/2021\/01\/Charla-con-biden_opt.jpg","width":1065,"height":600},{"@type":"BreadcrumbList","@id":"https:\/\/www.sonoraenequipo.com.mx\/lopez-obrador-y-biden-sostienen-conversacion-telefonica-augura-buenas-relaciones-entre-ambas-naciones\/#breadcrumb","itemListElement":[{"@type":"ListItem","position":1,"name":"Portada","item":"https:\/\/www.sonoraenequipo.com.mx\/"},{"@type":"ListItem","position":2,"name":"L\u00f3pez Obrador y Biden sostienen conversaci\u00f3n telef\u00f3nica; augura buenas relaciones entre ambas naciones"}]},{"@type":"WebSite","@id":"https:\/\/www.sonoraenequipo.com.mx\/#website","url":"https:\/\/www.sonoraenequipo.com.mx\/","name":"Sonora en Equipo.","description":"Diario en l\u00ednea con Noticias desde Hermosillo, Sonora","publisher":{"@id":"https:\/\/www.sonoraenequipo.com.mx\/#organization"},"potentialAction":[{"@type":"SearchAction","target":{"@type":"EntryPoint","urlTemplate":"https:\/\/www.sonoraenequipo.com.mx\/?s={search_term_string}"},"query-input":{"@type":"PropertyValueSpecification","valueRequired":true,"valueName":"search_term_string"}}],"inLanguage":"es"},{"@type":"Organization","@id":"https:\/\/www.sonoraenequipo.com.mx\/#organization","name":"Sonoraenequipo.com.mx","url":"https:\/\/www.sonoraenequipo.com.mx\/","logo":{"@type":"ImageObject","inLanguage":"es","@id":"https:\/\/www.sonoraenequipo.com.mx\/#\/schema\/logo\/image\/","url":"https:\/\/www.sonoraenequipo.com.mx\/storage\/2019\/01\/sonoraenequipo_opt.png","contentUrl":"https:\/\/www.sonoraenequipo.com.mx\/storage\/2019\/01\/sonoraenequipo_opt.png","width":375,"height":125,"caption":"Sonoraenequipo.com.mx"},"image":{"@id":"https:\/\/www.sonoraenequipo.com.mx\/#\/schema\/logo\/image\/"},"sameAs":["https:\/\/www.facebook.com\/SonoraEE\/","https:\/\/x.com\/sonoraenequipo","https:\/\/www.youtube.com\/channel\/UC338nW-lPEYmJQs4ZABQ1SQ"]},{"@type":"Person","@id":"https:\/\/www.sonoraenequipo.com.mx\/#\/schema\/person\/50102df0fb23a8fa9e8effad8fa81386","name":"enequipo","image":{"@type":"ImageObject","inLanguage":"es","@id":"https:\/\/www.sonoraenequipo.com.mx\/#\/schema\/person\/image\/","url":"https:\/\/secure.gravatar.com\/avatar\/049821681b589dabc0bc20695993ccebb09f5b5d4d790cd9251b97faac7c652b?s=96&d=blank&r=g","contentUrl":"https:\/\/secure.gravatar.com\/avatar\/049821681b589dabc0bc20695993ccebb09f5b5d4d790cd9251b97faac7c652b?s=96&d=blank&r=g","caption":"enequipo"},"sameAs":["https:\/\/www.facebook.com\/SonoraEE"]}]}},"jetpack_featured_media_url":"https:\/\/www.sonoraenequipo.com.mx\/storage\/2021\/01\/Charla-con-biden_opt.jpg","_links":{"self":[{"href":"https:\/\/www.sonoraenequipo.com.mx\/api\/wp\/v2\/posts\/105264","targetHints":{"allow":["GET"]}}],"collection":[{"href":"https:\/\/www.sonoraenequipo.com.mx\/api\/wp\/v2\/posts"}],"about":[{"href":"https:\/\/www.sonoraenequipo.com.mx\/api\/wp\/v2\/types\/post"}],"author":[{"embeddable":true,"href":"https:\/\/www.sonoraenequipo.com.mx\/api\/wp\/v2\/users\/1"}],"replies":[{"embeddable":true,"href":"https:\/\/www.sonoraenequipo.com.mx\/api\/wp\/v2\/comments?post=105264"}],"version-history":[{"count":1,"href":"https:\/\/www.sonoraenequipo.com.mx\/api\/wp\/v2\/posts\/105264\/revisions"}],"predecessor-version":[{"id":105266,"href":"https:\/\/www.sonoraenequipo.com.mx\/api\/wp\/v2\/posts\/105264\/revisions\/105266"}],"wp:featuredmedia":[{"embeddable":true,"href":"https:\/\/www.sonoraenequipo.com.mx\/api\/wp\/v2\/media\/105265"}],"wp:attachment":[{"href":"https:\/\/www.sonoraenequipo.com.mx\/api\/wp\/v2\/media?parent=105264"}],"wp:term":[{"taxonomy":"category","embeddable":true,"href":"https:\/\/www.sonoraenequipo.com.mx\/api\/wp\/v2\/categories?post=105264"},{"taxonomy":"post_tag","embeddable":true,"href":"https:\/\/www.sonoraenequipo.com.mx\/api\/wp\/v2\/tags?post=105264"}],"curies":[{"name":"wp","href":"https:\/\/api.w.org\/{rel}","templated":true}]}}