{"id":105272,"date":"2021-01-22T20:47:01","date_gmt":"2021-01-23T03:47:01","guid":{"rendered":"https:\/\/www.sonoraenequipo.com.mx\/?p=105272"},"modified":"2021-01-22T20:47:01","modified_gmt":"2021-01-23T03:47:01","slug":"se-abre-posibilidad-de-que-sonora-adquiera-vacunas-contra-el-covid-19-enrique-clausen","status":"publish","type":"post","link":"https:\/\/www.sonoraenequipo.com.mx\/se-abre-posibilidad-de-que-sonora-adquiera-vacunas-contra-el-covid-19-enrique-clausen\/","title":{"rendered":"Se abre posibilidad de que Sonora adquiera vacunas contra el COVID-19: Enrique Clausen"},"content":{"rendered":"<p>&nbsp;<\/p>\n<h3>&gt;&gt;Se confirman hoy 77 decesos acumulados y 589 nuevos casos de covid<\/h3>\n<p>&nbsp;<\/p>\n<p>Hermosillo, Sonora, enero 22 de 2021. Este d\u00eda se abre una luz en el camino con la apertura del Gobierno Federal para la adquisici\u00f3n de vacunas contra COVID-19 por parte de los estados, pero este proceso apenas empezar\u00e1 por lo que seguir la regla de tres sigue siendo la mejor prevenci\u00f3n, enfatiz\u00f3 Enrique Clausen Iberri<\/p>\n<p>&nbsp;<\/p>\n<p>Tras informarse que este d\u00eda se confirmaron 77 fallecimientos por la enfermedad en la entidad, 52 de ellos correspondientes a este viernes y 25 acumulados de d\u00edas anteriores y confirmarse 589 nuevos casos de la enfermedad, el secretario de Salud indic\u00f3 que en Sonora se viven momentos dif\u00edciles, a\u00fan con la esperanza que se abri\u00f3 con el anuncio del gobierno federal de que los estados podr\u00e1n adquirir vacunas para agilizar la campa\u00f1a de vacunaci\u00f3n contra el COVID-19.<\/p>\n<p>&nbsp;<\/p>\n<p>\u201cEl d\u00eda de hoy ya hemos firmado cartas de inter\u00e9s y de intenci\u00f3n para dos importantes farmac\u00e9uticas y que en las investigaciones que hemos hecho, las vacunas que producen tienen una efectividad de m\u00e1s del 90%. Estas cartas es para la adquisici\u00f3n de la Vacuna de Astra Zeneca y para la adquisici\u00f3n de la vacuna Sputnik V. Ser\u00eda irresponsable de mi parte darte una fecha exacta, en realidad, no creo que ning\u00fan estado la tenga de cu\u00e1ndo se recibir\u00edan \u00e9stas. En los siguientes d\u00edas seguiremos explorando las mejores opciones en cuanto a precio y tiempos de entrega.\u201d, afirm\u00f3.<\/p>\n<p>&nbsp;<\/p>\n<p>Este viernes, 25 pacientes fueron dados de alta; hasta el momento 51 mil 108 personas se han recuperado en la entidad; tambi\u00e9n se confirmaron 77 decesos en 43 hombres y 34 mujeres, 26 de ellos residentes de Hermosillo; 26 de Cajeme; seis de Nogales; seis de Guaymas; tres de \u00c1lamos; dos de Caborca; uno de Etchojoa; uno de Cananea; uno de Empalme; uno de Puerto Pe\u00f1asco; uno de Navojoa; uno de Huatabampo; uno de B\u00e1cum y uno de Agua Prieta, 54 de las personas fallecidas eran derechohabientes del IMSS; 18 de la Secretar\u00eda de Salud; cuatro del Isssteson y uno del Issste, acumul\u00e1ndose 4 mil 737 defunciones.<\/p>\n<p>&nbsp;<\/p>\n<p>Este d\u00eda, se registraron 589 nuevos casos por COVID, en 299 mujeres y 290 hombres, para un total de 58 mil 672 casos en la entidad, 219 de los nuevos casos en residentes de Hermosillo; 196 de Cajeme; 52 de Navojoa; 15 de Nogales; 12 de Arizpe; 12 de San Luis R\u00edo Colorado; 12 de Guaymas; 10 de Caborca; 10 de Empalme; nueve de Huatabampo.<\/p>\n<p>&nbsp;<\/p>\n<p>Adem\u00e1s, ocho de B\u00e1cum; siete de Sahuaripa; cinco de \u00c1lamos; tres de Ures; tres de Etchojoa; tres de Agua Prieta; uno de Tepache; uno de Ray\u00f3n; uno de Bacer\u00e1c; uno de Opodepe; uno de Cananea; uno de Benito Ju\u00e1rez; uno de Moctezuma; uno de Santa Ana; uno de Cumpas; uno de Bacadehuachi; uno de Arivechi; uno de Granados y uno de Puerto Pe\u00f1asco.<\/p>\n<p>&nbsp;<\/p>\n<p>Hoy se confirmaron nueve casos pedi\u00e1tricos, en cinco ni\u00f1os y cuatro ni\u00f1as, acumul\u00e1ndose mil 044 casos en total; se confirm\u00f3 un caso en una mujer embarazada, para un total de 421; 28 de los 589 casos ocurrieron en trabajadores de la salud de diversas instituciones.<\/p>\n<p>&nbsp;<\/p>\n<p>Al momento, se han realizado 106 mil 845 pruebas; se han confirmado 58 mil 672 casos y se han descartado 48 mil 173; 11 mil 902 casos con cuadros leves; dos mil 291 activos y nueve mil 611 concluyeron su seguimiento; 41 mil 497 pacientes se han curado y 536 pacientes se encuentran hospitalizados, 204 de ellos estables, 232 graves y 100 cr\u00edticos.<\/p>\n<p>&nbsp;<\/p>\n<p>La Secretar\u00eda de Salud llam\u00f3 a la poblaci\u00f3n a actuar como si estuviera Sonora en rojo en el sem\u00e1foro epidemiol\u00f3gico nacional, y tomar una actitud preventiva.<\/p>\n<p>&nbsp;<\/p>\n<p>Casos COVID-19 en Sonora 58,672 casos confirmados y 4,737 defunciones<\/p>\n<p>&nbsp;<\/p>\n<p>Defunciones registradas el 22 de enero 2021: 77<\/p>\n<p>Fecha de publicaci\u00f3n 22\/ene\/2021<\/p>\n","protected":false},"excerpt":{"rendered":"<p>&nbsp; &gt;&gt;Se confirman hoy 77 decesos acumulados y 589 nuevos casos de covid &nbsp; Hermosillo,&#8230;<\/p>\n","protected":false},"author":1,"featured_media":100433,"comment_status":"open","ping_status":"open","sticky":false,"template":"","format":"standard","meta":{"_monsterinsights_skip_tracking":false,"_monsterinsights_sitenote_active":false,"_monsterinsights_sitenote_note":"","_monsterinsights_sitenote_category":0,"footnotes":""},"categories":[22],"tags":[4249,15],"class_list":["post"],"yoast_head":" \n<title>Sonora en Equipo. Se abre posibilidad de que Sonora adquiera vacunas contra el COVID-19: Enrique Clausen Sonora<\/title>\n<meta name=\"description\" content=\"&nbsp; &gt;&gt;Se confirman hoy 77 decesos acumulados y 589 nuevos casos de covid &nbsp; Hermosillo, Sonora, enero 22 de 2021. Este d\u00eda se abre una luz en En Sonora en Equipo publicamos toda la informaci\u00f3n de Sonora, M\u00e9xico y el Mundo de manera oportuna y busca que la libertad de expresi\u00f3n sea real. Visita nuestro medio informativo publicado desde Hermosillo, Sonora. %\" \/>\n<meta name=\"robots\" content=\"index, follow, max-snippet:-1, max-image-preview:large, max-video-preview:-1\" \/>\n<link rel=\"canonical\" href=\"https:\/\/www.sonoraenequipo.com.mx\/se-abre-posibilidad-de-que-sonora-adquiera-vacunas-contra-el-covid-19-enrique-clausen\/\" \/>\n<meta property=\"og:locale\" content=\"es_ES\" \/>\n<meta property=\"og:type\" content=\"article\" \/>\n<meta property=\"og:title\" content=\"Sonora en Equipo. Se abre posibilidad de que Sonora adquiera vacunas contra el COVID-19: Enrique Clausen Sonora\" \/>\n<meta property=\"og:description\" content=\"&nbsp; &gt;&gt;Se confirman hoy 77 decesos acumulados y 589 nuevos casos de covid &nbsp; Hermosillo, Sonora, enero 22 de 2021. Este d\u00eda se abre una luz en En Sonora en Equipo publicamos toda la informaci\u00f3n de Sonora, M\u00e9xico y el Mundo de manera oportuna y busca que la libertad de expresi\u00f3n sea real. Visita nuestro medio informativo publicado desde Hermosillo, Sonora. %\" \/>\n<meta property=\"og:url\" content=\"https:\/\/www.sonoraenequipo.com.mx\/se-abre-posibilidad-de-que-sonora-adquiera-vacunas-contra-el-covid-19-enrique-clausen\/\" \/>\n<meta property=\"og:site_name\" content=\"Sonora en Equipo.\" \/>\n<meta property=\"article:publisher\" content=\"https:\/\/www.facebook.com\/SonoraEE\/\" \/>\n<meta property=\"article:author\" content=\"https:\/\/www.facebook.com\/SonoraEE\" \/>\n<meta property=\"article:published_time\" content=\"2021-01-23T03:47:01+00:00\" \/>\n<meta property=\"og:image\" content=\"https:\/\/www.sonoraenequipo.com.mx\/storage\/2020\/11\/enrique-clausen_opt.jpg\" \/>\n\t<meta property=\"og:image:width\" content=\"790\" \/>\n\t<meta property=\"og:image:height\" content=\"400\" \/>\n\t<meta property=\"og:image:type\" content=\"image\/jpeg\" \/>\n<meta name=\"author\" content=\"enequipo\" \/>\n<meta name=\"twitter:card\" content=\"summary_large_image\" \/>\n<meta name=\"twitter:creator\" content=\"@sonoraenequipo\" \/>\n<meta name=\"twitter:site\" content=\"@sonoraenequipo\" \/>\n<meta name=\"twitter:label1\" content=\"Escrito por\" \/>\n\t<meta name=\"twitter:data1\" content=\"enequipo\" \/>\n\t<meta name=\"twitter:label2\" content=\"Tiempo de lectura\" \/>\n\t<meta name=\"twitter:data2\" content=\"3 minutos\" \/>\n<script type=\"application\/ld+json\" class=\"yoast-schema-graph\">{\"@context\":\"https:\/\/schema.org\",\"@graph\":[{\"@type\":\"Article\",\"@id\":\"https:\/\/www.sonoraenequipo.com.mx\/se-abre-posibilidad-de-que-sonora-adquiera-vacunas-contra-el-covid-19-enrique-clausen\/#article\",\"isPartOf\":{\"@id\":\"https:\/\/www.sonoraenequipo.com.mx\/se-abre-posibilidad-de-que-sonora-adquiera-vacunas-contra-el-covid-19-enrique-clausen\/\"},\"author\":{\"name\":\"enequipo\",\"@id\":\"https:\/\/www.sonoraenequipo.com.mx\/#\/schema\/person\/50102df0fb23a8fa9e8effad8fa81386\"},\"headline\":\"Se abre posibilidad de que Sonora adquiera vacunas contra el COVID-19: Enrique Clausen\",\"datePublished\":\"2021-01-23T03:47:01+00:00\",\"mainEntityOfPage\":{\"@id\":\"https:\/\/www.sonoraenequipo.com.mx\/se-abre-posibilidad-de-que-sonora-adquiera-vacunas-contra-el-covid-19-enrique-clausen\/\"},\"wordCount\":645,\"commentCount\":0,\"publisher\":{\"@id\":\"https:\/\/www.sonoraenequipo.com.mx\/#organization\"},\"image\":{\"@id\":\"https:\/\/www.sonoraenequipo.com.mx\/se-abre-posibilidad-de-que-sonora-adquiera-vacunas-contra-el-covid-19-enrique-clausen\/#primaryimage\"},\"thumbnailUrl\":\"https:\/\/www.sonoraenequipo.com.mx\/storage\/2020\/11\/enrique-clausen_opt.jpg\",\"keywords\":[\"covid\",\"Sonora\"],\"articleSection\":[\"Sonora\"],\"inLanguage\":\"es\",\"potentialAction\":[{\"@type\":\"CommentAction\",\"name\":\"Comment\",\"target\":[\"https:\/\/www.sonoraenequipo.com.mx\/se-abre-posibilidad-de-que-sonora-adquiera-vacunas-contra-el-covid-19-enrique-clausen\/#respond\"]}]},{\"@type\":\"WebPage\",\"@id\":\"https:\/\/www.sonoraenequipo.com.mx\/se-abre-posibilidad-de-que-sonora-adquiera-vacunas-contra-el-covid-19-enrique-clausen\/\",\"url\":\"https:\/\/www.sonoraenequipo.com.mx\/se-abre-posibilidad-de-que-sonora-adquiera-vacunas-contra-el-covid-19-enrique-clausen\/\",\"name\":\"Sonora en Equipo. Se abre posibilidad de que Sonora adquiera vacunas contra el COVID-19: Enrique Clausen Sonora\",\"isPartOf\":{\"@id\":\"https:\/\/www.sonoraenequipo.com.mx\/#website\"},\"primaryImageOfPage\":{\"@id\":\"https:\/\/www.sonoraenequipo.com.mx\/se-abre-posibilidad-de-que-sonora-adquiera-vacunas-contra-el-covid-19-enrique-clausen\/#primaryimage\"},\"image\":{\"@id\":\"https:\/\/www.sonoraenequipo.com.mx\/se-abre-posibilidad-de-que-sonora-adquiera-vacunas-contra-el-covid-19-enrique-clausen\/#primaryimage\"},\"thumbnailUrl\":\"https:\/\/www.sonoraenequipo.com.mx\/storage\/2020\/11\/enrique-clausen_opt.jpg\",\"datePublished\":\"2021-01-23T03:47:01+00:00\",\"description\":\"&nbsp; &gt;&gt;Se confirman hoy 77 decesos acumulados y 589 nuevos casos de covid &nbsp; Hermosillo, Sonora, enero 22 de 2021. Este d\u00eda se abre una luz en En Sonora en Equipo publicamos toda la informaci\u00f3n de Sonora, M\u00e9xico y el Mundo de manera oportuna y busca que la libertad de expresi\u00f3n sea real. Visita nuestro medio informativo publicado desde Hermosillo, Sonora. %\",\"breadcrumb\":{\"@id\":\"https:\/\/www.sonoraenequipo.com.mx\/se-abre-posibilidad-de-que-sonora-adquiera-vacunas-contra-el-covid-19-enrique-clausen\/#breadcrumb\"},\"inLanguage\":\"es\",\"potentialAction\":[{\"@type\":\"ReadAction\",\"target\":[\"https:\/\/www.sonoraenequipo.com.mx\/se-abre-posibilidad-de-que-sonora-adquiera-vacunas-contra-el-covid-19-enrique-clausen\/\"]}]},{\"@type\":\"ImageObject\",\"inLanguage\":\"es\",\"@id\":\"https:\/\/www.sonoraenequipo.com.mx\/se-abre-posibilidad-de-que-sonora-adquiera-vacunas-contra-el-covid-19-enrique-clausen\/#primaryimage\",\"url\":\"https:\/\/www.sonoraenequipo.com.mx\/storage\/2020\/11\/enrique-clausen_opt.jpg\",\"contentUrl\":\"https:\/\/www.sonoraenequipo.com.mx\/storage\/2020\/11\/enrique-clausen_opt.jpg\",\"width\":790,\"height\":400},{\"@type\":\"BreadcrumbList\",\"@id\":\"https:\/\/www.sonoraenequipo.com.mx\/se-abre-posibilidad-de-que-sonora-adquiera-vacunas-contra-el-covid-19-enrique-clausen\/#breadcrumb\",\"itemListElement\":[{\"@type\":\"ListItem\",\"position\":1,\"name\":\"Portada\",\"item\":\"https:\/\/www.sonoraenequipo.com.mx\/\"},{\"@type\":\"ListItem\",\"position\":2,\"name\":\"Se abre posibilidad de que Sonora adquiera vacunas contra el COVID-19: Enrique Clausen\"}]},{\"@type\":\"WebSite\",\"@id\":\"https:\/\/www.sonoraenequipo.com.mx\/#website\",\"url\":\"https:\/\/www.sonoraenequipo.com.mx\/\",\"name\":\"Sonora en Equipo.\",\"description\":\"Diario en l\u00ednea con Noticias desde Hermosillo, Sonora\",\"publisher\":{\"@id\":\"https:\/\/www.sonoraenequipo.com.mx\/#organization\"},\"potentialAction\":[{\"@type\":\"SearchAction\",\"target\":{\"@type\":\"EntryPoint\",\"urlTemplate\":\"https:\/\/www.sonoraenequipo.com.mx\/?s={search_term_string}\"},\"query-input\":{\"@type\":\"PropertyValueSpecification\",\"valueRequired\":true,\"valueName\":\"search_term_string\"}}],\"inLanguage\":\"es\"},{\"@type\":\"Organization\",\"@id\":\"https:\/\/www.sonoraenequipo.com.mx\/#organization\",\"name\":\"Sonoraenequipo.com.mx\",\"url\":\"https:\/\/www.sonoraenequipo.com.mx\/\",\"logo\":{\"@type\":\"ImageObject\",\"inLanguage\":\"es\",\"@id\":\"https:\/\/www.sonoraenequipo.com.mx\/#\/schema\/logo\/image\/\",\"url\":\"https:\/\/www.sonoraenequipo.com.mx\/storage\/2019\/01\/sonoraenequipo_opt.png\",\"contentUrl\":\"https:\/\/www.sonoraenequipo.com.mx\/storage\/2019\/01\/sonoraenequipo_opt.png\",\"width\":375,\"height\":125,\"caption\":\"Sonoraenequipo.com.mx\"},\"image\":{\"@id\":\"https:\/\/www.sonoraenequipo.com.mx\/#\/schema\/logo\/image\/\"},\"sameAs\":[\"https:\/\/www.facebook.com\/SonoraEE\/\",\"https:\/\/x.com\/sonoraenequipo\",\"https:\/\/www.youtube.com\/channel\/UC338nW-lPEYmJQs4ZABQ1SQ\"]},{\"@type\":\"Person\",\"@id\":\"https:\/\/www.sonoraenequipo.com.mx\/#\/schema\/person\/50102df0fb23a8fa9e8effad8fa81386\",\"name\":\"enequipo\",\"image\":{\"@type\":\"ImageObject\",\"inLanguage\":\"es\",\"@id\":\"https:\/\/www.sonoraenequipo.com.mx\/#\/schema\/person\/image\/\",\"url\":\"https:\/\/secure.gravatar.com\/avatar\/049821681b589dabc0bc20695993ccebb09f5b5d4d790cd9251b97faac7c652b?s=96&d=blank&r=g\",\"contentUrl\":\"https:\/\/secure.gravatar.com\/avatar\/049821681b589dabc0bc20695993ccebb09f5b5d4d790cd9251b97faac7c652b?s=96&d=blank&r=g\",\"caption\":\"enequipo\"},\"sameAs\":[\"https:\/\/www.facebook.com\/SonoraEE\"]}]}<\/script>\n ","yoast_head_json":{"title":"Sonora en Equipo. Se abre posibilidad de que Sonora adquiera vacunas contra el COVID-19: Enrique Clausen Sonora","description":"&nbsp; &gt;&gt;Se confirman hoy 77 decesos acumulados y 589 nuevos casos de covid &nbsp; Hermosillo, Sonora, enero 22 de 2021. Este d\u00eda se abre una luz en En Sonora en Equipo publicamos toda la informaci\u00f3n de Sonora, M\u00e9xico y el Mundo de manera oportuna y busca que la libertad de expresi\u00f3n sea real. Visita nuestro medio informativo publicado desde Hermosillo, Sonora. %","robots":{"index":"index","follow":"follow","max-snippet":"max-snippet:-1","max-image-preview":"max-image-preview:large","max-video-preview":"max-video-preview:-1"},"canonical":"https:\/\/www.sonoraenequipo.com.mx\/se-abre-posibilidad-de-que-sonora-adquiera-vacunas-contra-el-covid-19-enrique-clausen\/","og_locale":"es_ES","og_type":"article","og_title":"Sonora en Equipo. Se abre posibilidad de que Sonora adquiera vacunas contra el COVID-19: Enrique Clausen Sonora","og_description":"&nbsp; &gt;&gt;Se confirman hoy 77 decesos acumulados y 589 nuevos casos de covid &nbsp; Hermosillo, Sonora, enero 22 de 2021. Este d\u00eda se abre una luz en En Sonora en Equipo publicamos toda la informaci\u00f3n de Sonora, M\u00e9xico y el Mundo de manera oportuna y busca que la libertad de expresi\u00f3n sea real. Visita nuestro medio informativo publicado desde Hermosillo, Sonora. %","og_url":"https:\/\/www.sonoraenequipo.com.mx\/se-abre-posibilidad-de-que-sonora-adquiera-vacunas-contra-el-covid-19-enrique-clausen\/","og_site_name":"Sonora en Equipo.","article_publisher":"https:\/\/www.facebook.com\/SonoraEE\/","article_author":"https:\/\/www.facebook.com\/SonoraEE","article_published_time":"2021-01-23T03:47:01+00:00","og_image":[{"width":790,"height":400,"url":"https:\/\/www.sonoraenequipo.com.mx\/storage\/2020\/11\/enrique-clausen_opt.jpg","type":"image\/jpeg"}],"author":"enequipo","twitter_card":"summary_large_image","twitter_creator":"@sonoraenequipo","twitter_site":"@sonoraenequipo","twitter_misc":{"Escrito por":"enequipo","Tiempo de lectura":"3 minutos"},"schema":{"@context":"https:\/\/schema.org","@graph":[{"@type":"Article","@id":"https:\/\/www.sonoraenequipo.com.mx\/se-abre-posibilidad-de-que-sonora-adquiera-vacunas-contra-el-covid-19-enrique-clausen\/#article","isPartOf":{"@id":"https:\/\/www.sonoraenequipo.com.mx\/se-abre-posibilidad-de-que-sonora-adquiera-vacunas-contra-el-covid-19-enrique-clausen\/"},"author":{"name":"enequipo","@id":"https:\/\/www.sonoraenequipo.com.mx\/#\/schema\/person\/50102df0fb23a8fa9e8effad8fa81386"},"headline":"Se abre posibilidad de que Sonora adquiera vacunas contra el COVID-19: Enrique Clausen","datePublished":"2021-01-23T03:47:01+00:00","mainEntityOfPage":{"@id":"https:\/\/www.sonoraenequipo.com.mx\/se-abre-posibilidad-de-que-sonora-adquiera-vacunas-contra-el-covid-19-enrique-clausen\/"},"wordCount":645,"commentCount":0,"publisher":{"@id":"https:\/\/www.sonoraenequipo.com.mx\/#organization"},"image":{"@id":"https:\/\/www.sonoraenequipo.com.mx\/se-abre-posibilidad-de-que-sonora-adquiera-vacunas-contra-el-covid-19-enrique-clausen\/#primaryimage"},"thumbnailUrl":"https:\/\/www.sonoraenequipo.com.mx\/storage\/2020\/11\/enrique-clausen_opt.jpg","keywords":["covid","Sonora"],"articleSection":["Sonora"],"inLanguage":"es","potentialAction":[{"@type":"CommentAction","name":"Comment","target":["https:\/\/www.sonoraenequipo.com.mx\/se-abre-posibilidad-de-que-sonora-adquiera-vacunas-contra-el-covid-19-enrique-clausen\/#respond"]}]},{"@type":"WebPage","@id":"https:\/\/www.sonoraenequipo.com.mx\/se-abre-posibilidad-de-que-sonora-adquiera-vacunas-contra-el-covid-19-enrique-clausen\/","url":"https:\/\/www.sonoraenequipo.com.mx\/se-abre-posibilidad-de-que-sonora-adquiera-vacunas-contra-el-covid-19-enrique-clausen\/","name":"Sonora en Equipo. Se abre posibilidad de que Sonora adquiera vacunas contra el COVID-19: Enrique Clausen Sonora","isPartOf":{"@id":"https:\/\/www.sonoraenequipo.com.mx\/#website"},"primaryImageOfPage":{"@id":"https:\/\/www.sonoraenequipo.com.mx\/se-abre-posibilidad-de-que-sonora-adquiera-vacunas-contra-el-covid-19-enrique-clausen\/#primaryimage"},"image":{"@id":"https:\/\/www.sonoraenequipo.com.mx\/se-abre-posibilidad-de-que-sonora-adquiera-vacunas-contra-el-covid-19-enrique-clausen\/#primaryimage"},"thumbnailUrl":"https:\/\/www.sonoraenequipo.com.mx\/storage\/2020\/11\/enrique-clausen_opt.jpg","datePublished":"2021-01-23T03:47:01+00:00","description":"&nbsp; &gt;&gt;Se confirman hoy 77 decesos acumulados y 589 nuevos casos de covid &nbsp; Hermosillo, Sonora, enero 22 de 2021. Este d\u00eda se abre una luz en En Sonora en Equipo publicamos toda la informaci\u00f3n de Sonora, M\u00e9xico y el Mundo de manera oportuna y busca que la libertad de expresi\u00f3n sea real. Visita nuestro medio informativo publicado desde Hermosillo, Sonora. %","breadcrumb":{"@id":"https:\/\/www.sonoraenequipo.com.mx\/se-abre-posibilidad-de-que-sonora-adquiera-vacunas-contra-el-covid-19-enrique-clausen\/#breadcrumb"},"inLanguage":"es","potentialAction":[{"@type":"ReadAction","target":["https:\/\/www.sonoraenequipo.com.mx\/se-abre-posibilidad-de-que-sonora-adquiera-vacunas-contra-el-covid-19-enrique-clausen\/"]}]},{"@type":"ImageObject","inLanguage":"es","@id":"https:\/\/www.sonoraenequipo.com.mx\/se-abre-posibilidad-de-que-sonora-adquiera-vacunas-contra-el-covid-19-enrique-clausen\/#primaryimage","url":"https:\/\/www.sonoraenequipo.com.mx\/storage\/2020\/11\/enrique-clausen_opt.jpg","contentUrl":"https:\/\/www.sonoraenequipo.com.mx\/storage\/2020\/11\/enrique-clausen_opt.jpg","width":790,"height":400},{"@type":"BreadcrumbList","@id":"https:\/\/www.sonoraenequipo.com.mx\/se-abre-posibilidad-de-que-sonora-adquiera-vacunas-contra-el-covid-19-enrique-clausen\/#breadcrumb","itemListElement":[{"@type":"ListItem","position":1,"name":"Portada","item":"https:\/\/www.sonoraenequipo.com.mx\/"},{"@type":"ListItem","position":2,"name":"Se abre posibilidad de que Sonora adquiera vacunas contra el COVID-19: Enrique Clausen"}]},{"@type":"WebSite","@id":"https:\/\/www.sonoraenequipo.com.mx\/#website","url":"https:\/\/www.sonoraenequipo.com.mx\/","name":"Sonora en Equipo.","description":"Diario en l\u00ednea con Noticias desde Hermosillo, Sonora","publisher":{"@id":"https:\/\/www.sonoraenequipo.com.mx\/#organization"},"potentialAction":[{"@type":"SearchAction","target":{"@type":"EntryPoint","urlTemplate":"https:\/\/www.sonoraenequipo.com.mx\/?s={search_term_string}"},"query-input":{"@type":"PropertyValueSpecification","valueRequired":true,"valueName":"search_term_string"}}],"inLanguage":"es"},{"@type":"Organization","@id":"https:\/\/www.sonoraenequipo.com.mx\/#organization","name":"Sonoraenequipo.com.mx","url":"https:\/\/www.sonoraenequipo.com.mx\/","logo":{"@type":"ImageObject","inLanguage":"es","@id":"https:\/\/www.sonoraenequipo.com.mx\/#\/schema\/logo\/image\/","url":"https:\/\/www.sonoraenequipo.com.mx\/storage\/2019\/01\/sonoraenequipo_opt.png","contentUrl":"https:\/\/www.sonoraenequipo.com.mx\/storage\/2019\/01\/sonoraenequipo_opt.png","width":375,"height":125,"caption":"Sonoraenequipo.com.mx"},"image":{"@id":"https:\/\/www.sonoraenequipo.com.mx\/#\/schema\/logo\/image\/"},"sameAs":["https:\/\/www.facebook.com\/SonoraEE\/","https:\/\/x.com\/sonoraenequipo","https:\/\/www.youtube.com\/channel\/UC338nW-lPEYmJQs4ZABQ1SQ"]},{"@type":"Person","@id":"https:\/\/www.sonoraenequipo.com.mx\/#\/schema\/person\/50102df0fb23a8fa9e8effad8fa81386","name":"enequipo","image":{"@type":"ImageObject","inLanguage":"es","@id":"https:\/\/www.sonoraenequipo.com.mx\/#\/schema\/person\/image\/","url":"https:\/\/secure.gravatar.com\/avatar\/049821681b589dabc0bc20695993ccebb09f5b5d4d790cd9251b97faac7c652b?s=96&d=blank&r=g","contentUrl":"https:\/\/secure.gravatar.com\/avatar\/049821681b589dabc0bc20695993ccebb09f5b5d4d790cd9251b97faac7c652b?s=96&d=blank&r=g","caption":"enequipo"},"sameAs":["https:\/\/www.facebook.com\/SonoraEE"]}]}},"jetpack_featured_media_url":"https:\/\/www.sonoraenequipo.com.mx\/storage\/2020\/11\/enrique-clausen_opt.jpg","_links":{"self":[{"href":"https:\/\/www.sonoraenequipo.com.mx\/api\/wp\/v2\/posts\/105272","targetHints":{"allow":["GET"]}}],"collection":[{"href":"https:\/\/www.sonoraenequipo.com.mx\/api\/wp\/v2\/posts"}],"about":[{"href":"https:\/\/www.sonoraenequipo.com.mx\/api\/wp\/v2\/types\/post"}],"author":[{"embeddable":true,"href":"https:\/\/www.sonoraenequipo.com.mx\/api\/wp\/v2\/users\/1"}],"replies":[{"embeddable":true,"href":"https:\/\/www.sonoraenequipo.com.mx\/api\/wp\/v2\/comments?post=105272"}],"version-history":[{"count":1,"href":"https:\/\/www.sonoraenequipo.com.mx\/api\/wp\/v2\/posts\/105272\/revisions"}],"predecessor-version":[{"id":105273,"href":"https:\/\/www.sonoraenequipo.com.mx\/api\/wp\/v2\/posts\/105272\/revisions\/105273"}],"wp:featuredmedia":[{"embeddable":true,"href":"https:\/\/www.sonoraenequipo.com.mx\/api\/wp\/v2\/media\/100433"}],"wp:attachment":[{"href":"https:\/\/www.sonoraenequipo.com.mx\/api\/wp\/v2\/media?parent=105272"}],"wp:term":[{"taxonomy":"category","embeddable":true,"href":"https:\/\/www.sonoraenequipo.com.mx\/api\/wp\/v2\/categories?post=105272"},{"taxonomy":"post_tag","embeddable":true,"href":"https:\/\/www.sonoraenequipo.com.mx\/api\/wp\/v2\/tags?post=105272"}],"curies":[{"name":"wp","href":"https:\/\/api.w.org\/{rel}","templated":true}]}}