{"id":105277,"date":"2021-01-23T10:00:04","date_gmt":"2021-01-23T17:00:04","guid":{"rendered":"https:\/\/www.sonoraenequipo.com.mx\/?p=105277"},"modified":"2021-01-23T19:35:51","modified_gmt":"2021-01-24T02:35:51","slug":"disminuyo-3-17-por-ciento-el-servicio-de-transporte-ferroviario-de-carga-por-impacto-de-covid-19","status":"publish","type":"post","link":"https:\/\/www.sonoraenequipo.com.mx\/disminuyo-3-17-por-ciento-el-servicio-de-transporte-ferroviario-de-carga-por-impacto-de-covid-19\/","title":{"rendered":"Disminuy\u00f3 3.17 por ciento el servicio de transporte ferroviario de carga por impacto de covid-19"},"content":{"rendered":"<p>CIUDAD DE M\u00c9XICO.\u2500 En M\u00e9xico se movilizaron por ferrocarril 86 mil 223 millones de toneladas-kil\u00f3metro de carga en 2020, lo que representa una disminuci\u00f3n de 3.17 por ciento respecto a 2019. Dicho decremento destaca el desempe\u00f1o moderado del servicio ferroviario de carga y su fortaleza frente al impacto de la emergencia sanitaria, en comparaci\u00f3n con otros sectores de la econom\u00eda nacional.<\/p>\n<p>&nbsp;<\/p>\n<p>El Pulso del Sector Ferroviario de diciembre 2020, editado por la Agencia Reguladora del Transporte Ferroviario (ARTF), destaca que se mantiene la tendencia al alza en el ferrocarril de carga observada desde el mes de mayo de 2020. Solo en diciembre del a\u00f1o pasado se present\u00f3 un incremento de 0.96 por ciento respecto al mismo mes de 2019, al reportarse el movimiento de 7 mil 353 toneladas-kil\u00f3metro.<\/p>\n<p>&nbsp;<\/p>\n<p>En el tr\u00e1fico internacional se presenta comportamiento similar, durante 2020 se trasladaron 48 mil 423 millones de toneladas-kil\u00f3metro de mercanc\u00edas de importaci\u00f3n y 10 mil 654 millones de toneladas-kil\u00f3metro de productos de exportaci\u00f3n, un total de 59 mil 077 millones de toneladas-kil\u00f3metro, que implic\u00f3 decremento del 1.97 por ciento respecto a 2019.<\/p>\n<p>&nbsp;<\/p>\n<p>Respecto al movimiento intermodal, de la semana 1 a la 52 de 2020, entre los tres concesionarios (Ferromex, Ferrosur y KCSM) que reportan informaci\u00f3n a la Asociaci\u00f3n Americana de Ferrocarriles (AAR, por sus siglas en ingl\u00e9s) movilizaron 806 mil 719 unidades intermodales, esto es un decremento de 11.35 por ciento respecto a 2019. Sin embargo, dentro de las 5 \u00faltimas semanas\u00a0 de 2020 se tuvieron tres semanas consecutivas al alza (semanas 48 a 50).<\/p>\n<p>&nbsp;<\/p>\n<p>En el servicio ferroviario de pasajeros, debido a las restricciones a la movilidad de las personas durante la emergencia sanitaria, se trasladaron un total de 29.66 millones de pasajeros en 2020, de los cuales 29.48 millones corresponden a la modalidad suburbano con una ca\u00edda del 48.40 por ciento respecto a 2019 y 182 mil 552 a otras modalidades con un decremento del 51.58 por ciento respecto a 2019.<\/p>\n<p>&nbsp;<\/p>\n<p>La SCT, a trav\u00e9s de la ARTF, trabaja en la generaci\u00f3n y an\u00e1lisis de informaci\u00f3n con mayor calidad a fin de promover un ferrocarril eficiente y seguro en favor del desarrollo regional y el bienestar de las y los mexicanos.<\/p>\n<p>&nbsp;<\/p>\n<p>El Pulso del Sector Ferroviario Mexicano de diciembre 2020 puede consultarse en la siguiente liga: <a href=\"https:\/\/www.gob.mx\/artf\/documentos\/pulso-del-sector-ferroviario-diciembre-2020\">https:\/\/www.gob.mx\/artf\/documentos\/pulso-del-sector-ferroviario-diciembre-2020<\/a><\/p>\n<p>Fecha de publicaci\u00f3n 23\/ene\/2021<\/p>\n<p>&nbsp;<\/p>\n<p>&nbsp;<\/p>\n","protected":false},"excerpt":{"rendered":"<p>CIUDAD DE M\u00c9XICO.\u2500 En M\u00e9xico se movilizaron por ferrocarril 86 mil 223 millones de toneladas-kil\u00f3metro&#8230;<\/p>\n","protected":false},"author":1,"featured_media":105278,"comment_status":"open","ping_status":"open","sticky":false,"template":"","format":"standard","meta":{"_monsterinsights_skip_tracking":false,"_monsterinsights_sitenote_active":false,"_monsterinsights_sitenote_note":"","_monsterinsights_sitenote_category":0,"footnotes":""},"categories":[5],"tags":[5260],"class_list":["post"],"yoast_head":" \n<title>Sonora en Equipo. Disminuy\u00f3 3.17 por ciento el servicio de transporte ferroviario de carga por impacto de covid-19 Rep\u00fablica<\/title>\n<meta name=\"description\" content=\"CIUDAD DE M\u00c9XICO.\u2500 En M\u00e9xico se movilizaron por ferrocarril 86 mil 223 millones de toneladas-kil\u00f3metro de carga en 2020, lo que representa una disminuci\u00f3n En Sonora en Equipo publicamos toda la informaci\u00f3n de Sonora, M\u00e9xico y el Mundo de manera oportuna y busca que la libertad de expresi\u00f3n sea real. Visita nuestro medio informativo publicado desde Hermosillo, Sonora. %\" \/>\n<meta name=\"robots\" content=\"index, follow, max-snippet:-1, max-image-preview:large, max-video-preview:-1\" \/>\n<link rel=\"canonical\" href=\"https:\/\/www.sonoraenequipo.com.mx\/disminuyo-3-17-por-ciento-el-servicio-de-transporte-ferroviario-de-carga-por-impacto-de-covid-19\/\" \/>\n<meta property=\"og:locale\" content=\"es_ES\" \/>\n<meta property=\"og:type\" content=\"article\" \/>\n<meta property=\"og:title\" content=\"Sonora en Equipo. Disminuy\u00f3 3.17 por ciento el servicio de transporte ferroviario de carga por impacto de covid-19 Rep\u00fablica\" \/>\n<meta property=\"og:description\" content=\"CIUDAD DE M\u00c9XICO.\u2500 En M\u00e9xico se movilizaron por ferrocarril 86 mil 223 millones de toneladas-kil\u00f3metro de carga en 2020, lo que representa una disminuci\u00f3n En Sonora en Equipo publicamos toda la informaci\u00f3n de Sonora, M\u00e9xico y el Mundo de manera oportuna y busca que la libertad de expresi\u00f3n sea real. Visita nuestro medio informativo publicado desde Hermosillo, Sonora. %\" \/>\n<meta property=\"og:url\" content=\"https:\/\/www.sonoraenequipo.com.mx\/disminuyo-3-17-por-ciento-el-servicio-de-transporte-ferroviario-de-carga-por-impacto-de-covid-19\/\" \/>\n<meta property=\"og:site_name\" content=\"Sonora en Equipo.\" \/>\n<meta property=\"article:publisher\" content=\"https:\/\/www.facebook.com\/SonoraEE\/\" \/>\n<meta property=\"article:author\" content=\"https:\/\/www.facebook.com\/SonoraEE\" \/>\n<meta property=\"article:published_time\" content=\"2021-01-23T17:00:04+00:00\" \/>\n<meta property=\"article:modified_time\" content=\"2021-01-24T02:35:51+00:00\" \/>\n<meta property=\"og:image\" content=\"https:\/\/www.sonoraenequipo.com.mx\/storage\/2021\/01\/TREN-CARGA.jpg\" \/>\n\t<meta property=\"og:image:width\" content=\"500\" \/>\n\t<meta property=\"og:image:height\" content=\"263\" \/>\n\t<meta property=\"og:image:type\" content=\"image\/jpeg\" \/>\n<meta name=\"author\" content=\"enequipo\" \/>\n<meta name=\"twitter:card\" content=\"summary_large_image\" \/>\n<meta name=\"twitter:creator\" content=\"@sonoraenequipo\" \/>\n<meta name=\"twitter:site\" content=\"@sonoraenequipo\" \/>\n<meta name=\"twitter:label1\" content=\"Escrito por\" \/>\n\t<meta name=\"twitter:data1\" content=\"enequipo\" \/>\n\t<meta name=\"twitter:label2\" content=\"Tiempo de lectura\" \/>\n\t<meta name=\"twitter:data2\" content=\"2 minutos\" \/>\n<script type=\"application\/ld+json\" class=\"yoast-schema-graph\">{\"@context\":\"https:\/\/schema.org\",\"@graph\":[{\"@type\":\"Article\",\"@id\":\"https:\/\/www.sonoraenequipo.com.mx\/disminuyo-3-17-por-ciento-el-servicio-de-transporte-ferroviario-de-carga-por-impacto-de-covid-19\/#article\",\"isPartOf\":{\"@id\":\"https:\/\/www.sonoraenequipo.com.mx\/disminuyo-3-17-por-ciento-el-servicio-de-transporte-ferroviario-de-carga-por-impacto-de-covid-19\/\"},\"author\":{\"name\":\"enequipo\",\"@id\":\"https:\/\/www.sonoraenequipo.com.mx\/#\/schema\/person\/50102df0fb23a8fa9e8effad8fa81386\"},\"headline\":\"Disminuy\u00f3 3.17 por ciento el servicio de transporte ferroviario de carga por impacto de covid-19\",\"datePublished\":\"2021-01-23T17:00:04+00:00\",\"dateModified\":\"2021-01-24T02:35:51+00:00\",\"mainEntityOfPage\":{\"@id\":\"https:\/\/www.sonoraenequipo.com.mx\/disminuyo-3-17-por-ciento-el-servicio-de-transporte-ferroviario-de-carga-por-impacto-de-covid-19\/\"},\"wordCount\":394,\"commentCount\":0,\"publisher\":{\"@id\":\"https:\/\/www.sonoraenequipo.com.mx\/#organization\"},\"image\":{\"@id\":\"https:\/\/www.sonoraenequipo.com.mx\/disminuyo-3-17-por-ciento-el-servicio-de-transporte-ferroviario-de-carga-por-impacto-de-covid-19\/#primaryimage\"},\"thumbnailUrl\":\"https:\/\/www.sonoraenequipo.com.mx\/storage\/2021\/01\/TREN-CARGA.jpg\",\"keywords\":[\"ECONOMIA MEXICO\"],\"articleSection\":[\"Rep\u00fablica\"],\"inLanguage\":\"es\",\"potentialAction\":[{\"@type\":\"CommentAction\",\"name\":\"Comment\",\"target\":[\"https:\/\/www.sonoraenequipo.com.mx\/disminuyo-3-17-por-ciento-el-servicio-de-transporte-ferroviario-de-carga-por-impacto-de-covid-19\/#respond\"]}]},{\"@type\":\"WebPage\",\"@id\":\"https:\/\/www.sonoraenequipo.com.mx\/disminuyo-3-17-por-ciento-el-servicio-de-transporte-ferroviario-de-carga-por-impacto-de-covid-19\/\",\"url\":\"https:\/\/www.sonoraenequipo.com.mx\/disminuyo-3-17-por-ciento-el-servicio-de-transporte-ferroviario-de-carga-por-impacto-de-covid-19\/\",\"name\":\"Sonora en Equipo. Disminuy\u00f3 3.17 por ciento el servicio de transporte ferroviario de carga por impacto de covid-19 Rep\u00fablica\",\"isPartOf\":{\"@id\":\"https:\/\/www.sonoraenequipo.com.mx\/#website\"},\"primaryImageOfPage\":{\"@id\":\"https:\/\/www.sonoraenequipo.com.mx\/disminuyo-3-17-por-ciento-el-servicio-de-transporte-ferroviario-de-carga-por-impacto-de-covid-19\/#primaryimage\"},\"image\":{\"@id\":\"https:\/\/www.sonoraenequipo.com.mx\/disminuyo-3-17-por-ciento-el-servicio-de-transporte-ferroviario-de-carga-por-impacto-de-covid-19\/#primaryimage\"},\"thumbnailUrl\":\"https:\/\/www.sonoraenequipo.com.mx\/storage\/2021\/01\/TREN-CARGA.jpg\",\"datePublished\":\"2021-01-23T17:00:04+00:00\",\"dateModified\":\"2021-01-24T02:35:51+00:00\",\"description\":\"CIUDAD DE M\u00c9XICO.\u2500 En M\u00e9xico se movilizaron por ferrocarril 86 mil 223 millones de toneladas-kil\u00f3metro de carga en 2020, lo que representa una disminuci\u00f3n En Sonora en Equipo publicamos toda la informaci\u00f3n de Sonora, M\u00e9xico y el Mundo de manera oportuna y busca que la libertad de expresi\u00f3n sea real. Visita nuestro medio informativo publicado desde Hermosillo, Sonora. %\",\"breadcrumb\":{\"@id\":\"https:\/\/www.sonoraenequipo.com.mx\/disminuyo-3-17-por-ciento-el-servicio-de-transporte-ferroviario-de-carga-por-impacto-de-covid-19\/#breadcrumb\"},\"inLanguage\":\"es\",\"potentialAction\":[{\"@type\":\"ReadAction\",\"target\":[\"https:\/\/www.sonoraenequipo.com.mx\/disminuyo-3-17-por-ciento-el-servicio-de-transporte-ferroviario-de-carga-por-impacto-de-covid-19\/\"]}]},{\"@type\":\"ImageObject\",\"inLanguage\":\"es\",\"@id\":\"https:\/\/www.sonoraenequipo.com.mx\/disminuyo-3-17-por-ciento-el-servicio-de-transporte-ferroviario-de-carga-por-impacto-de-covid-19\/#primaryimage\",\"url\":\"https:\/\/www.sonoraenequipo.com.mx\/storage\/2021\/01\/TREN-CARGA.jpg\",\"contentUrl\":\"https:\/\/www.sonoraenequipo.com.mx\/storage\/2021\/01\/TREN-CARGA.jpg\",\"width\":500,\"height\":263},{\"@type\":\"BreadcrumbList\",\"@id\":\"https:\/\/www.sonoraenequipo.com.mx\/disminuyo-3-17-por-ciento-el-servicio-de-transporte-ferroviario-de-carga-por-impacto-de-covid-19\/#breadcrumb\",\"itemListElement\":[{\"@type\":\"ListItem\",\"position\":1,\"name\":\"Portada\",\"item\":\"https:\/\/www.sonoraenequipo.com.mx\/\"},{\"@type\":\"ListItem\",\"position\":2,\"name\":\"Disminuy\u00f3 3.17 por ciento el servicio de transporte ferroviario de carga por impacto de covid-19\"}]},{\"@type\":\"WebSite\",\"@id\":\"https:\/\/www.sonoraenequipo.com.mx\/#website\",\"url\":\"https:\/\/www.sonoraenequipo.com.mx\/\",\"name\":\"Sonora en Equipo.\",\"description\":\"Diario en l\u00ednea con Noticias desde Hermosillo, Sonora\",\"publisher\":{\"@id\":\"https:\/\/www.sonoraenequipo.com.mx\/#organization\"},\"potentialAction\":[{\"@type\":\"SearchAction\",\"target\":{\"@type\":\"EntryPoint\",\"urlTemplate\":\"https:\/\/www.sonoraenequipo.com.mx\/?s={search_term_string}\"},\"query-input\":{\"@type\":\"PropertyValueSpecification\",\"valueRequired\":true,\"valueName\":\"search_term_string\"}}],\"inLanguage\":\"es\"},{\"@type\":\"Organization\",\"@id\":\"https:\/\/www.sonoraenequipo.com.mx\/#organization\",\"name\":\"Sonoraenequipo.com.mx\",\"url\":\"https:\/\/www.sonoraenequipo.com.mx\/\",\"logo\":{\"@type\":\"ImageObject\",\"inLanguage\":\"es\",\"@id\":\"https:\/\/www.sonoraenequipo.com.mx\/#\/schema\/logo\/image\/\",\"url\":\"https:\/\/www.sonoraenequipo.com.mx\/storage\/2019\/01\/sonoraenequipo_opt.png\",\"contentUrl\":\"https:\/\/www.sonoraenequipo.com.mx\/storage\/2019\/01\/sonoraenequipo_opt.png\",\"width\":375,\"height\":125,\"caption\":\"Sonoraenequipo.com.mx\"},\"image\":{\"@id\":\"https:\/\/www.sonoraenequipo.com.mx\/#\/schema\/logo\/image\/\"},\"sameAs\":[\"https:\/\/www.facebook.com\/SonoraEE\/\",\"https:\/\/x.com\/sonoraenequipo\",\"https:\/\/www.youtube.com\/channel\/UC338nW-lPEYmJQs4ZABQ1SQ\"]},{\"@type\":\"Person\",\"@id\":\"https:\/\/www.sonoraenequipo.com.mx\/#\/schema\/person\/50102df0fb23a8fa9e8effad8fa81386\",\"name\":\"enequipo\",\"image\":{\"@type\":\"ImageObject\",\"inLanguage\":\"es\",\"@id\":\"https:\/\/www.sonoraenequipo.com.mx\/#\/schema\/person\/image\/\",\"url\":\"https:\/\/secure.gravatar.com\/avatar\/049821681b589dabc0bc20695993ccebb09f5b5d4d790cd9251b97faac7c652b?s=96&d=blank&r=g\",\"contentUrl\":\"https:\/\/secure.gravatar.com\/avatar\/049821681b589dabc0bc20695993ccebb09f5b5d4d790cd9251b97faac7c652b?s=96&d=blank&r=g\",\"caption\":\"enequipo\"},\"sameAs\":[\"https:\/\/www.facebook.com\/SonoraEE\"]}]}<\/script>\n ","yoast_head_json":{"title":"Sonora en Equipo. Disminuy\u00f3 3.17 por ciento el servicio de transporte ferroviario de carga por impacto de covid-19 Rep\u00fablica","description":"CIUDAD DE M\u00c9XICO.\u2500 En M\u00e9xico se movilizaron por ferrocarril 86 mil 223 millones de toneladas-kil\u00f3metro de carga en 2020, lo que representa una disminuci\u00f3n En Sonora en Equipo publicamos toda la informaci\u00f3n de Sonora, M\u00e9xico y el Mundo de manera oportuna y busca que la libertad de expresi\u00f3n sea real. Visita nuestro medio informativo publicado desde Hermosillo, Sonora. %","robots":{"index":"index","follow":"follow","max-snippet":"max-snippet:-1","max-image-preview":"max-image-preview:large","max-video-preview":"max-video-preview:-1"},"canonical":"https:\/\/www.sonoraenequipo.com.mx\/disminuyo-3-17-por-ciento-el-servicio-de-transporte-ferroviario-de-carga-por-impacto-de-covid-19\/","og_locale":"es_ES","og_type":"article","og_title":"Sonora en Equipo. Disminuy\u00f3 3.17 por ciento el servicio de transporte ferroviario de carga por impacto de covid-19 Rep\u00fablica","og_description":"CIUDAD DE M\u00c9XICO.\u2500 En M\u00e9xico se movilizaron por ferrocarril 86 mil 223 millones de toneladas-kil\u00f3metro de carga en 2020, lo que representa una disminuci\u00f3n En Sonora en Equipo publicamos toda la informaci\u00f3n de Sonora, M\u00e9xico y el Mundo de manera oportuna y busca que la libertad de expresi\u00f3n sea real. Visita nuestro medio informativo publicado desde Hermosillo, Sonora. %","og_url":"https:\/\/www.sonoraenequipo.com.mx\/disminuyo-3-17-por-ciento-el-servicio-de-transporte-ferroviario-de-carga-por-impacto-de-covid-19\/","og_site_name":"Sonora en Equipo.","article_publisher":"https:\/\/www.facebook.com\/SonoraEE\/","article_author":"https:\/\/www.facebook.com\/SonoraEE","article_published_time":"2021-01-23T17:00:04+00:00","article_modified_time":"2021-01-24T02:35:51+00:00","og_image":[{"width":500,"height":263,"url":"https:\/\/www.sonoraenequipo.com.mx\/storage\/2021\/01\/TREN-CARGA.jpg","type":"image\/jpeg"}],"author":"enequipo","twitter_card":"summary_large_image","twitter_creator":"@sonoraenequipo","twitter_site":"@sonoraenequipo","twitter_misc":{"Escrito por":"enequipo","Tiempo de lectura":"2 minutos"},"schema":{"@context":"https:\/\/schema.org","@graph":[{"@type":"Article","@id":"https:\/\/www.sonoraenequipo.com.mx\/disminuyo-3-17-por-ciento-el-servicio-de-transporte-ferroviario-de-carga-por-impacto-de-covid-19\/#article","isPartOf":{"@id":"https:\/\/www.sonoraenequipo.com.mx\/disminuyo-3-17-por-ciento-el-servicio-de-transporte-ferroviario-de-carga-por-impacto-de-covid-19\/"},"author":{"name":"enequipo","@id":"https:\/\/www.sonoraenequipo.com.mx\/#\/schema\/person\/50102df0fb23a8fa9e8effad8fa81386"},"headline":"Disminuy\u00f3 3.17 por ciento el servicio de transporte ferroviario de carga por impacto de covid-19","datePublished":"2021-01-23T17:00:04+00:00","dateModified":"2021-01-24T02:35:51+00:00","mainEntityOfPage":{"@id":"https:\/\/www.sonoraenequipo.com.mx\/disminuyo-3-17-por-ciento-el-servicio-de-transporte-ferroviario-de-carga-por-impacto-de-covid-19\/"},"wordCount":394,"commentCount":0,"publisher":{"@id":"https:\/\/www.sonoraenequipo.com.mx\/#organization"},"image":{"@id":"https:\/\/www.sonoraenequipo.com.mx\/disminuyo-3-17-por-ciento-el-servicio-de-transporte-ferroviario-de-carga-por-impacto-de-covid-19\/#primaryimage"},"thumbnailUrl":"https:\/\/www.sonoraenequipo.com.mx\/storage\/2021\/01\/TREN-CARGA.jpg","keywords":["ECONOMIA MEXICO"],"articleSection":["Rep\u00fablica"],"inLanguage":"es","potentialAction":[{"@type":"CommentAction","name":"Comment","target":["https:\/\/www.sonoraenequipo.com.mx\/disminuyo-3-17-por-ciento-el-servicio-de-transporte-ferroviario-de-carga-por-impacto-de-covid-19\/#respond"]}]},{"@type":"WebPage","@id":"https:\/\/www.sonoraenequipo.com.mx\/disminuyo-3-17-por-ciento-el-servicio-de-transporte-ferroviario-de-carga-por-impacto-de-covid-19\/","url":"https:\/\/www.sonoraenequipo.com.mx\/disminuyo-3-17-por-ciento-el-servicio-de-transporte-ferroviario-de-carga-por-impacto-de-covid-19\/","name":"Sonora en Equipo. Disminuy\u00f3 3.17 por ciento el servicio de transporte ferroviario de carga por impacto de covid-19 Rep\u00fablica","isPartOf":{"@id":"https:\/\/www.sonoraenequipo.com.mx\/#website"},"primaryImageOfPage":{"@id":"https:\/\/www.sonoraenequipo.com.mx\/disminuyo-3-17-por-ciento-el-servicio-de-transporte-ferroviario-de-carga-por-impacto-de-covid-19\/#primaryimage"},"image":{"@id":"https:\/\/www.sonoraenequipo.com.mx\/disminuyo-3-17-por-ciento-el-servicio-de-transporte-ferroviario-de-carga-por-impacto-de-covid-19\/#primaryimage"},"thumbnailUrl":"https:\/\/www.sonoraenequipo.com.mx\/storage\/2021\/01\/TREN-CARGA.jpg","datePublished":"2021-01-23T17:00:04+00:00","dateModified":"2021-01-24T02:35:51+00:00","description":"CIUDAD DE M\u00c9XICO.\u2500 En M\u00e9xico se movilizaron por ferrocarril 86 mil 223 millones de toneladas-kil\u00f3metro de carga en 2020, lo que representa una disminuci\u00f3n En Sonora en Equipo publicamos toda la informaci\u00f3n de Sonora, M\u00e9xico y el Mundo de manera oportuna y busca que la libertad de expresi\u00f3n sea real. Visita nuestro medio informativo publicado desde Hermosillo, Sonora. %","breadcrumb":{"@id":"https:\/\/www.sonoraenequipo.com.mx\/disminuyo-3-17-por-ciento-el-servicio-de-transporte-ferroviario-de-carga-por-impacto-de-covid-19\/#breadcrumb"},"inLanguage":"es","potentialAction":[{"@type":"ReadAction","target":["https:\/\/www.sonoraenequipo.com.mx\/disminuyo-3-17-por-ciento-el-servicio-de-transporte-ferroviario-de-carga-por-impacto-de-covid-19\/"]}]},{"@type":"ImageObject","inLanguage":"es","@id":"https:\/\/www.sonoraenequipo.com.mx\/disminuyo-3-17-por-ciento-el-servicio-de-transporte-ferroviario-de-carga-por-impacto-de-covid-19\/#primaryimage","url":"https:\/\/www.sonoraenequipo.com.mx\/storage\/2021\/01\/TREN-CARGA.jpg","contentUrl":"https:\/\/www.sonoraenequipo.com.mx\/storage\/2021\/01\/TREN-CARGA.jpg","width":500,"height":263},{"@type":"BreadcrumbList","@id":"https:\/\/www.sonoraenequipo.com.mx\/disminuyo-3-17-por-ciento-el-servicio-de-transporte-ferroviario-de-carga-por-impacto-de-covid-19\/#breadcrumb","itemListElement":[{"@type":"ListItem","position":1,"name":"Portada","item":"https:\/\/www.sonoraenequipo.com.mx\/"},{"@type":"ListItem","position":2,"name":"Disminuy\u00f3 3.17 por ciento el servicio de transporte ferroviario de carga por impacto de covid-19"}]},{"@type":"WebSite","@id":"https:\/\/www.sonoraenequipo.com.mx\/#website","url":"https:\/\/www.sonoraenequipo.com.mx\/","name":"Sonora en Equipo.","description":"Diario en l\u00ednea con Noticias desde Hermosillo, Sonora","publisher":{"@id":"https:\/\/www.sonoraenequipo.com.mx\/#organization"},"potentialAction":[{"@type":"SearchAction","target":{"@type":"EntryPoint","urlTemplate":"https:\/\/www.sonoraenequipo.com.mx\/?s={search_term_string}"},"query-input":{"@type":"PropertyValueSpecification","valueRequired":true,"valueName":"search_term_string"}}],"inLanguage":"es"},{"@type":"Organization","@id":"https:\/\/www.sonoraenequipo.com.mx\/#organization","name":"Sonoraenequipo.com.mx","url":"https:\/\/www.sonoraenequipo.com.mx\/","logo":{"@type":"ImageObject","inLanguage":"es","@id":"https:\/\/www.sonoraenequipo.com.mx\/#\/schema\/logo\/image\/","url":"https:\/\/www.sonoraenequipo.com.mx\/storage\/2019\/01\/sonoraenequipo_opt.png","contentUrl":"https:\/\/www.sonoraenequipo.com.mx\/storage\/2019\/01\/sonoraenequipo_opt.png","width":375,"height":125,"caption":"Sonoraenequipo.com.mx"},"image":{"@id":"https:\/\/www.sonoraenequipo.com.mx\/#\/schema\/logo\/image\/"},"sameAs":["https:\/\/www.facebook.com\/SonoraEE\/","https:\/\/x.com\/sonoraenequipo","https:\/\/www.youtube.com\/channel\/UC338nW-lPEYmJQs4ZABQ1SQ"]},{"@type":"Person","@id":"https:\/\/www.sonoraenequipo.com.mx\/#\/schema\/person\/50102df0fb23a8fa9e8effad8fa81386","name":"enequipo","image":{"@type":"ImageObject","inLanguage":"es","@id":"https:\/\/www.sonoraenequipo.com.mx\/#\/schema\/person\/image\/","url":"https:\/\/secure.gravatar.com\/avatar\/049821681b589dabc0bc20695993ccebb09f5b5d4d790cd9251b97faac7c652b?s=96&d=blank&r=g","contentUrl":"https:\/\/secure.gravatar.com\/avatar\/049821681b589dabc0bc20695993ccebb09f5b5d4d790cd9251b97faac7c652b?s=96&d=blank&r=g","caption":"enequipo"},"sameAs":["https:\/\/www.facebook.com\/SonoraEE"]}]}},"jetpack_featured_media_url":"https:\/\/www.sonoraenequipo.com.mx\/storage\/2021\/01\/TREN-CARGA.jpg","_links":{"self":[{"href":"https:\/\/www.sonoraenequipo.com.mx\/api\/wp\/v2\/posts\/105277","targetHints":{"allow":["GET"]}}],"collection":[{"href":"https:\/\/www.sonoraenequipo.com.mx\/api\/wp\/v2\/posts"}],"about":[{"href":"https:\/\/www.sonoraenequipo.com.mx\/api\/wp\/v2\/types\/post"}],"author":[{"embeddable":true,"href":"https:\/\/www.sonoraenequipo.com.mx\/api\/wp\/v2\/users\/1"}],"replies":[{"embeddable":true,"href":"https:\/\/www.sonoraenequipo.com.mx\/api\/wp\/v2\/comments?post=105277"}],"version-history":[{"count":1,"href":"https:\/\/www.sonoraenequipo.com.mx\/api\/wp\/v2\/posts\/105277\/revisions"}],"predecessor-version":[{"id":105279,"href":"https:\/\/www.sonoraenequipo.com.mx\/api\/wp\/v2\/posts\/105277\/revisions\/105279"}],"wp:featuredmedia":[{"embeddable":true,"href":"https:\/\/www.sonoraenequipo.com.mx\/api\/wp\/v2\/media\/105278"}],"wp:attachment":[{"href":"https:\/\/www.sonoraenequipo.com.mx\/api\/wp\/v2\/media?parent=105277"}],"wp:term":[{"taxonomy":"category","embeddable":true,"href":"https:\/\/www.sonoraenequipo.com.mx\/api\/wp\/v2\/categories?post=105277"},{"taxonomy":"post_tag","embeddable":true,"href":"https:\/\/www.sonoraenequipo.com.mx\/api\/wp\/v2\/tags?post=105277"}],"curies":[{"name":"wp","href":"https:\/\/api.w.org\/{rel}","templated":true}]}}