{"id":105280,"date":"2021-01-22T12:14:28","date_gmt":"2021-01-22T19:14:28","guid":{"rendered":"https:\/\/www.sonoraenequipo.com.mx\/?p=105280"},"modified":"2021-01-22T22:32:03","modified_gmt":"2021-01-23T05:32:03","slug":"medicos-que-combaten-pandemia-en-panama-denuncian-exclusion-de-plan-de-vacunacion","status":"publish","type":"post","link":"https:\/\/www.sonoraenequipo.com.mx\/medicos-que-combaten-pandemia-en-panama-denuncian-exclusion-de-plan-de-vacunacion\/","title":{"rendered":"M\u00e9dicos que combaten pandemia en Panam\u00e1 denuncian exclusi\u00f3n de plan de vacunaci\u00f3n"},"content":{"rendered":"<p>PANAM\u00c1, PANAM\u00c1. \u2014 M\u00e9dicos paname\u00f1os en la primera l\u00ednea de combate contra el covid-19 denunciaron haber quedado fuera del plan de vacunaci\u00f3n, mientras se ha privilegiado a otros funcionarios, aunque las autoridades niegan malos manejos.<\/p>\n<p>&nbsp;<\/p>\n<p> <\/p>\n<p>Panam\u00e1, con 4,2 millones de habitantes, es el pa\u00eds de Centroam\u00e9rica m\u00e1s castigado por la covid-19: 300.000 infectados y 4.864 muertos desde el inicio de la pandemia.<\/p>\n<p>&nbsp;<\/p>\n<p>En este contexto, comenz\u00f3 la campa\u00f1a de vacunaci\u00f3n, con dos problemas. Primero, un retraso de la empresa: Panam\u00e1 recibi\u00f3 el 20 de enero las primeras 12.840 dosis de la vacuna de Pfizer contra el covid-19, en vez de las 40.000 anunciadas para la primera entrega.<\/p>\n<p>&nbsp;<\/p>\n<p>Segundo, dos importantes asociaciones de m\u00e9dicos denunciaron este jueves que personal en primera l\u00ednea contra la covid quedaron fuera del plan de vacunaci\u00f3n, mientras se ha privilegiado inocular\u2026 a otros funcionarios. En la mira, la instituci\u00f3n p\u00fablica la Caja de Seguro Social.<\/p>\n<p>&nbsp;<\/p>\n<p><em>\u201cLas autoridades de la Caja de Seguro Social emitieron un comunicado en donde reiteran su compromiso de que si se cometi\u00f3 alg\u00fan error en la aplicaci\u00f3n, ellos van a tomar las medidas pertinentes para rectificar, sancionar a quien haya que sancionar y retomar la ruta de vacunar a las personas est\u00e1n trabajando en salas de cuidados intensivos o salas donde se atiende pacientes con Covid-19<\/em>\u201d, dice a RFI el vocero del ministerio de Salud de Panam\u00e1, Aris Abrego..<\/p>\n<p>&nbsp;<\/p>\n<p><em>\u201cMuchos lo atribuyen a dos razones: a la movilidad porque Panam\u00e1 es un pa\u00eds de tr\u00e1nsito y al clima del pa\u00eds\u201d<\/em>, dice Abrego. <em>\u201cAdem\u00e1s mientras la gente se preocupa por la cepa del Reino Unido, en Panam\u00e1 tenemos una cepa, un 30% m\u00e1s contagiosa que la cepa original. Pero tambi\u00e9n tenemos que hacer un mea culpa. Como sociedad ha sido muy dif\u00edcil el tema de confinar a la ciudadan\u00eda por mucho tiempo. Muchas personas han salido a la calle, han hecho fiestas, reuniones familiares. El paname\u00f1o es muy fiestero\u201d.<\/em><\/p>\n<p>&nbsp;<\/p>\n<p>Entretanto, las autoridades esperan que el abastecimiento de vacunas se regularice despu\u00e9s del 15 de febrero y avanzar en 4 fases hasta que el 70% de la poblaci\u00f3n sea inoculada.<\/p>\n<p>&nbsp;<\/p>\n<p>&nbsp;<\/p>\n<p>(Publicada el 22\/01\/2021 \/AFP)<\/p>\n","protected":false},"excerpt":{"rendered":"<p>PANAM\u00c1, PANAM\u00c1. \u2014 M\u00e9dicos paname\u00f1os en la primera l\u00ednea de combate contra el covid-19 denunciaron&#8230;<\/p>\n","protected":false},"author":1,"featured_media":105283,"comment_status":"open","ping_status":"open","sticky":false,"template":"","format":"standard","meta":{"_monsterinsights_skip_tracking":false,"_monsterinsights_sitenote_active":false,"_monsterinsights_sitenote_note":"","_monsterinsights_sitenote_category":0,"footnotes":""},"categories":[3],"tags":[],"class_list":["post"],"yoast_head":" \n<title>Sonora en Equipo. M\u00e9dicos que combaten pandemia en Panam\u00e1 denuncian exclusi\u00f3n de plan de vacunaci\u00f3n MUNDO<\/title>\n<meta name=\"description\" content=\"PANAM\u00c1, PANAM\u00c1. \u2014 M\u00e9dicos paname\u00f1os en la primera l\u00ednea de combate contra el covid-19 denunciaron haber quedado fuera del plan de vacunaci\u00f3n, mientras se En Sonora en Equipo publicamos toda la informaci\u00f3n de Sonora, M\u00e9xico y el Mundo de manera oportuna y busca que la libertad de expresi\u00f3n sea real. Visita nuestro medio informativo publicado desde Hermosillo, Sonora. %\" \/>\n<meta name=\"robots\" content=\"index, follow, max-snippet:-1, max-image-preview:large, max-video-preview:-1\" \/>\n<link rel=\"canonical\" href=\"https:\/\/www.sonoraenequipo.com.mx\/medicos-que-combaten-pandemia-en-panama-denuncian-exclusion-de-plan-de-vacunacion\/\" \/>\n<meta property=\"og:locale\" content=\"es_ES\" \/>\n<meta property=\"og:type\" content=\"article\" \/>\n<meta property=\"og:title\" content=\"Sonora en Equipo. M\u00e9dicos que combaten pandemia en Panam\u00e1 denuncian exclusi\u00f3n de plan de vacunaci\u00f3n MUNDO\" \/>\n<meta property=\"og:description\" content=\"PANAM\u00c1, PANAM\u00c1. \u2014 M\u00e9dicos paname\u00f1os en la primera l\u00ednea de combate contra el covid-19 denunciaron haber quedado fuera del plan de vacunaci\u00f3n, mientras se En Sonora en Equipo publicamos toda la informaci\u00f3n de Sonora, M\u00e9xico y el Mundo de manera oportuna y busca que la libertad de expresi\u00f3n sea real. Visita nuestro medio informativo publicado desde Hermosillo, Sonora. %\" \/>\n<meta property=\"og:url\" content=\"https:\/\/www.sonoraenequipo.com.mx\/medicos-que-combaten-pandemia-en-panama-denuncian-exclusion-de-plan-de-vacunacion\/\" \/>\n<meta property=\"og:site_name\" content=\"Sonora en Equipo.\" \/>\n<meta property=\"article:publisher\" content=\"https:\/\/www.facebook.com\/SonoraEE\/\" \/>\n<meta property=\"article:author\" content=\"https:\/\/www.facebook.com\/SonoraEE\" \/>\n<meta property=\"article:published_time\" content=\"2021-01-22T19:14:28+00:00\" \/>\n<meta property=\"article:modified_time\" content=\"2021-01-23T05:32:03+00:00\" \/>\n<meta property=\"og:image\" content=\"https:\/\/www.sonoraenequipo.com.mx\/storage\/2021\/01\/panama_exclusion_opt.jpg\" \/>\n\t<meta property=\"og:image:width\" content=\"711\" \/>\n\t<meta property=\"og:image:height\" content=\"400\" \/>\n\t<meta property=\"og:image:type\" content=\"image\/jpeg\" \/>\n<meta name=\"author\" content=\"enequipo\" \/>\n<meta name=\"twitter:card\" content=\"summary_large_image\" \/>\n<meta name=\"twitter:creator\" content=\"@sonoraenequipo\" \/>\n<meta name=\"twitter:site\" content=\"@sonoraenequipo\" \/>\n<meta name=\"twitter:label1\" content=\"Escrito por\" \/>\n\t<meta name=\"twitter:data1\" content=\"enequipo\" \/>\n\t<meta name=\"twitter:label2\" content=\"Tiempo de lectura\" \/>\n\t<meta name=\"twitter:data2\" content=\"2 minutos\" \/>\n<script type=\"application\/ld+json\" class=\"yoast-schema-graph\">{\"@context\":\"https:\/\/schema.org\",\"@graph\":[{\"@type\":\"Article\",\"@id\":\"https:\/\/www.sonoraenequipo.com.mx\/medicos-que-combaten-pandemia-en-panama-denuncian-exclusion-de-plan-de-vacunacion\/#article\",\"isPartOf\":{\"@id\":\"https:\/\/www.sonoraenequipo.com.mx\/medicos-que-combaten-pandemia-en-panama-denuncian-exclusion-de-plan-de-vacunacion\/\"},\"author\":{\"name\":\"enequipo\",\"@id\":\"https:\/\/www.sonoraenequipo.com.mx\/#\/schema\/person\/50102df0fb23a8fa9e8effad8fa81386\"},\"headline\":\"M\u00e9dicos que combaten pandemia en Panam\u00e1 denuncian exclusi\u00f3n de plan de vacunaci\u00f3n\",\"datePublished\":\"2021-01-22T19:14:28+00:00\",\"dateModified\":\"2021-01-23T05:32:03+00:00\",\"mainEntityOfPage\":{\"@id\":\"https:\/\/www.sonoraenequipo.com.mx\/medicos-que-combaten-pandemia-en-panama-denuncian-exclusion-de-plan-de-vacunacion\/\"},\"wordCount\":389,\"commentCount\":0,\"publisher\":{\"@id\":\"https:\/\/www.sonoraenequipo.com.mx\/#organization\"},\"image\":{\"@id\":\"https:\/\/www.sonoraenequipo.com.mx\/medicos-que-combaten-pandemia-en-panama-denuncian-exclusion-de-plan-de-vacunacion\/#primaryimage\"},\"thumbnailUrl\":\"https:\/\/www.sonoraenequipo.com.mx\/storage\/2021\/01\/panama_exclusion_opt.jpg\",\"articleSection\":[\"MUNDO\"],\"inLanguage\":\"es\",\"potentialAction\":[{\"@type\":\"CommentAction\",\"name\":\"Comment\",\"target\":[\"https:\/\/www.sonoraenequipo.com.mx\/medicos-que-combaten-pandemia-en-panama-denuncian-exclusion-de-plan-de-vacunacion\/#respond\"]}]},{\"@type\":\"WebPage\",\"@id\":\"https:\/\/www.sonoraenequipo.com.mx\/medicos-que-combaten-pandemia-en-panama-denuncian-exclusion-de-plan-de-vacunacion\/\",\"url\":\"https:\/\/www.sonoraenequipo.com.mx\/medicos-que-combaten-pandemia-en-panama-denuncian-exclusion-de-plan-de-vacunacion\/\",\"name\":\"Sonora en Equipo. M\u00e9dicos que combaten pandemia en Panam\u00e1 denuncian exclusi\u00f3n de plan de vacunaci\u00f3n MUNDO\",\"isPartOf\":{\"@id\":\"https:\/\/www.sonoraenequipo.com.mx\/#website\"},\"primaryImageOfPage\":{\"@id\":\"https:\/\/www.sonoraenequipo.com.mx\/medicos-que-combaten-pandemia-en-panama-denuncian-exclusion-de-plan-de-vacunacion\/#primaryimage\"},\"image\":{\"@id\":\"https:\/\/www.sonoraenequipo.com.mx\/medicos-que-combaten-pandemia-en-panama-denuncian-exclusion-de-plan-de-vacunacion\/#primaryimage\"},\"thumbnailUrl\":\"https:\/\/www.sonoraenequipo.com.mx\/storage\/2021\/01\/panama_exclusion_opt.jpg\",\"datePublished\":\"2021-01-22T19:14:28+00:00\",\"dateModified\":\"2021-01-23T05:32:03+00:00\",\"description\":\"PANAM\u00c1, PANAM\u00c1. \u2014 M\u00e9dicos paname\u00f1os en la primera l\u00ednea de combate contra el covid-19 denunciaron haber quedado fuera del plan de vacunaci\u00f3n, mientras se En Sonora en Equipo publicamos toda la informaci\u00f3n de Sonora, M\u00e9xico y el Mundo de manera oportuna y busca que la libertad de expresi\u00f3n sea real. Visita nuestro medio informativo publicado desde Hermosillo, Sonora. %\",\"breadcrumb\":{\"@id\":\"https:\/\/www.sonoraenequipo.com.mx\/medicos-que-combaten-pandemia-en-panama-denuncian-exclusion-de-plan-de-vacunacion\/#breadcrumb\"},\"inLanguage\":\"es\",\"potentialAction\":[{\"@type\":\"ReadAction\",\"target\":[\"https:\/\/www.sonoraenequipo.com.mx\/medicos-que-combaten-pandemia-en-panama-denuncian-exclusion-de-plan-de-vacunacion\/\"]}]},{\"@type\":\"ImageObject\",\"inLanguage\":\"es\",\"@id\":\"https:\/\/www.sonoraenequipo.com.mx\/medicos-que-combaten-pandemia-en-panama-denuncian-exclusion-de-plan-de-vacunacion\/#primaryimage\",\"url\":\"https:\/\/www.sonoraenequipo.com.mx\/storage\/2021\/01\/panama_exclusion_opt.jpg\",\"contentUrl\":\"https:\/\/www.sonoraenequipo.com.mx\/storage\/2021\/01\/panama_exclusion_opt.jpg\",\"width\":711,\"height\":400},{\"@type\":\"BreadcrumbList\",\"@id\":\"https:\/\/www.sonoraenequipo.com.mx\/medicos-que-combaten-pandemia-en-panama-denuncian-exclusion-de-plan-de-vacunacion\/#breadcrumb\",\"itemListElement\":[{\"@type\":\"ListItem\",\"position\":1,\"name\":\"Portada\",\"item\":\"https:\/\/www.sonoraenequipo.com.mx\/\"},{\"@type\":\"ListItem\",\"position\":2,\"name\":\"M\u00e9dicos que combaten pandemia en Panam\u00e1 denuncian exclusi\u00f3n de plan de vacunaci\u00f3n\"}]},{\"@type\":\"WebSite\",\"@id\":\"https:\/\/www.sonoraenequipo.com.mx\/#website\",\"url\":\"https:\/\/www.sonoraenequipo.com.mx\/\",\"name\":\"Sonora en Equipo.\",\"description\":\"Diario en l\u00ednea con Noticias desde Hermosillo, Sonora\",\"publisher\":{\"@id\":\"https:\/\/www.sonoraenequipo.com.mx\/#organization\"},\"potentialAction\":[{\"@type\":\"SearchAction\",\"target\":{\"@type\":\"EntryPoint\",\"urlTemplate\":\"https:\/\/www.sonoraenequipo.com.mx\/?s={search_term_string}\"},\"query-input\":{\"@type\":\"PropertyValueSpecification\",\"valueRequired\":true,\"valueName\":\"search_term_string\"}}],\"inLanguage\":\"es\"},{\"@type\":\"Organization\",\"@id\":\"https:\/\/www.sonoraenequipo.com.mx\/#organization\",\"name\":\"Sonoraenequipo.com.mx\",\"url\":\"https:\/\/www.sonoraenequipo.com.mx\/\",\"logo\":{\"@type\":\"ImageObject\",\"inLanguage\":\"es\",\"@id\":\"https:\/\/www.sonoraenequipo.com.mx\/#\/schema\/logo\/image\/\",\"url\":\"https:\/\/www.sonoraenequipo.com.mx\/storage\/2019\/01\/sonoraenequipo_opt.png\",\"contentUrl\":\"https:\/\/www.sonoraenequipo.com.mx\/storage\/2019\/01\/sonoraenequipo_opt.png\",\"width\":375,\"height\":125,\"caption\":\"Sonoraenequipo.com.mx\"},\"image\":{\"@id\":\"https:\/\/www.sonoraenequipo.com.mx\/#\/schema\/logo\/image\/\"},\"sameAs\":[\"https:\/\/www.facebook.com\/SonoraEE\/\",\"https:\/\/x.com\/sonoraenequipo\",\"https:\/\/www.youtube.com\/channel\/UC338nW-lPEYmJQs4ZABQ1SQ\"]},{\"@type\":\"Person\",\"@id\":\"https:\/\/www.sonoraenequipo.com.mx\/#\/schema\/person\/50102df0fb23a8fa9e8effad8fa81386\",\"name\":\"enequipo\",\"image\":{\"@type\":\"ImageObject\",\"inLanguage\":\"es\",\"@id\":\"https:\/\/www.sonoraenequipo.com.mx\/#\/schema\/person\/image\/\",\"url\":\"https:\/\/secure.gravatar.com\/avatar\/049821681b589dabc0bc20695993ccebb09f5b5d4d790cd9251b97faac7c652b?s=96&d=blank&r=g\",\"contentUrl\":\"https:\/\/secure.gravatar.com\/avatar\/049821681b589dabc0bc20695993ccebb09f5b5d4d790cd9251b97faac7c652b?s=96&d=blank&r=g\",\"caption\":\"enequipo\"},\"sameAs\":[\"https:\/\/www.facebook.com\/SonoraEE\"]}]}<\/script>\n ","yoast_head_json":{"title":"Sonora en Equipo. M\u00e9dicos que combaten pandemia en Panam\u00e1 denuncian exclusi\u00f3n de plan de vacunaci\u00f3n MUNDO","description":"PANAM\u00c1, PANAM\u00c1. \u2014 M\u00e9dicos paname\u00f1os en la primera l\u00ednea de combate contra el covid-19 denunciaron haber quedado fuera del plan de vacunaci\u00f3n, mientras se En Sonora en Equipo publicamos toda la informaci\u00f3n de Sonora, M\u00e9xico y el Mundo de manera oportuna y busca que la libertad de expresi\u00f3n sea real. Visita nuestro medio informativo publicado desde Hermosillo, Sonora. %","robots":{"index":"index","follow":"follow","max-snippet":"max-snippet:-1","max-image-preview":"max-image-preview:large","max-video-preview":"max-video-preview:-1"},"canonical":"https:\/\/www.sonoraenequipo.com.mx\/medicos-que-combaten-pandemia-en-panama-denuncian-exclusion-de-plan-de-vacunacion\/","og_locale":"es_ES","og_type":"article","og_title":"Sonora en Equipo. M\u00e9dicos que combaten pandemia en Panam\u00e1 denuncian exclusi\u00f3n de plan de vacunaci\u00f3n MUNDO","og_description":"PANAM\u00c1, PANAM\u00c1. \u2014 M\u00e9dicos paname\u00f1os en la primera l\u00ednea de combate contra el covid-19 denunciaron haber quedado fuera del plan de vacunaci\u00f3n, mientras se En Sonora en Equipo publicamos toda la informaci\u00f3n de Sonora, M\u00e9xico y el Mundo de manera oportuna y busca que la libertad de expresi\u00f3n sea real. Visita nuestro medio informativo publicado desde Hermosillo, Sonora. %","og_url":"https:\/\/www.sonoraenequipo.com.mx\/medicos-que-combaten-pandemia-en-panama-denuncian-exclusion-de-plan-de-vacunacion\/","og_site_name":"Sonora en Equipo.","article_publisher":"https:\/\/www.facebook.com\/SonoraEE\/","article_author":"https:\/\/www.facebook.com\/SonoraEE","article_published_time":"2021-01-22T19:14:28+00:00","article_modified_time":"2021-01-23T05:32:03+00:00","og_image":[{"width":711,"height":400,"url":"https:\/\/www.sonoraenequipo.com.mx\/storage\/2021\/01\/panama_exclusion_opt.jpg","type":"image\/jpeg"}],"author":"enequipo","twitter_card":"summary_large_image","twitter_creator":"@sonoraenequipo","twitter_site":"@sonoraenequipo","twitter_misc":{"Escrito por":"enequipo","Tiempo de lectura":"2 minutos"},"schema":{"@context":"https:\/\/schema.org","@graph":[{"@type":"Article","@id":"https:\/\/www.sonoraenequipo.com.mx\/medicos-que-combaten-pandemia-en-panama-denuncian-exclusion-de-plan-de-vacunacion\/#article","isPartOf":{"@id":"https:\/\/www.sonoraenequipo.com.mx\/medicos-que-combaten-pandemia-en-panama-denuncian-exclusion-de-plan-de-vacunacion\/"},"author":{"name":"enequipo","@id":"https:\/\/www.sonoraenequipo.com.mx\/#\/schema\/person\/50102df0fb23a8fa9e8effad8fa81386"},"headline":"M\u00e9dicos que combaten pandemia en Panam\u00e1 denuncian exclusi\u00f3n de plan de vacunaci\u00f3n","datePublished":"2021-01-22T19:14:28+00:00","dateModified":"2021-01-23T05:32:03+00:00","mainEntityOfPage":{"@id":"https:\/\/www.sonoraenequipo.com.mx\/medicos-que-combaten-pandemia-en-panama-denuncian-exclusion-de-plan-de-vacunacion\/"},"wordCount":389,"commentCount":0,"publisher":{"@id":"https:\/\/www.sonoraenequipo.com.mx\/#organization"},"image":{"@id":"https:\/\/www.sonoraenequipo.com.mx\/medicos-que-combaten-pandemia-en-panama-denuncian-exclusion-de-plan-de-vacunacion\/#primaryimage"},"thumbnailUrl":"https:\/\/www.sonoraenequipo.com.mx\/storage\/2021\/01\/panama_exclusion_opt.jpg","articleSection":["MUNDO"],"inLanguage":"es","potentialAction":[{"@type":"CommentAction","name":"Comment","target":["https:\/\/www.sonoraenequipo.com.mx\/medicos-que-combaten-pandemia-en-panama-denuncian-exclusion-de-plan-de-vacunacion\/#respond"]}]},{"@type":"WebPage","@id":"https:\/\/www.sonoraenequipo.com.mx\/medicos-que-combaten-pandemia-en-panama-denuncian-exclusion-de-plan-de-vacunacion\/","url":"https:\/\/www.sonoraenequipo.com.mx\/medicos-que-combaten-pandemia-en-panama-denuncian-exclusion-de-plan-de-vacunacion\/","name":"Sonora en Equipo. M\u00e9dicos que combaten pandemia en Panam\u00e1 denuncian exclusi\u00f3n de plan de vacunaci\u00f3n MUNDO","isPartOf":{"@id":"https:\/\/www.sonoraenequipo.com.mx\/#website"},"primaryImageOfPage":{"@id":"https:\/\/www.sonoraenequipo.com.mx\/medicos-que-combaten-pandemia-en-panama-denuncian-exclusion-de-plan-de-vacunacion\/#primaryimage"},"image":{"@id":"https:\/\/www.sonoraenequipo.com.mx\/medicos-que-combaten-pandemia-en-panama-denuncian-exclusion-de-plan-de-vacunacion\/#primaryimage"},"thumbnailUrl":"https:\/\/www.sonoraenequipo.com.mx\/storage\/2021\/01\/panama_exclusion_opt.jpg","datePublished":"2021-01-22T19:14:28+00:00","dateModified":"2021-01-23T05:32:03+00:00","description":"PANAM\u00c1, PANAM\u00c1. \u2014 M\u00e9dicos paname\u00f1os en la primera l\u00ednea de combate contra el covid-19 denunciaron haber quedado fuera del plan de vacunaci\u00f3n, mientras se En Sonora en Equipo publicamos toda la informaci\u00f3n de Sonora, M\u00e9xico y el Mundo de manera oportuna y busca que la libertad de expresi\u00f3n sea real. Visita nuestro medio informativo publicado desde Hermosillo, Sonora. %","breadcrumb":{"@id":"https:\/\/www.sonoraenequipo.com.mx\/medicos-que-combaten-pandemia-en-panama-denuncian-exclusion-de-plan-de-vacunacion\/#breadcrumb"},"inLanguage":"es","potentialAction":[{"@type":"ReadAction","target":["https:\/\/www.sonoraenequipo.com.mx\/medicos-que-combaten-pandemia-en-panama-denuncian-exclusion-de-plan-de-vacunacion\/"]}]},{"@type":"ImageObject","inLanguage":"es","@id":"https:\/\/www.sonoraenequipo.com.mx\/medicos-que-combaten-pandemia-en-panama-denuncian-exclusion-de-plan-de-vacunacion\/#primaryimage","url":"https:\/\/www.sonoraenequipo.com.mx\/storage\/2021\/01\/panama_exclusion_opt.jpg","contentUrl":"https:\/\/www.sonoraenequipo.com.mx\/storage\/2021\/01\/panama_exclusion_opt.jpg","width":711,"height":400},{"@type":"BreadcrumbList","@id":"https:\/\/www.sonoraenequipo.com.mx\/medicos-que-combaten-pandemia-en-panama-denuncian-exclusion-de-plan-de-vacunacion\/#breadcrumb","itemListElement":[{"@type":"ListItem","position":1,"name":"Portada","item":"https:\/\/www.sonoraenequipo.com.mx\/"},{"@type":"ListItem","position":2,"name":"M\u00e9dicos que combaten pandemia en Panam\u00e1 denuncian exclusi\u00f3n de plan de vacunaci\u00f3n"}]},{"@type":"WebSite","@id":"https:\/\/www.sonoraenequipo.com.mx\/#website","url":"https:\/\/www.sonoraenequipo.com.mx\/","name":"Sonora en Equipo.","description":"Diario en l\u00ednea con Noticias desde Hermosillo, Sonora","publisher":{"@id":"https:\/\/www.sonoraenequipo.com.mx\/#organization"},"potentialAction":[{"@type":"SearchAction","target":{"@type":"EntryPoint","urlTemplate":"https:\/\/www.sonoraenequipo.com.mx\/?s={search_term_string}"},"query-input":{"@type":"PropertyValueSpecification","valueRequired":true,"valueName":"search_term_string"}}],"inLanguage":"es"},{"@type":"Organization","@id":"https:\/\/www.sonoraenequipo.com.mx\/#organization","name":"Sonoraenequipo.com.mx","url":"https:\/\/www.sonoraenequipo.com.mx\/","logo":{"@type":"ImageObject","inLanguage":"es","@id":"https:\/\/www.sonoraenequipo.com.mx\/#\/schema\/logo\/image\/","url":"https:\/\/www.sonoraenequipo.com.mx\/storage\/2019\/01\/sonoraenequipo_opt.png","contentUrl":"https:\/\/www.sonoraenequipo.com.mx\/storage\/2019\/01\/sonoraenequipo_opt.png","width":375,"height":125,"caption":"Sonoraenequipo.com.mx"},"image":{"@id":"https:\/\/www.sonoraenequipo.com.mx\/#\/schema\/logo\/image\/"},"sameAs":["https:\/\/www.facebook.com\/SonoraEE\/","https:\/\/x.com\/sonoraenequipo","https:\/\/www.youtube.com\/channel\/UC338nW-lPEYmJQs4ZABQ1SQ"]},{"@type":"Person","@id":"https:\/\/www.sonoraenequipo.com.mx\/#\/schema\/person\/50102df0fb23a8fa9e8effad8fa81386","name":"enequipo","image":{"@type":"ImageObject","inLanguage":"es","@id":"https:\/\/www.sonoraenequipo.com.mx\/#\/schema\/person\/image\/","url":"https:\/\/secure.gravatar.com\/avatar\/049821681b589dabc0bc20695993ccebb09f5b5d4d790cd9251b97faac7c652b?s=96&d=blank&r=g","contentUrl":"https:\/\/secure.gravatar.com\/avatar\/049821681b589dabc0bc20695993ccebb09f5b5d4d790cd9251b97faac7c652b?s=96&d=blank&r=g","caption":"enequipo"},"sameAs":["https:\/\/www.facebook.com\/SonoraEE"]}]}},"jetpack_featured_media_url":"https:\/\/www.sonoraenequipo.com.mx\/storage\/2021\/01\/panama_exclusion_opt.jpg","_links":{"self":[{"href":"https:\/\/www.sonoraenequipo.com.mx\/api\/wp\/v2\/posts\/105280","targetHints":{"allow":["GET"]}}],"collection":[{"href":"https:\/\/www.sonoraenequipo.com.mx\/api\/wp\/v2\/posts"}],"about":[{"href":"https:\/\/www.sonoraenequipo.com.mx\/api\/wp\/v2\/types\/post"}],"author":[{"embeddable":true,"href":"https:\/\/www.sonoraenequipo.com.mx\/api\/wp\/v2\/users\/1"}],"replies":[{"embeddable":true,"href":"https:\/\/www.sonoraenequipo.com.mx\/api\/wp\/v2\/comments?post=105280"}],"version-history":[{"count":1,"href":"https:\/\/www.sonoraenequipo.com.mx\/api\/wp\/v2\/posts\/105280\/revisions"}],"predecessor-version":[{"id":105290,"href":"https:\/\/www.sonoraenequipo.com.mx\/api\/wp\/v2\/posts\/105280\/revisions\/105290"}],"wp:featuredmedia":[{"embeddable":true,"href":"https:\/\/www.sonoraenequipo.com.mx\/api\/wp\/v2\/media\/105283"}],"wp:attachment":[{"href":"https:\/\/www.sonoraenequipo.com.mx\/api\/wp\/v2\/media?parent=105280"}],"wp:term":[{"taxonomy":"category","embeddable":true,"href":"https:\/\/www.sonoraenequipo.com.mx\/api\/wp\/v2\/categories?post=105280"},{"taxonomy":"post_tag","embeddable":true,"href":"https:\/\/www.sonoraenequipo.com.mx\/api\/wp\/v2\/tags?post=105280"}],"curies":[{"name":"wp","href":"https:\/\/api.w.org\/{rel}","templated":true}]}}