{"id":105293,"date":"2021-01-22T17:50:48","date_gmt":"2021-01-23T00:50:48","guid":{"rendered":"https:\/\/www.sonoraenequipo.com.mx\/?p=105293"},"modified":"2021-01-22T22:56:26","modified_gmt":"2021-01-23T05:56:26","slug":"el-parlamento-frances-adopta-una-ley-para-proteger-los-ruidos-y-olores-del-campo","status":"publish","type":"post","link":"https:\/\/www.sonoraenequipo.com.mx\/el-parlamento-frances-adopta-una-ley-para-proteger-los-ruidos-y-olores-del-campo\/","title":{"rendered":"El Parlamento franc\u00e9s adopta una ley para proteger los ruidos y olores del campo"},"content":{"rendered":"<p>FRANCIA. \u2014 Se llamen Marcel o Maurice, los gallos franceses podr\u00e1n cantar sin temer conflictos entre vecinos&#8230; Es el objetivo del texto para <em>\u00abproteger el patrimonio sensorial del campo\u00bb<\/em>, adoptado definitivamente el jueves (21.01.2021) por el Parlamento franc\u00e9s, mediante un voto final un\u00e1nime del Senado.<\/p>\n<p> <\/p>\n<p>&nbsp;<\/p>\n<p>El cacareo del gallo, el ta\u00f1ido de las campanas y el olor de los establos ser\u00e1n protegidos en Francia. El Parlamento franc\u00e9s adopt\u00f3 este 21 de enero una ley para proteger los sonidos y olores del campo, el llamado<em> \u00abpatrimonio sensorial\u00bb.<\/em><\/p>\n<p>&nbsp;<\/p>\n<p>El objetivo es evitar litigios por los ruidos u olores propios del campo, como el que enfrent\u00f3 a dos vecinos en una batalla legal por el canto matutino del gallo Maurice en Ol\u00e9ron, una isla en la costa atl\u00e1ntica de Francia.<\/p>\n<p>&nbsp;<\/p>\n<p>El secretario de Estado encargado del mundo rural, Jo\u00ebl Giraud, dijo que se trataba de <em>\u00abuna buena propuesta de ley de defensa de la ruralidad\u00bb. \u00abLa vida en el campo supone aceptar algunas molestias\u00bb,<\/em> apunt\u00f3.<\/p>\n<p>&nbsp;<\/p>\n<p>La ley declara caracter\u00edsticos del medio rural el ta\u00f1ido de las campanas de la iglesia, el canto de los grillos o el olor de los establos de caballos.<\/p>\n<p>&nbsp;<\/p>\n<p>El proyecto tambi\u00e9n prev\u00e9 que los servicios regionales del inventario del patrimonio cultural se encarguen de estudiar y calificar la <em>\u00abidentidad cultural de los territorios\u00bb.<\/em><\/p>\n<p>&nbsp;<\/p>\n<h3>Conflictos cada vez m\u00e1s frecuentes<\/h3>\n<p>&nbsp;<\/p>\n<p>Para el ponente del texto en el Senado, Pierre-Antoine Levi,<em> \u00abel simbolismo es fuerte\u00bb. Y el texto \u00abpuede ser una herramienta \u00fatil para los representantes electos locales en el d\u00eda a d\u00eda, para apoyarlos en su labor educativa y de mediaci\u00f3n\u00bb,<\/em> y permitirles desactivar los conflictos antes de que surjan.<\/p>\n<p>&nbsp;<\/p>\n<p>Ciertos conflictos, que a menudo hacen sonre\u00edr, a veces terminan en los tribunales. Y estos pleitos podr\u00edan aumentar a\u00fan m\u00e1s, <em>\u00abcon las ganas de campo\u00bb<\/em> generadas entre los ciudadanos urbanos por el confinamiento, se\u00f1alaron varios senadores.<\/p>\n<p>&nbsp;<\/p>\n<p>La iniciativa de proteger el <em>\u00abpatrimonio\u00bb<\/em> rural se remonta al alcalde de Gajac, un pueblo de 400 habitantes del suroeste de Francia, Bruno Dionis du S\u00e9jour. El agricultor jubilado hab\u00eda escrito una carta abierta contra los reci\u00e9n llegados d<em>e \u00aborigen mayoritariamente urbano\u00bb<\/em> que se trasladan al campo \u00ab<em>y descubren que los huevos no crecen en los \u00e1rboles\u00bb<\/em>. El l\u00edder local recibi\u00f3 un apoyo masivo, entre otros, del Parlamento.<\/p>\n<p>&nbsp;<\/p>\n<p>&nbsp;<\/p>\n<p>(Publicada el 22\/01\/2021 \/ Vicenta Linares\/ AFP)<\/p>\n","protected":false},"excerpt":{"rendered":"<p>FRANCIA. \u2014 Se llamen Marcel o Maurice, los gallos franceses podr\u00e1n cantar sin temer conflictos&#8230;<\/p>\n","protected":false},"author":1,"featured_media":105285,"comment_status":"open","ping_status":"open","sticky":false,"template":"","format":"standard","meta":{"_monsterinsights_skip_tracking":false,"_monsterinsights_sitenote_active":false,"_monsterinsights_sitenote_note":"","_monsterinsights_sitenote_category":0,"footnotes":""},"categories":[9],"tags":[],"class_list":["post"],"yoast_head":" \n<title>Sonora en Equipo. El Parlamento franc\u00e9s adopta una ley para proteger los ruidos y olores del campo Etc\u00e9tera<\/title>\n<meta name=\"description\" content=\"FRANCIA. \u2014 Se llamen Marcel o Maurice, los gallos franceses podr\u00e1n cantar sin temer conflictos entre vecinos... Es el objetivo del texto para &quot;proteger el En Sonora en Equipo publicamos toda la informaci\u00f3n de Sonora, M\u00e9xico y el Mundo de manera oportuna y busca que la libertad de expresi\u00f3n sea real. Visita nuestro medio informativo publicado desde Hermosillo, Sonora. %\" \/>\n<meta name=\"robots\" content=\"index, follow, max-snippet:-1, max-image-preview:large, max-video-preview:-1\" \/>\n<link rel=\"canonical\" href=\"https:\/\/www.sonoraenequipo.com.mx\/el-parlamento-frances-adopta-una-ley-para-proteger-los-ruidos-y-olores-del-campo\/\" \/>\n<meta property=\"og:locale\" content=\"es_ES\" \/>\n<meta property=\"og:type\" content=\"article\" \/>\n<meta property=\"og:title\" content=\"Sonora en Equipo. El Parlamento franc\u00e9s adopta una ley para proteger los ruidos y olores del campo Etc\u00e9tera\" \/>\n<meta property=\"og:description\" content=\"FRANCIA. \u2014 Se llamen Marcel o Maurice, los gallos franceses podr\u00e1n cantar sin temer conflictos entre vecinos... Es el objetivo del texto para &quot;proteger el En Sonora en Equipo publicamos toda la informaci\u00f3n de Sonora, M\u00e9xico y el Mundo de manera oportuna y busca que la libertad de expresi\u00f3n sea real. Visita nuestro medio informativo publicado desde Hermosillo, Sonora. %\" \/>\n<meta property=\"og:url\" content=\"https:\/\/www.sonoraenequipo.com.mx\/el-parlamento-frances-adopta-una-ley-para-proteger-los-ruidos-y-olores-del-campo\/\" \/>\n<meta property=\"og:site_name\" content=\"Sonora en Equipo.\" \/>\n<meta property=\"article:publisher\" content=\"https:\/\/www.facebook.com\/SonoraEE\/\" \/>\n<meta property=\"article:author\" content=\"https:\/\/www.facebook.com\/SonoraEE\" \/>\n<meta property=\"article:published_time\" content=\"2021-01-23T00:50:48+00:00\" \/>\n<meta property=\"article:modified_time\" content=\"2021-01-23T05:56:26+00:00\" \/>\n<meta property=\"og:image\" content=\"https:\/\/www.sonoraenequipo.com.mx\/storage\/2021\/01\/Montmoreau_16_Habitat_rural_opt.jpg\" \/>\n\t<meta property=\"og:image:width\" content=\"711\" \/>\n\t<meta property=\"og:image:height\" content=\"400\" \/>\n\t<meta property=\"og:image:type\" content=\"image\/jpeg\" \/>\n<meta name=\"author\" content=\"enequipo\" \/>\n<meta name=\"twitter:card\" content=\"summary_large_image\" \/>\n<meta name=\"twitter:creator\" content=\"@sonoraenequipo\" \/>\n<meta name=\"twitter:site\" content=\"@sonoraenequipo\" \/>\n<meta name=\"twitter:label1\" content=\"Escrito por\" \/>\n\t<meta name=\"twitter:data1\" content=\"enequipo\" \/>\n\t<meta name=\"twitter:label2\" content=\"Tiempo de lectura\" \/>\n\t<meta name=\"twitter:data2\" content=\"2 minutos\" \/>\n<script type=\"application\/ld+json\" class=\"yoast-schema-graph\">{\"@context\":\"https:\/\/schema.org\",\"@graph\":[{\"@type\":\"Article\",\"@id\":\"https:\/\/www.sonoraenequipo.com.mx\/el-parlamento-frances-adopta-una-ley-para-proteger-los-ruidos-y-olores-del-campo\/#article\",\"isPartOf\":{\"@id\":\"https:\/\/www.sonoraenequipo.com.mx\/el-parlamento-frances-adopta-una-ley-para-proteger-los-ruidos-y-olores-del-campo\/\"},\"author\":{\"name\":\"enequipo\",\"@id\":\"https:\/\/www.sonoraenequipo.com.mx\/#\/schema\/person\/50102df0fb23a8fa9e8effad8fa81386\"},\"headline\":\"El Parlamento franc\u00e9s adopta una ley para proteger los ruidos y olores del campo\",\"datePublished\":\"2021-01-23T00:50:48+00:00\",\"dateModified\":\"2021-01-23T05:56:26+00:00\",\"mainEntityOfPage\":{\"@id\":\"https:\/\/www.sonoraenequipo.com.mx\/el-parlamento-frances-adopta-una-ley-para-proteger-los-ruidos-y-olores-del-campo\/\"},\"wordCount\":426,\"commentCount\":0,\"publisher\":{\"@id\":\"https:\/\/www.sonoraenequipo.com.mx\/#organization\"},\"image\":{\"@id\":\"https:\/\/www.sonoraenequipo.com.mx\/el-parlamento-frances-adopta-una-ley-para-proteger-los-ruidos-y-olores-del-campo\/#primaryimage\"},\"thumbnailUrl\":\"https:\/\/www.sonoraenequipo.com.mx\/storage\/2021\/01\/Montmoreau_16_Habitat_rural_opt.jpg\",\"articleSection\":[\"Etc\u00e9tera\"],\"inLanguage\":\"es\",\"potentialAction\":[{\"@type\":\"CommentAction\",\"name\":\"Comment\",\"target\":[\"https:\/\/www.sonoraenequipo.com.mx\/el-parlamento-frances-adopta-una-ley-para-proteger-los-ruidos-y-olores-del-campo\/#respond\"]}]},{\"@type\":\"WebPage\",\"@id\":\"https:\/\/www.sonoraenequipo.com.mx\/el-parlamento-frances-adopta-una-ley-para-proteger-los-ruidos-y-olores-del-campo\/\",\"url\":\"https:\/\/www.sonoraenequipo.com.mx\/el-parlamento-frances-adopta-una-ley-para-proteger-los-ruidos-y-olores-del-campo\/\",\"name\":\"Sonora en Equipo. El Parlamento franc\u00e9s adopta una ley para proteger los ruidos y olores del campo Etc\u00e9tera\",\"isPartOf\":{\"@id\":\"https:\/\/www.sonoraenequipo.com.mx\/#website\"},\"primaryImageOfPage\":{\"@id\":\"https:\/\/www.sonoraenequipo.com.mx\/el-parlamento-frances-adopta-una-ley-para-proteger-los-ruidos-y-olores-del-campo\/#primaryimage\"},\"image\":{\"@id\":\"https:\/\/www.sonoraenequipo.com.mx\/el-parlamento-frances-adopta-una-ley-para-proteger-los-ruidos-y-olores-del-campo\/#primaryimage\"},\"thumbnailUrl\":\"https:\/\/www.sonoraenequipo.com.mx\/storage\/2021\/01\/Montmoreau_16_Habitat_rural_opt.jpg\",\"datePublished\":\"2021-01-23T00:50:48+00:00\",\"dateModified\":\"2021-01-23T05:56:26+00:00\",\"description\":\"FRANCIA. \u2014 Se llamen Marcel o Maurice, los gallos franceses podr\u00e1n cantar sin temer conflictos entre vecinos... Es el objetivo del texto para \\\"proteger el En Sonora en Equipo publicamos toda la informaci\u00f3n de Sonora, M\u00e9xico y el Mundo de manera oportuna y busca que la libertad de expresi\u00f3n sea real. Visita nuestro medio informativo publicado desde Hermosillo, Sonora. %\",\"breadcrumb\":{\"@id\":\"https:\/\/www.sonoraenequipo.com.mx\/el-parlamento-frances-adopta-una-ley-para-proteger-los-ruidos-y-olores-del-campo\/#breadcrumb\"},\"inLanguage\":\"es\",\"potentialAction\":[{\"@type\":\"ReadAction\",\"target\":[\"https:\/\/www.sonoraenequipo.com.mx\/el-parlamento-frances-adopta-una-ley-para-proteger-los-ruidos-y-olores-del-campo\/\"]}]},{\"@type\":\"ImageObject\",\"inLanguage\":\"es\",\"@id\":\"https:\/\/www.sonoraenequipo.com.mx\/el-parlamento-frances-adopta-una-ley-para-proteger-los-ruidos-y-olores-del-campo\/#primaryimage\",\"url\":\"https:\/\/www.sonoraenequipo.com.mx\/storage\/2021\/01\/Montmoreau_16_Habitat_rural_opt.jpg\",\"contentUrl\":\"https:\/\/www.sonoraenequipo.com.mx\/storage\/2021\/01\/Montmoreau_16_Habitat_rural_opt.jpg\",\"width\":711,\"height\":400},{\"@type\":\"BreadcrumbList\",\"@id\":\"https:\/\/www.sonoraenequipo.com.mx\/el-parlamento-frances-adopta-una-ley-para-proteger-los-ruidos-y-olores-del-campo\/#breadcrumb\",\"itemListElement\":[{\"@type\":\"ListItem\",\"position\":1,\"name\":\"Portada\",\"item\":\"https:\/\/www.sonoraenequipo.com.mx\/\"},{\"@type\":\"ListItem\",\"position\":2,\"name\":\"El Parlamento franc\u00e9s adopta una ley para proteger los ruidos y olores del campo\"}]},{\"@type\":\"WebSite\",\"@id\":\"https:\/\/www.sonoraenequipo.com.mx\/#website\",\"url\":\"https:\/\/www.sonoraenequipo.com.mx\/\",\"name\":\"Sonora en Equipo.\",\"description\":\"Diario en l\u00ednea con Noticias desde Hermosillo, Sonora\",\"publisher\":{\"@id\":\"https:\/\/www.sonoraenequipo.com.mx\/#organization\"},\"potentialAction\":[{\"@type\":\"SearchAction\",\"target\":{\"@type\":\"EntryPoint\",\"urlTemplate\":\"https:\/\/www.sonoraenequipo.com.mx\/?s={search_term_string}\"},\"query-input\":{\"@type\":\"PropertyValueSpecification\",\"valueRequired\":true,\"valueName\":\"search_term_string\"}}],\"inLanguage\":\"es\"},{\"@type\":\"Organization\",\"@id\":\"https:\/\/www.sonoraenequipo.com.mx\/#organization\",\"name\":\"Sonoraenequipo.com.mx\",\"url\":\"https:\/\/www.sonoraenequipo.com.mx\/\",\"logo\":{\"@type\":\"ImageObject\",\"inLanguage\":\"es\",\"@id\":\"https:\/\/www.sonoraenequipo.com.mx\/#\/schema\/logo\/image\/\",\"url\":\"https:\/\/www.sonoraenequipo.com.mx\/storage\/2019\/01\/sonoraenequipo_opt.png\",\"contentUrl\":\"https:\/\/www.sonoraenequipo.com.mx\/storage\/2019\/01\/sonoraenequipo_opt.png\",\"width\":375,\"height\":125,\"caption\":\"Sonoraenequipo.com.mx\"},\"image\":{\"@id\":\"https:\/\/www.sonoraenequipo.com.mx\/#\/schema\/logo\/image\/\"},\"sameAs\":[\"https:\/\/www.facebook.com\/SonoraEE\/\",\"https:\/\/x.com\/sonoraenequipo\",\"https:\/\/www.youtube.com\/channel\/UC338nW-lPEYmJQs4ZABQ1SQ\"]},{\"@type\":\"Person\",\"@id\":\"https:\/\/www.sonoraenequipo.com.mx\/#\/schema\/person\/50102df0fb23a8fa9e8effad8fa81386\",\"name\":\"enequipo\",\"image\":{\"@type\":\"ImageObject\",\"inLanguage\":\"es\",\"@id\":\"https:\/\/www.sonoraenequipo.com.mx\/#\/schema\/person\/image\/\",\"url\":\"https:\/\/secure.gravatar.com\/avatar\/049821681b589dabc0bc20695993ccebb09f5b5d4d790cd9251b97faac7c652b?s=96&d=blank&r=g\",\"contentUrl\":\"https:\/\/secure.gravatar.com\/avatar\/049821681b589dabc0bc20695993ccebb09f5b5d4d790cd9251b97faac7c652b?s=96&d=blank&r=g\",\"caption\":\"enequipo\"},\"sameAs\":[\"https:\/\/www.facebook.com\/SonoraEE\"]}]}<\/script>\n ","yoast_head_json":{"title":"Sonora en Equipo. El Parlamento franc\u00e9s adopta una ley para proteger los ruidos y olores del campo Etc\u00e9tera","description":"FRANCIA. \u2014 Se llamen Marcel o Maurice, los gallos franceses podr\u00e1n cantar sin temer conflictos entre vecinos... Es el objetivo del texto para \"proteger el En Sonora en Equipo publicamos toda la informaci\u00f3n de Sonora, M\u00e9xico y el Mundo de manera oportuna y busca que la libertad de expresi\u00f3n sea real. Visita nuestro medio informativo publicado desde Hermosillo, Sonora. %","robots":{"index":"index","follow":"follow","max-snippet":"max-snippet:-1","max-image-preview":"max-image-preview:large","max-video-preview":"max-video-preview:-1"},"canonical":"https:\/\/www.sonoraenequipo.com.mx\/el-parlamento-frances-adopta-una-ley-para-proteger-los-ruidos-y-olores-del-campo\/","og_locale":"es_ES","og_type":"article","og_title":"Sonora en Equipo. El Parlamento franc\u00e9s adopta una ley para proteger los ruidos y olores del campo Etc\u00e9tera","og_description":"FRANCIA. \u2014 Se llamen Marcel o Maurice, los gallos franceses podr\u00e1n cantar sin temer conflictos entre vecinos... Es el objetivo del texto para \"proteger el En Sonora en Equipo publicamos toda la informaci\u00f3n de Sonora, M\u00e9xico y el Mundo de manera oportuna y busca que la libertad de expresi\u00f3n sea real. Visita nuestro medio informativo publicado desde Hermosillo, Sonora. %","og_url":"https:\/\/www.sonoraenequipo.com.mx\/el-parlamento-frances-adopta-una-ley-para-proteger-los-ruidos-y-olores-del-campo\/","og_site_name":"Sonora en Equipo.","article_publisher":"https:\/\/www.facebook.com\/SonoraEE\/","article_author":"https:\/\/www.facebook.com\/SonoraEE","article_published_time":"2021-01-23T00:50:48+00:00","article_modified_time":"2021-01-23T05:56:26+00:00","og_image":[{"width":711,"height":400,"url":"https:\/\/www.sonoraenequipo.com.mx\/storage\/2021\/01\/Montmoreau_16_Habitat_rural_opt.jpg","type":"image\/jpeg"}],"author":"enequipo","twitter_card":"summary_large_image","twitter_creator":"@sonoraenequipo","twitter_site":"@sonoraenequipo","twitter_misc":{"Escrito por":"enequipo","Tiempo de lectura":"2 minutos"},"schema":{"@context":"https:\/\/schema.org","@graph":[{"@type":"Article","@id":"https:\/\/www.sonoraenequipo.com.mx\/el-parlamento-frances-adopta-una-ley-para-proteger-los-ruidos-y-olores-del-campo\/#article","isPartOf":{"@id":"https:\/\/www.sonoraenequipo.com.mx\/el-parlamento-frances-adopta-una-ley-para-proteger-los-ruidos-y-olores-del-campo\/"},"author":{"name":"enequipo","@id":"https:\/\/www.sonoraenequipo.com.mx\/#\/schema\/person\/50102df0fb23a8fa9e8effad8fa81386"},"headline":"El Parlamento franc\u00e9s adopta una ley para proteger los ruidos y olores del campo","datePublished":"2021-01-23T00:50:48+00:00","dateModified":"2021-01-23T05:56:26+00:00","mainEntityOfPage":{"@id":"https:\/\/www.sonoraenequipo.com.mx\/el-parlamento-frances-adopta-una-ley-para-proteger-los-ruidos-y-olores-del-campo\/"},"wordCount":426,"commentCount":0,"publisher":{"@id":"https:\/\/www.sonoraenequipo.com.mx\/#organization"},"image":{"@id":"https:\/\/www.sonoraenequipo.com.mx\/el-parlamento-frances-adopta-una-ley-para-proteger-los-ruidos-y-olores-del-campo\/#primaryimage"},"thumbnailUrl":"https:\/\/www.sonoraenequipo.com.mx\/storage\/2021\/01\/Montmoreau_16_Habitat_rural_opt.jpg","articleSection":["Etc\u00e9tera"],"inLanguage":"es","potentialAction":[{"@type":"CommentAction","name":"Comment","target":["https:\/\/www.sonoraenequipo.com.mx\/el-parlamento-frances-adopta-una-ley-para-proteger-los-ruidos-y-olores-del-campo\/#respond"]}]},{"@type":"WebPage","@id":"https:\/\/www.sonoraenequipo.com.mx\/el-parlamento-frances-adopta-una-ley-para-proteger-los-ruidos-y-olores-del-campo\/","url":"https:\/\/www.sonoraenequipo.com.mx\/el-parlamento-frances-adopta-una-ley-para-proteger-los-ruidos-y-olores-del-campo\/","name":"Sonora en Equipo. El Parlamento franc\u00e9s adopta una ley para proteger los ruidos y olores del campo Etc\u00e9tera","isPartOf":{"@id":"https:\/\/www.sonoraenequipo.com.mx\/#website"},"primaryImageOfPage":{"@id":"https:\/\/www.sonoraenequipo.com.mx\/el-parlamento-frances-adopta-una-ley-para-proteger-los-ruidos-y-olores-del-campo\/#primaryimage"},"image":{"@id":"https:\/\/www.sonoraenequipo.com.mx\/el-parlamento-frances-adopta-una-ley-para-proteger-los-ruidos-y-olores-del-campo\/#primaryimage"},"thumbnailUrl":"https:\/\/www.sonoraenequipo.com.mx\/storage\/2021\/01\/Montmoreau_16_Habitat_rural_opt.jpg","datePublished":"2021-01-23T00:50:48+00:00","dateModified":"2021-01-23T05:56:26+00:00","description":"FRANCIA. \u2014 Se llamen Marcel o Maurice, los gallos franceses podr\u00e1n cantar sin temer conflictos entre vecinos... Es el objetivo del texto para \"proteger el En Sonora en Equipo publicamos toda la informaci\u00f3n de Sonora, M\u00e9xico y el Mundo de manera oportuna y busca que la libertad de expresi\u00f3n sea real. Visita nuestro medio informativo publicado desde Hermosillo, Sonora. %","breadcrumb":{"@id":"https:\/\/www.sonoraenequipo.com.mx\/el-parlamento-frances-adopta-una-ley-para-proteger-los-ruidos-y-olores-del-campo\/#breadcrumb"},"inLanguage":"es","potentialAction":[{"@type":"ReadAction","target":["https:\/\/www.sonoraenequipo.com.mx\/el-parlamento-frances-adopta-una-ley-para-proteger-los-ruidos-y-olores-del-campo\/"]}]},{"@type":"ImageObject","inLanguage":"es","@id":"https:\/\/www.sonoraenequipo.com.mx\/el-parlamento-frances-adopta-una-ley-para-proteger-los-ruidos-y-olores-del-campo\/#primaryimage","url":"https:\/\/www.sonoraenequipo.com.mx\/storage\/2021\/01\/Montmoreau_16_Habitat_rural_opt.jpg","contentUrl":"https:\/\/www.sonoraenequipo.com.mx\/storage\/2021\/01\/Montmoreau_16_Habitat_rural_opt.jpg","width":711,"height":400},{"@type":"BreadcrumbList","@id":"https:\/\/www.sonoraenequipo.com.mx\/el-parlamento-frances-adopta-una-ley-para-proteger-los-ruidos-y-olores-del-campo\/#breadcrumb","itemListElement":[{"@type":"ListItem","position":1,"name":"Portada","item":"https:\/\/www.sonoraenequipo.com.mx\/"},{"@type":"ListItem","position":2,"name":"El Parlamento franc\u00e9s adopta una ley para proteger los ruidos y olores del campo"}]},{"@type":"WebSite","@id":"https:\/\/www.sonoraenequipo.com.mx\/#website","url":"https:\/\/www.sonoraenequipo.com.mx\/","name":"Sonora en Equipo.","description":"Diario en l\u00ednea con Noticias desde Hermosillo, Sonora","publisher":{"@id":"https:\/\/www.sonoraenequipo.com.mx\/#organization"},"potentialAction":[{"@type":"SearchAction","target":{"@type":"EntryPoint","urlTemplate":"https:\/\/www.sonoraenequipo.com.mx\/?s={search_term_string}"},"query-input":{"@type":"PropertyValueSpecification","valueRequired":true,"valueName":"search_term_string"}}],"inLanguage":"es"},{"@type":"Organization","@id":"https:\/\/www.sonoraenequipo.com.mx\/#organization","name":"Sonoraenequipo.com.mx","url":"https:\/\/www.sonoraenequipo.com.mx\/","logo":{"@type":"ImageObject","inLanguage":"es","@id":"https:\/\/www.sonoraenequipo.com.mx\/#\/schema\/logo\/image\/","url":"https:\/\/www.sonoraenequipo.com.mx\/storage\/2019\/01\/sonoraenequipo_opt.png","contentUrl":"https:\/\/www.sonoraenequipo.com.mx\/storage\/2019\/01\/sonoraenequipo_opt.png","width":375,"height":125,"caption":"Sonoraenequipo.com.mx"},"image":{"@id":"https:\/\/www.sonoraenequipo.com.mx\/#\/schema\/logo\/image\/"},"sameAs":["https:\/\/www.facebook.com\/SonoraEE\/","https:\/\/x.com\/sonoraenequipo","https:\/\/www.youtube.com\/channel\/UC338nW-lPEYmJQs4ZABQ1SQ"]},{"@type":"Person","@id":"https:\/\/www.sonoraenequipo.com.mx\/#\/schema\/person\/50102df0fb23a8fa9e8effad8fa81386","name":"enequipo","image":{"@type":"ImageObject","inLanguage":"es","@id":"https:\/\/www.sonoraenequipo.com.mx\/#\/schema\/person\/image\/","url":"https:\/\/secure.gravatar.com\/avatar\/049821681b589dabc0bc20695993ccebb09f5b5d4d790cd9251b97faac7c652b?s=96&d=blank&r=g","contentUrl":"https:\/\/secure.gravatar.com\/avatar\/049821681b589dabc0bc20695993ccebb09f5b5d4d790cd9251b97faac7c652b?s=96&d=blank&r=g","caption":"enequipo"},"sameAs":["https:\/\/www.facebook.com\/SonoraEE"]}]}},"jetpack_featured_media_url":"https:\/\/www.sonoraenequipo.com.mx\/storage\/2021\/01\/Montmoreau_16_Habitat_rural_opt.jpg","_links":{"self":[{"href":"https:\/\/www.sonoraenequipo.com.mx\/api\/wp\/v2\/posts\/105293","targetHints":{"allow":["GET"]}}],"collection":[{"href":"https:\/\/www.sonoraenequipo.com.mx\/api\/wp\/v2\/posts"}],"about":[{"href":"https:\/\/www.sonoraenequipo.com.mx\/api\/wp\/v2\/types\/post"}],"author":[{"embeddable":true,"href":"https:\/\/www.sonoraenequipo.com.mx\/api\/wp\/v2\/users\/1"}],"replies":[{"embeddable":true,"href":"https:\/\/www.sonoraenequipo.com.mx\/api\/wp\/v2\/comments?post=105293"}],"version-history":[{"count":1,"href":"https:\/\/www.sonoraenequipo.com.mx\/api\/wp\/v2\/posts\/105293\/revisions"}],"predecessor-version":[{"id":105294,"href":"https:\/\/www.sonoraenequipo.com.mx\/api\/wp\/v2\/posts\/105293\/revisions\/105294"}],"wp:featuredmedia":[{"embeddable":true,"href":"https:\/\/www.sonoraenequipo.com.mx\/api\/wp\/v2\/media\/105285"}],"wp:attachment":[{"href":"https:\/\/www.sonoraenequipo.com.mx\/api\/wp\/v2\/media?parent=105293"}],"wp:term":[{"taxonomy":"category","embeddable":true,"href":"https:\/\/www.sonoraenequipo.com.mx\/api\/wp\/v2\/categories?post=105293"},{"taxonomy":"post_tag","embeddable":true,"href":"https:\/\/www.sonoraenequipo.com.mx\/api\/wp\/v2\/tags?post=105293"}],"curies":[{"name":"wp","href":"https:\/\/api.w.org\/{rel}","templated":true}]}}