{"id":105297,"date":"2021-01-23T07:15:31","date_gmt":"2021-01-23T14:15:31","guid":{"rendered":"https:\/\/www.sonoraenequipo.com.mx\/?p=105297"},"modified":"2021-01-22T23:18:29","modified_gmt":"2021-01-23T06:18:29","slug":"jimenez-usaria-un-casco-protector-el-resto-de-su-carrera","status":"publish","type":"post","link":"https:\/\/www.sonoraenequipo.com.mx\/jimenez-usaria-un-casco-protector-el-resto-de-su-carrera\/","title":{"rendered":"Jim\u00e9nez usar\u00eda un casco protector el resto de su carrera"},"content":{"rendered":"<p>Jim\u00e9nez usar\u00eda un casco protector el resto de su carera<\/p>\n<p>&nbsp;<\/p>\n<p>WOLVERHAMPTON,INGLATERRA.\u2500Ra\u00fal Jim\u00e9nez, de 29 a\u00f1os, sufri\u00f3 una fractura de cr\u00e1neo en e ljuego ante Arsenal a fines de noviembre y se someti\u00f3 a una cirug\u00eda para reparar el da\u00f1o.<\/p>\n<p>&nbsp;<\/p>\n<p>En las \u00faltimas semanas ha visitado el campo de entrenamiento de los Wolves y se le ha mostrado viendo partidos desde el interior del estadio, y ahora est\u00e1 intensificando su recuperaci\u00f3n.<\/p>\n<p>&nbsp;<\/p>\n<p>El manager de los Wolves, Nuno Espirito Santo, dice que se trata de si regresa. Si no cu\u00e1ndo<\/p>\n<p>&nbsp;<\/p>\n<p>\u201cRa\u00fal est\u00e1 progresando bien\u201d, dijo Santo. \u201cSin un horario, est\u00e1 mejorando, ahora est\u00e1 haciendo ejercicios. No es una cuesti\u00f3n de esperanza, estamos seguros de que volver\u00e1. En el momento adecuado se unir\u00e1 a nosotros y eso es bueno \u201d.<\/p>\n<p>&nbsp;<\/p>\n<p>Esta es una gran noticia para Jim\u00e9nez y los Lobos, ya que muchos tem\u00edan que la estrella de El Tri pudiera estar fuera por mucho, mucho tiempo.<\/p>\n<p>&nbsp;<\/p>\n<p>Los lobos continuaron diciendo lo siguiente sobre Jim\u00e9nez, ya que tambi\u00e9n quer\u00edan recordarle a la gente lo lejos que ha llegado en tan poco tiempo.<\/p>\n<p>&nbsp;<\/p>\n<p>\u00abRa\u00fal ha pasado cinco semanas desde su cirug\u00eda despu\u00e9s de una fractura de cr\u00e1neo y est\u00e1 haciendo algunos trabajos de acondicionamiento f\u00edsico temprano, pero todav\u00eda tiene un camino por recorrer, sin embargo, las cosas van bien\u00bb, dijo Wolves en un comunicado a principios de mes<\/p>\n<p>&nbsp;<\/p>\n<p>\u00bfQu\u00e9 significa esto para los lobos?<\/p>\n<p>Est\u00e1 claro que los Lobos han echado mucho de menos a Jim\u00e9nez desde que se lesion\u00f3, ya que se han retrocedido en la Premier League y est\u00e1n sin ganar en cuatro partidos, ya que se han visto desarticulados y el delantero adolescente Fabio Silva ten\u00eda una gran tarea para reemplazar a Jim\u00e9nez.<\/p>\n<p>&nbsp;<\/p>\n<p>Patrick Cutrone tambi\u00e9n ha sido retirado de su pr\u00e9stamo en la Fiorentina, ya que el delantero italiano ayudar\u00e1 a los Wolves a hacer frente a la ausencia continua de Jim\u00e9nez.<\/p>\n<p>&nbsp;<\/p>\n<p>Desde que Jim\u00e9nez se lesion\u00f3, han ganado solo uno de sus siete \u00faltimos partidos de la Premier League y solo ha marcado siete goles en ese tramo. Santo ha dicho que los Wolves necesitan fortalecerse en la ventanilla de transferencia de enero y parece que traer un delantero, ya sea como una soluci\u00f3n temporal o de largo plazo, es su principal objetivo.<\/p>\n<p>&nbsp;<\/p>\n<p>Eso significa que Jim\u00e9nez todav\u00eda est\u00e1 un tiempo lejos de jugar, pero esta \u00faltima actualizaci\u00f3n sugiere que Jim\u00e9nez podr\u00eda regresar a la acci\u00f3n antes del final de la temporada 2020-21.<\/p>\n<p>&nbsp;<\/p>\n<p>Con lesiones similares en el cr\u00e1neo en el pasado, los jugadores han tenido que usar cascos protectores por el resto de sus carreras y considerando que Jim\u00e9nez est\u00e1 involucrado en muchos desaf\u00edos a\u00e9reos y su habilidad a\u00e9rea es una gran parte de su juego, eso podr\u00eda ser algo que necesitar\u00e1. cuando vuelve a la acci\u00f3n.<\/p>\n<p>&nbsp;<\/p>\n<p>Todo eso se puede arreglar en una fecha posterior porque lo principal es que Jim\u00e9nez ha dado un gran paso adelante en su recuperaci\u00f3n de una terrible lesi\u00f3n en la cabeza. Concluy\u00f3 el comunicado del Wolverhampton<\/p>\n<p>Fecha de publicaci\u00f3n 23\/ene\/2021<\/p>\n","protected":false},"excerpt":{"rendered":"<p>Jim\u00e9nez usar\u00eda un casco protector el resto de su carera &nbsp; WOLVERHAMPTON,INGLATERRA.\u2500Ra\u00fal Jim\u00e9nez, de 29&#8230;<\/p>\n","protected":false},"author":1,"featured_media":105298,"comment_status":"open","ping_status":"open","sticky":false,"template":"","format":"standard","meta":{"_monsterinsights_skip_tracking":false,"_monsterinsights_sitenote_active":false,"_monsterinsights_sitenote_note":"","_monsterinsights_sitenote_category":0,"footnotes":""},"categories":[10],"tags":[4518],"class_list":["post"],"yoast_head":" \n<title>Sonora en Equipo. Jim\u00e9nez usar\u00eda un casco protector el resto de su carrera Deportes<\/title>\n<meta name=\"description\" content=\"Jim\u00e9nez usar\u00eda un casco protector el resto de su carera &nbsp; WOLVERHAMPTON,INGLATERRA.\u2500Ra\u00fal Jim\u00e9nez, de 29 a\u00f1os, sufri\u00f3 una fractura de cr\u00e1neo en e En Sonora en Equipo publicamos toda la informaci\u00f3n de Sonora, M\u00e9xico y el Mundo de manera oportuna y busca que la libertad de expresi\u00f3n sea real. Visita nuestro medio informativo publicado desde Hermosillo, Sonora. %\" \/>\n<meta name=\"robots\" content=\"index, follow, max-snippet:-1, max-image-preview:large, max-video-preview:-1\" \/>\n<link rel=\"canonical\" href=\"https:\/\/www.sonoraenequipo.com.mx\/jimenez-usaria-un-casco-protector-el-resto-de-su-carrera\/\" \/>\n<meta property=\"og:locale\" content=\"es_ES\" \/>\n<meta property=\"og:type\" content=\"article\" \/>\n<meta property=\"og:title\" content=\"Sonora en Equipo. Jim\u00e9nez usar\u00eda un casco protector el resto de su carrera Deportes\" \/>\n<meta property=\"og:description\" content=\"Jim\u00e9nez usar\u00eda un casco protector el resto de su carera &nbsp; WOLVERHAMPTON,INGLATERRA.\u2500Ra\u00fal Jim\u00e9nez, de 29 a\u00f1os, sufri\u00f3 una fractura de cr\u00e1neo en e En Sonora en Equipo publicamos toda la informaci\u00f3n de Sonora, M\u00e9xico y el Mundo de manera oportuna y busca que la libertad de expresi\u00f3n sea real. Visita nuestro medio informativo publicado desde Hermosillo, Sonora. %\" \/>\n<meta property=\"og:url\" content=\"https:\/\/www.sonoraenequipo.com.mx\/jimenez-usaria-un-casco-protector-el-resto-de-su-carrera\/\" \/>\n<meta property=\"og:site_name\" content=\"Sonora en Equipo.\" \/>\n<meta property=\"article:publisher\" content=\"https:\/\/www.facebook.com\/SonoraEE\/\" \/>\n<meta property=\"article:author\" content=\"https:\/\/www.facebook.com\/SonoraEE\" \/>\n<meta property=\"article:published_time\" content=\"2021-01-23T14:15:31+00:00\" \/>\n<meta property=\"og:image\" content=\"https:\/\/www.sonoraenequipo.com.mx\/storage\/2021\/01\/raul-casco.jpg\" \/>\n\t<meta property=\"og:image:width\" content=\"500\" \/>\n\t<meta property=\"og:image:height\" content=\"311\" \/>\n\t<meta property=\"og:image:type\" content=\"image\/jpeg\" \/>\n<meta name=\"author\" content=\"enequipo\" \/>\n<meta name=\"twitter:card\" content=\"summary_large_image\" \/>\n<meta name=\"twitter:creator\" content=\"@sonoraenequipo\" \/>\n<meta name=\"twitter:site\" content=\"@sonoraenequipo\" \/>\n<meta name=\"twitter:label1\" content=\"Escrito por\" \/>\n\t<meta name=\"twitter:data1\" content=\"enequipo\" \/>\n\t<meta name=\"twitter:label2\" content=\"Tiempo de lectura\" \/>\n\t<meta name=\"twitter:data2\" content=\"3 minutos\" \/>\n<script type=\"application\/ld+json\" class=\"yoast-schema-graph\">{\"@context\":\"https:\/\/schema.org\",\"@graph\":[{\"@type\":\"Article\",\"@id\":\"https:\/\/www.sonoraenequipo.com.mx\/jimenez-usaria-un-casco-protector-el-resto-de-su-carrera\/#article\",\"isPartOf\":{\"@id\":\"https:\/\/www.sonoraenequipo.com.mx\/jimenez-usaria-un-casco-protector-el-resto-de-su-carrera\/\"},\"author\":{\"name\":\"enequipo\",\"@id\":\"https:\/\/www.sonoraenequipo.com.mx\/#\/schema\/person\/50102df0fb23a8fa9e8effad8fa81386\"},\"headline\":\"Jim\u00e9nez usar\u00eda un casco protector el resto de su carrera\",\"datePublished\":\"2021-01-23T14:15:31+00:00\",\"mainEntityOfPage\":{\"@id\":\"https:\/\/www.sonoraenequipo.com.mx\/jimenez-usaria-un-casco-protector-el-resto-de-su-carrera\/\"},\"wordCount\":573,\"commentCount\":0,\"publisher\":{\"@id\":\"https:\/\/www.sonoraenequipo.com.mx\/#organization\"},\"image\":{\"@id\":\"https:\/\/www.sonoraenequipo.com.mx\/jimenez-usaria-un-casco-protector-el-resto-de-su-carrera\/#primaryimage\"},\"thumbnailUrl\":\"https:\/\/www.sonoraenequipo.com.mx\/storage\/2021\/01\/raul-casco.jpg\",\"keywords\":[\"Ra\u00fal Jim\u00e9nez\"],\"articleSection\":[\"Deportes\"],\"inLanguage\":\"es\",\"potentialAction\":[{\"@type\":\"CommentAction\",\"name\":\"Comment\",\"target\":[\"https:\/\/www.sonoraenequipo.com.mx\/jimenez-usaria-un-casco-protector-el-resto-de-su-carrera\/#respond\"]}]},{\"@type\":\"WebPage\",\"@id\":\"https:\/\/www.sonoraenequipo.com.mx\/jimenez-usaria-un-casco-protector-el-resto-de-su-carrera\/\",\"url\":\"https:\/\/www.sonoraenequipo.com.mx\/jimenez-usaria-un-casco-protector-el-resto-de-su-carrera\/\",\"name\":\"Sonora en Equipo. Jim\u00e9nez usar\u00eda un casco protector el resto de su carrera Deportes\",\"isPartOf\":{\"@id\":\"https:\/\/www.sonoraenequipo.com.mx\/#website\"},\"primaryImageOfPage\":{\"@id\":\"https:\/\/www.sonoraenequipo.com.mx\/jimenez-usaria-un-casco-protector-el-resto-de-su-carrera\/#primaryimage\"},\"image\":{\"@id\":\"https:\/\/www.sonoraenequipo.com.mx\/jimenez-usaria-un-casco-protector-el-resto-de-su-carrera\/#primaryimage\"},\"thumbnailUrl\":\"https:\/\/www.sonoraenequipo.com.mx\/storage\/2021\/01\/raul-casco.jpg\",\"datePublished\":\"2021-01-23T14:15:31+00:00\",\"description\":\"Jim\u00e9nez usar\u00eda un casco protector el resto de su carera &nbsp; WOLVERHAMPTON,INGLATERRA.\u2500Ra\u00fal Jim\u00e9nez, de 29 a\u00f1os, sufri\u00f3 una fractura de cr\u00e1neo en e En Sonora en Equipo publicamos toda la informaci\u00f3n de Sonora, M\u00e9xico y el Mundo de manera oportuna y busca que la libertad de expresi\u00f3n sea real. Visita nuestro medio informativo publicado desde Hermosillo, Sonora. %\",\"breadcrumb\":{\"@id\":\"https:\/\/www.sonoraenequipo.com.mx\/jimenez-usaria-un-casco-protector-el-resto-de-su-carrera\/#breadcrumb\"},\"inLanguage\":\"es\",\"potentialAction\":[{\"@type\":\"ReadAction\",\"target\":[\"https:\/\/www.sonoraenequipo.com.mx\/jimenez-usaria-un-casco-protector-el-resto-de-su-carrera\/\"]}]},{\"@type\":\"ImageObject\",\"inLanguage\":\"es\",\"@id\":\"https:\/\/www.sonoraenequipo.com.mx\/jimenez-usaria-un-casco-protector-el-resto-de-su-carrera\/#primaryimage\",\"url\":\"https:\/\/www.sonoraenequipo.com.mx\/storage\/2021\/01\/raul-casco.jpg\",\"contentUrl\":\"https:\/\/www.sonoraenequipo.com.mx\/storage\/2021\/01\/raul-casco.jpg\",\"width\":500,\"height\":311,\"caption\":\"Un casco protector como el de la imagen usar\u00eda Jim\u00e9nez cuando regrese de la fractura de cr\u00e1neo que sufri\u00f3 en noviembre\"},{\"@type\":\"BreadcrumbList\",\"@id\":\"https:\/\/www.sonoraenequipo.com.mx\/jimenez-usaria-un-casco-protector-el-resto-de-su-carrera\/#breadcrumb\",\"itemListElement\":[{\"@type\":\"ListItem\",\"position\":1,\"name\":\"Portada\",\"item\":\"https:\/\/www.sonoraenequipo.com.mx\/\"},{\"@type\":\"ListItem\",\"position\":2,\"name\":\"Jim\u00e9nez usar\u00eda un casco protector el resto de su carrera\"}]},{\"@type\":\"WebSite\",\"@id\":\"https:\/\/www.sonoraenequipo.com.mx\/#website\",\"url\":\"https:\/\/www.sonoraenequipo.com.mx\/\",\"name\":\"Sonora en Equipo.\",\"description\":\"Diario en l\u00ednea con Noticias desde Hermosillo, Sonora\",\"publisher\":{\"@id\":\"https:\/\/www.sonoraenequipo.com.mx\/#organization\"},\"potentialAction\":[{\"@type\":\"SearchAction\",\"target\":{\"@type\":\"EntryPoint\",\"urlTemplate\":\"https:\/\/www.sonoraenequipo.com.mx\/?s={search_term_string}\"},\"query-input\":{\"@type\":\"PropertyValueSpecification\",\"valueRequired\":true,\"valueName\":\"search_term_string\"}}],\"inLanguage\":\"es\"},{\"@type\":\"Organization\",\"@id\":\"https:\/\/www.sonoraenequipo.com.mx\/#organization\",\"name\":\"Sonoraenequipo.com.mx\",\"url\":\"https:\/\/www.sonoraenequipo.com.mx\/\",\"logo\":{\"@type\":\"ImageObject\",\"inLanguage\":\"es\",\"@id\":\"https:\/\/www.sonoraenequipo.com.mx\/#\/schema\/logo\/image\/\",\"url\":\"https:\/\/www.sonoraenequipo.com.mx\/storage\/2019\/01\/sonoraenequipo_opt.png\",\"contentUrl\":\"https:\/\/www.sonoraenequipo.com.mx\/storage\/2019\/01\/sonoraenequipo_opt.png\",\"width\":375,\"height\":125,\"caption\":\"Sonoraenequipo.com.mx\"},\"image\":{\"@id\":\"https:\/\/www.sonoraenequipo.com.mx\/#\/schema\/logo\/image\/\"},\"sameAs\":[\"https:\/\/www.facebook.com\/SonoraEE\/\",\"https:\/\/x.com\/sonoraenequipo\",\"https:\/\/www.youtube.com\/channel\/UC338nW-lPEYmJQs4ZABQ1SQ\"]},{\"@type\":\"Person\",\"@id\":\"https:\/\/www.sonoraenequipo.com.mx\/#\/schema\/person\/50102df0fb23a8fa9e8effad8fa81386\",\"name\":\"enequipo\",\"image\":{\"@type\":\"ImageObject\",\"inLanguage\":\"es\",\"@id\":\"https:\/\/www.sonoraenequipo.com.mx\/#\/schema\/person\/image\/\",\"url\":\"https:\/\/secure.gravatar.com\/avatar\/049821681b589dabc0bc20695993ccebb09f5b5d4d790cd9251b97faac7c652b?s=96&d=blank&r=g\",\"contentUrl\":\"https:\/\/secure.gravatar.com\/avatar\/049821681b589dabc0bc20695993ccebb09f5b5d4d790cd9251b97faac7c652b?s=96&d=blank&r=g\",\"caption\":\"enequipo\"},\"sameAs\":[\"https:\/\/www.facebook.com\/SonoraEE\"]}]}<\/script>\n ","yoast_head_json":{"title":"Sonora en Equipo. Jim\u00e9nez usar\u00eda un casco protector el resto de su carrera Deportes","description":"Jim\u00e9nez usar\u00eda un casco protector el resto de su carera &nbsp; WOLVERHAMPTON,INGLATERRA.\u2500Ra\u00fal Jim\u00e9nez, de 29 a\u00f1os, sufri\u00f3 una fractura de cr\u00e1neo en e En Sonora en Equipo publicamos toda la informaci\u00f3n de Sonora, M\u00e9xico y el Mundo de manera oportuna y busca que la libertad de expresi\u00f3n sea real. Visita nuestro medio informativo publicado desde Hermosillo, Sonora. %","robots":{"index":"index","follow":"follow","max-snippet":"max-snippet:-1","max-image-preview":"max-image-preview:large","max-video-preview":"max-video-preview:-1"},"canonical":"https:\/\/www.sonoraenequipo.com.mx\/jimenez-usaria-un-casco-protector-el-resto-de-su-carrera\/","og_locale":"es_ES","og_type":"article","og_title":"Sonora en Equipo. Jim\u00e9nez usar\u00eda un casco protector el resto de su carrera Deportes","og_description":"Jim\u00e9nez usar\u00eda un casco protector el resto de su carera &nbsp; WOLVERHAMPTON,INGLATERRA.\u2500Ra\u00fal Jim\u00e9nez, de 29 a\u00f1os, sufri\u00f3 una fractura de cr\u00e1neo en e En Sonora en Equipo publicamos toda la informaci\u00f3n de Sonora, M\u00e9xico y el Mundo de manera oportuna y busca que la libertad de expresi\u00f3n sea real. Visita nuestro medio informativo publicado desde Hermosillo, Sonora. %","og_url":"https:\/\/www.sonoraenequipo.com.mx\/jimenez-usaria-un-casco-protector-el-resto-de-su-carrera\/","og_site_name":"Sonora en Equipo.","article_publisher":"https:\/\/www.facebook.com\/SonoraEE\/","article_author":"https:\/\/www.facebook.com\/SonoraEE","article_published_time":"2021-01-23T14:15:31+00:00","og_image":[{"width":500,"height":311,"url":"https:\/\/www.sonoraenequipo.com.mx\/storage\/2021\/01\/raul-casco.jpg","type":"image\/jpeg"}],"author":"enequipo","twitter_card":"summary_large_image","twitter_creator":"@sonoraenequipo","twitter_site":"@sonoraenequipo","twitter_misc":{"Escrito por":"enequipo","Tiempo de lectura":"3 minutos"},"schema":{"@context":"https:\/\/schema.org","@graph":[{"@type":"Article","@id":"https:\/\/www.sonoraenequipo.com.mx\/jimenez-usaria-un-casco-protector-el-resto-de-su-carrera\/#article","isPartOf":{"@id":"https:\/\/www.sonoraenequipo.com.mx\/jimenez-usaria-un-casco-protector-el-resto-de-su-carrera\/"},"author":{"name":"enequipo","@id":"https:\/\/www.sonoraenequipo.com.mx\/#\/schema\/person\/50102df0fb23a8fa9e8effad8fa81386"},"headline":"Jim\u00e9nez usar\u00eda un casco protector el resto de su carrera","datePublished":"2021-01-23T14:15:31+00:00","mainEntityOfPage":{"@id":"https:\/\/www.sonoraenequipo.com.mx\/jimenez-usaria-un-casco-protector-el-resto-de-su-carrera\/"},"wordCount":573,"commentCount":0,"publisher":{"@id":"https:\/\/www.sonoraenequipo.com.mx\/#organization"},"image":{"@id":"https:\/\/www.sonoraenequipo.com.mx\/jimenez-usaria-un-casco-protector-el-resto-de-su-carrera\/#primaryimage"},"thumbnailUrl":"https:\/\/www.sonoraenequipo.com.mx\/storage\/2021\/01\/raul-casco.jpg","keywords":["Ra\u00fal Jim\u00e9nez"],"articleSection":["Deportes"],"inLanguage":"es","potentialAction":[{"@type":"CommentAction","name":"Comment","target":["https:\/\/www.sonoraenequipo.com.mx\/jimenez-usaria-un-casco-protector-el-resto-de-su-carrera\/#respond"]}]},{"@type":"WebPage","@id":"https:\/\/www.sonoraenequipo.com.mx\/jimenez-usaria-un-casco-protector-el-resto-de-su-carrera\/","url":"https:\/\/www.sonoraenequipo.com.mx\/jimenez-usaria-un-casco-protector-el-resto-de-su-carrera\/","name":"Sonora en Equipo. Jim\u00e9nez usar\u00eda un casco protector el resto de su carrera Deportes","isPartOf":{"@id":"https:\/\/www.sonoraenequipo.com.mx\/#website"},"primaryImageOfPage":{"@id":"https:\/\/www.sonoraenequipo.com.mx\/jimenez-usaria-un-casco-protector-el-resto-de-su-carrera\/#primaryimage"},"image":{"@id":"https:\/\/www.sonoraenequipo.com.mx\/jimenez-usaria-un-casco-protector-el-resto-de-su-carrera\/#primaryimage"},"thumbnailUrl":"https:\/\/www.sonoraenequipo.com.mx\/storage\/2021\/01\/raul-casco.jpg","datePublished":"2021-01-23T14:15:31+00:00","description":"Jim\u00e9nez usar\u00eda un casco protector el resto de su carera &nbsp; WOLVERHAMPTON,INGLATERRA.\u2500Ra\u00fal Jim\u00e9nez, de 29 a\u00f1os, sufri\u00f3 una fractura de cr\u00e1neo en e En Sonora en Equipo publicamos toda la informaci\u00f3n de Sonora, M\u00e9xico y el Mundo de manera oportuna y busca que la libertad de expresi\u00f3n sea real. Visita nuestro medio informativo publicado desde Hermosillo, Sonora. %","breadcrumb":{"@id":"https:\/\/www.sonoraenequipo.com.mx\/jimenez-usaria-un-casco-protector-el-resto-de-su-carrera\/#breadcrumb"},"inLanguage":"es","potentialAction":[{"@type":"ReadAction","target":["https:\/\/www.sonoraenequipo.com.mx\/jimenez-usaria-un-casco-protector-el-resto-de-su-carrera\/"]}]},{"@type":"ImageObject","inLanguage":"es","@id":"https:\/\/www.sonoraenequipo.com.mx\/jimenez-usaria-un-casco-protector-el-resto-de-su-carrera\/#primaryimage","url":"https:\/\/www.sonoraenequipo.com.mx\/storage\/2021\/01\/raul-casco.jpg","contentUrl":"https:\/\/www.sonoraenequipo.com.mx\/storage\/2021\/01\/raul-casco.jpg","width":500,"height":311,"caption":"Un casco protector como el de la imagen usar\u00eda Jim\u00e9nez cuando regrese de la fractura de cr\u00e1neo que sufri\u00f3 en noviembre"},{"@type":"BreadcrumbList","@id":"https:\/\/www.sonoraenequipo.com.mx\/jimenez-usaria-un-casco-protector-el-resto-de-su-carrera\/#breadcrumb","itemListElement":[{"@type":"ListItem","position":1,"name":"Portada","item":"https:\/\/www.sonoraenequipo.com.mx\/"},{"@type":"ListItem","position":2,"name":"Jim\u00e9nez usar\u00eda un casco protector el resto de su carrera"}]},{"@type":"WebSite","@id":"https:\/\/www.sonoraenequipo.com.mx\/#website","url":"https:\/\/www.sonoraenequipo.com.mx\/","name":"Sonora en Equipo.","description":"Diario en l\u00ednea con Noticias desde Hermosillo, Sonora","publisher":{"@id":"https:\/\/www.sonoraenequipo.com.mx\/#organization"},"potentialAction":[{"@type":"SearchAction","target":{"@type":"EntryPoint","urlTemplate":"https:\/\/www.sonoraenequipo.com.mx\/?s={search_term_string}"},"query-input":{"@type":"PropertyValueSpecification","valueRequired":true,"valueName":"search_term_string"}}],"inLanguage":"es"},{"@type":"Organization","@id":"https:\/\/www.sonoraenequipo.com.mx\/#organization","name":"Sonoraenequipo.com.mx","url":"https:\/\/www.sonoraenequipo.com.mx\/","logo":{"@type":"ImageObject","inLanguage":"es","@id":"https:\/\/www.sonoraenequipo.com.mx\/#\/schema\/logo\/image\/","url":"https:\/\/www.sonoraenequipo.com.mx\/storage\/2019\/01\/sonoraenequipo_opt.png","contentUrl":"https:\/\/www.sonoraenequipo.com.mx\/storage\/2019\/01\/sonoraenequipo_opt.png","width":375,"height":125,"caption":"Sonoraenequipo.com.mx"},"image":{"@id":"https:\/\/www.sonoraenequipo.com.mx\/#\/schema\/logo\/image\/"},"sameAs":["https:\/\/www.facebook.com\/SonoraEE\/","https:\/\/x.com\/sonoraenequipo","https:\/\/www.youtube.com\/channel\/UC338nW-lPEYmJQs4ZABQ1SQ"]},{"@type":"Person","@id":"https:\/\/www.sonoraenequipo.com.mx\/#\/schema\/person\/50102df0fb23a8fa9e8effad8fa81386","name":"enequipo","image":{"@type":"ImageObject","inLanguage":"es","@id":"https:\/\/www.sonoraenequipo.com.mx\/#\/schema\/person\/image\/","url":"https:\/\/secure.gravatar.com\/avatar\/049821681b589dabc0bc20695993ccebb09f5b5d4d790cd9251b97faac7c652b?s=96&d=blank&r=g","contentUrl":"https:\/\/secure.gravatar.com\/avatar\/049821681b589dabc0bc20695993ccebb09f5b5d4d790cd9251b97faac7c652b?s=96&d=blank&r=g","caption":"enequipo"},"sameAs":["https:\/\/www.facebook.com\/SonoraEE"]}]}},"jetpack_featured_media_url":"https:\/\/www.sonoraenequipo.com.mx\/storage\/2021\/01\/raul-casco.jpg","_links":{"self":[{"href":"https:\/\/www.sonoraenequipo.com.mx\/api\/wp\/v2\/posts\/105297","targetHints":{"allow":["GET"]}}],"collection":[{"href":"https:\/\/www.sonoraenequipo.com.mx\/api\/wp\/v2\/posts"}],"about":[{"href":"https:\/\/www.sonoraenequipo.com.mx\/api\/wp\/v2\/types\/post"}],"author":[{"embeddable":true,"href":"https:\/\/www.sonoraenequipo.com.mx\/api\/wp\/v2\/users\/1"}],"replies":[{"embeddable":true,"href":"https:\/\/www.sonoraenequipo.com.mx\/api\/wp\/v2\/comments?post=105297"}],"version-history":[{"count":1,"href":"https:\/\/www.sonoraenequipo.com.mx\/api\/wp\/v2\/posts\/105297\/revisions"}],"predecessor-version":[{"id":105299,"href":"https:\/\/www.sonoraenequipo.com.mx\/api\/wp\/v2\/posts\/105297\/revisions\/105299"}],"wp:featuredmedia":[{"embeddable":true,"href":"https:\/\/www.sonoraenequipo.com.mx\/api\/wp\/v2\/media\/105298"}],"wp:attachment":[{"href":"https:\/\/www.sonoraenequipo.com.mx\/api\/wp\/v2\/media?parent=105297"}],"wp:term":[{"taxonomy":"category","embeddable":true,"href":"https:\/\/www.sonoraenequipo.com.mx\/api\/wp\/v2\/categories?post=105297"},{"taxonomy":"post_tag","embeddable":true,"href":"https:\/\/www.sonoraenequipo.com.mx\/api\/wp\/v2\/tags?post=105297"}],"curies":[{"name":"wp","href":"https:\/\/api.w.org\/{rel}","templated":true}]}}