{"id":105316,"date":"2021-01-23T20:25:22","date_gmt":"2021-01-24T03:25:22","guid":{"rendered":"https:\/\/www.sonoraenequipo.com.mx\/?p=105316"},"modified":"2021-01-23T19:32:24","modified_gmt":"2021-01-24T02:32:24","slug":"sacude-sismo-en-zona-central-a-chile-genera-alarma","status":"publish","type":"post","link":"https:\/\/www.sonoraenequipo.com.mx\/sacude-sismo-en-zona-central-a-chile-genera-alarma\/","title":{"rendered":"Sacude sismo en zona central a Chile genera alarma"},"content":{"rendered":"<p>SANTIAGO DE CHILE, CHILE. \u2014\u00a0 Un sismo remeci\u00f3 el s\u00e1bado la zona central de Chile, lo que gener\u00f3 alarma entre la poblaci\u00f3n pero sin registrarse da\u00f1os, seg\u00fan las autoridades.<\/p>\n<p>&nbsp;<\/p>\n<p> <\/p>\n<p>&nbsp;<\/p>\n<p>La Oficina Nacional de Emergencias (Onemi) dijo que el movimiento tel\u00farico de magnitud 5.8 en la zona central no reun\u00eda las condiciones para un tsunami.<\/p>\n<p>&nbsp;<\/p>\n<p>El estatal Servicio de Geolog\u00eda y Miner\u00eda (Sernageomin) dijo que \u00abtrabajadores, faenas mineras e instalaciones se reportan hasta este momento, sin problemas en las regiones de la zona central luego del sismo\u00bb.<\/p>\n<p>&nbsp;<\/p>\n<h3>Chile es el mayor productor mundial de cobre.<\/h3>\n<p>&nbsp;<\/p>\n<p>Por otra parte, la Onemi aclar\u00f3 que un mensaje previo que lleg\u00f3 a tel\u00e9fonos celulares en varias regiones del pa\u00eds, se refer\u00eda solamente a la zona ant\u00e1rtica tras otro sismo registrado en esa \u00e1rea minutos antes del temblor en el centro del territorio.<\/p>\n<p>&nbsp;<\/p>\n<p><em>\u00abInformamos que mensaje enviado a celulares corresponde a evacuaci\u00f3n en base Ant\u00e1rtica. Nuestros t\u00e9cnicos est\u00e1n revisando falla del sistema SAE\u00bb,<\/em> dijo la Onemi en su cuenta de Twitter.<\/p>\n<p>&nbsp;<\/p>\n<p>El sismo costa afuera en la regi\u00f3n ant\u00e1rtica fue de 6.9, seg\u00fan datos del servicio sismol\u00f3gico estadounidense USGS.<\/p>\n<p>&nbsp;<\/p>\n<p>La Fuerza A\u00e9rea realiz\u00f3 una evacuaci\u00f3n preventiva en la Base A\u00e9rea Ant\u00e1rtica, agregando que el personal estaba seguro y <em>\u00abla infraestructura se encuentra sin observaciones\u00bb.<\/em><\/p>\n<p>&nbsp;<\/p>\n<p>(Publicada el 23\/01\/2021)<\/p>\n","protected":false},"excerpt":{"rendered":"<p>SANTIAGO DE CHILE, CHILE. \u2014\u00a0 Un sismo remeci\u00f3 el s\u00e1bado la zona central de Chile,&#8230;<\/p>\n","protected":false},"author":1,"featured_media":105318,"comment_status":"open","ping_status":"open","sticky":false,"template":"","format":"standard","meta":{"_monsterinsights_skip_tracking":false,"_monsterinsights_sitenote_active":false,"_monsterinsights_sitenote_note":"","_monsterinsights_sitenote_category":0,"footnotes":""},"categories":[3],"tags":[],"class_list":["post"],"yoast_head":" \n<title>Sonora en Equipo. Sacude sismo en zona central a Chile genera alarma MUNDO<\/title>\n<meta name=\"description\" content=\"SANTIAGO DE CHILE, CHILE. \u2014\u00a0 Un sismo remeci\u00f3 el s\u00e1bado la zona central de Chile, lo que gener\u00f3 alarma entre la poblaci\u00f3n pero sin registrarse da\u00f1os, En Sonora en Equipo publicamos toda la informaci\u00f3n de Sonora, M\u00e9xico y el Mundo de manera oportuna y busca que la libertad de expresi\u00f3n sea real. Visita nuestro medio informativo publicado desde Hermosillo, Sonora. %\" \/>\n<meta name=\"robots\" content=\"index, follow, max-snippet:-1, max-image-preview:large, max-video-preview:-1\" \/>\n<link rel=\"canonical\" href=\"https:\/\/www.sonoraenequipo.com.mx\/sacude-sismo-en-zona-central-a-chile-genera-alarma\/\" \/>\n<meta property=\"og:locale\" content=\"es_ES\" \/>\n<meta property=\"og:type\" content=\"article\" \/>\n<meta property=\"og:title\" content=\"Sonora en Equipo. Sacude sismo en zona central a Chile genera alarma MUNDO\" \/>\n<meta property=\"og:description\" content=\"SANTIAGO DE CHILE, CHILE. \u2014\u00a0 Un sismo remeci\u00f3 el s\u00e1bado la zona central de Chile, lo que gener\u00f3 alarma entre la poblaci\u00f3n pero sin registrarse da\u00f1os, En Sonora en Equipo publicamos toda la informaci\u00f3n de Sonora, M\u00e9xico y el Mundo de manera oportuna y busca que la libertad de expresi\u00f3n sea real. Visita nuestro medio informativo publicado desde Hermosillo, Sonora. %\" \/>\n<meta property=\"og:url\" content=\"https:\/\/www.sonoraenequipo.com.mx\/sacude-sismo-en-zona-central-a-chile-genera-alarma\/\" \/>\n<meta property=\"og:site_name\" content=\"Sonora en Equipo.\" \/>\n<meta property=\"article:publisher\" content=\"https:\/\/www.facebook.com\/SonoraEE\/\" \/>\n<meta property=\"article:author\" content=\"https:\/\/www.facebook.com\/SonoraEE\" \/>\n<meta property=\"article:published_time\" content=\"2021-01-24T03:25:22+00:00\" \/>\n<meta property=\"og:image\" content=\"https:\/\/www.sonoraenequipo.com.mx\/storage\/2021\/01\/sismos-en-chile_opt.jpg\" \/>\n\t<meta property=\"og:image:width\" content=\"643\" \/>\n\t<meta property=\"og:image:height\" content=\"400\" \/>\n\t<meta property=\"og:image:type\" content=\"image\/jpeg\" \/>\n<meta name=\"author\" content=\"enequipo\" \/>\n<meta name=\"twitter:card\" content=\"summary_large_image\" \/>\n<meta name=\"twitter:creator\" content=\"@sonoraenequipo\" \/>\n<meta name=\"twitter:site\" content=\"@sonoraenequipo\" \/>\n<meta name=\"twitter:label1\" content=\"Escrito por\" \/>\n\t<meta name=\"twitter:data1\" content=\"enequipo\" \/>\n\t<meta name=\"twitter:label2\" content=\"Tiempo de lectura\" \/>\n\t<meta name=\"twitter:data2\" content=\"1 minuto\" \/>\n<script type=\"application\/ld+json\" class=\"yoast-schema-graph\">{\"@context\":\"https:\/\/schema.org\",\"@graph\":[{\"@type\":\"Article\",\"@id\":\"https:\/\/www.sonoraenequipo.com.mx\/sacude-sismo-en-zona-central-a-chile-genera-alarma\/#article\",\"isPartOf\":{\"@id\":\"https:\/\/www.sonoraenequipo.com.mx\/sacude-sismo-en-zona-central-a-chile-genera-alarma\/\"},\"author\":{\"name\":\"enequipo\",\"@id\":\"https:\/\/www.sonoraenequipo.com.mx\/#\/schema\/person\/50102df0fb23a8fa9e8effad8fa81386\"},\"headline\":\"Sacude sismo en zona central a Chile genera alarma\",\"datePublished\":\"2021-01-24T03:25:22+00:00\",\"mainEntityOfPage\":{\"@id\":\"https:\/\/www.sonoraenequipo.com.mx\/sacude-sismo-en-zona-central-a-chile-genera-alarma\/\"},\"wordCount\":249,\"commentCount\":0,\"publisher\":{\"@id\":\"https:\/\/www.sonoraenequipo.com.mx\/#organization\"},\"image\":{\"@id\":\"https:\/\/www.sonoraenequipo.com.mx\/sacude-sismo-en-zona-central-a-chile-genera-alarma\/#primaryimage\"},\"thumbnailUrl\":\"https:\/\/www.sonoraenequipo.com.mx\/storage\/2021\/01\/sismos-en-chile_opt.jpg\",\"articleSection\":[\"MUNDO\"],\"inLanguage\":\"es\",\"potentialAction\":[{\"@type\":\"CommentAction\",\"name\":\"Comment\",\"target\":[\"https:\/\/www.sonoraenequipo.com.mx\/sacude-sismo-en-zona-central-a-chile-genera-alarma\/#respond\"]}]},{\"@type\":\"WebPage\",\"@id\":\"https:\/\/www.sonoraenequipo.com.mx\/sacude-sismo-en-zona-central-a-chile-genera-alarma\/\",\"url\":\"https:\/\/www.sonoraenequipo.com.mx\/sacude-sismo-en-zona-central-a-chile-genera-alarma\/\",\"name\":\"Sonora en Equipo. Sacude sismo en zona central a Chile genera alarma MUNDO\",\"isPartOf\":{\"@id\":\"https:\/\/www.sonoraenequipo.com.mx\/#website\"},\"primaryImageOfPage\":{\"@id\":\"https:\/\/www.sonoraenequipo.com.mx\/sacude-sismo-en-zona-central-a-chile-genera-alarma\/#primaryimage\"},\"image\":{\"@id\":\"https:\/\/www.sonoraenequipo.com.mx\/sacude-sismo-en-zona-central-a-chile-genera-alarma\/#primaryimage\"},\"thumbnailUrl\":\"https:\/\/www.sonoraenequipo.com.mx\/storage\/2021\/01\/sismos-en-chile_opt.jpg\",\"datePublished\":\"2021-01-24T03:25:22+00:00\",\"description\":\"SANTIAGO DE CHILE, CHILE. \u2014\u00a0 Un sismo remeci\u00f3 el s\u00e1bado la zona central de Chile, lo que gener\u00f3 alarma entre la poblaci\u00f3n pero sin registrarse da\u00f1os, En Sonora en Equipo publicamos toda la informaci\u00f3n de Sonora, M\u00e9xico y el Mundo de manera oportuna y busca que la libertad de expresi\u00f3n sea real. Visita nuestro medio informativo publicado desde Hermosillo, Sonora. %\",\"breadcrumb\":{\"@id\":\"https:\/\/www.sonoraenequipo.com.mx\/sacude-sismo-en-zona-central-a-chile-genera-alarma\/#breadcrumb\"},\"inLanguage\":\"es\",\"potentialAction\":[{\"@type\":\"ReadAction\",\"target\":[\"https:\/\/www.sonoraenequipo.com.mx\/sacude-sismo-en-zona-central-a-chile-genera-alarma\/\"]}]},{\"@type\":\"ImageObject\",\"inLanguage\":\"es\",\"@id\":\"https:\/\/www.sonoraenequipo.com.mx\/sacude-sismo-en-zona-central-a-chile-genera-alarma\/#primaryimage\",\"url\":\"https:\/\/www.sonoraenequipo.com.mx\/storage\/2021\/01\/sismos-en-chile_opt.jpg\",\"contentUrl\":\"https:\/\/www.sonoraenequipo.com.mx\/storage\/2021\/01\/sismos-en-chile_opt.jpg\",\"width\":643,\"height\":400},{\"@type\":\"BreadcrumbList\",\"@id\":\"https:\/\/www.sonoraenequipo.com.mx\/sacude-sismo-en-zona-central-a-chile-genera-alarma\/#breadcrumb\",\"itemListElement\":[{\"@type\":\"ListItem\",\"position\":1,\"name\":\"Portada\",\"item\":\"https:\/\/www.sonoraenequipo.com.mx\/\"},{\"@type\":\"ListItem\",\"position\":2,\"name\":\"Sacude sismo en zona central a Chile genera alarma\"}]},{\"@type\":\"WebSite\",\"@id\":\"https:\/\/www.sonoraenequipo.com.mx\/#website\",\"url\":\"https:\/\/www.sonoraenequipo.com.mx\/\",\"name\":\"Sonora en Equipo.\",\"description\":\"Diario en l\u00ednea con Noticias desde Hermosillo, Sonora\",\"publisher\":{\"@id\":\"https:\/\/www.sonoraenequipo.com.mx\/#organization\"},\"potentialAction\":[{\"@type\":\"SearchAction\",\"target\":{\"@type\":\"EntryPoint\",\"urlTemplate\":\"https:\/\/www.sonoraenequipo.com.mx\/?s={search_term_string}\"},\"query-input\":{\"@type\":\"PropertyValueSpecification\",\"valueRequired\":true,\"valueName\":\"search_term_string\"}}],\"inLanguage\":\"es\"},{\"@type\":\"Organization\",\"@id\":\"https:\/\/www.sonoraenequipo.com.mx\/#organization\",\"name\":\"Sonoraenequipo.com.mx\",\"url\":\"https:\/\/www.sonoraenequipo.com.mx\/\",\"logo\":{\"@type\":\"ImageObject\",\"inLanguage\":\"es\",\"@id\":\"https:\/\/www.sonoraenequipo.com.mx\/#\/schema\/logo\/image\/\",\"url\":\"https:\/\/www.sonoraenequipo.com.mx\/storage\/2019\/01\/sonoraenequipo_opt.png\",\"contentUrl\":\"https:\/\/www.sonoraenequipo.com.mx\/storage\/2019\/01\/sonoraenequipo_opt.png\",\"width\":375,\"height\":125,\"caption\":\"Sonoraenequipo.com.mx\"},\"image\":{\"@id\":\"https:\/\/www.sonoraenequipo.com.mx\/#\/schema\/logo\/image\/\"},\"sameAs\":[\"https:\/\/www.facebook.com\/SonoraEE\/\",\"https:\/\/x.com\/sonoraenequipo\",\"https:\/\/www.youtube.com\/channel\/UC338nW-lPEYmJQs4ZABQ1SQ\"]},{\"@type\":\"Person\",\"@id\":\"https:\/\/www.sonoraenequipo.com.mx\/#\/schema\/person\/50102df0fb23a8fa9e8effad8fa81386\",\"name\":\"enequipo\",\"image\":{\"@type\":\"ImageObject\",\"inLanguage\":\"es\",\"@id\":\"https:\/\/www.sonoraenequipo.com.mx\/#\/schema\/person\/image\/\",\"url\":\"https:\/\/secure.gravatar.com\/avatar\/049821681b589dabc0bc20695993ccebb09f5b5d4d790cd9251b97faac7c652b?s=96&d=blank&r=g\",\"contentUrl\":\"https:\/\/secure.gravatar.com\/avatar\/049821681b589dabc0bc20695993ccebb09f5b5d4d790cd9251b97faac7c652b?s=96&d=blank&r=g\",\"caption\":\"enequipo\"},\"sameAs\":[\"https:\/\/www.facebook.com\/SonoraEE\"]}]}<\/script>\n ","yoast_head_json":{"title":"Sonora en Equipo. Sacude sismo en zona central a Chile genera alarma MUNDO","description":"SANTIAGO DE CHILE, CHILE. \u2014\u00a0 Un sismo remeci\u00f3 el s\u00e1bado la zona central de Chile, lo que gener\u00f3 alarma entre la poblaci\u00f3n pero sin registrarse da\u00f1os, En Sonora en Equipo publicamos toda la informaci\u00f3n de Sonora, M\u00e9xico y el Mundo de manera oportuna y busca que la libertad de expresi\u00f3n sea real. Visita nuestro medio informativo publicado desde Hermosillo, Sonora. %","robots":{"index":"index","follow":"follow","max-snippet":"max-snippet:-1","max-image-preview":"max-image-preview:large","max-video-preview":"max-video-preview:-1"},"canonical":"https:\/\/www.sonoraenequipo.com.mx\/sacude-sismo-en-zona-central-a-chile-genera-alarma\/","og_locale":"es_ES","og_type":"article","og_title":"Sonora en Equipo. Sacude sismo en zona central a Chile genera alarma MUNDO","og_description":"SANTIAGO DE CHILE, CHILE. \u2014\u00a0 Un sismo remeci\u00f3 el s\u00e1bado la zona central de Chile, lo que gener\u00f3 alarma entre la poblaci\u00f3n pero sin registrarse da\u00f1os, En Sonora en Equipo publicamos toda la informaci\u00f3n de Sonora, M\u00e9xico y el Mundo de manera oportuna y busca que la libertad de expresi\u00f3n sea real. Visita nuestro medio informativo publicado desde Hermosillo, Sonora. %","og_url":"https:\/\/www.sonoraenequipo.com.mx\/sacude-sismo-en-zona-central-a-chile-genera-alarma\/","og_site_name":"Sonora en Equipo.","article_publisher":"https:\/\/www.facebook.com\/SonoraEE\/","article_author":"https:\/\/www.facebook.com\/SonoraEE","article_published_time":"2021-01-24T03:25:22+00:00","og_image":[{"width":643,"height":400,"url":"https:\/\/www.sonoraenequipo.com.mx\/storage\/2021\/01\/sismos-en-chile_opt.jpg","type":"image\/jpeg"}],"author":"enequipo","twitter_card":"summary_large_image","twitter_creator":"@sonoraenequipo","twitter_site":"@sonoraenequipo","twitter_misc":{"Escrito por":"enequipo","Tiempo de lectura":"1 minuto"},"schema":{"@context":"https:\/\/schema.org","@graph":[{"@type":"Article","@id":"https:\/\/www.sonoraenequipo.com.mx\/sacude-sismo-en-zona-central-a-chile-genera-alarma\/#article","isPartOf":{"@id":"https:\/\/www.sonoraenequipo.com.mx\/sacude-sismo-en-zona-central-a-chile-genera-alarma\/"},"author":{"name":"enequipo","@id":"https:\/\/www.sonoraenequipo.com.mx\/#\/schema\/person\/50102df0fb23a8fa9e8effad8fa81386"},"headline":"Sacude sismo en zona central a Chile genera alarma","datePublished":"2021-01-24T03:25:22+00:00","mainEntityOfPage":{"@id":"https:\/\/www.sonoraenequipo.com.mx\/sacude-sismo-en-zona-central-a-chile-genera-alarma\/"},"wordCount":249,"commentCount":0,"publisher":{"@id":"https:\/\/www.sonoraenequipo.com.mx\/#organization"},"image":{"@id":"https:\/\/www.sonoraenequipo.com.mx\/sacude-sismo-en-zona-central-a-chile-genera-alarma\/#primaryimage"},"thumbnailUrl":"https:\/\/www.sonoraenequipo.com.mx\/storage\/2021\/01\/sismos-en-chile_opt.jpg","articleSection":["MUNDO"],"inLanguage":"es","potentialAction":[{"@type":"CommentAction","name":"Comment","target":["https:\/\/www.sonoraenequipo.com.mx\/sacude-sismo-en-zona-central-a-chile-genera-alarma\/#respond"]}]},{"@type":"WebPage","@id":"https:\/\/www.sonoraenequipo.com.mx\/sacude-sismo-en-zona-central-a-chile-genera-alarma\/","url":"https:\/\/www.sonoraenequipo.com.mx\/sacude-sismo-en-zona-central-a-chile-genera-alarma\/","name":"Sonora en Equipo. Sacude sismo en zona central a Chile genera alarma MUNDO","isPartOf":{"@id":"https:\/\/www.sonoraenequipo.com.mx\/#website"},"primaryImageOfPage":{"@id":"https:\/\/www.sonoraenequipo.com.mx\/sacude-sismo-en-zona-central-a-chile-genera-alarma\/#primaryimage"},"image":{"@id":"https:\/\/www.sonoraenequipo.com.mx\/sacude-sismo-en-zona-central-a-chile-genera-alarma\/#primaryimage"},"thumbnailUrl":"https:\/\/www.sonoraenequipo.com.mx\/storage\/2021\/01\/sismos-en-chile_opt.jpg","datePublished":"2021-01-24T03:25:22+00:00","description":"SANTIAGO DE CHILE, CHILE. \u2014\u00a0 Un sismo remeci\u00f3 el s\u00e1bado la zona central de Chile, lo que gener\u00f3 alarma entre la poblaci\u00f3n pero sin registrarse da\u00f1os, En Sonora en Equipo publicamos toda la informaci\u00f3n de Sonora, M\u00e9xico y el Mundo de manera oportuna y busca que la libertad de expresi\u00f3n sea real. Visita nuestro medio informativo publicado desde Hermosillo, Sonora. %","breadcrumb":{"@id":"https:\/\/www.sonoraenequipo.com.mx\/sacude-sismo-en-zona-central-a-chile-genera-alarma\/#breadcrumb"},"inLanguage":"es","potentialAction":[{"@type":"ReadAction","target":["https:\/\/www.sonoraenequipo.com.mx\/sacude-sismo-en-zona-central-a-chile-genera-alarma\/"]}]},{"@type":"ImageObject","inLanguage":"es","@id":"https:\/\/www.sonoraenequipo.com.mx\/sacude-sismo-en-zona-central-a-chile-genera-alarma\/#primaryimage","url":"https:\/\/www.sonoraenequipo.com.mx\/storage\/2021\/01\/sismos-en-chile_opt.jpg","contentUrl":"https:\/\/www.sonoraenequipo.com.mx\/storage\/2021\/01\/sismos-en-chile_opt.jpg","width":643,"height":400},{"@type":"BreadcrumbList","@id":"https:\/\/www.sonoraenequipo.com.mx\/sacude-sismo-en-zona-central-a-chile-genera-alarma\/#breadcrumb","itemListElement":[{"@type":"ListItem","position":1,"name":"Portada","item":"https:\/\/www.sonoraenequipo.com.mx\/"},{"@type":"ListItem","position":2,"name":"Sacude sismo en zona central a Chile genera alarma"}]},{"@type":"WebSite","@id":"https:\/\/www.sonoraenequipo.com.mx\/#website","url":"https:\/\/www.sonoraenequipo.com.mx\/","name":"Sonora en Equipo.","description":"Diario en l\u00ednea con Noticias desde Hermosillo, Sonora","publisher":{"@id":"https:\/\/www.sonoraenequipo.com.mx\/#organization"},"potentialAction":[{"@type":"SearchAction","target":{"@type":"EntryPoint","urlTemplate":"https:\/\/www.sonoraenequipo.com.mx\/?s={search_term_string}"},"query-input":{"@type":"PropertyValueSpecification","valueRequired":true,"valueName":"search_term_string"}}],"inLanguage":"es"},{"@type":"Organization","@id":"https:\/\/www.sonoraenequipo.com.mx\/#organization","name":"Sonoraenequipo.com.mx","url":"https:\/\/www.sonoraenequipo.com.mx\/","logo":{"@type":"ImageObject","inLanguage":"es","@id":"https:\/\/www.sonoraenequipo.com.mx\/#\/schema\/logo\/image\/","url":"https:\/\/www.sonoraenequipo.com.mx\/storage\/2019\/01\/sonoraenequipo_opt.png","contentUrl":"https:\/\/www.sonoraenequipo.com.mx\/storage\/2019\/01\/sonoraenequipo_opt.png","width":375,"height":125,"caption":"Sonoraenequipo.com.mx"},"image":{"@id":"https:\/\/www.sonoraenequipo.com.mx\/#\/schema\/logo\/image\/"},"sameAs":["https:\/\/www.facebook.com\/SonoraEE\/","https:\/\/x.com\/sonoraenequipo","https:\/\/www.youtube.com\/channel\/UC338nW-lPEYmJQs4ZABQ1SQ"]},{"@type":"Person","@id":"https:\/\/www.sonoraenequipo.com.mx\/#\/schema\/person\/50102df0fb23a8fa9e8effad8fa81386","name":"enequipo","image":{"@type":"ImageObject","inLanguage":"es","@id":"https:\/\/www.sonoraenequipo.com.mx\/#\/schema\/person\/image\/","url":"https:\/\/secure.gravatar.com\/avatar\/049821681b589dabc0bc20695993ccebb09f5b5d4d790cd9251b97faac7c652b?s=96&d=blank&r=g","contentUrl":"https:\/\/secure.gravatar.com\/avatar\/049821681b589dabc0bc20695993ccebb09f5b5d4d790cd9251b97faac7c652b?s=96&d=blank&r=g","caption":"enequipo"},"sameAs":["https:\/\/www.facebook.com\/SonoraEE"]}]}},"jetpack_featured_media_url":"https:\/\/www.sonoraenequipo.com.mx\/storage\/2021\/01\/sismos-en-chile_opt.jpg","_links":{"self":[{"href":"https:\/\/www.sonoraenequipo.com.mx\/api\/wp\/v2\/posts\/105316","targetHints":{"allow":["GET"]}}],"collection":[{"href":"https:\/\/www.sonoraenequipo.com.mx\/api\/wp\/v2\/posts"}],"about":[{"href":"https:\/\/www.sonoraenequipo.com.mx\/api\/wp\/v2\/types\/post"}],"author":[{"embeddable":true,"href":"https:\/\/www.sonoraenequipo.com.mx\/api\/wp\/v2\/users\/1"}],"replies":[{"embeddable":true,"href":"https:\/\/www.sonoraenequipo.com.mx\/api\/wp\/v2\/comments?post=105316"}],"version-history":[{"count":1,"href":"https:\/\/www.sonoraenequipo.com.mx\/api\/wp\/v2\/posts\/105316\/revisions"}],"predecessor-version":[{"id":105317,"href":"https:\/\/www.sonoraenequipo.com.mx\/api\/wp\/v2\/posts\/105316\/revisions\/105317"}],"wp:featuredmedia":[{"embeddable":true,"href":"https:\/\/www.sonoraenequipo.com.mx\/api\/wp\/v2\/media\/105318"}],"wp:attachment":[{"href":"https:\/\/www.sonoraenequipo.com.mx\/api\/wp\/v2\/media?parent=105316"}],"wp:term":[{"taxonomy":"category","embeddable":true,"href":"https:\/\/www.sonoraenequipo.com.mx\/api\/wp\/v2\/categories?post=105316"},{"taxonomy":"post_tag","embeddable":true,"href":"https:\/\/www.sonoraenequipo.com.mx\/api\/wp\/v2\/tags?post=105316"}],"curies":[{"name":"wp","href":"https:\/\/api.w.org\/{rel}","templated":true}]}}