{"id":105323,"date":"2021-01-23T21:46:46","date_gmt":"2021-01-24T04:46:46","guid":{"rendered":"https:\/\/www.sonoraenequipo.com.mx\/?p=105323"},"modified":"2021-01-23T21:46:46","modified_gmt":"2021-01-24T04:46:46","slug":"fgje-esclarece-en-5-dias-primer-feminicidio-de-2021","status":"publish","type":"post","link":"https:\/\/www.sonoraenequipo.com.mx\/fgje-esclarece-en-5-dias-primer-feminicidio-de-2021\/","title":{"rendered":"FGJE esclarece en 5 d\u00edas primer feminicidio de 2021"},"content":{"rendered":"<p>HERMOSILLO, SONORA,MX.\u2500\u2500 Dos personas que fueron detenidas en flagrancia al momento de abandonar en la v\u00eda p\u00fablica un cuerpo humano, fueron imputadas por el delito de feminicidio, as\u00ed como por violaci\u00f3n a las leyes de inhumaci\u00f3n, como resultado de la investigaci\u00f3n realizada por Personal de la Fiscal\u00eda General de Justicia del Estado de Sonora (FGJE).<\/p>\n<p>&nbsp;<\/p>\n<p>A cinco d\u00edas del suceso y derivado de una acci\u00f3n de cateo, la FGJE Sonora pudo esclarecer el caso, obtener datos de prueba, realizar el procesamiento y peritajes que establecen el lugar en donde la v\u00edctima fue privada de la vida, para despu\u00e9s intentar abandonar su cuerpo en un lote bald\u00edo de la calle Navojoa final, de esta capital.<\/p>\n<p>&nbsp;<\/p>\n<p>En la Audiencia de Control de Detenci\u00f3n, el Juez ratific\u00f3 de legal la detenci\u00f3n de los imputados Karen Alicia \u201cN.\u201d y Juan Antonio \u201cN.\u201d, para quienes su defensa obtuvo la ampliaci\u00f3n del t\u00e9rmino constitucional, quedando pendiente la vinculaci\u00f3n a proceso.<\/p>\n<p>&nbsp;<\/p>\n<p>Ambos fueron asegurados por oficiales de Seguridad P\u00fablica Municipal, el 19 de enero en la noche, tras una persecuci\u00f3n por calles del Norte de la ciudad, luego de ser sorprendidos arrojando un cuerpo humano en un lote bald\u00edo en la calle Navojoa, al Poniente de la colonia Puerta Real.<\/p>\n<p>&nbsp;<\/p>\n<p>El cuerpo sin vida de una persona del sexo femenino, posteriormente identificada como Sandra Virginia, de 26 a\u00f1os, quien estaba envuelta en pl\u00e1stico negro y una cobija, que trasladaron en la cajuela de un veh\u00edculo.<\/p>\n<p>&nbsp;<\/p>\n<p>Tras asegurarlos en calles de la colonia San Francisco y ponerlos a disposici\u00f3n de la FGJE, personal de la Trilog\u00eda Investigadora, integrada por el Ministerio P\u00fablico, elementos de la Agencia Ministerial de Investigaci\u00f3n Criminal (AMIC) y Servicios Periciales, inici\u00f3 con las indagatorias.<\/p>\n<p>&nbsp;<\/p>\n<p>Dentro de la carpeta de investigaci\u00f3n, con testimoniales y datos de pruebas respaldadas en an\u00e1lisis en el Laboratorio de Inteligencia Cient\u00edfica Forense (CIF), se determin\u00f3 la probable responsabilidad de Karen Alicia \u201cN.\u201d y Juan Antonio \u201cN.\u201d.<\/p>\n<p>&nbsp;<\/p>\n<p>El pasado 21 de enero personal de la Fiscal\u00eda de Sonora realiz\u00f3 una acci\u00f3n de cateo en un domicilio ubicado en la colonia Primero Hermosillo, donde se recolectaron diversos datos de prueba fundamentales para descubrir el lugar del crimen, donde se cometi\u00f3 el feminicidio.<\/p>\n<p>&nbsp;<\/p>\n<p>En el interior del inmueble se detectaron, con diversas t\u00e9cnicas cient\u00edficas, rastros y manchas de sangre en diversas \u00e1reas, c\u00e9lulas epiteliales en varias partes de la vivienda, un cuchillo, toallas y un trapeador con manchas sangre, latas de bebidas, as\u00ed como pertenencias, al parecer de la perjudicada.<\/p>\n<p>&nbsp;<\/p>\n<p>La v\u00edctima present\u00f3 golpes m\u00faltiples en el cuerpo, heridas de arma blanca y huellas de sofocaci\u00f3n en el cuello, las investigaciones se mantienen.<\/p>\n<p>&nbsp;<\/p>\n<p>Fecha de publicaci\u00f3n 23\/ene\/2021<\/p>\n","protected":false},"excerpt":{"rendered":"<p>HERMOSILLO, SONORA,MX.\u2500\u2500 Dos personas que fueron detenidas en flagrancia al momento de abandonar en la&#8230;<\/p>\n","protected":false},"author":1,"featured_media":79123,"comment_status":"open","ping_status":"open","sticky":false,"template":"","format":"standard","meta":{"_monsterinsights_skip_tracking":false,"_monsterinsights_sitenote_active":false,"_monsterinsights_sitenote_note":"","_monsterinsights_sitenote_category":0,"footnotes":""},"categories":[3144],"tags":[170,15],"class_list":["post"],"yoast_head":" \n<title>Sonora en Equipo. FGJE esclarece en 5 d\u00edas primer feminicidio de 2021 Polic\u00edaca<\/title>\n<meta name=\"description\" content=\"HERMOSILLO, SONORA,MX.\u2500\u2500 Dos personas que fueron detenidas en flagrancia al momento de abandonar en la v\u00eda p\u00fablica un cuerpo humano, fueron imputadas por En Sonora en Equipo publicamos toda la informaci\u00f3n de Sonora, M\u00e9xico y el Mundo de manera oportuna y busca que la libertad de expresi\u00f3n sea real. Visita nuestro medio informativo publicado desde Hermosillo, Sonora. %\" \/>\n<meta name=\"robots\" content=\"index, follow, max-snippet:-1, max-image-preview:large, max-video-preview:-1\" \/>\n<link rel=\"canonical\" href=\"https:\/\/www.sonoraenequipo.com.mx\/fgje-esclarece-en-5-dias-primer-feminicidio-de-2021\/\" \/>\n<meta property=\"og:locale\" content=\"es_ES\" \/>\n<meta property=\"og:type\" content=\"article\" \/>\n<meta property=\"og:title\" content=\"Sonora en Equipo. FGJE esclarece en 5 d\u00edas primer feminicidio de 2021 Polic\u00edaca\" \/>\n<meta property=\"og:description\" content=\"HERMOSILLO, SONORA,MX.\u2500\u2500 Dos personas que fueron detenidas en flagrancia al momento de abandonar en la v\u00eda p\u00fablica un cuerpo humano, fueron imputadas por En Sonora en Equipo publicamos toda la informaci\u00f3n de Sonora, M\u00e9xico y el Mundo de manera oportuna y busca que la libertad de expresi\u00f3n sea real. Visita nuestro medio informativo publicado desde Hermosillo, Sonora. %\" \/>\n<meta property=\"og:url\" content=\"https:\/\/www.sonoraenequipo.com.mx\/fgje-esclarece-en-5-dias-primer-feminicidio-de-2021\/\" \/>\n<meta property=\"og:site_name\" content=\"Sonora en Equipo.\" \/>\n<meta property=\"article:publisher\" content=\"https:\/\/www.facebook.com\/SonoraEE\/\" \/>\n<meta property=\"article:author\" content=\"https:\/\/www.facebook.com\/SonoraEE\" \/>\n<meta property=\"article:published_time\" content=\"2021-01-24T04:46:46+00:00\" \/>\n<meta property=\"og:image\" content=\"https:\/\/www.sonoraenequipo.com.mx\/storage\/2020\/02\/fgje-logo_opt.jpg\" \/>\n\t<meta property=\"og:image:width\" content=\"600\" \/>\n\t<meta property=\"og:image:height\" content=\"400\" \/>\n\t<meta property=\"og:image:type\" content=\"image\/jpeg\" \/>\n<meta name=\"author\" content=\"enequipo\" \/>\n<meta name=\"twitter:card\" content=\"summary_large_image\" \/>\n<meta name=\"twitter:creator\" content=\"@sonoraenequipo\" \/>\n<meta name=\"twitter:site\" content=\"@sonoraenequipo\" \/>\n<meta name=\"twitter:label1\" content=\"Escrito por\" \/>\n\t<meta name=\"twitter:data1\" content=\"enequipo\" \/>\n\t<meta name=\"twitter:label2\" content=\"Tiempo de lectura\" \/>\n\t<meta name=\"twitter:data2\" content=\"2 minutos\" \/>\n<script type=\"application\/ld+json\" class=\"yoast-schema-graph\">{\"@context\":\"https:\/\/schema.org\",\"@graph\":[{\"@type\":\"Article\",\"@id\":\"https:\/\/www.sonoraenequipo.com.mx\/fgje-esclarece-en-5-dias-primer-feminicidio-de-2021\/#article\",\"isPartOf\":{\"@id\":\"https:\/\/www.sonoraenequipo.com.mx\/fgje-esclarece-en-5-dias-primer-feminicidio-de-2021\/\"},\"author\":{\"name\":\"enequipo\",\"@id\":\"https:\/\/www.sonoraenequipo.com.mx\/#\/schema\/person\/50102df0fb23a8fa9e8effad8fa81386\"},\"headline\":\"FGJE esclarece en 5 d\u00edas primer feminicidio de 2021\",\"datePublished\":\"2021-01-24T04:46:46+00:00\",\"mainEntityOfPage\":{\"@id\":\"https:\/\/www.sonoraenequipo.com.mx\/fgje-esclarece-en-5-dias-primer-feminicidio-de-2021\/\"},\"wordCount\":488,\"commentCount\":0,\"publisher\":{\"@id\":\"https:\/\/www.sonoraenequipo.com.mx\/#organization\"},\"image\":{\"@id\":\"https:\/\/www.sonoraenequipo.com.mx\/fgje-esclarece-en-5-dias-primer-feminicidio-de-2021\/#primaryimage\"},\"thumbnailUrl\":\"https:\/\/www.sonoraenequipo.com.mx\/storage\/2020\/02\/fgje-logo_opt.jpg\",\"keywords\":[\"Seguridad\",\"Sonora\"],\"articleSection\":[\"Polic\u00edaca\"],\"inLanguage\":\"es\",\"potentialAction\":[{\"@type\":\"CommentAction\",\"name\":\"Comment\",\"target\":[\"https:\/\/www.sonoraenequipo.com.mx\/fgje-esclarece-en-5-dias-primer-feminicidio-de-2021\/#respond\"]}]},{\"@type\":\"WebPage\",\"@id\":\"https:\/\/www.sonoraenequipo.com.mx\/fgje-esclarece-en-5-dias-primer-feminicidio-de-2021\/\",\"url\":\"https:\/\/www.sonoraenequipo.com.mx\/fgje-esclarece-en-5-dias-primer-feminicidio-de-2021\/\",\"name\":\"Sonora en Equipo. FGJE esclarece en 5 d\u00edas primer feminicidio de 2021 Polic\u00edaca\",\"isPartOf\":{\"@id\":\"https:\/\/www.sonoraenequipo.com.mx\/#website\"},\"primaryImageOfPage\":{\"@id\":\"https:\/\/www.sonoraenequipo.com.mx\/fgje-esclarece-en-5-dias-primer-feminicidio-de-2021\/#primaryimage\"},\"image\":{\"@id\":\"https:\/\/www.sonoraenequipo.com.mx\/fgje-esclarece-en-5-dias-primer-feminicidio-de-2021\/#primaryimage\"},\"thumbnailUrl\":\"https:\/\/www.sonoraenequipo.com.mx\/storage\/2020\/02\/fgje-logo_opt.jpg\",\"datePublished\":\"2021-01-24T04:46:46+00:00\",\"description\":\"HERMOSILLO, SONORA,MX.\u2500\u2500 Dos personas que fueron detenidas en flagrancia al momento de abandonar en la v\u00eda p\u00fablica un cuerpo humano, fueron imputadas por En Sonora en Equipo publicamos toda la informaci\u00f3n de Sonora, M\u00e9xico y el Mundo de manera oportuna y busca que la libertad de expresi\u00f3n sea real. Visita nuestro medio informativo publicado desde Hermosillo, Sonora. %\",\"breadcrumb\":{\"@id\":\"https:\/\/www.sonoraenequipo.com.mx\/fgje-esclarece-en-5-dias-primer-feminicidio-de-2021\/#breadcrumb\"},\"inLanguage\":\"es\",\"potentialAction\":[{\"@type\":\"ReadAction\",\"target\":[\"https:\/\/www.sonoraenequipo.com.mx\/fgje-esclarece-en-5-dias-primer-feminicidio-de-2021\/\"]}]},{\"@type\":\"ImageObject\",\"inLanguage\":\"es\",\"@id\":\"https:\/\/www.sonoraenequipo.com.mx\/fgje-esclarece-en-5-dias-primer-feminicidio-de-2021\/#primaryimage\",\"url\":\"https:\/\/www.sonoraenequipo.com.mx\/storage\/2020\/02\/fgje-logo_opt.jpg\",\"contentUrl\":\"https:\/\/www.sonoraenequipo.com.mx\/storage\/2020\/02\/fgje-logo_opt.jpg\",\"width\":600,\"height\":400},{\"@type\":\"BreadcrumbList\",\"@id\":\"https:\/\/www.sonoraenequipo.com.mx\/fgje-esclarece-en-5-dias-primer-feminicidio-de-2021\/#breadcrumb\",\"itemListElement\":[{\"@type\":\"ListItem\",\"position\":1,\"name\":\"Portada\",\"item\":\"https:\/\/www.sonoraenequipo.com.mx\/\"},{\"@type\":\"ListItem\",\"position\":2,\"name\":\"FGJE esclarece en 5 d\u00edas primer feminicidio de 2021\"}]},{\"@type\":\"WebSite\",\"@id\":\"https:\/\/www.sonoraenequipo.com.mx\/#website\",\"url\":\"https:\/\/www.sonoraenequipo.com.mx\/\",\"name\":\"Sonora en Equipo.\",\"description\":\"Diario en l\u00ednea con Noticias desde Hermosillo, Sonora\",\"publisher\":{\"@id\":\"https:\/\/www.sonoraenequipo.com.mx\/#organization\"},\"potentialAction\":[{\"@type\":\"SearchAction\",\"target\":{\"@type\":\"EntryPoint\",\"urlTemplate\":\"https:\/\/www.sonoraenequipo.com.mx\/?s={search_term_string}\"},\"query-input\":{\"@type\":\"PropertyValueSpecification\",\"valueRequired\":true,\"valueName\":\"search_term_string\"}}],\"inLanguage\":\"es\"},{\"@type\":\"Organization\",\"@id\":\"https:\/\/www.sonoraenequipo.com.mx\/#organization\",\"name\":\"Sonoraenequipo.com.mx\",\"url\":\"https:\/\/www.sonoraenequipo.com.mx\/\",\"logo\":{\"@type\":\"ImageObject\",\"inLanguage\":\"es\",\"@id\":\"https:\/\/www.sonoraenequipo.com.mx\/#\/schema\/logo\/image\/\",\"url\":\"https:\/\/www.sonoraenequipo.com.mx\/storage\/2019\/01\/sonoraenequipo_opt.png\",\"contentUrl\":\"https:\/\/www.sonoraenequipo.com.mx\/storage\/2019\/01\/sonoraenequipo_opt.png\",\"width\":375,\"height\":125,\"caption\":\"Sonoraenequipo.com.mx\"},\"image\":{\"@id\":\"https:\/\/www.sonoraenequipo.com.mx\/#\/schema\/logo\/image\/\"},\"sameAs\":[\"https:\/\/www.facebook.com\/SonoraEE\/\",\"https:\/\/x.com\/sonoraenequipo\",\"https:\/\/www.youtube.com\/channel\/UC338nW-lPEYmJQs4ZABQ1SQ\"]},{\"@type\":\"Person\",\"@id\":\"https:\/\/www.sonoraenequipo.com.mx\/#\/schema\/person\/50102df0fb23a8fa9e8effad8fa81386\",\"name\":\"enequipo\",\"image\":{\"@type\":\"ImageObject\",\"inLanguage\":\"es\",\"@id\":\"https:\/\/www.sonoraenequipo.com.mx\/#\/schema\/person\/image\/\",\"url\":\"https:\/\/secure.gravatar.com\/avatar\/049821681b589dabc0bc20695993ccebb09f5b5d4d790cd9251b97faac7c652b?s=96&d=blank&r=g\",\"contentUrl\":\"https:\/\/secure.gravatar.com\/avatar\/049821681b589dabc0bc20695993ccebb09f5b5d4d790cd9251b97faac7c652b?s=96&d=blank&r=g\",\"caption\":\"enequipo\"},\"sameAs\":[\"https:\/\/www.facebook.com\/SonoraEE\"]}]}<\/script>\n ","yoast_head_json":{"title":"Sonora en Equipo. FGJE esclarece en 5 d\u00edas primer feminicidio de 2021 Polic\u00edaca","description":"HERMOSILLO, SONORA,MX.\u2500\u2500 Dos personas que fueron detenidas en flagrancia al momento de abandonar en la v\u00eda p\u00fablica un cuerpo humano, fueron imputadas por En Sonora en Equipo publicamos toda la informaci\u00f3n de Sonora, M\u00e9xico y el Mundo de manera oportuna y busca que la libertad de expresi\u00f3n sea real. Visita nuestro medio informativo publicado desde Hermosillo, Sonora. %","robots":{"index":"index","follow":"follow","max-snippet":"max-snippet:-1","max-image-preview":"max-image-preview:large","max-video-preview":"max-video-preview:-1"},"canonical":"https:\/\/www.sonoraenequipo.com.mx\/fgje-esclarece-en-5-dias-primer-feminicidio-de-2021\/","og_locale":"es_ES","og_type":"article","og_title":"Sonora en Equipo. FGJE esclarece en 5 d\u00edas primer feminicidio de 2021 Polic\u00edaca","og_description":"HERMOSILLO, SONORA,MX.\u2500\u2500 Dos personas que fueron detenidas en flagrancia al momento de abandonar en la v\u00eda p\u00fablica un cuerpo humano, fueron imputadas por En Sonora en Equipo publicamos toda la informaci\u00f3n de Sonora, M\u00e9xico y el Mundo de manera oportuna y busca que la libertad de expresi\u00f3n sea real. Visita nuestro medio informativo publicado desde Hermosillo, Sonora. %","og_url":"https:\/\/www.sonoraenequipo.com.mx\/fgje-esclarece-en-5-dias-primer-feminicidio-de-2021\/","og_site_name":"Sonora en Equipo.","article_publisher":"https:\/\/www.facebook.com\/SonoraEE\/","article_author":"https:\/\/www.facebook.com\/SonoraEE","article_published_time":"2021-01-24T04:46:46+00:00","og_image":[{"width":600,"height":400,"url":"https:\/\/www.sonoraenequipo.com.mx\/storage\/2020\/02\/fgje-logo_opt.jpg","type":"image\/jpeg"}],"author":"enequipo","twitter_card":"summary_large_image","twitter_creator":"@sonoraenequipo","twitter_site":"@sonoraenequipo","twitter_misc":{"Escrito por":"enequipo","Tiempo de lectura":"2 minutos"},"schema":{"@context":"https:\/\/schema.org","@graph":[{"@type":"Article","@id":"https:\/\/www.sonoraenequipo.com.mx\/fgje-esclarece-en-5-dias-primer-feminicidio-de-2021\/#article","isPartOf":{"@id":"https:\/\/www.sonoraenequipo.com.mx\/fgje-esclarece-en-5-dias-primer-feminicidio-de-2021\/"},"author":{"name":"enequipo","@id":"https:\/\/www.sonoraenequipo.com.mx\/#\/schema\/person\/50102df0fb23a8fa9e8effad8fa81386"},"headline":"FGJE esclarece en 5 d\u00edas primer feminicidio de 2021","datePublished":"2021-01-24T04:46:46+00:00","mainEntityOfPage":{"@id":"https:\/\/www.sonoraenequipo.com.mx\/fgje-esclarece-en-5-dias-primer-feminicidio-de-2021\/"},"wordCount":488,"commentCount":0,"publisher":{"@id":"https:\/\/www.sonoraenequipo.com.mx\/#organization"},"image":{"@id":"https:\/\/www.sonoraenequipo.com.mx\/fgje-esclarece-en-5-dias-primer-feminicidio-de-2021\/#primaryimage"},"thumbnailUrl":"https:\/\/www.sonoraenequipo.com.mx\/storage\/2020\/02\/fgje-logo_opt.jpg","keywords":["Seguridad","Sonora"],"articleSection":["Polic\u00edaca"],"inLanguage":"es","potentialAction":[{"@type":"CommentAction","name":"Comment","target":["https:\/\/www.sonoraenequipo.com.mx\/fgje-esclarece-en-5-dias-primer-feminicidio-de-2021\/#respond"]}]},{"@type":"WebPage","@id":"https:\/\/www.sonoraenequipo.com.mx\/fgje-esclarece-en-5-dias-primer-feminicidio-de-2021\/","url":"https:\/\/www.sonoraenequipo.com.mx\/fgje-esclarece-en-5-dias-primer-feminicidio-de-2021\/","name":"Sonora en Equipo. FGJE esclarece en 5 d\u00edas primer feminicidio de 2021 Polic\u00edaca","isPartOf":{"@id":"https:\/\/www.sonoraenequipo.com.mx\/#website"},"primaryImageOfPage":{"@id":"https:\/\/www.sonoraenequipo.com.mx\/fgje-esclarece-en-5-dias-primer-feminicidio-de-2021\/#primaryimage"},"image":{"@id":"https:\/\/www.sonoraenequipo.com.mx\/fgje-esclarece-en-5-dias-primer-feminicidio-de-2021\/#primaryimage"},"thumbnailUrl":"https:\/\/www.sonoraenequipo.com.mx\/storage\/2020\/02\/fgje-logo_opt.jpg","datePublished":"2021-01-24T04:46:46+00:00","description":"HERMOSILLO, SONORA,MX.\u2500\u2500 Dos personas que fueron detenidas en flagrancia al momento de abandonar en la v\u00eda p\u00fablica un cuerpo humano, fueron imputadas por En Sonora en Equipo publicamos toda la informaci\u00f3n de Sonora, M\u00e9xico y el Mundo de manera oportuna y busca que la libertad de expresi\u00f3n sea real. Visita nuestro medio informativo publicado desde Hermosillo, Sonora. %","breadcrumb":{"@id":"https:\/\/www.sonoraenequipo.com.mx\/fgje-esclarece-en-5-dias-primer-feminicidio-de-2021\/#breadcrumb"},"inLanguage":"es","potentialAction":[{"@type":"ReadAction","target":["https:\/\/www.sonoraenequipo.com.mx\/fgje-esclarece-en-5-dias-primer-feminicidio-de-2021\/"]}]},{"@type":"ImageObject","inLanguage":"es","@id":"https:\/\/www.sonoraenequipo.com.mx\/fgje-esclarece-en-5-dias-primer-feminicidio-de-2021\/#primaryimage","url":"https:\/\/www.sonoraenequipo.com.mx\/storage\/2020\/02\/fgje-logo_opt.jpg","contentUrl":"https:\/\/www.sonoraenequipo.com.mx\/storage\/2020\/02\/fgje-logo_opt.jpg","width":600,"height":400},{"@type":"BreadcrumbList","@id":"https:\/\/www.sonoraenequipo.com.mx\/fgje-esclarece-en-5-dias-primer-feminicidio-de-2021\/#breadcrumb","itemListElement":[{"@type":"ListItem","position":1,"name":"Portada","item":"https:\/\/www.sonoraenequipo.com.mx\/"},{"@type":"ListItem","position":2,"name":"FGJE esclarece en 5 d\u00edas primer feminicidio de 2021"}]},{"@type":"WebSite","@id":"https:\/\/www.sonoraenequipo.com.mx\/#website","url":"https:\/\/www.sonoraenequipo.com.mx\/","name":"Sonora en Equipo.","description":"Diario en l\u00ednea con Noticias desde Hermosillo, Sonora","publisher":{"@id":"https:\/\/www.sonoraenequipo.com.mx\/#organization"},"potentialAction":[{"@type":"SearchAction","target":{"@type":"EntryPoint","urlTemplate":"https:\/\/www.sonoraenequipo.com.mx\/?s={search_term_string}"},"query-input":{"@type":"PropertyValueSpecification","valueRequired":true,"valueName":"search_term_string"}}],"inLanguage":"es"},{"@type":"Organization","@id":"https:\/\/www.sonoraenequipo.com.mx\/#organization","name":"Sonoraenequipo.com.mx","url":"https:\/\/www.sonoraenequipo.com.mx\/","logo":{"@type":"ImageObject","inLanguage":"es","@id":"https:\/\/www.sonoraenequipo.com.mx\/#\/schema\/logo\/image\/","url":"https:\/\/www.sonoraenequipo.com.mx\/storage\/2019\/01\/sonoraenequipo_opt.png","contentUrl":"https:\/\/www.sonoraenequipo.com.mx\/storage\/2019\/01\/sonoraenequipo_opt.png","width":375,"height":125,"caption":"Sonoraenequipo.com.mx"},"image":{"@id":"https:\/\/www.sonoraenequipo.com.mx\/#\/schema\/logo\/image\/"},"sameAs":["https:\/\/www.facebook.com\/SonoraEE\/","https:\/\/x.com\/sonoraenequipo","https:\/\/www.youtube.com\/channel\/UC338nW-lPEYmJQs4ZABQ1SQ"]},{"@type":"Person","@id":"https:\/\/www.sonoraenequipo.com.mx\/#\/schema\/person\/50102df0fb23a8fa9e8effad8fa81386","name":"enequipo","image":{"@type":"ImageObject","inLanguage":"es","@id":"https:\/\/www.sonoraenequipo.com.mx\/#\/schema\/person\/image\/","url":"https:\/\/secure.gravatar.com\/avatar\/049821681b589dabc0bc20695993ccebb09f5b5d4d790cd9251b97faac7c652b?s=96&d=blank&r=g","contentUrl":"https:\/\/secure.gravatar.com\/avatar\/049821681b589dabc0bc20695993ccebb09f5b5d4d790cd9251b97faac7c652b?s=96&d=blank&r=g","caption":"enequipo"},"sameAs":["https:\/\/www.facebook.com\/SonoraEE"]}]}},"jetpack_featured_media_url":"https:\/\/www.sonoraenequipo.com.mx\/storage\/2020\/02\/fgje-logo_opt.jpg","_links":{"self":[{"href":"https:\/\/www.sonoraenequipo.com.mx\/api\/wp\/v2\/posts\/105323","targetHints":{"allow":["GET"]}}],"collection":[{"href":"https:\/\/www.sonoraenequipo.com.mx\/api\/wp\/v2\/posts"}],"about":[{"href":"https:\/\/www.sonoraenequipo.com.mx\/api\/wp\/v2\/types\/post"}],"author":[{"embeddable":true,"href":"https:\/\/www.sonoraenequipo.com.mx\/api\/wp\/v2\/users\/1"}],"replies":[{"embeddable":true,"href":"https:\/\/www.sonoraenequipo.com.mx\/api\/wp\/v2\/comments?post=105323"}],"version-history":[{"count":1,"href":"https:\/\/www.sonoraenequipo.com.mx\/api\/wp\/v2\/posts\/105323\/revisions"}],"predecessor-version":[{"id":105324,"href":"https:\/\/www.sonoraenequipo.com.mx\/api\/wp\/v2\/posts\/105323\/revisions\/105324"}],"wp:featuredmedia":[{"embeddable":true,"href":"https:\/\/www.sonoraenequipo.com.mx\/api\/wp\/v2\/media\/79123"}],"wp:attachment":[{"href":"https:\/\/www.sonoraenequipo.com.mx\/api\/wp\/v2\/media?parent=105323"}],"wp:term":[{"taxonomy":"category","embeddable":true,"href":"https:\/\/www.sonoraenequipo.com.mx\/api\/wp\/v2\/categories?post=105323"},{"taxonomy":"post_tag","embeddable":true,"href":"https:\/\/www.sonoraenequipo.com.mx\/api\/wp\/v2\/tags?post=105323"}],"curies":[{"name":"wp","href":"https:\/\/api.w.org\/{rel}","templated":true}]}}