{"id":105355,"date":"2021-01-23T23:48:55","date_gmt":"2021-01-24T06:48:55","guid":{"rendered":"https:\/\/www.sonoraenequipo.com.mx\/?p=105355"},"modified":"2021-01-24T11:27:03","modified_gmt":"2021-01-24T18:27:03","slug":"hermosillo-se-suman-mas-colonias-al-riesgo-maximo-por-contagios-de-covid-19","status":"publish","type":"post","link":"https:\/\/www.sonoraenequipo.com.mx\/hermosillo-se-suman-mas-colonias-al-riesgo-maximo-por-contagios-de-covid-19\/","title":{"rendered":"HERMOSILLO. Se suman m\u00e1s colonias al riesgo m\u00e1ximo por contagios de Covid-19"},"content":{"rendered":"<p>HERMOSILLO, SONORA. MX. \u2014\u00a0 Este s\u00e1bado autoridades de Salud actualizaron el Mapa Anticipa Sonora, en el cual indicaron las colonias por municipio en las que hay m\u00e1s riesgo de contagio de Covid-19 y en Hermosillo son las siguientes:<\/p>\n<p>&nbsp;<\/p>\n<p>Jacinto L\u00f3pez<br \/>\nLomas de Linda Vista<br \/>\nLomas de Madrid<br \/>\nLey 57<br \/>\nBalderrama<br \/>\nPueblitos<br \/>\nOlivares<br \/>\nLos Mirasoles<br \/>\nSahuaro<br \/>\nRevoluci\u00f3n<br \/>\nLos Arcos<br \/>\nLas Granjas<br \/>\nLas Quintas<br \/>\nMontecarlo<br \/>\nVilla Bonita<br \/>\nPalo Verde<br \/>\nCuauht\u00e9moc<\/p>\n<p>&nbsp;<\/p>\n<p>El Director General de Promoci\u00f3n a la Salud y Prevenci\u00f3n de Enfermedades, Gerardo \u00c1lvarez Hern\u00e1ndez, se\u00f1al\u00f3 en conferencia de prensa que enero ha sido el mes con mayor n\u00famero de casos desde el inicio de la pandemia en la entidad y que el crecimiento es considerable y no parar\u00e1 mientras no se controle la movilidad.<\/p>\n<p>&nbsp;<\/p>\n<p>Asimismo, el Secretario de Salud, Enrique Clausen Iberri, mencion\u00f3 que Cajeme y Navojoa entran al riesgo m\u00e1ximo en el mapa y se suman a Hermosillo, San Luis R\u00edo Colorado, Nogales, Empalme y Guaymas, con vigencia del 25 al 31 de enero.<\/p>\n<p>&nbsp;<\/p>\n<p>Solo al corte del 22 de enero, en Hermosillo se registraron 28,030 casos totales de coronavirus, mientras que en todo el Estado suman 58, 672 y 4,737 muertes.<\/p>\n<p>&nbsp;<\/p>\n<p>(Publicada el 23\/01\/2021)<\/p>\n","protected":false},"excerpt":{"rendered":"<p>HERMOSILLO, SONORA. MX. \u2014\u00a0 Este s\u00e1bado autoridades de Salud actualizaron el Mapa Anticipa Sonora, en&#8230;<\/p>\n","protected":false},"author":1,"featured_media":105356,"comment_status":"open","ping_status":"open","sticky":false,"template":"","format":"standard","meta":{"_monsterinsights_skip_tracking":false,"_monsterinsights_sitenote_active":false,"_monsterinsights_sitenote_note":"","_monsterinsights_sitenote_category":0,"footnotes":""},"categories":[4],"tags":[],"class_list":["post"],"yoast_head":" \n<title>Sonora en Equipo. HERMOSILLO. Se suman m\u00e1s colonias al riesgo m\u00e1ximo por contagios de Covid-19 Municipios<\/title>\n<meta name=\"description\" content=\"HERMOSILLO, SONORA. MX. \u2014\u00a0 Este s\u00e1bado autoridades de Salud actualizaron el Mapa Anticipa Sonora, en el cual indicaron las colonias por municipio en las En Sonora en Equipo publicamos toda la informaci\u00f3n de Sonora, M\u00e9xico y el Mundo de manera oportuna y busca que la libertad de expresi\u00f3n sea real. Visita nuestro medio informativo publicado desde Hermosillo, Sonora. %\" \/>\n<meta name=\"robots\" content=\"index, follow, max-snippet:-1, max-image-preview:large, max-video-preview:-1\" \/>\n<link rel=\"canonical\" href=\"https:\/\/www.sonoraenequipo.com.mx\/hermosillo-se-suman-mas-colonias-al-riesgo-maximo-por-contagios-de-covid-19\/\" \/>\n<meta property=\"og:locale\" content=\"es_ES\" \/>\n<meta property=\"og:type\" content=\"article\" \/>\n<meta property=\"og:title\" content=\"Sonora en Equipo. HERMOSILLO. Se suman m\u00e1s colonias al riesgo m\u00e1ximo por contagios de Covid-19 Municipios\" \/>\n<meta property=\"og:description\" content=\"HERMOSILLO, SONORA. MX. \u2014\u00a0 Este s\u00e1bado autoridades de Salud actualizaron el Mapa Anticipa Sonora, en el cual indicaron las colonias por municipio en las En Sonora en Equipo publicamos toda la informaci\u00f3n de Sonora, M\u00e9xico y el Mundo de manera oportuna y busca que la libertad de expresi\u00f3n sea real. Visita nuestro medio informativo publicado desde Hermosillo, Sonora. %\" \/>\n<meta property=\"og:url\" content=\"https:\/\/www.sonoraenequipo.com.mx\/hermosillo-se-suman-mas-colonias-al-riesgo-maximo-por-contagios-de-covid-19\/\" \/>\n<meta property=\"og:site_name\" content=\"Sonora en Equipo.\" \/>\n<meta property=\"article:publisher\" content=\"https:\/\/www.facebook.com\/SonoraEE\/\" \/>\n<meta property=\"article:author\" content=\"https:\/\/www.facebook.com\/SonoraEE\" \/>\n<meta property=\"article:published_time\" content=\"2021-01-24T06:48:55+00:00\" \/>\n<meta property=\"article:modified_time\" content=\"2021-01-24T18:27:03+00:00\" \/>\n<meta property=\"og:image\" content=\"https:\/\/www.sonoraenequipo.com.mx\/storage\/2021\/01\/Hermosillo-Colonias-Zona-Cero_opt.jpg\" \/>\n\t<meta property=\"og:image:width\" content=\"792\" \/>\n\t<meta property=\"og:image:height\" content=\"443\" \/>\n\t<meta property=\"og:image:type\" content=\"image\/jpeg\" \/>\n<meta name=\"author\" content=\"enequipo\" \/>\n<meta name=\"twitter:card\" content=\"summary_large_image\" \/>\n<meta name=\"twitter:creator\" content=\"@sonoraenequipo\" \/>\n<meta name=\"twitter:site\" content=\"@sonoraenequipo\" \/>\n<meta name=\"twitter:label1\" content=\"Escrito por\" \/>\n\t<meta name=\"twitter:data1\" content=\"enequipo\" \/>\n\t<meta name=\"twitter:label2\" content=\"Tiempo de lectura\" \/>\n\t<meta name=\"twitter:data2\" content=\"1 minuto\" \/>\n<script type=\"application\/ld+json\" class=\"yoast-schema-graph\">{\"@context\":\"https:\/\/schema.org\",\"@graph\":[{\"@type\":\"Article\",\"@id\":\"https:\/\/www.sonoraenequipo.com.mx\/hermosillo-se-suman-mas-colonias-al-riesgo-maximo-por-contagios-de-covid-19\/#article\",\"isPartOf\":{\"@id\":\"https:\/\/www.sonoraenequipo.com.mx\/hermosillo-se-suman-mas-colonias-al-riesgo-maximo-por-contagios-de-covid-19\/\"},\"author\":{\"name\":\"enequipo\",\"@id\":\"https:\/\/www.sonoraenequipo.com.mx\/#\/schema\/person\/50102df0fb23a8fa9e8effad8fa81386\"},\"headline\":\"HERMOSILLO. Se suman m\u00e1s colonias al riesgo m\u00e1ximo por contagios de Covid-19\",\"datePublished\":\"2021-01-24T06:48:55+00:00\",\"dateModified\":\"2021-01-24T18:27:03+00:00\",\"mainEntityOfPage\":{\"@id\":\"https:\/\/www.sonoraenequipo.com.mx\/hermosillo-se-suman-mas-colonias-al-riesgo-maximo-por-contagios-de-covid-19\/\"},\"wordCount\":216,\"commentCount\":0,\"publisher\":{\"@id\":\"https:\/\/www.sonoraenequipo.com.mx\/#organization\"},\"image\":{\"@id\":\"https:\/\/www.sonoraenequipo.com.mx\/hermosillo-se-suman-mas-colonias-al-riesgo-maximo-por-contagios-de-covid-19\/#primaryimage\"},\"thumbnailUrl\":\"https:\/\/www.sonoraenequipo.com.mx\/storage\/2021\/01\/Hermosillo-Colonias-Zona-Cero_opt.jpg\",\"articleSection\":[\"Municipios\"],\"inLanguage\":\"es\",\"potentialAction\":[{\"@type\":\"CommentAction\",\"name\":\"Comment\",\"target\":[\"https:\/\/www.sonoraenequipo.com.mx\/hermosillo-se-suman-mas-colonias-al-riesgo-maximo-por-contagios-de-covid-19\/#respond\"]}]},{\"@type\":\"WebPage\",\"@id\":\"https:\/\/www.sonoraenequipo.com.mx\/hermosillo-se-suman-mas-colonias-al-riesgo-maximo-por-contagios-de-covid-19\/\",\"url\":\"https:\/\/www.sonoraenequipo.com.mx\/hermosillo-se-suman-mas-colonias-al-riesgo-maximo-por-contagios-de-covid-19\/\",\"name\":\"Sonora en Equipo. HERMOSILLO. Se suman m\u00e1s colonias al riesgo m\u00e1ximo por contagios de Covid-19 Municipios\",\"isPartOf\":{\"@id\":\"https:\/\/www.sonoraenequipo.com.mx\/#website\"},\"primaryImageOfPage\":{\"@id\":\"https:\/\/www.sonoraenequipo.com.mx\/hermosillo-se-suman-mas-colonias-al-riesgo-maximo-por-contagios-de-covid-19\/#primaryimage\"},\"image\":{\"@id\":\"https:\/\/www.sonoraenequipo.com.mx\/hermosillo-se-suman-mas-colonias-al-riesgo-maximo-por-contagios-de-covid-19\/#primaryimage\"},\"thumbnailUrl\":\"https:\/\/www.sonoraenequipo.com.mx\/storage\/2021\/01\/Hermosillo-Colonias-Zona-Cero_opt.jpg\",\"datePublished\":\"2021-01-24T06:48:55+00:00\",\"dateModified\":\"2021-01-24T18:27:03+00:00\",\"description\":\"HERMOSILLO, SONORA. MX. \u2014\u00a0 Este s\u00e1bado autoridades de Salud actualizaron el Mapa Anticipa Sonora, en el cual indicaron las colonias por municipio en las En Sonora en Equipo publicamos toda la informaci\u00f3n de Sonora, M\u00e9xico y el Mundo de manera oportuna y busca que la libertad de expresi\u00f3n sea real. Visita nuestro medio informativo publicado desde Hermosillo, Sonora. %\",\"breadcrumb\":{\"@id\":\"https:\/\/www.sonoraenequipo.com.mx\/hermosillo-se-suman-mas-colonias-al-riesgo-maximo-por-contagios-de-covid-19\/#breadcrumb\"},\"inLanguage\":\"es\",\"potentialAction\":[{\"@type\":\"ReadAction\",\"target\":[\"https:\/\/www.sonoraenequipo.com.mx\/hermosillo-se-suman-mas-colonias-al-riesgo-maximo-por-contagios-de-covid-19\/\"]}]},{\"@type\":\"ImageObject\",\"inLanguage\":\"es\",\"@id\":\"https:\/\/www.sonoraenequipo.com.mx\/hermosillo-se-suman-mas-colonias-al-riesgo-maximo-por-contagios-de-covid-19\/#primaryimage\",\"url\":\"https:\/\/www.sonoraenequipo.com.mx\/storage\/2021\/01\/Hermosillo-Colonias-Zona-Cero_opt.jpg\",\"contentUrl\":\"https:\/\/www.sonoraenequipo.com.mx\/storage\/2021\/01\/Hermosillo-Colonias-Zona-Cero_opt.jpg\",\"width\":792,\"height\":443},{\"@type\":\"BreadcrumbList\",\"@id\":\"https:\/\/www.sonoraenequipo.com.mx\/hermosillo-se-suman-mas-colonias-al-riesgo-maximo-por-contagios-de-covid-19\/#breadcrumb\",\"itemListElement\":[{\"@type\":\"ListItem\",\"position\":1,\"name\":\"Portada\",\"item\":\"https:\/\/www.sonoraenequipo.com.mx\/\"},{\"@type\":\"ListItem\",\"position\":2,\"name\":\"HERMOSILLO. Se suman m\u00e1s colonias al riesgo m\u00e1ximo por contagios de Covid-19\"}]},{\"@type\":\"WebSite\",\"@id\":\"https:\/\/www.sonoraenequipo.com.mx\/#website\",\"url\":\"https:\/\/www.sonoraenequipo.com.mx\/\",\"name\":\"Sonora en Equipo.\",\"description\":\"Diario en l\u00ednea con Noticias desde Hermosillo, Sonora\",\"publisher\":{\"@id\":\"https:\/\/www.sonoraenequipo.com.mx\/#organization\"},\"potentialAction\":[{\"@type\":\"SearchAction\",\"target\":{\"@type\":\"EntryPoint\",\"urlTemplate\":\"https:\/\/www.sonoraenequipo.com.mx\/?s={search_term_string}\"},\"query-input\":{\"@type\":\"PropertyValueSpecification\",\"valueRequired\":true,\"valueName\":\"search_term_string\"}}],\"inLanguage\":\"es\"},{\"@type\":\"Organization\",\"@id\":\"https:\/\/www.sonoraenequipo.com.mx\/#organization\",\"name\":\"Sonoraenequipo.com.mx\",\"url\":\"https:\/\/www.sonoraenequipo.com.mx\/\",\"logo\":{\"@type\":\"ImageObject\",\"inLanguage\":\"es\",\"@id\":\"https:\/\/www.sonoraenequipo.com.mx\/#\/schema\/logo\/image\/\",\"url\":\"https:\/\/www.sonoraenequipo.com.mx\/storage\/2019\/01\/sonoraenequipo_opt.png\",\"contentUrl\":\"https:\/\/www.sonoraenequipo.com.mx\/storage\/2019\/01\/sonoraenequipo_opt.png\",\"width\":375,\"height\":125,\"caption\":\"Sonoraenequipo.com.mx\"},\"image\":{\"@id\":\"https:\/\/www.sonoraenequipo.com.mx\/#\/schema\/logo\/image\/\"},\"sameAs\":[\"https:\/\/www.facebook.com\/SonoraEE\/\",\"https:\/\/x.com\/sonoraenequipo\",\"https:\/\/www.youtube.com\/channel\/UC338nW-lPEYmJQs4ZABQ1SQ\"]},{\"@type\":\"Person\",\"@id\":\"https:\/\/www.sonoraenequipo.com.mx\/#\/schema\/person\/50102df0fb23a8fa9e8effad8fa81386\",\"name\":\"enequipo\",\"image\":{\"@type\":\"ImageObject\",\"inLanguage\":\"es\",\"@id\":\"https:\/\/www.sonoraenequipo.com.mx\/#\/schema\/person\/image\/\",\"url\":\"https:\/\/secure.gravatar.com\/avatar\/049821681b589dabc0bc20695993ccebb09f5b5d4d790cd9251b97faac7c652b?s=96&d=blank&r=g\",\"contentUrl\":\"https:\/\/secure.gravatar.com\/avatar\/049821681b589dabc0bc20695993ccebb09f5b5d4d790cd9251b97faac7c652b?s=96&d=blank&r=g\",\"caption\":\"enequipo\"},\"sameAs\":[\"https:\/\/www.facebook.com\/SonoraEE\"]}]}<\/script>\n ","yoast_head_json":{"title":"Sonora en Equipo. HERMOSILLO. Se suman m\u00e1s colonias al riesgo m\u00e1ximo por contagios de Covid-19 Municipios","description":"HERMOSILLO, SONORA. MX. \u2014\u00a0 Este s\u00e1bado autoridades de Salud actualizaron el Mapa Anticipa Sonora, en el cual indicaron las colonias por municipio en las En Sonora en Equipo publicamos toda la informaci\u00f3n de Sonora, M\u00e9xico y el Mundo de manera oportuna y busca que la libertad de expresi\u00f3n sea real. Visita nuestro medio informativo publicado desde Hermosillo, Sonora. %","robots":{"index":"index","follow":"follow","max-snippet":"max-snippet:-1","max-image-preview":"max-image-preview:large","max-video-preview":"max-video-preview:-1"},"canonical":"https:\/\/www.sonoraenequipo.com.mx\/hermosillo-se-suman-mas-colonias-al-riesgo-maximo-por-contagios-de-covid-19\/","og_locale":"es_ES","og_type":"article","og_title":"Sonora en Equipo. HERMOSILLO. Se suman m\u00e1s colonias al riesgo m\u00e1ximo por contagios de Covid-19 Municipios","og_description":"HERMOSILLO, SONORA. MX. \u2014\u00a0 Este s\u00e1bado autoridades de Salud actualizaron el Mapa Anticipa Sonora, en el cual indicaron las colonias por municipio en las En Sonora en Equipo publicamos toda la informaci\u00f3n de Sonora, M\u00e9xico y el Mundo de manera oportuna y busca que la libertad de expresi\u00f3n sea real. Visita nuestro medio informativo publicado desde Hermosillo, Sonora. %","og_url":"https:\/\/www.sonoraenequipo.com.mx\/hermosillo-se-suman-mas-colonias-al-riesgo-maximo-por-contagios-de-covid-19\/","og_site_name":"Sonora en Equipo.","article_publisher":"https:\/\/www.facebook.com\/SonoraEE\/","article_author":"https:\/\/www.facebook.com\/SonoraEE","article_published_time":"2021-01-24T06:48:55+00:00","article_modified_time":"2021-01-24T18:27:03+00:00","og_image":[{"width":792,"height":443,"url":"https:\/\/www.sonoraenequipo.com.mx\/storage\/2021\/01\/Hermosillo-Colonias-Zona-Cero_opt.jpg","type":"image\/jpeg"}],"author":"enequipo","twitter_card":"summary_large_image","twitter_creator":"@sonoraenequipo","twitter_site":"@sonoraenequipo","twitter_misc":{"Escrito por":"enequipo","Tiempo de lectura":"1 minuto"},"schema":{"@context":"https:\/\/schema.org","@graph":[{"@type":"Article","@id":"https:\/\/www.sonoraenequipo.com.mx\/hermosillo-se-suman-mas-colonias-al-riesgo-maximo-por-contagios-de-covid-19\/#article","isPartOf":{"@id":"https:\/\/www.sonoraenequipo.com.mx\/hermosillo-se-suman-mas-colonias-al-riesgo-maximo-por-contagios-de-covid-19\/"},"author":{"name":"enequipo","@id":"https:\/\/www.sonoraenequipo.com.mx\/#\/schema\/person\/50102df0fb23a8fa9e8effad8fa81386"},"headline":"HERMOSILLO. Se suman m\u00e1s colonias al riesgo m\u00e1ximo por contagios de Covid-19","datePublished":"2021-01-24T06:48:55+00:00","dateModified":"2021-01-24T18:27:03+00:00","mainEntityOfPage":{"@id":"https:\/\/www.sonoraenequipo.com.mx\/hermosillo-se-suman-mas-colonias-al-riesgo-maximo-por-contagios-de-covid-19\/"},"wordCount":216,"commentCount":0,"publisher":{"@id":"https:\/\/www.sonoraenequipo.com.mx\/#organization"},"image":{"@id":"https:\/\/www.sonoraenequipo.com.mx\/hermosillo-se-suman-mas-colonias-al-riesgo-maximo-por-contagios-de-covid-19\/#primaryimage"},"thumbnailUrl":"https:\/\/www.sonoraenequipo.com.mx\/storage\/2021\/01\/Hermosillo-Colonias-Zona-Cero_opt.jpg","articleSection":["Municipios"],"inLanguage":"es","potentialAction":[{"@type":"CommentAction","name":"Comment","target":["https:\/\/www.sonoraenequipo.com.mx\/hermosillo-se-suman-mas-colonias-al-riesgo-maximo-por-contagios-de-covid-19\/#respond"]}]},{"@type":"WebPage","@id":"https:\/\/www.sonoraenequipo.com.mx\/hermosillo-se-suman-mas-colonias-al-riesgo-maximo-por-contagios-de-covid-19\/","url":"https:\/\/www.sonoraenequipo.com.mx\/hermosillo-se-suman-mas-colonias-al-riesgo-maximo-por-contagios-de-covid-19\/","name":"Sonora en Equipo. HERMOSILLO. Se suman m\u00e1s colonias al riesgo m\u00e1ximo por contagios de Covid-19 Municipios","isPartOf":{"@id":"https:\/\/www.sonoraenequipo.com.mx\/#website"},"primaryImageOfPage":{"@id":"https:\/\/www.sonoraenequipo.com.mx\/hermosillo-se-suman-mas-colonias-al-riesgo-maximo-por-contagios-de-covid-19\/#primaryimage"},"image":{"@id":"https:\/\/www.sonoraenequipo.com.mx\/hermosillo-se-suman-mas-colonias-al-riesgo-maximo-por-contagios-de-covid-19\/#primaryimage"},"thumbnailUrl":"https:\/\/www.sonoraenequipo.com.mx\/storage\/2021\/01\/Hermosillo-Colonias-Zona-Cero_opt.jpg","datePublished":"2021-01-24T06:48:55+00:00","dateModified":"2021-01-24T18:27:03+00:00","description":"HERMOSILLO, SONORA. MX. \u2014\u00a0 Este s\u00e1bado autoridades de Salud actualizaron el Mapa Anticipa Sonora, en el cual indicaron las colonias por municipio en las En Sonora en Equipo publicamos toda la informaci\u00f3n de Sonora, M\u00e9xico y el Mundo de manera oportuna y busca que la libertad de expresi\u00f3n sea real. Visita nuestro medio informativo publicado desde Hermosillo, Sonora. %","breadcrumb":{"@id":"https:\/\/www.sonoraenequipo.com.mx\/hermosillo-se-suman-mas-colonias-al-riesgo-maximo-por-contagios-de-covid-19\/#breadcrumb"},"inLanguage":"es","potentialAction":[{"@type":"ReadAction","target":["https:\/\/www.sonoraenequipo.com.mx\/hermosillo-se-suman-mas-colonias-al-riesgo-maximo-por-contagios-de-covid-19\/"]}]},{"@type":"ImageObject","inLanguage":"es","@id":"https:\/\/www.sonoraenequipo.com.mx\/hermosillo-se-suman-mas-colonias-al-riesgo-maximo-por-contagios-de-covid-19\/#primaryimage","url":"https:\/\/www.sonoraenequipo.com.mx\/storage\/2021\/01\/Hermosillo-Colonias-Zona-Cero_opt.jpg","contentUrl":"https:\/\/www.sonoraenequipo.com.mx\/storage\/2021\/01\/Hermosillo-Colonias-Zona-Cero_opt.jpg","width":792,"height":443},{"@type":"BreadcrumbList","@id":"https:\/\/www.sonoraenequipo.com.mx\/hermosillo-se-suman-mas-colonias-al-riesgo-maximo-por-contagios-de-covid-19\/#breadcrumb","itemListElement":[{"@type":"ListItem","position":1,"name":"Portada","item":"https:\/\/www.sonoraenequipo.com.mx\/"},{"@type":"ListItem","position":2,"name":"HERMOSILLO. Se suman m\u00e1s colonias al riesgo m\u00e1ximo por contagios de Covid-19"}]},{"@type":"WebSite","@id":"https:\/\/www.sonoraenequipo.com.mx\/#website","url":"https:\/\/www.sonoraenequipo.com.mx\/","name":"Sonora en Equipo.","description":"Diario en l\u00ednea con Noticias desde Hermosillo, Sonora","publisher":{"@id":"https:\/\/www.sonoraenequipo.com.mx\/#organization"},"potentialAction":[{"@type":"SearchAction","target":{"@type":"EntryPoint","urlTemplate":"https:\/\/www.sonoraenequipo.com.mx\/?s={search_term_string}"},"query-input":{"@type":"PropertyValueSpecification","valueRequired":true,"valueName":"search_term_string"}}],"inLanguage":"es"},{"@type":"Organization","@id":"https:\/\/www.sonoraenequipo.com.mx\/#organization","name":"Sonoraenequipo.com.mx","url":"https:\/\/www.sonoraenequipo.com.mx\/","logo":{"@type":"ImageObject","inLanguage":"es","@id":"https:\/\/www.sonoraenequipo.com.mx\/#\/schema\/logo\/image\/","url":"https:\/\/www.sonoraenequipo.com.mx\/storage\/2019\/01\/sonoraenequipo_opt.png","contentUrl":"https:\/\/www.sonoraenequipo.com.mx\/storage\/2019\/01\/sonoraenequipo_opt.png","width":375,"height":125,"caption":"Sonoraenequipo.com.mx"},"image":{"@id":"https:\/\/www.sonoraenequipo.com.mx\/#\/schema\/logo\/image\/"},"sameAs":["https:\/\/www.facebook.com\/SonoraEE\/","https:\/\/x.com\/sonoraenequipo","https:\/\/www.youtube.com\/channel\/UC338nW-lPEYmJQs4ZABQ1SQ"]},{"@type":"Person","@id":"https:\/\/www.sonoraenequipo.com.mx\/#\/schema\/person\/50102df0fb23a8fa9e8effad8fa81386","name":"enequipo","image":{"@type":"ImageObject","inLanguage":"es","@id":"https:\/\/www.sonoraenequipo.com.mx\/#\/schema\/person\/image\/","url":"https:\/\/secure.gravatar.com\/avatar\/049821681b589dabc0bc20695993ccebb09f5b5d4d790cd9251b97faac7c652b?s=96&d=blank&r=g","contentUrl":"https:\/\/secure.gravatar.com\/avatar\/049821681b589dabc0bc20695993ccebb09f5b5d4d790cd9251b97faac7c652b?s=96&d=blank&r=g","caption":"enequipo"},"sameAs":["https:\/\/www.facebook.com\/SonoraEE"]}]}},"jetpack_featured_media_url":"https:\/\/www.sonoraenequipo.com.mx\/storage\/2021\/01\/Hermosillo-Colonias-Zona-Cero_opt.jpg","_links":{"self":[{"href":"https:\/\/www.sonoraenequipo.com.mx\/api\/wp\/v2\/posts\/105355","targetHints":{"allow":["GET"]}}],"collection":[{"href":"https:\/\/www.sonoraenequipo.com.mx\/api\/wp\/v2\/posts"}],"about":[{"href":"https:\/\/www.sonoraenequipo.com.mx\/api\/wp\/v2\/types\/post"}],"author":[{"embeddable":true,"href":"https:\/\/www.sonoraenequipo.com.mx\/api\/wp\/v2\/users\/1"}],"replies":[{"embeddable":true,"href":"https:\/\/www.sonoraenequipo.com.mx\/api\/wp\/v2\/comments?post=105355"}],"version-history":[{"count":1,"href":"https:\/\/www.sonoraenequipo.com.mx\/api\/wp\/v2\/posts\/105355\/revisions"}],"predecessor-version":[{"id":105357,"href":"https:\/\/www.sonoraenequipo.com.mx\/api\/wp\/v2\/posts\/105355\/revisions\/105357"}],"wp:featuredmedia":[{"embeddable":true,"href":"https:\/\/www.sonoraenequipo.com.mx\/api\/wp\/v2\/media\/105356"}],"wp:attachment":[{"href":"https:\/\/www.sonoraenequipo.com.mx\/api\/wp\/v2\/media?parent=105355"}],"wp:term":[{"taxonomy":"category","embeddable":true,"href":"https:\/\/www.sonoraenequipo.com.mx\/api\/wp\/v2\/categories?post=105355"},{"taxonomy":"post_tag","embeddable":true,"href":"https:\/\/www.sonoraenequipo.com.mx\/api\/wp\/v2\/tags?post=105355"}],"curies":[{"name":"wp","href":"https:\/\/api.w.org\/{rel}","templated":true}]}}