{"id":105973,"date":"2021-02-01T12:31:36","date_gmt":"2021-02-01T19:31:36","guid":{"rendered":"https:\/\/www.sonoraenequipo.com.mx\/?p=105973"},"modified":"2021-02-01T20:05:46","modified_gmt":"2021-02-02T03:05:46","slug":"arranca-la-tercera-etapa-de-rehabilitacion-integral-de-la-avenida-elias-calles","status":"publish","type":"post","link":"https:\/\/www.sonoraenequipo.com.mx\/arranca-la-tercera-etapa-de-rehabilitacion-integral-de-la-avenida-elias-calles\/","title":{"rendered":"Arranca la tercera etapa de rehabilitaci\u00f3n Integral de la avenida El\u00edas Calles"},"content":{"rendered":"<p>&nbsp;<\/p>\n<p>&nbsp;<\/p>\n<h3>\u25baEs la tercera y \u00faltima fase de dicha obra que forma parte del rescate de vialidades estrat\u00e9gicas de Hermosillo por parte del Gobierno Municipal, en alianza con los comerciantes del Centro<\/h3>\n<p>&nbsp;<\/p>\n<p>&nbsp;<\/p>\n<p><img loading=\"lazy\" decoding=\"async\" class=\"size-full  x-left\" src=\"https:\/\/www.sonoraenequipo.com.mx\/storage\/2021\/02\/pavimentacion-elias-calles2.jpg\" alt=\"\" width=\"500\" height=\"299\" \/>HERMOSILLO, SONORA,MX.\u2500\u2500 Este lunes inici\u00f3 la tercera y \u00faltima etapa de la rehabilitaci\u00f3n integral con concreto hidr\u00e1ulico de la avenida Plutarco El\u00edas Calles, una de las vialidades con m\u00e1s tr\u00e1fico vehicular del Centro Hist\u00f3rico y comercial de Hermosillo, producto de la colaboraci\u00f3n entre el Gobierno Municipal y el Patronato Pro Obras del Centro.<\/p>\n<p>&nbsp;<\/p>\n<p>La intervenci\u00f3n en esta etapa abarca de las calles Garmendia a la Jos\u00e9 Mar\u00eda Pino Su\u00e1rez y durante su ejecuci\u00f3n habr\u00e1 cambios temporales en la trayectoria usual de las rutas de transporte urbano, as\u00ed como cierre del acceso a los autom\u00f3viles al frente de trabajo a partir del martes, por lo que se pide a los ciudadanos su comprensi\u00f3n, revel\u00f3 Jos\u00e9 Carrillo Atondo, Director General de la Coordinaci\u00f3n de Infraestructura, Desarrollo Urbano y Ecolog\u00eda (CIDUE).<\/p>\n<p>&nbsp;<\/p>\n<p><img loading=\"lazy\" decoding=\"async\" class=\"size-full  x-left\" src=\"https:\/\/www.sonoraenequipo.com.mx\/storage\/2021\/02\/pavimentacion-elias-calles3.jpg\" alt=\"\" width=\"500\" height=\"333\" \/>El funcionario explic\u00f3 que la rehabilitaci\u00f3n en proceso forma parte del esfuerzo de la administraci\u00f3n municipal que encabeza Celida L\u00f3pez C\u00e1rdenas por rescatar a Hermosillo de los efectos de a\u00f1os de deterioro no atendido de la infraestructura vial de la ciudad.<\/p>\n<p>&nbsp;<\/p>\n<p>&nbsp;<\/p>\n<p>\u201cEs importante avisarles que para poder hacer todo este trabajo se est\u00e1 haciendo un ajuste en las vialidades del centro, por lo que a partir de este d\u00eda y durante alrededor de 6 semanas la calle Serd\u00e1n estar\u00e1 funcionando en sentido contrario a lo habitual, es decir que desde la Pino Su\u00e1rez a la Jes\u00fas Garc\u00eda se estar\u00e1 llevando el flujo vehicular de poniente a Oriente, tomen sus precauciones\u201d, explic\u00f3.<\/p>\n<p>&nbsp;<\/p>\n<p>&nbsp;<\/p>\n<p>Mencion\u00f3 que las paradas de camiones que operaban en la avenida que se est\u00e1 rehabilitando se trasladar\u00e1n temporalmente a la Serd\u00e1n, en tanto concluye por completo la obra, que se estima ser\u00e1 en 6 semanas.<\/p>\n<p>&nbsp;<\/p>\n<p>&nbsp;<\/p>\n<p>En el caso de la avenida Plutarco El\u00edas Calles, el proyecto es resultado de la colaboraci\u00f3n entre el Ayuntamiento y los empresarios locales miembros del Patronato Pro Obras del Centro, con una inversi\u00f3n de 10 millones 578 mil 10 pesos.<\/p>\n<p>&nbsp;<\/p>\n<p>Una vez terminada, la superficie de rodamiento de toda la calle ser\u00e1 de concreto hidr\u00e1ulico de 20 cent\u00edmetros de espesor, con una infraestructura subterr\u00e1nea de agua potable y drenaje completamente nueva.<\/p>\n<p>Fecha de publicaci\u00f3n 01\/feb\/2021<\/p>\n<p>&nbsp;<\/p>\n<p>&nbsp;<\/p>\n<p>&nbsp;<\/p>\n<p>&nbsp;<\/p>\n","protected":false},"excerpt":{"rendered":"<p>&nbsp; &nbsp; \u25baEs la tercera y \u00faltima fase de dicha obra que forma parte del&#8230;<\/p>\n","protected":false},"author":1,"featured_media":105974,"comment_status":"open","ping_status":"open","sticky":false,"template":"","format":"standard","meta":{"_monsterinsights_skip_tracking":false,"_monsterinsights_sitenote_active":false,"_monsterinsights_sitenote_note":"","_monsterinsights_sitenote_category":0,"footnotes":""},"categories":[4],"tags":[4958],"class_list":["post"],"yoast_head":" \n<title>Sonora en Equipo. Arranca la tercera etapa de rehabilitaci\u00f3n Integral de la avenida El\u00edas Calles Municipios<\/title>\n<meta name=\"description\" content=\"&nbsp; &nbsp; \u25baEs la tercera y \u00faltima fase de dicha obra que forma parte del rescate de vialidades estrat\u00e9gicas de Hermosillo por parte del Gobierno En Sonora en Equipo publicamos toda la informaci\u00f3n de Sonora, M\u00e9xico y el Mundo de manera oportuna y busca que la libertad de expresi\u00f3n sea real. Visita nuestro medio informativo publicado desde Hermosillo, Sonora. %\" \/>\n<meta name=\"robots\" content=\"index, follow, max-snippet:-1, max-image-preview:large, max-video-preview:-1\" \/>\n<link rel=\"canonical\" href=\"https:\/\/www.sonoraenequipo.com.mx\/arranca-la-tercera-etapa-de-rehabilitacion-integral-de-la-avenida-elias-calles\/\" \/>\n<meta property=\"og:locale\" content=\"es_ES\" \/>\n<meta property=\"og:type\" content=\"article\" \/>\n<meta property=\"og:title\" content=\"Sonora en Equipo. Arranca la tercera etapa de rehabilitaci\u00f3n Integral de la avenida El\u00edas Calles Municipios\" \/>\n<meta property=\"og:description\" content=\"&nbsp; &nbsp; \u25baEs la tercera y \u00faltima fase de dicha obra que forma parte del rescate de vialidades estrat\u00e9gicas de Hermosillo por parte del Gobierno En Sonora en Equipo publicamos toda la informaci\u00f3n de Sonora, M\u00e9xico y el Mundo de manera oportuna y busca que la libertad de expresi\u00f3n sea real. Visita nuestro medio informativo publicado desde Hermosillo, Sonora. %\" \/>\n<meta property=\"og:url\" content=\"https:\/\/www.sonoraenequipo.com.mx\/arranca-la-tercera-etapa-de-rehabilitacion-integral-de-la-avenida-elias-calles\/\" \/>\n<meta property=\"og:site_name\" content=\"Sonora en Equipo.\" \/>\n<meta property=\"article:publisher\" content=\"https:\/\/www.facebook.com\/SonoraEE\/\" \/>\n<meta property=\"article:author\" content=\"https:\/\/www.facebook.com\/SonoraEE\" \/>\n<meta property=\"article:published_time\" content=\"2021-02-01T19:31:36+00:00\" \/>\n<meta property=\"article:modified_time\" content=\"2021-02-02T03:05:46+00:00\" \/>\n<meta property=\"og:image\" content=\"https:\/\/www.sonoraenequipo.com.mx\/storage\/2021\/02\/pavimentacion-elias-calles1.jpg\" \/>\n\t<meta property=\"og:image:width\" content=\"500\" \/>\n\t<meta property=\"og:image:height\" content=\"333\" \/>\n\t<meta property=\"og:image:type\" content=\"image\/jpeg\" \/>\n<meta name=\"author\" content=\"enequipo\" \/>\n<meta name=\"twitter:card\" content=\"summary_large_image\" \/>\n<meta name=\"twitter:creator\" content=\"@sonoraenequipo\" \/>\n<meta name=\"twitter:site\" content=\"@sonoraenequipo\" \/>\n<meta name=\"twitter:label1\" content=\"Escrito por\" \/>\n\t<meta name=\"twitter:data1\" content=\"enequipo\" \/>\n\t<meta name=\"twitter:label2\" content=\"Tiempo de lectura\" \/>\n\t<meta name=\"twitter:data2\" content=\"3 minutos\" \/>\n<script type=\"application\/ld+json\" class=\"yoast-schema-graph\">{\"@context\":\"https:\/\/schema.org\",\"@graph\":[{\"@type\":\"Article\",\"@id\":\"https:\/\/www.sonoraenequipo.com.mx\/arranca-la-tercera-etapa-de-rehabilitacion-integral-de-la-avenida-elias-calles\/#article\",\"isPartOf\":{\"@id\":\"https:\/\/www.sonoraenequipo.com.mx\/arranca-la-tercera-etapa-de-rehabilitacion-integral-de-la-avenida-elias-calles\/\"},\"author\":{\"name\":\"enequipo\",\"@id\":\"https:\/\/www.sonoraenequipo.com.mx\/#\/schema\/person\/50102df0fb23a8fa9e8effad8fa81386\"},\"headline\":\"Arranca la tercera etapa de rehabilitaci\u00f3n Integral de la avenida El\u00edas Calles\",\"datePublished\":\"2021-02-01T19:31:36+00:00\",\"dateModified\":\"2021-02-02T03:05:46+00:00\",\"mainEntityOfPage\":{\"@id\":\"https:\/\/www.sonoraenequipo.com.mx\/arranca-la-tercera-etapa-de-rehabilitacion-integral-de-la-avenida-elias-calles\/\"},\"wordCount\":441,\"commentCount\":0,\"publisher\":{\"@id\":\"https:\/\/www.sonoraenequipo.com.mx\/#organization\"},\"image\":{\"@id\":\"https:\/\/www.sonoraenequipo.com.mx\/arranca-la-tercera-etapa-de-rehabilitacion-integral-de-la-avenida-elias-calles\/#primaryimage\"},\"thumbnailUrl\":\"https:\/\/www.sonoraenequipo.com.mx\/storage\/2021\/02\/pavimentacion-elias-calles1.jpg\",\"keywords\":[\"pavimentacion hermosillo\"],\"articleSection\":[\"Municipios\"],\"inLanguage\":\"es\",\"potentialAction\":[{\"@type\":\"CommentAction\",\"name\":\"Comment\",\"target\":[\"https:\/\/www.sonoraenequipo.com.mx\/arranca-la-tercera-etapa-de-rehabilitacion-integral-de-la-avenida-elias-calles\/#respond\"]}]},{\"@type\":\"WebPage\",\"@id\":\"https:\/\/www.sonoraenequipo.com.mx\/arranca-la-tercera-etapa-de-rehabilitacion-integral-de-la-avenida-elias-calles\/\",\"url\":\"https:\/\/www.sonoraenequipo.com.mx\/arranca-la-tercera-etapa-de-rehabilitacion-integral-de-la-avenida-elias-calles\/\",\"name\":\"Sonora en Equipo. Arranca la tercera etapa de rehabilitaci\u00f3n Integral de la avenida El\u00edas Calles Municipios\",\"isPartOf\":{\"@id\":\"https:\/\/www.sonoraenequipo.com.mx\/#website\"},\"primaryImageOfPage\":{\"@id\":\"https:\/\/www.sonoraenequipo.com.mx\/arranca-la-tercera-etapa-de-rehabilitacion-integral-de-la-avenida-elias-calles\/#primaryimage\"},\"image\":{\"@id\":\"https:\/\/www.sonoraenequipo.com.mx\/arranca-la-tercera-etapa-de-rehabilitacion-integral-de-la-avenida-elias-calles\/#primaryimage\"},\"thumbnailUrl\":\"https:\/\/www.sonoraenequipo.com.mx\/storage\/2021\/02\/pavimentacion-elias-calles1.jpg\",\"datePublished\":\"2021-02-01T19:31:36+00:00\",\"dateModified\":\"2021-02-02T03:05:46+00:00\",\"description\":\"&nbsp; &nbsp; \u25baEs la tercera y \u00faltima fase de dicha obra que forma parte del rescate de vialidades estrat\u00e9gicas de Hermosillo por parte del Gobierno En Sonora en Equipo publicamos toda la informaci\u00f3n de Sonora, M\u00e9xico y el Mundo de manera oportuna y busca que la libertad de expresi\u00f3n sea real. Visita nuestro medio informativo publicado desde Hermosillo, Sonora. %\",\"breadcrumb\":{\"@id\":\"https:\/\/www.sonoraenequipo.com.mx\/arranca-la-tercera-etapa-de-rehabilitacion-integral-de-la-avenida-elias-calles\/#breadcrumb\"},\"inLanguage\":\"es\",\"potentialAction\":[{\"@type\":\"ReadAction\",\"target\":[\"https:\/\/www.sonoraenequipo.com.mx\/arranca-la-tercera-etapa-de-rehabilitacion-integral-de-la-avenida-elias-calles\/\"]}]},{\"@type\":\"ImageObject\",\"inLanguage\":\"es\",\"@id\":\"https:\/\/www.sonoraenequipo.com.mx\/arranca-la-tercera-etapa-de-rehabilitacion-integral-de-la-avenida-elias-calles\/#primaryimage\",\"url\":\"https:\/\/www.sonoraenequipo.com.mx\/storage\/2021\/02\/pavimentacion-elias-calles1.jpg\",\"contentUrl\":\"https:\/\/www.sonoraenequipo.com.mx\/storage\/2021\/02\/pavimentacion-elias-calles1.jpg\",\"width\":500,\"height\":333},{\"@type\":\"BreadcrumbList\",\"@id\":\"https:\/\/www.sonoraenequipo.com.mx\/arranca-la-tercera-etapa-de-rehabilitacion-integral-de-la-avenida-elias-calles\/#breadcrumb\",\"itemListElement\":[{\"@type\":\"ListItem\",\"position\":1,\"name\":\"Portada\",\"item\":\"https:\/\/www.sonoraenequipo.com.mx\/\"},{\"@type\":\"ListItem\",\"position\":2,\"name\":\"Arranca la tercera etapa de rehabilitaci\u00f3n Integral de la avenida El\u00edas Calles\"}]},{\"@type\":\"WebSite\",\"@id\":\"https:\/\/www.sonoraenequipo.com.mx\/#website\",\"url\":\"https:\/\/www.sonoraenequipo.com.mx\/\",\"name\":\"Sonora en Equipo.\",\"description\":\"Diario en l\u00ednea con Noticias desde Hermosillo, Sonora\",\"publisher\":{\"@id\":\"https:\/\/www.sonoraenequipo.com.mx\/#organization\"},\"potentialAction\":[{\"@type\":\"SearchAction\",\"target\":{\"@type\":\"EntryPoint\",\"urlTemplate\":\"https:\/\/www.sonoraenequipo.com.mx\/?s={search_term_string}\"},\"query-input\":{\"@type\":\"PropertyValueSpecification\",\"valueRequired\":true,\"valueName\":\"search_term_string\"}}],\"inLanguage\":\"es\"},{\"@type\":\"Organization\",\"@id\":\"https:\/\/www.sonoraenequipo.com.mx\/#organization\",\"name\":\"Sonoraenequipo.com.mx\",\"url\":\"https:\/\/www.sonoraenequipo.com.mx\/\",\"logo\":{\"@type\":\"ImageObject\",\"inLanguage\":\"es\",\"@id\":\"https:\/\/www.sonoraenequipo.com.mx\/#\/schema\/logo\/image\/\",\"url\":\"https:\/\/www.sonoraenequipo.com.mx\/storage\/2019\/01\/sonoraenequipo_opt.png\",\"contentUrl\":\"https:\/\/www.sonoraenequipo.com.mx\/storage\/2019\/01\/sonoraenequipo_opt.png\",\"width\":375,\"height\":125,\"caption\":\"Sonoraenequipo.com.mx\"},\"image\":{\"@id\":\"https:\/\/www.sonoraenequipo.com.mx\/#\/schema\/logo\/image\/\"},\"sameAs\":[\"https:\/\/www.facebook.com\/SonoraEE\/\",\"https:\/\/x.com\/sonoraenequipo\",\"https:\/\/www.youtube.com\/channel\/UC338nW-lPEYmJQs4ZABQ1SQ\"]},{\"@type\":\"Person\",\"@id\":\"https:\/\/www.sonoraenequipo.com.mx\/#\/schema\/person\/50102df0fb23a8fa9e8effad8fa81386\",\"name\":\"enequipo\",\"image\":{\"@type\":\"ImageObject\",\"inLanguage\":\"es\",\"@id\":\"https:\/\/www.sonoraenequipo.com.mx\/#\/schema\/person\/image\/\",\"url\":\"https:\/\/secure.gravatar.com\/avatar\/049821681b589dabc0bc20695993ccebb09f5b5d4d790cd9251b97faac7c652b?s=96&d=blank&r=g\",\"contentUrl\":\"https:\/\/secure.gravatar.com\/avatar\/049821681b589dabc0bc20695993ccebb09f5b5d4d790cd9251b97faac7c652b?s=96&d=blank&r=g\",\"caption\":\"enequipo\"},\"sameAs\":[\"https:\/\/www.facebook.com\/SonoraEE\"]}]}<\/script>\n ","yoast_head_json":{"title":"Sonora en Equipo. Arranca la tercera etapa de rehabilitaci\u00f3n Integral de la avenida El\u00edas Calles Municipios","description":"&nbsp; &nbsp; \u25baEs la tercera y \u00faltima fase de dicha obra que forma parte del rescate de vialidades estrat\u00e9gicas de Hermosillo por parte del Gobierno En Sonora en Equipo publicamos toda la informaci\u00f3n de Sonora, M\u00e9xico y el Mundo de manera oportuna y busca que la libertad de expresi\u00f3n sea real. Visita nuestro medio informativo publicado desde Hermosillo, Sonora. %","robots":{"index":"index","follow":"follow","max-snippet":"max-snippet:-1","max-image-preview":"max-image-preview:large","max-video-preview":"max-video-preview:-1"},"canonical":"https:\/\/www.sonoraenequipo.com.mx\/arranca-la-tercera-etapa-de-rehabilitacion-integral-de-la-avenida-elias-calles\/","og_locale":"es_ES","og_type":"article","og_title":"Sonora en Equipo. Arranca la tercera etapa de rehabilitaci\u00f3n Integral de la avenida El\u00edas Calles Municipios","og_description":"&nbsp; &nbsp; \u25baEs la tercera y \u00faltima fase de dicha obra que forma parte del rescate de vialidades estrat\u00e9gicas de Hermosillo por parte del Gobierno En Sonora en Equipo publicamos toda la informaci\u00f3n de Sonora, M\u00e9xico y el Mundo de manera oportuna y busca que la libertad de expresi\u00f3n sea real. Visita nuestro medio informativo publicado desde Hermosillo, Sonora. %","og_url":"https:\/\/www.sonoraenequipo.com.mx\/arranca-la-tercera-etapa-de-rehabilitacion-integral-de-la-avenida-elias-calles\/","og_site_name":"Sonora en Equipo.","article_publisher":"https:\/\/www.facebook.com\/SonoraEE\/","article_author":"https:\/\/www.facebook.com\/SonoraEE","article_published_time":"2021-02-01T19:31:36+00:00","article_modified_time":"2021-02-02T03:05:46+00:00","og_image":[{"width":500,"height":333,"url":"https:\/\/www.sonoraenequipo.com.mx\/storage\/2021\/02\/pavimentacion-elias-calles1.jpg","type":"image\/jpeg"}],"author":"enequipo","twitter_card":"summary_large_image","twitter_creator":"@sonoraenequipo","twitter_site":"@sonoraenequipo","twitter_misc":{"Escrito por":"enequipo","Tiempo de lectura":"3 minutos"},"schema":{"@context":"https:\/\/schema.org","@graph":[{"@type":"Article","@id":"https:\/\/www.sonoraenequipo.com.mx\/arranca-la-tercera-etapa-de-rehabilitacion-integral-de-la-avenida-elias-calles\/#article","isPartOf":{"@id":"https:\/\/www.sonoraenequipo.com.mx\/arranca-la-tercera-etapa-de-rehabilitacion-integral-de-la-avenida-elias-calles\/"},"author":{"name":"enequipo","@id":"https:\/\/www.sonoraenequipo.com.mx\/#\/schema\/person\/50102df0fb23a8fa9e8effad8fa81386"},"headline":"Arranca la tercera etapa de rehabilitaci\u00f3n Integral de la avenida El\u00edas Calles","datePublished":"2021-02-01T19:31:36+00:00","dateModified":"2021-02-02T03:05:46+00:00","mainEntityOfPage":{"@id":"https:\/\/www.sonoraenequipo.com.mx\/arranca-la-tercera-etapa-de-rehabilitacion-integral-de-la-avenida-elias-calles\/"},"wordCount":441,"commentCount":0,"publisher":{"@id":"https:\/\/www.sonoraenequipo.com.mx\/#organization"},"image":{"@id":"https:\/\/www.sonoraenequipo.com.mx\/arranca-la-tercera-etapa-de-rehabilitacion-integral-de-la-avenida-elias-calles\/#primaryimage"},"thumbnailUrl":"https:\/\/www.sonoraenequipo.com.mx\/storage\/2021\/02\/pavimentacion-elias-calles1.jpg","keywords":["pavimentacion hermosillo"],"articleSection":["Municipios"],"inLanguage":"es","potentialAction":[{"@type":"CommentAction","name":"Comment","target":["https:\/\/www.sonoraenequipo.com.mx\/arranca-la-tercera-etapa-de-rehabilitacion-integral-de-la-avenida-elias-calles\/#respond"]}]},{"@type":"WebPage","@id":"https:\/\/www.sonoraenequipo.com.mx\/arranca-la-tercera-etapa-de-rehabilitacion-integral-de-la-avenida-elias-calles\/","url":"https:\/\/www.sonoraenequipo.com.mx\/arranca-la-tercera-etapa-de-rehabilitacion-integral-de-la-avenida-elias-calles\/","name":"Sonora en Equipo. Arranca la tercera etapa de rehabilitaci\u00f3n Integral de la avenida El\u00edas Calles Municipios","isPartOf":{"@id":"https:\/\/www.sonoraenequipo.com.mx\/#website"},"primaryImageOfPage":{"@id":"https:\/\/www.sonoraenequipo.com.mx\/arranca-la-tercera-etapa-de-rehabilitacion-integral-de-la-avenida-elias-calles\/#primaryimage"},"image":{"@id":"https:\/\/www.sonoraenequipo.com.mx\/arranca-la-tercera-etapa-de-rehabilitacion-integral-de-la-avenida-elias-calles\/#primaryimage"},"thumbnailUrl":"https:\/\/www.sonoraenequipo.com.mx\/storage\/2021\/02\/pavimentacion-elias-calles1.jpg","datePublished":"2021-02-01T19:31:36+00:00","dateModified":"2021-02-02T03:05:46+00:00","description":"&nbsp; &nbsp; \u25baEs la tercera y \u00faltima fase de dicha obra que forma parte del rescate de vialidades estrat\u00e9gicas de Hermosillo por parte del Gobierno En Sonora en Equipo publicamos toda la informaci\u00f3n de Sonora, M\u00e9xico y el Mundo de manera oportuna y busca que la libertad de expresi\u00f3n sea real. Visita nuestro medio informativo publicado desde Hermosillo, Sonora. %","breadcrumb":{"@id":"https:\/\/www.sonoraenequipo.com.mx\/arranca-la-tercera-etapa-de-rehabilitacion-integral-de-la-avenida-elias-calles\/#breadcrumb"},"inLanguage":"es","potentialAction":[{"@type":"ReadAction","target":["https:\/\/www.sonoraenequipo.com.mx\/arranca-la-tercera-etapa-de-rehabilitacion-integral-de-la-avenida-elias-calles\/"]}]},{"@type":"ImageObject","inLanguage":"es","@id":"https:\/\/www.sonoraenequipo.com.mx\/arranca-la-tercera-etapa-de-rehabilitacion-integral-de-la-avenida-elias-calles\/#primaryimage","url":"https:\/\/www.sonoraenequipo.com.mx\/storage\/2021\/02\/pavimentacion-elias-calles1.jpg","contentUrl":"https:\/\/www.sonoraenequipo.com.mx\/storage\/2021\/02\/pavimentacion-elias-calles1.jpg","width":500,"height":333},{"@type":"BreadcrumbList","@id":"https:\/\/www.sonoraenequipo.com.mx\/arranca-la-tercera-etapa-de-rehabilitacion-integral-de-la-avenida-elias-calles\/#breadcrumb","itemListElement":[{"@type":"ListItem","position":1,"name":"Portada","item":"https:\/\/www.sonoraenequipo.com.mx\/"},{"@type":"ListItem","position":2,"name":"Arranca la tercera etapa de rehabilitaci\u00f3n Integral de la avenida El\u00edas Calles"}]},{"@type":"WebSite","@id":"https:\/\/www.sonoraenequipo.com.mx\/#website","url":"https:\/\/www.sonoraenequipo.com.mx\/","name":"Sonora en Equipo.","description":"Diario en l\u00ednea con Noticias desde Hermosillo, Sonora","publisher":{"@id":"https:\/\/www.sonoraenequipo.com.mx\/#organization"},"potentialAction":[{"@type":"SearchAction","target":{"@type":"EntryPoint","urlTemplate":"https:\/\/www.sonoraenequipo.com.mx\/?s={search_term_string}"},"query-input":{"@type":"PropertyValueSpecification","valueRequired":true,"valueName":"search_term_string"}}],"inLanguage":"es"},{"@type":"Organization","@id":"https:\/\/www.sonoraenequipo.com.mx\/#organization","name":"Sonoraenequipo.com.mx","url":"https:\/\/www.sonoraenequipo.com.mx\/","logo":{"@type":"ImageObject","inLanguage":"es","@id":"https:\/\/www.sonoraenequipo.com.mx\/#\/schema\/logo\/image\/","url":"https:\/\/www.sonoraenequipo.com.mx\/storage\/2019\/01\/sonoraenequipo_opt.png","contentUrl":"https:\/\/www.sonoraenequipo.com.mx\/storage\/2019\/01\/sonoraenequipo_opt.png","width":375,"height":125,"caption":"Sonoraenequipo.com.mx"},"image":{"@id":"https:\/\/www.sonoraenequipo.com.mx\/#\/schema\/logo\/image\/"},"sameAs":["https:\/\/www.facebook.com\/SonoraEE\/","https:\/\/x.com\/sonoraenequipo","https:\/\/www.youtube.com\/channel\/UC338nW-lPEYmJQs4ZABQ1SQ"]},{"@type":"Person","@id":"https:\/\/www.sonoraenequipo.com.mx\/#\/schema\/person\/50102df0fb23a8fa9e8effad8fa81386","name":"enequipo","image":{"@type":"ImageObject","inLanguage":"es","@id":"https:\/\/www.sonoraenequipo.com.mx\/#\/schema\/person\/image\/","url":"https:\/\/secure.gravatar.com\/avatar\/049821681b589dabc0bc20695993ccebb09f5b5d4d790cd9251b97faac7c652b?s=96&d=blank&r=g","contentUrl":"https:\/\/secure.gravatar.com\/avatar\/049821681b589dabc0bc20695993ccebb09f5b5d4d790cd9251b97faac7c652b?s=96&d=blank&r=g","caption":"enequipo"},"sameAs":["https:\/\/www.facebook.com\/SonoraEE"]}]}},"jetpack_featured_media_url":"https:\/\/www.sonoraenequipo.com.mx\/storage\/2021\/02\/pavimentacion-elias-calles1.jpg","_links":{"self":[{"href":"https:\/\/www.sonoraenequipo.com.mx\/api\/wp\/v2\/posts\/105973","targetHints":{"allow":["GET"]}}],"collection":[{"href":"https:\/\/www.sonoraenequipo.com.mx\/api\/wp\/v2\/posts"}],"about":[{"href":"https:\/\/www.sonoraenequipo.com.mx\/api\/wp\/v2\/types\/post"}],"author":[{"embeddable":true,"href":"https:\/\/www.sonoraenequipo.com.mx\/api\/wp\/v2\/users\/1"}],"replies":[{"embeddable":true,"href":"https:\/\/www.sonoraenequipo.com.mx\/api\/wp\/v2\/comments?post=105973"}],"version-history":[{"count":4,"href":"https:\/\/www.sonoraenequipo.com.mx\/api\/wp\/v2\/posts\/105973\/revisions"}],"predecessor-version":[{"id":105980,"href":"https:\/\/www.sonoraenequipo.com.mx\/api\/wp\/v2\/posts\/105973\/revisions\/105980"}],"wp:featuredmedia":[{"embeddable":true,"href":"https:\/\/www.sonoraenequipo.com.mx\/api\/wp\/v2\/media\/105974"}],"wp:attachment":[{"href":"https:\/\/www.sonoraenequipo.com.mx\/api\/wp\/v2\/media?parent=105973"}],"wp:term":[{"taxonomy":"category","embeddable":true,"href":"https:\/\/www.sonoraenequipo.com.mx\/api\/wp\/v2\/categories?post=105973"},{"taxonomy":"post_tag","embeddable":true,"href":"https:\/\/www.sonoraenequipo.com.mx\/api\/wp\/v2\/tags?post=105973"}],"curies":[{"name":"wp","href":"https:\/\/api.w.org\/{rel}","templated":true}]}}