{"id":105985,"date":"2021-02-01T15:13:23","date_gmt":"2021-02-01T22:13:23","guid":{"rendered":"https:\/\/www.sonoraenequipo.com.mx\/?p=105985"},"modified":"2021-02-01T20:04:22","modified_gmt":"2021-02-02T03:04:22","slug":"refuerza-gobernadora-acciones-para-la-seguridad-con-el-nuevo-sub-centro-de-mando-del-c5i-en-alamos","status":"publish","type":"post","link":"https:\/\/www.sonoraenequipo.com.mx\/refuerza-gobernadora-acciones-para-la-seguridad-con-el-nuevo-sub-centro-de-mando-del-c5i-en-alamos\/","title":{"rendered":"Refuerza Gobernadora acciones para la seguridad con el nuevo Sub Centro de Mando del C5i en \u00c1lamos"},"content":{"rendered":"<p>\u25baEn Y\u00e9cora entrega obras de pavimentaci\u00f3n y apoyos sociales<\/p>\n<p>&nbsp;<\/p>\n<p>\u00c1LAMOS, SONORA, MX.\u2500 \u00a0Con la entrega de instalaciones de seguridad, equipamiento para corporaciones policiacas, material de construcci\u00f3n y becas educativas y de capacitaci\u00f3n para el trabajo, damos respuesta a las necesidades m\u00e1s sentidas de las familias sonorenses, resalt\u00f3 la gobernadora Claudia Pavlovich Arellano al realizar una gira de trabajo por Y\u00e9cora y \u00c1lamos, municipio, este \u00faltimo, donde puso en marcha el sub Centro de Mando del Centro de Control, Comando, Comunicaci\u00f3n, C\u00f3mputo, Coordinaci\u00f3n e Inteligencia (C5i).<\/p>\n<p>&nbsp;<\/p>\n<p>En su visita a \u00c1lamos, la mandataria sonorense destac\u00f3 el cumplimiento del compromiso con los habitantes del sur de Sonora de fortalecer la estrategia de seguridad, en coordinaci\u00f3n entre los tres niveles de gobierno, acciones entre las que se incluye la puesta en operaciones de este sub centro de mando del C5i para brindar mayor protecci\u00f3n y prevenci\u00f3n a las familias alamenses.<\/p>\n<p>&nbsp;<\/p>\n<p>\u201cUstedes siempre est\u00e1n, (en referencia a los elementos de Seguridad P\u00fablica) pero sobre todo est\u00e1n en las dif\u00edciles, en los desastres naturales, cuando la gente lo requiere, enfrentando temas complicados y nosotros aqu\u00ed estamos para apoyarlos con herramientas de trabajo como es un uniforme y con este nuevo Centro de Control que les va a ayudar much\u00edsimo para poder seguir trabajando y hacer bien las cosas y, sobre todo, tener herramientas para poder realizar su trabajo\u201d, afirm\u00f3.<\/p>\n<p>&nbsp;<\/p>\n<p>La mandataria estatal destac\u00f3 la importancia de contar con este sub centro en \u00c1lamos, ya que por su peso tur\u00edstico en la entidad era primordial contar con 32 c\u00e1maras de monitoreo (24 en su primera fase) en apoyo al personal de Seguridad P\u00fablica, para lo cual se requiri\u00f3 una gesti\u00f3n especial, ya que, al ser un municipio con varios monumentos hist\u00f3ricos, se tuvo que contar con permisos espec\u00edficos para la colocaci\u00f3n de las c\u00e1maras en la ciudad.<\/p>\n<p>&nbsp;<\/p>\n<p>Durante el evento, la titular del Ejecutivo Estatal entreg\u00f3 uniformes al personal de Seguridad P\u00fablica, cumpliendo con su compromiso de apoyar a las corporaciones policiacas estatales.<\/p>\n<p>&nbsp;<\/p>\n<p>Guadalupe Lares N\u00fa\u00f1ez, coordinadora estatal del C5i, detall\u00f3 que ya son 12 sub centros de mando del C5i los que se tienen instalados en el estado y este en particular cumplir\u00e1 con la funci\u00f3n de monitoreo en el municipio y depender\u00e1 directamente del Centro de Mando Regional de Navojoa.<\/p>\n<p>&nbsp;<\/p>\n<p>Al llegar a Y\u00e9cora, la gobernadora Pavlovich se traslad\u00f3 a la casa de la se\u00f1ora Ludim Guerrero, quien junto con su esposo Miguel Rivera opera en su casa la panader\u00eda El Indio, gracias a un proyecto productivo recibido por parte del sistema DIF Sonora. La mandataria estatal pudo comprobar el \u00e9xito de este emprendimiento que inici\u00f3 en diciembre de 2020 y que a la fecha ha crecido y sirve de sustento a Ludim y su familia.<\/p>\n<p>&nbsp;<\/p>\n<p>En la plaza p\u00fablica, la gobernadora Pavlovich entreg\u00f3 becas de capacitaci\u00f3n para el trabajo por parte de Icatson, de educaci\u00f3n b\u00e1sica por parte del Instituto de Becas y Cr\u00e9dito Educativo, material de construcci\u00f3n de Coves y sillas de ruedas por parte de DIF Sonora. Tambi\u00e9n, inaugur\u00f3 la obra de pavimentaci\u00f3n con concreto hidr\u00e1ulico de la calle Nogales, entre Adolfo L\u00f3pez Mateos y avenida Miguel Lerdo de Tejada.<\/p>\n<p>&nbsp;<\/p>\n<p>\u201cTenemos que salir adelante, yo cumpliendo con las obras de pavimentaci\u00f3n que me compromet\u00ed, con los apoyos para las viviendas, hicimos m\u00e1s de 10 mil viviendas en el estado, para m\u00ed como madre de familia es muy importante, s\u00e9 que es el lugar donde viven, donde est\u00e1n con sus hijos y quiero que tengan una vivienda digna, con mejoras, tratando que tengan lo mejor\u201d, se\u00f1al\u00f3.<\/p>\n<p>&nbsp;<\/p>\n<p>La gobernadora Pavlovich recibi\u00f3 un cubrebocas por parte de representantes de la etnia Pima, con un dise\u00f1o de grabados similares a los que se aprecian en piedras de la regi\u00f3n.<\/p>\n<p>&nbsp;<\/p>\n<p>Presentes: V\u00edctor Manuel Balderrama C\u00e1rdenas, presidente municipal de \u00c1lamos; Yadira Espinoza M\u00e9ndez, presidenta municipal de Y\u00e9cora; Dar\u00edo Galaviz, gobernador de la etnia Pima; Yazmina Anaya Camargo, directora del Instituto de Becas y Cr\u00e9dito Educativo; Antonio Cruz Casas, coordinador general de la Comisi\u00f3n Estatal para el Desarrollo de los Pueblos y Comunidades Ind\u00edgenas (Cedis) y enlace estatal en \u00c1lamos; Guadalupe Valenzuela Armenta, coordinadora regional del C5 Navojoa; Daniel Hurtado Esquer, comisario de Seguridad P\u00fablica de \u00c1lamos;\u00a0 Juan \u00c1ngel C\u00f3rdova Salcido, enlace del Gobierno del Estado en Y\u00e9cora.<\/p>\n<p>Fecha de publicaci\u00f3n 01\/feb\/2021<\/p>\n<p>&nbsp;<\/p>\n","protected":false},"excerpt":{"rendered":"<p>\u25baEn Y\u00e9cora entrega obras de pavimentaci\u00f3n y apoyos sociales &nbsp; \u00c1LAMOS, SONORA, MX.\u2500 \u00a0Con la&#8230;<\/p>\n","protected":false},"author":1,"featured_media":105986,"comment_status":"open","ping_status":"open","sticky":false,"template":"","format":"standard","meta":{"_monsterinsights_skip_tracking":false,"_monsterinsights_sitenote_active":false,"_monsterinsights_sitenote_note":"","_monsterinsights_sitenote_category":0,"footnotes":""},"categories":[22],"tags":[170,15],"class_list":["post"],"yoast_head":" \n<title>Sonora en Equipo. Refuerza Gobernadora acciones para la seguridad con el nuevo Sub Centro de Mando del C5i en \u00c1lamos Sonora<\/title>\n<meta name=\"description\" content=\"\u25baEn Y\u00e9cora entrega obras de pavimentaci\u00f3n y apoyos sociales &nbsp; \u00c1LAMOS, SONORA, MX.\u2500 \u00a0Con la entrega de instalaciones de seguridad, equipamiento para En Sonora en Equipo publicamos toda la informaci\u00f3n de Sonora, M\u00e9xico y el Mundo de manera oportuna y busca que la libertad de expresi\u00f3n sea real. Visita nuestro medio informativo publicado desde Hermosillo, Sonora. %\" \/>\n<meta name=\"robots\" content=\"index, follow, max-snippet:-1, max-image-preview:large, max-video-preview:-1\" \/>\n<link rel=\"canonical\" href=\"https:\/\/www.sonoraenequipo.com.mx\/refuerza-gobernadora-acciones-para-la-seguridad-con-el-nuevo-sub-centro-de-mando-del-c5i-en-alamos\/\" \/>\n<meta property=\"og:locale\" content=\"es_ES\" \/>\n<meta property=\"og:type\" content=\"article\" \/>\n<meta property=\"og:title\" content=\"Sonora en Equipo. Refuerza Gobernadora acciones para la seguridad con el nuevo Sub Centro de Mando del C5i en \u00c1lamos Sonora\" \/>\n<meta property=\"og:description\" content=\"\u25baEn Y\u00e9cora entrega obras de pavimentaci\u00f3n y apoyos sociales &nbsp; \u00c1LAMOS, SONORA, MX.\u2500 \u00a0Con la entrega de instalaciones de seguridad, equipamiento para En Sonora en Equipo publicamos toda la informaci\u00f3n de Sonora, M\u00e9xico y el Mundo de manera oportuna y busca que la libertad de expresi\u00f3n sea real. Visita nuestro medio informativo publicado desde Hermosillo, Sonora. %\" \/>\n<meta property=\"og:url\" content=\"https:\/\/www.sonoraenequipo.com.mx\/refuerza-gobernadora-acciones-para-la-seguridad-con-el-nuevo-sub-centro-de-mando-del-c5i-en-alamos\/\" \/>\n<meta property=\"og:site_name\" content=\"Sonora en Equipo.\" \/>\n<meta property=\"article:publisher\" content=\"https:\/\/www.facebook.com\/SonoraEE\/\" \/>\n<meta property=\"article:author\" content=\"https:\/\/www.facebook.com\/SonoraEE\" \/>\n<meta property=\"article:published_time\" content=\"2021-02-01T22:13:23+00:00\" \/>\n<meta property=\"article:modified_time\" content=\"2021-02-02T03:04:22+00:00\" \/>\n<meta property=\"og:image\" content=\"https:\/\/www.sonoraenequipo.com.mx\/storage\/2021\/02\/CPA010221.jpg\" \/>\n\t<meta property=\"og:image:width\" content=\"500\" \/>\n\t<meta property=\"og:image:height\" content=\"344\" \/>\n\t<meta property=\"og:image:type\" content=\"image\/jpeg\" \/>\n<meta name=\"author\" content=\"enequipo\" \/>\n<meta name=\"twitter:card\" content=\"summary_large_image\" \/>\n<meta name=\"twitter:creator\" content=\"@sonoraenequipo\" \/>\n<meta name=\"twitter:site\" content=\"@sonoraenequipo\" \/>\n<meta name=\"twitter:label1\" content=\"Escrito por\" \/>\n\t<meta name=\"twitter:data1\" content=\"enequipo\" \/>\n\t<meta name=\"twitter:label2\" content=\"Tiempo de lectura\" \/>\n\t<meta name=\"twitter:data2\" content=\"4 minutos\" \/>\n<script type=\"application\/ld+json\" class=\"yoast-schema-graph\">{\"@context\":\"https:\/\/schema.org\",\"@graph\":[{\"@type\":\"Article\",\"@id\":\"https:\/\/www.sonoraenequipo.com.mx\/refuerza-gobernadora-acciones-para-la-seguridad-con-el-nuevo-sub-centro-de-mando-del-c5i-en-alamos\/#article\",\"isPartOf\":{\"@id\":\"https:\/\/www.sonoraenequipo.com.mx\/refuerza-gobernadora-acciones-para-la-seguridad-con-el-nuevo-sub-centro-de-mando-del-c5i-en-alamos\/\"},\"author\":{\"name\":\"enequipo\",\"@id\":\"https:\/\/www.sonoraenequipo.com.mx\/#\/schema\/person\/50102df0fb23a8fa9e8effad8fa81386\"},\"headline\":\"Refuerza Gobernadora acciones para la seguridad con el nuevo Sub Centro de Mando del C5i en \u00c1lamos\",\"datePublished\":\"2021-02-01T22:13:23+00:00\",\"dateModified\":\"2021-02-02T03:04:22+00:00\",\"mainEntityOfPage\":{\"@id\":\"https:\/\/www.sonoraenequipo.com.mx\/refuerza-gobernadora-acciones-para-la-seguridad-con-el-nuevo-sub-centro-de-mando-del-c5i-en-alamos\/\"},\"wordCount\":792,\"commentCount\":0,\"publisher\":{\"@id\":\"https:\/\/www.sonoraenequipo.com.mx\/#organization\"},\"image\":{\"@id\":\"https:\/\/www.sonoraenequipo.com.mx\/refuerza-gobernadora-acciones-para-la-seguridad-con-el-nuevo-sub-centro-de-mando-del-c5i-en-alamos\/#primaryimage\"},\"thumbnailUrl\":\"https:\/\/www.sonoraenequipo.com.mx\/storage\/2021\/02\/CPA010221.jpg\",\"keywords\":[\"Seguridad\",\"Sonora\"],\"articleSection\":[\"Sonora\"],\"inLanguage\":\"es\",\"potentialAction\":[{\"@type\":\"CommentAction\",\"name\":\"Comment\",\"target\":[\"https:\/\/www.sonoraenequipo.com.mx\/refuerza-gobernadora-acciones-para-la-seguridad-con-el-nuevo-sub-centro-de-mando-del-c5i-en-alamos\/#respond\"]}]},{\"@type\":\"WebPage\",\"@id\":\"https:\/\/www.sonoraenequipo.com.mx\/refuerza-gobernadora-acciones-para-la-seguridad-con-el-nuevo-sub-centro-de-mando-del-c5i-en-alamos\/\",\"url\":\"https:\/\/www.sonoraenequipo.com.mx\/refuerza-gobernadora-acciones-para-la-seguridad-con-el-nuevo-sub-centro-de-mando-del-c5i-en-alamos\/\",\"name\":\"Sonora en Equipo. Refuerza Gobernadora acciones para la seguridad con el nuevo Sub Centro de Mando del C5i en \u00c1lamos Sonora\",\"isPartOf\":{\"@id\":\"https:\/\/www.sonoraenequipo.com.mx\/#website\"},\"primaryImageOfPage\":{\"@id\":\"https:\/\/www.sonoraenequipo.com.mx\/refuerza-gobernadora-acciones-para-la-seguridad-con-el-nuevo-sub-centro-de-mando-del-c5i-en-alamos\/#primaryimage\"},\"image\":{\"@id\":\"https:\/\/www.sonoraenequipo.com.mx\/refuerza-gobernadora-acciones-para-la-seguridad-con-el-nuevo-sub-centro-de-mando-del-c5i-en-alamos\/#primaryimage\"},\"thumbnailUrl\":\"https:\/\/www.sonoraenequipo.com.mx\/storage\/2021\/02\/CPA010221.jpg\",\"datePublished\":\"2021-02-01T22:13:23+00:00\",\"dateModified\":\"2021-02-02T03:04:22+00:00\",\"description\":\"\u25baEn Y\u00e9cora entrega obras de pavimentaci\u00f3n y apoyos sociales &nbsp; \u00c1LAMOS, SONORA, MX.\u2500 \u00a0Con la entrega de instalaciones de seguridad, equipamiento para En Sonora en Equipo publicamos toda la informaci\u00f3n de Sonora, M\u00e9xico y el Mundo de manera oportuna y busca que la libertad de expresi\u00f3n sea real. Visita nuestro medio informativo publicado desde Hermosillo, Sonora. %\",\"breadcrumb\":{\"@id\":\"https:\/\/www.sonoraenequipo.com.mx\/refuerza-gobernadora-acciones-para-la-seguridad-con-el-nuevo-sub-centro-de-mando-del-c5i-en-alamos\/#breadcrumb\"},\"inLanguage\":\"es\",\"potentialAction\":[{\"@type\":\"ReadAction\",\"target\":[\"https:\/\/www.sonoraenequipo.com.mx\/refuerza-gobernadora-acciones-para-la-seguridad-con-el-nuevo-sub-centro-de-mando-del-c5i-en-alamos\/\"]}]},{\"@type\":\"ImageObject\",\"inLanguage\":\"es\",\"@id\":\"https:\/\/www.sonoraenequipo.com.mx\/refuerza-gobernadora-acciones-para-la-seguridad-con-el-nuevo-sub-centro-de-mando-del-c5i-en-alamos\/#primaryimage\",\"url\":\"https:\/\/www.sonoraenequipo.com.mx\/storage\/2021\/02\/CPA010221.jpg\",\"contentUrl\":\"https:\/\/www.sonoraenequipo.com.mx\/storage\/2021\/02\/CPA010221.jpg\",\"width\":500,\"height\":344},{\"@type\":\"BreadcrumbList\",\"@id\":\"https:\/\/www.sonoraenequipo.com.mx\/refuerza-gobernadora-acciones-para-la-seguridad-con-el-nuevo-sub-centro-de-mando-del-c5i-en-alamos\/#breadcrumb\",\"itemListElement\":[{\"@type\":\"ListItem\",\"position\":1,\"name\":\"Portada\",\"item\":\"https:\/\/www.sonoraenequipo.com.mx\/\"},{\"@type\":\"ListItem\",\"position\":2,\"name\":\"Refuerza Gobernadora acciones para la seguridad con el nuevo Sub Centro de Mando del C5i en \u00c1lamos\"}]},{\"@type\":\"WebSite\",\"@id\":\"https:\/\/www.sonoraenequipo.com.mx\/#website\",\"url\":\"https:\/\/www.sonoraenequipo.com.mx\/\",\"name\":\"Sonora en Equipo.\",\"description\":\"Diario en l\u00ednea con Noticias desde Hermosillo, Sonora\",\"publisher\":{\"@id\":\"https:\/\/www.sonoraenequipo.com.mx\/#organization\"},\"potentialAction\":[{\"@type\":\"SearchAction\",\"target\":{\"@type\":\"EntryPoint\",\"urlTemplate\":\"https:\/\/www.sonoraenequipo.com.mx\/?s={search_term_string}\"},\"query-input\":{\"@type\":\"PropertyValueSpecification\",\"valueRequired\":true,\"valueName\":\"search_term_string\"}}],\"inLanguage\":\"es\"},{\"@type\":\"Organization\",\"@id\":\"https:\/\/www.sonoraenequipo.com.mx\/#organization\",\"name\":\"Sonoraenequipo.com.mx\",\"url\":\"https:\/\/www.sonoraenequipo.com.mx\/\",\"logo\":{\"@type\":\"ImageObject\",\"inLanguage\":\"es\",\"@id\":\"https:\/\/www.sonoraenequipo.com.mx\/#\/schema\/logo\/image\/\",\"url\":\"https:\/\/www.sonoraenequipo.com.mx\/storage\/2019\/01\/sonoraenequipo_opt.png\",\"contentUrl\":\"https:\/\/www.sonoraenequipo.com.mx\/storage\/2019\/01\/sonoraenequipo_opt.png\",\"width\":375,\"height\":125,\"caption\":\"Sonoraenequipo.com.mx\"},\"image\":{\"@id\":\"https:\/\/www.sonoraenequipo.com.mx\/#\/schema\/logo\/image\/\"},\"sameAs\":[\"https:\/\/www.facebook.com\/SonoraEE\/\",\"https:\/\/x.com\/sonoraenequipo\",\"https:\/\/www.youtube.com\/channel\/UC338nW-lPEYmJQs4ZABQ1SQ\"]},{\"@type\":\"Person\",\"@id\":\"https:\/\/www.sonoraenequipo.com.mx\/#\/schema\/person\/50102df0fb23a8fa9e8effad8fa81386\",\"name\":\"enequipo\",\"image\":{\"@type\":\"ImageObject\",\"inLanguage\":\"es\",\"@id\":\"https:\/\/www.sonoraenequipo.com.mx\/#\/schema\/person\/image\/\",\"url\":\"https:\/\/secure.gravatar.com\/avatar\/049821681b589dabc0bc20695993ccebb09f5b5d4d790cd9251b97faac7c652b?s=96&d=blank&r=g\",\"contentUrl\":\"https:\/\/secure.gravatar.com\/avatar\/049821681b589dabc0bc20695993ccebb09f5b5d4d790cd9251b97faac7c652b?s=96&d=blank&r=g\",\"caption\":\"enequipo\"},\"sameAs\":[\"https:\/\/www.facebook.com\/SonoraEE\"]}]}<\/script>\n ","yoast_head_json":{"title":"Sonora en Equipo. Refuerza Gobernadora acciones para la seguridad con el nuevo Sub Centro de Mando del C5i en \u00c1lamos Sonora","description":"\u25baEn Y\u00e9cora entrega obras de pavimentaci\u00f3n y apoyos sociales &nbsp; \u00c1LAMOS, SONORA, MX.\u2500 \u00a0Con la entrega de instalaciones de seguridad, equipamiento para En Sonora en Equipo publicamos toda la informaci\u00f3n de Sonora, M\u00e9xico y el Mundo de manera oportuna y busca que la libertad de expresi\u00f3n sea real. Visita nuestro medio informativo publicado desde Hermosillo, Sonora. %","robots":{"index":"index","follow":"follow","max-snippet":"max-snippet:-1","max-image-preview":"max-image-preview:large","max-video-preview":"max-video-preview:-1"},"canonical":"https:\/\/www.sonoraenequipo.com.mx\/refuerza-gobernadora-acciones-para-la-seguridad-con-el-nuevo-sub-centro-de-mando-del-c5i-en-alamos\/","og_locale":"es_ES","og_type":"article","og_title":"Sonora en Equipo. Refuerza Gobernadora acciones para la seguridad con el nuevo Sub Centro de Mando del C5i en \u00c1lamos Sonora","og_description":"\u25baEn Y\u00e9cora entrega obras de pavimentaci\u00f3n y apoyos sociales &nbsp; \u00c1LAMOS, SONORA, MX.\u2500 \u00a0Con la entrega de instalaciones de seguridad, equipamiento para En Sonora en Equipo publicamos toda la informaci\u00f3n de Sonora, M\u00e9xico y el Mundo de manera oportuna y busca que la libertad de expresi\u00f3n sea real. Visita nuestro medio informativo publicado desde Hermosillo, Sonora. %","og_url":"https:\/\/www.sonoraenequipo.com.mx\/refuerza-gobernadora-acciones-para-la-seguridad-con-el-nuevo-sub-centro-de-mando-del-c5i-en-alamos\/","og_site_name":"Sonora en Equipo.","article_publisher":"https:\/\/www.facebook.com\/SonoraEE\/","article_author":"https:\/\/www.facebook.com\/SonoraEE","article_published_time":"2021-02-01T22:13:23+00:00","article_modified_time":"2021-02-02T03:04:22+00:00","og_image":[{"width":500,"height":344,"url":"https:\/\/www.sonoraenequipo.com.mx\/storage\/2021\/02\/CPA010221.jpg","type":"image\/jpeg"}],"author":"enequipo","twitter_card":"summary_large_image","twitter_creator":"@sonoraenequipo","twitter_site":"@sonoraenequipo","twitter_misc":{"Escrito por":"enequipo","Tiempo de lectura":"4 minutos"},"schema":{"@context":"https:\/\/schema.org","@graph":[{"@type":"Article","@id":"https:\/\/www.sonoraenequipo.com.mx\/refuerza-gobernadora-acciones-para-la-seguridad-con-el-nuevo-sub-centro-de-mando-del-c5i-en-alamos\/#article","isPartOf":{"@id":"https:\/\/www.sonoraenequipo.com.mx\/refuerza-gobernadora-acciones-para-la-seguridad-con-el-nuevo-sub-centro-de-mando-del-c5i-en-alamos\/"},"author":{"name":"enequipo","@id":"https:\/\/www.sonoraenequipo.com.mx\/#\/schema\/person\/50102df0fb23a8fa9e8effad8fa81386"},"headline":"Refuerza Gobernadora acciones para la seguridad con el nuevo Sub Centro de Mando del C5i en \u00c1lamos","datePublished":"2021-02-01T22:13:23+00:00","dateModified":"2021-02-02T03:04:22+00:00","mainEntityOfPage":{"@id":"https:\/\/www.sonoraenequipo.com.mx\/refuerza-gobernadora-acciones-para-la-seguridad-con-el-nuevo-sub-centro-de-mando-del-c5i-en-alamos\/"},"wordCount":792,"commentCount":0,"publisher":{"@id":"https:\/\/www.sonoraenequipo.com.mx\/#organization"},"image":{"@id":"https:\/\/www.sonoraenequipo.com.mx\/refuerza-gobernadora-acciones-para-la-seguridad-con-el-nuevo-sub-centro-de-mando-del-c5i-en-alamos\/#primaryimage"},"thumbnailUrl":"https:\/\/www.sonoraenequipo.com.mx\/storage\/2021\/02\/CPA010221.jpg","keywords":["Seguridad","Sonora"],"articleSection":["Sonora"],"inLanguage":"es","potentialAction":[{"@type":"CommentAction","name":"Comment","target":["https:\/\/www.sonoraenequipo.com.mx\/refuerza-gobernadora-acciones-para-la-seguridad-con-el-nuevo-sub-centro-de-mando-del-c5i-en-alamos\/#respond"]}]},{"@type":"WebPage","@id":"https:\/\/www.sonoraenequipo.com.mx\/refuerza-gobernadora-acciones-para-la-seguridad-con-el-nuevo-sub-centro-de-mando-del-c5i-en-alamos\/","url":"https:\/\/www.sonoraenequipo.com.mx\/refuerza-gobernadora-acciones-para-la-seguridad-con-el-nuevo-sub-centro-de-mando-del-c5i-en-alamos\/","name":"Sonora en Equipo. Refuerza Gobernadora acciones para la seguridad con el nuevo Sub Centro de Mando del C5i en \u00c1lamos Sonora","isPartOf":{"@id":"https:\/\/www.sonoraenequipo.com.mx\/#website"},"primaryImageOfPage":{"@id":"https:\/\/www.sonoraenequipo.com.mx\/refuerza-gobernadora-acciones-para-la-seguridad-con-el-nuevo-sub-centro-de-mando-del-c5i-en-alamos\/#primaryimage"},"image":{"@id":"https:\/\/www.sonoraenequipo.com.mx\/refuerza-gobernadora-acciones-para-la-seguridad-con-el-nuevo-sub-centro-de-mando-del-c5i-en-alamos\/#primaryimage"},"thumbnailUrl":"https:\/\/www.sonoraenequipo.com.mx\/storage\/2021\/02\/CPA010221.jpg","datePublished":"2021-02-01T22:13:23+00:00","dateModified":"2021-02-02T03:04:22+00:00","description":"\u25baEn Y\u00e9cora entrega obras de pavimentaci\u00f3n y apoyos sociales &nbsp; \u00c1LAMOS, SONORA, MX.\u2500 \u00a0Con la entrega de instalaciones de seguridad, equipamiento para En Sonora en Equipo publicamos toda la informaci\u00f3n de Sonora, M\u00e9xico y el Mundo de manera oportuna y busca que la libertad de expresi\u00f3n sea real. Visita nuestro medio informativo publicado desde Hermosillo, Sonora. %","breadcrumb":{"@id":"https:\/\/www.sonoraenequipo.com.mx\/refuerza-gobernadora-acciones-para-la-seguridad-con-el-nuevo-sub-centro-de-mando-del-c5i-en-alamos\/#breadcrumb"},"inLanguage":"es","potentialAction":[{"@type":"ReadAction","target":["https:\/\/www.sonoraenequipo.com.mx\/refuerza-gobernadora-acciones-para-la-seguridad-con-el-nuevo-sub-centro-de-mando-del-c5i-en-alamos\/"]}]},{"@type":"ImageObject","inLanguage":"es","@id":"https:\/\/www.sonoraenequipo.com.mx\/refuerza-gobernadora-acciones-para-la-seguridad-con-el-nuevo-sub-centro-de-mando-del-c5i-en-alamos\/#primaryimage","url":"https:\/\/www.sonoraenequipo.com.mx\/storage\/2021\/02\/CPA010221.jpg","contentUrl":"https:\/\/www.sonoraenequipo.com.mx\/storage\/2021\/02\/CPA010221.jpg","width":500,"height":344},{"@type":"BreadcrumbList","@id":"https:\/\/www.sonoraenequipo.com.mx\/refuerza-gobernadora-acciones-para-la-seguridad-con-el-nuevo-sub-centro-de-mando-del-c5i-en-alamos\/#breadcrumb","itemListElement":[{"@type":"ListItem","position":1,"name":"Portada","item":"https:\/\/www.sonoraenequipo.com.mx\/"},{"@type":"ListItem","position":2,"name":"Refuerza Gobernadora acciones para la seguridad con el nuevo Sub Centro de Mando del C5i en \u00c1lamos"}]},{"@type":"WebSite","@id":"https:\/\/www.sonoraenequipo.com.mx\/#website","url":"https:\/\/www.sonoraenequipo.com.mx\/","name":"Sonora en Equipo.","description":"Diario en l\u00ednea con Noticias desde Hermosillo, Sonora","publisher":{"@id":"https:\/\/www.sonoraenequipo.com.mx\/#organization"},"potentialAction":[{"@type":"SearchAction","target":{"@type":"EntryPoint","urlTemplate":"https:\/\/www.sonoraenequipo.com.mx\/?s={search_term_string}"},"query-input":{"@type":"PropertyValueSpecification","valueRequired":true,"valueName":"search_term_string"}}],"inLanguage":"es"},{"@type":"Organization","@id":"https:\/\/www.sonoraenequipo.com.mx\/#organization","name":"Sonoraenequipo.com.mx","url":"https:\/\/www.sonoraenequipo.com.mx\/","logo":{"@type":"ImageObject","inLanguage":"es","@id":"https:\/\/www.sonoraenequipo.com.mx\/#\/schema\/logo\/image\/","url":"https:\/\/www.sonoraenequipo.com.mx\/storage\/2019\/01\/sonoraenequipo_opt.png","contentUrl":"https:\/\/www.sonoraenequipo.com.mx\/storage\/2019\/01\/sonoraenequipo_opt.png","width":375,"height":125,"caption":"Sonoraenequipo.com.mx"},"image":{"@id":"https:\/\/www.sonoraenequipo.com.mx\/#\/schema\/logo\/image\/"},"sameAs":["https:\/\/www.facebook.com\/SonoraEE\/","https:\/\/x.com\/sonoraenequipo","https:\/\/www.youtube.com\/channel\/UC338nW-lPEYmJQs4ZABQ1SQ"]},{"@type":"Person","@id":"https:\/\/www.sonoraenequipo.com.mx\/#\/schema\/person\/50102df0fb23a8fa9e8effad8fa81386","name":"enequipo","image":{"@type":"ImageObject","inLanguage":"es","@id":"https:\/\/www.sonoraenequipo.com.mx\/#\/schema\/person\/image\/","url":"https:\/\/secure.gravatar.com\/avatar\/049821681b589dabc0bc20695993ccebb09f5b5d4d790cd9251b97faac7c652b?s=96&d=blank&r=g","contentUrl":"https:\/\/secure.gravatar.com\/avatar\/049821681b589dabc0bc20695993ccebb09f5b5d4d790cd9251b97faac7c652b?s=96&d=blank&r=g","caption":"enequipo"},"sameAs":["https:\/\/www.facebook.com\/SonoraEE"]}]}},"jetpack_featured_media_url":"https:\/\/www.sonoraenequipo.com.mx\/storage\/2021\/02\/CPA010221.jpg","_links":{"self":[{"href":"https:\/\/www.sonoraenequipo.com.mx\/api\/wp\/v2\/posts\/105985","targetHints":{"allow":["GET"]}}],"collection":[{"href":"https:\/\/www.sonoraenequipo.com.mx\/api\/wp\/v2\/posts"}],"about":[{"href":"https:\/\/www.sonoraenequipo.com.mx\/api\/wp\/v2\/types\/post"}],"author":[{"embeddable":true,"href":"https:\/\/www.sonoraenequipo.com.mx\/api\/wp\/v2\/users\/1"}],"replies":[{"embeddable":true,"href":"https:\/\/www.sonoraenequipo.com.mx\/api\/wp\/v2\/comments?post=105985"}],"version-history":[{"count":1,"href":"https:\/\/www.sonoraenequipo.com.mx\/api\/wp\/v2\/posts\/105985\/revisions"}],"predecessor-version":[{"id":105987,"href":"https:\/\/www.sonoraenequipo.com.mx\/api\/wp\/v2\/posts\/105985\/revisions\/105987"}],"wp:featuredmedia":[{"embeddable":true,"href":"https:\/\/www.sonoraenequipo.com.mx\/api\/wp\/v2\/media\/105986"}],"wp:attachment":[{"href":"https:\/\/www.sonoraenequipo.com.mx\/api\/wp\/v2\/media?parent=105985"}],"wp:term":[{"taxonomy":"category","embeddable":true,"href":"https:\/\/www.sonoraenequipo.com.mx\/api\/wp\/v2\/categories?post=105985"},{"taxonomy":"post_tag","embeddable":true,"href":"https:\/\/www.sonoraenequipo.com.mx\/api\/wp\/v2\/tags?post=105985"}],"curies":[{"name":"wp","href":"https:\/\/api.w.org\/{rel}","templated":true}]}}