{"id":105988,"date":"2021-02-01T16:08:04","date_gmt":"2021-02-01T23:08:04","guid":{"rendered":"https:\/\/www.sonoraenequipo.com.mx\/?p=105988"},"modified":"2021-02-01T20:02:58","modified_gmt":"2021-02-02T03:02:58","slug":"lleva-salud-sonora-jornadas-anticipa-a-colonias-con-maximo-riesgo-de-contagio-de-covid-19-en-hermosillo","status":"publish","type":"post","link":"https:\/\/www.sonoraenequipo.com.mx\/lleva-salud-sonora-jornadas-anticipa-a-colonias-con-maximo-riesgo-de-contagio-de-covid-19-en-hermosillo\/","title":{"rendered":"Lleva Salud Sonora Jornadas Anticipa a Colonias con m\u00e1ximo riesgo de contagio de COVID-19 en Hermosillo"},"content":{"rendered":"<p>\u25ba Se realizar\u00e1n pruebas de Ant\u00edgenos COVID con resultado en 15 minutos para personas que cumplan con criterios diagn\u00f3sticos<\/p>\n<p>HERMOSILLO, SONORA,MX.\u2500\u2500 Con el fin de acercar los servicios de detecci\u00f3n de COVID-19 a la poblaci\u00f3n que no puede desplazarse hasta donde se ubican los Centros Anticipa, la Secretar\u00eda de Salud llevar\u00e1 Jornadas Anticipa a las colonias que se encuentran en riesgo m\u00e1ximo de contagio, inform\u00f3 Enrique Clausen Iberri.<\/p>\n<p>&nbsp;<\/p>\n<p>El secretario de Salud explic\u00f3 que personas de cualquier edad, que en los \u00faltimos siete d\u00edas hayan presentado al menos un s\u00edntoma como dolor de garganta, tos, disnea, fiebre o dolor de cabeza, ser\u00e1n atendidos en dichas jornadas.<\/p>\n<p>&nbsp;<\/p>\n<p>Los s\u00edntomas, dijo, pueden ir acompa\u00f1ados de al menos un signo como escalofr\u00edos, dolor tor\u00e1cico, conjuntivis, dolores musculares, p\u00e9rdida del sentido del gusto u olfato, entre otros, por lo que deben acudir a atenderse de inmediato.<\/p>\n<p>&nbsp;<\/p>\n<p>Mencion\u00f3 que a partir del mi\u00e9rcoles 3 de febrero se ubicar\u00e1 una unidad m\u00f3vil con dos consultorios atendidos por m\u00e9dicos y enfermeras de la jurisdicci\u00f3n sanitaria No. 1 de la dependencia estatal, donde se realizar\u00e1n las jornadas con un horario de 9:00 a 14:00 horas.<\/p>\n<p>&nbsp;<\/p>\n<p>\u201cEs muy importante que acudan a esta unidad m\u00f3vil a atenderse a tiempo, al primer s\u00edntoma, ah\u00ed los atender\u00e1n y de ser necesario les realizar\u00e1n la prueba de ant\u00edgenos con resultados en 15 minutos, si procede se les realizar\u00e1 la prueba PCR y de ah\u00ed se van con sus medicamentos gratuitos\u201d, resalt\u00f3.<\/p>\n<p>&nbsp;<\/p>\n<p>Clausen Iberri indic\u00f3 que se realizar\u00e1n perifoneos en las colonias que tendr\u00e1n las jornadas Anticipa un d\u00eda previo a su colocaci\u00f3n, para que los vecinos tengan conocimiento de la ubicaci\u00f3n espec\u00edfica de la unidad y puedan acudir a atenderse.<\/p>\n<p>&nbsp;<\/p>\n<p>Las colonias que contar\u00e1n con la unidad m\u00f3vil esta semana, con base en el Mapa Sonora Anticipa, son: mi\u00e9rcoles colonia Sahuaro, jueves Nuevo Hermosillo y viernes Norberto Ortega.<\/p>\n<p>&nbsp;<\/p>\n<p>El titular de salud reiter\u00f3 el llamado a la poblaci\u00f3n a seguir con la estrategia de Quedarse en Casa y aplicar la regla de tres: uso correcto de cubrebocas, lavado frecuente de manos y sana distancia, as\u00ed como acudir a la unidad m\u00f3vil o centro Anticipa m\u00e1s cercano al primer s\u00edntoma que sugiera la posibilidad de padecer COVID-19.<\/p>\n<p>Fecha de publicaci\u00f3n 01\/feb\/2021<\/p>\n","protected":false},"excerpt":{"rendered":"<p>\u25ba Se realizar\u00e1n pruebas de Ant\u00edgenos COVID con resultado en 15 minutos para personas que&#8230;<\/p>\n","protected":false},"author":1,"featured_media":105989,"comment_status":"open","ping_status":"open","sticky":false,"template":"","format":"standard","meta":{"_monsterinsights_skip_tracking":false,"_monsterinsights_sitenote_active":false,"_monsterinsights_sitenote_note":"","_monsterinsights_sitenote_category":0,"footnotes":""},"categories":[4],"tags":[4249,15],"class_list":["post"],"yoast_head":" \n<title>Sonora en Equipo. Lleva Salud Sonora Jornadas Anticipa a Colonias con m\u00e1ximo riesgo de contagio de COVID-19 en Hermosillo Municipios<\/title>\n<meta name=\"description\" content=\"\u25ba Se realizar\u00e1n pruebas de Ant\u00edgenos COVID con resultado en 15 minutos para personas que cumplan con criterios diagn\u00f3sticos HERMOSILLO, SONORA,MX.\u2500\u2500 Con En Sonora en Equipo publicamos toda la informaci\u00f3n de Sonora, M\u00e9xico y el Mundo de manera oportuna y busca que la libertad de expresi\u00f3n sea real. Visita nuestro medio informativo publicado desde Hermosillo, Sonora. %\" \/>\n<meta name=\"robots\" content=\"index, follow, max-snippet:-1, max-image-preview:large, max-video-preview:-1\" \/>\n<link rel=\"canonical\" href=\"https:\/\/www.sonoraenequipo.com.mx\/lleva-salud-sonora-jornadas-anticipa-a-colonias-con-maximo-riesgo-de-contagio-de-covid-19-en-hermosillo\/\" \/>\n<meta property=\"og:locale\" content=\"es_ES\" \/>\n<meta property=\"og:type\" content=\"article\" \/>\n<meta property=\"og:title\" content=\"Sonora en Equipo. Lleva Salud Sonora Jornadas Anticipa a Colonias con m\u00e1ximo riesgo de contagio de COVID-19 en Hermosillo Municipios\" \/>\n<meta property=\"og:description\" content=\"\u25ba Se realizar\u00e1n pruebas de Ant\u00edgenos COVID con resultado en 15 minutos para personas que cumplan con criterios diagn\u00f3sticos HERMOSILLO, SONORA,MX.\u2500\u2500 Con En Sonora en Equipo publicamos toda la informaci\u00f3n de Sonora, M\u00e9xico y el Mundo de manera oportuna y busca que la libertad de expresi\u00f3n sea real. Visita nuestro medio informativo publicado desde Hermosillo, Sonora. %\" \/>\n<meta property=\"og:url\" content=\"https:\/\/www.sonoraenequipo.com.mx\/lleva-salud-sonora-jornadas-anticipa-a-colonias-con-maximo-riesgo-de-contagio-de-covid-19-en-hermosillo\/\" \/>\n<meta property=\"og:site_name\" content=\"Sonora en Equipo.\" \/>\n<meta property=\"article:publisher\" content=\"https:\/\/www.facebook.com\/SonoraEE\/\" \/>\n<meta property=\"article:author\" content=\"https:\/\/www.facebook.com\/SonoraEE\" \/>\n<meta property=\"article:published_time\" content=\"2021-02-01T23:08:04+00:00\" \/>\n<meta property=\"article:modified_time\" content=\"2021-02-02T03:02:58+00:00\" \/>\n<meta property=\"og:image\" content=\"https:\/\/www.sonoraenequipo.com.mx\/storage\/2021\/02\/salud-jornadas-covid-hmo.jpg\" \/>\n\t<meta property=\"og:image:width\" content=\"500\" \/>\n\t<meta property=\"og:image:height\" content=\"333\" \/>\n\t<meta property=\"og:image:type\" content=\"image\/jpeg\" \/>\n<meta name=\"author\" content=\"enequipo\" \/>\n<meta name=\"twitter:card\" content=\"summary_large_image\" \/>\n<meta name=\"twitter:creator\" content=\"@sonoraenequipo\" \/>\n<meta name=\"twitter:site\" content=\"@sonoraenequipo\" \/>\n<meta name=\"twitter:label1\" content=\"Escrito por\" \/>\n\t<meta name=\"twitter:data1\" content=\"enequipo\" \/>\n\t<meta name=\"twitter:label2\" content=\"Tiempo de lectura\" \/>\n\t<meta name=\"twitter:data2\" content=\"2 minutos\" \/>\n<script type=\"application\/ld+json\" class=\"yoast-schema-graph\">{\"@context\":\"https:\/\/schema.org\",\"@graph\":[{\"@type\":\"Article\",\"@id\":\"https:\/\/www.sonoraenequipo.com.mx\/lleva-salud-sonora-jornadas-anticipa-a-colonias-con-maximo-riesgo-de-contagio-de-covid-19-en-hermosillo\/#article\",\"isPartOf\":{\"@id\":\"https:\/\/www.sonoraenequipo.com.mx\/lleva-salud-sonora-jornadas-anticipa-a-colonias-con-maximo-riesgo-de-contagio-de-covid-19-en-hermosillo\/\"},\"author\":{\"name\":\"enequipo\",\"@id\":\"https:\/\/www.sonoraenequipo.com.mx\/#\/schema\/person\/50102df0fb23a8fa9e8effad8fa81386\"},\"headline\":\"Lleva Salud Sonora Jornadas Anticipa a Colonias con m\u00e1ximo riesgo de contagio de COVID-19 en Hermosillo\",\"datePublished\":\"2021-02-01T23:08:04+00:00\",\"dateModified\":\"2021-02-02T03:02:58+00:00\",\"mainEntityOfPage\":{\"@id\":\"https:\/\/www.sonoraenequipo.com.mx\/lleva-salud-sonora-jornadas-anticipa-a-colonias-con-maximo-riesgo-de-contagio-de-covid-19-en-hermosillo\/\"},\"wordCount\":425,\"commentCount\":0,\"publisher\":{\"@id\":\"https:\/\/www.sonoraenequipo.com.mx\/#organization\"},\"image\":{\"@id\":\"https:\/\/www.sonoraenequipo.com.mx\/lleva-salud-sonora-jornadas-anticipa-a-colonias-con-maximo-riesgo-de-contagio-de-covid-19-en-hermosillo\/#primaryimage\"},\"thumbnailUrl\":\"https:\/\/www.sonoraenequipo.com.mx\/storage\/2021\/02\/salud-jornadas-covid-hmo.jpg\",\"keywords\":[\"covid\",\"Sonora\"],\"articleSection\":[\"Municipios\"],\"inLanguage\":\"es\",\"potentialAction\":[{\"@type\":\"CommentAction\",\"name\":\"Comment\",\"target\":[\"https:\/\/www.sonoraenequipo.com.mx\/lleva-salud-sonora-jornadas-anticipa-a-colonias-con-maximo-riesgo-de-contagio-de-covid-19-en-hermosillo\/#respond\"]}]},{\"@type\":\"WebPage\",\"@id\":\"https:\/\/www.sonoraenequipo.com.mx\/lleva-salud-sonora-jornadas-anticipa-a-colonias-con-maximo-riesgo-de-contagio-de-covid-19-en-hermosillo\/\",\"url\":\"https:\/\/www.sonoraenequipo.com.mx\/lleva-salud-sonora-jornadas-anticipa-a-colonias-con-maximo-riesgo-de-contagio-de-covid-19-en-hermosillo\/\",\"name\":\"Sonora en Equipo. Lleva Salud Sonora Jornadas Anticipa a Colonias con m\u00e1ximo riesgo de contagio de COVID-19 en Hermosillo Municipios\",\"isPartOf\":{\"@id\":\"https:\/\/www.sonoraenequipo.com.mx\/#website\"},\"primaryImageOfPage\":{\"@id\":\"https:\/\/www.sonoraenequipo.com.mx\/lleva-salud-sonora-jornadas-anticipa-a-colonias-con-maximo-riesgo-de-contagio-de-covid-19-en-hermosillo\/#primaryimage\"},\"image\":{\"@id\":\"https:\/\/www.sonoraenequipo.com.mx\/lleva-salud-sonora-jornadas-anticipa-a-colonias-con-maximo-riesgo-de-contagio-de-covid-19-en-hermosillo\/#primaryimage\"},\"thumbnailUrl\":\"https:\/\/www.sonoraenequipo.com.mx\/storage\/2021\/02\/salud-jornadas-covid-hmo.jpg\",\"datePublished\":\"2021-02-01T23:08:04+00:00\",\"dateModified\":\"2021-02-02T03:02:58+00:00\",\"description\":\"\u25ba Se realizar\u00e1n pruebas de Ant\u00edgenos COVID con resultado en 15 minutos para personas que cumplan con criterios diagn\u00f3sticos HERMOSILLO, SONORA,MX.\u2500\u2500 Con En Sonora en Equipo publicamos toda la informaci\u00f3n de Sonora, M\u00e9xico y el Mundo de manera oportuna y busca que la libertad de expresi\u00f3n sea real. Visita nuestro medio informativo publicado desde Hermosillo, Sonora. %\",\"breadcrumb\":{\"@id\":\"https:\/\/www.sonoraenequipo.com.mx\/lleva-salud-sonora-jornadas-anticipa-a-colonias-con-maximo-riesgo-de-contagio-de-covid-19-en-hermosillo\/#breadcrumb\"},\"inLanguage\":\"es\",\"potentialAction\":[{\"@type\":\"ReadAction\",\"target\":[\"https:\/\/www.sonoraenequipo.com.mx\/lleva-salud-sonora-jornadas-anticipa-a-colonias-con-maximo-riesgo-de-contagio-de-covid-19-en-hermosillo\/\"]}]},{\"@type\":\"ImageObject\",\"inLanguage\":\"es\",\"@id\":\"https:\/\/www.sonoraenequipo.com.mx\/lleva-salud-sonora-jornadas-anticipa-a-colonias-con-maximo-riesgo-de-contagio-de-covid-19-en-hermosillo\/#primaryimage\",\"url\":\"https:\/\/www.sonoraenequipo.com.mx\/storage\/2021\/02\/salud-jornadas-covid-hmo.jpg\",\"contentUrl\":\"https:\/\/www.sonoraenequipo.com.mx\/storage\/2021\/02\/salud-jornadas-covid-hmo.jpg\",\"width\":500,\"height\":333},{\"@type\":\"BreadcrumbList\",\"@id\":\"https:\/\/www.sonoraenequipo.com.mx\/lleva-salud-sonora-jornadas-anticipa-a-colonias-con-maximo-riesgo-de-contagio-de-covid-19-en-hermosillo\/#breadcrumb\",\"itemListElement\":[{\"@type\":\"ListItem\",\"position\":1,\"name\":\"Portada\",\"item\":\"https:\/\/www.sonoraenequipo.com.mx\/\"},{\"@type\":\"ListItem\",\"position\":2,\"name\":\"Lleva Salud Sonora Jornadas Anticipa a Colonias con m\u00e1ximo riesgo de contagio de COVID-19 en Hermosillo\"}]},{\"@type\":\"WebSite\",\"@id\":\"https:\/\/www.sonoraenequipo.com.mx\/#website\",\"url\":\"https:\/\/www.sonoraenequipo.com.mx\/\",\"name\":\"Sonora en Equipo.\",\"description\":\"Diario en l\u00ednea con Noticias desde Hermosillo, Sonora\",\"publisher\":{\"@id\":\"https:\/\/www.sonoraenequipo.com.mx\/#organization\"},\"potentialAction\":[{\"@type\":\"SearchAction\",\"target\":{\"@type\":\"EntryPoint\",\"urlTemplate\":\"https:\/\/www.sonoraenequipo.com.mx\/?s={search_term_string}\"},\"query-input\":{\"@type\":\"PropertyValueSpecification\",\"valueRequired\":true,\"valueName\":\"search_term_string\"}}],\"inLanguage\":\"es\"},{\"@type\":\"Organization\",\"@id\":\"https:\/\/www.sonoraenequipo.com.mx\/#organization\",\"name\":\"Sonoraenequipo.com.mx\",\"url\":\"https:\/\/www.sonoraenequipo.com.mx\/\",\"logo\":{\"@type\":\"ImageObject\",\"inLanguage\":\"es\",\"@id\":\"https:\/\/www.sonoraenequipo.com.mx\/#\/schema\/logo\/image\/\",\"url\":\"https:\/\/www.sonoraenequipo.com.mx\/storage\/2019\/01\/sonoraenequipo_opt.png\",\"contentUrl\":\"https:\/\/www.sonoraenequipo.com.mx\/storage\/2019\/01\/sonoraenequipo_opt.png\",\"width\":375,\"height\":125,\"caption\":\"Sonoraenequipo.com.mx\"},\"image\":{\"@id\":\"https:\/\/www.sonoraenequipo.com.mx\/#\/schema\/logo\/image\/\"},\"sameAs\":[\"https:\/\/www.facebook.com\/SonoraEE\/\",\"https:\/\/x.com\/sonoraenequipo\",\"https:\/\/www.youtube.com\/channel\/UC338nW-lPEYmJQs4ZABQ1SQ\"]},{\"@type\":\"Person\",\"@id\":\"https:\/\/www.sonoraenequipo.com.mx\/#\/schema\/person\/50102df0fb23a8fa9e8effad8fa81386\",\"name\":\"enequipo\",\"image\":{\"@type\":\"ImageObject\",\"inLanguage\":\"es\",\"@id\":\"https:\/\/www.sonoraenequipo.com.mx\/#\/schema\/person\/image\/\",\"url\":\"https:\/\/secure.gravatar.com\/avatar\/049821681b589dabc0bc20695993ccebb09f5b5d4d790cd9251b97faac7c652b?s=96&d=blank&r=g\",\"contentUrl\":\"https:\/\/secure.gravatar.com\/avatar\/049821681b589dabc0bc20695993ccebb09f5b5d4d790cd9251b97faac7c652b?s=96&d=blank&r=g\",\"caption\":\"enequipo\"},\"sameAs\":[\"https:\/\/www.facebook.com\/SonoraEE\"]}]}<\/script>\n ","yoast_head_json":{"title":"Sonora en Equipo. Lleva Salud Sonora Jornadas Anticipa a Colonias con m\u00e1ximo riesgo de contagio de COVID-19 en Hermosillo Municipios","description":"\u25ba Se realizar\u00e1n pruebas de Ant\u00edgenos COVID con resultado en 15 minutos para personas que cumplan con criterios diagn\u00f3sticos HERMOSILLO, SONORA,MX.\u2500\u2500 Con En Sonora en Equipo publicamos toda la informaci\u00f3n de Sonora, M\u00e9xico y el Mundo de manera oportuna y busca que la libertad de expresi\u00f3n sea real. Visita nuestro medio informativo publicado desde Hermosillo, Sonora. %","robots":{"index":"index","follow":"follow","max-snippet":"max-snippet:-1","max-image-preview":"max-image-preview:large","max-video-preview":"max-video-preview:-1"},"canonical":"https:\/\/www.sonoraenequipo.com.mx\/lleva-salud-sonora-jornadas-anticipa-a-colonias-con-maximo-riesgo-de-contagio-de-covid-19-en-hermosillo\/","og_locale":"es_ES","og_type":"article","og_title":"Sonora en Equipo. Lleva Salud Sonora Jornadas Anticipa a Colonias con m\u00e1ximo riesgo de contagio de COVID-19 en Hermosillo Municipios","og_description":"\u25ba Se realizar\u00e1n pruebas de Ant\u00edgenos COVID con resultado en 15 minutos para personas que cumplan con criterios diagn\u00f3sticos HERMOSILLO, SONORA,MX.\u2500\u2500 Con En Sonora en Equipo publicamos toda la informaci\u00f3n de Sonora, M\u00e9xico y el Mundo de manera oportuna y busca que la libertad de expresi\u00f3n sea real. Visita nuestro medio informativo publicado desde Hermosillo, Sonora. %","og_url":"https:\/\/www.sonoraenequipo.com.mx\/lleva-salud-sonora-jornadas-anticipa-a-colonias-con-maximo-riesgo-de-contagio-de-covid-19-en-hermosillo\/","og_site_name":"Sonora en Equipo.","article_publisher":"https:\/\/www.facebook.com\/SonoraEE\/","article_author":"https:\/\/www.facebook.com\/SonoraEE","article_published_time":"2021-02-01T23:08:04+00:00","article_modified_time":"2021-02-02T03:02:58+00:00","og_image":[{"width":500,"height":333,"url":"https:\/\/www.sonoraenequipo.com.mx\/storage\/2021\/02\/salud-jornadas-covid-hmo.jpg","type":"image\/jpeg"}],"author":"enequipo","twitter_card":"summary_large_image","twitter_creator":"@sonoraenequipo","twitter_site":"@sonoraenequipo","twitter_misc":{"Escrito por":"enequipo","Tiempo de lectura":"2 minutos"},"schema":{"@context":"https:\/\/schema.org","@graph":[{"@type":"Article","@id":"https:\/\/www.sonoraenequipo.com.mx\/lleva-salud-sonora-jornadas-anticipa-a-colonias-con-maximo-riesgo-de-contagio-de-covid-19-en-hermosillo\/#article","isPartOf":{"@id":"https:\/\/www.sonoraenequipo.com.mx\/lleva-salud-sonora-jornadas-anticipa-a-colonias-con-maximo-riesgo-de-contagio-de-covid-19-en-hermosillo\/"},"author":{"name":"enequipo","@id":"https:\/\/www.sonoraenequipo.com.mx\/#\/schema\/person\/50102df0fb23a8fa9e8effad8fa81386"},"headline":"Lleva Salud Sonora Jornadas Anticipa a Colonias con m\u00e1ximo riesgo de contagio de COVID-19 en Hermosillo","datePublished":"2021-02-01T23:08:04+00:00","dateModified":"2021-02-02T03:02:58+00:00","mainEntityOfPage":{"@id":"https:\/\/www.sonoraenequipo.com.mx\/lleva-salud-sonora-jornadas-anticipa-a-colonias-con-maximo-riesgo-de-contagio-de-covid-19-en-hermosillo\/"},"wordCount":425,"commentCount":0,"publisher":{"@id":"https:\/\/www.sonoraenequipo.com.mx\/#organization"},"image":{"@id":"https:\/\/www.sonoraenequipo.com.mx\/lleva-salud-sonora-jornadas-anticipa-a-colonias-con-maximo-riesgo-de-contagio-de-covid-19-en-hermosillo\/#primaryimage"},"thumbnailUrl":"https:\/\/www.sonoraenequipo.com.mx\/storage\/2021\/02\/salud-jornadas-covid-hmo.jpg","keywords":["covid","Sonora"],"articleSection":["Municipios"],"inLanguage":"es","potentialAction":[{"@type":"CommentAction","name":"Comment","target":["https:\/\/www.sonoraenequipo.com.mx\/lleva-salud-sonora-jornadas-anticipa-a-colonias-con-maximo-riesgo-de-contagio-de-covid-19-en-hermosillo\/#respond"]}]},{"@type":"WebPage","@id":"https:\/\/www.sonoraenequipo.com.mx\/lleva-salud-sonora-jornadas-anticipa-a-colonias-con-maximo-riesgo-de-contagio-de-covid-19-en-hermosillo\/","url":"https:\/\/www.sonoraenequipo.com.mx\/lleva-salud-sonora-jornadas-anticipa-a-colonias-con-maximo-riesgo-de-contagio-de-covid-19-en-hermosillo\/","name":"Sonora en Equipo. Lleva Salud Sonora Jornadas Anticipa a Colonias con m\u00e1ximo riesgo de contagio de COVID-19 en Hermosillo Municipios","isPartOf":{"@id":"https:\/\/www.sonoraenequipo.com.mx\/#website"},"primaryImageOfPage":{"@id":"https:\/\/www.sonoraenequipo.com.mx\/lleva-salud-sonora-jornadas-anticipa-a-colonias-con-maximo-riesgo-de-contagio-de-covid-19-en-hermosillo\/#primaryimage"},"image":{"@id":"https:\/\/www.sonoraenequipo.com.mx\/lleva-salud-sonora-jornadas-anticipa-a-colonias-con-maximo-riesgo-de-contagio-de-covid-19-en-hermosillo\/#primaryimage"},"thumbnailUrl":"https:\/\/www.sonoraenequipo.com.mx\/storage\/2021\/02\/salud-jornadas-covid-hmo.jpg","datePublished":"2021-02-01T23:08:04+00:00","dateModified":"2021-02-02T03:02:58+00:00","description":"\u25ba Se realizar\u00e1n pruebas de Ant\u00edgenos COVID con resultado en 15 minutos para personas que cumplan con criterios diagn\u00f3sticos HERMOSILLO, SONORA,MX.\u2500\u2500 Con En Sonora en Equipo publicamos toda la informaci\u00f3n de Sonora, M\u00e9xico y el Mundo de manera oportuna y busca que la libertad de expresi\u00f3n sea real. Visita nuestro medio informativo publicado desde Hermosillo, Sonora. %","breadcrumb":{"@id":"https:\/\/www.sonoraenequipo.com.mx\/lleva-salud-sonora-jornadas-anticipa-a-colonias-con-maximo-riesgo-de-contagio-de-covid-19-en-hermosillo\/#breadcrumb"},"inLanguage":"es","potentialAction":[{"@type":"ReadAction","target":["https:\/\/www.sonoraenequipo.com.mx\/lleva-salud-sonora-jornadas-anticipa-a-colonias-con-maximo-riesgo-de-contagio-de-covid-19-en-hermosillo\/"]}]},{"@type":"ImageObject","inLanguage":"es","@id":"https:\/\/www.sonoraenequipo.com.mx\/lleva-salud-sonora-jornadas-anticipa-a-colonias-con-maximo-riesgo-de-contagio-de-covid-19-en-hermosillo\/#primaryimage","url":"https:\/\/www.sonoraenequipo.com.mx\/storage\/2021\/02\/salud-jornadas-covid-hmo.jpg","contentUrl":"https:\/\/www.sonoraenequipo.com.mx\/storage\/2021\/02\/salud-jornadas-covid-hmo.jpg","width":500,"height":333},{"@type":"BreadcrumbList","@id":"https:\/\/www.sonoraenequipo.com.mx\/lleva-salud-sonora-jornadas-anticipa-a-colonias-con-maximo-riesgo-de-contagio-de-covid-19-en-hermosillo\/#breadcrumb","itemListElement":[{"@type":"ListItem","position":1,"name":"Portada","item":"https:\/\/www.sonoraenequipo.com.mx\/"},{"@type":"ListItem","position":2,"name":"Lleva Salud Sonora Jornadas Anticipa a Colonias con m\u00e1ximo riesgo de contagio de COVID-19 en Hermosillo"}]},{"@type":"WebSite","@id":"https:\/\/www.sonoraenequipo.com.mx\/#website","url":"https:\/\/www.sonoraenequipo.com.mx\/","name":"Sonora en Equipo.","description":"Diario en l\u00ednea con Noticias desde Hermosillo, Sonora","publisher":{"@id":"https:\/\/www.sonoraenequipo.com.mx\/#organization"},"potentialAction":[{"@type":"SearchAction","target":{"@type":"EntryPoint","urlTemplate":"https:\/\/www.sonoraenequipo.com.mx\/?s={search_term_string}"},"query-input":{"@type":"PropertyValueSpecification","valueRequired":true,"valueName":"search_term_string"}}],"inLanguage":"es"},{"@type":"Organization","@id":"https:\/\/www.sonoraenequipo.com.mx\/#organization","name":"Sonoraenequipo.com.mx","url":"https:\/\/www.sonoraenequipo.com.mx\/","logo":{"@type":"ImageObject","inLanguage":"es","@id":"https:\/\/www.sonoraenequipo.com.mx\/#\/schema\/logo\/image\/","url":"https:\/\/www.sonoraenequipo.com.mx\/storage\/2019\/01\/sonoraenequipo_opt.png","contentUrl":"https:\/\/www.sonoraenequipo.com.mx\/storage\/2019\/01\/sonoraenequipo_opt.png","width":375,"height":125,"caption":"Sonoraenequipo.com.mx"},"image":{"@id":"https:\/\/www.sonoraenequipo.com.mx\/#\/schema\/logo\/image\/"},"sameAs":["https:\/\/www.facebook.com\/SonoraEE\/","https:\/\/x.com\/sonoraenequipo","https:\/\/www.youtube.com\/channel\/UC338nW-lPEYmJQs4ZABQ1SQ"]},{"@type":"Person","@id":"https:\/\/www.sonoraenequipo.com.mx\/#\/schema\/person\/50102df0fb23a8fa9e8effad8fa81386","name":"enequipo","image":{"@type":"ImageObject","inLanguage":"es","@id":"https:\/\/www.sonoraenequipo.com.mx\/#\/schema\/person\/image\/","url":"https:\/\/secure.gravatar.com\/avatar\/049821681b589dabc0bc20695993ccebb09f5b5d4d790cd9251b97faac7c652b?s=96&d=blank&r=g","contentUrl":"https:\/\/secure.gravatar.com\/avatar\/049821681b589dabc0bc20695993ccebb09f5b5d4d790cd9251b97faac7c652b?s=96&d=blank&r=g","caption":"enequipo"},"sameAs":["https:\/\/www.facebook.com\/SonoraEE"]}]}},"jetpack_featured_media_url":"https:\/\/www.sonoraenequipo.com.mx\/storage\/2021\/02\/salud-jornadas-covid-hmo.jpg","_links":{"self":[{"href":"https:\/\/www.sonoraenequipo.com.mx\/api\/wp\/v2\/posts\/105988","targetHints":{"allow":["GET"]}}],"collection":[{"href":"https:\/\/www.sonoraenequipo.com.mx\/api\/wp\/v2\/posts"}],"about":[{"href":"https:\/\/www.sonoraenequipo.com.mx\/api\/wp\/v2\/types\/post"}],"author":[{"embeddable":true,"href":"https:\/\/www.sonoraenequipo.com.mx\/api\/wp\/v2\/users\/1"}],"replies":[{"embeddable":true,"href":"https:\/\/www.sonoraenequipo.com.mx\/api\/wp\/v2\/comments?post=105988"}],"version-history":[{"count":1,"href":"https:\/\/www.sonoraenequipo.com.mx\/api\/wp\/v2\/posts\/105988\/revisions"}],"predecessor-version":[{"id":105990,"href":"https:\/\/www.sonoraenequipo.com.mx\/api\/wp\/v2\/posts\/105988\/revisions\/105990"}],"wp:featuredmedia":[{"embeddable":true,"href":"https:\/\/www.sonoraenequipo.com.mx\/api\/wp\/v2\/media\/105989"}],"wp:attachment":[{"href":"https:\/\/www.sonoraenequipo.com.mx\/api\/wp\/v2\/media?parent=105988"}],"wp:term":[{"taxonomy":"category","embeddable":true,"href":"https:\/\/www.sonoraenequipo.com.mx\/api\/wp\/v2\/categories?post=105988"},{"taxonomy":"post_tag","embeddable":true,"href":"https:\/\/www.sonoraenequipo.com.mx\/api\/wp\/v2\/tags?post=105988"}],"curies":[{"name":"wp","href":"https:\/\/api.w.org\/{rel}","templated":true}]}}