{"id":105992,"date":"2021-02-01T17:34:34","date_gmt":"2021-02-02T00:34:34","guid":{"rendered":"https:\/\/www.sonoraenequipo.com.mx\/?p=105992"},"modified":"2021-02-01T17:34:34","modified_gmt":"2021-02-02T00:34:34","slug":"se-integra-comite-de-conmemoraciones-sonora-2021","status":"publish","type":"post","link":"https:\/\/www.sonoraenequipo.com.mx\/se-integra-comite-de-conmemoraciones-sonora-2021\/","title":{"rendered":"Se integra Comit\u00e9 de Conmemoraciones Sonora 2021"},"content":{"rendered":"<p>&nbsp;<\/p>\n<p>HERMOSILLO, SONORA,MX.\u2500\u2500 Con el compromiso de difundir y recordar siempre la historia que da identidad como sonorenses y mexicanos, qued\u00f3 integrado el Comit\u00e9 de Conmemoraciones Sonora 2021, al que le tom\u00f3 protesta Eduardo Villegas Meg\u00edas, coordinador nacional de Memoria Hist\u00f3rica y Cultural de M\u00e9xico.<\/p>\n<p>&nbsp;<\/p>\n<p>Natalia Rivera Grijalva, jefa de la Oficina del Ejecutivo, en representaci\u00f3n de la gobernadora Claudia Pavlovich Arellano, acompa\u00f1ada de Jos\u00e9 V\u00edctor Guerrero Gonz\u00e1lez, secretario de Educaci\u00f3n y Cultura, as\u00ed como Mario Welfo \u00c1lvarez Beltr\u00e1n, director general del Instituto Sonorense de Cultura, destac\u00f3 la importancia de esta iniciativa del Gobierno Federal para promover y reconocer los hechos, procesos y personajes hist\u00f3ricos de M\u00e9xico, con la participaci\u00f3n de todos los sectores de la sociedad.<\/p>\n<p>&nbsp;<\/p>\n<p>\u201cLas sociedades no podemos olvidar nuestra historia, porque lo mejor hay que preservarlo, porque finalmente es lo que somos, es sumamente importante esta iniciativa del Gobierno Federal; Somos la tierra que vio nacer y crecer a 5 grandes presidentes&#8230; hombres visionarios, creadores de instituciones que perduran hasta nuestros d\u00edas, valios\u00edsima oportunidad de reforzar el orgullo por nuestros antepasados en las nuevas generaciones\u201d, expres\u00f3.<\/p>\n<p>&nbsp;<\/p>\n<p>La jefa de la Oficina del Ejecutivo enfatiz\u00f3 que cada uno de los comit\u00e9s en los 32 estados participar\u00e1n en actividades culturales que incluir\u00e1n m\u00e1s de 65 ciudades; en el caso de Sonora, el 28 de septiembre de 2021 se realizar\u00e1 la Ceremonia del Perd\u00f3n de los Pueblos Originarios, Yaquis de Sonora.<\/p>\n<p>&nbsp;<\/p>\n<p>\u201cNos complace el evento que tendremos con nuestra etnia Yaqui donde tambi\u00e9n habr\u00e1 un momento para el perd\u00f3n, algo que habla de la nobleza y la solidaridad de nuestra gente, vemos con particular entusiasmo este ceremonial y sabemos que la tribu Yaqui es ejemplo de entereza, de defensa de sus costumbres y tradiciones y de saber enfrentar la adversidad\u201d, reiter\u00f3.<\/p>\n<p>&nbsp;<\/p>\n<p>Eduardo Villegas Meg\u00edas, coordinador general de Memoria Hist\u00f3rica y Cultural de M\u00e9xico, explic\u00f3 que este Comit\u00e9 est\u00e1 integrado por historiadores, ciudadanos representantes de instancias acad\u00e9micas, funci\u00f3n p\u00fablica, asociaciones civiles y tiene un papel preponderante para la definici\u00f3n de eventos a organizar en el marco de las conmemoraciones hist\u00f3ricas 2021.<\/p>\n<p>&nbsp;<\/p>\n<p>Durante este a\u00f1o, dijo, se conmemoran diversos sucesos hist\u00f3ricos e hitos de relevancia nacional como los 700 a\u00f1os de la Fundaci\u00f3n de M\u00e9xico \u2013 Tenochtitl\u00e1n; 500 a\u00f1os de la memoria hist\u00f3rica de Tenochtitl\u00e1n y 200 a\u00f1os de la consumaci\u00f3n de la Independencia de M\u00e9xico.<\/p>\n<p>&nbsp;<\/p>\n<p>Estas celebraciones se realizar\u00e1n del 15 al 27 de septiembre de 2021. En el caso de Sonora, dijo, el 28 de septiembre el presidente Andr\u00e9s Manuel L\u00f3pez Obrador visitar\u00e1 la entidad para la Ceremonia del perd\u00f3n de los Pueblos Originarios, Yaquis de Sonora.<\/p>\n<p>&nbsp;<\/p>\n<p>Explic\u00f3 que la Secretar\u00eda de Relaciones Exteriores propuso invitar por estados a tres pa\u00edses para que compartan sus actividades culturales y conozcan las locales; en Sonora a Hermosillo se tiene contemplado invitar a Arabia Saud\u00ed, a Guaymas a Pakist\u00e1n y a Ciudad Obreg\u00f3n a Etiop\u00eda.<\/p>\n<p>&nbsp;<\/p>\n<p>Asimismo, dijo, la Loter\u00eda Nacional participar\u00e1 en estas celebraciones dedicando un billete a cada una de las entidades, destacando zonas y sitios arqueol\u00f3gicos. Para Sonora, se propone que el 21 de febrero se dedique el dise\u00f1o al Cerro de Trincheras.<\/p>\n<p>&nbsp;<\/p>\n<p>\u201cAgradezco a la gobernadora y a todos y todas las integrantes de este Consejo por sumarse a esta celebraci\u00f3n nacional; estoy convencido de que har\u00e1n cuanto est\u00e9 en sus manos para celebrar con toda la dignidad que requiere recordar que somos un pa\u00eds independiente, que cumplimos dos siglos, que hemos luchado durante much\u00edsimos a\u00f1os como pueblo por la libertad, por la igualdad\u201d, manifest\u00f3.<\/p>\n<p>&nbsp;<\/p>\n<p>El Comit\u00e9 de Conmemoraciones Sonora 2021 qued\u00f3 integrado por Natalia Rivera Grijalva, jefa de la Oficina del Ejecutivo; V\u00edctor Guerrero Gonz\u00e1lez, secretario de Educaci\u00f3n y Cultura; Mario Welfo \u00c1lvarez Beltr\u00e1n, director del ISC; Luis N\u00fa\u00f1ez Noriega, coordinador de Fomento al Turismo en Sonora; Joaqu\u00edn Robles Linares Negrete; coordinador de Casas de la Cultura de Sonora; Priscila Valenzuela Araux, directora del Museo Sonora en la Revoluci\u00f3n (MUSOR); Pedro Ortega Romero, rector de la Universidad Estatal de Sonora (UES); Jos\u00e9 Antonio Cruz Casas, coordinador general de la Comisi\u00f3n Estatal para el Desarrollo de los Pueblos Ind\u00edgenas del Estado de Sonora.<\/p>\n<p>&nbsp;<\/p>\n<p>Asimismo, Jos\u00e9 Luis Perea Gonz\u00e1lez, director del Centro INAH Sonora; las y los presidentes municipales, Mar\u00eda Juana Romero de Nacozari de Garc\u00eda, Sergio Pablo Mariscal Alvarado de Cajeme, V\u00edctor Balderrama C\u00e1rdenas de \u00c1lamos; Juan Carlo Holgu\u00edn Balderrama, presidente de la Sociedad Sonorense de Historia; Pamela Corella Romero, presidenta de la Asociaci\u00f3n de Cronistas de Sonora (ACROS); Edna Luc\u00eda Garc\u00eda Rivera, directora del Departamento de Historia y Antropolog\u00eda de la Universidad de Sonora.<\/p>\n<p>&nbsp;<\/p>\n<p>Tambi\u00e9n, Mar\u00eda del Valle Borrero Silva, directora del Centro de Estudios Hist\u00f3ricos de Regi\u00f3n y Frontera del Colegio de Sonora; Ignacio Lorenzo Almada Bay, miembro de la Academia Mexicana de la Historia; Mar\u00eda del Carmen Tonella Trelles, ex presidenta de la Sociedad Sonorense de Historia; Mar\u00eda Luz Castillo Valenzuela, presidenta de la OCV de Ciudad Obreg\u00f3n; Aurora Garc\u00eda D\u00edaz de Le\u00f3n, directora general de Derex Constructora y Alejandro El\u00edas Calles, del Patronato Internado Coronel J. Cruz G\u00e1lvez.<\/p>\n<p>Fecha de publicaci\u00f3n 01\/feb\/2021<\/p>\n","protected":false},"excerpt":{"rendered":"<p>&nbsp; HERMOSILLO, SONORA,MX.\u2500\u2500 Con el compromiso de difundir y recordar siempre la historia que da&#8230;<\/p>\n","protected":false},"author":1,"featured_media":105993,"comment_status":"open","ping_status":"open","sticky":false,"template":"","format":"standard","meta":{"_monsterinsights_skip_tracking":false,"_monsterinsights_sitenote_active":false,"_monsterinsights_sitenote_note":"","_monsterinsights_sitenote_category":0,"footnotes":""},"categories":[22],"tags":[5261],"class_list":["post"],"yoast_head":" \n<title>Sonora en Equipo. Se integra Comit\u00e9 de Conmemoraciones Sonora 2021 Sonora<\/title>\n<meta name=\"description\" content=\"&nbsp; HERMOSILLO, SONORA,MX.\u2500\u2500 Con el compromiso de difundir y recordar siempre la historia que da identidad como sonorenses y mexicanos, qued\u00f3 integrado En Sonora en Equipo publicamos toda la informaci\u00f3n de Sonora, M\u00e9xico y el Mundo de manera oportuna y busca que la libertad de expresi\u00f3n sea real. Visita nuestro medio informativo publicado desde Hermosillo, Sonora. %\" \/>\n<meta name=\"robots\" content=\"index, follow, max-snippet:-1, max-image-preview:large, max-video-preview:-1\" \/>\n<link rel=\"canonical\" href=\"https:\/\/www.sonoraenequipo.com.mx\/se-integra-comite-de-conmemoraciones-sonora-2021\/\" \/>\n<meta property=\"og:locale\" content=\"es_ES\" \/>\n<meta property=\"og:type\" content=\"article\" \/>\n<meta property=\"og:title\" content=\"Sonora en Equipo. Se integra Comit\u00e9 de Conmemoraciones Sonora 2021 Sonora\" \/>\n<meta property=\"og:description\" content=\"&nbsp; HERMOSILLO, SONORA,MX.\u2500\u2500 Con el compromiso de difundir y recordar siempre la historia que da identidad como sonorenses y mexicanos, qued\u00f3 integrado En Sonora en Equipo publicamos toda la informaci\u00f3n de Sonora, M\u00e9xico y el Mundo de manera oportuna y busca que la libertad de expresi\u00f3n sea real. Visita nuestro medio informativo publicado desde Hermosillo, Sonora. %\" \/>\n<meta property=\"og:url\" content=\"https:\/\/www.sonoraenequipo.com.mx\/se-integra-comite-de-conmemoraciones-sonora-2021\/\" \/>\n<meta property=\"og:site_name\" content=\"Sonora en Equipo.\" \/>\n<meta property=\"article:publisher\" content=\"https:\/\/www.facebook.com\/SonoraEE\/\" \/>\n<meta property=\"article:author\" content=\"https:\/\/www.facebook.com\/SonoraEE\" \/>\n<meta property=\"article:published_time\" content=\"2021-02-02T00:34:34+00:00\" \/>\n<meta property=\"og:image\" content=\"https:\/\/www.sonoraenequipo.com.mx\/storage\/2021\/02\/comite.jpg\" \/>\n\t<meta property=\"og:image:width\" content=\"500\" \/>\n\t<meta property=\"og:image:height\" content=\"255\" \/>\n\t<meta property=\"og:image:type\" content=\"image\/jpeg\" \/>\n<meta name=\"author\" content=\"enequipo\" \/>\n<meta name=\"twitter:card\" content=\"summary_large_image\" \/>\n<meta name=\"twitter:creator\" content=\"@sonoraenequipo\" \/>\n<meta name=\"twitter:site\" content=\"@sonoraenequipo\" \/>\n<meta name=\"twitter:label1\" content=\"Escrito por\" \/>\n\t<meta name=\"twitter:data1\" content=\"enequipo\" \/>\n\t<meta name=\"twitter:label2\" content=\"Tiempo de lectura\" \/>\n\t<meta name=\"twitter:data2\" content=\"4 minutos\" \/>\n<script type=\"application\/ld+json\" class=\"yoast-schema-graph\">{\"@context\":\"https:\/\/schema.org\",\"@graph\":[{\"@type\":\"Article\",\"@id\":\"https:\/\/www.sonoraenequipo.com.mx\/se-integra-comite-de-conmemoraciones-sonora-2021\/#article\",\"isPartOf\":{\"@id\":\"https:\/\/www.sonoraenequipo.com.mx\/se-integra-comite-de-conmemoraciones-sonora-2021\/\"},\"author\":{\"name\":\"enequipo\",\"@id\":\"https:\/\/www.sonoraenequipo.com.mx\/#\/schema\/person\/50102df0fb23a8fa9e8effad8fa81386\"},\"headline\":\"Se integra Comit\u00e9 de Conmemoraciones Sonora 2021\",\"datePublished\":\"2021-02-02T00:34:34+00:00\",\"mainEntityOfPage\":{\"@id\":\"https:\/\/www.sonoraenequipo.com.mx\/se-integra-comite-de-conmemoraciones-sonora-2021\/\"},\"wordCount\":920,\"commentCount\":0,\"publisher\":{\"@id\":\"https:\/\/www.sonoraenequipo.com.mx\/#organization\"},\"image\":{\"@id\":\"https:\/\/www.sonoraenequipo.com.mx\/se-integra-comite-de-conmemoraciones-sonora-2021\/#primaryimage\"},\"thumbnailUrl\":\"https:\/\/www.sonoraenequipo.com.mx\/storage\/2021\/02\/comite.jpg\",\"keywords\":[\"sonora2021\"],\"articleSection\":[\"Sonora\"],\"inLanguage\":\"es\",\"potentialAction\":[{\"@type\":\"CommentAction\",\"name\":\"Comment\",\"target\":[\"https:\/\/www.sonoraenequipo.com.mx\/se-integra-comite-de-conmemoraciones-sonora-2021\/#respond\"]}]},{\"@type\":\"WebPage\",\"@id\":\"https:\/\/www.sonoraenequipo.com.mx\/se-integra-comite-de-conmemoraciones-sonora-2021\/\",\"url\":\"https:\/\/www.sonoraenequipo.com.mx\/se-integra-comite-de-conmemoraciones-sonora-2021\/\",\"name\":\"Sonora en Equipo. Se integra Comit\u00e9 de Conmemoraciones Sonora 2021 Sonora\",\"isPartOf\":{\"@id\":\"https:\/\/www.sonoraenequipo.com.mx\/#website\"},\"primaryImageOfPage\":{\"@id\":\"https:\/\/www.sonoraenequipo.com.mx\/se-integra-comite-de-conmemoraciones-sonora-2021\/#primaryimage\"},\"image\":{\"@id\":\"https:\/\/www.sonoraenequipo.com.mx\/se-integra-comite-de-conmemoraciones-sonora-2021\/#primaryimage\"},\"thumbnailUrl\":\"https:\/\/www.sonoraenequipo.com.mx\/storage\/2021\/02\/comite.jpg\",\"datePublished\":\"2021-02-02T00:34:34+00:00\",\"description\":\"&nbsp; HERMOSILLO, SONORA,MX.\u2500\u2500 Con el compromiso de difundir y recordar siempre la historia que da identidad como sonorenses y mexicanos, qued\u00f3 integrado En Sonora en Equipo publicamos toda la informaci\u00f3n de Sonora, M\u00e9xico y el Mundo de manera oportuna y busca que la libertad de expresi\u00f3n sea real. Visita nuestro medio informativo publicado desde Hermosillo, Sonora. %\",\"breadcrumb\":{\"@id\":\"https:\/\/www.sonoraenequipo.com.mx\/se-integra-comite-de-conmemoraciones-sonora-2021\/#breadcrumb\"},\"inLanguage\":\"es\",\"potentialAction\":[{\"@type\":\"ReadAction\",\"target\":[\"https:\/\/www.sonoraenequipo.com.mx\/se-integra-comite-de-conmemoraciones-sonora-2021\/\"]}]},{\"@type\":\"ImageObject\",\"inLanguage\":\"es\",\"@id\":\"https:\/\/www.sonoraenequipo.com.mx\/se-integra-comite-de-conmemoraciones-sonora-2021\/#primaryimage\",\"url\":\"https:\/\/www.sonoraenequipo.com.mx\/storage\/2021\/02\/comite.jpg\",\"contentUrl\":\"https:\/\/www.sonoraenequipo.com.mx\/storage\/2021\/02\/comite.jpg\",\"width\":500,\"height\":255},{\"@type\":\"BreadcrumbList\",\"@id\":\"https:\/\/www.sonoraenequipo.com.mx\/se-integra-comite-de-conmemoraciones-sonora-2021\/#breadcrumb\",\"itemListElement\":[{\"@type\":\"ListItem\",\"position\":1,\"name\":\"Portada\",\"item\":\"https:\/\/www.sonoraenequipo.com.mx\/\"},{\"@type\":\"ListItem\",\"position\":2,\"name\":\"Se integra Comit\u00e9 de Conmemoraciones Sonora 2021\"}]},{\"@type\":\"WebSite\",\"@id\":\"https:\/\/www.sonoraenequipo.com.mx\/#website\",\"url\":\"https:\/\/www.sonoraenequipo.com.mx\/\",\"name\":\"Sonora en Equipo.\",\"description\":\"Diario en l\u00ednea con Noticias desde Hermosillo, Sonora\",\"publisher\":{\"@id\":\"https:\/\/www.sonoraenequipo.com.mx\/#organization\"},\"potentialAction\":[{\"@type\":\"SearchAction\",\"target\":{\"@type\":\"EntryPoint\",\"urlTemplate\":\"https:\/\/www.sonoraenequipo.com.mx\/?s={search_term_string}\"},\"query-input\":{\"@type\":\"PropertyValueSpecification\",\"valueRequired\":true,\"valueName\":\"search_term_string\"}}],\"inLanguage\":\"es\"},{\"@type\":\"Organization\",\"@id\":\"https:\/\/www.sonoraenequipo.com.mx\/#organization\",\"name\":\"Sonoraenequipo.com.mx\",\"url\":\"https:\/\/www.sonoraenequipo.com.mx\/\",\"logo\":{\"@type\":\"ImageObject\",\"inLanguage\":\"es\",\"@id\":\"https:\/\/www.sonoraenequipo.com.mx\/#\/schema\/logo\/image\/\",\"url\":\"https:\/\/www.sonoraenequipo.com.mx\/storage\/2019\/01\/sonoraenequipo_opt.png\",\"contentUrl\":\"https:\/\/www.sonoraenequipo.com.mx\/storage\/2019\/01\/sonoraenequipo_opt.png\",\"width\":375,\"height\":125,\"caption\":\"Sonoraenequipo.com.mx\"},\"image\":{\"@id\":\"https:\/\/www.sonoraenequipo.com.mx\/#\/schema\/logo\/image\/\"},\"sameAs\":[\"https:\/\/www.facebook.com\/SonoraEE\/\",\"https:\/\/x.com\/sonoraenequipo\",\"https:\/\/www.youtube.com\/channel\/UC338nW-lPEYmJQs4ZABQ1SQ\"]},{\"@type\":\"Person\",\"@id\":\"https:\/\/www.sonoraenequipo.com.mx\/#\/schema\/person\/50102df0fb23a8fa9e8effad8fa81386\",\"name\":\"enequipo\",\"image\":{\"@type\":\"ImageObject\",\"inLanguage\":\"es\",\"@id\":\"https:\/\/www.sonoraenequipo.com.mx\/#\/schema\/person\/image\/\",\"url\":\"https:\/\/secure.gravatar.com\/avatar\/049821681b589dabc0bc20695993ccebb09f5b5d4d790cd9251b97faac7c652b?s=96&d=blank&r=g\",\"contentUrl\":\"https:\/\/secure.gravatar.com\/avatar\/049821681b589dabc0bc20695993ccebb09f5b5d4d790cd9251b97faac7c652b?s=96&d=blank&r=g\",\"caption\":\"enequipo\"},\"sameAs\":[\"https:\/\/www.facebook.com\/SonoraEE\"]}]}<\/script>\n ","yoast_head_json":{"title":"Sonora en Equipo. Se integra Comit\u00e9 de Conmemoraciones Sonora 2021 Sonora","description":"&nbsp; HERMOSILLO, SONORA,MX.\u2500\u2500 Con el compromiso de difundir y recordar siempre la historia que da identidad como sonorenses y mexicanos, qued\u00f3 integrado En Sonora en Equipo publicamos toda la informaci\u00f3n de Sonora, M\u00e9xico y el Mundo de manera oportuna y busca que la libertad de expresi\u00f3n sea real. Visita nuestro medio informativo publicado desde Hermosillo, Sonora. %","robots":{"index":"index","follow":"follow","max-snippet":"max-snippet:-1","max-image-preview":"max-image-preview:large","max-video-preview":"max-video-preview:-1"},"canonical":"https:\/\/www.sonoraenequipo.com.mx\/se-integra-comite-de-conmemoraciones-sonora-2021\/","og_locale":"es_ES","og_type":"article","og_title":"Sonora en Equipo. Se integra Comit\u00e9 de Conmemoraciones Sonora 2021 Sonora","og_description":"&nbsp; HERMOSILLO, SONORA,MX.\u2500\u2500 Con el compromiso de difundir y recordar siempre la historia que da identidad como sonorenses y mexicanos, qued\u00f3 integrado En Sonora en Equipo publicamos toda la informaci\u00f3n de Sonora, M\u00e9xico y el Mundo de manera oportuna y busca que la libertad de expresi\u00f3n sea real. Visita nuestro medio informativo publicado desde Hermosillo, Sonora. %","og_url":"https:\/\/www.sonoraenequipo.com.mx\/se-integra-comite-de-conmemoraciones-sonora-2021\/","og_site_name":"Sonora en Equipo.","article_publisher":"https:\/\/www.facebook.com\/SonoraEE\/","article_author":"https:\/\/www.facebook.com\/SonoraEE","article_published_time":"2021-02-02T00:34:34+00:00","og_image":[{"width":500,"height":255,"url":"https:\/\/www.sonoraenequipo.com.mx\/storage\/2021\/02\/comite.jpg","type":"image\/jpeg"}],"author":"enequipo","twitter_card":"summary_large_image","twitter_creator":"@sonoraenequipo","twitter_site":"@sonoraenequipo","twitter_misc":{"Escrito por":"enequipo","Tiempo de lectura":"4 minutos"},"schema":{"@context":"https:\/\/schema.org","@graph":[{"@type":"Article","@id":"https:\/\/www.sonoraenequipo.com.mx\/se-integra-comite-de-conmemoraciones-sonora-2021\/#article","isPartOf":{"@id":"https:\/\/www.sonoraenequipo.com.mx\/se-integra-comite-de-conmemoraciones-sonora-2021\/"},"author":{"name":"enequipo","@id":"https:\/\/www.sonoraenequipo.com.mx\/#\/schema\/person\/50102df0fb23a8fa9e8effad8fa81386"},"headline":"Se integra Comit\u00e9 de Conmemoraciones Sonora 2021","datePublished":"2021-02-02T00:34:34+00:00","mainEntityOfPage":{"@id":"https:\/\/www.sonoraenequipo.com.mx\/se-integra-comite-de-conmemoraciones-sonora-2021\/"},"wordCount":920,"commentCount":0,"publisher":{"@id":"https:\/\/www.sonoraenequipo.com.mx\/#organization"},"image":{"@id":"https:\/\/www.sonoraenequipo.com.mx\/se-integra-comite-de-conmemoraciones-sonora-2021\/#primaryimage"},"thumbnailUrl":"https:\/\/www.sonoraenequipo.com.mx\/storage\/2021\/02\/comite.jpg","keywords":["sonora2021"],"articleSection":["Sonora"],"inLanguage":"es","potentialAction":[{"@type":"CommentAction","name":"Comment","target":["https:\/\/www.sonoraenequipo.com.mx\/se-integra-comite-de-conmemoraciones-sonora-2021\/#respond"]}]},{"@type":"WebPage","@id":"https:\/\/www.sonoraenequipo.com.mx\/se-integra-comite-de-conmemoraciones-sonora-2021\/","url":"https:\/\/www.sonoraenequipo.com.mx\/se-integra-comite-de-conmemoraciones-sonora-2021\/","name":"Sonora en Equipo. Se integra Comit\u00e9 de Conmemoraciones Sonora 2021 Sonora","isPartOf":{"@id":"https:\/\/www.sonoraenequipo.com.mx\/#website"},"primaryImageOfPage":{"@id":"https:\/\/www.sonoraenequipo.com.mx\/se-integra-comite-de-conmemoraciones-sonora-2021\/#primaryimage"},"image":{"@id":"https:\/\/www.sonoraenequipo.com.mx\/se-integra-comite-de-conmemoraciones-sonora-2021\/#primaryimage"},"thumbnailUrl":"https:\/\/www.sonoraenequipo.com.mx\/storage\/2021\/02\/comite.jpg","datePublished":"2021-02-02T00:34:34+00:00","description":"&nbsp; HERMOSILLO, SONORA,MX.\u2500\u2500 Con el compromiso de difundir y recordar siempre la historia que da identidad como sonorenses y mexicanos, qued\u00f3 integrado En Sonora en Equipo publicamos toda la informaci\u00f3n de Sonora, M\u00e9xico y el Mundo de manera oportuna y busca que la libertad de expresi\u00f3n sea real. Visita nuestro medio informativo publicado desde Hermosillo, Sonora. %","breadcrumb":{"@id":"https:\/\/www.sonoraenequipo.com.mx\/se-integra-comite-de-conmemoraciones-sonora-2021\/#breadcrumb"},"inLanguage":"es","potentialAction":[{"@type":"ReadAction","target":["https:\/\/www.sonoraenequipo.com.mx\/se-integra-comite-de-conmemoraciones-sonora-2021\/"]}]},{"@type":"ImageObject","inLanguage":"es","@id":"https:\/\/www.sonoraenequipo.com.mx\/se-integra-comite-de-conmemoraciones-sonora-2021\/#primaryimage","url":"https:\/\/www.sonoraenequipo.com.mx\/storage\/2021\/02\/comite.jpg","contentUrl":"https:\/\/www.sonoraenequipo.com.mx\/storage\/2021\/02\/comite.jpg","width":500,"height":255},{"@type":"BreadcrumbList","@id":"https:\/\/www.sonoraenequipo.com.mx\/se-integra-comite-de-conmemoraciones-sonora-2021\/#breadcrumb","itemListElement":[{"@type":"ListItem","position":1,"name":"Portada","item":"https:\/\/www.sonoraenequipo.com.mx\/"},{"@type":"ListItem","position":2,"name":"Se integra Comit\u00e9 de Conmemoraciones Sonora 2021"}]},{"@type":"WebSite","@id":"https:\/\/www.sonoraenequipo.com.mx\/#website","url":"https:\/\/www.sonoraenequipo.com.mx\/","name":"Sonora en Equipo.","description":"Diario en l\u00ednea con Noticias desde Hermosillo, Sonora","publisher":{"@id":"https:\/\/www.sonoraenequipo.com.mx\/#organization"},"potentialAction":[{"@type":"SearchAction","target":{"@type":"EntryPoint","urlTemplate":"https:\/\/www.sonoraenequipo.com.mx\/?s={search_term_string}"},"query-input":{"@type":"PropertyValueSpecification","valueRequired":true,"valueName":"search_term_string"}}],"inLanguage":"es"},{"@type":"Organization","@id":"https:\/\/www.sonoraenequipo.com.mx\/#organization","name":"Sonoraenequipo.com.mx","url":"https:\/\/www.sonoraenequipo.com.mx\/","logo":{"@type":"ImageObject","inLanguage":"es","@id":"https:\/\/www.sonoraenequipo.com.mx\/#\/schema\/logo\/image\/","url":"https:\/\/www.sonoraenequipo.com.mx\/storage\/2019\/01\/sonoraenequipo_opt.png","contentUrl":"https:\/\/www.sonoraenequipo.com.mx\/storage\/2019\/01\/sonoraenequipo_opt.png","width":375,"height":125,"caption":"Sonoraenequipo.com.mx"},"image":{"@id":"https:\/\/www.sonoraenequipo.com.mx\/#\/schema\/logo\/image\/"},"sameAs":["https:\/\/www.facebook.com\/SonoraEE\/","https:\/\/x.com\/sonoraenequipo","https:\/\/www.youtube.com\/channel\/UC338nW-lPEYmJQs4ZABQ1SQ"]},{"@type":"Person","@id":"https:\/\/www.sonoraenequipo.com.mx\/#\/schema\/person\/50102df0fb23a8fa9e8effad8fa81386","name":"enequipo","image":{"@type":"ImageObject","inLanguage":"es","@id":"https:\/\/www.sonoraenequipo.com.mx\/#\/schema\/person\/image\/","url":"https:\/\/secure.gravatar.com\/avatar\/049821681b589dabc0bc20695993ccebb09f5b5d4d790cd9251b97faac7c652b?s=96&d=blank&r=g","contentUrl":"https:\/\/secure.gravatar.com\/avatar\/049821681b589dabc0bc20695993ccebb09f5b5d4d790cd9251b97faac7c652b?s=96&d=blank&r=g","caption":"enequipo"},"sameAs":["https:\/\/www.facebook.com\/SonoraEE"]}]}},"jetpack_featured_media_url":"https:\/\/www.sonoraenequipo.com.mx\/storage\/2021\/02\/comite.jpg","_links":{"self":[{"href":"https:\/\/www.sonoraenequipo.com.mx\/api\/wp\/v2\/posts\/105992","targetHints":{"allow":["GET"]}}],"collection":[{"href":"https:\/\/www.sonoraenequipo.com.mx\/api\/wp\/v2\/posts"}],"about":[{"href":"https:\/\/www.sonoraenequipo.com.mx\/api\/wp\/v2\/types\/post"}],"author":[{"embeddable":true,"href":"https:\/\/www.sonoraenequipo.com.mx\/api\/wp\/v2\/users\/1"}],"replies":[{"embeddable":true,"href":"https:\/\/www.sonoraenequipo.com.mx\/api\/wp\/v2\/comments?post=105992"}],"version-history":[{"count":1,"href":"https:\/\/www.sonoraenequipo.com.mx\/api\/wp\/v2\/posts\/105992\/revisions"}],"predecessor-version":[{"id":105994,"href":"https:\/\/www.sonoraenequipo.com.mx\/api\/wp\/v2\/posts\/105992\/revisions\/105994"}],"wp:featuredmedia":[{"embeddable":true,"href":"https:\/\/www.sonoraenequipo.com.mx\/api\/wp\/v2\/media\/105993"}],"wp:attachment":[{"href":"https:\/\/www.sonoraenequipo.com.mx\/api\/wp\/v2\/media?parent=105992"}],"wp:term":[{"taxonomy":"category","embeddable":true,"href":"https:\/\/www.sonoraenequipo.com.mx\/api\/wp\/v2\/categories?post=105992"},{"taxonomy":"post_tag","embeddable":true,"href":"https:\/\/www.sonoraenequipo.com.mx\/api\/wp\/v2\/tags?post=105992"}],"curies":[{"name":"wp","href":"https:\/\/api.w.org\/{rel}","templated":true}]}}