{"id":105995,"date":"2021-02-01T17:56:10","date_gmt":"2021-02-02T00:56:10","guid":{"rendered":"https:\/\/www.sonoraenequipo.com.mx\/?p=105995"},"modified":"2021-02-01T17:56:10","modified_gmt":"2021-02-02T00:56:10","slug":"inician-inscripciones-a-taller-artisticos-en-casa-de-la-cultura","status":"publish","type":"post","link":"https:\/\/www.sonoraenequipo.com.mx\/inician-inscripciones-a-taller-artisticos-en-casa-de-la-cultura\/","title":{"rendered":"Inician inscripciones a taller art\u00edsticos en Casa de la Cultura"},"content":{"rendered":"<p>HERMOSILLO, SONORA,MX.\u2500\u2500 Ya est\u00e1n abiertas las inscripciones para los 27 talleres art\u00edsticos en l\u00ednea que ofrecer\u00e1 Casa de la Cultura de Sonora, a trav\u00e9s de plataformas digitales, de febrero a junio del a\u00f1o en curso.<\/p>\n<p>&nbsp;<\/p>\n<p>Joaqu\u00edn Robles Linares, coordinador de las Casas de la Cultura de Sonora en el Instituto Sonorense de Cultura (ISC), inform\u00f3 que el periodo de inscripciones comenz\u00f3 este lunes 1 de febrero y concluir\u00e1 el pr\u00f3ximo viernes 5 de febrero, para iniciar clases el lunes 8 de febrero en diversos horarios.<\/p>\n<p>&nbsp;<\/p>\n<p>\u201cMientras se dan las condiciones para volver a las aulas, seguiremos impartiendo talleres en las disciplinas art\u00edsticas de artes pl\u00e1sticas, m\u00fasica, danza, teatro, fotograf\u00eda y literatura, como opciones de aprendizaje l\u00fadico y recreativo para todas las edades\u201d, expres\u00f3.<\/p>\n<p>&nbsp;<\/p>\n<p>Dijo que se cobrar\u00e1 una cuota de recuperaci\u00f3n de 300 pesos, como \u00fanica aportaci\u00f3n en el ciclo, el cual concluir\u00e1 el viernes 11 de junio.<\/p>\n<p>&nbsp;<\/p>\n<p>Las opciones son:<\/p>\n<p>&nbsp;<\/p>\n<p>En artes pl\u00e1sticas: pintura para ni\u00f1as, ni\u00f1os, adolescentes y adultos; artes pl\u00e1sticas para ni\u00f1as y ni\u00f1os, adolescentes y adultos; dibujo art\u00edstico y pintura, para principiantes o avanzados, de 14 a\u00f1os en adelante.<\/p>\n<p>&nbsp;<\/p>\n<p>En m\u00fasica: teclado, ritmos e instrumentos de percusi\u00f3n y metodolog\u00eda, coro infantil, piano para intermedios y principiantes, guitarra popular, taller libre de canto, ukulele, guitarra cl\u00e1sica y bajo; en danza: danza folcl\u00f3rica, t\u00e9cnicas mixtas en danza contempor\u00e1nea, t\u00e9cnicas de la danza contempor\u00e1nea, danza libre, movimiento y danza.<\/p>\n<p>&nbsp;<\/p>\n<p>En teatro: hay dos opciones para principiantes e intermedios y avanzados, de 14 y 15 a\u00f1os en<\/p>\n<p>adelante, respectivamente.<\/p>\n<p>&nbsp;<\/p>\n<p>En fotograf\u00eda: se impartir\u00e1n dos talleres, uno de fotograf\u00eda b\u00e1sica infantil y juvenil, para personas de 12 a 17 a\u00f1os y fotograf\u00eda b\u00e1sica para adultos, de 18 a\u00f1os en adelante.<\/p>\n<p>&nbsp;<\/p>\n<p>En literatura: creaci\u00f3n literaria juvenil, para personas de 12 a 18 a\u00f1os y taller de lectura de cuento,<\/p>\n<p>para personas de 15 a\u00f1os en adelante.<\/p>\n<p>&nbsp;<\/p>\n<p>La planta docente est\u00e1 conformada por: Marlen Loss, Miguel Guzm\u00e1n, Lamberto J\u00e1quez, Rosa Mar\u00eda Icedo Casillas, Jorge Ricardo Sandoval, Ana Cecilia Cumplido, V\u00edctor M\u00e1rquez, Jaime Verdugo, Fernando Ortiz, Alejandro Robles, Rosa Ang\u00e9lica Duarte, Carolina Ferr\u00e1, Aldo Siles, Nadia Rodr\u00edguez, Abel Eduardo Corrales Robles, Axay\u00e1catl Guti\u00e9rrez Tinoco y Claudia Platt.<\/p>\n<p>Fecha de publicaci\u00f3n 01\/feb\/2021<\/p>\n","protected":false},"excerpt":{"rendered":"<p>HERMOSILLO, SONORA,MX.\u2500\u2500 Ya est\u00e1n abiertas las inscripciones para los 27 talleres art\u00edsticos en l\u00ednea que&#8230;<\/p>\n","protected":false},"author":1,"featured_media":105996,"comment_status":"open","ping_status":"open","sticky":false,"template":"","format":"standard","meta":{"_monsterinsights_skip_tracking":false,"_monsterinsights_sitenote_active":false,"_monsterinsights_sitenote_note":"","_monsterinsights_sitenote_category":0,"footnotes":""},"categories":[22],"tags":[204,15],"class_list":["post"],"yoast_head":" \n<title>Sonora en Equipo. Inician inscripciones a taller art\u00edsticos en Casa de la Cultura Sonora<\/title>\n<meta name=\"description\" content=\"HERMOSILLO, SONORA,MX.\u2500\u2500 Ya est\u00e1n abiertas las inscripciones para los 27 talleres art\u00edsticos en l\u00ednea que ofrecer\u00e1 Casa de la Cultura de Sonora, a trav\u00e9s En Sonora en Equipo publicamos toda la informaci\u00f3n de Sonora, M\u00e9xico y el Mundo de manera oportuna y busca que la libertad de expresi\u00f3n sea real. Visita nuestro medio informativo publicado desde Hermosillo, Sonora. %\" \/>\n<meta name=\"robots\" content=\"index, follow, max-snippet:-1, max-image-preview:large, max-video-preview:-1\" \/>\n<link rel=\"canonical\" href=\"https:\/\/www.sonoraenequipo.com.mx\/inician-inscripciones-a-taller-artisticos-en-casa-de-la-cultura\/\" \/>\n<meta property=\"og:locale\" content=\"es_ES\" \/>\n<meta property=\"og:type\" content=\"article\" \/>\n<meta property=\"og:title\" content=\"Sonora en Equipo. Inician inscripciones a taller art\u00edsticos en Casa de la Cultura Sonora\" \/>\n<meta property=\"og:description\" content=\"HERMOSILLO, SONORA,MX.\u2500\u2500 Ya est\u00e1n abiertas las inscripciones para los 27 talleres art\u00edsticos en l\u00ednea que ofrecer\u00e1 Casa de la Cultura de Sonora, a trav\u00e9s En Sonora en Equipo publicamos toda la informaci\u00f3n de Sonora, M\u00e9xico y el Mundo de manera oportuna y busca que la libertad de expresi\u00f3n sea real. Visita nuestro medio informativo publicado desde Hermosillo, Sonora. %\" \/>\n<meta property=\"og:url\" content=\"https:\/\/www.sonoraenequipo.com.mx\/inician-inscripciones-a-taller-artisticos-en-casa-de-la-cultura\/\" \/>\n<meta property=\"og:site_name\" content=\"Sonora en Equipo.\" \/>\n<meta property=\"article:publisher\" content=\"https:\/\/www.facebook.com\/SonoraEE\/\" \/>\n<meta property=\"article:author\" content=\"https:\/\/www.facebook.com\/SonoraEE\" \/>\n<meta property=\"article:published_time\" content=\"2021-02-02T00:56:10+00:00\" \/>\n<meta property=\"og:image\" content=\"https:\/\/www.sonoraenequipo.com.mx\/storage\/2021\/02\/baile-folklorico.jpg\" \/>\n\t<meta property=\"og:image:width\" content=\"500\" \/>\n\t<meta property=\"og:image:height\" content=\"300\" \/>\n\t<meta property=\"og:image:type\" content=\"image\/jpeg\" \/>\n<meta name=\"author\" content=\"enequipo\" \/>\n<meta name=\"twitter:card\" content=\"summary_large_image\" \/>\n<meta name=\"twitter:creator\" content=\"@sonoraenequipo\" \/>\n<meta name=\"twitter:site\" content=\"@sonoraenequipo\" \/>\n<meta name=\"twitter:label1\" content=\"Escrito por\" \/>\n\t<meta name=\"twitter:data1\" content=\"enequipo\" \/>\n\t<meta name=\"twitter:label2\" content=\"Tiempo de lectura\" \/>\n\t<meta name=\"twitter:data2\" content=\"2 minutos\" \/>\n<script type=\"application\/ld+json\" class=\"yoast-schema-graph\">{\"@context\":\"https:\/\/schema.org\",\"@graph\":[{\"@type\":\"Article\",\"@id\":\"https:\/\/www.sonoraenequipo.com.mx\/inician-inscripciones-a-taller-artisticos-en-casa-de-la-cultura\/#article\",\"isPartOf\":{\"@id\":\"https:\/\/www.sonoraenequipo.com.mx\/inician-inscripciones-a-taller-artisticos-en-casa-de-la-cultura\/\"},\"author\":{\"name\":\"enequipo\",\"@id\":\"https:\/\/www.sonoraenequipo.com.mx\/#\/schema\/person\/50102df0fb23a8fa9e8effad8fa81386\"},\"headline\":\"Inician inscripciones a taller art\u00edsticos en Casa de la Cultura\",\"datePublished\":\"2021-02-02T00:56:10+00:00\",\"mainEntityOfPage\":{\"@id\":\"https:\/\/www.sonoraenequipo.com.mx\/inician-inscripciones-a-taller-artisticos-en-casa-de-la-cultura\/\"},\"wordCount\":417,\"commentCount\":0,\"publisher\":{\"@id\":\"https:\/\/www.sonoraenequipo.com.mx\/#organization\"},\"image\":{\"@id\":\"https:\/\/www.sonoraenequipo.com.mx\/inician-inscripciones-a-taller-artisticos-en-casa-de-la-cultura\/#primaryimage\"},\"thumbnailUrl\":\"https:\/\/www.sonoraenequipo.com.mx\/storage\/2021\/02\/baile-folklorico.jpg\",\"keywords\":[\"cultura\",\"Sonora\"],\"articleSection\":[\"Sonora\"],\"inLanguage\":\"es\",\"potentialAction\":[{\"@type\":\"CommentAction\",\"name\":\"Comment\",\"target\":[\"https:\/\/www.sonoraenequipo.com.mx\/inician-inscripciones-a-taller-artisticos-en-casa-de-la-cultura\/#respond\"]}]},{\"@type\":\"WebPage\",\"@id\":\"https:\/\/www.sonoraenequipo.com.mx\/inician-inscripciones-a-taller-artisticos-en-casa-de-la-cultura\/\",\"url\":\"https:\/\/www.sonoraenequipo.com.mx\/inician-inscripciones-a-taller-artisticos-en-casa-de-la-cultura\/\",\"name\":\"Sonora en Equipo. Inician inscripciones a taller art\u00edsticos en Casa de la Cultura Sonora\",\"isPartOf\":{\"@id\":\"https:\/\/www.sonoraenequipo.com.mx\/#website\"},\"primaryImageOfPage\":{\"@id\":\"https:\/\/www.sonoraenequipo.com.mx\/inician-inscripciones-a-taller-artisticos-en-casa-de-la-cultura\/#primaryimage\"},\"image\":{\"@id\":\"https:\/\/www.sonoraenequipo.com.mx\/inician-inscripciones-a-taller-artisticos-en-casa-de-la-cultura\/#primaryimage\"},\"thumbnailUrl\":\"https:\/\/www.sonoraenequipo.com.mx\/storage\/2021\/02\/baile-folklorico.jpg\",\"datePublished\":\"2021-02-02T00:56:10+00:00\",\"description\":\"HERMOSILLO, SONORA,MX.\u2500\u2500 Ya est\u00e1n abiertas las inscripciones para los 27 talleres art\u00edsticos en l\u00ednea que ofrecer\u00e1 Casa de la Cultura de Sonora, a trav\u00e9s En Sonora en Equipo publicamos toda la informaci\u00f3n de Sonora, M\u00e9xico y el Mundo de manera oportuna y busca que la libertad de expresi\u00f3n sea real. Visita nuestro medio informativo publicado desde Hermosillo, Sonora. %\",\"breadcrumb\":{\"@id\":\"https:\/\/www.sonoraenequipo.com.mx\/inician-inscripciones-a-taller-artisticos-en-casa-de-la-cultura\/#breadcrumb\"},\"inLanguage\":\"es\",\"potentialAction\":[{\"@type\":\"ReadAction\",\"target\":[\"https:\/\/www.sonoraenequipo.com.mx\/inician-inscripciones-a-taller-artisticos-en-casa-de-la-cultura\/\"]}]},{\"@type\":\"ImageObject\",\"inLanguage\":\"es\",\"@id\":\"https:\/\/www.sonoraenequipo.com.mx\/inician-inscripciones-a-taller-artisticos-en-casa-de-la-cultura\/#primaryimage\",\"url\":\"https:\/\/www.sonoraenequipo.com.mx\/storage\/2021\/02\/baile-folklorico.jpg\",\"contentUrl\":\"https:\/\/www.sonoraenequipo.com.mx\/storage\/2021\/02\/baile-folklorico.jpg\",\"width\":500,\"height\":300,\"caption\":\"imagen para ilustrar\"},{\"@type\":\"BreadcrumbList\",\"@id\":\"https:\/\/www.sonoraenequipo.com.mx\/inician-inscripciones-a-taller-artisticos-en-casa-de-la-cultura\/#breadcrumb\",\"itemListElement\":[{\"@type\":\"ListItem\",\"position\":1,\"name\":\"Portada\",\"item\":\"https:\/\/www.sonoraenequipo.com.mx\/\"},{\"@type\":\"ListItem\",\"position\":2,\"name\":\"Inician inscripciones a taller art\u00edsticos en Casa de la Cultura\"}]},{\"@type\":\"WebSite\",\"@id\":\"https:\/\/www.sonoraenequipo.com.mx\/#website\",\"url\":\"https:\/\/www.sonoraenequipo.com.mx\/\",\"name\":\"Sonora en Equipo.\",\"description\":\"Diario en l\u00ednea con Noticias desde Hermosillo, Sonora\",\"publisher\":{\"@id\":\"https:\/\/www.sonoraenequipo.com.mx\/#organization\"},\"potentialAction\":[{\"@type\":\"SearchAction\",\"target\":{\"@type\":\"EntryPoint\",\"urlTemplate\":\"https:\/\/www.sonoraenequipo.com.mx\/?s={search_term_string}\"},\"query-input\":{\"@type\":\"PropertyValueSpecification\",\"valueRequired\":true,\"valueName\":\"search_term_string\"}}],\"inLanguage\":\"es\"},{\"@type\":\"Organization\",\"@id\":\"https:\/\/www.sonoraenequipo.com.mx\/#organization\",\"name\":\"Sonoraenequipo.com.mx\",\"url\":\"https:\/\/www.sonoraenequipo.com.mx\/\",\"logo\":{\"@type\":\"ImageObject\",\"inLanguage\":\"es\",\"@id\":\"https:\/\/www.sonoraenequipo.com.mx\/#\/schema\/logo\/image\/\",\"url\":\"https:\/\/www.sonoraenequipo.com.mx\/storage\/2019\/01\/sonoraenequipo_opt.png\",\"contentUrl\":\"https:\/\/www.sonoraenequipo.com.mx\/storage\/2019\/01\/sonoraenequipo_opt.png\",\"width\":375,\"height\":125,\"caption\":\"Sonoraenequipo.com.mx\"},\"image\":{\"@id\":\"https:\/\/www.sonoraenequipo.com.mx\/#\/schema\/logo\/image\/\"},\"sameAs\":[\"https:\/\/www.facebook.com\/SonoraEE\/\",\"https:\/\/x.com\/sonoraenequipo\",\"https:\/\/www.youtube.com\/channel\/UC338nW-lPEYmJQs4ZABQ1SQ\"]},{\"@type\":\"Person\",\"@id\":\"https:\/\/www.sonoraenequipo.com.mx\/#\/schema\/person\/50102df0fb23a8fa9e8effad8fa81386\",\"name\":\"enequipo\",\"image\":{\"@type\":\"ImageObject\",\"inLanguage\":\"es\",\"@id\":\"https:\/\/www.sonoraenequipo.com.mx\/#\/schema\/person\/image\/\",\"url\":\"https:\/\/secure.gravatar.com\/avatar\/049821681b589dabc0bc20695993ccebb09f5b5d4d790cd9251b97faac7c652b?s=96&d=blank&r=g\",\"contentUrl\":\"https:\/\/secure.gravatar.com\/avatar\/049821681b589dabc0bc20695993ccebb09f5b5d4d790cd9251b97faac7c652b?s=96&d=blank&r=g\",\"caption\":\"enequipo\"},\"sameAs\":[\"https:\/\/www.facebook.com\/SonoraEE\"]}]}<\/script>\n ","yoast_head_json":{"title":"Sonora en Equipo. Inician inscripciones a taller art\u00edsticos en Casa de la Cultura Sonora","description":"HERMOSILLO, SONORA,MX.\u2500\u2500 Ya est\u00e1n abiertas las inscripciones para los 27 talleres art\u00edsticos en l\u00ednea que ofrecer\u00e1 Casa de la Cultura de Sonora, a trav\u00e9s En Sonora en Equipo publicamos toda la informaci\u00f3n de Sonora, M\u00e9xico y el Mundo de manera oportuna y busca que la libertad de expresi\u00f3n sea real. Visita nuestro medio informativo publicado desde Hermosillo, Sonora. %","robots":{"index":"index","follow":"follow","max-snippet":"max-snippet:-1","max-image-preview":"max-image-preview:large","max-video-preview":"max-video-preview:-1"},"canonical":"https:\/\/www.sonoraenequipo.com.mx\/inician-inscripciones-a-taller-artisticos-en-casa-de-la-cultura\/","og_locale":"es_ES","og_type":"article","og_title":"Sonora en Equipo. Inician inscripciones a taller art\u00edsticos en Casa de la Cultura Sonora","og_description":"HERMOSILLO, SONORA,MX.\u2500\u2500 Ya est\u00e1n abiertas las inscripciones para los 27 talleres art\u00edsticos en l\u00ednea que ofrecer\u00e1 Casa de la Cultura de Sonora, a trav\u00e9s En Sonora en Equipo publicamos toda la informaci\u00f3n de Sonora, M\u00e9xico y el Mundo de manera oportuna y busca que la libertad de expresi\u00f3n sea real. Visita nuestro medio informativo publicado desde Hermosillo, Sonora. %","og_url":"https:\/\/www.sonoraenequipo.com.mx\/inician-inscripciones-a-taller-artisticos-en-casa-de-la-cultura\/","og_site_name":"Sonora en Equipo.","article_publisher":"https:\/\/www.facebook.com\/SonoraEE\/","article_author":"https:\/\/www.facebook.com\/SonoraEE","article_published_time":"2021-02-02T00:56:10+00:00","og_image":[{"width":500,"height":300,"url":"https:\/\/www.sonoraenequipo.com.mx\/storage\/2021\/02\/baile-folklorico.jpg","type":"image\/jpeg"}],"author":"enequipo","twitter_card":"summary_large_image","twitter_creator":"@sonoraenequipo","twitter_site":"@sonoraenequipo","twitter_misc":{"Escrito por":"enequipo","Tiempo de lectura":"2 minutos"},"schema":{"@context":"https:\/\/schema.org","@graph":[{"@type":"Article","@id":"https:\/\/www.sonoraenequipo.com.mx\/inician-inscripciones-a-taller-artisticos-en-casa-de-la-cultura\/#article","isPartOf":{"@id":"https:\/\/www.sonoraenequipo.com.mx\/inician-inscripciones-a-taller-artisticos-en-casa-de-la-cultura\/"},"author":{"name":"enequipo","@id":"https:\/\/www.sonoraenequipo.com.mx\/#\/schema\/person\/50102df0fb23a8fa9e8effad8fa81386"},"headline":"Inician inscripciones a taller art\u00edsticos en Casa de la Cultura","datePublished":"2021-02-02T00:56:10+00:00","mainEntityOfPage":{"@id":"https:\/\/www.sonoraenequipo.com.mx\/inician-inscripciones-a-taller-artisticos-en-casa-de-la-cultura\/"},"wordCount":417,"commentCount":0,"publisher":{"@id":"https:\/\/www.sonoraenequipo.com.mx\/#organization"},"image":{"@id":"https:\/\/www.sonoraenequipo.com.mx\/inician-inscripciones-a-taller-artisticos-en-casa-de-la-cultura\/#primaryimage"},"thumbnailUrl":"https:\/\/www.sonoraenequipo.com.mx\/storage\/2021\/02\/baile-folklorico.jpg","keywords":["cultura","Sonora"],"articleSection":["Sonora"],"inLanguage":"es","potentialAction":[{"@type":"CommentAction","name":"Comment","target":["https:\/\/www.sonoraenequipo.com.mx\/inician-inscripciones-a-taller-artisticos-en-casa-de-la-cultura\/#respond"]}]},{"@type":"WebPage","@id":"https:\/\/www.sonoraenequipo.com.mx\/inician-inscripciones-a-taller-artisticos-en-casa-de-la-cultura\/","url":"https:\/\/www.sonoraenequipo.com.mx\/inician-inscripciones-a-taller-artisticos-en-casa-de-la-cultura\/","name":"Sonora en Equipo. Inician inscripciones a taller art\u00edsticos en Casa de la Cultura Sonora","isPartOf":{"@id":"https:\/\/www.sonoraenequipo.com.mx\/#website"},"primaryImageOfPage":{"@id":"https:\/\/www.sonoraenequipo.com.mx\/inician-inscripciones-a-taller-artisticos-en-casa-de-la-cultura\/#primaryimage"},"image":{"@id":"https:\/\/www.sonoraenequipo.com.mx\/inician-inscripciones-a-taller-artisticos-en-casa-de-la-cultura\/#primaryimage"},"thumbnailUrl":"https:\/\/www.sonoraenequipo.com.mx\/storage\/2021\/02\/baile-folklorico.jpg","datePublished":"2021-02-02T00:56:10+00:00","description":"HERMOSILLO, SONORA,MX.\u2500\u2500 Ya est\u00e1n abiertas las inscripciones para los 27 talleres art\u00edsticos en l\u00ednea que ofrecer\u00e1 Casa de la Cultura de Sonora, a trav\u00e9s En Sonora en Equipo publicamos toda la informaci\u00f3n de Sonora, M\u00e9xico y el Mundo de manera oportuna y busca que la libertad de expresi\u00f3n sea real. Visita nuestro medio informativo publicado desde Hermosillo, Sonora. %","breadcrumb":{"@id":"https:\/\/www.sonoraenequipo.com.mx\/inician-inscripciones-a-taller-artisticos-en-casa-de-la-cultura\/#breadcrumb"},"inLanguage":"es","potentialAction":[{"@type":"ReadAction","target":["https:\/\/www.sonoraenequipo.com.mx\/inician-inscripciones-a-taller-artisticos-en-casa-de-la-cultura\/"]}]},{"@type":"ImageObject","inLanguage":"es","@id":"https:\/\/www.sonoraenequipo.com.mx\/inician-inscripciones-a-taller-artisticos-en-casa-de-la-cultura\/#primaryimage","url":"https:\/\/www.sonoraenequipo.com.mx\/storage\/2021\/02\/baile-folklorico.jpg","contentUrl":"https:\/\/www.sonoraenequipo.com.mx\/storage\/2021\/02\/baile-folklorico.jpg","width":500,"height":300,"caption":"imagen para ilustrar"},{"@type":"BreadcrumbList","@id":"https:\/\/www.sonoraenequipo.com.mx\/inician-inscripciones-a-taller-artisticos-en-casa-de-la-cultura\/#breadcrumb","itemListElement":[{"@type":"ListItem","position":1,"name":"Portada","item":"https:\/\/www.sonoraenequipo.com.mx\/"},{"@type":"ListItem","position":2,"name":"Inician inscripciones a taller art\u00edsticos en Casa de la Cultura"}]},{"@type":"WebSite","@id":"https:\/\/www.sonoraenequipo.com.mx\/#website","url":"https:\/\/www.sonoraenequipo.com.mx\/","name":"Sonora en Equipo.","description":"Diario en l\u00ednea con Noticias desde Hermosillo, Sonora","publisher":{"@id":"https:\/\/www.sonoraenequipo.com.mx\/#organization"},"potentialAction":[{"@type":"SearchAction","target":{"@type":"EntryPoint","urlTemplate":"https:\/\/www.sonoraenequipo.com.mx\/?s={search_term_string}"},"query-input":{"@type":"PropertyValueSpecification","valueRequired":true,"valueName":"search_term_string"}}],"inLanguage":"es"},{"@type":"Organization","@id":"https:\/\/www.sonoraenequipo.com.mx\/#organization","name":"Sonoraenequipo.com.mx","url":"https:\/\/www.sonoraenequipo.com.mx\/","logo":{"@type":"ImageObject","inLanguage":"es","@id":"https:\/\/www.sonoraenequipo.com.mx\/#\/schema\/logo\/image\/","url":"https:\/\/www.sonoraenequipo.com.mx\/storage\/2019\/01\/sonoraenequipo_opt.png","contentUrl":"https:\/\/www.sonoraenequipo.com.mx\/storage\/2019\/01\/sonoraenequipo_opt.png","width":375,"height":125,"caption":"Sonoraenequipo.com.mx"},"image":{"@id":"https:\/\/www.sonoraenequipo.com.mx\/#\/schema\/logo\/image\/"},"sameAs":["https:\/\/www.facebook.com\/SonoraEE\/","https:\/\/x.com\/sonoraenequipo","https:\/\/www.youtube.com\/channel\/UC338nW-lPEYmJQs4ZABQ1SQ"]},{"@type":"Person","@id":"https:\/\/www.sonoraenequipo.com.mx\/#\/schema\/person\/50102df0fb23a8fa9e8effad8fa81386","name":"enequipo","image":{"@type":"ImageObject","inLanguage":"es","@id":"https:\/\/www.sonoraenequipo.com.mx\/#\/schema\/person\/image\/","url":"https:\/\/secure.gravatar.com\/avatar\/049821681b589dabc0bc20695993ccebb09f5b5d4d790cd9251b97faac7c652b?s=96&d=blank&r=g","contentUrl":"https:\/\/secure.gravatar.com\/avatar\/049821681b589dabc0bc20695993ccebb09f5b5d4d790cd9251b97faac7c652b?s=96&d=blank&r=g","caption":"enequipo"},"sameAs":["https:\/\/www.facebook.com\/SonoraEE"]}]}},"jetpack_featured_media_url":"https:\/\/www.sonoraenequipo.com.mx\/storage\/2021\/02\/baile-folklorico.jpg","_links":{"self":[{"href":"https:\/\/www.sonoraenequipo.com.mx\/api\/wp\/v2\/posts\/105995","targetHints":{"allow":["GET"]}}],"collection":[{"href":"https:\/\/www.sonoraenequipo.com.mx\/api\/wp\/v2\/posts"}],"about":[{"href":"https:\/\/www.sonoraenequipo.com.mx\/api\/wp\/v2\/types\/post"}],"author":[{"embeddable":true,"href":"https:\/\/www.sonoraenequipo.com.mx\/api\/wp\/v2\/users\/1"}],"replies":[{"embeddable":true,"href":"https:\/\/www.sonoraenequipo.com.mx\/api\/wp\/v2\/comments?post=105995"}],"version-history":[{"count":1,"href":"https:\/\/www.sonoraenequipo.com.mx\/api\/wp\/v2\/posts\/105995\/revisions"}],"predecessor-version":[{"id":105997,"href":"https:\/\/www.sonoraenequipo.com.mx\/api\/wp\/v2\/posts\/105995\/revisions\/105997"}],"wp:featuredmedia":[{"embeddable":true,"href":"https:\/\/www.sonoraenequipo.com.mx\/api\/wp\/v2\/media\/105996"}],"wp:attachment":[{"href":"https:\/\/www.sonoraenequipo.com.mx\/api\/wp\/v2\/media?parent=105995"}],"wp:term":[{"taxonomy":"category","embeddable":true,"href":"https:\/\/www.sonoraenequipo.com.mx\/api\/wp\/v2\/categories?post=105995"},{"taxonomy":"post_tag","embeddable":true,"href":"https:\/\/www.sonoraenequipo.com.mx\/api\/wp\/v2\/tags?post=105995"}],"curies":[{"name":"wp","href":"https:\/\/api.w.org\/{rel}","templated":true}]}}