{"id":106001,"date":"2021-02-01T18:12:59","date_gmt":"2021-02-02T01:12:59","guid":{"rendered":"https:\/\/www.sonoraenequipo.com.mx\/?p=106001"},"modified":"2021-02-01T18:12:59","modified_gmt":"2021-02-02T01:12:59","slug":"sigamos-reforzando-los-cuidados-preventivos-por-el-turismo-luis-nunez","status":"publish","type":"post","link":"https:\/\/www.sonoraenequipo.com.mx\/sigamos-reforzando-los-cuidados-preventivos-por-el-turismo-luis-nunez\/","title":{"rendered":"Sigamos reforzando los cuidados preventivos por el turismo: Luis N\u00fa\u00f1ez"},"content":{"rendered":"<p>Sigamos reforzando los cuidados preventivos por el turismo: Luis N\u00fa\u00f1ez<\/p>\n<p>&nbsp;<\/p>\n<p>&nbsp;<\/p>\n<h3>\u25baDestaca compromiso de la familia tur\u00edstica durante pandemia por COVID<\/h3>\n<p>&nbsp;<\/p>\n<p>HERMOSILLO, SONORA,MX.\u2500\u2500 Un llamado a no bajar la guardia y seguir respetando los protocolos y lineamientos emitidos por las autoridades de salud para combatir al COVID-19, hizo Luis N\u00fa\u00f1ez Noriega, coordinador de la Comisi\u00f3n de Fomento al Turismo (Cofetur) en reuni\u00f3n virtual con hoteleros y directivos de la Oficina de Convenciones y Visitantes (OCV) de Hermosillo.<\/p>\n<p>&nbsp;<\/p>\n<p>El tambi\u00e9n vocero del Plan para la Reactivaci\u00f3n Econ\u00f3mica de Sonora destac\u00f3 el compromiso que han demostrado estas empresas para mantenerse debidamente capacitados y brindar un servicio de calidad y seguro para sus visitantes.<\/p>\n<p>&nbsp;<\/p>\n<p>\u00abLos pasos que hemos dado, de prepararnos debidamente, de capacitarnos, de capacitar a nuestro personal, son para generar confianza en el sector tur\u00edstico. Es un gran mensaje el que se est\u00e1 enviando a todos los sectores productivos, la familia tur\u00edstica se prepara y capacita para contar con una mayor afluencia de visitantes a nuestros destinos\u00bb, dijo.<\/p>\n<p>&nbsp;<\/p>\n<p>N\u00fa\u00f1ez Noriega expres\u00f3 que el inter\u00e9s de la gobernadora Claudia Pavlovich Arellano, es que el sector tur\u00edstico de Sonora se mantenga capacitado en materia del combate a la pandemia, por lo que desde la Cofetur se instrumentaron cursos especiales con instructores capacitados y expertos en bioseguridad.<\/p>\n<p>&nbsp;<\/p>\n<p>\u00abDesde el a\u00f1o pasado hemos estado preparando a la familia tur\u00edstica. En estas capacitaciones, le apostamos a eso, a la confianza que vamos a transmitir y que estamos transmitiendo a los que nos visitan y a quienes nos visitar\u00e1n. Es importante que todos se sientan bienvenidos, pero tambi\u00e9n seguros\u00bb, reiter\u00f3.<\/p>\n<p>&nbsp;<\/p>\n<p>El titular de la Cofetur exhort\u00f3 a los hoteleros y dem\u00e1s servicios de hospedaje a continuar trabajando con el compromiso y esmero que han mostrado hasta ahora, adem\u00e1s de reiterar su compromiso para continuar haciendo lo necesario para posicionar a Hermosillo y Sonora como un destino ideal para visitar y para invertir.<\/p>\n<p>&nbsp;<\/p>\n<p>La presidenta de la OCV Hermosillo, Luz Mar\u00eda Castillo Manzo, reconoci\u00f3 el esfuerzo que han realizado los prestadores de servicios tur\u00edsticos y de hospedaje durante estos meses de pandemia, por lo que los invit\u00f3 a continuar trabajando apegados a los lineamientos de seguridad para evitar alg\u00fan riesgo para sus empleados, clientes y hu\u00e9spedes.<\/p>\n<p>&nbsp;<\/p>\n<p>En la reuni\u00f3n virtual estuvieron Francisco Garc\u00eda K\u00e1ram, director de la OCV Hermosillo, adem\u00e1s de representantes y directivos de hoteles y moteles de la capital sonorense.<\/p>\n<p>Fecha de publicaci\u00f3n 01\/feb\/2021<\/p>\n","protected":false},"excerpt":{"rendered":"<p>Sigamos reforzando los cuidados preventivos por el turismo: Luis N\u00fa\u00f1ez &nbsp; &nbsp; \u25baDestaca compromiso de&#8230;<\/p>\n","protected":false},"author":1,"featured_media":106002,"comment_status":"open","ping_status":"open","sticky":false,"template":"","format":"standard","meta":{"_monsterinsights_skip_tracking":false,"_monsterinsights_sitenote_active":false,"_monsterinsights_sitenote_note":"","_monsterinsights_sitenote_category":0,"footnotes":""},"categories":[22],"tags":[4249,4004,15,706],"class_list":["post"],"yoast_head":" \n<title>Sonora en Equipo. Sigamos reforzando los cuidados preventivos por el turismo: Luis N\u00fa\u00f1ez Sonora<\/title>\n<meta name=\"description\" content=\"Sigamos reforzando los cuidados preventivos por el turismo: Luis N\u00fa\u00f1ez &nbsp; &nbsp; \u25baDestaca compromiso de la familia tur\u00edstica durante pandemia por En Sonora en Equipo publicamos toda la informaci\u00f3n de Sonora, M\u00e9xico y el Mundo de manera oportuna y busca que la libertad de expresi\u00f3n sea real. Visita nuestro medio informativo publicado desde Hermosillo, Sonora. %\" \/>\n<meta name=\"robots\" content=\"index, follow, max-snippet:-1, max-image-preview:large, max-video-preview:-1\" \/>\n<link rel=\"canonical\" href=\"https:\/\/www.sonoraenequipo.com.mx\/sigamos-reforzando-los-cuidados-preventivos-por-el-turismo-luis-nunez\/\" \/>\n<meta property=\"og:locale\" content=\"es_ES\" \/>\n<meta property=\"og:type\" content=\"article\" \/>\n<meta property=\"og:title\" content=\"Sonora en Equipo. Sigamos reforzando los cuidados preventivos por el turismo: Luis N\u00fa\u00f1ez Sonora\" \/>\n<meta property=\"og:description\" content=\"Sigamos reforzando los cuidados preventivos por el turismo: Luis N\u00fa\u00f1ez &nbsp; &nbsp; \u25baDestaca compromiso de la familia tur\u00edstica durante pandemia por En Sonora en Equipo publicamos toda la informaci\u00f3n de Sonora, M\u00e9xico y el Mundo de manera oportuna y busca que la libertad de expresi\u00f3n sea real. Visita nuestro medio informativo publicado desde Hermosillo, Sonora. %\" \/>\n<meta property=\"og:url\" content=\"https:\/\/www.sonoraenequipo.com.mx\/sigamos-reforzando-los-cuidados-preventivos-por-el-turismo-luis-nunez\/\" \/>\n<meta property=\"og:site_name\" content=\"Sonora en Equipo.\" \/>\n<meta property=\"article:publisher\" content=\"https:\/\/www.facebook.com\/SonoraEE\/\" \/>\n<meta property=\"article:author\" content=\"https:\/\/www.facebook.com\/SonoraEE\" \/>\n<meta property=\"article:published_time\" content=\"2021-02-02T01:12:59+00:00\" \/>\n<meta property=\"og:image\" content=\"https:\/\/www.sonoraenequipo.com.mx\/storage\/2021\/02\/luis-nunez.jpg\" \/>\n\t<meta property=\"og:image:width\" content=\"500\" \/>\n\t<meta property=\"og:image:height\" content=\"323\" \/>\n\t<meta property=\"og:image:type\" content=\"image\/jpeg\" \/>\n<meta name=\"author\" content=\"enequipo\" \/>\n<meta name=\"twitter:card\" content=\"summary_large_image\" \/>\n<meta name=\"twitter:creator\" content=\"@sonoraenequipo\" \/>\n<meta name=\"twitter:site\" content=\"@sonoraenequipo\" \/>\n<meta name=\"twitter:label1\" content=\"Escrito por\" \/>\n\t<meta name=\"twitter:data1\" content=\"enequipo\" \/>\n\t<meta name=\"twitter:label2\" content=\"Tiempo de lectura\" \/>\n\t<meta name=\"twitter:data2\" content=\"2 minutos\" \/>\n<script type=\"application\/ld+json\" class=\"yoast-schema-graph\">{\"@context\":\"https:\/\/schema.org\",\"@graph\":[{\"@type\":\"Article\",\"@id\":\"https:\/\/www.sonoraenequipo.com.mx\/sigamos-reforzando-los-cuidados-preventivos-por-el-turismo-luis-nunez\/#article\",\"isPartOf\":{\"@id\":\"https:\/\/www.sonoraenequipo.com.mx\/sigamos-reforzando-los-cuidados-preventivos-por-el-turismo-luis-nunez\/\"},\"author\":{\"name\":\"enequipo\",\"@id\":\"https:\/\/www.sonoraenequipo.com.mx\/#\/schema\/person\/50102df0fb23a8fa9e8effad8fa81386\"},\"headline\":\"Sigamos reforzando los cuidados preventivos por el turismo: Luis N\u00fa\u00f1ez\",\"datePublished\":\"2021-02-02T01:12:59+00:00\",\"mainEntityOfPage\":{\"@id\":\"https:\/\/www.sonoraenequipo.com.mx\/sigamos-reforzando-los-cuidados-preventivos-por-el-turismo-luis-nunez\/\"},\"wordCount\":447,\"commentCount\":0,\"publisher\":{\"@id\":\"https:\/\/www.sonoraenequipo.com.mx\/#organization\"},\"image\":{\"@id\":\"https:\/\/www.sonoraenequipo.com.mx\/sigamos-reforzando-los-cuidados-preventivos-por-el-turismo-luis-nunez\/#primaryimage\"},\"thumbnailUrl\":\"https:\/\/www.sonoraenequipo.com.mx\/storage\/2021\/02\/luis-nunez.jpg\",\"keywords\":[\"covid\",\"Luis N\u00fa\u00f1ez\",\"Sonora\",\"turismo\"],\"articleSection\":[\"Sonora\"],\"inLanguage\":\"es\",\"potentialAction\":[{\"@type\":\"CommentAction\",\"name\":\"Comment\",\"target\":[\"https:\/\/www.sonoraenequipo.com.mx\/sigamos-reforzando-los-cuidados-preventivos-por-el-turismo-luis-nunez\/#respond\"]}]},{\"@type\":\"WebPage\",\"@id\":\"https:\/\/www.sonoraenequipo.com.mx\/sigamos-reforzando-los-cuidados-preventivos-por-el-turismo-luis-nunez\/\",\"url\":\"https:\/\/www.sonoraenequipo.com.mx\/sigamos-reforzando-los-cuidados-preventivos-por-el-turismo-luis-nunez\/\",\"name\":\"Sonora en Equipo. Sigamos reforzando los cuidados preventivos por el turismo: Luis N\u00fa\u00f1ez Sonora\",\"isPartOf\":{\"@id\":\"https:\/\/www.sonoraenequipo.com.mx\/#website\"},\"primaryImageOfPage\":{\"@id\":\"https:\/\/www.sonoraenequipo.com.mx\/sigamos-reforzando-los-cuidados-preventivos-por-el-turismo-luis-nunez\/#primaryimage\"},\"image\":{\"@id\":\"https:\/\/www.sonoraenequipo.com.mx\/sigamos-reforzando-los-cuidados-preventivos-por-el-turismo-luis-nunez\/#primaryimage\"},\"thumbnailUrl\":\"https:\/\/www.sonoraenequipo.com.mx\/storage\/2021\/02\/luis-nunez.jpg\",\"datePublished\":\"2021-02-02T01:12:59+00:00\",\"description\":\"Sigamos reforzando los cuidados preventivos por el turismo: Luis N\u00fa\u00f1ez &nbsp; &nbsp; \u25baDestaca compromiso de la familia tur\u00edstica durante pandemia por En Sonora en Equipo publicamos toda la informaci\u00f3n de Sonora, M\u00e9xico y el Mundo de manera oportuna y busca que la libertad de expresi\u00f3n sea real. Visita nuestro medio informativo publicado desde Hermosillo, Sonora. %\",\"breadcrumb\":{\"@id\":\"https:\/\/www.sonoraenequipo.com.mx\/sigamos-reforzando-los-cuidados-preventivos-por-el-turismo-luis-nunez\/#breadcrumb\"},\"inLanguage\":\"es\",\"potentialAction\":[{\"@type\":\"ReadAction\",\"target\":[\"https:\/\/www.sonoraenequipo.com.mx\/sigamos-reforzando-los-cuidados-preventivos-por-el-turismo-luis-nunez\/\"]}]},{\"@type\":\"ImageObject\",\"inLanguage\":\"es\",\"@id\":\"https:\/\/www.sonoraenequipo.com.mx\/sigamos-reforzando-los-cuidados-preventivos-por-el-turismo-luis-nunez\/#primaryimage\",\"url\":\"https:\/\/www.sonoraenequipo.com.mx\/storage\/2021\/02\/luis-nunez.jpg\",\"contentUrl\":\"https:\/\/www.sonoraenequipo.com.mx\/storage\/2021\/02\/luis-nunez.jpg\",\"width\":500,\"height\":323},{\"@type\":\"BreadcrumbList\",\"@id\":\"https:\/\/www.sonoraenequipo.com.mx\/sigamos-reforzando-los-cuidados-preventivos-por-el-turismo-luis-nunez\/#breadcrumb\",\"itemListElement\":[{\"@type\":\"ListItem\",\"position\":1,\"name\":\"Portada\",\"item\":\"https:\/\/www.sonoraenequipo.com.mx\/\"},{\"@type\":\"ListItem\",\"position\":2,\"name\":\"Sigamos reforzando los cuidados preventivos por el turismo: Luis N\u00fa\u00f1ez\"}]},{\"@type\":\"WebSite\",\"@id\":\"https:\/\/www.sonoraenequipo.com.mx\/#website\",\"url\":\"https:\/\/www.sonoraenequipo.com.mx\/\",\"name\":\"Sonora en Equipo.\",\"description\":\"Diario en l\u00ednea con Noticias desde Hermosillo, Sonora\",\"publisher\":{\"@id\":\"https:\/\/www.sonoraenequipo.com.mx\/#organization\"},\"potentialAction\":[{\"@type\":\"SearchAction\",\"target\":{\"@type\":\"EntryPoint\",\"urlTemplate\":\"https:\/\/www.sonoraenequipo.com.mx\/?s={search_term_string}\"},\"query-input\":{\"@type\":\"PropertyValueSpecification\",\"valueRequired\":true,\"valueName\":\"search_term_string\"}}],\"inLanguage\":\"es\"},{\"@type\":\"Organization\",\"@id\":\"https:\/\/www.sonoraenequipo.com.mx\/#organization\",\"name\":\"Sonoraenequipo.com.mx\",\"url\":\"https:\/\/www.sonoraenequipo.com.mx\/\",\"logo\":{\"@type\":\"ImageObject\",\"inLanguage\":\"es\",\"@id\":\"https:\/\/www.sonoraenequipo.com.mx\/#\/schema\/logo\/image\/\",\"url\":\"https:\/\/www.sonoraenequipo.com.mx\/storage\/2019\/01\/sonoraenequipo_opt.png\",\"contentUrl\":\"https:\/\/www.sonoraenequipo.com.mx\/storage\/2019\/01\/sonoraenequipo_opt.png\",\"width\":375,\"height\":125,\"caption\":\"Sonoraenequipo.com.mx\"},\"image\":{\"@id\":\"https:\/\/www.sonoraenequipo.com.mx\/#\/schema\/logo\/image\/\"},\"sameAs\":[\"https:\/\/www.facebook.com\/SonoraEE\/\",\"https:\/\/x.com\/sonoraenequipo\",\"https:\/\/www.youtube.com\/channel\/UC338nW-lPEYmJQs4ZABQ1SQ\"]},{\"@type\":\"Person\",\"@id\":\"https:\/\/www.sonoraenequipo.com.mx\/#\/schema\/person\/50102df0fb23a8fa9e8effad8fa81386\",\"name\":\"enequipo\",\"image\":{\"@type\":\"ImageObject\",\"inLanguage\":\"es\",\"@id\":\"https:\/\/www.sonoraenequipo.com.mx\/#\/schema\/person\/image\/\",\"url\":\"https:\/\/secure.gravatar.com\/avatar\/049821681b589dabc0bc20695993ccebb09f5b5d4d790cd9251b97faac7c652b?s=96&d=blank&r=g\",\"contentUrl\":\"https:\/\/secure.gravatar.com\/avatar\/049821681b589dabc0bc20695993ccebb09f5b5d4d790cd9251b97faac7c652b?s=96&d=blank&r=g\",\"caption\":\"enequipo\"},\"sameAs\":[\"https:\/\/www.facebook.com\/SonoraEE\"]}]}<\/script>\n ","yoast_head_json":{"title":"Sonora en Equipo. Sigamos reforzando los cuidados preventivos por el turismo: Luis N\u00fa\u00f1ez Sonora","description":"Sigamos reforzando los cuidados preventivos por el turismo: Luis N\u00fa\u00f1ez &nbsp; &nbsp; \u25baDestaca compromiso de la familia tur\u00edstica durante pandemia por En Sonora en Equipo publicamos toda la informaci\u00f3n de Sonora, M\u00e9xico y el Mundo de manera oportuna y busca que la libertad de expresi\u00f3n sea real. Visita nuestro medio informativo publicado desde Hermosillo, Sonora. %","robots":{"index":"index","follow":"follow","max-snippet":"max-snippet:-1","max-image-preview":"max-image-preview:large","max-video-preview":"max-video-preview:-1"},"canonical":"https:\/\/www.sonoraenequipo.com.mx\/sigamos-reforzando-los-cuidados-preventivos-por-el-turismo-luis-nunez\/","og_locale":"es_ES","og_type":"article","og_title":"Sonora en Equipo. Sigamos reforzando los cuidados preventivos por el turismo: Luis N\u00fa\u00f1ez Sonora","og_description":"Sigamos reforzando los cuidados preventivos por el turismo: Luis N\u00fa\u00f1ez &nbsp; &nbsp; \u25baDestaca compromiso de la familia tur\u00edstica durante pandemia por En Sonora en Equipo publicamos toda la informaci\u00f3n de Sonora, M\u00e9xico y el Mundo de manera oportuna y busca que la libertad de expresi\u00f3n sea real. Visita nuestro medio informativo publicado desde Hermosillo, Sonora. %","og_url":"https:\/\/www.sonoraenequipo.com.mx\/sigamos-reforzando-los-cuidados-preventivos-por-el-turismo-luis-nunez\/","og_site_name":"Sonora en Equipo.","article_publisher":"https:\/\/www.facebook.com\/SonoraEE\/","article_author":"https:\/\/www.facebook.com\/SonoraEE","article_published_time":"2021-02-02T01:12:59+00:00","og_image":[{"width":500,"height":323,"url":"https:\/\/www.sonoraenequipo.com.mx\/storage\/2021\/02\/luis-nunez.jpg","type":"image\/jpeg"}],"author":"enequipo","twitter_card":"summary_large_image","twitter_creator":"@sonoraenequipo","twitter_site":"@sonoraenequipo","twitter_misc":{"Escrito por":"enequipo","Tiempo de lectura":"2 minutos"},"schema":{"@context":"https:\/\/schema.org","@graph":[{"@type":"Article","@id":"https:\/\/www.sonoraenequipo.com.mx\/sigamos-reforzando-los-cuidados-preventivos-por-el-turismo-luis-nunez\/#article","isPartOf":{"@id":"https:\/\/www.sonoraenequipo.com.mx\/sigamos-reforzando-los-cuidados-preventivos-por-el-turismo-luis-nunez\/"},"author":{"name":"enequipo","@id":"https:\/\/www.sonoraenequipo.com.mx\/#\/schema\/person\/50102df0fb23a8fa9e8effad8fa81386"},"headline":"Sigamos reforzando los cuidados preventivos por el turismo: Luis N\u00fa\u00f1ez","datePublished":"2021-02-02T01:12:59+00:00","mainEntityOfPage":{"@id":"https:\/\/www.sonoraenequipo.com.mx\/sigamos-reforzando-los-cuidados-preventivos-por-el-turismo-luis-nunez\/"},"wordCount":447,"commentCount":0,"publisher":{"@id":"https:\/\/www.sonoraenequipo.com.mx\/#organization"},"image":{"@id":"https:\/\/www.sonoraenequipo.com.mx\/sigamos-reforzando-los-cuidados-preventivos-por-el-turismo-luis-nunez\/#primaryimage"},"thumbnailUrl":"https:\/\/www.sonoraenequipo.com.mx\/storage\/2021\/02\/luis-nunez.jpg","keywords":["covid","Luis N\u00fa\u00f1ez","Sonora","turismo"],"articleSection":["Sonora"],"inLanguage":"es","potentialAction":[{"@type":"CommentAction","name":"Comment","target":["https:\/\/www.sonoraenequipo.com.mx\/sigamos-reforzando-los-cuidados-preventivos-por-el-turismo-luis-nunez\/#respond"]}]},{"@type":"WebPage","@id":"https:\/\/www.sonoraenequipo.com.mx\/sigamos-reforzando-los-cuidados-preventivos-por-el-turismo-luis-nunez\/","url":"https:\/\/www.sonoraenequipo.com.mx\/sigamos-reforzando-los-cuidados-preventivos-por-el-turismo-luis-nunez\/","name":"Sonora en Equipo. Sigamos reforzando los cuidados preventivos por el turismo: Luis N\u00fa\u00f1ez Sonora","isPartOf":{"@id":"https:\/\/www.sonoraenequipo.com.mx\/#website"},"primaryImageOfPage":{"@id":"https:\/\/www.sonoraenequipo.com.mx\/sigamos-reforzando-los-cuidados-preventivos-por-el-turismo-luis-nunez\/#primaryimage"},"image":{"@id":"https:\/\/www.sonoraenequipo.com.mx\/sigamos-reforzando-los-cuidados-preventivos-por-el-turismo-luis-nunez\/#primaryimage"},"thumbnailUrl":"https:\/\/www.sonoraenequipo.com.mx\/storage\/2021\/02\/luis-nunez.jpg","datePublished":"2021-02-02T01:12:59+00:00","description":"Sigamos reforzando los cuidados preventivos por el turismo: Luis N\u00fa\u00f1ez &nbsp; &nbsp; \u25baDestaca compromiso de la familia tur\u00edstica durante pandemia por En Sonora en Equipo publicamos toda la informaci\u00f3n de Sonora, M\u00e9xico y el Mundo de manera oportuna y busca que la libertad de expresi\u00f3n sea real. Visita nuestro medio informativo publicado desde Hermosillo, Sonora. %","breadcrumb":{"@id":"https:\/\/www.sonoraenequipo.com.mx\/sigamos-reforzando-los-cuidados-preventivos-por-el-turismo-luis-nunez\/#breadcrumb"},"inLanguage":"es","potentialAction":[{"@type":"ReadAction","target":["https:\/\/www.sonoraenequipo.com.mx\/sigamos-reforzando-los-cuidados-preventivos-por-el-turismo-luis-nunez\/"]}]},{"@type":"ImageObject","inLanguage":"es","@id":"https:\/\/www.sonoraenequipo.com.mx\/sigamos-reforzando-los-cuidados-preventivos-por-el-turismo-luis-nunez\/#primaryimage","url":"https:\/\/www.sonoraenequipo.com.mx\/storage\/2021\/02\/luis-nunez.jpg","contentUrl":"https:\/\/www.sonoraenequipo.com.mx\/storage\/2021\/02\/luis-nunez.jpg","width":500,"height":323},{"@type":"BreadcrumbList","@id":"https:\/\/www.sonoraenequipo.com.mx\/sigamos-reforzando-los-cuidados-preventivos-por-el-turismo-luis-nunez\/#breadcrumb","itemListElement":[{"@type":"ListItem","position":1,"name":"Portada","item":"https:\/\/www.sonoraenequipo.com.mx\/"},{"@type":"ListItem","position":2,"name":"Sigamos reforzando los cuidados preventivos por el turismo: Luis N\u00fa\u00f1ez"}]},{"@type":"WebSite","@id":"https:\/\/www.sonoraenequipo.com.mx\/#website","url":"https:\/\/www.sonoraenequipo.com.mx\/","name":"Sonora en Equipo.","description":"Diario en l\u00ednea con Noticias desde Hermosillo, Sonora","publisher":{"@id":"https:\/\/www.sonoraenequipo.com.mx\/#organization"},"potentialAction":[{"@type":"SearchAction","target":{"@type":"EntryPoint","urlTemplate":"https:\/\/www.sonoraenequipo.com.mx\/?s={search_term_string}"},"query-input":{"@type":"PropertyValueSpecification","valueRequired":true,"valueName":"search_term_string"}}],"inLanguage":"es"},{"@type":"Organization","@id":"https:\/\/www.sonoraenequipo.com.mx\/#organization","name":"Sonoraenequipo.com.mx","url":"https:\/\/www.sonoraenequipo.com.mx\/","logo":{"@type":"ImageObject","inLanguage":"es","@id":"https:\/\/www.sonoraenequipo.com.mx\/#\/schema\/logo\/image\/","url":"https:\/\/www.sonoraenequipo.com.mx\/storage\/2019\/01\/sonoraenequipo_opt.png","contentUrl":"https:\/\/www.sonoraenequipo.com.mx\/storage\/2019\/01\/sonoraenequipo_opt.png","width":375,"height":125,"caption":"Sonoraenequipo.com.mx"},"image":{"@id":"https:\/\/www.sonoraenequipo.com.mx\/#\/schema\/logo\/image\/"},"sameAs":["https:\/\/www.facebook.com\/SonoraEE\/","https:\/\/x.com\/sonoraenequipo","https:\/\/www.youtube.com\/channel\/UC338nW-lPEYmJQs4ZABQ1SQ"]},{"@type":"Person","@id":"https:\/\/www.sonoraenequipo.com.mx\/#\/schema\/person\/50102df0fb23a8fa9e8effad8fa81386","name":"enequipo","image":{"@type":"ImageObject","inLanguage":"es","@id":"https:\/\/www.sonoraenequipo.com.mx\/#\/schema\/person\/image\/","url":"https:\/\/secure.gravatar.com\/avatar\/049821681b589dabc0bc20695993ccebb09f5b5d4d790cd9251b97faac7c652b?s=96&d=blank&r=g","contentUrl":"https:\/\/secure.gravatar.com\/avatar\/049821681b589dabc0bc20695993ccebb09f5b5d4d790cd9251b97faac7c652b?s=96&d=blank&r=g","caption":"enequipo"},"sameAs":["https:\/\/www.facebook.com\/SonoraEE"]}]}},"jetpack_featured_media_url":"https:\/\/www.sonoraenequipo.com.mx\/storage\/2021\/02\/luis-nunez.jpg","_links":{"self":[{"href":"https:\/\/www.sonoraenequipo.com.mx\/api\/wp\/v2\/posts\/106001","targetHints":{"allow":["GET"]}}],"collection":[{"href":"https:\/\/www.sonoraenequipo.com.mx\/api\/wp\/v2\/posts"}],"about":[{"href":"https:\/\/www.sonoraenequipo.com.mx\/api\/wp\/v2\/types\/post"}],"author":[{"embeddable":true,"href":"https:\/\/www.sonoraenequipo.com.mx\/api\/wp\/v2\/users\/1"}],"replies":[{"embeddable":true,"href":"https:\/\/www.sonoraenequipo.com.mx\/api\/wp\/v2\/comments?post=106001"}],"version-history":[{"count":1,"href":"https:\/\/www.sonoraenequipo.com.mx\/api\/wp\/v2\/posts\/106001\/revisions"}],"predecessor-version":[{"id":106003,"href":"https:\/\/www.sonoraenequipo.com.mx\/api\/wp\/v2\/posts\/106001\/revisions\/106003"}],"wp:featuredmedia":[{"embeddable":true,"href":"https:\/\/www.sonoraenequipo.com.mx\/api\/wp\/v2\/media\/106002"}],"wp:attachment":[{"href":"https:\/\/www.sonoraenequipo.com.mx\/api\/wp\/v2\/media?parent=106001"}],"wp:term":[{"taxonomy":"category","embeddable":true,"href":"https:\/\/www.sonoraenequipo.com.mx\/api\/wp\/v2\/categories?post=106001"},{"taxonomy":"post_tag","embeddable":true,"href":"https:\/\/www.sonoraenequipo.com.mx\/api\/wp\/v2\/tags?post=106001"}],"curies":[{"name":"wp","href":"https:\/\/api.w.org\/{rel}","templated":true}]}}