{"id":106004,"date":"2021-02-01T18:24:42","date_gmt":"2021-02-02T01:24:42","guid":{"rendered":"https:\/\/www.sonoraenequipo.com.mx\/?p=106004"},"modified":"2021-02-01T18:24:42","modified_gmt":"2021-02-02T01:24:42","slug":"transito-presenta-balance-a-la-baja-en-accidentes-lesiones-y-occisos-durante-enero","status":"publish","type":"post","link":"https:\/\/www.sonoraenequipo.com.mx\/transito-presenta-balance-a-la-baja-en-accidentes-lesiones-y-occisos-durante-enero\/","title":{"rendered":"Tr\u00e1nsito presenta balance a la baja en accidentes, lesiones y occisos durante enero"},"content":{"rendered":"<p>HERMOSILLO, SONORA,MX.\u2500\u2500 El mes de enero cerr\u00f3 119 accidentes de tr\u00e1nsito atendidos, representando esto una ligera disminuci\u00f3n respecto al mismo periodo del a\u00f1o 2020 (128).<\/p>\n<p>&nbsp;<\/p>\n<p>&nbsp;<\/p>\n<p>&nbsp;<\/p>\n<p>Jes\u00fas Alonso Dur\u00f3n Monta\u00f1o, director del Departamento de Tr\u00e1nsito, hizo un llamado a conductores, motociclistas, ciclistas y peatones a seguir respetando las normas establecidas en la Ley de Tr\u00e1nsito en cuanto al uso de las vialidades, esto para seguir en esa tendencia a la baja.<\/p>\n<p>&nbsp;<\/p>\n<p>&nbsp;<\/p>\n<p>&nbsp;<\/p>\n<p>Donde mayor reflejo present\u00f3 el buen actuar de los ciudadanos y los trabajos de prevenci\u00f3n de los elementos de Tr\u00e1nsito fue en los rubros de personas lesionadas en hechos de tr\u00e1nsito y personas occisas; el primer rubro tuvo una disminuci\u00f3n de m\u00e1s del 40 por ciento respecto al a\u00f1o anterior (75 personas lesionadas en 2020 contra 39 durante el primer mes del 2021).<\/p>\n<p>&nbsp;<\/p>\n<p>&nbsp;<\/p>\n<p>&nbsp;<\/p>\n<p>Mientras que en personas occisas por participar en accidente de tr\u00e1nsito se tuvo una disminuci\u00f3n del 75 por ciento, pasando de 4 fallecidos durante el 2020 a uno en el mes de enero del 2021.<\/p>\n<p>&nbsp;<\/p>\n<p>&nbsp;<\/p>\n<p>&nbsp;<\/p>\n<p>Jes\u00fas Alonso Dur\u00f3n dijo que el accidente que cobr\u00f3 la vida del conductor de una motocicleta pudo haberse prevenido y evitado si se hubiera respetado el l\u00edmite de velocidad permitido en las calles donde fue el hecho (Jos\u00e9 A. Healy y Juan Bautista Escalante.<\/p>\n<p>&nbsp;<\/p>\n<p>&nbsp;<\/p>\n<p>&nbsp;<\/p>\n<p>\u201cEn este siniestro sale a relucir la velocidad a la cual conduc\u00eda el motociclista\u2026tenemos que extremar precauciones, estar m\u00e1s al pendiente de nuestro entorno, obedecer los l\u00edmites de velocidad, utilizar el casco protector que nos dice la Ley de Tr\u00e1nsito\u201d, enfatiz\u00f3 el director de Tr\u00e1nsito.<\/p>\n<p>&nbsp;<\/p>\n<p>&nbsp;<\/p>\n<p>&nbsp;<\/p>\n<p>Agreg\u00f3 que las medidas contempladas en los art\u00edculos 123 bis y 123 bis5 le dan al usuario de motocicleta los mismos derechos y obligaciones que los conductores de veh\u00edculos automotrices, adem\u00e1s de obligarlo a utilizar el casco protector al viajar, medidas que van enfocadas a minimizar el riesgo de sufrir alg\u00fan accidente o lesi\u00f3n.<\/p>\n<p>&nbsp;<\/p>\n<p>&nbsp;<\/p>\n<p>&nbsp;<\/p>\n<p>Durante el mes de enero de 2021 se contabilizaron 157 conductores que al ser certificados resultaron con mayor medici\u00f3n que la permitida en el art\u00edculo 81 de la Ley de Tr\u00e1nsito (conducci\u00f3n punible), y de este total solo una conductora fue presentada ante el Ministerio P\u00fablico por haberse dado a la fuga y conducido de manera negligente intentando huir de la autoridad.<\/p>\n<p>&nbsp;<\/p>\n<p>&nbsp;<\/p>\n<p>&nbsp;<\/p>\n<p>\u00c1rea Rural<\/p>\n<p>&nbsp;<\/p>\n<p>Dur\u00f3n Monta\u00f1o agreg\u00f3 que el pasado domingo se report\u00f3 una gran fila de veh\u00edculos en San Pedro el Saucito, desde el puente a desnivel hasta la carretera que conduce a San Miguel de Horcasitas, lo que provoc\u00f3 lentitud en el traslado.<\/p>\n<p>&nbsp;<\/p>\n<p>&nbsp;<\/p>\n<p>&nbsp;<\/p>\n<p>Tambi\u00e9n en Bah\u00eda de Kino se contabilizaron m\u00e1s de mil veh\u00edculos que ingresaron al balneario natural de nuestro municipio, donde se implement\u00f3 vigilancia en la carretera 100 Estatal y el filtro en el punto denominado Pulpo Loco, para evitar que conductores con aliento alcoh\u00f3lico o ebrios pudieran manejar en carretera.<\/p>\n<p>Fecha de publicaci\u00f3n 01\/feb\/2021<\/p>\n","protected":false},"excerpt":{"rendered":"<p>HERMOSILLO, SONORA,MX.\u2500\u2500 El mes de enero cerr\u00f3 119 accidentes de tr\u00e1nsito atendidos, representando esto una&#8230;<\/p>\n","protected":false},"author":1,"featured_media":71531,"comment_status":"open","ping_status":"open","sticky":false,"template":"","format":"standard","meta":{"_monsterinsights_skip_tracking":false,"_monsterinsights_sitenote_active":false,"_monsterinsights_sitenote_note":"","_monsterinsights_sitenote_category":0,"footnotes":""},"categories":[3144],"tags":[35,170],"class_list":["post"],"yoast_head":" \n<title>Sonora en Equipo. Tr\u00e1nsito presenta balance a la baja en accidentes, lesiones y occisos durante enero Polic\u00edaca<\/title>\n<meta name=\"description\" content=\"HERMOSILLO, SONORA,MX.\u2500\u2500 El mes de enero cerr\u00f3 119 accidentes de tr\u00e1nsito atendidos, representando esto una ligera disminuci\u00f3n respecto al mismo periodo En Sonora en Equipo publicamos toda la informaci\u00f3n de Sonora, M\u00e9xico y el Mundo de manera oportuna y busca que la libertad de expresi\u00f3n sea real. Visita nuestro medio informativo publicado desde Hermosillo, Sonora. %\" \/>\n<meta name=\"robots\" content=\"index, follow, max-snippet:-1, max-image-preview:large, max-video-preview:-1\" \/>\n<link rel=\"canonical\" href=\"https:\/\/www.sonoraenequipo.com.mx\/transito-presenta-balance-a-la-baja-en-accidentes-lesiones-y-occisos-durante-enero\/\" \/>\n<meta property=\"og:locale\" content=\"es_ES\" \/>\n<meta property=\"og:type\" content=\"article\" \/>\n<meta property=\"og:title\" content=\"Sonora en Equipo. Tr\u00e1nsito presenta balance a la baja en accidentes, lesiones y occisos durante enero Polic\u00edaca\" \/>\n<meta property=\"og:description\" content=\"HERMOSILLO, SONORA,MX.\u2500\u2500 El mes de enero cerr\u00f3 119 accidentes de tr\u00e1nsito atendidos, representando esto una ligera disminuci\u00f3n respecto al mismo periodo En Sonora en Equipo publicamos toda la informaci\u00f3n de Sonora, M\u00e9xico y el Mundo de manera oportuna y busca que la libertad de expresi\u00f3n sea real. Visita nuestro medio informativo publicado desde Hermosillo, Sonora. %\" \/>\n<meta property=\"og:url\" content=\"https:\/\/www.sonoraenequipo.com.mx\/transito-presenta-balance-a-la-baja-en-accidentes-lesiones-y-occisos-durante-enero\/\" \/>\n<meta property=\"og:site_name\" content=\"Sonora en Equipo.\" \/>\n<meta property=\"article:publisher\" content=\"https:\/\/www.facebook.com\/SonoraEE\/\" \/>\n<meta property=\"article:author\" content=\"https:\/\/www.facebook.com\/SonoraEE\" \/>\n<meta property=\"article:published_time\" content=\"2021-02-02T01:24:42+00:00\" \/>\n<meta property=\"og:image\" content=\"https:\/\/www.sonoraenequipo.com.mx\/storage\/2019\/11\/Jes\u00fas-Alonso-Dur\u00f3n-Monta\u00f1o_opt.jpg\" \/>\n\t<meta property=\"og:image:width\" content=\"711\" \/>\n\t<meta property=\"og:image:height\" content=\"400\" \/>\n\t<meta property=\"og:image:type\" content=\"image\/jpeg\" \/>\n<meta name=\"author\" content=\"enequipo\" \/>\n<meta name=\"twitter:card\" content=\"summary_large_image\" \/>\n<meta name=\"twitter:creator\" content=\"@sonoraenequipo\" \/>\n<meta name=\"twitter:site\" content=\"@sonoraenequipo\" \/>\n<meta name=\"twitter:label1\" content=\"Escrito por\" \/>\n\t<meta name=\"twitter:data1\" content=\"enequipo\" \/>\n\t<meta name=\"twitter:label2\" content=\"Tiempo de lectura\" \/>\n\t<meta name=\"twitter:data2\" content=\"3 minutos\" \/>\n<script type=\"application\/ld+json\" class=\"yoast-schema-graph\">{\"@context\":\"https:\/\/schema.org\",\"@graph\":[{\"@type\":\"Article\",\"@id\":\"https:\/\/www.sonoraenequipo.com.mx\/transito-presenta-balance-a-la-baja-en-accidentes-lesiones-y-occisos-durante-enero\/#article\",\"isPartOf\":{\"@id\":\"https:\/\/www.sonoraenequipo.com.mx\/transito-presenta-balance-a-la-baja-en-accidentes-lesiones-y-occisos-durante-enero\/\"},\"author\":{\"name\":\"enequipo\",\"@id\":\"https:\/\/www.sonoraenequipo.com.mx\/#\/schema\/person\/50102df0fb23a8fa9e8effad8fa81386\"},\"headline\":\"Tr\u00e1nsito presenta balance a la baja en accidentes, lesiones y occisos durante enero\",\"datePublished\":\"2021-02-02T01:24:42+00:00\",\"mainEntityOfPage\":{\"@id\":\"https:\/\/www.sonoraenequipo.com.mx\/transito-presenta-balance-a-la-baja-en-accidentes-lesiones-y-occisos-durante-enero\/\"},\"wordCount\":539,\"commentCount\":0,\"publisher\":{\"@id\":\"https:\/\/www.sonoraenequipo.com.mx\/#organization\"},\"image\":{\"@id\":\"https:\/\/www.sonoraenequipo.com.mx\/transito-presenta-balance-a-la-baja-en-accidentes-lesiones-y-occisos-durante-enero\/#primaryimage\"},\"thumbnailUrl\":\"https:\/\/www.sonoraenequipo.com.mx\/storage\/2019\/11\/Jes\u00fas-Alonso-Dur\u00f3n-Monta\u00f1o_opt.jpg\",\"keywords\":[\"hermosillo\",\"Seguridad\"],\"articleSection\":[\"Polic\u00edaca\"],\"inLanguage\":\"es\",\"potentialAction\":[{\"@type\":\"CommentAction\",\"name\":\"Comment\",\"target\":[\"https:\/\/www.sonoraenequipo.com.mx\/transito-presenta-balance-a-la-baja-en-accidentes-lesiones-y-occisos-durante-enero\/#respond\"]}]},{\"@type\":\"WebPage\",\"@id\":\"https:\/\/www.sonoraenequipo.com.mx\/transito-presenta-balance-a-la-baja-en-accidentes-lesiones-y-occisos-durante-enero\/\",\"url\":\"https:\/\/www.sonoraenequipo.com.mx\/transito-presenta-balance-a-la-baja-en-accidentes-lesiones-y-occisos-durante-enero\/\",\"name\":\"Sonora en Equipo. Tr\u00e1nsito presenta balance a la baja en accidentes, lesiones y occisos durante enero Polic\u00edaca\",\"isPartOf\":{\"@id\":\"https:\/\/www.sonoraenequipo.com.mx\/#website\"},\"primaryImageOfPage\":{\"@id\":\"https:\/\/www.sonoraenequipo.com.mx\/transito-presenta-balance-a-la-baja-en-accidentes-lesiones-y-occisos-durante-enero\/#primaryimage\"},\"image\":{\"@id\":\"https:\/\/www.sonoraenequipo.com.mx\/transito-presenta-balance-a-la-baja-en-accidentes-lesiones-y-occisos-durante-enero\/#primaryimage\"},\"thumbnailUrl\":\"https:\/\/www.sonoraenequipo.com.mx\/storage\/2019\/11\/Jes\u00fas-Alonso-Dur\u00f3n-Monta\u00f1o_opt.jpg\",\"datePublished\":\"2021-02-02T01:24:42+00:00\",\"description\":\"HERMOSILLO, SONORA,MX.\u2500\u2500 El mes de enero cerr\u00f3 119 accidentes de tr\u00e1nsito atendidos, representando esto una ligera disminuci\u00f3n respecto al mismo periodo En Sonora en Equipo publicamos toda la informaci\u00f3n de Sonora, M\u00e9xico y el Mundo de manera oportuna y busca que la libertad de expresi\u00f3n sea real. Visita nuestro medio informativo publicado desde Hermosillo, Sonora. %\",\"breadcrumb\":{\"@id\":\"https:\/\/www.sonoraenequipo.com.mx\/transito-presenta-balance-a-la-baja-en-accidentes-lesiones-y-occisos-durante-enero\/#breadcrumb\"},\"inLanguage\":\"es\",\"potentialAction\":[{\"@type\":\"ReadAction\",\"target\":[\"https:\/\/www.sonoraenequipo.com.mx\/transito-presenta-balance-a-la-baja-en-accidentes-lesiones-y-occisos-durante-enero\/\"]}]},{\"@type\":\"ImageObject\",\"inLanguage\":\"es\",\"@id\":\"https:\/\/www.sonoraenequipo.com.mx\/transito-presenta-balance-a-la-baja-en-accidentes-lesiones-y-occisos-durante-enero\/#primaryimage\",\"url\":\"https:\/\/www.sonoraenequipo.com.mx\/storage\/2019\/11\/Jes\u00fas-Alonso-Dur\u00f3n-Monta\u00f1o_opt.jpg\",\"contentUrl\":\"https:\/\/www.sonoraenequipo.com.mx\/storage\/2019\/11\/Jes\u00fas-Alonso-Dur\u00f3n-Monta\u00f1o_opt.jpg\",\"width\":711,\"height\":400},{\"@type\":\"BreadcrumbList\",\"@id\":\"https:\/\/www.sonoraenequipo.com.mx\/transito-presenta-balance-a-la-baja-en-accidentes-lesiones-y-occisos-durante-enero\/#breadcrumb\",\"itemListElement\":[{\"@type\":\"ListItem\",\"position\":1,\"name\":\"Portada\",\"item\":\"https:\/\/www.sonoraenequipo.com.mx\/\"},{\"@type\":\"ListItem\",\"position\":2,\"name\":\"Tr\u00e1nsito presenta balance a la baja en accidentes, lesiones y occisos durante enero\"}]},{\"@type\":\"WebSite\",\"@id\":\"https:\/\/www.sonoraenequipo.com.mx\/#website\",\"url\":\"https:\/\/www.sonoraenequipo.com.mx\/\",\"name\":\"Sonora en Equipo.\",\"description\":\"Diario en l\u00ednea con Noticias desde Hermosillo, Sonora\",\"publisher\":{\"@id\":\"https:\/\/www.sonoraenequipo.com.mx\/#organization\"},\"potentialAction\":[{\"@type\":\"SearchAction\",\"target\":{\"@type\":\"EntryPoint\",\"urlTemplate\":\"https:\/\/www.sonoraenequipo.com.mx\/?s={search_term_string}\"},\"query-input\":{\"@type\":\"PropertyValueSpecification\",\"valueRequired\":true,\"valueName\":\"search_term_string\"}}],\"inLanguage\":\"es\"},{\"@type\":\"Organization\",\"@id\":\"https:\/\/www.sonoraenequipo.com.mx\/#organization\",\"name\":\"Sonoraenequipo.com.mx\",\"url\":\"https:\/\/www.sonoraenequipo.com.mx\/\",\"logo\":{\"@type\":\"ImageObject\",\"inLanguage\":\"es\",\"@id\":\"https:\/\/www.sonoraenequipo.com.mx\/#\/schema\/logo\/image\/\",\"url\":\"https:\/\/www.sonoraenequipo.com.mx\/storage\/2019\/01\/sonoraenequipo_opt.png\",\"contentUrl\":\"https:\/\/www.sonoraenequipo.com.mx\/storage\/2019\/01\/sonoraenequipo_opt.png\",\"width\":375,\"height\":125,\"caption\":\"Sonoraenequipo.com.mx\"},\"image\":{\"@id\":\"https:\/\/www.sonoraenequipo.com.mx\/#\/schema\/logo\/image\/\"},\"sameAs\":[\"https:\/\/www.facebook.com\/SonoraEE\/\",\"https:\/\/x.com\/sonoraenequipo\",\"https:\/\/www.youtube.com\/channel\/UC338nW-lPEYmJQs4ZABQ1SQ\"]},{\"@type\":\"Person\",\"@id\":\"https:\/\/www.sonoraenequipo.com.mx\/#\/schema\/person\/50102df0fb23a8fa9e8effad8fa81386\",\"name\":\"enequipo\",\"image\":{\"@type\":\"ImageObject\",\"inLanguage\":\"es\",\"@id\":\"https:\/\/www.sonoraenequipo.com.mx\/#\/schema\/person\/image\/\",\"url\":\"https:\/\/secure.gravatar.com\/avatar\/049821681b589dabc0bc20695993ccebb09f5b5d4d790cd9251b97faac7c652b?s=96&d=blank&r=g\",\"contentUrl\":\"https:\/\/secure.gravatar.com\/avatar\/049821681b589dabc0bc20695993ccebb09f5b5d4d790cd9251b97faac7c652b?s=96&d=blank&r=g\",\"caption\":\"enequipo\"},\"sameAs\":[\"https:\/\/www.facebook.com\/SonoraEE\"]}]}<\/script>\n ","yoast_head_json":{"title":"Sonora en Equipo. Tr\u00e1nsito presenta balance a la baja en accidentes, lesiones y occisos durante enero Polic\u00edaca","description":"HERMOSILLO, SONORA,MX.\u2500\u2500 El mes de enero cerr\u00f3 119 accidentes de tr\u00e1nsito atendidos, representando esto una ligera disminuci\u00f3n respecto al mismo periodo En Sonora en Equipo publicamos toda la informaci\u00f3n de Sonora, M\u00e9xico y el Mundo de manera oportuna y busca que la libertad de expresi\u00f3n sea real. Visita nuestro medio informativo publicado desde Hermosillo, Sonora. %","robots":{"index":"index","follow":"follow","max-snippet":"max-snippet:-1","max-image-preview":"max-image-preview:large","max-video-preview":"max-video-preview:-1"},"canonical":"https:\/\/www.sonoraenequipo.com.mx\/transito-presenta-balance-a-la-baja-en-accidentes-lesiones-y-occisos-durante-enero\/","og_locale":"es_ES","og_type":"article","og_title":"Sonora en Equipo. Tr\u00e1nsito presenta balance a la baja en accidentes, lesiones y occisos durante enero Polic\u00edaca","og_description":"HERMOSILLO, SONORA,MX.\u2500\u2500 El mes de enero cerr\u00f3 119 accidentes de tr\u00e1nsito atendidos, representando esto una ligera disminuci\u00f3n respecto al mismo periodo En Sonora en Equipo publicamos toda la informaci\u00f3n de Sonora, M\u00e9xico y el Mundo de manera oportuna y busca que la libertad de expresi\u00f3n sea real. Visita nuestro medio informativo publicado desde Hermosillo, Sonora. %","og_url":"https:\/\/www.sonoraenequipo.com.mx\/transito-presenta-balance-a-la-baja-en-accidentes-lesiones-y-occisos-durante-enero\/","og_site_name":"Sonora en Equipo.","article_publisher":"https:\/\/www.facebook.com\/SonoraEE\/","article_author":"https:\/\/www.facebook.com\/SonoraEE","article_published_time":"2021-02-02T01:24:42+00:00","og_image":[{"width":711,"height":400,"url":"https:\/\/www.sonoraenequipo.com.mx\/storage\/2019\/11\/Jes\u00fas-Alonso-Dur\u00f3n-Monta\u00f1o_opt.jpg","type":"image\/jpeg"}],"author":"enequipo","twitter_card":"summary_large_image","twitter_creator":"@sonoraenequipo","twitter_site":"@sonoraenequipo","twitter_misc":{"Escrito por":"enequipo","Tiempo de lectura":"3 minutos"},"schema":{"@context":"https:\/\/schema.org","@graph":[{"@type":"Article","@id":"https:\/\/www.sonoraenequipo.com.mx\/transito-presenta-balance-a-la-baja-en-accidentes-lesiones-y-occisos-durante-enero\/#article","isPartOf":{"@id":"https:\/\/www.sonoraenequipo.com.mx\/transito-presenta-balance-a-la-baja-en-accidentes-lesiones-y-occisos-durante-enero\/"},"author":{"name":"enequipo","@id":"https:\/\/www.sonoraenequipo.com.mx\/#\/schema\/person\/50102df0fb23a8fa9e8effad8fa81386"},"headline":"Tr\u00e1nsito presenta balance a la baja en accidentes, lesiones y occisos durante enero","datePublished":"2021-02-02T01:24:42+00:00","mainEntityOfPage":{"@id":"https:\/\/www.sonoraenequipo.com.mx\/transito-presenta-balance-a-la-baja-en-accidentes-lesiones-y-occisos-durante-enero\/"},"wordCount":539,"commentCount":0,"publisher":{"@id":"https:\/\/www.sonoraenequipo.com.mx\/#organization"},"image":{"@id":"https:\/\/www.sonoraenequipo.com.mx\/transito-presenta-balance-a-la-baja-en-accidentes-lesiones-y-occisos-durante-enero\/#primaryimage"},"thumbnailUrl":"https:\/\/www.sonoraenequipo.com.mx\/storage\/2019\/11\/Jes\u00fas-Alonso-Dur\u00f3n-Monta\u00f1o_opt.jpg","keywords":["hermosillo","Seguridad"],"articleSection":["Polic\u00edaca"],"inLanguage":"es","potentialAction":[{"@type":"CommentAction","name":"Comment","target":["https:\/\/www.sonoraenequipo.com.mx\/transito-presenta-balance-a-la-baja-en-accidentes-lesiones-y-occisos-durante-enero\/#respond"]}]},{"@type":"WebPage","@id":"https:\/\/www.sonoraenequipo.com.mx\/transito-presenta-balance-a-la-baja-en-accidentes-lesiones-y-occisos-durante-enero\/","url":"https:\/\/www.sonoraenequipo.com.mx\/transito-presenta-balance-a-la-baja-en-accidentes-lesiones-y-occisos-durante-enero\/","name":"Sonora en Equipo. Tr\u00e1nsito presenta balance a la baja en accidentes, lesiones y occisos durante enero Polic\u00edaca","isPartOf":{"@id":"https:\/\/www.sonoraenequipo.com.mx\/#website"},"primaryImageOfPage":{"@id":"https:\/\/www.sonoraenequipo.com.mx\/transito-presenta-balance-a-la-baja-en-accidentes-lesiones-y-occisos-durante-enero\/#primaryimage"},"image":{"@id":"https:\/\/www.sonoraenequipo.com.mx\/transito-presenta-balance-a-la-baja-en-accidentes-lesiones-y-occisos-durante-enero\/#primaryimage"},"thumbnailUrl":"https:\/\/www.sonoraenequipo.com.mx\/storage\/2019\/11\/Jes\u00fas-Alonso-Dur\u00f3n-Monta\u00f1o_opt.jpg","datePublished":"2021-02-02T01:24:42+00:00","description":"HERMOSILLO, SONORA,MX.\u2500\u2500 El mes de enero cerr\u00f3 119 accidentes de tr\u00e1nsito atendidos, representando esto una ligera disminuci\u00f3n respecto al mismo periodo En Sonora en Equipo publicamos toda la informaci\u00f3n de Sonora, M\u00e9xico y el Mundo de manera oportuna y busca que la libertad de expresi\u00f3n sea real. Visita nuestro medio informativo publicado desde Hermosillo, Sonora. %","breadcrumb":{"@id":"https:\/\/www.sonoraenequipo.com.mx\/transito-presenta-balance-a-la-baja-en-accidentes-lesiones-y-occisos-durante-enero\/#breadcrumb"},"inLanguage":"es","potentialAction":[{"@type":"ReadAction","target":["https:\/\/www.sonoraenequipo.com.mx\/transito-presenta-balance-a-la-baja-en-accidentes-lesiones-y-occisos-durante-enero\/"]}]},{"@type":"ImageObject","inLanguage":"es","@id":"https:\/\/www.sonoraenequipo.com.mx\/transito-presenta-balance-a-la-baja-en-accidentes-lesiones-y-occisos-durante-enero\/#primaryimage","url":"https:\/\/www.sonoraenequipo.com.mx\/storage\/2019\/11\/Jes\u00fas-Alonso-Dur\u00f3n-Monta\u00f1o_opt.jpg","contentUrl":"https:\/\/www.sonoraenequipo.com.mx\/storage\/2019\/11\/Jes\u00fas-Alonso-Dur\u00f3n-Monta\u00f1o_opt.jpg","width":711,"height":400},{"@type":"BreadcrumbList","@id":"https:\/\/www.sonoraenequipo.com.mx\/transito-presenta-balance-a-la-baja-en-accidentes-lesiones-y-occisos-durante-enero\/#breadcrumb","itemListElement":[{"@type":"ListItem","position":1,"name":"Portada","item":"https:\/\/www.sonoraenequipo.com.mx\/"},{"@type":"ListItem","position":2,"name":"Tr\u00e1nsito presenta balance a la baja en accidentes, lesiones y occisos durante enero"}]},{"@type":"WebSite","@id":"https:\/\/www.sonoraenequipo.com.mx\/#website","url":"https:\/\/www.sonoraenequipo.com.mx\/","name":"Sonora en Equipo.","description":"Diario en l\u00ednea con Noticias desde Hermosillo, Sonora","publisher":{"@id":"https:\/\/www.sonoraenequipo.com.mx\/#organization"},"potentialAction":[{"@type":"SearchAction","target":{"@type":"EntryPoint","urlTemplate":"https:\/\/www.sonoraenequipo.com.mx\/?s={search_term_string}"},"query-input":{"@type":"PropertyValueSpecification","valueRequired":true,"valueName":"search_term_string"}}],"inLanguage":"es"},{"@type":"Organization","@id":"https:\/\/www.sonoraenequipo.com.mx\/#organization","name":"Sonoraenequipo.com.mx","url":"https:\/\/www.sonoraenequipo.com.mx\/","logo":{"@type":"ImageObject","inLanguage":"es","@id":"https:\/\/www.sonoraenequipo.com.mx\/#\/schema\/logo\/image\/","url":"https:\/\/www.sonoraenequipo.com.mx\/storage\/2019\/01\/sonoraenequipo_opt.png","contentUrl":"https:\/\/www.sonoraenequipo.com.mx\/storage\/2019\/01\/sonoraenequipo_opt.png","width":375,"height":125,"caption":"Sonoraenequipo.com.mx"},"image":{"@id":"https:\/\/www.sonoraenequipo.com.mx\/#\/schema\/logo\/image\/"},"sameAs":["https:\/\/www.facebook.com\/SonoraEE\/","https:\/\/x.com\/sonoraenequipo","https:\/\/www.youtube.com\/channel\/UC338nW-lPEYmJQs4ZABQ1SQ"]},{"@type":"Person","@id":"https:\/\/www.sonoraenequipo.com.mx\/#\/schema\/person\/50102df0fb23a8fa9e8effad8fa81386","name":"enequipo","image":{"@type":"ImageObject","inLanguage":"es","@id":"https:\/\/www.sonoraenequipo.com.mx\/#\/schema\/person\/image\/","url":"https:\/\/secure.gravatar.com\/avatar\/049821681b589dabc0bc20695993ccebb09f5b5d4d790cd9251b97faac7c652b?s=96&d=blank&r=g","contentUrl":"https:\/\/secure.gravatar.com\/avatar\/049821681b589dabc0bc20695993ccebb09f5b5d4d790cd9251b97faac7c652b?s=96&d=blank&r=g","caption":"enequipo"},"sameAs":["https:\/\/www.facebook.com\/SonoraEE"]}]}},"jetpack_featured_media_url":"https:\/\/www.sonoraenequipo.com.mx\/storage\/2019\/11\/Jes\u00fas-Alonso-Dur\u00f3n-Monta\u00f1o_opt.jpg","_links":{"self":[{"href":"https:\/\/www.sonoraenequipo.com.mx\/api\/wp\/v2\/posts\/106004","targetHints":{"allow":["GET"]}}],"collection":[{"href":"https:\/\/www.sonoraenequipo.com.mx\/api\/wp\/v2\/posts"}],"about":[{"href":"https:\/\/www.sonoraenequipo.com.mx\/api\/wp\/v2\/types\/post"}],"author":[{"embeddable":true,"href":"https:\/\/www.sonoraenequipo.com.mx\/api\/wp\/v2\/users\/1"}],"replies":[{"embeddable":true,"href":"https:\/\/www.sonoraenequipo.com.mx\/api\/wp\/v2\/comments?post=106004"}],"version-history":[{"count":1,"href":"https:\/\/www.sonoraenequipo.com.mx\/api\/wp\/v2\/posts\/106004\/revisions"}],"predecessor-version":[{"id":106005,"href":"https:\/\/www.sonoraenequipo.com.mx\/api\/wp\/v2\/posts\/106004\/revisions\/106005"}],"wp:featuredmedia":[{"embeddable":true,"href":"https:\/\/www.sonoraenequipo.com.mx\/api\/wp\/v2\/media\/71531"}],"wp:attachment":[{"href":"https:\/\/www.sonoraenequipo.com.mx\/api\/wp\/v2\/media?parent=106004"}],"wp:term":[{"taxonomy":"category","embeddable":true,"href":"https:\/\/www.sonoraenequipo.com.mx\/api\/wp\/v2\/categories?post=106004"},{"taxonomy":"post_tag","embeddable":true,"href":"https:\/\/www.sonoraenequipo.com.mx\/api\/wp\/v2\/tags?post=106004"}],"curies":[{"name":"wp","href":"https:\/\/api.w.org\/{rel}","templated":true}]}}