{"id":106018,"date":"2021-02-01T23:15:23","date_gmt":"2021-02-02T06:15:23","guid":{"rendered":"https:\/\/www.sonoraenequipo.com.mx\/?p=106018"},"modified":"2021-02-01T21:37:26","modified_gmt":"2021-02-02T04:37:26","slug":"las-restricciones-de-vuelos-por-covid-19-no-afectan-imagen-de-mexico","status":"publish","type":"post","link":"https:\/\/www.sonoraenequipo.com.mx\/las-restricciones-de-vuelos-por-covid-19-no-afectan-imagen-de-mexico\/","title":{"rendered":"Las restricciones de vuelos por COVID-19 no afectan imagen de M\u00e9xico"},"content":{"rendered":"<p>CIUDAD DE M\u00c9XICO. MX. \u2014 La restricci\u00f3n de vuelos hasta el 30 de abril fue una determinaci\u00f3n de Canad\u00e1 con otros pa\u00edses, no solamente con M\u00e9xico. Ahorita cada pa\u00eds est\u00e1 marcando sus pol\u00edticas para ir solventando su problem\u00e1tica, destac\u00f3 Miguel Torruco Marqu\u00e9s, secretario de Turismo, en As\u00ed el Weso.<\/p>\n<p>&nbsp;<\/p>\n<p> <\/p>\n<p>&nbsp;<\/p>\n<p>&nbsp;<\/p>\n<p>La restricci\u00f3n de vuelos hasta el 30 de abril fue una determinaci\u00f3n de Canad\u00e1 con otros pa\u00edses, no solamente con M\u00e9xico. Ahorita cada pa\u00eds est\u00e1 marcando sus pol\u00edticas para ir solventando su problem\u00e1tica, destac\u00f3 Miguel Torruco Marqu\u00e9s, secretario de Turismo, en As\u00ed el Weso.<\/p>\n<p><a class=\"twitter-timeline\" data-width=\"640\" data-height=\"960\" data-dnt=\"true\" href=\"https:\/\/twitter.com\/EnriqueEnVivo?ref_src=twsrc%5Etfw\">Tweets by EnriqueEnVivo<\/a><script async src=\"https:\/\/platform.twitter.com\/widgets.js\" charset=\"utf-8\"><\/script><\/p>\n<p>&nbsp;<\/p>\n<p>En entrevista con Enrique Hern\u00e1ndez Alc\u00e1zar, a\u00f1adi\u00f3 que tambi\u00e9n sum\u00f3 la exigencia de una cuarentena de 72 horas a los mexicanos que vayan para all\u00e1 o a los mismos canadienses, haci\u00e9ndose una prueba PCR, con un costo adicional de 2000 d\u00f3lares por el hotel de confinamiento. Concluimos que en 2021 podr\u00edamos perder 782 millones de d\u00f3lares por la restricci\u00f3n de Canad\u00e1 a M\u00e9xico y ellos perder\u00edan 368 millones de d\u00f3lares por la ausencia de turistas mexicanos.<\/p>\n<p>&nbsp;<\/p>\n<p>Torruco se\u00f1al\u00f3 que por ello se hizo un llamado respetuoso para evitar la cuarentena y simplemente todo &#8216;caiga&#8217; con el examen que se requiere para poder ingresar al pa\u00eds del norte.<\/p>\n<p>&nbsp;<\/p>\n<p>Sobre el oficio que Sectur dirigi\u00f3 a la Secretar\u00eda de Econom\u00eda para pedir que se considere al turismo sector esencial, destac\u00f3 que M\u00e9xico ocupa el 7\u00b0 lugar en infraestructura, construye 22 mil habitaciones por a\u00f1o sin exceptuar la pandemia y sigue la construcci\u00f3n de proyectos en Nayarit, Ciudad de M\u00e9xico y Canc\u00fan,<em> \u00abas\u00ed que deseamos que pase pronto esta pesadilla para retomar el rumbo\u00bb<\/em>, dijo.<\/p>\n<p>&nbsp;<\/p>\n<p>Finalmente, el secretario de Turismo, Miguel Torruco, asegur\u00f3 que desde la II Guerra Mundial este es el momento m\u00e1s dif\u00edcil que recuerda perdo, dijo, tambi\u00e9n es momento de revalorar lo que se tiene y reactivar una nueva pol\u00edtica tur\u00edstica adaptada a los nuevos criterios biosanitarios pero, sobre todo, al nuevo perfil del turista. <em>\u00abEsta pandemia marca un antes y un despu\u00e9s para la humanidad\u00bb<\/em>, remat\u00f3.<\/p>\n<p>&nbsp;<\/p>\n<p>(Publicada el 01\/02\/2021)<\/p>\n","protected":false},"excerpt":{"rendered":"<p>CIUDAD DE M\u00c9XICO. MX. \u2014 La restricci\u00f3n de vuelos hasta el 30 de abril fue&#8230;<\/p>\n","protected":false},"author":1,"featured_media":106021,"comment_status":"open","ping_status":"open","sticky":false,"template":"","format":"standard","meta":{"_monsterinsights_skip_tracking":false,"_monsterinsights_sitenote_active":false,"_monsterinsights_sitenote_note":"","_monsterinsights_sitenote_category":0,"footnotes":""},"categories":[5],"tags":[],"class_list":["post"],"yoast_head":" \n<title>Sonora en Equipo. Las restricciones de vuelos por COVID-19 no afectan imagen de M\u00e9xico Rep\u00fablica<\/title>\n<meta name=\"description\" content=\"CIUDAD DE M\u00c9XICO. MX. \u2014 La restricci\u00f3n de vuelos hasta el 30 de abril fue una determinaci\u00f3n de Canad\u00e1 con otros pa\u00edses, no solamente con M\u00e9xico. Ahorita En Sonora en Equipo publicamos toda la informaci\u00f3n de Sonora, M\u00e9xico y el Mundo de manera oportuna y busca que la libertad de expresi\u00f3n sea real. Visita nuestro medio informativo publicado desde Hermosillo, Sonora. %\" \/>\n<meta name=\"robots\" content=\"index, follow, max-snippet:-1, max-image-preview:large, max-video-preview:-1\" \/>\n<link rel=\"canonical\" href=\"https:\/\/www.sonoraenequipo.com.mx\/las-restricciones-de-vuelos-por-covid-19-no-afectan-imagen-de-mexico\/\" \/>\n<meta property=\"og:locale\" content=\"es_ES\" \/>\n<meta property=\"og:type\" content=\"article\" \/>\n<meta property=\"og:title\" content=\"Sonora en Equipo. Las restricciones de vuelos por COVID-19 no afectan imagen de M\u00e9xico Rep\u00fablica\" \/>\n<meta property=\"og:description\" content=\"CIUDAD DE M\u00c9XICO. MX. \u2014 La restricci\u00f3n de vuelos hasta el 30 de abril fue una determinaci\u00f3n de Canad\u00e1 con otros pa\u00edses, no solamente con M\u00e9xico. Ahorita En Sonora en Equipo publicamos toda la informaci\u00f3n de Sonora, M\u00e9xico y el Mundo de manera oportuna y busca que la libertad de expresi\u00f3n sea real. Visita nuestro medio informativo publicado desde Hermosillo, Sonora. %\" \/>\n<meta property=\"og:url\" content=\"https:\/\/www.sonoraenequipo.com.mx\/las-restricciones-de-vuelos-por-covid-19-no-afectan-imagen-de-mexico\/\" \/>\n<meta property=\"og:site_name\" content=\"Sonora en Equipo.\" \/>\n<meta property=\"article:publisher\" content=\"https:\/\/www.facebook.com\/SonoraEE\/\" \/>\n<meta property=\"article:author\" content=\"https:\/\/www.facebook.com\/SonoraEE\" \/>\n<meta property=\"article:published_time\" content=\"2021-02-02T06:15:23+00:00\" \/>\n<meta property=\"og:image\" content=\"https:\/\/www.sonoraenequipo.com.mx\/storage\/2021\/02\/Vuelos_opt.jpg\" \/>\n\t<meta property=\"og:image:width\" content=\"711\" \/>\n\t<meta property=\"og:image:height\" content=\"400\" \/>\n\t<meta property=\"og:image:type\" content=\"image\/jpeg\" \/>\n<meta name=\"author\" content=\"enequipo\" \/>\n<meta name=\"twitter:card\" content=\"summary_large_image\" \/>\n<meta name=\"twitter:creator\" content=\"@sonoraenequipo\" \/>\n<meta name=\"twitter:site\" content=\"@sonoraenequipo\" \/>\n<meta name=\"twitter:label1\" content=\"Escrito por\" \/>\n\t<meta name=\"twitter:data1\" content=\"enequipo\" \/>\n\t<meta name=\"twitter:label2\" content=\"Tiempo de lectura\" \/>\n\t<meta name=\"twitter:data2\" content=\"2 minutos\" \/>\n<script type=\"application\/ld+json\" class=\"yoast-schema-graph\">{\"@context\":\"https:\/\/schema.org\",\"@graph\":[{\"@type\":\"Article\",\"@id\":\"https:\/\/www.sonoraenequipo.com.mx\/las-restricciones-de-vuelos-por-covid-19-no-afectan-imagen-de-mexico\/#article\",\"isPartOf\":{\"@id\":\"https:\/\/www.sonoraenequipo.com.mx\/las-restricciones-de-vuelos-por-covid-19-no-afectan-imagen-de-mexico\/\"},\"author\":{\"name\":\"enequipo\",\"@id\":\"https:\/\/www.sonoraenequipo.com.mx\/#\/schema\/person\/50102df0fb23a8fa9e8effad8fa81386\"},\"headline\":\"Las restricciones de vuelos por COVID-19 no afectan imagen de M\u00e9xico\",\"datePublished\":\"2021-02-02T06:15:23+00:00\",\"mainEntityOfPage\":{\"@id\":\"https:\/\/www.sonoraenequipo.com.mx\/las-restricciones-de-vuelos-por-covid-19-no-afectan-imagen-de-mexico\/\"},\"wordCount\":390,\"commentCount\":0,\"publisher\":{\"@id\":\"https:\/\/www.sonoraenequipo.com.mx\/#organization\"},\"image\":{\"@id\":\"https:\/\/www.sonoraenequipo.com.mx\/las-restricciones-de-vuelos-por-covid-19-no-afectan-imagen-de-mexico\/#primaryimage\"},\"thumbnailUrl\":\"https:\/\/www.sonoraenequipo.com.mx\/storage\/2021\/02\/Vuelos_opt.jpg\",\"articleSection\":[\"Rep\u00fablica\"],\"inLanguage\":\"es\",\"potentialAction\":[{\"@type\":\"CommentAction\",\"name\":\"Comment\",\"target\":[\"https:\/\/www.sonoraenequipo.com.mx\/las-restricciones-de-vuelos-por-covid-19-no-afectan-imagen-de-mexico\/#respond\"]}]},{\"@type\":\"WebPage\",\"@id\":\"https:\/\/www.sonoraenequipo.com.mx\/las-restricciones-de-vuelos-por-covid-19-no-afectan-imagen-de-mexico\/\",\"url\":\"https:\/\/www.sonoraenequipo.com.mx\/las-restricciones-de-vuelos-por-covid-19-no-afectan-imagen-de-mexico\/\",\"name\":\"Sonora en Equipo. Las restricciones de vuelos por COVID-19 no afectan imagen de M\u00e9xico Rep\u00fablica\",\"isPartOf\":{\"@id\":\"https:\/\/www.sonoraenequipo.com.mx\/#website\"},\"primaryImageOfPage\":{\"@id\":\"https:\/\/www.sonoraenequipo.com.mx\/las-restricciones-de-vuelos-por-covid-19-no-afectan-imagen-de-mexico\/#primaryimage\"},\"image\":{\"@id\":\"https:\/\/www.sonoraenequipo.com.mx\/las-restricciones-de-vuelos-por-covid-19-no-afectan-imagen-de-mexico\/#primaryimage\"},\"thumbnailUrl\":\"https:\/\/www.sonoraenequipo.com.mx\/storage\/2021\/02\/Vuelos_opt.jpg\",\"datePublished\":\"2021-02-02T06:15:23+00:00\",\"description\":\"CIUDAD DE M\u00c9XICO. MX. \u2014 La restricci\u00f3n de vuelos hasta el 30 de abril fue una determinaci\u00f3n de Canad\u00e1 con otros pa\u00edses, no solamente con M\u00e9xico. Ahorita En Sonora en Equipo publicamos toda la informaci\u00f3n de Sonora, M\u00e9xico y el Mundo de manera oportuna y busca que la libertad de expresi\u00f3n sea real. Visita nuestro medio informativo publicado desde Hermosillo, Sonora. %\",\"breadcrumb\":{\"@id\":\"https:\/\/www.sonoraenequipo.com.mx\/las-restricciones-de-vuelos-por-covid-19-no-afectan-imagen-de-mexico\/#breadcrumb\"},\"inLanguage\":\"es\",\"potentialAction\":[{\"@type\":\"ReadAction\",\"target\":[\"https:\/\/www.sonoraenequipo.com.mx\/las-restricciones-de-vuelos-por-covid-19-no-afectan-imagen-de-mexico\/\"]}]},{\"@type\":\"ImageObject\",\"inLanguage\":\"es\",\"@id\":\"https:\/\/www.sonoraenequipo.com.mx\/las-restricciones-de-vuelos-por-covid-19-no-afectan-imagen-de-mexico\/#primaryimage\",\"url\":\"https:\/\/www.sonoraenequipo.com.mx\/storage\/2021\/02\/Vuelos_opt.jpg\",\"contentUrl\":\"https:\/\/www.sonoraenequipo.com.mx\/storage\/2021\/02\/Vuelos_opt.jpg\",\"width\":711,\"height\":400},{\"@type\":\"BreadcrumbList\",\"@id\":\"https:\/\/www.sonoraenequipo.com.mx\/las-restricciones-de-vuelos-por-covid-19-no-afectan-imagen-de-mexico\/#breadcrumb\",\"itemListElement\":[{\"@type\":\"ListItem\",\"position\":1,\"name\":\"Portada\",\"item\":\"https:\/\/www.sonoraenequipo.com.mx\/\"},{\"@type\":\"ListItem\",\"position\":2,\"name\":\"Las restricciones de vuelos por COVID-19 no afectan imagen de M\u00e9xico\"}]},{\"@type\":\"WebSite\",\"@id\":\"https:\/\/www.sonoraenequipo.com.mx\/#website\",\"url\":\"https:\/\/www.sonoraenequipo.com.mx\/\",\"name\":\"Sonora en Equipo.\",\"description\":\"Diario en l\u00ednea con Noticias desde Hermosillo, Sonora\",\"publisher\":{\"@id\":\"https:\/\/www.sonoraenequipo.com.mx\/#organization\"},\"potentialAction\":[{\"@type\":\"SearchAction\",\"target\":{\"@type\":\"EntryPoint\",\"urlTemplate\":\"https:\/\/www.sonoraenequipo.com.mx\/?s={search_term_string}\"},\"query-input\":{\"@type\":\"PropertyValueSpecification\",\"valueRequired\":true,\"valueName\":\"search_term_string\"}}],\"inLanguage\":\"es\"},{\"@type\":\"Organization\",\"@id\":\"https:\/\/www.sonoraenequipo.com.mx\/#organization\",\"name\":\"Sonoraenequipo.com.mx\",\"url\":\"https:\/\/www.sonoraenequipo.com.mx\/\",\"logo\":{\"@type\":\"ImageObject\",\"inLanguage\":\"es\",\"@id\":\"https:\/\/www.sonoraenequipo.com.mx\/#\/schema\/logo\/image\/\",\"url\":\"https:\/\/www.sonoraenequipo.com.mx\/storage\/2019\/01\/sonoraenequipo_opt.png\",\"contentUrl\":\"https:\/\/www.sonoraenequipo.com.mx\/storage\/2019\/01\/sonoraenequipo_opt.png\",\"width\":375,\"height\":125,\"caption\":\"Sonoraenequipo.com.mx\"},\"image\":{\"@id\":\"https:\/\/www.sonoraenequipo.com.mx\/#\/schema\/logo\/image\/\"},\"sameAs\":[\"https:\/\/www.facebook.com\/SonoraEE\/\",\"https:\/\/x.com\/sonoraenequipo\",\"https:\/\/www.youtube.com\/channel\/UC338nW-lPEYmJQs4ZABQ1SQ\"]},{\"@type\":\"Person\",\"@id\":\"https:\/\/www.sonoraenequipo.com.mx\/#\/schema\/person\/50102df0fb23a8fa9e8effad8fa81386\",\"name\":\"enequipo\",\"image\":{\"@type\":\"ImageObject\",\"inLanguage\":\"es\",\"@id\":\"https:\/\/www.sonoraenequipo.com.mx\/#\/schema\/person\/image\/\",\"url\":\"https:\/\/secure.gravatar.com\/avatar\/049821681b589dabc0bc20695993ccebb09f5b5d4d790cd9251b97faac7c652b?s=96&d=blank&r=g\",\"contentUrl\":\"https:\/\/secure.gravatar.com\/avatar\/049821681b589dabc0bc20695993ccebb09f5b5d4d790cd9251b97faac7c652b?s=96&d=blank&r=g\",\"caption\":\"enequipo\"},\"sameAs\":[\"https:\/\/www.facebook.com\/SonoraEE\"]}]}<\/script>\n ","yoast_head_json":{"title":"Sonora en Equipo. Las restricciones de vuelos por COVID-19 no afectan imagen de M\u00e9xico Rep\u00fablica","description":"CIUDAD DE M\u00c9XICO. MX. \u2014 La restricci\u00f3n de vuelos hasta el 30 de abril fue una determinaci\u00f3n de Canad\u00e1 con otros pa\u00edses, no solamente con M\u00e9xico. Ahorita En Sonora en Equipo publicamos toda la informaci\u00f3n de Sonora, M\u00e9xico y el Mundo de manera oportuna y busca que la libertad de expresi\u00f3n sea real. Visita nuestro medio informativo publicado desde Hermosillo, Sonora. %","robots":{"index":"index","follow":"follow","max-snippet":"max-snippet:-1","max-image-preview":"max-image-preview:large","max-video-preview":"max-video-preview:-1"},"canonical":"https:\/\/www.sonoraenequipo.com.mx\/las-restricciones-de-vuelos-por-covid-19-no-afectan-imagen-de-mexico\/","og_locale":"es_ES","og_type":"article","og_title":"Sonora en Equipo. Las restricciones de vuelos por COVID-19 no afectan imagen de M\u00e9xico Rep\u00fablica","og_description":"CIUDAD DE M\u00c9XICO. MX. \u2014 La restricci\u00f3n de vuelos hasta el 30 de abril fue una determinaci\u00f3n de Canad\u00e1 con otros pa\u00edses, no solamente con M\u00e9xico. Ahorita En Sonora en Equipo publicamos toda la informaci\u00f3n de Sonora, M\u00e9xico y el Mundo de manera oportuna y busca que la libertad de expresi\u00f3n sea real. Visita nuestro medio informativo publicado desde Hermosillo, Sonora. %","og_url":"https:\/\/www.sonoraenequipo.com.mx\/las-restricciones-de-vuelos-por-covid-19-no-afectan-imagen-de-mexico\/","og_site_name":"Sonora en Equipo.","article_publisher":"https:\/\/www.facebook.com\/SonoraEE\/","article_author":"https:\/\/www.facebook.com\/SonoraEE","article_published_time":"2021-02-02T06:15:23+00:00","og_image":[{"width":711,"height":400,"url":"https:\/\/www.sonoraenequipo.com.mx\/storage\/2021\/02\/Vuelos_opt.jpg","type":"image\/jpeg"}],"author":"enequipo","twitter_card":"summary_large_image","twitter_creator":"@sonoraenequipo","twitter_site":"@sonoraenequipo","twitter_misc":{"Escrito por":"enequipo","Tiempo de lectura":"2 minutos"},"schema":{"@context":"https:\/\/schema.org","@graph":[{"@type":"Article","@id":"https:\/\/www.sonoraenequipo.com.mx\/las-restricciones-de-vuelos-por-covid-19-no-afectan-imagen-de-mexico\/#article","isPartOf":{"@id":"https:\/\/www.sonoraenequipo.com.mx\/las-restricciones-de-vuelos-por-covid-19-no-afectan-imagen-de-mexico\/"},"author":{"name":"enequipo","@id":"https:\/\/www.sonoraenequipo.com.mx\/#\/schema\/person\/50102df0fb23a8fa9e8effad8fa81386"},"headline":"Las restricciones de vuelos por COVID-19 no afectan imagen de M\u00e9xico","datePublished":"2021-02-02T06:15:23+00:00","mainEntityOfPage":{"@id":"https:\/\/www.sonoraenequipo.com.mx\/las-restricciones-de-vuelos-por-covid-19-no-afectan-imagen-de-mexico\/"},"wordCount":390,"commentCount":0,"publisher":{"@id":"https:\/\/www.sonoraenequipo.com.mx\/#organization"},"image":{"@id":"https:\/\/www.sonoraenequipo.com.mx\/las-restricciones-de-vuelos-por-covid-19-no-afectan-imagen-de-mexico\/#primaryimage"},"thumbnailUrl":"https:\/\/www.sonoraenequipo.com.mx\/storage\/2021\/02\/Vuelos_opt.jpg","articleSection":["Rep\u00fablica"],"inLanguage":"es","potentialAction":[{"@type":"CommentAction","name":"Comment","target":["https:\/\/www.sonoraenequipo.com.mx\/las-restricciones-de-vuelos-por-covid-19-no-afectan-imagen-de-mexico\/#respond"]}]},{"@type":"WebPage","@id":"https:\/\/www.sonoraenequipo.com.mx\/las-restricciones-de-vuelos-por-covid-19-no-afectan-imagen-de-mexico\/","url":"https:\/\/www.sonoraenequipo.com.mx\/las-restricciones-de-vuelos-por-covid-19-no-afectan-imagen-de-mexico\/","name":"Sonora en Equipo. Las restricciones de vuelos por COVID-19 no afectan imagen de M\u00e9xico Rep\u00fablica","isPartOf":{"@id":"https:\/\/www.sonoraenequipo.com.mx\/#website"},"primaryImageOfPage":{"@id":"https:\/\/www.sonoraenequipo.com.mx\/las-restricciones-de-vuelos-por-covid-19-no-afectan-imagen-de-mexico\/#primaryimage"},"image":{"@id":"https:\/\/www.sonoraenequipo.com.mx\/las-restricciones-de-vuelos-por-covid-19-no-afectan-imagen-de-mexico\/#primaryimage"},"thumbnailUrl":"https:\/\/www.sonoraenequipo.com.mx\/storage\/2021\/02\/Vuelos_opt.jpg","datePublished":"2021-02-02T06:15:23+00:00","description":"CIUDAD DE M\u00c9XICO. MX. \u2014 La restricci\u00f3n de vuelos hasta el 30 de abril fue una determinaci\u00f3n de Canad\u00e1 con otros pa\u00edses, no solamente con M\u00e9xico. Ahorita En Sonora en Equipo publicamos toda la informaci\u00f3n de Sonora, M\u00e9xico y el Mundo de manera oportuna y busca que la libertad de expresi\u00f3n sea real. Visita nuestro medio informativo publicado desde Hermosillo, Sonora. %","breadcrumb":{"@id":"https:\/\/www.sonoraenequipo.com.mx\/las-restricciones-de-vuelos-por-covid-19-no-afectan-imagen-de-mexico\/#breadcrumb"},"inLanguage":"es","potentialAction":[{"@type":"ReadAction","target":["https:\/\/www.sonoraenequipo.com.mx\/las-restricciones-de-vuelos-por-covid-19-no-afectan-imagen-de-mexico\/"]}]},{"@type":"ImageObject","inLanguage":"es","@id":"https:\/\/www.sonoraenequipo.com.mx\/las-restricciones-de-vuelos-por-covid-19-no-afectan-imagen-de-mexico\/#primaryimage","url":"https:\/\/www.sonoraenequipo.com.mx\/storage\/2021\/02\/Vuelos_opt.jpg","contentUrl":"https:\/\/www.sonoraenequipo.com.mx\/storage\/2021\/02\/Vuelos_opt.jpg","width":711,"height":400},{"@type":"BreadcrumbList","@id":"https:\/\/www.sonoraenequipo.com.mx\/las-restricciones-de-vuelos-por-covid-19-no-afectan-imagen-de-mexico\/#breadcrumb","itemListElement":[{"@type":"ListItem","position":1,"name":"Portada","item":"https:\/\/www.sonoraenequipo.com.mx\/"},{"@type":"ListItem","position":2,"name":"Las restricciones de vuelos por COVID-19 no afectan imagen de M\u00e9xico"}]},{"@type":"WebSite","@id":"https:\/\/www.sonoraenequipo.com.mx\/#website","url":"https:\/\/www.sonoraenequipo.com.mx\/","name":"Sonora en Equipo.","description":"Diario en l\u00ednea con Noticias desde Hermosillo, Sonora","publisher":{"@id":"https:\/\/www.sonoraenequipo.com.mx\/#organization"},"potentialAction":[{"@type":"SearchAction","target":{"@type":"EntryPoint","urlTemplate":"https:\/\/www.sonoraenequipo.com.mx\/?s={search_term_string}"},"query-input":{"@type":"PropertyValueSpecification","valueRequired":true,"valueName":"search_term_string"}}],"inLanguage":"es"},{"@type":"Organization","@id":"https:\/\/www.sonoraenequipo.com.mx\/#organization","name":"Sonoraenequipo.com.mx","url":"https:\/\/www.sonoraenequipo.com.mx\/","logo":{"@type":"ImageObject","inLanguage":"es","@id":"https:\/\/www.sonoraenequipo.com.mx\/#\/schema\/logo\/image\/","url":"https:\/\/www.sonoraenequipo.com.mx\/storage\/2019\/01\/sonoraenequipo_opt.png","contentUrl":"https:\/\/www.sonoraenequipo.com.mx\/storage\/2019\/01\/sonoraenequipo_opt.png","width":375,"height":125,"caption":"Sonoraenequipo.com.mx"},"image":{"@id":"https:\/\/www.sonoraenequipo.com.mx\/#\/schema\/logo\/image\/"},"sameAs":["https:\/\/www.facebook.com\/SonoraEE\/","https:\/\/x.com\/sonoraenequipo","https:\/\/www.youtube.com\/channel\/UC338nW-lPEYmJQs4ZABQ1SQ"]},{"@type":"Person","@id":"https:\/\/www.sonoraenequipo.com.mx\/#\/schema\/person\/50102df0fb23a8fa9e8effad8fa81386","name":"enequipo","image":{"@type":"ImageObject","inLanguage":"es","@id":"https:\/\/www.sonoraenequipo.com.mx\/#\/schema\/person\/image\/","url":"https:\/\/secure.gravatar.com\/avatar\/049821681b589dabc0bc20695993ccebb09f5b5d4d790cd9251b97faac7c652b?s=96&d=blank&r=g","contentUrl":"https:\/\/secure.gravatar.com\/avatar\/049821681b589dabc0bc20695993ccebb09f5b5d4d790cd9251b97faac7c652b?s=96&d=blank&r=g","caption":"enequipo"},"sameAs":["https:\/\/www.facebook.com\/SonoraEE"]}]}},"jetpack_featured_media_url":"https:\/\/www.sonoraenequipo.com.mx\/storage\/2021\/02\/Vuelos_opt.jpg","_links":{"self":[{"href":"https:\/\/www.sonoraenequipo.com.mx\/api\/wp\/v2\/posts\/106018","targetHints":{"allow":["GET"]}}],"collection":[{"href":"https:\/\/www.sonoraenequipo.com.mx\/api\/wp\/v2\/posts"}],"about":[{"href":"https:\/\/www.sonoraenequipo.com.mx\/api\/wp\/v2\/types\/post"}],"author":[{"embeddable":true,"href":"https:\/\/www.sonoraenequipo.com.mx\/api\/wp\/v2\/users\/1"}],"replies":[{"embeddable":true,"href":"https:\/\/www.sonoraenequipo.com.mx\/api\/wp\/v2\/comments?post=106018"}],"version-history":[{"count":1,"href":"https:\/\/www.sonoraenequipo.com.mx\/api\/wp\/v2\/posts\/106018\/revisions"}],"predecessor-version":[{"id":106023,"href":"https:\/\/www.sonoraenequipo.com.mx\/api\/wp\/v2\/posts\/106018\/revisions\/106023"}],"wp:featuredmedia":[{"embeddable":true,"href":"https:\/\/www.sonoraenequipo.com.mx\/api\/wp\/v2\/media\/106021"}],"wp:attachment":[{"href":"https:\/\/www.sonoraenequipo.com.mx\/api\/wp\/v2\/media?parent=106018"}],"wp:term":[{"taxonomy":"category","embeddable":true,"href":"https:\/\/www.sonoraenequipo.com.mx\/api\/wp\/v2\/categories?post=106018"},{"taxonomy":"post_tag","embeddable":true,"href":"https:\/\/www.sonoraenequipo.com.mx\/api\/wp\/v2\/tags?post=106018"}],"curies":[{"name":"wp","href":"https:\/\/api.w.org\/{rel}","templated":true}]}}