{"id":106020,"date":"2021-02-01T21:36:34","date_gmt":"2021-02-02T04:36:34","guid":{"rendered":"https:\/\/www.sonoraenequipo.com.mx\/?p=106020"},"modified":"2021-02-01T21:36:34","modified_gmt":"2021-02-02T04:36:34","slug":"llama-secretario-de-salud-a-no-bajar-la-guardia-ante-el-covid-19","status":"publish","type":"post","link":"https:\/\/www.sonoraenequipo.com.mx\/llama-secretario-de-salud-a-no-bajar-la-guardia-ante-el-covid-19\/","title":{"rendered":"Llama secretario de Salud a no bajar la guardia ante el COVID-19"},"content":{"rendered":"<p>\u25ba Hoy se confirmaron 225 nuevos casos y 30 defunciones en Sonora<\/p>\n<p>HERMOSILLO, SONORA,MX.\u2500\u2500 Afuera de los hogares est\u00e1 una amenaza mortal que es el COVID-19, por lo que no es necesario que la poblaci\u00f3n siga todos los protocolos, participando solamente a reuniones virtuales y siendo ciudadanos responsables, destac\u00f3 Enrique Clausen Iberri, tras confirmarse este d\u00eda 30 defunciones m\u00e1s y 225 contagios nuevos en el estado.<\/p>\n<p>&nbsp;<\/p>\n<p>El secretario de Salud en Sonora llam\u00f3 a la ciudadan\u00eda a ser solidarios con las dem\u00e1s personas y continuar acatando las medidas sanitarias, para evitar que el virus llegue a los grupos de la poblaci\u00f3n m\u00e1s vulnerables.<\/p>\n<p>&nbsp;<\/p>\n<p>\u201cNos enfrentamos a un ej\u00e9rcito contrario que no tiene piedad ni bondad humana, no respeta a los ni\u00f1os, a las mujeres embarazadas, ni a nuestros viejitos, este ej\u00e9rcito no est\u00e1 interesado en botines, le gusta robar el aire de los m\u00e1s inocentes, de los m\u00e1s vulnerables, es un ej\u00e9rcito invisible y despiadadamente efectivo. Contra \u00e9l, debemos ejercitar la paciencia\u201d, indic\u00f3.<\/p>\n<p>&nbsp;<\/p>\n<p>Clausen Iberri a\u00f1adi\u00f3 que la guerra contra el Covid-19 sigue, y en una situaci\u00f3n de guerra nadie le pide a los dem\u00e1s que se queden en casa, sino que lo hacen por elecci\u00f3n, para protegerse a s\u00ed mismos y sus familias.<\/p>\n<p>&nbsp;<\/p>\n<p>\u201cEl mundo entero se encuentra actualmente en un estado de guerra por este enemigo cruel y despiadado. Hay gente que a\u00fan no lo entiende, pero estamos en una guerra sin armas y sin balas, sin poder ver al enemigo\u201d, se\u00f1al\u00f3.<\/p>\n<p>&nbsp;<\/p>\n<p>Hoy se confirmaron 30 decesos por Covid-19, en 15 hombres y 15 mujeres, residentes de: Hermosillo 15; Nogales 3; Cajeme, Caborca y Benito Ju\u00e1rez 2 cada uno; San Luis R\u00edo Colorado, Villa Hidalgo, Agua Prieta, Magdalena, Huatabampo y Guaymas 1 cada uno; acumul\u00e1ndose 5 mil 145 defunciones.<\/p>\n<p>&nbsp;<\/p>\n<p>Este d\u00eda se sumaron 225 nuevos casos por Covid, en 123 mujeres y 102 hombres; acumul\u00e1ndose 62 mil 160 casos en total, residentes de: Hermosillo 142; Cajeme 36; San Luis R\u00edo Colorado 10; Caborca 9; Nogales 6; Puerto Pe\u00f1asco 5; Guaymas y Huatabampo 3 cada uno; Magdalena, Santa Ana e \u00cdmuris 2 cada uno; Cananea, Agua Prieta, Navojoa, Altar, Villa Hidalgo y Benito Ju\u00e1rez 1 cada uno.<\/p>\n<p>&nbsp;<\/p>\n<p>Se confirmaron 4 casos pedi\u00e1tricos; en 3 ni\u00f1as y 1 ni\u00f1o; acumul\u00e1ndose mil 106 casos en total, y se notificaron 2 casos en mujeres embarazadas, con un total de 443.<\/p>\n<p>&nbsp;<\/p>\n<p>A la fecha se han recuperado 53 mil 775 personas de Covid-19 en Sonora.<\/p>\n<p>&nbsp;<\/p>\n<p>Casos COVID-19 en Sonora 62,160 casos confirmados y 5,145 defunciones<\/p>\n<p>&nbsp;<\/p>\n<p>Defunciones registradas el 1 de febrero 2021: 30<\/p>\n","protected":false},"excerpt":{"rendered":"<p>\u25ba Hoy se confirmaron 225 nuevos casos y 30 defunciones en Sonora HERMOSILLO, SONORA,MX.\u2500\u2500 Afuera&#8230;<\/p>\n","protected":false},"author":1,"featured_media":102304,"comment_status":"open","ping_status":"open","sticky":false,"template":"","format":"standard","meta":{"_monsterinsights_skip_tracking":false,"_monsterinsights_sitenote_active":false,"_monsterinsights_sitenote_note":"","_monsterinsights_sitenote_category":0,"footnotes":""},"categories":[22],"tags":[4249,15],"class_list":["post"],"yoast_head":" \n<title>Sonora en Equipo. Llama secretario de Salud a no bajar la guardia ante el COVID-19 Sonora<\/title>\n<meta name=\"description\" content=\"\u25ba Hoy se confirmaron 225 nuevos casos y 30 defunciones en Sonora HERMOSILLO, SONORA,MX.\u2500\u2500 Afuera de los hogares est\u00e1 una amenaza mortal que es el En Sonora en Equipo publicamos toda la informaci\u00f3n de Sonora, M\u00e9xico y el Mundo de manera oportuna y busca que la libertad de expresi\u00f3n sea real. Visita nuestro medio informativo publicado desde Hermosillo, Sonora. %\" \/>\n<meta name=\"robots\" content=\"index, follow, max-snippet:-1, max-image-preview:large, max-video-preview:-1\" \/>\n<link rel=\"canonical\" href=\"https:\/\/www.sonoraenequipo.com.mx\/llama-secretario-de-salud-a-no-bajar-la-guardia-ante-el-covid-19\/\" \/>\n<meta property=\"og:locale\" content=\"es_ES\" \/>\n<meta property=\"og:type\" content=\"article\" \/>\n<meta property=\"og:title\" content=\"Sonora en Equipo. Llama secretario de Salud a no bajar la guardia ante el COVID-19 Sonora\" \/>\n<meta property=\"og:description\" content=\"\u25ba Hoy se confirmaron 225 nuevos casos y 30 defunciones en Sonora HERMOSILLO, SONORA,MX.\u2500\u2500 Afuera de los hogares est\u00e1 una amenaza mortal que es el En Sonora en Equipo publicamos toda la informaci\u00f3n de Sonora, M\u00e9xico y el Mundo de manera oportuna y busca que la libertad de expresi\u00f3n sea real. Visita nuestro medio informativo publicado desde Hermosillo, Sonora. %\" \/>\n<meta property=\"og:url\" content=\"https:\/\/www.sonoraenequipo.com.mx\/llama-secretario-de-salud-a-no-bajar-la-guardia-ante-el-covid-19\/\" \/>\n<meta property=\"og:site_name\" content=\"Sonora en Equipo.\" \/>\n<meta property=\"article:publisher\" content=\"https:\/\/www.facebook.com\/SonoraEE\/\" \/>\n<meta property=\"article:author\" content=\"https:\/\/www.facebook.com\/SonoraEE\" \/>\n<meta property=\"article:published_time\" content=\"2021-02-02T04:36:34+00:00\" \/>\n<meta property=\"og:image\" content=\"https:\/\/www.sonoraenequipo.com.mx\/storage\/2020\/12\/e-clausen.jpg\" \/>\n\t<meta property=\"og:image:width\" content=\"600\" \/>\n\t<meta property=\"og:image:height\" content=\"385\" \/>\n\t<meta property=\"og:image:type\" content=\"image\/jpeg\" \/>\n<meta name=\"author\" content=\"enequipo\" \/>\n<meta name=\"twitter:card\" content=\"summary_large_image\" \/>\n<meta name=\"twitter:creator\" content=\"@sonoraenequipo\" \/>\n<meta name=\"twitter:site\" content=\"@sonoraenequipo\" \/>\n<meta name=\"twitter:label1\" content=\"Escrito por\" \/>\n\t<meta name=\"twitter:data1\" content=\"enequipo\" \/>\n\t<meta name=\"twitter:label2\" content=\"Tiempo de lectura\" \/>\n\t<meta name=\"twitter:data2\" content=\"2 minutos\" \/>\n<script type=\"application\/ld+json\" class=\"yoast-schema-graph\">{\"@context\":\"https:\/\/schema.org\",\"@graph\":[{\"@type\":\"Article\",\"@id\":\"https:\/\/www.sonoraenequipo.com.mx\/llama-secretario-de-salud-a-no-bajar-la-guardia-ante-el-covid-19\/#article\",\"isPartOf\":{\"@id\":\"https:\/\/www.sonoraenequipo.com.mx\/llama-secretario-de-salud-a-no-bajar-la-guardia-ante-el-covid-19\/\"},\"author\":{\"name\":\"enequipo\",\"@id\":\"https:\/\/www.sonoraenequipo.com.mx\/#\/schema\/person\/50102df0fb23a8fa9e8effad8fa81386\"},\"headline\":\"Llama secretario de Salud a no bajar la guardia ante el COVID-19\",\"datePublished\":\"2021-02-02T04:36:34+00:00\",\"mainEntityOfPage\":{\"@id\":\"https:\/\/www.sonoraenequipo.com.mx\/llama-secretario-de-salud-a-no-bajar-la-guardia-ante-el-covid-19\/\"},\"wordCount\":433,\"commentCount\":0,\"publisher\":{\"@id\":\"https:\/\/www.sonoraenequipo.com.mx\/#organization\"},\"image\":{\"@id\":\"https:\/\/www.sonoraenequipo.com.mx\/llama-secretario-de-salud-a-no-bajar-la-guardia-ante-el-covid-19\/#primaryimage\"},\"thumbnailUrl\":\"https:\/\/www.sonoraenequipo.com.mx\/storage\/2020\/12\/e-clausen.jpg\",\"keywords\":[\"covid\",\"Sonora\"],\"articleSection\":[\"Sonora\"],\"inLanguage\":\"es\",\"potentialAction\":[{\"@type\":\"CommentAction\",\"name\":\"Comment\",\"target\":[\"https:\/\/www.sonoraenequipo.com.mx\/llama-secretario-de-salud-a-no-bajar-la-guardia-ante-el-covid-19\/#respond\"]}]},{\"@type\":\"WebPage\",\"@id\":\"https:\/\/www.sonoraenequipo.com.mx\/llama-secretario-de-salud-a-no-bajar-la-guardia-ante-el-covid-19\/\",\"url\":\"https:\/\/www.sonoraenequipo.com.mx\/llama-secretario-de-salud-a-no-bajar-la-guardia-ante-el-covid-19\/\",\"name\":\"Sonora en Equipo. Llama secretario de Salud a no bajar la guardia ante el COVID-19 Sonora\",\"isPartOf\":{\"@id\":\"https:\/\/www.sonoraenequipo.com.mx\/#website\"},\"primaryImageOfPage\":{\"@id\":\"https:\/\/www.sonoraenequipo.com.mx\/llama-secretario-de-salud-a-no-bajar-la-guardia-ante-el-covid-19\/#primaryimage\"},\"image\":{\"@id\":\"https:\/\/www.sonoraenequipo.com.mx\/llama-secretario-de-salud-a-no-bajar-la-guardia-ante-el-covid-19\/#primaryimage\"},\"thumbnailUrl\":\"https:\/\/www.sonoraenequipo.com.mx\/storage\/2020\/12\/e-clausen.jpg\",\"datePublished\":\"2021-02-02T04:36:34+00:00\",\"description\":\"\u25ba Hoy se confirmaron 225 nuevos casos y 30 defunciones en Sonora HERMOSILLO, SONORA,MX.\u2500\u2500 Afuera de los hogares est\u00e1 una amenaza mortal que es el En Sonora en Equipo publicamos toda la informaci\u00f3n de Sonora, M\u00e9xico y el Mundo de manera oportuna y busca que la libertad de expresi\u00f3n sea real. Visita nuestro medio informativo publicado desde Hermosillo, Sonora. %\",\"breadcrumb\":{\"@id\":\"https:\/\/www.sonoraenequipo.com.mx\/llama-secretario-de-salud-a-no-bajar-la-guardia-ante-el-covid-19\/#breadcrumb\"},\"inLanguage\":\"es\",\"potentialAction\":[{\"@type\":\"ReadAction\",\"target\":[\"https:\/\/www.sonoraenequipo.com.mx\/llama-secretario-de-salud-a-no-bajar-la-guardia-ante-el-covid-19\/\"]}]},{\"@type\":\"ImageObject\",\"inLanguage\":\"es\",\"@id\":\"https:\/\/www.sonoraenequipo.com.mx\/llama-secretario-de-salud-a-no-bajar-la-guardia-ante-el-covid-19\/#primaryimage\",\"url\":\"https:\/\/www.sonoraenequipo.com.mx\/storage\/2020\/12\/e-clausen.jpg\",\"contentUrl\":\"https:\/\/www.sonoraenequipo.com.mx\/storage\/2020\/12\/e-clausen.jpg\",\"width\":600,\"height\":385},{\"@type\":\"BreadcrumbList\",\"@id\":\"https:\/\/www.sonoraenequipo.com.mx\/llama-secretario-de-salud-a-no-bajar-la-guardia-ante-el-covid-19\/#breadcrumb\",\"itemListElement\":[{\"@type\":\"ListItem\",\"position\":1,\"name\":\"Portada\",\"item\":\"https:\/\/www.sonoraenequipo.com.mx\/\"},{\"@type\":\"ListItem\",\"position\":2,\"name\":\"Llama secretario de Salud a no bajar la guardia ante el COVID-19\"}]},{\"@type\":\"WebSite\",\"@id\":\"https:\/\/www.sonoraenequipo.com.mx\/#website\",\"url\":\"https:\/\/www.sonoraenequipo.com.mx\/\",\"name\":\"Sonora en Equipo.\",\"description\":\"Diario en l\u00ednea con Noticias desde Hermosillo, Sonora\",\"publisher\":{\"@id\":\"https:\/\/www.sonoraenequipo.com.mx\/#organization\"},\"potentialAction\":[{\"@type\":\"SearchAction\",\"target\":{\"@type\":\"EntryPoint\",\"urlTemplate\":\"https:\/\/www.sonoraenequipo.com.mx\/?s={search_term_string}\"},\"query-input\":{\"@type\":\"PropertyValueSpecification\",\"valueRequired\":true,\"valueName\":\"search_term_string\"}}],\"inLanguage\":\"es\"},{\"@type\":\"Organization\",\"@id\":\"https:\/\/www.sonoraenequipo.com.mx\/#organization\",\"name\":\"Sonoraenequipo.com.mx\",\"url\":\"https:\/\/www.sonoraenequipo.com.mx\/\",\"logo\":{\"@type\":\"ImageObject\",\"inLanguage\":\"es\",\"@id\":\"https:\/\/www.sonoraenequipo.com.mx\/#\/schema\/logo\/image\/\",\"url\":\"https:\/\/www.sonoraenequipo.com.mx\/storage\/2019\/01\/sonoraenequipo_opt.png\",\"contentUrl\":\"https:\/\/www.sonoraenequipo.com.mx\/storage\/2019\/01\/sonoraenequipo_opt.png\",\"width\":375,\"height\":125,\"caption\":\"Sonoraenequipo.com.mx\"},\"image\":{\"@id\":\"https:\/\/www.sonoraenequipo.com.mx\/#\/schema\/logo\/image\/\"},\"sameAs\":[\"https:\/\/www.facebook.com\/SonoraEE\/\",\"https:\/\/x.com\/sonoraenequipo\",\"https:\/\/www.youtube.com\/channel\/UC338nW-lPEYmJQs4ZABQ1SQ\"]},{\"@type\":\"Person\",\"@id\":\"https:\/\/www.sonoraenequipo.com.mx\/#\/schema\/person\/50102df0fb23a8fa9e8effad8fa81386\",\"name\":\"enequipo\",\"image\":{\"@type\":\"ImageObject\",\"inLanguage\":\"es\",\"@id\":\"https:\/\/www.sonoraenequipo.com.mx\/#\/schema\/person\/image\/\",\"url\":\"https:\/\/secure.gravatar.com\/avatar\/049821681b589dabc0bc20695993ccebb09f5b5d4d790cd9251b97faac7c652b?s=96&d=blank&r=g\",\"contentUrl\":\"https:\/\/secure.gravatar.com\/avatar\/049821681b589dabc0bc20695993ccebb09f5b5d4d790cd9251b97faac7c652b?s=96&d=blank&r=g\",\"caption\":\"enequipo\"},\"sameAs\":[\"https:\/\/www.facebook.com\/SonoraEE\"]}]}<\/script>\n ","yoast_head_json":{"title":"Sonora en Equipo. Llama secretario de Salud a no bajar la guardia ante el COVID-19 Sonora","description":"\u25ba Hoy se confirmaron 225 nuevos casos y 30 defunciones en Sonora HERMOSILLO, SONORA,MX.\u2500\u2500 Afuera de los hogares est\u00e1 una amenaza mortal que es el En Sonora en Equipo publicamos toda la informaci\u00f3n de Sonora, M\u00e9xico y el Mundo de manera oportuna y busca que la libertad de expresi\u00f3n sea real. Visita nuestro medio informativo publicado desde Hermosillo, Sonora. %","robots":{"index":"index","follow":"follow","max-snippet":"max-snippet:-1","max-image-preview":"max-image-preview:large","max-video-preview":"max-video-preview:-1"},"canonical":"https:\/\/www.sonoraenequipo.com.mx\/llama-secretario-de-salud-a-no-bajar-la-guardia-ante-el-covid-19\/","og_locale":"es_ES","og_type":"article","og_title":"Sonora en Equipo. Llama secretario de Salud a no bajar la guardia ante el COVID-19 Sonora","og_description":"\u25ba Hoy se confirmaron 225 nuevos casos y 30 defunciones en Sonora HERMOSILLO, SONORA,MX.\u2500\u2500 Afuera de los hogares est\u00e1 una amenaza mortal que es el En Sonora en Equipo publicamos toda la informaci\u00f3n de Sonora, M\u00e9xico y el Mundo de manera oportuna y busca que la libertad de expresi\u00f3n sea real. Visita nuestro medio informativo publicado desde Hermosillo, Sonora. %","og_url":"https:\/\/www.sonoraenequipo.com.mx\/llama-secretario-de-salud-a-no-bajar-la-guardia-ante-el-covid-19\/","og_site_name":"Sonora en Equipo.","article_publisher":"https:\/\/www.facebook.com\/SonoraEE\/","article_author":"https:\/\/www.facebook.com\/SonoraEE","article_published_time":"2021-02-02T04:36:34+00:00","og_image":[{"width":600,"height":385,"url":"https:\/\/www.sonoraenequipo.com.mx\/storage\/2020\/12\/e-clausen.jpg","type":"image\/jpeg"}],"author":"enequipo","twitter_card":"summary_large_image","twitter_creator":"@sonoraenequipo","twitter_site":"@sonoraenequipo","twitter_misc":{"Escrito por":"enequipo","Tiempo de lectura":"2 minutos"},"schema":{"@context":"https:\/\/schema.org","@graph":[{"@type":"Article","@id":"https:\/\/www.sonoraenequipo.com.mx\/llama-secretario-de-salud-a-no-bajar-la-guardia-ante-el-covid-19\/#article","isPartOf":{"@id":"https:\/\/www.sonoraenequipo.com.mx\/llama-secretario-de-salud-a-no-bajar-la-guardia-ante-el-covid-19\/"},"author":{"name":"enequipo","@id":"https:\/\/www.sonoraenequipo.com.mx\/#\/schema\/person\/50102df0fb23a8fa9e8effad8fa81386"},"headline":"Llama secretario de Salud a no bajar la guardia ante el COVID-19","datePublished":"2021-02-02T04:36:34+00:00","mainEntityOfPage":{"@id":"https:\/\/www.sonoraenequipo.com.mx\/llama-secretario-de-salud-a-no-bajar-la-guardia-ante-el-covid-19\/"},"wordCount":433,"commentCount":0,"publisher":{"@id":"https:\/\/www.sonoraenequipo.com.mx\/#organization"},"image":{"@id":"https:\/\/www.sonoraenequipo.com.mx\/llama-secretario-de-salud-a-no-bajar-la-guardia-ante-el-covid-19\/#primaryimage"},"thumbnailUrl":"https:\/\/www.sonoraenequipo.com.mx\/storage\/2020\/12\/e-clausen.jpg","keywords":["covid","Sonora"],"articleSection":["Sonora"],"inLanguage":"es","potentialAction":[{"@type":"CommentAction","name":"Comment","target":["https:\/\/www.sonoraenequipo.com.mx\/llama-secretario-de-salud-a-no-bajar-la-guardia-ante-el-covid-19\/#respond"]}]},{"@type":"WebPage","@id":"https:\/\/www.sonoraenequipo.com.mx\/llama-secretario-de-salud-a-no-bajar-la-guardia-ante-el-covid-19\/","url":"https:\/\/www.sonoraenequipo.com.mx\/llama-secretario-de-salud-a-no-bajar-la-guardia-ante-el-covid-19\/","name":"Sonora en Equipo. Llama secretario de Salud a no bajar la guardia ante el COVID-19 Sonora","isPartOf":{"@id":"https:\/\/www.sonoraenequipo.com.mx\/#website"},"primaryImageOfPage":{"@id":"https:\/\/www.sonoraenequipo.com.mx\/llama-secretario-de-salud-a-no-bajar-la-guardia-ante-el-covid-19\/#primaryimage"},"image":{"@id":"https:\/\/www.sonoraenequipo.com.mx\/llama-secretario-de-salud-a-no-bajar-la-guardia-ante-el-covid-19\/#primaryimage"},"thumbnailUrl":"https:\/\/www.sonoraenequipo.com.mx\/storage\/2020\/12\/e-clausen.jpg","datePublished":"2021-02-02T04:36:34+00:00","description":"\u25ba Hoy se confirmaron 225 nuevos casos y 30 defunciones en Sonora HERMOSILLO, SONORA,MX.\u2500\u2500 Afuera de los hogares est\u00e1 una amenaza mortal que es el En Sonora en Equipo publicamos toda la informaci\u00f3n de Sonora, M\u00e9xico y el Mundo de manera oportuna y busca que la libertad de expresi\u00f3n sea real. Visita nuestro medio informativo publicado desde Hermosillo, Sonora. %","breadcrumb":{"@id":"https:\/\/www.sonoraenequipo.com.mx\/llama-secretario-de-salud-a-no-bajar-la-guardia-ante-el-covid-19\/#breadcrumb"},"inLanguage":"es","potentialAction":[{"@type":"ReadAction","target":["https:\/\/www.sonoraenequipo.com.mx\/llama-secretario-de-salud-a-no-bajar-la-guardia-ante-el-covid-19\/"]}]},{"@type":"ImageObject","inLanguage":"es","@id":"https:\/\/www.sonoraenequipo.com.mx\/llama-secretario-de-salud-a-no-bajar-la-guardia-ante-el-covid-19\/#primaryimage","url":"https:\/\/www.sonoraenequipo.com.mx\/storage\/2020\/12\/e-clausen.jpg","contentUrl":"https:\/\/www.sonoraenequipo.com.mx\/storage\/2020\/12\/e-clausen.jpg","width":600,"height":385},{"@type":"BreadcrumbList","@id":"https:\/\/www.sonoraenequipo.com.mx\/llama-secretario-de-salud-a-no-bajar-la-guardia-ante-el-covid-19\/#breadcrumb","itemListElement":[{"@type":"ListItem","position":1,"name":"Portada","item":"https:\/\/www.sonoraenequipo.com.mx\/"},{"@type":"ListItem","position":2,"name":"Llama secretario de Salud a no bajar la guardia ante el COVID-19"}]},{"@type":"WebSite","@id":"https:\/\/www.sonoraenequipo.com.mx\/#website","url":"https:\/\/www.sonoraenequipo.com.mx\/","name":"Sonora en Equipo.","description":"Diario en l\u00ednea con Noticias desde Hermosillo, Sonora","publisher":{"@id":"https:\/\/www.sonoraenequipo.com.mx\/#organization"},"potentialAction":[{"@type":"SearchAction","target":{"@type":"EntryPoint","urlTemplate":"https:\/\/www.sonoraenequipo.com.mx\/?s={search_term_string}"},"query-input":{"@type":"PropertyValueSpecification","valueRequired":true,"valueName":"search_term_string"}}],"inLanguage":"es"},{"@type":"Organization","@id":"https:\/\/www.sonoraenequipo.com.mx\/#organization","name":"Sonoraenequipo.com.mx","url":"https:\/\/www.sonoraenequipo.com.mx\/","logo":{"@type":"ImageObject","inLanguage":"es","@id":"https:\/\/www.sonoraenequipo.com.mx\/#\/schema\/logo\/image\/","url":"https:\/\/www.sonoraenequipo.com.mx\/storage\/2019\/01\/sonoraenequipo_opt.png","contentUrl":"https:\/\/www.sonoraenequipo.com.mx\/storage\/2019\/01\/sonoraenequipo_opt.png","width":375,"height":125,"caption":"Sonoraenequipo.com.mx"},"image":{"@id":"https:\/\/www.sonoraenequipo.com.mx\/#\/schema\/logo\/image\/"},"sameAs":["https:\/\/www.facebook.com\/SonoraEE\/","https:\/\/x.com\/sonoraenequipo","https:\/\/www.youtube.com\/channel\/UC338nW-lPEYmJQs4ZABQ1SQ"]},{"@type":"Person","@id":"https:\/\/www.sonoraenequipo.com.mx\/#\/schema\/person\/50102df0fb23a8fa9e8effad8fa81386","name":"enequipo","image":{"@type":"ImageObject","inLanguage":"es","@id":"https:\/\/www.sonoraenequipo.com.mx\/#\/schema\/person\/image\/","url":"https:\/\/secure.gravatar.com\/avatar\/049821681b589dabc0bc20695993ccebb09f5b5d4d790cd9251b97faac7c652b?s=96&d=blank&r=g","contentUrl":"https:\/\/secure.gravatar.com\/avatar\/049821681b589dabc0bc20695993ccebb09f5b5d4d790cd9251b97faac7c652b?s=96&d=blank&r=g","caption":"enequipo"},"sameAs":["https:\/\/www.facebook.com\/SonoraEE"]}]}},"jetpack_featured_media_url":"https:\/\/www.sonoraenequipo.com.mx\/storage\/2020\/12\/e-clausen.jpg","_links":{"self":[{"href":"https:\/\/www.sonoraenequipo.com.mx\/api\/wp\/v2\/posts\/106020","targetHints":{"allow":["GET"]}}],"collection":[{"href":"https:\/\/www.sonoraenequipo.com.mx\/api\/wp\/v2\/posts"}],"about":[{"href":"https:\/\/www.sonoraenequipo.com.mx\/api\/wp\/v2\/types\/post"}],"author":[{"embeddable":true,"href":"https:\/\/www.sonoraenequipo.com.mx\/api\/wp\/v2\/users\/1"}],"replies":[{"embeddable":true,"href":"https:\/\/www.sonoraenequipo.com.mx\/api\/wp\/v2\/comments?post=106020"}],"version-history":[{"count":1,"href":"https:\/\/www.sonoraenequipo.com.mx\/api\/wp\/v2\/posts\/106020\/revisions"}],"predecessor-version":[{"id":106022,"href":"https:\/\/www.sonoraenequipo.com.mx\/api\/wp\/v2\/posts\/106020\/revisions\/106022"}],"wp:featuredmedia":[{"embeddable":true,"href":"https:\/\/www.sonoraenequipo.com.mx\/api\/wp\/v2\/media\/102304"}],"wp:attachment":[{"href":"https:\/\/www.sonoraenequipo.com.mx\/api\/wp\/v2\/media?parent=106020"}],"wp:term":[{"taxonomy":"category","embeddable":true,"href":"https:\/\/www.sonoraenequipo.com.mx\/api\/wp\/v2\/categories?post=106020"},{"taxonomy":"post_tag","embeddable":true,"href":"https:\/\/www.sonoraenequipo.com.mx\/api\/wp\/v2\/tags?post=106020"}],"curies":[{"name":"wp","href":"https:\/\/api.w.org\/{rel}","templated":true}]}}