{"id":106065,"date":"2021-02-02T10:30:48","date_gmt":"2021-02-02T17:30:48","guid":{"rendered":"https:\/\/www.sonoraenequipo.com.mx\/?p=106065"},"modified":"2021-02-02T20:22:45","modified_gmt":"2021-02-03T03:22:45","slug":"cambia-sentido-la-calle-aquiles-serdan-por-trabajos-de-rehabilitacion-en-la-plutarco-elias-calles","status":"publish","type":"post","link":"https:\/\/www.sonoraenequipo.com.mx\/cambia-sentido-la-calle-aquiles-serdan-por-trabajos-de-rehabilitacion-en-la-plutarco-elias-calles\/","title":{"rendered":"Cambia sentido la calle Aquiles Serd\u00e1n por trabajos de rehabilitaci\u00f3n en la Plutarco El\u00edas Calles."},"content":{"rendered":"<p>HERMOSILLO, SONORA. MX. \u2014 Debido al inicio, esta semana, de los trabajos de rehabilitaci\u00f3n de la calle Plutarco El\u00edas Calles, en la colonia Centro, se modific\u00f3 el sentido vial de la calle Aquiles Serd\u00e1n.<\/p>\n<p>&nbsp;<\/p>\n<p> <\/p>\n<p>&nbsp;<\/p>\n<p>Esta ma\u00f1ana de martes, los conductores pueden transitar en sentido de poniente a oriente, desde la calle Pino Su\u00e1rez hasta la calle Jes\u00fas Garc\u00eda.<\/p>\n<p>&nbsp;<\/p>\n<p>El tr\u00e1nsito vial se encuentra cerrado por la Plutarco El\u00edas Calles, desde las calles Pino Su\u00e1rez hasta la Benito Ju\u00e1rez.<\/p>\n<p>&nbsp;<\/p>\n<p>Elementos de Tr\u00e1nsito se encuentran ah\u00ed para orientar y ayudar a los conductores que deseen ingresar al primer cuadro de la ciudad, donde se encuentra la zona comercial, lo cual podr\u00e1n hacer por la calle Serd\u00e1n, que cambia de sentido de manera provisional.<\/p>\n<p>&nbsp;<\/p>\n<p>Otra ruta alterna a estas vialidades son las calles Luis Donaldo Colosio y la avenida Morelia, que mantienen su sentido de poniente a oriente.<\/p>\n<p>&nbsp;<\/p>\n<p>Mientras que la calle Monterrey ser\u00e1 la utilizada para transitar de oriente a poniente, al igual que las calles Dr. Alberto G. Noriega.<\/p>\n<p>&nbsp;<\/p>\n<p>Este cambio de sentido en la calle Aquiles Serd\u00e1n se mantendr\u00e1 hasta que se concluyan los trabajos empezados en la El\u00edas Calles.<\/p>\n<p>&nbsp;<\/p>\n<p>Personal de Tr\u00e1nsito, en unidades y pie tierra, mantendr\u00e1n vigilancia en los principales cruces de afectaci\u00f3n para dar prioridad y seguridad a peatones y conductores en la zona.<\/p>\n<p>&nbsp;<\/p>\n<p>(Publicada el 02\/02\/2021)<\/p>\n","protected":false},"excerpt":{"rendered":"<p>HERMOSILLO, SONORA. MX. \u2014 Debido al inicio, esta semana, de los trabajos de rehabilitaci\u00f3n de&#8230;<\/p>\n","protected":false},"author":1,"featured_media":106067,"comment_status":"open","ping_status":"open","sticky":false,"template":"","format":"standard","meta":{"_monsterinsights_skip_tracking":false,"_monsterinsights_sitenote_active":false,"_monsterinsights_sitenote_note":"","_monsterinsights_sitenote_category":0,"footnotes":""},"categories":[4],"tags":[],"class_list":["post"],"yoast_head":" \n<title>Sonora en Equipo. Cambia sentido la calle Aquiles Serd\u00e1n por trabajos de rehabilitaci\u00f3n en la Plutarco El\u00edas Calles. Municipios<\/title>\n<meta name=\"description\" content=\"HERMOSILLO, SONORA. MX. \u2014 Debido al inicio, esta semana, de los trabajos de rehabilitaci\u00f3n de la calle Plutarco El\u00edas Calles, en la colonia Centro, se En Sonora en Equipo publicamos toda la informaci\u00f3n de Sonora, M\u00e9xico y el Mundo de manera oportuna y busca que la libertad de expresi\u00f3n sea real. Visita nuestro medio informativo publicado desde Hermosillo, Sonora. %\" \/>\n<meta name=\"robots\" content=\"index, follow, max-snippet:-1, max-image-preview:large, max-video-preview:-1\" \/>\n<link rel=\"canonical\" href=\"https:\/\/www.sonoraenequipo.com.mx\/cambia-sentido-la-calle-aquiles-serdan-por-trabajos-de-rehabilitacion-en-la-plutarco-elias-calles\/\" \/>\n<meta property=\"og:locale\" content=\"es_ES\" \/>\n<meta property=\"og:type\" content=\"article\" \/>\n<meta property=\"og:title\" content=\"Sonora en Equipo. Cambia sentido la calle Aquiles Serd\u00e1n por trabajos de rehabilitaci\u00f3n en la Plutarco El\u00edas Calles. Municipios\" \/>\n<meta property=\"og:description\" content=\"HERMOSILLO, SONORA. MX. \u2014 Debido al inicio, esta semana, de los trabajos de rehabilitaci\u00f3n de la calle Plutarco El\u00edas Calles, en la colonia Centro, se En Sonora en Equipo publicamos toda la informaci\u00f3n de Sonora, M\u00e9xico y el Mundo de manera oportuna y busca que la libertad de expresi\u00f3n sea real. Visita nuestro medio informativo publicado desde Hermosillo, Sonora. %\" \/>\n<meta property=\"og:url\" content=\"https:\/\/www.sonoraenequipo.com.mx\/cambia-sentido-la-calle-aquiles-serdan-por-trabajos-de-rehabilitacion-en-la-plutarco-elias-calles\/\" \/>\n<meta property=\"og:site_name\" content=\"Sonora en Equipo.\" \/>\n<meta property=\"article:publisher\" content=\"https:\/\/www.facebook.com\/SonoraEE\/\" \/>\n<meta property=\"article:author\" content=\"https:\/\/www.facebook.com\/SonoraEE\" \/>\n<meta property=\"article:published_time\" content=\"2021-02-02T17:30:48+00:00\" \/>\n<meta property=\"article:modified_time\" content=\"2021-02-03T03:22:45+00:00\" \/>\n<meta property=\"og:image\" content=\"https:\/\/www.sonoraenequipo.com.mx\/storage\/2021\/02\/Elias-Calles_opt.jpg\" \/>\n\t<meta property=\"og:image:width\" content=\"600\" \/>\n\t<meta property=\"og:image:height\" content=\"400\" \/>\n\t<meta property=\"og:image:type\" content=\"image\/jpeg\" \/>\n<meta name=\"author\" content=\"enequipo\" \/>\n<meta name=\"twitter:card\" content=\"summary_large_image\" \/>\n<meta name=\"twitter:creator\" content=\"@sonoraenequipo\" \/>\n<meta name=\"twitter:site\" content=\"@sonoraenequipo\" \/>\n<meta name=\"twitter:label1\" content=\"Escrito por\" \/>\n\t<meta name=\"twitter:data1\" content=\"enequipo\" \/>\n\t<meta name=\"twitter:label2\" content=\"Tiempo de lectura\" \/>\n\t<meta name=\"twitter:data2\" content=\"1 minuto\" \/>\n<script type=\"application\/ld+json\" class=\"yoast-schema-graph\">{\"@context\":\"https:\/\/schema.org\",\"@graph\":[{\"@type\":\"Article\",\"@id\":\"https:\/\/www.sonoraenequipo.com.mx\/cambia-sentido-la-calle-aquiles-serdan-por-trabajos-de-rehabilitacion-en-la-plutarco-elias-calles\/#article\",\"isPartOf\":{\"@id\":\"https:\/\/www.sonoraenequipo.com.mx\/cambia-sentido-la-calle-aquiles-serdan-por-trabajos-de-rehabilitacion-en-la-plutarco-elias-calles\/\"},\"author\":{\"name\":\"enequipo\",\"@id\":\"https:\/\/www.sonoraenequipo.com.mx\/#\/schema\/person\/50102df0fb23a8fa9e8effad8fa81386\"},\"headline\":\"Cambia sentido la calle Aquiles Serd\u00e1n por trabajos de rehabilitaci\u00f3n en la Plutarco El\u00edas Calles.\",\"datePublished\":\"2021-02-02T17:30:48+00:00\",\"dateModified\":\"2021-02-03T03:22:45+00:00\",\"mainEntityOfPage\":{\"@id\":\"https:\/\/www.sonoraenequipo.com.mx\/cambia-sentido-la-calle-aquiles-serdan-por-trabajos-de-rehabilitacion-en-la-plutarco-elias-calles\/\"},\"wordCount\":265,\"commentCount\":0,\"publisher\":{\"@id\":\"https:\/\/www.sonoraenequipo.com.mx\/#organization\"},\"image\":{\"@id\":\"https:\/\/www.sonoraenequipo.com.mx\/cambia-sentido-la-calle-aquiles-serdan-por-trabajos-de-rehabilitacion-en-la-plutarco-elias-calles\/#primaryimage\"},\"thumbnailUrl\":\"https:\/\/www.sonoraenequipo.com.mx\/storage\/2021\/02\/Elias-Calles_opt.jpg\",\"articleSection\":[\"Municipios\"],\"inLanguage\":\"es\",\"potentialAction\":[{\"@type\":\"CommentAction\",\"name\":\"Comment\",\"target\":[\"https:\/\/www.sonoraenequipo.com.mx\/cambia-sentido-la-calle-aquiles-serdan-por-trabajos-de-rehabilitacion-en-la-plutarco-elias-calles\/#respond\"]}]},{\"@type\":\"WebPage\",\"@id\":\"https:\/\/www.sonoraenequipo.com.mx\/cambia-sentido-la-calle-aquiles-serdan-por-trabajos-de-rehabilitacion-en-la-plutarco-elias-calles\/\",\"url\":\"https:\/\/www.sonoraenequipo.com.mx\/cambia-sentido-la-calle-aquiles-serdan-por-trabajos-de-rehabilitacion-en-la-plutarco-elias-calles\/\",\"name\":\"Sonora en Equipo. Cambia sentido la calle Aquiles Serd\u00e1n por trabajos de rehabilitaci\u00f3n en la Plutarco El\u00edas Calles. Municipios\",\"isPartOf\":{\"@id\":\"https:\/\/www.sonoraenequipo.com.mx\/#website\"},\"primaryImageOfPage\":{\"@id\":\"https:\/\/www.sonoraenequipo.com.mx\/cambia-sentido-la-calle-aquiles-serdan-por-trabajos-de-rehabilitacion-en-la-plutarco-elias-calles\/#primaryimage\"},\"image\":{\"@id\":\"https:\/\/www.sonoraenequipo.com.mx\/cambia-sentido-la-calle-aquiles-serdan-por-trabajos-de-rehabilitacion-en-la-plutarco-elias-calles\/#primaryimage\"},\"thumbnailUrl\":\"https:\/\/www.sonoraenequipo.com.mx\/storage\/2021\/02\/Elias-Calles_opt.jpg\",\"datePublished\":\"2021-02-02T17:30:48+00:00\",\"dateModified\":\"2021-02-03T03:22:45+00:00\",\"description\":\"HERMOSILLO, SONORA. MX. \u2014 Debido al inicio, esta semana, de los trabajos de rehabilitaci\u00f3n de la calle Plutarco El\u00edas Calles, en la colonia Centro, se En Sonora en Equipo publicamos toda la informaci\u00f3n de Sonora, M\u00e9xico y el Mundo de manera oportuna y busca que la libertad de expresi\u00f3n sea real. Visita nuestro medio informativo publicado desde Hermosillo, Sonora. %\",\"breadcrumb\":{\"@id\":\"https:\/\/www.sonoraenequipo.com.mx\/cambia-sentido-la-calle-aquiles-serdan-por-trabajos-de-rehabilitacion-en-la-plutarco-elias-calles\/#breadcrumb\"},\"inLanguage\":\"es\",\"potentialAction\":[{\"@type\":\"ReadAction\",\"target\":[\"https:\/\/www.sonoraenequipo.com.mx\/cambia-sentido-la-calle-aquiles-serdan-por-trabajos-de-rehabilitacion-en-la-plutarco-elias-calles\/\"]}]},{\"@type\":\"ImageObject\",\"inLanguage\":\"es\",\"@id\":\"https:\/\/www.sonoraenequipo.com.mx\/cambia-sentido-la-calle-aquiles-serdan-por-trabajos-de-rehabilitacion-en-la-plutarco-elias-calles\/#primaryimage\",\"url\":\"https:\/\/www.sonoraenequipo.com.mx\/storage\/2021\/02\/Elias-Calles_opt.jpg\",\"contentUrl\":\"https:\/\/www.sonoraenequipo.com.mx\/storage\/2021\/02\/Elias-Calles_opt.jpg\",\"width\":600,\"height\":400},{\"@type\":\"BreadcrumbList\",\"@id\":\"https:\/\/www.sonoraenequipo.com.mx\/cambia-sentido-la-calle-aquiles-serdan-por-trabajos-de-rehabilitacion-en-la-plutarco-elias-calles\/#breadcrumb\",\"itemListElement\":[{\"@type\":\"ListItem\",\"position\":1,\"name\":\"Portada\",\"item\":\"https:\/\/www.sonoraenequipo.com.mx\/\"},{\"@type\":\"ListItem\",\"position\":2,\"name\":\"Cambia sentido la calle Aquiles Serd\u00e1n por trabajos de rehabilitaci\u00f3n en la Plutarco El\u00edas Calles.\"}]},{\"@type\":\"WebSite\",\"@id\":\"https:\/\/www.sonoraenequipo.com.mx\/#website\",\"url\":\"https:\/\/www.sonoraenequipo.com.mx\/\",\"name\":\"Sonora en Equipo.\",\"description\":\"Diario en l\u00ednea con Noticias desde Hermosillo, Sonora\",\"publisher\":{\"@id\":\"https:\/\/www.sonoraenequipo.com.mx\/#organization\"},\"potentialAction\":[{\"@type\":\"SearchAction\",\"target\":{\"@type\":\"EntryPoint\",\"urlTemplate\":\"https:\/\/www.sonoraenequipo.com.mx\/?s={search_term_string}\"},\"query-input\":{\"@type\":\"PropertyValueSpecification\",\"valueRequired\":true,\"valueName\":\"search_term_string\"}}],\"inLanguage\":\"es\"},{\"@type\":\"Organization\",\"@id\":\"https:\/\/www.sonoraenequipo.com.mx\/#organization\",\"name\":\"Sonoraenequipo.com.mx\",\"url\":\"https:\/\/www.sonoraenequipo.com.mx\/\",\"logo\":{\"@type\":\"ImageObject\",\"inLanguage\":\"es\",\"@id\":\"https:\/\/www.sonoraenequipo.com.mx\/#\/schema\/logo\/image\/\",\"url\":\"https:\/\/www.sonoraenequipo.com.mx\/storage\/2019\/01\/sonoraenequipo_opt.png\",\"contentUrl\":\"https:\/\/www.sonoraenequipo.com.mx\/storage\/2019\/01\/sonoraenequipo_opt.png\",\"width\":375,\"height\":125,\"caption\":\"Sonoraenequipo.com.mx\"},\"image\":{\"@id\":\"https:\/\/www.sonoraenequipo.com.mx\/#\/schema\/logo\/image\/\"},\"sameAs\":[\"https:\/\/www.facebook.com\/SonoraEE\/\",\"https:\/\/x.com\/sonoraenequipo\",\"https:\/\/www.youtube.com\/channel\/UC338nW-lPEYmJQs4ZABQ1SQ\"]},{\"@type\":\"Person\",\"@id\":\"https:\/\/www.sonoraenequipo.com.mx\/#\/schema\/person\/50102df0fb23a8fa9e8effad8fa81386\",\"name\":\"enequipo\",\"image\":{\"@type\":\"ImageObject\",\"inLanguage\":\"es\",\"@id\":\"https:\/\/www.sonoraenequipo.com.mx\/#\/schema\/person\/image\/\",\"url\":\"https:\/\/secure.gravatar.com\/avatar\/049821681b589dabc0bc20695993ccebb09f5b5d4d790cd9251b97faac7c652b?s=96&d=blank&r=g\",\"contentUrl\":\"https:\/\/secure.gravatar.com\/avatar\/049821681b589dabc0bc20695993ccebb09f5b5d4d790cd9251b97faac7c652b?s=96&d=blank&r=g\",\"caption\":\"enequipo\"},\"sameAs\":[\"https:\/\/www.facebook.com\/SonoraEE\"]}]}<\/script>\n ","yoast_head_json":{"title":"Sonora en Equipo. Cambia sentido la calle Aquiles Serd\u00e1n por trabajos de rehabilitaci\u00f3n en la Plutarco El\u00edas Calles. Municipios","description":"HERMOSILLO, SONORA. MX. \u2014 Debido al inicio, esta semana, de los trabajos de rehabilitaci\u00f3n de la calle Plutarco El\u00edas Calles, en la colonia Centro, se En Sonora en Equipo publicamos toda la informaci\u00f3n de Sonora, M\u00e9xico y el Mundo de manera oportuna y busca que la libertad de expresi\u00f3n sea real. Visita nuestro medio informativo publicado desde Hermosillo, Sonora. %","robots":{"index":"index","follow":"follow","max-snippet":"max-snippet:-1","max-image-preview":"max-image-preview:large","max-video-preview":"max-video-preview:-1"},"canonical":"https:\/\/www.sonoraenequipo.com.mx\/cambia-sentido-la-calle-aquiles-serdan-por-trabajos-de-rehabilitacion-en-la-plutarco-elias-calles\/","og_locale":"es_ES","og_type":"article","og_title":"Sonora en Equipo. Cambia sentido la calle Aquiles Serd\u00e1n por trabajos de rehabilitaci\u00f3n en la Plutarco El\u00edas Calles. Municipios","og_description":"HERMOSILLO, SONORA. MX. \u2014 Debido al inicio, esta semana, de los trabajos de rehabilitaci\u00f3n de la calle Plutarco El\u00edas Calles, en la colonia Centro, se En Sonora en Equipo publicamos toda la informaci\u00f3n de Sonora, M\u00e9xico y el Mundo de manera oportuna y busca que la libertad de expresi\u00f3n sea real. Visita nuestro medio informativo publicado desde Hermosillo, Sonora. %","og_url":"https:\/\/www.sonoraenequipo.com.mx\/cambia-sentido-la-calle-aquiles-serdan-por-trabajos-de-rehabilitacion-en-la-plutarco-elias-calles\/","og_site_name":"Sonora en Equipo.","article_publisher":"https:\/\/www.facebook.com\/SonoraEE\/","article_author":"https:\/\/www.facebook.com\/SonoraEE","article_published_time":"2021-02-02T17:30:48+00:00","article_modified_time":"2021-02-03T03:22:45+00:00","og_image":[{"width":600,"height":400,"url":"https:\/\/www.sonoraenequipo.com.mx\/storage\/2021\/02\/Elias-Calles_opt.jpg","type":"image\/jpeg"}],"author":"enequipo","twitter_card":"summary_large_image","twitter_creator":"@sonoraenequipo","twitter_site":"@sonoraenequipo","twitter_misc":{"Escrito por":"enequipo","Tiempo de lectura":"1 minuto"},"schema":{"@context":"https:\/\/schema.org","@graph":[{"@type":"Article","@id":"https:\/\/www.sonoraenequipo.com.mx\/cambia-sentido-la-calle-aquiles-serdan-por-trabajos-de-rehabilitacion-en-la-plutarco-elias-calles\/#article","isPartOf":{"@id":"https:\/\/www.sonoraenequipo.com.mx\/cambia-sentido-la-calle-aquiles-serdan-por-trabajos-de-rehabilitacion-en-la-plutarco-elias-calles\/"},"author":{"name":"enequipo","@id":"https:\/\/www.sonoraenequipo.com.mx\/#\/schema\/person\/50102df0fb23a8fa9e8effad8fa81386"},"headline":"Cambia sentido la calle Aquiles Serd\u00e1n por trabajos de rehabilitaci\u00f3n en la Plutarco El\u00edas Calles.","datePublished":"2021-02-02T17:30:48+00:00","dateModified":"2021-02-03T03:22:45+00:00","mainEntityOfPage":{"@id":"https:\/\/www.sonoraenequipo.com.mx\/cambia-sentido-la-calle-aquiles-serdan-por-trabajos-de-rehabilitacion-en-la-plutarco-elias-calles\/"},"wordCount":265,"commentCount":0,"publisher":{"@id":"https:\/\/www.sonoraenequipo.com.mx\/#organization"},"image":{"@id":"https:\/\/www.sonoraenequipo.com.mx\/cambia-sentido-la-calle-aquiles-serdan-por-trabajos-de-rehabilitacion-en-la-plutarco-elias-calles\/#primaryimage"},"thumbnailUrl":"https:\/\/www.sonoraenequipo.com.mx\/storage\/2021\/02\/Elias-Calles_opt.jpg","articleSection":["Municipios"],"inLanguage":"es","potentialAction":[{"@type":"CommentAction","name":"Comment","target":["https:\/\/www.sonoraenequipo.com.mx\/cambia-sentido-la-calle-aquiles-serdan-por-trabajos-de-rehabilitacion-en-la-plutarco-elias-calles\/#respond"]}]},{"@type":"WebPage","@id":"https:\/\/www.sonoraenequipo.com.mx\/cambia-sentido-la-calle-aquiles-serdan-por-trabajos-de-rehabilitacion-en-la-plutarco-elias-calles\/","url":"https:\/\/www.sonoraenequipo.com.mx\/cambia-sentido-la-calle-aquiles-serdan-por-trabajos-de-rehabilitacion-en-la-plutarco-elias-calles\/","name":"Sonora en Equipo. Cambia sentido la calle Aquiles Serd\u00e1n por trabajos de rehabilitaci\u00f3n en la Plutarco El\u00edas Calles. Municipios","isPartOf":{"@id":"https:\/\/www.sonoraenequipo.com.mx\/#website"},"primaryImageOfPage":{"@id":"https:\/\/www.sonoraenequipo.com.mx\/cambia-sentido-la-calle-aquiles-serdan-por-trabajos-de-rehabilitacion-en-la-plutarco-elias-calles\/#primaryimage"},"image":{"@id":"https:\/\/www.sonoraenequipo.com.mx\/cambia-sentido-la-calle-aquiles-serdan-por-trabajos-de-rehabilitacion-en-la-plutarco-elias-calles\/#primaryimage"},"thumbnailUrl":"https:\/\/www.sonoraenequipo.com.mx\/storage\/2021\/02\/Elias-Calles_opt.jpg","datePublished":"2021-02-02T17:30:48+00:00","dateModified":"2021-02-03T03:22:45+00:00","description":"HERMOSILLO, SONORA. MX. \u2014 Debido al inicio, esta semana, de los trabajos de rehabilitaci\u00f3n de la calle Plutarco El\u00edas Calles, en la colonia Centro, se En Sonora en Equipo publicamos toda la informaci\u00f3n de Sonora, M\u00e9xico y el Mundo de manera oportuna y busca que la libertad de expresi\u00f3n sea real. Visita nuestro medio informativo publicado desde Hermosillo, Sonora. %","breadcrumb":{"@id":"https:\/\/www.sonoraenequipo.com.mx\/cambia-sentido-la-calle-aquiles-serdan-por-trabajos-de-rehabilitacion-en-la-plutarco-elias-calles\/#breadcrumb"},"inLanguage":"es","potentialAction":[{"@type":"ReadAction","target":["https:\/\/www.sonoraenequipo.com.mx\/cambia-sentido-la-calle-aquiles-serdan-por-trabajos-de-rehabilitacion-en-la-plutarco-elias-calles\/"]}]},{"@type":"ImageObject","inLanguage":"es","@id":"https:\/\/www.sonoraenequipo.com.mx\/cambia-sentido-la-calle-aquiles-serdan-por-trabajos-de-rehabilitacion-en-la-plutarco-elias-calles\/#primaryimage","url":"https:\/\/www.sonoraenequipo.com.mx\/storage\/2021\/02\/Elias-Calles_opt.jpg","contentUrl":"https:\/\/www.sonoraenequipo.com.mx\/storage\/2021\/02\/Elias-Calles_opt.jpg","width":600,"height":400},{"@type":"BreadcrumbList","@id":"https:\/\/www.sonoraenequipo.com.mx\/cambia-sentido-la-calle-aquiles-serdan-por-trabajos-de-rehabilitacion-en-la-plutarco-elias-calles\/#breadcrumb","itemListElement":[{"@type":"ListItem","position":1,"name":"Portada","item":"https:\/\/www.sonoraenequipo.com.mx\/"},{"@type":"ListItem","position":2,"name":"Cambia sentido la calle Aquiles Serd\u00e1n por trabajos de rehabilitaci\u00f3n en la Plutarco El\u00edas Calles."}]},{"@type":"WebSite","@id":"https:\/\/www.sonoraenequipo.com.mx\/#website","url":"https:\/\/www.sonoraenequipo.com.mx\/","name":"Sonora en Equipo.","description":"Diario en l\u00ednea con Noticias desde Hermosillo, Sonora","publisher":{"@id":"https:\/\/www.sonoraenequipo.com.mx\/#organization"},"potentialAction":[{"@type":"SearchAction","target":{"@type":"EntryPoint","urlTemplate":"https:\/\/www.sonoraenequipo.com.mx\/?s={search_term_string}"},"query-input":{"@type":"PropertyValueSpecification","valueRequired":true,"valueName":"search_term_string"}}],"inLanguage":"es"},{"@type":"Organization","@id":"https:\/\/www.sonoraenequipo.com.mx\/#organization","name":"Sonoraenequipo.com.mx","url":"https:\/\/www.sonoraenequipo.com.mx\/","logo":{"@type":"ImageObject","inLanguage":"es","@id":"https:\/\/www.sonoraenequipo.com.mx\/#\/schema\/logo\/image\/","url":"https:\/\/www.sonoraenequipo.com.mx\/storage\/2019\/01\/sonoraenequipo_opt.png","contentUrl":"https:\/\/www.sonoraenequipo.com.mx\/storage\/2019\/01\/sonoraenequipo_opt.png","width":375,"height":125,"caption":"Sonoraenequipo.com.mx"},"image":{"@id":"https:\/\/www.sonoraenequipo.com.mx\/#\/schema\/logo\/image\/"},"sameAs":["https:\/\/www.facebook.com\/SonoraEE\/","https:\/\/x.com\/sonoraenequipo","https:\/\/www.youtube.com\/channel\/UC338nW-lPEYmJQs4ZABQ1SQ"]},{"@type":"Person","@id":"https:\/\/www.sonoraenequipo.com.mx\/#\/schema\/person\/50102df0fb23a8fa9e8effad8fa81386","name":"enequipo","image":{"@type":"ImageObject","inLanguage":"es","@id":"https:\/\/www.sonoraenequipo.com.mx\/#\/schema\/person\/image\/","url":"https:\/\/secure.gravatar.com\/avatar\/049821681b589dabc0bc20695993ccebb09f5b5d4d790cd9251b97faac7c652b?s=96&d=blank&r=g","contentUrl":"https:\/\/secure.gravatar.com\/avatar\/049821681b589dabc0bc20695993ccebb09f5b5d4d790cd9251b97faac7c652b?s=96&d=blank&r=g","caption":"enequipo"},"sameAs":["https:\/\/www.facebook.com\/SonoraEE"]}]}},"jetpack_featured_media_url":"https:\/\/www.sonoraenequipo.com.mx\/storage\/2021\/02\/Elias-Calles_opt.jpg","_links":{"self":[{"href":"https:\/\/www.sonoraenequipo.com.mx\/api\/wp\/v2\/posts\/106065","targetHints":{"allow":["GET"]}}],"collection":[{"href":"https:\/\/www.sonoraenequipo.com.mx\/api\/wp\/v2\/posts"}],"about":[{"href":"https:\/\/www.sonoraenequipo.com.mx\/api\/wp\/v2\/types\/post"}],"author":[{"embeddable":true,"href":"https:\/\/www.sonoraenequipo.com.mx\/api\/wp\/v2\/users\/1"}],"replies":[{"embeddable":true,"href":"https:\/\/www.sonoraenequipo.com.mx\/api\/wp\/v2\/comments?post=106065"}],"version-history":[{"count":1,"href":"https:\/\/www.sonoraenequipo.com.mx\/api\/wp\/v2\/posts\/106065\/revisions"}],"predecessor-version":[{"id":106069,"href":"https:\/\/www.sonoraenequipo.com.mx\/api\/wp\/v2\/posts\/106065\/revisions\/106069"}],"wp:featuredmedia":[{"embeddable":true,"href":"https:\/\/www.sonoraenequipo.com.mx\/api\/wp\/v2\/media\/106067"}],"wp:attachment":[{"href":"https:\/\/www.sonoraenequipo.com.mx\/api\/wp\/v2\/media?parent=106065"}],"wp:term":[{"taxonomy":"category","embeddable":true,"href":"https:\/\/www.sonoraenequipo.com.mx\/api\/wp\/v2\/categories?post=106065"},{"taxonomy":"post_tag","embeddable":true,"href":"https:\/\/www.sonoraenequipo.com.mx\/api\/wp\/v2\/tags?post=106065"}],"curies":[{"name":"wp","href":"https:\/\/api.w.org\/{rel}","templated":true}]}}