{"id":106733,"date":"2021-02-11T15:54:26","date_gmt":"2021-02-11T22:54:26","guid":{"rendered":"https:\/\/www.sonoraenequipo.com.mx\/?p=106733"},"modified":"2021-02-11T15:54:26","modified_gmt":"2021-02-11T22:54:26","slug":"berenice-cano-nueva-titular-del-imd-en-alamos","status":"publish","type":"post","link":"https:\/\/www.sonoraenequipo.com.mx\/berenice-cano-nueva-titular-del-imd-en-alamos\/","title":{"rendered":"Berenice Cano nueva titular del  IMD en \u00c1lamos"},"content":{"rendered":"<p>\u00c1LAMOS,SONORA,MX .\u2500 \u00a0El presidente Municipal V\u00edctor Balderrama tom\u00f3 protesta a Berenice Cano S\u00e1nchez nueva titular del Instituto Municipal del Deporte; la funcionaria dar\u00e1 continuidad al trabajo que ven\u00eda realizando dentro del Instituto pero ahora con la responsabilidad directa.<\/p>\n<p>&nbsp;<\/p>\n<p>El alcalde coment\u00f3 \u00abagradecemos mucho que aceptes el reto, haz hecho un buen trabajo y s\u00e9 el cari\u00f1o que le tienes al deporte, pero sobre todo a nuestra gente de Alamos; hemos vivido tiempos complejos tambi\u00e9n en el \u00e1rea deportiva a consecuencia de la pandemia que nos llev\u00f3 a suspender eventos y torneos e incluso a cerrar los espacios deportivos; pero a\u00fan as\u00ed s\u00e9, que con tu iniciativa y creatividad y el gran equipo del I.M.D buscaran la forma de mantener esta actividad tan importante para el desarrollo de toda la poblaci\u00f3n\u201d.<\/p>\n<p>&nbsp;<\/p>\n<p>Previo a la toma de protesta se le present\u00f3 al alcalde por parte de los instructores de las distintas disciplinas que integran el instituto las necesidades en cada \u00e1rea as\u00ed como el nuevo plan de trabajo a realizar durante el \u00faltimo a\u00f1o de la administraci\u00f3n.<\/p>\n<p>&nbsp;<\/p>\n<p>Berenice Cano S\u00e1nchez es Lic. En ciencias del ejercicio f\u00edsico con m\u00e1s 14 a\u00f1os de experiencia; ha laborado como maestra de educaci\u00f3n f\u00edsica en diferentes instituciones educativas del municipio de Alamos as\u00ed como en el ITSON unidad Obreg\u00f3n y formado parte del Instituto Municipal del Deporte por alrededor de 8 a\u00f1os.<\/p>\n<p>Fecha de publicaci\u00f3n 11\/feb\/2021<\/p>\n","protected":false},"excerpt":{"rendered":"<p>\u00c1LAMOS,SONORA,MX .\u2500 \u00a0El presidente Municipal V\u00edctor Balderrama tom\u00f3 protesta a Berenice Cano S\u00e1nchez nueva titular&#8230;<\/p>\n","protected":false},"author":1,"featured_media":106734,"comment_status":"open","ping_status":"open","sticky":false,"template":"","format":"standard","meta":{"_monsterinsights_skip_tracking":false,"_monsterinsights_sitenote_active":false,"_monsterinsights_sitenote_note":"","_monsterinsights_sitenote_category":0,"footnotes":""},"categories":[4],"tags":[],"class_list":["post"],"yoast_head":" \n<title>Sonora en Equipo. Berenice Cano nueva titular del IMD en \u00c1lamos Municipios<\/title>\n<meta name=\"description\" content=\"\u00c1LAMOS,SONORA,MX .\u2500 \u00a0El presidente Municipal V\u00edctor Balderrama tom\u00f3 protesta a Berenice Cano S\u00e1nchez nueva titular del Instituto Municipal del Deporte; la En Sonora en Equipo publicamos toda la informaci\u00f3n de Sonora, M\u00e9xico y el Mundo de manera oportuna y busca que la libertad de expresi\u00f3n sea real. Visita nuestro medio informativo publicado desde Hermosillo, Sonora. %\" \/>\n<meta name=\"robots\" content=\"index, follow, max-snippet:-1, max-image-preview:large, max-video-preview:-1\" \/>\n<link rel=\"canonical\" href=\"https:\/\/www.sonoraenequipo.com.mx\/berenice-cano-nueva-titular-del-imd-en-alamos\/\" \/>\n<meta property=\"og:locale\" content=\"es_ES\" \/>\n<meta property=\"og:type\" content=\"article\" \/>\n<meta property=\"og:title\" content=\"Sonora en Equipo. Berenice Cano nueva titular del IMD en \u00c1lamos Municipios\" \/>\n<meta property=\"og:description\" content=\"\u00c1LAMOS,SONORA,MX .\u2500 \u00a0El presidente Municipal V\u00edctor Balderrama tom\u00f3 protesta a Berenice Cano S\u00e1nchez nueva titular del Instituto Municipal del Deporte; la En Sonora en Equipo publicamos toda la informaci\u00f3n de Sonora, M\u00e9xico y el Mundo de manera oportuna y busca que la libertad de expresi\u00f3n sea real. Visita nuestro medio informativo publicado desde Hermosillo, Sonora. %\" \/>\n<meta property=\"og:url\" content=\"https:\/\/www.sonoraenequipo.com.mx\/berenice-cano-nueva-titular-del-imd-en-alamos\/\" \/>\n<meta property=\"og:site_name\" content=\"Sonora en Equipo.\" \/>\n<meta property=\"article:publisher\" content=\"https:\/\/www.facebook.com\/SonoraEE\/\" \/>\n<meta property=\"article:author\" content=\"https:\/\/www.facebook.com\/SonoraEE\" \/>\n<meta property=\"article:published_time\" content=\"2021-02-11T22:54:26+00:00\" \/>\n<meta property=\"og:image\" content=\"https:\/\/www.sonoraenequipo.com.mx\/storage\/2021\/02\/BERENICE.jpg\" \/>\n\t<meta property=\"og:image:width\" content=\"500\" \/>\n\t<meta property=\"og:image:height\" content=\"300\" \/>\n\t<meta property=\"og:image:type\" content=\"image\/jpeg\" \/>\n<meta name=\"author\" content=\"enequipo\" \/>\n<meta name=\"twitter:card\" content=\"summary_large_image\" \/>\n<meta name=\"twitter:creator\" content=\"@sonoraenequipo\" \/>\n<meta name=\"twitter:site\" content=\"@sonoraenequipo\" \/>\n<meta name=\"twitter:label1\" content=\"Escrito por\" \/>\n\t<meta name=\"twitter:data1\" content=\"enequipo\" \/>\n\t<meta name=\"twitter:label2\" content=\"Tiempo de lectura\" \/>\n\t<meta name=\"twitter:data2\" content=\"2 minutos\" \/>\n<script type=\"application\/ld+json\" class=\"yoast-schema-graph\">{\"@context\":\"https:\/\/schema.org\",\"@graph\":[{\"@type\":\"Article\",\"@id\":\"https:\/\/www.sonoraenequipo.com.mx\/berenice-cano-nueva-titular-del-imd-en-alamos\/#article\",\"isPartOf\":{\"@id\":\"https:\/\/www.sonoraenequipo.com.mx\/berenice-cano-nueva-titular-del-imd-en-alamos\/\"},\"author\":{\"name\":\"enequipo\",\"@id\":\"https:\/\/www.sonoraenequipo.com.mx\/#\/schema\/person\/50102df0fb23a8fa9e8effad8fa81386\"},\"headline\":\"Berenice Cano nueva titular del IMD en \u00c1lamos\",\"datePublished\":\"2021-02-11T22:54:26+00:00\",\"mainEntityOfPage\":{\"@id\":\"https:\/\/www.sonoraenequipo.com.mx\/berenice-cano-nueva-titular-del-imd-en-alamos\/\"},\"wordCount\":260,\"commentCount\":0,\"publisher\":{\"@id\":\"https:\/\/www.sonoraenequipo.com.mx\/#organization\"},\"image\":{\"@id\":\"https:\/\/www.sonoraenequipo.com.mx\/berenice-cano-nueva-titular-del-imd-en-alamos\/#primaryimage\"},\"thumbnailUrl\":\"https:\/\/www.sonoraenequipo.com.mx\/storage\/2021\/02\/BERENICE.jpg\",\"articleSection\":[\"Municipios\"],\"inLanguage\":\"es\",\"potentialAction\":[{\"@type\":\"CommentAction\",\"name\":\"Comment\",\"target\":[\"https:\/\/www.sonoraenequipo.com.mx\/berenice-cano-nueva-titular-del-imd-en-alamos\/#respond\"]}]},{\"@type\":\"WebPage\",\"@id\":\"https:\/\/www.sonoraenequipo.com.mx\/berenice-cano-nueva-titular-del-imd-en-alamos\/\",\"url\":\"https:\/\/www.sonoraenequipo.com.mx\/berenice-cano-nueva-titular-del-imd-en-alamos\/\",\"name\":\"Sonora en Equipo. Berenice Cano nueva titular del IMD en \u00c1lamos Municipios\",\"isPartOf\":{\"@id\":\"https:\/\/www.sonoraenequipo.com.mx\/#website\"},\"primaryImageOfPage\":{\"@id\":\"https:\/\/www.sonoraenequipo.com.mx\/berenice-cano-nueva-titular-del-imd-en-alamos\/#primaryimage\"},\"image\":{\"@id\":\"https:\/\/www.sonoraenequipo.com.mx\/berenice-cano-nueva-titular-del-imd-en-alamos\/#primaryimage\"},\"thumbnailUrl\":\"https:\/\/www.sonoraenequipo.com.mx\/storage\/2021\/02\/BERENICE.jpg\",\"datePublished\":\"2021-02-11T22:54:26+00:00\",\"description\":\"\u00c1LAMOS,SONORA,MX .\u2500 \u00a0El presidente Municipal V\u00edctor Balderrama tom\u00f3 protesta a Berenice Cano S\u00e1nchez nueva titular del Instituto Municipal del Deporte; la En Sonora en Equipo publicamos toda la informaci\u00f3n de Sonora, M\u00e9xico y el Mundo de manera oportuna y busca que la libertad de expresi\u00f3n sea real. Visita nuestro medio informativo publicado desde Hermosillo, Sonora. %\",\"breadcrumb\":{\"@id\":\"https:\/\/www.sonoraenequipo.com.mx\/berenice-cano-nueva-titular-del-imd-en-alamos\/#breadcrumb\"},\"inLanguage\":\"es\",\"potentialAction\":[{\"@type\":\"ReadAction\",\"target\":[\"https:\/\/www.sonoraenequipo.com.mx\/berenice-cano-nueva-titular-del-imd-en-alamos\/\"]}]},{\"@type\":\"ImageObject\",\"inLanguage\":\"es\",\"@id\":\"https:\/\/www.sonoraenequipo.com.mx\/berenice-cano-nueva-titular-del-imd-en-alamos\/#primaryimage\",\"url\":\"https:\/\/www.sonoraenequipo.com.mx\/storage\/2021\/02\/BERENICE.jpg\",\"contentUrl\":\"https:\/\/www.sonoraenequipo.com.mx\/storage\/2021\/02\/BERENICE.jpg\",\"width\":500,\"height\":300},{\"@type\":\"BreadcrumbList\",\"@id\":\"https:\/\/www.sonoraenequipo.com.mx\/berenice-cano-nueva-titular-del-imd-en-alamos\/#breadcrumb\",\"itemListElement\":[{\"@type\":\"ListItem\",\"position\":1,\"name\":\"Portada\",\"item\":\"https:\/\/www.sonoraenequipo.com.mx\/\"},{\"@type\":\"ListItem\",\"position\":2,\"name\":\"Berenice Cano nueva titular del IMD en \u00c1lamos\"}]},{\"@type\":\"WebSite\",\"@id\":\"https:\/\/www.sonoraenequipo.com.mx\/#website\",\"url\":\"https:\/\/www.sonoraenequipo.com.mx\/\",\"name\":\"Sonora en Equipo.\",\"description\":\"Diario en l\u00ednea con Noticias desde Hermosillo, Sonora\",\"publisher\":{\"@id\":\"https:\/\/www.sonoraenequipo.com.mx\/#organization\"},\"potentialAction\":[{\"@type\":\"SearchAction\",\"target\":{\"@type\":\"EntryPoint\",\"urlTemplate\":\"https:\/\/www.sonoraenequipo.com.mx\/?s={search_term_string}\"},\"query-input\":{\"@type\":\"PropertyValueSpecification\",\"valueRequired\":true,\"valueName\":\"search_term_string\"}}],\"inLanguage\":\"es\"},{\"@type\":\"Organization\",\"@id\":\"https:\/\/www.sonoraenequipo.com.mx\/#organization\",\"name\":\"Sonoraenequipo.com.mx\",\"url\":\"https:\/\/www.sonoraenequipo.com.mx\/\",\"logo\":{\"@type\":\"ImageObject\",\"inLanguage\":\"es\",\"@id\":\"https:\/\/www.sonoraenequipo.com.mx\/#\/schema\/logo\/image\/\",\"url\":\"https:\/\/www.sonoraenequipo.com.mx\/storage\/2019\/01\/sonoraenequipo_opt.png\",\"contentUrl\":\"https:\/\/www.sonoraenequipo.com.mx\/storage\/2019\/01\/sonoraenequipo_opt.png\",\"width\":375,\"height\":125,\"caption\":\"Sonoraenequipo.com.mx\"},\"image\":{\"@id\":\"https:\/\/www.sonoraenequipo.com.mx\/#\/schema\/logo\/image\/\"},\"sameAs\":[\"https:\/\/www.facebook.com\/SonoraEE\/\",\"https:\/\/x.com\/sonoraenequipo\",\"https:\/\/www.youtube.com\/channel\/UC338nW-lPEYmJQs4ZABQ1SQ\"]},{\"@type\":\"Person\",\"@id\":\"https:\/\/www.sonoraenequipo.com.mx\/#\/schema\/person\/50102df0fb23a8fa9e8effad8fa81386\",\"name\":\"enequipo\",\"image\":{\"@type\":\"ImageObject\",\"inLanguage\":\"es\",\"@id\":\"https:\/\/www.sonoraenequipo.com.mx\/#\/schema\/person\/image\/\",\"url\":\"https:\/\/secure.gravatar.com\/avatar\/049821681b589dabc0bc20695993ccebb09f5b5d4d790cd9251b97faac7c652b?s=96&d=blank&r=g\",\"contentUrl\":\"https:\/\/secure.gravatar.com\/avatar\/049821681b589dabc0bc20695993ccebb09f5b5d4d790cd9251b97faac7c652b?s=96&d=blank&r=g\",\"caption\":\"enequipo\"},\"sameAs\":[\"https:\/\/www.facebook.com\/SonoraEE\"]}]}<\/script>\n ","yoast_head_json":{"title":"Sonora en Equipo. Berenice Cano nueva titular del IMD en \u00c1lamos Municipios","description":"\u00c1LAMOS,SONORA,MX .\u2500 \u00a0El presidente Municipal V\u00edctor Balderrama tom\u00f3 protesta a Berenice Cano S\u00e1nchez nueva titular del Instituto Municipal del Deporte; la En Sonora en Equipo publicamos toda la informaci\u00f3n de Sonora, M\u00e9xico y el Mundo de manera oportuna y busca que la libertad de expresi\u00f3n sea real. Visita nuestro medio informativo publicado desde Hermosillo, Sonora. %","robots":{"index":"index","follow":"follow","max-snippet":"max-snippet:-1","max-image-preview":"max-image-preview:large","max-video-preview":"max-video-preview:-1"},"canonical":"https:\/\/www.sonoraenequipo.com.mx\/berenice-cano-nueva-titular-del-imd-en-alamos\/","og_locale":"es_ES","og_type":"article","og_title":"Sonora en Equipo. Berenice Cano nueva titular del IMD en \u00c1lamos Municipios","og_description":"\u00c1LAMOS,SONORA,MX .\u2500 \u00a0El presidente Municipal V\u00edctor Balderrama tom\u00f3 protesta a Berenice Cano S\u00e1nchez nueva titular del Instituto Municipal del Deporte; la En Sonora en Equipo publicamos toda la informaci\u00f3n de Sonora, M\u00e9xico y el Mundo de manera oportuna y busca que la libertad de expresi\u00f3n sea real. Visita nuestro medio informativo publicado desde Hermosillo, Sonora. %","og_url":"https:\/\/www.sonoraenequipo.com.mx\/berenice-cano-nueva-titular-del-imd-en-alamos\/","og_site_name":"Sonora en Equipo.","article_publisher":"https:\/\/www.facebook.com\/SonoraEE\/","article_author":"https:\/\/www.facebook.com\/SonoraEE","article_published_time":"2021-02-11T22:54:26+00:00","og_image":[{"width":500,"height":300,"url":"https:\/\/www.sonoraenequipo.com.mx\/storage\/2021\/02\/BERENICE.jpg","type":"image\/jpeg"}],"author":"enequipo","twitter_card":"summary_large_image","twitter_creator":"@sonoraenequipo","twitter_site":"@sonoraenequipo","twitter_misc":{"Escrito por":"enequipo","Tiempo de lectura":"2 minutos"},"schema":{"@context":"https:\/\/schema.org","@graph":[{"@type":"Article","@id":"https:\/\/www.sonoraenequipo.com.mx\/berenice-cano-nueva-titular-del-imd-en-alamos\/#article","isPartOf":{"@id":"https:\/\/www.sonoraenequipo.com.mx\/berenice-cano-nueva-titular-del-imd-en-alamos\/"},"author":{"name":"enequipo","@id":"https:\/\/www.sonoraenequipo.com.mx\/#\/schema\/person\/50102df0fb23a8fa9e8effad8fa81386"},"headline":"Berenice Cano nueva titular del IMD en \u00c1lamos","datePublished":"2021-02-11T22:54:26+00:00","mainEntityOfPage":{"@id":"https:\/\/www.sonoraenequipo.com.mx\/berenice-cano-nueva-titular-del-imd-en-alamos\/"},"wordCount":260,"commentCount":0,"publisher":{"@id":"https:\/\/www.sonoraenequipo.com.mx\/#organization"},"image":{"@id":"https:\/\/www.sonoraenequipo.com.mx\/berenice-cano-nueva-titular-del-imd-en-alamos\/#primaryimage"},"thumbnailUrl":"https:\/\/www.sonoraenequipo.com.mx\/storage\/2021\/02\/BERENICE.jpg","articleSection":["Municipios"],"inLanguage":"es","potentialAction":[{"@type":"CommentAction","name":"Comment","target":["https:\/\/www.sonoraenequipo.com.mx\/berenice-cano-nueva-titular-del-imd-en-alamos\/#respond"]}]},{"@type":"WebPage","@id":"https:\/\/www.sonoraenequipo.com.mx\/berenice-cano-nueva-titular-del-imd-en-alamos\/","url":"https:\/\/www.sonoraenequipo.com.mx\/berenice-cano-nueva-titular-del-imd-en-alamos\/","name":"Sonora en Equipo. Berenice Cano nueva titular del IMD en \u00c1lamos Municipios","isPartOf":{"@id":"https:\/\/www.sonoraenequipo.com.mx\/#website"},"primaryImageOfPage":{"@id":"https:\/\/www.sonoraenequipo.com.mx\/berenice-cano-nueva-titular-del-imd-en-alamos\/#primaryimage"},"image":{"@id":"https:\/\/www.sonoraenequipo.com.mx\/berenice-cano-nueva-titular-del-imd-en-alamos\/#primaryimage"},"thumbnailUrl":"https:\/\/www.sonoraenequipo.com.mx\/storage\/2021\/02\/BERENICE.jpg","datePublished":"2021-02-11T22:54:26+00:00","description":"\u00c1LAMOS,SONORA,MX .\u2500 \u00a0El presidente Municipal V\u00edctor Balderrama tom\u00f3 protesta a Berenice Cano S\u00e1nchez nueva titular del Instituto Municipal del Deporte; la En Sonora en Equipo publicamos toda la informaci\u00f3n de Sonora, M\u00e9xico y el Mundo de manera oportuna y busca que la libertad de expresi\u00f3n sea real. Visita nuestro medio informativo publicado desde Hermosillo, Sonora. %","breadcrumb":{"@id":"https:\/\/www.sonoraenequipo.com.mx\/berenice-cano-nueva-titular-del-imd-en-alamos\/#breadcrumb"},"inLanguage":"es","potentialAction":[{"@type":"ReadAction","target":["https:\/\/www.sonoraenequipo.com.mx\/berenice-cano-nueva-titular-del-imd-en-alamos\/"]}]},{"@type":"ImageObject","inLanguage":"es","@id":"https:\/\/www.sonoraenequipo.com.mx\/berenice-cano-nueva-titular-del-imd-en-alamos\/#primaryimage","url":"https:\/\/www.sonoraenequipo.com.mx\/storage\/2021\/02\/BERENICE.jpg","contentUrl":"https:\/\/www.sonoraenequipo.com.mx\/storage\/2021\/02\/BERENICE.jpg","width":500,"height":300},{"@type":"BreadcrumbList","@id":"https:\/\/www.sonoraenequipo.com.mx\/berenice-cano-nueva-titular-del-imd-en-alamos\/#breadcrumb","itemListElement":[{"@type":"ListItem","position":1,"name":"Portada","item":"https:\/\/www.sonoraenequipo.com.mx\/"},{"@type":"ListItem","position":2,"name":"Berenice Cano nueva titular del IMD en \u00c1lamos"}]},{"@type":"WebSite","@id":"https:\/\/www.sonoraenequipo.com.mx\/#website","url":"https:\/\/www.sonoraenequipo.com.mx\/","name":"Sonora en Equipo.","description":"Diario en l\u00ednea con Noticias desde Hermosillo, Sonora","publisher":{"@id":"https:\/\/www.sonoraenequipo.com.mx\/#organization"},"potentialAction":[{"@type":"SearchAction","target":{"@type":"EntryPoint","urlTemplate":"https:\/\/www.sonoraenequipo.com.mx\/?s={search_term_string}"},"query-input":{"@type":"PropertyValueSpecification","valueRequired":true,"valueName":"search_term_string"}}],"inLanguage":"es"},{"@type":"Organization","@id":"https:\/\/www.sonoraenequipo.com.mx\/#organization","name":"Sonoraenequipo.com.mx","url":"https:\/\/www.sonoraenequipo.com.mx\/","logo":{"@type":"ImageObject","inLanguage":"es","@id":"https:\/\/www.sonoraenequipo.com.mx\/#\/schema\/logo\/image\/","url":"https:\/\/www.sonoraenequipo.com.mx\/storage\/2019\/01\/sonoraenequipo_opt.png","contentUrl":"https:\/\/www.sonoraenequipo.com.mx\/storage\/2019\/01\/sonoraenequipo_opt.png","width":375,"height":125,"caption":"Sonoraenequipo.com.mx"},"image":{"@id":"https:\/\/www.sonoraenequipo.com.mx\/#\/schema\/logo\/image\/"},"sameAs":["https:\/\/www.facebook.com\/SonoraEE\/","https:\/\/x.com\/sonoraenequipo","https:\/\/www.youtube.com\/channel\/UC338nW-lPEYmJQs4ZABQ1SQ"]},{"@type":"Person","@id":"https:\/\/www.sonoraenequipo.com.mx\/#\/schema\/person\/50102df0fb23a8fa9e8effad8fa81386","name":"enequipo","image":{"@type":"ImageObject","inLanguage":"es","@id":"https:\/\/www.sonoraenequipo.com.mx\/#\/schema\/person\/image\/","url":"https:\/\/secure.gravatar.com\/avatar\/049821681b589dabc0bc20695993ccebb09f5b5d4d790cd9251b97faac7c652b?s=96&d=blank&r=g","contentUrl":"https:\/\/secure.gravatar.com\/avatar\/049821681b589dabc0bc20695993ccebb09f5b5d4d790cd9251b97faac7c652b?s=96&d=blank&r=g","caption":"enequipo"},"sameAs":["https:\/\/www.facebook.com\/SonoraEE"]}]}},"jetpack_featured_media_url":"https:\/\/www.sonoraenequipo.com.mx\/storage\/2021\/02\/BERENICE.jpg","_links":{"self":[{"href":"https:\/\/www.sonoraenequipo.com.mx\/api\/wp\/v2\/posts\/106733","targetHints":{"allow":["GET"]}}],"collection":[{"href":"https:\/\/www.sonoraenequipo.com.mx\/api\/wp\/v2\/posts"}],"about":[{"href":"https:\/\/www.sonoraenequipo.com.mx\/api\/wp\/v2\/types\/post"}],"author":[{"embeddable":true,"href":"https:\/\/www.sonoraenequipo.com.mx\/api\/wp\/v2\/users\/1"}],"replies":[{"embeddable":true,"href":"https:\/\/www.sonoraenequipo.com.mx\/api\/wp\/v2\/comments?post=106733"}],"version-history":[{"count":1,"href":"https:\/\/www.sonoraenequipo.com.mx\/api\/wp\/v2\/posts\/106733\/revisions"}],"predecessor-version":[{"id":106735,"href":"https:\/\/www.sonoraenequipo.com.mx\/api\/wp\/v2\/posts\/106733\/revisions\/106735"}],"wp:featuredmedia":[{"embeddable":true,"href":"https:\/\/www.sonoraenequipo.com.mx\/api\/wp\/v2\/media\/106734"}],"wp:attachment":[{"href":"https:\/\/www.sonoraenequipo.com.mx\/api\/wp\/v2\/media?parent=106733"}],"wp:term":[{"taxonomy":"category","embeddable":true,"href":"https:\/\/www.sonoraenequipo.com.mx\/api\/wp\/v2\/categories?post=106733"},{"taxonomy":"post_tag","embeddable":true,"href":"https:\/\/www.sonoraenequipo.com.mx\/api\/wp\/v2\/tags?post=106733"}],"curies":[{"name":"wp","href":"https:\/\/api.w.org\/{rel}","templated":true}]}}