{"id":106736,"date":"2021-02-11T16:19:15","date_gmt":"2021-02-11T23:19:15","guid":{"rendered":"https:\/\/www.sonoraenequipo.com.mx\/?p=106736"},"modified":"2021-02-11T16:19:15","modified_gmt":"2021-02-11T23:19:15","slug":"expone-gobernadora-pavlovich-prioridades-de-su-plan-de-trabajo-en-conago-al-presidente-lopez-obrador","status":"publish","type":"post","link":"https:\/\/www.sonoraenequipo.com.mx\/expone-gobernadora-pavlovich-prioridades-de-su-plan-de-trabajo-en-conago-al-presidente-lopez-obrador\/","title":{"rendered":"Expone Gobernadora Pavlovich prioridades de su plan de trabajo en Conago al presidente L\u00f3pez Obrador"},"content":{"rendered":"<p>CIUDAD DE M\u00c9XICO.\u2500 \u00a0La gobernadora Claudia Pavlovich Arellano, en su calidad de presidenta de la Conferencia Nacional de Gobernadores (Conago), sostuvo una reuni\u00f3n oficial con el presidente de M\u00e9xico, Andr\u00e9s Manuel L\u00f3pez Obrador, en el que le comparti\u00f3 las prioridades de su estrategia integral a fin de impulsar acciones coordinadas con el Gobierno Federal en beneficio de los estados, misma que se centra en tres ejes: proceso de vacunaci\u00f3n contra COVID-19, fortalecimiento del sistema de educaci\u00f3n a distancia y protecci\u00f3n de ni\u00f1as y ni\u00f1os contra pornograf\u00eda y tr\u00e1fico sexual infantil.<\/p>\n<p>&nbsp;<\/p>\n<p>En la visita oficial con el presidente L\u00f3pez Obrador, la mandataria estatal resalt\u00f3 la importancia de seguir trabajando de forma coordinada para combatir la pandemia por el COVID-19 en M\u00e9xico, sobre todo en este per\u00edodo donde ya se tiene en marcha el proceso de vacunaci\u00f3n, con la intenci\u00f3n de que la vacuna sea aplicada a toda la poblaci\u00f3n vulnerable del pa\u00eds, cumpliendo de forma transparente con el esquema que se tiene planteado y agilizar el operativo.<\/p>\n<p>&nbsp;<\/p>\n<p>Adem\u00e1s de priorizar el tema de vacunaci\u00f3n contra el COVID-19 y fortalecer la tarea de prevenci\u00f3n como principal herramienta contra esta pandemia, la presidenta de la Conago destac\u00f3 que la agenda de trabajo presentada contempla una estrategia integral para buscar garantizar el acceso a la tecnolog\u00eda para todas las ni\u00f1as, ni\u00f1os y j\u00f3venes, ya que esta pandemia ha mostrado la importancia de que cada alumno cuente con esta herramienta para bien de su educaci\u00f3n y evitar la deserci\u00f3n educativa.<\/p>\n<p>&nbsp;<\/p>\n<p>Indic\u00f3 que es necesario que se reconozca como carencia por Coneval la falta de acceso a la tecnolog\u00eda, para que el estado mexicano en su conjunto trabaje una pol\u00edtica integral para garantizar condiciones de igualdad.<\/p>\n<p>&nbsp;<\/p>\n<p>La gobernadora Pavlovich expuso al presidente L\u00f3pez Obrador que la trata, prostituci\u00f3n y pornograf\u00eda infantil es otro tema toral en su plan de trabajo, ya que en el primer semestre del a\u00f1o pasado se registr\u00f3 un incremento del 157%, en comparaci\u00f3n con 2019, en las denuncias ciudadanas por esta problem\u00e1tica; entre enero y octubre del a\u00f1o pasado tambi\u00e9n hubo un incremento de 27.7% en el delito de trata y de 21% en el rapto de menores.<\/p>\n<p>&nbsp;<\/p>\n<p>Apunt\u00f3 que es necesario que el Registro de Agresores Sexuales contra mujeres, ni\u00f1as y ni\u00f1os sea una pol\u00edtica nacional urgente, para impedir que este tipo de delincuentes da\u00f1en a la ni\u00f1ez.<\/p>\n<p>&nbsp;<\/p>\n<p>M\u00e1s tarde, el presidente Andr\u00e9s Manuel L\u00f3pez Obrador expres\u00f3, a trav\u00e9s de redes sociales, que derivado del encuentro con la mandataria sonorense, presidenta de la Conago, seguir\u00e1n trabajando de forma coordinada a favor del pueblo de M\u00e9xico.<\/p>\n<p>Fecha de publicaci\u00f3n 11\/feb\/2021<\/p>\n<p>&nbsp;<\/p>\n","protected":false},"excerpt":{"rendered":"<p>CIUDAD DE M\u00c9XICO.\u2500 \u00a0La gobernadora Claudia Pavlovich Arellano, en su calidad de presidenta de la&#8230;<\/p>\n","protected":false},"author":1,"featured_media":106737,"comment_status":"open","ping_status":"open","sticky":false,"template":"","format":"standard","meta":{"_monsterinsights_skip_tracking":false,"_monsterinsights_sitenote_active":false,"_monsterinsights_sitenote_note":"","_monsterinsights_sitenote_category":0,"footnotes":""},"categories":[5],"tags":[],"class_list":["post"],"yoast_head":" \n<title>Sonora en Equipo. Expone Gobernadora Pavlovich prioridades de su plan de trabajo en Conago al presidente L\u00f3pez Obrador Rep\u00fablica<\/title>\n<meta name=\"description\" content=\"CIUDAD DE M\u00c9XICO.\u2500 \u00a0La gobernadora Claudia Pavlovich Arellano, en su calidad de presidenta de la Conferencia Nacional de Gobernadores (Conago), sostuvo En Sonora en Equipo publicamos toda la informaci\u00f3n de Sonora, M\u00e9xico y el Mundo de manera oportuna y busca que la libertad de expresi\u00f3n sea real. Visita nuestro medio informativo publicado desde Hermosillo, Sonora. %\" \/>\n<meta name=\"robots\" content=\"index, follow, max-snippet:-1, max-image-preview:large, max-video-preview:-1\" \/>\n<link rel=\"canonical\" href=\"https:\/\/www.sonoraenequipo.com.mx\/expone-gobernadora-pavlovich-prioridades-de-su-plan-de-trabajo-en-conago-al-presidente-lopez-obrador\/\" \/>\n<meta property=\"og:locale\" content=\"es_ES\" \/>\n<meta property=\"og:type\" content=\"article\" \/>\n<meta property=\"og:title\" content=\"Sonora en Equipo. Expone Gobernadora Pavlovich prioridades de su plan de trabajo en Conago al presidente L\u00f3pez Obrador Rep\u00fablica\" \/>\n<meta property=\"og:description\" content=\"CIUDAD DE M\u00c9XICO.\u2500 \u00a0La gobernadora Claudia Pavlovich Arellano, en su calidad de presidenta de la Conferencia Nacional de Gobernadores (Conago), sostuvo En Sonora en Equipo publicamos toda la informaci\u00f3n de Sonora, M\u00e9xico y el Mundo de manera oportuna y busca que la libertad de expresi\u00f3n sea real. Visita nuestro medio informativo publicado desde Hermosillo, Sonora. %\" \/>\n<meta property=\"og:url\" content=\"https:\/\/www.sonoraenequipo.com.mx\/expone-gobernadora-pavlovich-prioridades-de-su-plan-de-trabajo-en-conago-al-presidente-lopez-obrador\/\" \/>\n<meta property=\"og:site_name\" content=\"Sonora en Equipo.\" \/>\n<meta property=\"article:publisher\" content=\"https:\/\/www.facebook.com\/SonoraEE\/\" \/>\n<meta property=\"article:author\" content=\"https:\/\/www.facebook.com\/SonoraEE\" \/>\n<meta property=\"article:published_time\" content=\"2021-02-11T23:19:15+00:00\" \/>\n<meta property=\"og:image\" content=\"https:\/\/www.sonoraenequipo.com.mx\/storage\/2021\/02\/CPA-AMLO.jpg\" \/>\n\t<meta property=\"og:image:width\" content=\"500\" \/>\n\t<meta property=\"og:image:height\" content=\"333\" \/>\n\t<meta property=\"og:image:type\" content=\"image\/jpeg\" \/>\n<meta name=\"author\" content=\"enequipo\" \/>\n<meta name=\"twitter:card\" content=\"summary_large_image\" \/>\n<meta name=\"twitter:creator\" content=\"@sonoraenequipo\" \/>\n<meta name=\"twitter:site\" content=\"@sonoraenequipo\" \/>\n<meta name=\"twitter:label1\" content=\"Escrito por\" \/>\n\t<meta name=\"twitter:data1\" content=\"enequipo\" \/>\n\t<meta name=\"twitter:label2\" content=\"Tiempo de lectura\" \/>\n\t<meta name=\"twitter:data2\" content=\"2 minutos\" \/>\n<script type=\"application\/ld+json\" class=\"yoast-schema-graph\">{\"@context\":\"https:\/\/schema.org\",\"@graph\":[{\"@type\":\"Article\",\"@id\":\"https:\/\/www.sonoraenequipo.com.mx\/expone-gobernadora-pavlovich-prioridades-de-su-plan-de-trabajo-en-conago-al-presidente-lopez-obrador\/#article\",\"isPartOf\":{\"@id\":\"https:\/\/www.sonoraenequipo.com.mx\/expone-gobernadora-pavlovich-prioridades-de-su-plan-de-trabajo-en-conago-al-presidente-lopez-obrador\/\"},\"author\":{\"name\":\"enequipo\",\"@id\":\"https:\/\/www.sonoraenequipo.com.mx\/#\/schema\/person\/50102df0fb23a8fa9e8effad8fa81386\"},\"headline\":\"Expone Gobernadora Pavlovich prioridades de su plan de trabajo en Conago al presidente L\u00f3pez Obrador\",\"datePublished\":\"2021-02-11T23:19:15+00:00\",\"mainEntityOfPage\":{\"@id\":\"https:\/\/www.sonoraenequipo.com.mx\/expone-gobernadora-pavlovich-prioridades-de-su-plan-de-trabajo-en-conago-al-presidente-lopez-obrador\/\"},\"wordCount\":497,\"commentCount\":0,\"publisher\":{\"@id\":\"https:\/\/www.sonoraenequipo.com.mx\/#organization\"},\"image\":{\"@id\":\"https:\/\/www.sonoraenequipo.com.mx\/expone-gobernadora-pavlovich-prioridades-de-su-plan-de-trabajo-en-conago-al-presidente-lopez-obrador\/#primaryimage\"},\"thumbnailUrl\":\"https:\/\/www.sonoraenequipo.com.mx\/storage\/2021\/02\/CPA-AMLO.jpg\",\"articleSection\":[\"Rep\u00fablica\"],\"inLanguage\":\"es\",\"potentialAction\":[{\"@type\":\"CommentAction\",\"name\":\"Comment\",\"target\":[\"https:\/\/www.sonoraenequipo.com.mx\/expone-gobernadora-pavlovich-prioridades-de-su-plan-de-trabajo-en-conago-al-presidente-lopez-obrador\/#respond\"]}]},{\"@type\":\"WebPage\",\"@id\":\"https:\/\/www.sonoraenequipo.com.mx\/expone-gobernadora-pavlovich-prioridades-de-su-plan-de-trabajo-en-conago-al-presidente-lopez-obrador\/\",\"url\":\"https:\/\/www.sonoraenequipo.com.mx\/expone-gobernadora-pavlovich-prioridades-de-su-plan-de-trabajo-en-conago-al-presidente-lopez-obrador\/\",\"name\":\"Sonora en Equipo. Expone Gobernadora Pavlovich prioridades de su plan de trabajo en Conago al presidente L\u00f3pez Obrador Rep\u00fablica\",\"isPartOf\":{\"@id\":\"https:\/\/www.sonoraenequipo.com.mx\/#website\"},\"primaryImageOfPage\":{\"@id\":\"https:\/\/www.sonoraenequipo.com.mx\/expone-gobernadora-pavlovich-prioridades-de-su-plan-de-trabajo-en-conago-al-presidente-lopez-obrador\/#primaryimage\"},\"image\":{\"@id\":\"https:\/\/www.sonoraenequipo.com.mx\/expone-gobernadora-pavlovich-prioridades-de-su-plan-de-trabajo-en-conago-al-presidente-lopez-obrador\/#primaryimage\"},\"thumbnailUrl\":\"https:\/\/www.sonoraenequipo.com.mx\/storage\/2021\/02\/CPA-AMLO.jpg\",\"datePublished\":\"2021-02-11T23:19:15+00:00\",\"description\":\"CIUDAD DE M\u00c9XICO.\u2500 \u00a0La gobernadora Claudia Pavlovich Arellano, en su calidad de presidenta de la Conferencia Nacional de Gobernadores (Conago), sostuvo En Sonora en Equipo publicamos toda la informaci\u00f3n de Sonora, M\u00e9xico y el Mundo de manera oportuna y busca que la libertad de expresi\u00f3n sea real. Visita nuestro medio informativo publicado desde Hermosillo, Sonora. %\",\"breadcrumb\":{\"@id\":\"https:\/\/www.sonoraenequipo.com.mx\/expone-gobernadora-pavlovich-prioridades-de-su-plan-de-trabajo-en-conago-al-presidente-lopez-obrador\/#breadcrumb\"},\"inLanguage\":\"es\",\"potentialAction\":[{\"@type\":\"ReadAction\",\"target\":[\"https:\/\/www.sonoraenequipo.com.mx\/expone-gobernadora-pavlovich-prioridades-de-su-plan-de-trabajo-en-conago-al-presidente-lopez-obrador\/\"]}]},{\"@type\":\"ImageObject\",\"inLanguage\":\"es\",\"@id\":\"https:\/\/www.sonoraenequipo.com.mx\/expone-gobernadora-pavlovich-prioridades-de-su-plan-de-trabajo-en-conago-al-presidente-lopez-obrador\/#primaryimage\",\"url\":\"https:\/\/www.sonoraenequipo.com.mx\/storage\/2021\/02\/CPA-AMLO.jpg\",\"contentUrl\":\"https:\/\/www.sonoraenequipo.com.mx\/storage\/2021\/02\/CPA-AMLO.jpg\",\"width\":500,\"height\":333},{\"@type\":\"BreadcrumbList\",\"@id\":\"https:\/\/www.sonoraenequipo.com.mx\/expone-gobernadora-pavlovich-prioridades-de-su-plan-de-trabajo-en-conago-al-presidente-lopez-obrador\/#breadcrumb\",\"itemListElement\":[{\"@type\":\"ListItem\",\"position\":1,\"name\":\"Portada\",\"item\":\"https:\/\/www.sonoraenequipo.com.mx\/\"},{\"@type\":\"ListItem\",\"position\":2,\"name\":\"Expone Gobernadora Pavlovich prioridades de su plan de trabajo en Conago al presidente L\u00f3pez Obrador\"}]},{\"@type\":\"WebSite\",\"@id\":\"https:\/\/www.sonoraenequipo.com.mx\/#website\",\"url\":\"https:\/\/www.sonoraenequipo.com.mx\/\",\"name\":\"Sonora en Equipo.\",\"description\":\"Diario en l\u00ednea con Noticias desde Hermosillo, Sonora\",\"publisher\":{\"@id\":\"https:\/\/www.sonoraenequipo.com.mx\/#organization\"},\"potentialAction\":[{\"@type\":\"SearchAction\",\"target\":{\"@type\":\"EntryPoint\",\"urlTemplate\":\"https:\/\/www.sonoraenequipo.com.mx\/?s={search_term_string}\"},\"query-input\":{\"@type\":\"PropertyValueSpecification\",\"valueRequired\":true,\"valueName\":\"search_term_string\"}}],\"inLanguage\":\"es\"},{\"@type\":\"Organization\",\"@id\":\"https:\/\/www.sonoraenequipo.com.mx\/#organization\",\"name\":\"Sonoraenequipo.com.mx\",\"url\":\"https:\/\/www.sonoraenequipo.com.mx\/\",\"logo\":{\"@type\":\"ImageObject\",\"inLanguage\":\"es\",\"@id\":\"https:\/\/www.sonoraenequipo.com.mx\/#\/schema\/logo\/image\/\",\"url\":\"https:\/\/www.sonoraenequipo.com.mx\/storage\/2019\/01\/sonoraenequipo_opt.png\",\"contentUrl\":\"https:\/\/www.sonoraenequipo.com.mx\/storage\/2019\/01\/sonoraenequipo_opt.png\",\"width\":375,\"height\":125,\"caption\":\"Sonoraenequipo.com.mx\"},\"image\":{\"@id\":\"https:\/\/www.sonoraenequipo.com.mx\/#\/schema\/logo\/image\/\"},\"sameAs\":[\"https:\/\/www.facebook.com\/SonoraEE\/\",\"https:\/\/x.com\/sonoraenequipo\",\"https:\/\/www.youtube.com\/channel\/UC338nW-lPEYmJQs4ZABQ1SQ\"]},{\"@type\":\"Person\",\"@id\":\"https:\/\/www.sonoraenequipo.com.mx\/#\/schema\/person\/50102df0fb23a8fa9e8effad8fa81386\",\"name\":\"enequipo\",\"image\":{\"@type\":\"ImageObject\",\"inLanguage\":\"es\",\"@id\":\"https:\/\/www.sonoraenequipo.com.mx\/#\/schema\/person\/image\/\",\"url\":\"https:\/\/secure.gravatar.com\/avatar\/049821681b589dabc0bc20695993ccebb09f5b5d4d790cd9251b97faac7c652b?s=96&d=blank&r=g\",\"contentUrl\":\"https:\/\/secure.gravatar.com\/avatar\/049821681b589dabc0bc20695993ccebb09f5b5d4d790cd9251b97faac7c652b?s=96&d=blank&r=g\",\"caption\":\"enequipo\"},\"sameAs\":[\"https:\/\/www.facebook.com\/SonoraEE\"]}]}<\/script>\n ","yoast_head_json":{"title":"Sonora en Equipo. Expone Gobernadora Pavlovich prioridades de su plan de trabajo en Conago al presidente L\u00f3pez Obrador Rep\u00fablica","description":"CIUDAD DE M\u00c9XICO.\u2500 \u00a0La gobernadora Claudia Pavlovich Arellano, en su calidad de presidenta de la Conferencia Nacional de Gobernadores (Conago), sostuvo En Sonora en Equipo publicamos toda la informaci\u00f3n de Sonora, M\u00e9xico y el Mundo de manera oportuna y busca que la libertad de expresi\u00f3n sea real. Visita nuestro medio informativo publicado desde Hermosillo, Sonora. %","robots":{"index":"index","follow":"follow","max-snippet":"max-snippet:-1","max-image-preview":"max-image-preview:large","max-video-preview":"max-video-preview:-1"},"canonical":"https:\/\/www.sonoraenequipo.com.mx\/expone-gobernadora-pavlovich-prioridades-de-su-plan-de-trabajo-en-conago-al-presidente-lopez-obrador\/","og_locale":"es_ES","og_type":"article","og_title":"Sonora en Equipo. Expone Gobernadora Pavlovich prioridades de su plan de trabajo en Conago al presidente L\u00f3pez Obrador Rep\u00fablica","og_description":"CIUDAD DE M\u00c9XICO.\u2500 \u00a0La gobernadora Claudia Pavlovich Arellano, en su calidad de presidenta de la Conferencia Nacional de Gobernadores (Conago), sostuvo En Sonora en Equipo publicamos toda la informaci\u00f3n de Sonora, M\u00e9xico y el Mundo de manera oportuna y busca que la libertad de expresi\u00f3n sea real. Visita nuestro medio informativo publicado desde Hermosillo, Sonora. %","og_url":"https:\/\/www.sonoraenequipo.com.mx\/expone-gobernadora-pavlovich-prioridades-de-su-plan-de-trabajo-en-conago-al-presidente-lopez-obrador\/","og_site_name":"Sonora en Equipo.","article_publisher":"https:\/\/www.facebook.com\/SonoraEE\/","article_author":"https:\/\/www.facebook.com\/SonoraEE","article_published_time":"2021-02-11T23:19:15+00:00","og_image":[{"width":500,"height":333,"url":"https:\/\/www.sonoraenequipo.com.mx\/storage\/2021\/02\/CPA-AMLO.jpg","type":"image\/jpeg"}],"author":"enequipo","twitter_card":"summary_large_image","twitter_creator":"@sonoraenequipo","twitter_site":"@sonoraenequipo","twitter_misc":{"Escrito por":"enequipo","Tiempo de lectura":"2 minutos"},"schema":{"@context":"https:\/\/schema.org","@graph":[{"@type":"Article","@id":"https:\/\/www.sonoraenequipo.com.mx\/expone-gobernadora-pavlovich-prioridades-de-su-plan-de-trabajo-en-conago-al-presidente-lopez-obrador\/#article","isPartOf":{"@id":"https:\/\/www.sonoraenequipo.com.mx\/expone-gobernadora-pavlovich-prioridades-de-su-plan-de-trabajo-en-conago-al-presidente-lopez-obrador\/"},"author":{"name":"enequipo","@id":"https:\/\/www.sonoraenequipo.com.mx\/#\/schema\/person\/50102df0fb23a8fa9e8effad8fa81386"},"headline":"Expone Gobernadora Pavlovich prioridades de su plan de trabajo en Conago al presidente L\u00f3pez Obrador","datePublished":"2021-02-11T23:19:15+00:00","mainEntityOfPage":{"@id":"https:\/\/www.sonoraenequipo.com.mx\/expone-gobernadora-pavlovich-prioridades-de-su-plan-de-trabajo-en-conago-al-presidente-lopez-obrador\/"},"wordCount":497,"commentCount":0,"publisher":{"@id":"https:\/\/www.sonoraenequipo.com.mx\/#organization"},"image":{"@id":"https:\/\/www.sonoraenequipo.com.mx\/expone-gobernadora-pavlovich-prioridades-de-su-plan-de-trabajo-en-conago-al-presidente-lopez-obrador\/#primaryimage"},"thumbnailUrl":"https:\/\/www.sonoraenequipo.com.mx\/storage\/2021\/02\/CPA-AMLO.jpg","articleSection":["Rep\u00fablica"],"inLanguage":"es","potentialAction":[{"@type":"CommentAction","name":"Comment","target":["https:\/\/www.sonoraenequipo.com.mx\/expone-gobernadora-pavlovich-prioridades-de-su-plan-de-trabajo-en-conago-al-presidente-lopez-obrador\/#respond"]}]},{"@type":"WebPage","@id":"https:\/\/www.sonoraenequipo.com.mx\/expone-gobernadora-pavlovich-prioridades-de-su-plan-de-trabajo-en-conago-al-presidente-lopez-obrador\/","url":"https:\/\/www.sonoraenequipo.com.mx\/expone-gobernadora-pavlovich-prioridades-de-su-plan-de-trabajo-en-conago-al-presidente-lopez-obrador\/","name":"Sonora en Equipo. Expone Gobernadora Pavlovich prioridades de su plan de trabajo en Conago al presidente L\u00f3pez Obrador Rep\u00fablica","isPartOf":{"@id":"https:\/\/www.sonoraenequipo.com.mx\/#website"},"primaryImageOfPage":{"@id":"https:\/\/www.sonoraenequipo.com.mx\/expone-gobernadora-pavlovich-prioridades-de-su-plan-de-trabajo-en-conago-al-presidente-lopez-obrador\/#primaryimage"},"image":{"@id":"https:\/\/www.sonoraenequipo.com.mx\/expone-gobernadora-pavlovich-prioridades-de-su-plan-de-trabajo-en-conago-al-presidente-lopez-obrador\/#primaryimage"},"thumbnailUrl":"https:\/\/www.sonoraenequipo.com.mx\/storage\/2021\/02\/CPA-AMLO.jpg","datePublished":"2021-02-11T23:19:15+00:00","description":"CIUDAD DE M\u00c9XICO.\u2500 \u00a0La gobernadora Claudia Pavlovich Arellano, en su calidad de presidenta de la Conferencia Nacional de Gobernadores (Conago), sostuvo En Sonora en Equipo publicamos toda la informaci\u00f3n de Sonora, M\u00e9xico y el Mundo de manera oportuna y busca que la libertad de expresi\u00f3n sea real. Visita nuestro medio informativo publicado desde Hermosillo, Sonora. %","breadcrumb":{"@id":"https:\/\/www.sonoraenequipo.com.mx\/expone-gobernadora-pavlovich-prioridades-de-su-plan-de-trabajo-en-conago-al-presidente-lopez-obrador\/#breadcrumb"},"inLanguage":"es","potentialAction":[{"@type":"ReadAction","target":["https:\/\/www.sonoraenequipo.com.mx\/expone-gobernadora-pavlovich-prioridades-de-su-plan-de-trabajo-en-conago-al-presidente-lopez-obrador\/"]}]},{"@type":"ImageObject","inLanguage":"es","@id":"https:\/\/www.sonoraenequipo.com.mx\/expone-gobernadora-pavlovich-prioridades-de-su-plan-de-trabajo-en-conago-al-presidente-lopez-obrador\/#primaryimage","url":"https:\/\/www.sonoraenequipo.com.mx\/storage\/2021\/02\/CPA-AMLO.jpg","contentUrl":"https:\/\/www.sonoraenequipo.com.mx\/storage\/2021\/02\/CPA-AMLO.jpg","width":500,"height":333},{"@type":"BreadcrumbList","@id":"https:\/\/www.sonoraenequipo.com.mx\/expone-gobernadora-pavlovich-prioridades-de-su-plan-de-trabajo-en-conago-al-presidente-lopez-obrador\/#breadcrumb","itemListElement":[{"@type":"ListItem","position":1,"name":"Portada","item":"https:\/\/www.sonoraenequipo.com.mx\/"},{"@type":"ListItem","position":2,"name":"Expone Gobernadora Pavlovich prioridades de su plan de trabajo en Conago al presidente L\u00f3pez Obrador"}]},{"@type":"WebSite","@id":"https:\/\/www.sonoraenequipo.com.mx\/#website","url":"https:\/\/www.sonoraenequipo.com.mx\/","name":"Sonora en Equipo.","description":"Diario en l\u00ednea con Noticias desde Hermosillo, Sonora","publisher":{"@id":"https:\/\/www.sonoraenequipo.com.mx\/#organization"},"potentialAction":[{"@type":"SearchAction","target":{"@type":"EntryPoint","urlTemplate":"https:\/\/www.sonoraenequipo.com.mx\/?s={search_term_string}"},"query-input":{"@type":"PropertyValueSpecification","valueRequired":true,"valueName":"search_term_string"}}],"inLanguage":"es"},{"@type":"Organization","@id":"https:\/\/www.sonoraenequipo.com.mx\/#organization","name":"Sonoraenequipo.com.mx","url":"https:\/\/www.sonoraenequipo.com.mx\/","logo":{"@type":"ImageObject","inLanguage":"es","@id":"https:\/\/www.sonoraenequipo.com.mx\/#\/schema\/logo\/image\/","url":"https:\/\/www.sonoraenequipo.com.mx\/storage\/2019\/01\/sonoraenequipo_opt.png","contentUrl":"https:\/\/www.sonoraenequipo.com.mx\/storage\/2019\/01\/sonoraenequipo_opt.png","width":375,"height":125,"caption":"Sonoraenequipo.com.mx"},"image":{"@id":"https:\/\/www.sonoraenequipo.com.mx\/#\/schema\/logo\/image\/"},"sameAs":["https:\/\/www.facebook.com\/SonoraEE\/","https:\/\/x.com\/sonoraenequipo","https:\/\/www.youtube.com\/channel\/UC338nW-lPEYmJQs4ZABQ1SQ"]},{"@type":"Person","@id":"https:\/\/www.sonoraenequipo.com.mx\/#\/schema\/person\/50102df0fb23a8fa9e8effad8fa81386","name":"enequipo","image":{"@type":"ImageObject","inLanguage":"es","@id":"https:\/\/www.sonoraenequipo.com.mx\/#\/schema\/person\/image\/","url":"https:\/\/secure.gravatar.com\/avatar\/049821681b589dabc0bc20695993ccebb09f5b5d4d790cd9251b97faac7c652b?s=96&d=blank&r=g","contentUrl":"https:\/\/secure.gravatar.com\/avatar\/049821681b589dabc0bc20695993ccebb09f5b5d4d790cd9251b97faac7c652b?s=96&d=blank&r=g","caption":"enequipo"},"sameAs":["https:\/\/www.facebook.com\/SonoraEE"]}]}},"jetpack_featured_media_url":"https:\/\/www.sonoraenequipo.com.mx\/storage\/2021\/02\/CPA-AMLO.jpg","_links":{"self":[{"href":"https:\/\/www.sonoraenequipo.com.mx\/api\/wp\/v2\/posts\/106736","targetHints":{"allow":["GET"]}}],"collection":[{"href":"https:\/\/www.sonoraenequipo.com.mx\/api\/wp\/v2\/posts"}],"about":[{"href":"https:\/\/www.sonoraenequipo.com.mx\/api\/wp\/v2\/types\/post"}],"author":[{"embeddable":true,"href":"https:\/\/www.sonoraenequipo.com.mx\/api\/wp\/v2\/users\/1"}],"replies":[{"embeddable":true,"href":"https:\/\/www.sonoraenequipo.com.mx\/api\/wp\/v2\/comments?post=106736"}],"version-history":[{"count":1,"href":"https:\/\/www.sonoraenequipo.com.mx\/api\/wp\/v2\/posts\/106736\/revisions"}],"predecessor-version":[{"id":106738,"href":"https:\/\/www.sonoraenequipo.com.mx\/api\/wp\/v2\/posts\/106736\/revisions\/106738"}],"wp:featuredmedia":[{"embeddable":true,"href":"https:\/\/www.sonoraenequipo.com.mx\/api\/wp\/v2\/media\/106737"}],"wp:attachment":[{"href":"https:\/\/www.sonoraenequipo.com.mx\/api\/wp\/v2\/media?parent=106736"}],"wp:term":[{"taxonomy":"category","embeddable":true,"href":"https:\/\/www.sonoraenequipo.com.mx\/api\/wp\/v2\/categories?post=106736"},{"taxonomy":"post_tag","embeddable":true,"href":"https:\/\/www.sonoraenequipo.com.mx\/api\/wp\/v2\/tags?post=106736"}],"curies":[{"name":"wp","href":"https:\/\/api.w.org\/{rel}","templated":true}]}}