{"id":106739,"date":"2021-02-11T16:40:22","date_gmt":"2021-02-11T23:40:22","guid":{"rendered":"https:\/\/www.sonoraenequipo.com.mx\/?p=106739"},"modified":"2021-02-11T20:40:23","modified_gmt":"2021-02-12T03:40:23","slug":"morena-partido-del-trabajo-verde-ecologista-y-nueva-alianza-sonora-impulsaran-candidatura-comun-de-alfonso-durazo","status":"publish","type":"post","link":"https:\/\/www.sonoraenequipo.com.mx\/morena-partido-del-trabajo-verde-ecologista-y-nueva-alianza-sonora-impulsaran-candidatura-comun-de-alfonso-durazo\/","title":{"rendered":"Morena, PT, PVEM y PANAL Sonora impulsar\u00e1n candidatura com\u00fan de Alfonso Durazo"},"content":{"rendered":"<p>HERMOSILLO, SONORA. MX.\u2500\u2500 Ante el Instituto Estatal Electoral y de Participaci\u00f3n Ciudadana, los dirigentes estatales de Morena, Partido del Trabajo, Nueva Alianza Sonora y el Partido Verde Ecologista, presentaron el Convenio de candidatura com\u00fan a la gubernatura que llevar\u00e1 como nombre \u00abJuntos haremos historia en Sonora\u00bb.<\/p>\n<p>&nbsp;<\/p>\n<p> <\/p>\n<p>El presidente del Comit\u00e9 Ejecutivo Estatal de Morena, Jacobo Mendoza Ruiz, en rueda de prensa y cuidando los protocolos de salubridad, explic\u00f3 que a los cuatro institutos pol\u00edticos los une el proyecto de transformaci\u00f3n que encabeza Alfonso Durazo Monta\u00f1o.<\/p>\n<p>&nbsp;<\/p>\n<p><em>\u201cNos une la voluntad de sacar adelante el estado, de transmitirle a la ciudadan\u00eda que podemos recuperar el estado, garantizar el Estado de Derecho, la recuperaci\u00f3n econ\u00f3mica, las libertades p\u00fablicas y dar a los ciudadanos la oportunidad de ratificar el proyecto de la Cuarta Transformaci\u00f3n que en el 2018 hemos iniciado\u201d,<\/em> abund\u00f3.<\/p>\n<p>&nbsp;<\/p>\n<p>Por su parte, el vocero de Morena y representante de partido ante el \u00f3rgano electoral, Adolfo Salazar Razo, explic\u00f3 que el convenio incluye 10 distritos electorales de los 21 que existen en Sonora, donde las cuatro fuerzas pol\u00edticas ir\u00e1n juntas al proceso electoral.<\/p>\n<p>&nbsp;<\/p>\n<p>Explic\u00f3 que en un solo cuadro aparecer\u00e1n los cuatro logos de los partidos que llevar\u00e1n el nombre del candidato Alfonso Durazo Monta\u00f1o.<\/p>\n<p>&nbsp;<\/p>\n<p>En tanto, Ram\u00f3n Flores Robles, coordinador estatal del PT, record\u00f3 que su partido ha sido aliado hist\u00f3rico de Morena en los procesos electorales y fieles al mandato de la Cuarta Transformaci\u00f3n.<\/p>\n<p>&nbsp;<\/p>\n<p><em>\u201cEstamos orgullosos de caminar con una persona (Durazo Monta\u00f1o) que ha hecho historia de la mano del presidente Andr\u00e9s Manuel L\u00f3pez Obrador. Hoy hablar de Sonora es caminar juntos en este proyecto, junto con otras fuerzas electorales que llevan el sentir de la poblaci\u00f3n\u00bb.<\/em><\/p>\n<p>&nbsp;<\/p>\n<p>En tanto, Javier Ceballos, dirigente de Nueva Alianza Sonora, celebr\u00f3 que junto con Morena, PT y PVEM se haya podido lograr la coincidencia de llevar como candidato a Durazo Monta\u00f1o.<\/p>\n<p>&nbsp;<\/p>\n<p>Consider\u00f3 que el<em> \u201cproceso electoral de este a\u00f1o es in\u00e9dito y se tendr\u00e1 que llevar con mucha responsabilidad y mucho respeto, como lo ha demostrado en precampa\u00f1a\u00a0 e intercampa\u00f1a el Dr. Alfonso Durazo\u201d.<\/em><\/p>\n<p>&nbsp;<\/p>\n<p>Por \u00faltimo, Omar Del Valle Colosio, dirigente del PVEM, se dijo gustoso de celebrar el convenio porque se trabajar\u00e1 en torno a una agenda en com\u00fan,<em> \u201cdonde cada una de las fuerzas pol\u00edticas que representan esta alianza trabajan para sumar e impulsar un proyecto de transformaci\u00f3n en Sonora\u00bb.<\/em><\/p>\n<p>&nbsp;<\/p>\n<p>En Sonora \u2013insisti\u00f3-, \u00ab<em>necesitamos impulsar una agenda verde y eso es lo que representa la candidatura en com\u00fan; es decir, las fuerzas pol\u00edticas en torno a una persona, donde seguiremos trabajando con nuestras agendas en particular y tambi\u00e9n en torno a la persona que la encabezar\u00e1\u201d.<\/em><\/p>\n<p>&nbsp;<\/p>\n<p>&nbsp;<\/p>\n<p>Fecha de publicaci\u00f3n 11\/feb\/2021<\/p>\n<p>&nbsp;<\/p>\n","protected":false},"excerpt":{"rendered":"<p>HERMOSILLO, SONORA. MX.\u2500\u2500 Ante el Instituto Estatal Electoral y de Participaci\u00f3n Ciudadana, los dirigentes estatales&#8230;<\/p>\n","protected":false},"author":1,"featured_media":106740,"comment_status":"open","ping_status":"open","sticky":false,"template":"","format":"standard","meta":{"_monsterinsights_skip_tracking":false,"_monsterinsights_sitenote_active":false,"_monsterinsights_sitenote_note":"","_monsterinsights_sitenote_category":0,"footnotes":""},"categories":[22],"tags":[3635,111,5261],"class_list":["post"],"yoast_head":" \n<title>Sonora en Equipo. Morena, PT, PVEM y PANAL Sonora impulsar\u00e1n candidatura com\u00fan de Alfonso Durazo Sonora<\/title>\n<meta name=\"description\" content=\"HERMOSILLO, SONORA. MX.\u2500\u2500 Ante el Instituto Estatal Electoral y de Participaci\u00f3n Ciudadana, los dirigentes estatales de Morena, Partido del Trabajo, Nueva En Sonora en Equipo publicamos toda la informaci\u00f3n de Sonora, M\u00e9xico y el Mundo de manera oportuna y busca que la libertad de expresi\u00f3n sea real. Visita nuestro medio informativo publicado desde Hermosillo, Sonora. %\" \/>\n<meta name=\"robots\" content=\"index, follow, max-snippet:-1, max-image-preview:large, max-video-preview:-1\" \/>\n<link rel=\"canonical\" href=\"https:\/\/www.sonoraenequipo.com.mx\/morena-partido-del-trabajo-verde-ecologista-y-nueva-alianza-sonora-impulsaran-candidatura-comun-de-alfonso-durazo\/\" \/>\n<meta property=\"og:locale\" content=\"es_ES\" \/>\n<meta property=\"og:type\" content=\"article\" \/>\n<meta property=\"og:title\" content=\"Sonora en Equipo. Morena, PT, PVEM y PANAL Sonora impulsar\u00e1n candidatura com\u00fan de Alfonso Durazo Sonora\" \/>\n<meta property=\"og:description\" content=\"HERMOSILLO, SONORA. MX.\u2500\u2500 Ante el Instituto Estatal Electoral y de Participaci\u00f3n Ciudadana, los dirigentes estatales de Morena, Partido del Trabajo, Nueva En Sonora en Equipo publicamos toda la informaci\u00f3n de Sonora, M\u00e9xico y el Mundo de manera oportuna y busca que la libertad de expresi\u00f3n sea real. Visita nuestro medio informativo publicado desde Hermosillo, Sonora. %\" \/>\n<meta property=\"og:url\" content=\"https:\/\/www.sonoraenequipo.com.mx\/morena-partido-del-trabajo-verde-ecologista-y-nueva-alianza-sonora-impulsaran-candidatura-comun-de-alfonso-durazo\/\" \/>\n<meta property=\"og:site_name\" content=\"Sonora en Equipo.\" \/>\n<meta property=\"article:publisher\" content=\"https:\/\/www.facebook.com\/SonoraEE\/\" \/>\n<meta property=\"article:author\" content=\"https:\/\/www.facebook.com\/SonoraEE\" \/>\n<meta property=\"article:published_time\" content=\"2021-02-11T23:40:22+00:00\" \/>\n<meta property=\"article:modified_time\" content=\"2021-02-12T03:40:23+00:00\" \/>\n<meta property=\"og:image\" content=\"https:\/\/www.sonoraenequipo.com.mx\/storage\/2021\/02\/MORENA110221.jpg\" \/>\n\t<meta property=\"og:image:width\" content=\"500\" \/>\n\t<meta property=\"og:image:height\" content=\"333\" \/>\n\t<meta property=\"og:image:type\" content=\"image\/jpeg\" \/>\n<meta name=\"author\" content=\"enequipo\" \/>\n<meta name=\"twitter:card\" content=\"summary_large_image\" \/>\n<meta name=\"twitter:creator\" content=\"@sonoraenequipo\" \/>\n<meta name=\"twitter:site\" content=\"@sonoraenequipo\" \/>\n<meta name=\"twitter:label1\" content=\"Escrito por\" \/>\n\t<meta name=\"twitter:data1\" content=\"enequipo\" \/>\n\t<meta name=\"twitter:label2\" content=\"Tiempo de lectura\" \/>\n\t<meta name=\"twitter:data2\" content=\"2 minutos\" \/>\n<script type=\"application\/ld+json\" class=\"yoast-schema-graph\">{\"@context\":\"https:\/\/schema.org\",\"@graph\":[{\"@type\":\"Article\",\"@id\":\"https:\/\/www.sonoraenequipo.com.mx\/morena-partido-del-trabajo-verde-ecologista-y-nueva-alianza-sonora-impulsaran-candidatura-comun-de-alfonso-durazo\/#article\",\"isPartOf\":{\"@id\":\"https:\/\/www.sonoraenequipo.com.mx\/morena-partido-del-trabajo-verde-ecologista-y-nueva-alianza-sonora-impulsaran-candidatura-comun-de-alfonso-durazo\/\"},\"author\":{\"name\":\"enequipo\",\"@id\":\"https:\/\/www.sonoraenequipo.com.mx\/#\/schema\/person\/50102df0fb23a8fa9e8effad8fa81386\"},\"headline\":\"Morena, PT, PVEM y PANAL Sonora impulsar\u00e1n candidatura com\u00fan de Alfonso Durazo\",\"datePublished\":\"2021-02-11T23:40:22+00:00\",\"dateModified\":\"2021-02-12T03:40:23+00:00\",\"mainEntityOfPage\":{\"@id\":\"https:\/\/www.sonoraenequipo.com.mx\/morena-partido-del-trabajo-verde-ecologista-y-nueva-alianza-sonora-impulsaran-candidatura-comun-de-alfonso-durazo\/\"},\"wordCount\":497,\"commentCount\":0,\"publisher\":{\"@id\":\"https:\/\/www.sonoraenequipo.com.mx\/#organization\"},\"image\":{\"@id\":\"https:\/\/www.sonoraenequipo.com.mx\/morena-partido-del-trabajo-verde-ecologista-y-nueva-alianza-sonora-impulsaran-candidatura-comun-de-alfonso-durazo\/#primaryimage\"},\"thumbnailUrl\":\"https:\/\/www.sonoraenequipo.com.mx\/storage\/2021\/02\/MORENA110221.jpg\",\"keywords\":[\"DURAZO\",\"elecciones\",\"sonora2021\"],\"articleSection\":[\"Sonora\"],\"inLanguage\":\"es\",\"potentialAction\":[{\"@type\":\"CommentAction\",\"name\":\"Comment\",\"target\":[\"https:\/\/www.sonoraenequipo.com.mx\/morena-partido-del-trabajo-verde-ecologista-y-nueva-alianza-sonora-impulsaran-candidatura-comun-de-alfonso-durazo\/#respond\"]}]},{\"@type\":\"WebPage\",\"@id\":\"https:\/\/www.sonoraenequipo.com.mx\/morena-partido-del-trabajo-verde-ecologista-y-nueva-alianza-sonora-impulsaran-candidatura-comun-de-alfonso-durazo\/\",\"url\":\"https:\/\/www.sonoraenequipo.com.mx\/morena-partido-del-trabajo-verde-ecologista-y-nueva-alianza-sonora-impulsaran-candidatura-comun-de-alfonso-durazo\/\",\"name\":\"Sonora en Equipo. Morena, PT, PVEM y PANAL Sonora impulsar\u00e1n candidatura com\u00fan de Alfonso Durazo Sonora\",\"isPartOf\":{\"@id\":\"https:\/\/www.sonoraenequipo.com.mx\/#website\"},\"primaryImageOfPage\":{\"@id\":\"https:\/\/www.sonoraenequipo.com.mx\/morena-partido-del-trabajo-verde-ecologista-y-nueva-alianza-sonora-impulsaran-candidatura-comun-de-alfonso-durazo\/#primaryimage\"},\"image\":{\"@id\":\"https:\/\/www.sonoraenequipo.com.mx\/morena-partido-del-trabajo-verde-ecologista-y-nueva-alianza-sonora-impulsaran-candidatura-comun-de-alfonso-durazo\/#primaryimage\"},\"thumbnailUrl\":\"https:\/\/www.sonoraenequipo.com.mx\/storage\/2021\/02\/MORENA110221.jpg\",\"datePublished\":\"2021-02-11T23:40:22+00:00\",\"dateModified\":\"2021-02-12T03:40:23+00:00\",\"description\":\"HERMOSILLO, SONORA. MX.\u2500\u2500 Ante el Instituto Estatal Electoral y de Participaci\u00f3n Ciudadana, los dirigentes estatales de Morena, Partido del Trabajo, Nueva En Sonora en Equipo publicamos toda la informaci\u00f3n de Sonora, M\u00e9xico y el Mundo de manera oportuna y busca que la libertad de expresi\u00f3n sea real. Visita nuestro medio informativo publicado desde Hermosillo, Sonora. %\",\"breadcrumb\":{\"@id\":\"https:\/\/www.sonoraenequipo.com.mx\/morena-partido-del-trabajo-verde-ecologista-y-nueva-alianza-sonora-impulsaran-candidatura-comun-de-alfonso-durazo\/#breadcrumb\"},\"inLanguage\":\"es\",\"potentialAction\":[{\"@type\":\"ReadAction\",\"target\":[\"https:\/\/www.sonoraenequipo.com.mx\/morena-partido-del-trabajo-verde-ecologista-y-nueva-alianza-sonora-impulsaran-candidatura-comun-de-alfonso-durazo\/\"]}]},{\"@type\":\"ImageObject\",\"inLanguage\":\"es\",\"@id\":\"https:\/\/www.sonoraenequipo.com.mx\/morena-partido-del-trabajo-verde-ecologista-y-nueva-alianza-sonora-impulsaran-candidatura-comun-de-alfonso-durazo\/#primaryimage\",\"url\":\"https:\/\/www.sonoraenequipo.com.mx\/storage\/2021\/02\/MORENA110221.jpg\",\"contentUrl\":\"https:\/\/www.sonoraenequipo.com.mx\/storage\/2021\/02\/MORENA110221.jpg\",\"width\":500,\"height\":333},{\"@type\":\"BreadcrumbList\",\"@id\":\"https:\/\/www.sonoraenequipo.com.mx\/morena-partido-del-trabajo-verde-ecologista-y-nueva-alianza-sonora-impulsaran-candidatura-comun-de-alfonso-durazo\/#breadcrumb\",\"itemListElement\":[{\"@type\":\"ListItem\",\"position\":1,\"name\":\"Portada\",\"item\":\"https:\/\/www.sonoraenequipo.com.mx\/\"},{\"@type\":\"ListItem\",\"position\":2,\"name\":\"Morena, PT, PVEM y PANAL Sonora impulsar\u00e1n candidatura com\u00fan de Alfonso Durazo\"}]},{\"@type\":\"WebSite\",\"@id\":\"https:\/\/www.sonoraenequipo.com.mx\/#website\",\"url\":\"https:\/\/www.sonoraenequipo.com.mx\/\",\"name\":\"Sonora en Equipo.\",\"description\":\"Diario en l\u00ednea con Noticias desde Hermosillo, Sonora\",\"publisher\":{\"@id\":\"https:\/\/www.sonoraenequipo.com.mx\/#organization\"},\"potentialAction\":[{\"@type\":\"SearchAction\",\"target\":{\"@type\":\"EntryPoint\",\"urlTemplate\":\"https:\/\/www.sonoraenequipo.com.mx\/?s={search_term_string}\"},\"query-input\":{\"@type\":\"PropertyValueSpecification\",\"valueRequired\":true,\"valueName\":\"search_term_string\"}}],\"inLanguage\":\"es\"},{\"@type\":\"Organization\",\"@id\":\"https:\/\/www.sonoraenequipo.com.mx\/#organization\",\"name\":\"Sonoraenequipo.com.mx\",\"url\":\"https:\/\/www.sonoraenequipo.com.mx\/\",\"logo\":{\"@type\":\"ImageObject\",\"inLanguage\":\"es\",\"@id\":\"https:\/\/www.sonoraenequipo.com.mx\/#\/schema\/logo\/image\/\",\"url\":\"https:\/\/www.sonoraenequipo.com.mx\/storage\/2019\/01\/sonoraenequipo_opt.png\",\"contentUrl\":\"https:\/\/www.sonoraenequipo.com.mx\/storage\/2019\/01\/sonoraenequipo_opt.png\",\"width\":375,\"height\":125,\"caption\":\"Sonoraenequipo.com.mx\"},\"image\":{\"@id\":\"https:\/\/www.sonoraenequipo.com.mx\/#\/schema\/logo\/image\/\"},\"sameAs\":[\"https:\/\/www.facebook.com\/SonoraEE\/\",\"https:\/\/x.com\/sonoraenequipo\",\"https:\/\/www.youtube.com\/channel\/UC338nW-lPEYmJQs4ZABQ1SQ\"]},{\"@type\":\"Person\",\"@id\":\"https:\/\/www.sonoraenequipo.com.mx\/#\/schema\/person\/50102df0fb23a8fa9e8effad8fa81386\",\"name\":\"enequipo\",\"image\":{\"@type\":\"ImageObject\",\"inLanguage\":\"es\",\"@id\":\"https:\/\/www.sonoraenequipo.com.mx\/#\/schema\/person\/image\/\",\"url\":\"https:\/\/secure.gravatar.com\/avatar\/049821681b589dabc0bc20695993ccebb09f5b5d4d790cd9251b97faac7c652b?s=96&d=blank&r=g\",\"contentUrl\":\"https:\/\/secure.gravatar.com\/avatar\/049821681b589dabc0bc20695993ccebb09f5b5d4d790cd9251b97faac7c652b?s=96&d=blank&r=g\",\"caption\":\"enequipo\"},\"sameAs\":[\"https:\/\/www.facebook.com\/SonoraEE\"]}]}<\/script>\n ","yoast_head_json":{"title":"Sonora en Equipo. Morena, PT, PVEM y PANAL Sonora impulsar\u00e1n candidatura com\u00fan de Alfonso Durazo Sonora","description":"HERMOSILLO, SONORA. MX.\u2500\u2500 Ante el Instituto Estatal Electoral y de Participaci\u00f3n Ciudadana, los dirigentes estatales de Morena, Partido del Trabajo, Nueva En Sonora en Equipo publicamos toda la informaci\u00f3n de Sonora, M\u00e9xico y el Mundo de manera oportuna y busca que la libertad de expresi\u00f3n sea real. Visita nuestro medio informativo publicado desde Hermosillo, Sonora. %","robots":{"index":"index","follow":"follow","max-snippet":"max-snippet:-1","max-image-preview":"max-image-preview:large","max-video-preview":"max-video-preview:-1"},"canonical":"https:\/\/www.sonoraenequipo.com.mx\/morena-partido-del-trabajo-verde-ecologista-y-nueva-alianza-sonora-impulsaran-candidatura-comun-de-alfonso-durazo\/","og_locale":"es_ES","og_type":"article","og_title":"Sonora en Equipo. Morena, PT, PVEM y PANAL Sonora impulsar\u00e1n candidatura com\u00fan de Alfonso Durazo Sonora","og_description":"HERMOSILLO, SONORA. MX.\u2500\u2500 Ante el Instituto Estatal Electoral y de Participaci\u00f3n Ciudadana, los dirigentes estatales de Morena, Partido del Trabajo, Nueva En Sonora en Equipo publicamos toda la informaci\u00f3n de Sonora, M\u00e9xico y el Mundo de manera oportuna y busca que la libertad de expresi\u00f3n sea real. Visita nuestro medio informativo publicado desde Hermosillo, Sonora. %","og_url":"https:\/\/www.sonoraenequipo.com.mx\/morena-partido-del-trabajo-verde-ecologista-y-nueva-alianza-sonora-impulsaran-candidatura-comun-de-alfonso-durazo\/","og_site_name":"Sonora en Equipo.","article_publisher":"https:\/\/www.facebook.com\/SonoraEE\/","article_author":"https:\/\/www.facebook.com\/SonoraEE","article_published_time":"2021-02-11T23:40:22+00:00","article_modified_time":"2021-02-12T03:40:23+00:00","og_image":[{"width":500,"height":333,"url":"https:\/\/www.sonoraenequipo.com.mx\/storage\/2021\/02\/MORENA110221.jpg","type":"image\/jpeg"}],"author":"enequipo","twitter_card":"summary_large_image","twitter_creator":"@sonoraenequipo","twitter_site":"@sonoraenequipo","twitter_misc":{"Escrito por":"enequipo","Tiempo de lectura":"2 minutos"},"schema":{"@context":"https:\/\/schema.org","@graph":[{"@type":"Article","@id":"https:\/\/www.sonoraenequipo.com.mx\/morena-partido-del-trabajo-verde-ecologista-y-nueva-alianza-sonora-impulsaran-candidatura-comun-de-alfonso-durazo\/#article","isPartOf":{"@id":"https:\/\/www.sonoraenequipo.com.mx\/morena-partido-del-trabajo-verde-ecologista-y-nueva-alianza-sonora-impulsaran-candidatura-comun-de-alfonso-durazo\/"},"author":{"name":"enequipo","@id":"https:\/\/www.sonoraenequipo.com.mx\/#\/schema\/person\/50102df0fb23a8fa9e8effad8fa81386"},"headline":"Morena, PT, PVEM y PANAL Sonora impulsar\u00e1n candidatura com\u00fan de Alfonso Durazo","datePublished":"2021-02-11T23:40:22+00:00","dateModified":"2021-02-12T03:40:23+00:00","mainEntityOfPage":{"@id":"https:\/\/www.sonoraenequipo.com.mx\/morena-partido-del-trabajo-verde-ecologista-y-nueva-alianza-sonora-impulsaran-candidatura-comun-de-alfonso-durazo\/"},"wordCount":497,"commentCount":0,"publisher":{"@id":"https:\/\/www.sonoraenequipo.com.mx\/#organization"},"image":{"@id":"https:\/\/www.sonoraenequipo.com.mx\/morena-partido-del-trabajo-verde-ecologista-y-nueva-alianza-sonora-impulsaran-candidatura-comun-de-alfonso-durazo\/#primaryimage"},"thumbnailUrl":"https:\/\/www.sonoraenequipo.com.mx\/storage\/2021\/02\/MORENA110221.jpg","keywords":["DURAZO","elecciones","sonora2021"],"articleSection":["Sonora"],"inLanguage":"es","potentialAction":[{"@type":"CommentAction","name":"Comment","target":["https:\/\/www.sonoraenequipo.com.mx\/morena-partido-del-trabajo-verde-ecologista-y-nueva-alianza-sonora-impulsaran-candidatura-comun-de-alfonso-durazo\/#respond"]}]},{"@type":"WebPage","@id":"https:\/\/www.sonoraenequipo.com.mx\/morena-partido-del-trabajo-verde-ecologista-y-nueva-alianza-sonora-impulsaran-candidatura-comun-de-alfonso-durazo\/","url":"https:\/\/www.sonoraenequipo.com.mx\/morena-partido-del-trabajo-verde-ecologista-y-nueva-alianza-sonora-impulsaran-candidatura-comun-de-alfonso-durazo\/","name":"Sonora en Equipo. Morena, PT, PVEM y PANAL Sonora impulsar\u00e1n candidatura com\u00fan de Alfonso Durazo Sonora","isPartOf":{"@id":"https:\/\/www.sonoraenequipo.com.mx\/#website"},"primaryImageOfPage":{"@id":"https:\/\/www.sonoraenequipo.com.mx\/morena-partido-del-trabajo-verde-ecologista-y-nueva-alianza-sonora-impulsaran-candidatura-comun-de-alfonso-durazo\/#primaryimage"},"image":{"@id":"https:\/\/www.sonoraenequipo.com.mx\/morena-partido-del-trabajo-verde-ecologista-y-nueva-alianza-sonora-impulsaran-candidatura-comun-de-alfonso-durazo\/#primaryimage"},"thumbnailUrl":"https:\/\/www.sonoraenequipo.com.mx\/storage\/2021\/02\/MORENA110221.jpg","datePublished":"2021-02-11T23:40:22+00:00","dateModified":"2021-02-12T03:40:23+00:00","description":"HERMOSILLO, SONORA. MX.\u2500\u2500 Ante el Instituto Estatal Electoral y de Participaci\u00f3n Ciudadana, los dirigentes estatales de Morena, Partido del Trabajo, Nueva En Sonora en Equipo publicamos toda la informaci\u00f3n de Sonora, M\u00e9xico y el Mundo de manera oportuna y busca que la libertad de expresi\u00f3n sea real. Visita nuestro medio informativo publicado desde Hermosillo, Sonora. %","breadcrumb":{"@id":"https:\/\/www.sonoraenequipo.com.mx\/morena-partido-del-trabajo-verde-ecologista-y-nueva-alianza-sonora-impulsaran-candidatura-comun-de-alfonso-durazo\/#breadcrumb"},"inLanguage":"es","potentialAction":[{"@type":"ReadAction","target":["https:\/\/www.sonoraenequipo.com.mx\/morena-partido-del-trabajo-verde-ecologista-y-nueva-alianza-sonora-impulsaran-candidatura-comun-de-alfonso-durazo\/"]}]},{"@type":"ImageObject","inLanguage":"es","@id":"https:\/\/www.sonoraenequipo.com.mx\/morena-partido-del-trabajo-verde-ecologista-y-nueva-alianza-sonora-impulsaran-candidatura-comun-de-alfonso-durazo\/#primaryimage","url":"https:\/\/www.sonoraenequipo.com.mx\/storage\/2021\/02\/MORENA110221.jpg","contentUrl":"https:\/\/www.sonoraenequipo.com.mx\/storage\/2021\/02\/MORENA110221.jpg","width":500,"height":333},{"@type":"BreadcrumbList","@id":"https:\/\/www.sonoraenequipo.com.mx\/morena-partido-del-trabajo-verde-ecologista-y-nueva-alianza-sonora-impulsaran-candidatura-comun-de-alfonso-durazo\/#breadcrumb","itemListElement":[{"@type":"ListItem","position":1,"name":"Portada","item":"https:\/\/www.sonoraenequipo.com.mx\/"},{"@type":"ListItem","position":2,"name":"Morena, PT, PVEM y PANAL Sonora impulsar\u00e1n candidatura com\u00fan de Alfonso Durazo"}]},{"@type":"WebSite","@id":"https:\/\/www.sonoraenequipo.com.mx\/#website","url":"https:\/\/www.sonoraenequipo.com.mx\/","name":"Sonora en Equipo.","description":"Diario en l\u00ednea con Noticias desde Hermosillo, Sonora","publisher":{"@id":"https:\/\/www.sonoraenequipo.com.mx\/#organization"},"potentialAction":[{"@type":"SearchAction","target":{"@type":"EntryPoint","urlTemplate":"https:\/\/www.sonoraenequipo.com.mx\/?s={search_term_string}"},"query-input":{"@type":"PropertyValueSpecification","valueRequired":true,"valueName":"search_term_string"}}],"inLanguage":"es"},{"@type":"Organization","@id":"https:\/\/www.sonoraenequipo.com.mx\/#organization","name":"Sonoraenequipo.com.mx","url":"https:\/\/www.sonoraenequipo.com.mx\/","logo":{"@type":"ImageObject","inLanguage":"es","@id":"https:\/\/www.sonoraenequipo.com.mx\/#\/schema\/logo\/image\/","url":"https:\/\/www.sonoraenequipo.com.mx\/storage\/2019\/01\/sonoraenequipo_opt.png","contentUrl":"https:\/\/www.sonoraenequipo.com.mx\/storage\/2019\/01\/sonoraenequipo_opt.png","width":375,"height":125,"caption":"Sonoraenequipo.com.mx"},"image":{"@id":"https:\/\/www.sonoraenequipo.com.mx\/#\/schema\/logo\/image\/"},"sameAs":["https:\/\/www.facebook.com\/SonoraEE\/","https:\/\/x.com\/sonoraenequipo","https:\/\/www.youtube.com\/channel\/UC338nW-lPEYmJQs4ZABQ1SQ"]},{"@type":"Person","@id":"https:\/\/www.sonoraenequipo.com.mx\/#\/schema\/person\/50102df0fb23a8fa9e8effad8fa81386","name":"enequipo","image":{"@type":"ImageObject","inLanguage":"es","@id":"https:\/\/www.sonoraenequipo.com.mx\/#\/schema\/person\/image\/","url":"https:\/\/secure.gravatar.com\/avatar\/049821681b589dabc0bc20695993ccebb09f5b5d4d790cd9251b97faac7c652b?s=96&d=blank&r=g","contentUrl":"https:\/\/secure.gravatar.com\/avatar\/049821681b589dabc0bc20695993ccebb09f5b5d4d790cd9251b97faac7c652b?s=96&d=blank&r=g","caption":"enequipo"},"sameAs":["https:\/\/www.facebook.com\/SonoraEE"]}]}},"jetpack_featured_media_url":"https:\/\/www.sonoraenequipo.com.mx\/storage\/2021\/02\/MORENA110221.jpg","_links":{"self":[{"href":"https:\/\/www.sonoraenequipo.com.mx\/api\/wp\/v2\/posts\/106739","targetHints":{"allow":["GET"]}}],"collection":[{"href":"https:\/\/www.sonoraenequipo.com.mx\/api\/wp\/v2\/posts"}],"about":[{"href":"https:\/\/www.sonoraenequipo.com.mx\/api\/wp\/v2\/types\/post"}],"author":[{"embeddable":true,"href":"https:\/\/www.sonoraenequipo.com.mx\/api\/wp\/v2\/users\/1"}],"replies":[{"embeddable":true,"href":"https:\/\/www.sonoraenequipo.com.mx\/api\/wp\/v2\/comments?post=106739"}],"version-history":[{"count":4,"href":"https:\/\/www.sonoraenequipo.com.mx\/api\/wp\/v2\/posts\/106739\/revisions"}],"predecessor-version":[{"id":106760,"href":"https:\/\/www.sonoraenequipo.com.mx\/api\/wp\/v2\/posts\/106739\/revisions\/106760"}],"wp:featuredmedia":[{"embeddable":true,"href":"https:\/\/www.sonoraenequipo.com.mx\/api\/wp\/v2\/media\/106740"}],"wp:attachment":[{"href":"https:\/\/www.sonoraenequipo.com.mx\/api\/wp\/v2\/media?parent=106739"}],"wp:term":[{"taxonomy":"category","embeddable":true,"href":"https:\/\/www.sonoraenequipo.com.mx\/api\/wp\/v2\/categories?post=106739"},{"taxonomy":"post_tag","embeddable":true,"href":"https:\/\/www.sonoraenequipo.com.mx\/api\/wp\/v2\/tags?post=106739"}],"curies":[{"name":"wp","href":"https:\/\/api.w.org\/{rel}","templated":true}]}}