{"id":106743,"date":"2021-02-11T17:30:35","date_gmt":"2021-02-12T00:30:35","guid":{"rendered":"https:\/\/www.sonoraenequipo.com.mx\/?p=106743"},"modified":"2021-02-11T17:30:35","modified_gmt":"2021-02-12T00:30:35","slug":"logran-sindicato-salvador-alvarado-y-aoans-incremento-salarial-del-6","status":"publish","type":"post","link":"https:\/\/www.sonoraenequipo.com.mx\/logran-sindicato-salvador-alvarado-y-aoans-incremento-salarial-del-6\/","title":{"rendered":"Logran Sindicato Salvador Alvarado y AOANS incremento salarial del 6%"},"content":{"rendered":"<p>\u25baLogran AOANS Y SSA CNC \u00a0acuerdo justo para trabajadores del campo<\/p>\n<p>HERMOSILLO, SONORA,MX.\u2500\u2500 Una vez m\u00e1s se logra que los trabajadores del campo afiliados al Sindicato Salvador Alvarado C.N.C. tengan un salario digno y prestaciones de ley que son ejemplo a nivel nacional y esto sucede cuando hay equilibrio, acuerdos y buena voluntad entre sindicatos y empresas, expres\u00f3 Horacio Valenzuela Ibarra, al atestiguar la firma de convenio entre esta organizaci\u00f3n sindical y la Asociaci\u00f3n de Organismos Agricultores del Norte de Sonora (Aoans).<\/p>\n<p>&nbsp;<\/p>\n<p>En representaci\u00f3n de la gobernadora Claudia Pavlovich Arellano, el secretario del Trabajo, junto con Iris S\u00e1nchez Chiu, secretaria general del Sindicato Salvador Alvarado C.N.C. y Jorge Maz\u00f3n Salazar, presidente de la Aoans, felicit\u00f3 a las dos partes, por haber logrado una justa negociaci\u00f3n salarial, que se traducir\u00e1 en un mejor bienestar para los jornaleros agr\u00edcolas, quienes aportan su mejor esfuerzo para que las actividades agr\u00edcolas de Sonora, incrementen su productividad, sean m\u00e1s competitivas, y avancen en la conquista de nuevos mercados.<\/p>\n<p>&nbsp;<\/p>\n<p>\u201cEsto fortalece mucho el \u00e1nimo de la autoridad, cuando vemos que las dos partes se han puesto de acuerdo para suscribir este convenio; el salario m\u00ednimo de los jornaleros agr\u00edcolas cerr\u00f3 en 164 pesos que es lo que autoriza la reforma, aqu\u00ed son 185 pesos el que menos gana, el que empieza, es el piso, de ah\u00ed 245, m\u00e1s bonos y otras cosas, pues muy bien, me congratulo, me da mucho gusto\u201d, coment\u00f3.<\/p>\n<p>&nbsp;<\/p>\n<p>Asimismo, detall\u00f3 que se debe de continuar cuidando las condiciones que se han logrado, donde los trabajadores del campo est\u00e1n recibiendo justicia social, empleo y salarios justos.<\/p>\n<p>&nbsp;<\/p>\n<p>La secretaria general del Sindicato Salvador Alvarado C.N.C., Iris S\u00e1nchez Chiu, indic\u00f3 que para este a\u00f1o se logr\u00f3 un seis por ciento de aumento salarial para los trabajadores del campo, el salario m\u00ednimo contractual qued\u00f3 en 185.02 pesos y el salario integrado qued\u00f3 en 249.81 pesos, m\u00e1s prestaciones que est\u00e1n por encima de las de ley, entre ellas: 30 d\u00edas de aguinaldo; 28 d\u00edas de pago de utilidades independientemente de que genere o no utilidades por parte de la empresa.<\/p>\n<p>&nbsp;<\/p>\n<p>Tambi\u00e9n 50 por ciento de prima vacacional, seguro de vida para los trabajadores de planta de 180 mil pesos por muerte natural y 360 mil pesos en el supuesto de muerte accidental, entre otras prestaciones.<\/p>\n<p>&nbsp;<\/p>\n<p>\u201cA nivel federal se estableci\u00f3 un monto de salario m\u00ednimo para los jornaleros, se les reconoce como una profesi\u00f3n; se le establece un salario m\u00ednimo, y el salario m\u00ednimo contractual que se tiene en este contrato en el que estamos celebrando la revisi\u00f3n est\u00e1 por encima de lo que se est\u00e1 estableciendo a nivel nacional; a nivel federal se ha venido avanzando, es lo que tenemos que reconocer, nosotros ya hace rato que hemos ido muy adelantados a lo que apenas se est\u00e1 llevando a cabo en el pa\u00eds\u201d, dijo.<\/p>\n<p>&nbsp;<\/p>\n<p>Jorge Maz\u00f3n Salazar, presidente de la Aoans, reiter\u00f3 que esta negociaci\u00f3n se dio en un clima de acuerdos en beneficio de los trabajadores del campo.<\/p>\n<p>&nbsp;<\/p>\n<p>\u201cGracias por las negociaciones, gracias por ponerse fuerte, cuando ten\u00edan qu\u00e9 ponerse fuerte, duros y exigentes cuando ten\u00edan y hacer entender la importancia del Sindicato Salvador Alvarado, eso hace que uno trabaje con m\u00e1s ganas porque entiende el valor que tiene esta relaci\u00f3n sindical, la relaci\u00f3n entre patr\u00f3n y obrero, y como sin esa buena relaci\u00f3n no se logra nada, no estuviera el campo de Sonora como est\u00e1, a los niveles mundiales que est\u00e1, no solamente en nivel aqu\u00ed en Sonora, si no mundialmente por la gran mano de obra\u201d, manifest\u00f3.<\/p>\n<p>Fecha de publicaci\u00f3n 11\/feb\/2021<\/p>\n<p>&nbsp;<\/p>\n","protected":false},"excerpt":{"rendered":"<p>\u25baLogran AOANS Y SSA CNC \u00a0acuerdo justo para trabajadores del campo HERMOSILLO, SONORA,MX.\u2500\u2500 Una vez&#8230;<\/p>\n","protected":false},"author":1,"featured_media":106744,"comment_status":"open","ping_status":"open","sticky":false,"template":"","format":"standard","meta":{"_monsterinsights_skip_tracking":false,"_monsterinsights_sitenote_active":false,"_monsterinsights_sitenote_note":"","_monsterinsights_sitenote_category":0,"footnotes":""},"categories":[22],"tags":[],"class_list":["post"],"yoast_head":" \n<title>Sonora en Equipo. Logran Sindicato Salvador Alvarado y AOANS incremento salarial del 6% Sonora<\/title>\n<meta name=\"description\" content=\"\u25baLogran AOANS Y SSA CNC \u00a0acuerdo justo para trabajadores del campo HERMOSILLO, SONORA,MX.\u2500\u2500 Una vez m\u00e1s se logra que los trabajadores del campo afiliados En Sonora en Equipo publicamos toda la informaci\u00f3n de Sonora, M\u00e9xico y el Mundo de manera oportuna y busca que la libertad de expresi\u00f3n sea real. Visita nuestro medio informativo publicado desde Hermosillo, Sonora. %\" \/>\n<meta name=\"robots\" content=\"index, follow, max-snippet:-1, max-image-preview:large, max-video-preview:-1\" \/>\n<link rel=\"canonical\" href=\"https:\/\/www.sonoraenequipo.com.mx\/logran-sindicato-salvador-alvarado-y-aoans-incremento-salarial-del-6\/\" \/>\n<meta property=\"og:locale\" content=\"es_ES\" \/>\n<meta property=\"og:type\" content=\"article\" \/>\n<meta property=\"og:title\" content=\"Sonora en Equipo. Logran Sindicato Salvador Alvarado y AOANS incremento salarial del 6% Sonora\" \/>\n<meta property=\"og:description\" content=\"\u25baLogran AOANS Y SSA CNC \u00a0acuerdo justo para trabajadores del campo HERMOSILLO, SONORA,MX.\u2500\u2500 Una vez m\u00e1s se logra que los trabajadores del campo afiliados En Sonora en Equipo publicamos toda la informaci\u00f3n de Sonora, M\u00e9xico y el Mundo de manera oportuna y busca que la libertad de expresi\u00f3n sea real. Visita nuestro medio informativo publicado desde Hermosillo, Sonora. %\" \/>\n<meta property=\"og:url\" content=\"https:\/\/www.sonoraenequipo.com.mx\/logran-sindicato-salvador-alvarado-y-aoans-incremento-salarial-del-6\/\" \/>\n<meta property=\"og:site_name\" content=\"Sonora en Equipo.\" \/>\n<meta property=\"article:publisher\" content=\"https:\/\/www.facebook.com\/SonoraEE\/\" \/>\n<meta property=\"article:author\" content=\"https:\/\/www.facebook.com\/SonoraEE\" \/>\n<meta property=\"article:published_time\" content=\"2021-02-12T00:30:35+00:00\" \/>\n<meta property=\"og:image\" content=\"https:\/\/www.sonoraenequipo.com.mx\/storage\/2021\/02\/AOANS.jpg\" \/>\n\t<meta property=\"og:image:width\" content=\"500\" \/>\n\t<meta property=\"og:image:height\" content=\"333\" \/>\n\t<meta property=\"og:image:type\" content=\"image\/jpeg\" \/>\n<meta name=\"author\" content=\"enequipo\" \/>\n<meta name=\"twitter:card\" content=\"summary_large_image\" \/>\n<meta name=\"twitter:creator\" content=\"@sonoraenequipo\" \/>\n<meta name=\"twitter:site\" content=\"@sonoraenequipo\" \/>\n<meta name=\"twitter:label1\" content=\"Escrito por\" \/>\n\t<meta name=\"twitter:data1\" content=\"enequipo\" \/>\n\t<meta name=\"twitter:label2\" content=\"Tiempo de lectura\" \/>\n\t<meta name=\"twitter:data2\" content=\"3 minutos\" \/>\n<script type=\"application\/ld+json\" class=\"yoast-schema-graph\">{\"@context\":\"https:\/\/schema.org\",\"@graph\":[{\"@type\":\"Article\",\"@id\":\"https:\/\/www.sonoraenequipo.com.mx\/logran-sindicato-salvador-alvarado-y-aoans-incremento-salarial-del-6\/#article\",\"isPartOf\":{\"@id\":\"https:\/\/www.sonoraenequipo.com.mx\/logran-sindicato-salvador-alvarado-y-aoans-incremento-salarial-del-6\/\"},\"author\":{\"name\":\"enequipo\",\"@id\":\"https:\/\/www.sonoraenequipo.com.mx\/#\/schema\/person\/50102df0fb23a8fa9e8effad8fa81386\"},\"headline\":\"Logran Sindicato Salvador Alvarado y AOANS incremento salarial del 6%\",\"datePublished\":\"2021-02-12T00:30:35+00:00\",\"mainEntityOfPage\":{\"@id\":\"https:\/\/www.sonoraenequipo.com.mx\/logran-sindicato-salvador-alvarado-y-aoans-incremento-salarial-del-6\/\"},\"wordCount\":641,\"commentCount\":0,\"publisher\":{\"@id\":\"https:\/\/www.sonoraenequipo.com.mx\/#organization\"},\"image\":{\"@id\":\"https:\/\/www.sonoraenequipo.com.mx\/logran-sindicato-salvador-alvarado-y-aoans-incremento-salarial-del-6\/#primaryimage\"},\"thumbnailUrl\":\"https:\/\/www.sonoraenequipo.com.mx\/storage\/2021\/02\/AOANS.jpg\",\"articleSection\":[\"Sonora\"],\"inLanguage\":\"es\",\"potentialAction\":[{\"@type\":\"CommentAction\",\"name\":\"Comment\",\"target\":[\"https:\/\/www.sonoraenequipo.com.mx\/logran-sindicato-salvador-alvarado-y-aoans-incremento-salarial-del-6\/#respond\"]}]},{\"@type\":\"WebPage\",\"@id\":\"https:\/\/www.sonoraenequipo.com.mx\/logran-sindicato-salvador-alvarado-y-aoans-incremento-salarial-del-6\/\",\"url\":\"https:\/\/www.sonoraenequipo.com.mx\/logran-sindicato-salvador-alvarado-y-aoans-incremento-salarial-del-6\/\",\"name\":\"Sonora en Equipo. Logran Sindicato Salvador Alvarado y AOANS incremento salarial del 6% Sonora\",\"isPartOf\":{\"@id\":\"https:\/\/www.sonoraenequipo.com.mx\/#website\"},\"primaryImageOfPage\":{\"@id\":\"https:\/\/www.sonoraenequipo.com.mx\/logran-sindicato-salvador-alvarado-y-aoans-incremento-salarial-del-6\/#primaryimage\"},\"image\":{\"@id\":\"https:\/\/www.sonoraenequipo.com.mx\/logran-sindicato-salvador-alvarado-y-aoans-incremento-salarial-del-6\/#primaryimage\"},\"thumbnailUrl\":\"https:\/\/www.sonoraenequipo.com.mx\/storage\/2021\/02\/AOANS.jpg\",\"datePublished\":\"2021-02-12T00:30:35+00:00\",\"description\":\"\u25baLogran AOANS Y SSA CNC \u00a0acuerdo justo para trabajadores del campo HERMOSILLO, SONORA,MX.\u2500\u2500 Una vez m\u00e1s se logra que los trabajadores del campo afiliados En Sonora en Equipo publicamos toda la informaci\u00f3n de Sonora, M\u00e9xico y el Mundo de manera oportuna y busca que la libertad de expresi\u00f3n sea real. Visita nuestro medio informativo publicado desde Hermosillo, Sonora. %\",\"breadcrumb\":{\"@id\":\"https:\/\/www.sonoraenequipo.com.mx\/logran-sindicato-salvador-alvarado-y-aoans-incremento-salarial-del-6\/#breadcrumb\"},\"inLanguage\":\"es\",\"potentialAction\":[{\"@type\":\"ReadAction\",\"target\":[\"https:\/\/www.sonoraenequipo.com.mx\/logran-sindicato-salvador-alvarado-y-aoans-incremento-salarial-del-6\/\"]}]},{\"@type\":\"ImageObject\",\"inLanguage\":\"es\",\"@id\":\"https:\/\/www.sonoraenequipo.com.mx\/logran-sindicato-salvador-alvarado-y-aoans-incremento-salarial-del-6\/#primaryimage\",\"url\":\"https:\/\/www.sonoraenequipo.com.mx\/storage\/2021\/02\/AOANS.jpg\",\"contentUrl\":\"https:\/\/www.sonoraenequipo.com.mx\/storage\/2021\/02\/AOANS.jpg\",\"width\":500,\"height\":333},{\"@type\":\"BreadcrumbList\",\"@id\":\"https:\/\/www.sonoraenequipo.com.mx\/logran-sindicato-salvador-alvarado-y-aoans-incremento-salarial-del-6\/#breadcrumb\",\"itemListElement\":[{\"@type\":\"ListItem\",\"position\":1,\"name\":\"Portada\",\"item\":\"https:\/\/www.sonoraenequipo.com.mx\/\"},{\"@type\":\"ListItem\",\"position\":2,\"name\":\"Logran Sindicato Salvador Alvarado y AOANS incremento salarial del 6%\"}]},{\"@type\":\"WebSite\",\"@id\":\"https:\/\/www.sonoraenequipo.com.mx\/#website\",\"url\":\"https:\/\/www.sonoraenequipo.com.mx\/\",\"name\":\"Sonora en Equipo.\",\"description\":\"Diario en l\u00ednea con Noticias desde Hermosillo, Sonora\",\"publisher\":{\"@id\":\"https:\/\/www.sonoraenequipo.com.mx\/#organization\"},\"potentialAction\":[{\"@type\":\"SearchAction\",\"target\":{\"@type\":\"EntryPoint\",\"urlTemplate\":\"https:\/\/www.sonoraenequipo.com.mx\/?s={search_term_string}\"},\"query-input\":{\"@type\":\"PropertyValueSpecification\",\"valueRequired\":true,\"valueName\":\"search_term_string\"}}],\"inLanguage\":\"es\"},{\"@type\":\"Organization\",\"@id\":\"https:\/\/www.sonoraenequipo.com.mx\/#organization\",\"name\":\"Sonoraenequipo.com.mx\",\"url\":\"https:\/\/www.sonoraenequipo.com.mx\/\",\"logo\":{\"@type\":\"ImageObject\",\"inLanguage\":\"es\",\"@id\":\"https:\/\/www.sonoraenequipo.com.mx\/#\/schema\/logo\/image\/\",\"url\":\"https:\/\/www.sonoraenequipo.com.mx\/storage\/2019\/01\/sonoraenequipo_opt.png\",\"contentUrl\":\"https:\/\/www.sonoraenequipo.com.mx\/storage\/2019\/01\/sonoraenequipo_opt.png\",\"width\":375,\"height\":125,\"caption\":\"Sonoraenequipo.com.mx\"},\"image\":{\"@id\":\"https:\/\/www.sonoraenequipo.com.mx\/#\/schema\/logo\/image\/\"},\"sameAs\":[\"https:\/\/www.facebook.com\/SonoraEE\/\",\"https:\/\/x.com\/sonoraenequipo\",\"https:\/\/www.youtube.com\/channel\/UC338nW-lPEYmJQs4ZABQ1SQ\"]},{\"@type\":\"Person\",\"@id\":\"https:\/\/www.sonoraenequipo.com.mx\/#\/schema\/person\/50102df0fb23a8fa9e8effad8fa81386\",\"name\":\"enequipo\",\"image\":{\"@type\":\"ImageObject\",\"inLanguage\":\"es\",\"@id\":\"https:\/\/www.sonoraenequipo.com.mx\/#\/schema\/person\/image\/\",\"url\":\"https:\/\/secure.gravatar.com\/avatar\/049821681b589dabc0bc20695993ccebb09f5b5d4d790cd9251b97faac7c652b?s=96&d=blank&r=g\",\"contentUrl\":\"https:\/\/secure.gravatar.com\/avatar\/049821681b589dabc0bc20695993ccebb09f5b5d4d790cd9251b97faac7c652b?s=96&d=blank&r=g\",\"caption\":\"enequipo\"},\"sameAs\":[\"https:\/\/www.facebook.com\/SonoraEE\"]}]}<\/script>\n ","yoast_head_json":{"title":"Sonora en Equipo. Logran Sindicato Salvador Alvarado y AOANS incremento salarial del 6% Sonora","description":"\u25baLogran AOANS Y SSA CNC \u00a0acuerdo justo para trabajadores del campo HERMOSILLO, SONORA,MX.\u2500\u2500 Una vez m\u00e1s se logra que los trabajadores del campo afiliados En Sonora en Equipo publicamos toda la informaci\u00f3n de Sonora, M\u00e9xico y el Mundo de manera oportuna y busca que la libertad de expresi\u00f3n sea real. Visita nuestro medio informativo publicado desde Hermosillo, Sonora. %","robots":{"index":"index","follow":"follow","max-snippet":"max-snippet:-1","max-image-preview":"max-image-preview:large","max-video-preview":"max-video-preview:-1"},"canonical":"https:\/\/www.sonoraenequipo.com.mx\/logran-sindicato-salvador-alvarado-y-aoans-incremento-salarial-del-6\/","og_locale":"es_ES","og_type":"article","og_title":"Sonora en Equipo. Logran Sindicato Salvador Alvarado y AOANS incremento salarial del 6% Sonora","og_description":"\u25baLogran AOANS Y SSA CNC \u00a0acuerdo justo para trabajadores del campo HERMOSILLO, SONORA,MX.\u2500\u2500 Una vez m\u00e1s se logra que los trabajadores del campo afiliados En Sonora en Equipo publicamos toda la informaci\u00f3n de Sonora, M\u00e9xico y el Mundo de manera oportuna y busca que la libertad de expresi\u00f3n sea real. Visita nuestro medio informativo publicado desde Hermosillo, Sonora. %","og_url":"https:\/\/www.sonoraenequipo.com.mx\/logran-sindicato-salvador-alvarado-y-aoans-incremento-salarial-del-6\/","og_site_name":"Sonora en Equipo.","article_publisher":"https:\/\/www.facebook.com\/SonoraEE\/","article_author":"https:\/\/www.facebook.com\/SonoraEE","article_published_time":"2021-02-12T00:30:35+00:00","og_image":[{"width":500,"height":333,"url":"https:\/\/www.sonoraenequipo.com.mx\/storage\/2021\/02\/AOANS.jpg","type":"image\/jpeg"}],"author":"enequipo","twitter_card":"summary_large_image","twitter_creator":"@sonoraenequipo","twitter_site":"@sonoraenequipo","twitter_misc":{"Escrito por":"enequipo","Tiempo de lectura":"3 minutos"},"schema":{"@context":"https:\/\/schema.org","@graph":[{"@type":"Article","@id":"https:\/\/www.sonoraenequipo.com.mx\/logran-sindicato-salvador-alvarado-y-aoans-incremento-salarial-del-6\/#article","isPartOf":{"@id":"https:\/\/www.sonoraenequipo.com.mx\/logran-sindicato-salvador-alvarado-y-aoans-incremento-salarial-del-6\/"},"author":{"name":"enequipo","@id":"https:\/\/www.sonoraenequipo.com.mx\/#\/schema\/person\/50102df0fb23a8fa9e8effad8fa81386"},"headline":"Logran Sindicato Salvador Alvarado y AOANS incremento salarial del 6%","datePublished":"2021-02-12T00:30:35+00:00","mainEntityOfPage":{"@id":"https:\/\/www.sonoraenequipo.com.mx\/logran-sindicato-salvador-alvarado-y-aoans-incremento-salarial-del-6\/"},"wordCount":641,"commentCount":0,"publisher":{"@id":"https:\/\/www.sonoraenequipo.com.mx\/#organization"},"image":{"@id":"https:\/\/www.sonoraenequipo.com.mx\/logran-sindicato-salvador-alvarado-y-aoans-incremento-salarial-del-6\/#primaryimage"},"thumbnailUrl":"https:\/\/www.sonoraenequipo.com.mx\/storage\/2021\/02\/AOANS.jpg","articleSection":["Sonora"],"inLanguage":"es","potentialAction":[{"@type":"CommentAction","name":"Comment","target":["https:\/\/www.sonoraenequipo.com.mx\/logran-sindicato-salvador-alvarado-y-aoans-incremento-salarial-del-6\/#respond"]}]},{"@type":"WebPage","@id":"https:\/\/www.sonoraenequipo.com.mx\/logran-sindicato-salvador-alvarado-y-aoans-incremento-salarial-del-6\/","url":"https:\/\/www.sonoraenequipo.com.mx\/logran-sindicato-salvador-alvarado-y-aoans-incremento-salarial-del-6\/","name":"Sonora en Equipo. Logran Sindicato Salvador Alvarado y AOANS incremento salarial del 6% Sonora","isPartOf":{"@id":"https:\/\/www.sonoraenequipo.com.mx\/#website"},"primaryImageOfPage":{"@id":"https:\/\/www.sonoraenequipo.com.mx\/logran-sindicato-salvador-alvarado-y-aoans-incremento-salarial-del-6\/#primaryimage"},"image":{"@id":"https:\/\/www.sonoraenequipo.com.mx\/logran-sindicato-salvador-alvarado-y-aoans-incremento-salarial-del-6\/#primaryimage"},"thumbnailUrl":"https:\/\/www.sonoraenequipo.com.mx\/storage\/2021\/02\/AOANS.jpg","datePublished":"2021-02-12T00:30:35+00:00","description":"\u25baLogran AOANS Y SSA CNC \u00a0acuerdo justo para trabajadores del campo HERMOSILLO, SONORA,MX.\u2500\u2500 Una vez m\u00e1s se logra que los trabajadores del campo afiliados En Sonora en Equipo publicamos toda la informaci\u00f3n de Sonora, M\u00e9xico y el Mundo de manera oportuna y busca que la libertad de expresi\u00f3n sea real. Visita nuestro medio informativo publicado desde Hermosillo, Sonora. %","breadcrumb":{"@id":"https:\/\/www.sonoraenequipo.com.mx\/logran-sindicato-salvador-alvarado-y-aoans-incremento-salarial-del-6\/#breadcrumb"},"inLanguage":"es","potentialAction":[{"@type":"ReadAction","target":["https:\/\/www.sonoraenequipo.com.mx\/logran-sindicato-salvador-alvarado-y-aoans-incremento-salarial-del-6\/"]}]},{"@type":"ImageObject","inLanguage":"es","@id":"https:\/\/www.sonoraenequipo.com.mx\/logran-sindicato-salvador-alvarado-y-aoans-incremento-salarial-del-6\/#primaryimage","url":"https:\/\/www.sonoraenequipo.com.mx\/storage\/2021\/02\/AOANS.jpg","contentUrl":"https:\/\/www.sonoraenequipo.com.mx\/storage\/2021\/02\/AOANS.jpg","width":500,"height":333},{"@type":"BreadcrumbList","@id":"https:\/\/www.sonoraenequipo.com.mx\/logran-sindicato-salvador-alvarado-y-aoans-incremento-salarial-del-6\/#breadcrumb","itemListElement":[{"@type":"ListItem","position":1,"name":"Portada","item":"https:\/\/www.sonoraenequipo.com.mx\/"},{"@type":"ListItem","position":2,"name":"Logran Sindicato Salvador Alvarado y AOANS incremento salarial del 6%"}]},{"@type":"WebSite","@id":"https:\/\/www.sonoraenequipo.com.mx\/#website","url":"https:\/\/www.sonoraenequipo.com.mx\/","name":"Sonora en Equipo.","description":"Diario en l\u00ednea con Noticias desde Hermosillo, Sonora","publisher":{"@id":"https:\/\/www.sonoraenequipo.com.mx\/#organization"},"potentialAction":[{"@type":"SearchAction","target":{"@type":"EntryPoint","urlTemplate":"https:\/\/www.sonoraenequipo.com.mx\/?s={search_term_string}"},"query-input":{"@type":"PropertyValueSpecification","valueRequired":true,"valueName":"search_term_string"}}],"inLanguage":"es"},{"@type":"Organization","@id":"https:\/\/www.sonoraenequipo.com.mx\/#organization","name":"Sonoraenequipo.com.mx","url":"https:\/\/www.sonoraenequipo.com.mx\/","logo":{"@type":"ImageObject","inLanguage":"es","@id":"https:\/\/www.sonoraenequipo.com.mx\/#\/schema\/logo\/image\/","url":"https:\/\/www.sonoraenequipo.com.mx\/storage\/2019\/01\/sonoraenequipo_opt.png","contentUrl":"https:\/\/www.sonoraenequipo.com.mx\/storage\/2019\/01\/sonoraenequipo_opt.png","width":375,"height":125,"caption":"Sonoraenequipo.com.mx"},"image":{"@id":"https:\/\/www.sonoraenequipo.com.mx\/#\/schema\/logo\/image\/"},"sameAs":["https:\/\/www.facebook.com\/SonoraEE\/","https:\/\/x.com\/sonoraenequipo","https:\/\/www.youtube.com\/channel\/UC338nW-lPEYmJQs4ZABQ1SQ"]},{"@type":"Person","@id":"https:\/\/www.sonoraenequipo.com.mx\/#\/schema\/person\/50102df0fb23a8fa9e8effad8fa81386","name":"enequipo","image":{"@type":"ImageObject","inLanguage":"es","@id":"https:\/\/www.sonoraenequipo.com.mx\/#\/schema\/person\/image\/","url":"https:\/\/secure.gravatar.com\/avatar\/049821681b589dabc0bc20695993ccebb09f5b5d4d790cd9251b97faac7c652b?s=96&d=blank&r=g","contentUrl":"https:\/\/secure.gravatar.com\/avatar\/049821681b589dabc0bc20695993ccebb09f5b5d4d790cd9251b97faac7c652b?s=96&d=blank&r=g","caption":"enequipo"},"sameAs":["https:\/\/www.facebook.com\/SonoraEE"]}]}},"jetpack_featured_media_url":"https:\/\/www.sonoraenequipo.com.mx\/storage\/2021\/02\/AOANS.jpg","_links":{"self":[{"href":"https:\/\/www.sonoraenequipo.com.mx\/api\/wp\/v2\/posts\/106743","targetHints":{"allow":["GET"]}}],"collection":[{"href":"https:\/\/www.sonoraenequipo.com.mx\/api\/wp\/v2\/posts"}],"about":[{"href":"https:\/\/www.sonoraenequipo.com.mx\/api\/wp\/v2\/types\/post"}],"author":[{"embeddable":true,"href":"https:\/\/www.sonoraenequipo.com.mx\/api\/wp\/v2\/users\/1"}],"replies":[{"embeddable":true,"href":"https:\/\/www.sonoraenequipo.com.mx\/api\/wp\/v2\/comments?post=106743"}],"version-history":[{"count":1,"href":"https:\/\/www.sonoraenequipo.com.mx\/api\/wp\/v2\/posts\/106743\/revisions"}],"predecessor-version":[{"id":106745,"href":"https:\/\/www.sonoraenequipo.com.mx\/api\/wp\/v2\/posts\/106743\/revisions\/106745"}],"wp:featuredmedia":[{"embeddable":true,"href":"https:\/\/www.sonoraenequipo.com.mx\/api\/wp\/v2\/media\/106744"}],"wp:attachment":[{"href":"https:\/\/www.sonoraenequipo.com.mx\/api\/wp\/v2\/media?parent=106743"}],"wp:term":[{"taxonomy":"category","embeddable":true,"href":"https:\/\/www.sonoraenequipo.com.mx\/api\/wp\/v2\/categories?post=106743"},{"taxonomy":"post_tag","embeddable":true,"href":"https:\/\/www.sonoraenequipo.com.mx\/api\/wp\/v2\/tags?post=106743"}],"curies":[{"name":"wp","href":"https:\/\/api.w.org\/{rel}","templated":true}]}}