{"id":107056,"date":"2021-02-15T13:55:53","date_gmt":"2021-02-15T20:55:53","guid":{"rendered":"https:\/\/www.sonoraenequipo.com.mx\/?p=107056"},"modified":"2021-02-15T13:56:18","modified_gmt":"2021-02-15T20:56:18","slug":"que-hay-detras-del-envio-de-medicos-cubanos-al-extranjero-para-luchar-contra-el-coronavirus","status":"publish","type":"post","link":"https:\/\/www.sonoraenequipo.com.mx\/que-hay-detras-del-envio-de-medicos-cubanos-al-extranjero-para-luchar-contra-el-coronavirus\/","title":{"rendered":"\u00bfQu\u00e9 hay detr\u00e1s del env\u00edo de m\u00e9dicos cubanos al extranjero para luchar contra el coronavirus?"},"content":{"rendered":"<p>WASHINGTON.\u2500 En las \u00faltimas semanas, cientos de m\u00e9dicos cubanos han partido de la isla hacia varios pa\u00edses del mundo, como Italia, Andorra o Jamaica. Su misi\u00f3n, dice el gobierno de Cuba, es hacer frente al brote del coronavirus con el env\u00edo de sus profesionales sanitarios.<\/p>\n<p>&nbsp;<\/p>\n<p>Pero mucho se ha hablado del trasfondo que hay en estas pol\u00edticas, sobre todo porque, seg\u00fan apuntan algunos informes oficiales, estas operaciones se han convertido en una gran entrada de dinero para las arcas cubanas.<\/p>\n<p>&nbsp;<\/p>\n<p>\u201cEl gobierno cubano ve esta crisis sanitaria como una manera de vender sus servicios m\u00e9dicos\u201d, dijo a la Voz de Am\u00e9rica Jos\u00e9 Alberto Guti\u00e9rrez, periodista cubano quedurante m\u00e1s de cinco a\u00f1os estuvo investigando los casos de m\u00e9dicos cubanos enviados a Brasil para participar en misiones similares.<\/p>\n<p>&nbsp;<\/p>\n<p>Sobre esa cuesti\u00f3n, recuerda que \u201cla venta de servicios m\u00e9dicos es la principal fuente de renta de la econom\u00eda cubana\u201d superando al \u201cturismo y a la producci\u00f3n industrial, incluso a las exportaciones\u201d de productos como el tabaco o la ca\u00f1a de az\u00facar, seg\u00fan se desprende del Anuario Estad\u00edstico de Cuba.<\/p>\n<p>&nbsp;<\/p>\n<p>Este tipo de acuerdos se materializan a trav\u00e9s de la Organizaci\u00f3n Panamericana de la Salud (OPS), con sede en Washington, en la que est\u00e1 involucrada la Organizaci\u00f3n de Estados Americanos (OEA) y la Organizaci\u00f3n Mundial de la Salud (OMS).<\/p>\n<p>&nbsp;<\/p>\n<p>Este organismo nunca se ha pronunciado p\u00fablicamente sobre esta cuesti\u00f3n, a pesar de que hay varios casos judiciales pendientes de resoluci\u00f3n.<\/p>\n<p>&nbsp;<\/p>\n<p>As\u00ed funcionan las \u201cMisiones M\u00e9dicas\u201d<\/p>\n<p>El periodista Hanoi Mart\u00ednez explica que \u201cla Cuba de Fidel Castro siempre ha tenido a los m\u00e9dicos como punta de lanza de la diplomacia de la isla\u201d a trav\u00e9s de las denominadas \u201cMisiones M\u00e9dicas\u201d a \u00c1frica y Am\u00e9rica Latina. \u00bfCon qu\u00e9 objetivo? \u201cPara obtener un poco de apoyo pol\u00edtico que estaba surgiendo en esa \u00e9poca en Cuba\u201d, comenta Mart\u00ednez en conversaci\u00f3n con la VOA.<\/p>\n<p>&nbsp;<\/p>\n<p>Con el paso de los a\u00f1os, explica, este tipo de operaciones internacionales han tenido mayor reconocimiento y, ahora, \u201clos gobiernos generalmente pagan grandes sumas de dinero\u201d.<\/p>\n<p>&nbsp;<\/p>\n<p>\u201cEstamos hablando de millones de d\u00f3lares al gobierno cubano por la contrataci\u00f3n de servicios m\u00e9dicos\u201d, se\u00f1ala el periodista.<\/p>\n<p>&nbsp;<\/p>\n<p>Denuncian que los m\u00e9dicos cobran entre el 20 y30 por ciento<\/p>\n<p>Por ejemplo, en el programa \u201cMais M\u00e9dicos\u201d de Brasil -un caso que a\u00fan est\u00e1 en los tribunales de Miami- se denunci\u00f3 que el gobierno estaba pagando, a trav\u00e9s de la OPS, 5,000 d\u00f3lares por cada m\u00e9dico contratado, de los cuales solo se pagaba 1,000 a la persona y el resto se iba directamente a las cuentas del gobierno cubano.<\/p>\n<p>&nbsp;<\/p>\n<p>Los expertos tambi\u00e9n se\u00f1alan que \u201clos m\u00e9dicos se someten a condiciones de trabajo a las que no se someten los doctores locales\u201d, un atractivo adicional para la contrataci\u00f3n de personal cubano.<\/p>\n<p>&nbsp;<\/p>\n<p>\u201cEste es el gran diferencial de las brigadas cubanas: trabajan en cualquier condici\u00f3n y con un salario baj\u00edsimo\u201d, insiste Guti\u00e9rrez.<\/p>\n<p>&nbsp;<\/p>\n<p>Hace un par de d\u00edas, se dio a conocer un borrador el gobierno de Sud\u00e1frica en el que constaba que pagar\u00eda23 millones de d\u00f3lares por la operaci\u00f3n para luchar contra el coronavirus.<\/p>\n<p>&nbsp;<\/p>\n<p>En ese mismo documento se hac\u00eda constar que se \u201cprefer\u00eda contratar a los m\u00e9dicos cubanos para que se enfrentaran al peligro del coronavirus y no a m\u00e9dicos sudafricanos, sobre todo a reci\u00e9n graduados que podr\u00edan verse en peligro al estar cara a cara con el virus\u201d, recuerdaHanoi Mart\u00ednez.<\/p>\n<p>&nbsp;<\/p>\n<p>El gran impacto que est\u00e1n teniendo estas \u201cMisiones M\u00e9dicas\u201d ha hecho que algunos entendidos ya hablen \u201cde un nuevo paradigma de la econom\u00eda cubana\u201d basada en una econom\u00eda de servicios.<\/p>\n<p>&nbsp;<\/p>\n<p>\u201cHablamos de servicios de salud, de los servicios tur\u00edsticos y otro tipo de servicios como la ingenier\u00eda: el gobierno le aplica el mismo modelo de extracci\u00f3n de capital y de ah\u00ed viene la plusval\u00eda\u201d, remarca Guti\u00e9rrez, convencido de que el gobierno comunista de la isla\u201cha aprendido la f\u00f3rmula perfectamente\u201d.<\/p>\n<p>&nbsp;<\/p>\n<p>\u00bfC\u00f3mo evitar los desertores?<\/p>\n<p>Los analistas tambi\u00e9n apuntan que uno de los \u201cmayores temores\u201d del Ministerio de Salud cubano es que los m\u00e9dicos que env\u00edan desde la isla acaben desertando o pidiendo asilo pol\u00edtico en alguna embajada.<\/p>\n<p>&nbsp;<\/p>\n<p>Por eso se ha implantado un mecanismo para evitar ese tipo de situaciones: \u201cEl m\u00e9dico que viaja de Cuba al extranjero, no lo hace con un pasaporte ordinario sino que va con un pasaporte denominado \u2018oficial\u2019\u201d, algo parecido al pasaporte diplom\u00e1tico.<\/p>\n<p>&nbsp;<\/p>\n<p>\u201cLo primero que hacen cuando llegan a un pa\u00eds extranjero es quitarle su pasaporte. El jefe de la misi\u00f3n tiene en su poder los pasaportes, adem\u00e1s de cualquier documento legal que pueda ser usado por el m\u00e9dico para abandonar la misi\u00f3n\u201d, detalla Mart\u00ednez.<\/p>\n<p>&nbsp;<\/p>\n<p>\u201cLos m\u00e9dicos cubanos van bajo un r\u00e9gimen an\u00e1logo a la esclavitud contempor\u00e1nea: no tienen poder sobre el contrato porque ellos van contratados con una empresa con el nombre de Comercializadora de Servicios M\u00e9dicos, SA\u201d, agrega por su parte Jos\u00e9 Alberto Guti\u00e9rrez.<\/p>\n<p>&nbsp;<\/p>\n<p>Explic\u00f3 que poniendo de manifiesto que los sanitarios \u201cest\u00e1n desprotegidos\u201d porque no se rigen por la legislaci\u00f3n del pa\u00eds de turno, sino por la de Cuba.<\/p>\n<p>&nbsp;<\/p>\n<p>Actualmente hay 22 contingentes de m\u00e9dicos cubanos en varios pa\u00edses del mundo dedicados exclusivamente al combate de la pandemia del COVID-19. Los sanitarios que forman parte de estos grupos \u201csuelen ser m\u00e9dicos muy experimentados que ya han ido a 3 o 4 pa\u00edses y han estado combatiendo la pandemia del \u00e9bola en \u00c1frica\u201d.<\/p>\n<p>&nbsp;<\/p>\n<p>\u201cUn precio muy alto\u201d<\/p>\n<p>Y siguen participando a cualquier precio porque el mayor inter\u00e9s de los m\u00e9dicos, dice Guti\u00e9rrez, es conseguir divisas para poder vivir algo mejor en la isla.<\/p>\n<p>&nbsp;<\/p>\n<p>\u201cEs un precio muy alto. Es escoger entre lo malo y lo peor, entre vivir en la miseria en la isla o morir, te toca a ti escoger qu\u00e9 es lo malo y qu\u00e9 es lo peor. Hay personas que creen que lo peor es vivir en Cuba, hay otros que prefieren ante todo la vida\u201d, sostiene.<\/p>\n<p>&nbsp;<\/p>\n<p>El gobierno cubano asegura que este tipo de operaciones se enmarcan dentro del \u201cinternacionalismo proletario de la solidaridad y el humanismo de la Revoluci\u00f3n Cubana\u201d, como destaca Mart\u00ednez.<\/p>\n<p>&nbsp;<\/p>\n<p>Es por eso quela administraci\u00f3n de la isla caribe\u00f1a \u201cno admite que estas personas van como parte de un negocio, sino que son brigadas que van de manera solidaria y altruista a construir un mundo mejor y ayudar a la salud de estos pa\u00edses\u201d.<\/p>\n<p>&nbsp;<\/p>\n<p>\u201cAmparado en esta m\u00e1xima, el que sale de esta labor altruista y magn\u00edfica es un tra\u00eddor, est\u00e1 siendo un desertor\u201d, subraya, por su parte, Guti\u00e9rrez.<\/p>\n<p>&nbsp;<\/p>\n<p>En Am\u00e9rica Latina, adem\u00e1s de Venezuela, otros pa\u00edses como Argentina o Belice, han mostrado su inter\u00e9s en seguir colaborando con este tipo de misiones sanitarias. Otras naciones como Ecuador o Bolivia, donde se ha producido un cambio de gobierno en los \u00faltimos tiempos, han cancelado estos servicios.<\/p>\n<p>Fecha de publicaci\u00f3n \u00a0lunes 15\/feb\/2021<\/p>\n<p>&nbsp;<\/p>\n","protected":false},"excerpt":{"rendered":"<p>WASHINGTON.\u2500 En las \u00faltimas semanas, cientos de m\u00e9dicos cubanos han partido de la isla hacia&#8230;<\/p>\n","protected":false},"author":1,"featured_media":107059,"comment_status":"open","ping_status":"open","sticky":false,"template":"","format":"standard","meta":{"_monsterinsights_skip_tracking":false,"_monsterinsights_sitenote_active":false,"_monsterinsights_sitenote_note":"","_monsterinsights_sitenote_category":0,"footnotes":""},"categories":[3],"tags":[4249,2018,5437],"class_list":["post"],"yoast_head":" \n<title>Sonora en Equipo. \u00bfQu\u00e9 hay detr\u00e1s del env\u00edo de m\u00e9dicos cubanos al extranjero para luchar contra el coronavirus? MUNDO<\/title>\n<meta name=\"description\" content=\"WASHINGTON.\u2500 En las \u00faltimas semanas, cientos de m\u00e9dicos cubanos han partido de la isla hacia varios pa\u00edses del mundo, como Italia, Andorra o Jamaica. Su En Sonora en Equipo publicamos toda la informaci\u00f3n de Sonora, M\u00e9xico y el Mundo de manera oportuna y busca que la libertad de expresi\u00f3n sea real. Visita nuestro medio informativo publicado desde Hermosillo, Sonora. %\" \/>\n<meta name=\"robots\" content=\"index, follow, max-snippet:-1, max-image-preview:large, max-video-preview:-1\" \/>\n<link rel=\"canonical\" href=\"https:\/\/www.sonoraenequipo.com.mx\/que-hay-detras-del-envio-de-medicos-cubanos-al-extranjero-para-luchar-contra-el-coronavirus\/\" \/>\n<meta property=\"og:locale\" content=\"es_ES\" \/>\n<meta property=\"og:type\" content=\"article\" \/>\n<meta property=\"og:title\" content=\"Sonora en Equipo. \u00bfQu\u00e9 hay detr\u00e1s del env\u00edo de m\u00e9dicos cubanos al extranjero para luchar contra el coronavirus? MUNDO\" \/>\n<meta property=\"og:description\" content=\"WASHINGTON.\u2500 En las \u00faltimas semanas, cientos de m\u00e9dicos cubanos han partido de la isla hacia varios pa\u00edses del mundo, como Italia, Andorra o Jamaica. Su En Sonora en Equipo publicamos toda la informaci\u00f3n de Sonora, M\u00e9xico y el Mundo de manera oportuna y busca que la libertad de expresi\u00f3n sea real. Visita nuestro medio informativo publicado desde Hermosillo, Sonora. %\" \/>\n<meta property=\"og:url\" content=\"https:\/\/www.sonoraenequipo.com.mx\/que-hay-detras-del-envio-de-medicos-cubanos-al-extranjero-para-luchar-contra-el-coronavirus\/\" \/>\n<meta property=\"og:site_name\" content=\"Sonora en Equipo.\" \/>\n<meta property=\"article:publisher\" content=\"https:\/\/www.facebook.com\/SonoraEE\/\" \/>\n<meta property=\"article:author\" content=\"https:\/\/www.facebook.com\/SonoraEE\" \/>\n<meta property=\"article:published_time\" content=\"2021-02-15T20:55:53+00:00\" \/>\n<meta property=\"article:modified_time\" content=\"2021-02-15T20:56:18+00:00\" \/>\n<meta property=\"og:image\" content=\"https:\/\/www.sonoraenequipo.com.mx\/storage\/2021\/02\/medicos-cubanos.jpg\" \/>\n\t<meta property=\"og:image:width\" content=\"500\" \/>\n\t<meta property=\"og:image:height\" content=\"300\" \/>\n\t<meta property=\"og:image:type\" content=\"image\/jpeg\" \/>\n<meta name=\"author\" content=\"enequipo\" \/>\n<meta name=\"twitter:card\" content=\"summary_large_image\" \/>\n<meta name=\"twitter:creator\" content=\"@sonoraenequipo\" \/>\n<meta name=\"twitter:site\" content=\"@sonoraenequipo\" \/>\n<meta name=\"twitter:label1\" content=\"Escrito por\" \/>\n\t<meta name=\"twitter:data1\" content=\"enequipo\" \/>\n\t<meta name=\"twitter:label2\" content=\"Tiempo de lectura\" \/>\n\t<meta name=\"twitter:data2\" content=\"5 minutos\" \/>\n<script type=\"application\/ld+json\" class=\"yoast-schema-graph\">{\"@context\":\"https:\/\/schema.org\",\"@graph\":[{\"@type\":\"Article\",\"@id\":\"https:\/\/www.sonoraenequipo.com.mx\/que-hay-detras-del-envio-de-medicos-cubanos-al-extranjero-para-luchar-contra-el-coronavirus\/#article\",\"isPartOf\":{\"@id\":\"https:\/\/www.sonoraenequipo.com.mx\/que-hay-detras-del-envio-de-medicos-cubanos-al-extranjero-para-luchar-contra-el-coronavirus\/\"},\"author\":{\"name\":\"enequipo\",\"@id\":\"https:\/\/www.sonoraenequipo.com.mx\/#\/schema\/person\/50102df0fb23a8fa9e8effad8fa81386\"},\"headline\":\"\u00bfQu\u00e9 hay detr\u00e1s del env\u00edo de m\u00e9dicos cubanos al extranjero para luchar contra el coronavirus?\",\"datePublished\":\"2021-02-15T20:55:53+00:00\",\"dateModified\":\"2021-02-15T20:56:18+00:00\",\"mainEntityOfPage\":{\"@id\":\"https:\/\/www.sonoraenequipo.com.mx\/que-hay-detras-del-envio-de-medicos-cubanos-al-extranjero-para-luchar-contra-el-coronavirus\/\"},\"wordCount\":1266,\"commentCount\":0,\"publisher\":{\"@id\":\"https:\/\/www.sonoraenequipo.com.mx\/#organization\"},\"image\":{\"@id\":\"https:\/\/www.sonoraenequipo.com.mx\/que-hay-detras-del-envio-de-medicos-cubanos-al-extranjero-para-luchar-contra-el-coronavirus\/#primaryimage\"},\"thumbnailUrl\":\"https:\/\/www.sonoraenequipo.com.mx\/storage\/2021\/02\/medicos-cubanos.jpg\",\"keywords\":[\"covid\",\"Cuba\",\"medicos cubanos\"],\"articleSection\":[\"MUNDO\"],\"inLanguage\":\"es\",\"potentialAction\":[{\"@type\":\"CommentAction\",\"name\":\"Comment\",\"target\":[\"https:\/\/www.sonoraenequipo.com.mx\/que-hay-detras-del-envio-de-medicos-cubanos-al-extranjero-para-luchar-contra-el-coronavirus\/#respond\"]}]},{\"@type\":\"WebPage\",\"@id\":\"https:\/\/www.sonoraenequipo.com.mx\/que-hay-detras-del-envio-de-medicos-cubanos-al-extranjero-para-luchar-contra-el-coronavirus\/\",\"url\":\"https:\/\/www.sonoraenequipo.com.mx\/que-hay-detras-del-envio-de-medicos-cubanos-al-extranjero-para-luchar-contra-el-coronavirus\/\",\"name\":\"Sonora en Equipo. \u00bfQu\u00e9 hay detr\u00e1s del env\u00edo de m\u00e9dicos cubanos al extranjero para luchar contra el coronavirus? MUNDO\",\"isPartOf\":{\"@id\":\"https:\/\/www.sonoraenequipo.com.mx\/#website\"},\"primaryImageOfPage\":{\"@id\":\"https:\/\/www.sonoraenequipo.com.mx\/que-hay-detras-del-envio-de-medicos-cubanos-al-extranjero-para-luchar-contra-el-coronavirus\/#primaryimage\"},\"image\":{\"@id\":\"https:\/\/www.sonoraenequipo.com.mx\/que-hay-detras-del-envio-de-medicos-cubanos-al-extranjero-para-luchar-contra-el-coronavirus\/#primaryimage\"},\"thumbnailUrl\":\"https:\/\/www.sonoraenequipo.com.mx\/storage\/2021\/02\/medicos-cubanos.jpg\",\"datePublished\":\"2021-02-15T20:55:53+00:00\",\"dateModified\":\"2021-02-15T20:56:18+00:00\",\"description\":\"WASHINGTON.\u2500 En las \u00faltimas semanas, cientos de m\u00e9dicos cubanos han partido de la isla hacia varios pa\u00edses del mundo, como Italia, Andorra o Jamaica. Su En Sonora en Equipo publicamos toda la informaci\u00f3n de Sonora, M\u00e9xico y el Mundo de manera oportuna y busca que la libertad de expresi\u00f3n sea real. Visita nuestro medio informativo publicado desde Hermosillo, Sonora. %\",\"breadcrumb\":{\"@id\":\"https:\/\/www.sonoraenequipo.com.mx\/que-hay-detras-del-envio-de-medicos-cubanos-al-extranjero-para-luchar-contra-el-coronavirus\/#breadcrumb\"},\"inLanguage\":\"es\",\"potentialAction\":[{\"@type\":\"ReadAction\",\"target\":[\"https:\/\/www.sonoraenequipo.com.mx\/que-hay-detras-del-envio-de-medicos-cubanos-al-extranjero-para-luchar-contra-el-coronavirus\/\"]}]},{\"@type\":\"ImageObject\",\"inLanguage\":\"es\",\"@id\":\"https:\/\/www.sonoraenequipo.com.mx\/que-hay-detras-del-envio-de-medicos-cubanos-al-extranjero-para-luchar-contra-el-coronavirus\/#primaryimage\",\"url\":\"https:\/\/www.sonoraenequipo.com.mx\/storage\/2021\/02\/medicos-cubanos.jpg\",\"contentUrl\":\"https:\/\/www.sonoraenequipo.com.mx\/storage\/2021\/02\/medicos-cubanos.jpg\",\"width\":500,\"height\":300},{\"@type\":\"BreadcrumbList\",\"@id\":\"https:\/\/www.sonoraenequipo.com.mx\/que-hay-detras-del-envio-de-medicos-cubanos-al-extranjero-para-luchar-contra-el-coronavirus\/#breadcrumb\",\"itemListElement\":[{\"@type\":\"ListItem\",\"position\":1,\"name\":\"Portada\",\"item\":\"https:\/\/www.sonoraenequipo.com.mx\/\"},{\"@type\":\"ListItem\",\"position\":2,\"name\":\"\u00bfQu\u00e9 hay detr\u00e1s del env\u00edo de m\u00e9dicos cubanos al extranjero para luchar contra el coronavirus?\"}]},{\"@type\":\"WebSite\",\"@id\":\"https:\/\/www.sonoraenequipo.com.mx\/#website\",\"url\":\"https:\/\/www.sonoraenequipo.com.mx\/\",\"name\":\"Sonora en Equipo.\",\"description\":\"Diario en l\u00ednea con Noticias desde Hermosillo, Sonora\",\"publisher\":{\"@id\":\"https:\/\/www.sonoraenequipo.com.mx\/#organization\"},\"potentialAction\":[{\"@type\":\"SearchAction\",\"target\":{\"@type\":\"EntryPoint\",\"urlTemplate\":\"https:\/\/www.sonoraenequipo.com.mx\/?s={search_term_string}\"},\"query-input\":{\"@type\":\"PropertyValueSpecification\",\"valueRequired\":true,\"valueName\":\"search_term_string\"}}],\"inLanguage\":\"es\"},{\"@type\":\"Organization\",\"@id\":\"https:\/\/www.sonoraenequipo.com.mx\/#organization\",\"name\":\"Sonoraenequipo.com.mx\",\"url\":\"https:\/\/www.sonoraenequipo.com.mx\/\",\"logo\":{\"@type\":\"ImageObject\",\"inLanguage\":\"es\",\"@id\":\"https:\/\/www.sonoraenequipo.com.mx\/#\/schema\/logo\/image\/\",\"url\":\"https:\/\/www.sonoraenequipo.com.mx\/storage\/2019\/01\/sonoraenequipo_opt.png\",\"contentUrl\":\"https:\/\/www.sonoraenequipo.com.mx\/storage\/2019\/01\/sonoraenequipo_opt.png\",\"width\":375,\"height\":125,\"caption\":\"Sonoraenequipo.com.mx\"},\"image\":{\"@id\":\"https:\/\/www.sonoraenequipo.com.mx\/#\/schema\/logo\/image\/\"},\"sameAs\":[\"https:\/\/www.facebook.com\/SonoraEE\/\",\"https:\/\/x.com\/sonoraenequipo\",\"https:\/\/www.youtube.com\/channel\/UC338nW-lPEYmJQs4ZABQ1SQ\"]},{\"@type\":\"Person\",\"@id\":\"https:\/\/www.sonoraenequipo.com.mx\/#\/schema\/person\/50102df0fb23a8fa9e8effad8fa81386\",\"name\":\"enequipo\",\"image\":{\"@type\":\"ImageObject\",\"inLanguage\":\"es\",\"@id\":\"https:\/\/www.sonoraenequipo.com.mx\/#\/schema\/person\/image\/\",\"url\":\"https:\/\/secure.gravatar.com\/avatar\/049821681b589dabc0bc20695993ccebb09f5b5d4d790cd9251b97faac7c652b?s=96&d=blank&r=g\",\"contentUrl\":\"https:\/\/secure.gravatar.com\/avatar\/049821681b589dabc0bc20695993ccebb09f5b5d4d790cd9251b97faac7c652b?s=96&d=blank&r=g\",\"caption\":\"enequipo\"},\"sameAs\":[\"https:\/\/www.facebook.com\/SonoraEE\"]}]}<\/script>\n ","yoast_head_json":{"title":"Sonora en Equipo. \u00bfQu\u00e9 hay detr\u00e1s del env\u00edo de m\u00e9dicos cubanos al extranjero para luchar contra el coronavirus? MUNDO","description":"WASHINGTON.\u2500 En las \u00faltimas semanas, cientos de m\u00e9dicos cubanos han partido de la isla hacia varios pa\u00edses del mundo, como Italia, Andorra o Jamaica. Su En Sonora en Equipo publicamos toda la informaci\u00f3n de Sonora, M\u00e9xico y el Mundo de manera oportuna y busca que la libertad de expresi\u00f3n sea real. Visita nuestro medio informativo publicado desde Hermosillo, Sonora. %","robots":{"index":"index","follow":"follow","max-snippet":"max-snippet:-1","max-image-preview":"max-image-preview:large","max-video-preview":"max-video-preview:-1"},"canonical":"https:\/\/www.sonoraenequipo.com.mx\/que-hay-detras-del-envio-de-medicos-cubanos-al-extranjero-para-luchar-contra-el-coronavirus\/","og_locale":"es_ES","og_type":"article","og_title":"Sonora en Equipo. \u00bfQu\u00e9 hay detr\u00e1s del env\u00edo de m\u00e9dicos cubanos al extranjero para luchar contra el coronavirus? MUNDO","og_description":"WASHINGTON.\u2500 En las \u00faltimas semanas, cientos de m\u00e9dicos cubanos han partido de la isla hacia varios pa\u00edses del mundo, como Italia, Andorra o Jamaica. Su En Sonora en Equipo publicamos toda la informaci\u00f3n de Sonora, M\u00e9xico y el Mundo de manera oportuna y busca que la libertad de expresi\u00f3n sea real. Visita nuestro medio informativo publicado desde Hermosillo, Sonora. %","og_url":"https:\/\/www.sonoraenequipo.com.mx\/que-hay-detras-del-envio-de-medicos-cubanos-al-extranjero-para-luchar-contra-el-coronavirus\/","og_site_name":"Sonora en Equipo.","article_publisher":"https:\/\/www.facebook.com\/SonoraEE\/","article_author":"https:\/\/www.facebook.com\/SonoraEE","article_published_time":"2021-02-15T20:55:53+00:00","article_modified_time":"2021-02-15T20:56:18+00:00","og_image":[{"width":500,"height":300,"url":"https:\/\/www.sonoraenequipo.com.mx\/storage\/2021\/02\/medicos-cubanos.jpg","type":"image\/jpeg"}],"author":"enequipo","twitter_card":"summary_large_image","twitter_creator":"@sonoraenequipo","twitter_site":"@sonoraenequipo","twitter_misc":{"Escrito por":"enequipo","Tiempo de lectura":"5 minutos"},"schema":{"@context":"https:\/\/schema.org","@graph":[{"@type":"Article","@id":"https:\/\/www.sonoraenequipo.com.mx\/que-hay-detras-del-envio-de-medicos-cubanos-al-extranjero-para-luchar-contra-el-coronavirus\/#article","isPartOf":{"@id":"https:\/\/www.sonoraenequipo.com.mx\/que-hay-detras-del-envio-de-medicos-cubanos-al-extranjero-para-luchar-contra-el-coronavirus\/"},"author":{"name":"enequipo","@id":"https:\/\/www.sonoraenequipo.com.mx\/#\/schema\/person\/50102df0fb23a8fa9e8effad8fa81386"},"headline":"\u00bfQu\u00e9 hay detr\u00e1s del env\u00edo de m\u00e9dicos cubanos al extranjero para luchar contra el coronavirus?","datePublished":"2021-02-15T20:55:53+00:00","dateModified":"2021-02-15T20:56:18+00:00","mainEntityOfPage":{"@id":"https:\/\/www.sonoraenequipo.com.mx\/que-hay-detras-del-envio-de-medicos-cubanos-al-extranjero-para-luchar-contra-el-coronavirus\/"},"wordCount":1266,"commentCount":0,"publisher":{"@id":"https:\/\/www.sonoraenequipo.com.mx\/#organization"},"image":{"@id":"https:\/\/www.sonoraenequipo.com.mx\/que-hay-detras-del-envio-de-medicos-cubanos-al-extranjero-para-luchar-contra-el-coronavirus\/#primaryimage"},"thumbnailUrl":"https:\/\/www.sonoraenequipo.com.mx\/storage\/2021\/02\/medicos-cubanos.jpg","keywords":["covid","Cuba","medicos cubanos"],"articleSection":["MUNDO"],"inLanguage":"es","potentialAction":[{"@type":"CommentAction","name":"Comment","target":["https:\/\/www.sonoraenequipo.com.mx\/que-hay-detras-del-envio-de-medicos-cubanos-al-extranjero-para-luchar-contra-el-coronavirus\/#respond"]}]},{"@type":"WebPage","@id":"https:\/\/www.sonoraenequipo.com.mx\/que-hay-detras-del-envio-de-medicos-cubanos-al-extranjero-para-luchar-contra-el-coronavirus\/","url":"https:\/\/www.sonoraenequipo.com.mx\/que-hay-detras-del-envio-de-medicos-cubanos-al-extranjero-para-luchar-contra-el-coronavirus\/","name":"Sonora en Equipo. \u00bfQu\u00e9 hay detr\u00e1s del env\u00edo de m\u00e9dicos cubanos al extranjero para luchar contra el coronavirus? MUNDO","isPartOf":{"@id":"https:\/\/www.sonoraenequipo.com.mx\/#website"},"primaryImageOfPage":{"@id":"https:\/\/www.sonoraenequipo.com.mx\/que-hay-detras-del-envio-de-medicos-cubanos-al-extranjero-para-luchar-contra-el-coronavirus\/#primaryimage"},"image":{"@id":"https:\/\/www.sonoraenequipo.com.mx\/que-hay-detras-del-envio-de-medicos-cubanos-al-extranjero-para-luchar-contra-el-coronavirus\/#primaryimage"},"thumbnailUrl":"https:\/\/www.sonoraenequipo.com.mx\/storage\/2021\/02\/medicos-cubanos.jpg","datePublished":"2021-02-15T20:55:53+00:00","dateModified":"2021-02-15T20:56:18+00:00","description":"WASHINGTON.\u2500 En las \u00faltimas semanas, cientos de m\u00e9dicos cubanos han partido de la isla hacia varios pa\u00edses del mundo, como Italia, Andorra o Jamaica. Su En Sonora en Equipo publicamos toda la informaci\u00f3n de Sonora, M\u00e9xico y el Mundo de manera oportuna y busca que la libertad de expresi\u00f3n sea real. Visita nuestro medio informativo publicado desde Hermosillo, Sonora. %","breadcrumb":{"@id":"https:\/\/www.sonoraenequipo.com.mx\/que-hay-detras-del-envio-de-medicos-cubanos-al-extranjero-para-luchar-contra-el-coronavirus\/#breadcrumb"},"inLanguage":"es","potentialAction":[{"@type":"ReadAction","target":["https:\/\/www.sonoraenequipo.com.mx\/que-hay-detras-del-envio-de-medicos-cubanos-al-extranjero-para-luchar-contra-el-coronavirus\/"]}]},{"@type":"ImageObject","inLanguage":"es","@id":"https:\/\/www.sonoraenequipo.com.mx\/que-hay-detras-del-envio-de-medicos-cubanos-al-extranjero-para-luchar-contra-el-coronavirus\/#primaryimage","url":"https:\/\/www.sonoraenequipo.com.mx\/storage\/2021\/02\/medicos-cubanos.jpg","contentUrl":"https:\/\/www.sonoraenequipo.com.mx\/storage\/2021\/02\/medicos-cubanos.jpg","width":500,"height":300},{"@type":"BreadcrumbList","@id":"https:\/\/www.sonoraenequipo.com.mx\/que-hay-detras-del-envio-de-medicos-cubanos-al-extranjero-para-luchar-contra-el-coronavirus\/#breadcrumb","itemListElement":[{"@type":"ListItem","position":1,"name":"Portada","item":"https:\/\/www.sonoraenequipo.com.mx\/"},{"@type":"ListItem","position":2,"name":"\u00bfQu\u00e9 hay detr\u00e1s del env\u00edo de m\u00e9dicos cubanos al extranjero para luchar contra el coronavirus?"}]},{"@type":"WebSite","@id":"https:\/\/www.sonoraenequipo.com.mx\/#website","url":"https:\/\/www.sonoraenequipo.com.mx\/","name":"Sonora en Equipo.","description":"Diario en l\u00ednea con Noticias desde Hermosillo, Sonora","publisher":{"@id":"https:\/\/www.sonoraenequipo.com.mx\/#organization"},"potentialAction":[{"@type":"SearchAction","target":{"@type":"EntryPoint","urlTemplate":"https:\/\/www.sonoraenequipo.com.mx\/?s={search_term_string}"},"query-input":{"@type":"PropertyValueSpecification","valueRequired":true,"valueName":"search_term_string"}}],"inLanguage":"es"},{"@type":"Organization","@id":"https:\/\/www.sonoraenequipo.com.mx\/#organization","name":"Sonoraenequipo.com.mx","url":"https:\/\/www.sonoraenequipo.com.mx\/","logo":{"@type":"ImageObject","inLanguage":"es","@id":"https:\/\/www.sonoraenequipo.com.mx\/#\/schema\/logo\/image\/","url":"https:\/\/www.sonoraenequipo.com.mx\/storage\/2019\/01\/sonoraenequipo_opt.png","contentUrl":"https:\/\/www.sonoraenequipo.com.mx\/storage\/2019\/01\/sonoraenequipo_opt.png","width":375,"height":125,"caption":"Sonoraenequipo.com.mx"},"image":{"@id":"https:\/\/www.sonoraenequipo.com.mx\/#\/schema\/logo\/image\/"},"sameAs":["https:\/\/www.facebook.com\/SonoraEE\/","https:\/\/x.com\/sonoraenequipo","https:\/\/www.youtube.com\/channel\/UC338nW-lPEYmJQs4ZABQ1SQ"]},{"@type":"Person","@id":"https:\/\/www.sonoraenequipo.com.mx\/#\/schema\/person\/50102df0fb23a8fa9e8effad8fa81386","name":"enequipo","image":{"@type":"ImageObject","inLanguage":"es","@id":"https:\/\/www.sonoraenequipo.com.mx\/#\/schema\/person\/image\/","url":"https:\/\/secure.gravatar.com\/avatar\/049821681b589dabc0bc20695993ccebb09f5b5d4d790cd9251b97faac7c652b?s=96&d=blank&r=g","contentUrl":"https:\/\/secure.gravatar.com\/avatar\/049821681b589dabc0bc20695993ccebb09f5b5d4d790cd9251b97faac7c652b?s=96&d=blank&r=g","caption":"enequipo"},"sameAs":["https:\/\/www.facebook.com\/SonoraEE"]}]}},"jetpack_featured_media_url":"https:\/\/www.sonoraenequipo.com.mx\/storage\/2021\/02\/medicos-cubanos.jpg","_links":{"self":[{"href":"https:\/\/www.sonoraenequipo.com.mx\/api\/wp\/v2\/posts\/107056","targetHints":{"allow":["GET"]}}],"collection":[{"href":"https:\/\/www.sonoraenequipo.com.mx\/api\/wp\/v2\/posts"}],"about":[{"href":"https:\/\/www.sonoraenequipo.com.mx\/api\/wp\/v2\/types\/post"}],"author":[{"embeddable":true,"href":"https:\/\/www.sonoraenequipo.com.mx\/api\/wp\/v2\/users\/1"}],"replies":[{"embeddable":true,"href":"https:\/\/www.sonoraenequipo.com.mx\/api\/wp\/v2\/comments?post=107056"}],"version-history":[{"count":1,"href":"https:\/\/www.sonoraenequipo.com.mx\/api\/wp\/v2\/posts\/107056\/revisions"}],"predecessor-version":[{"id":107060,"href":"https:\/\/www.sonoraenequipo.com.mx\/api\/wp\/v2\/posts\/107056\/revisions\/107060"}],"wp:featuredmedia":[{"embeddable":true,"href":"https:\/\/www.sonoraenequipo.com.mx\/api\/wp\/v2\/media\/107059"}],"wp:attachment":[{"href":"https:\/\/www.sonoraenequipo.com.mx\/api\/wp\/v2\/media?parent=107056"}],"wp:term":[{"taxonomy":"category","embeddable":true,"href":"https:\/\/www.sonoraenequipo.com.mx\/api\/wp\/v2\/categories?post=107056"},{"taxonomy":"post_tag","embeddable":true,"href":"https:\/\/www.sonoraenequipo.com.mx\/api\/wp\/v2\/tags?post=107056"}],"curies":[{"name":"wp","href":"https:\/\/api.w.org\/{rel}","templated":true}]}}