{"id":107061,"date":"2021-02-15T14:03:53","date_gmt":"2021-02-15T21:03:53","guid":{"rendered":"https:\/\/www.sonoraenequipo.com.mx\/?p=107061"},"modified":"2021-02-15T19:03:57","modified_gmt":"2021-02-16T02:03:57","slug":"renuncia-presidente-del-comite-organizador-de-los-juegos-olimpicos","status":"publish","type":"post","link":"https:\/\/www.sonoraenequipo.com.mx\/renuncia-presidente-del-comite-organizador-de-los-juegos-olimpicos\/","title":{"rendered":"Renuncia presidente del comit\u00e9 organizador de los Juegos Ol\u00edmpicos"},"content":{"rendered":"<p>Tokyo Jap\u00f3n.\u2500El presidente del comit\u00e9 organizador de los Juegos Ol\u00edmpicos de Tokio 2021, Yoshiro Mori, renunci\u00f3 este viernes tras disculparse por comentarios que hizo la semana pasada que fueron considerados sexistas.<\/p>\n<p>&nbsp;<\/p>\n<p>Mori, un exprimer ministro japon\u00e9s de 83 a\u00f1os, dijo que las mujeres \u201chablan demasiado\u201d.<\/p>\n<p>&nbsp;<\/p>\n<p>En un principio Mori se disculp\u00f3 y se neg\u00f3 a renunciar, pero una incesante presi\u00f3n de comentaristas en televisi\u00f3n y patrocinadores y una petici\u00f3n online que recab\u00f3 m\u00e1s de 150.000 firmas no le dej\u00f3 otro remedio.<\/p>\n<p>&nbsp;<\/p>\n<p>\u201cMis comentarios inapropiados causaron muchos problemas. Lo siento\u201d, declar\u00f3 Mori en una reuni\u00f3n del comit\u00e9 organizador y se\u00f1al\u00f3 que lo m\u00e1s importante ahora es que los juegos, programados para mediados de este a\u00f1o, sean un \u00e9xito.<\/p>\n<p>&nbsp;<\/p>\n<p>La renuncia de Mori es un contratiempo m\u00e1s para la cita ol\u00edmpica, que ya fue postergada en 2020 debido a la pandemia de coronavirus y no tiene mucho apoyo entre la poblaci\u00f3n.<\/p>\n<p>&nbsp;<\/p>\n<p>El comit\u00e9 organizador no nombr\u00f3 de inmediato a un sucesor. Su director general, Toshiro Muto, dijo que eso tendr\u00e1 lugar lo antes posible, pero se resisti\u00f3 a dar una fecha concreta.<\/p>\n<p>&nbsp;<\/p>\n<p>Se baraja que Mori podr\u00eda ser sustituido por una mujer, pero Muto tampoco se comprometi\u00f3 a sugerirlo.<\/p>\n<p>&nbsp;<\/p>\n<p>Jap\u00f3n es un pa\u00eds con poca presencia de mujeres en puestos directivos y en las altas esferas pol\u00edticas, y Muto reconoci\u00f3 que el comit\u00e9 organizador tiene muy pocas en puestos de liderazgo, y ninguna en vicepresidencias.<\/p>\n<p>&nbsp;<\/p>\n<p><img loading=\"lazy\" decoding=\"async\" class=\"x-left  size-full\" src=\"https:\/\/www.sonoraenequipo.com.mx\/storage\/2021\/02\/seiko-hashimoto-1.jpg\" alt=\"\" width=\"263\" height=\"192\" \/>La principal candidata ser\u00eda Seiko Hashimoto, ganadora una medalla de bronce en patinaje de velocidad en los Juegos de Albertville de 1992, quien trabaja dentro de la organizaci\u00f3n de la Olimpiada.<\/p>\n<p>&nbsp;<\/p>\n<p>Cumple todos los requisitos: mujer, con pasado ol\u00edmpico y pr\u00f3xima al comit\u00e9 organizador.<\/p>\n<p>Fecha de publicaci\u00f3n \u00a0lunes 15\/feb\/2021\/VOA<\/p>\n","protected":false},"excerpt":{"rendered":"<p>Tokyo Jap\u00f3n.\u2500El presidente del comit\u00e9 organizador de los Juegos Ol\u00edmpicos de Tokio 2021, Yoshiro Mori,&#8230;<\/p>\n","protected":false},"author":1,"featured_media":107062,"comment_status":"open","ping_status":"open","sticky":false,"template":"","format":"standard","meta":{"_monsterinsights_skip_tracking":false,"_monsterinsights_sitenote_active":false,"_monsterinsights_sitenote_note":"","_monsterinsights_sitenote_category":0,"footnotes":""},"categories":[10],"tags":[5430,5438],"class_list":["post"],"yoast_head":" \n<title>Sonora en Equipo. Renuncia presidente del comit\u00e9 organizador de los Juegos Ol\u00edmpicos Deportes<\/title>\n<meta name=\"description\" content=\"Tokyo Jap\u00f3n.\u2500El presidente del comit\u00e9 organizador de los Juegos Ol\u00edmpicos de Tokio 2021, Yoshiro Mori, renunci\u00f3 este viernes tras disculparse por En Sonora en Equipo publicamos toda la informaci\u00f3n de Sonora, M\u00e9xico y el Mundo de manera oportuna y busca que la libertad de expresi\u00f3n sea real. Visita nuestro medio informativo publicado desde Hermosillo, Sonora. %\" \/>\n<meta name=\"robots\" content=\"index, follow, max-snippet:-1, max-image-preview:large, max-video-preview:-1\" \/>\n<link rel=\"canonical\" href=\"https:\/\/www.sonoraenequipo.com.mx\/renuncia-presidente-del-comite-organizador-de-los-juegos-olimpicos\/\" \/>\n<meta property=\"og:locale\" content=\"es_ES\" \/>\n<meta property=\"og:type\" content=\"article\" \/>\n<meta property=\"og:title\" content=\"Sonora en Equipo. Renuncia presidente del comit\u00e9 organizador de los Juegos Ol\u00edmpicos Deportes\" \/>\n<meta property=\"og:description\" content=\"Tokyo Jap\u00f3n.\u2500El presidente del comit\u00e9 organizador de los Juegos Ol\u00edmpicos de Tokio 2021, Yoshiro Mori, renunci\u00f3 este viernes tras disculparse por En Sonora en Equipo publicamos toda la informaci\u00f3n de Sonora, M\u00e9xico y el Mundo de manera oportuna y busca que la libertad de expresi\u00f3n sea real. Visita nuestro medio informativo publicado desde Hermosillo, Sonora. %\" \/>\n<meta property=\"og:url\" content=\"https:\/\/www.sonoraenequipo.com.mx\/renuncia-presidente-del-comite-organizador-de-los-juegos-olimpicos\/\" \/>\n<meta property=\"og:site_name\" content=\"Sonora en Equipo.\" \/>\n<meta property=\"article:publisher\" content=\"https:\/\/www.facebook.com\/SonoraEE\/\" \/>\n<meta property=\"article:author\" content=\"https:\/\/www.facebook.com\/SonoraEE\" \/>\n<meta property=\"article:published_time\" content=\"2021-02-15T21:03:53+00:00\" \/>\n<meta property=\"article:modified_time\" content=\"2021-02-16T02:03:57+00:00\" \/>\n<meta property=\"og:image\" content=\"https:\/\/www.sonoraenequipo.com.mx\/storage\/2021\/02\/YOSHIRO-MORI.jpg\" \/>\n\t<meta property=\"og:image:width\" content=\"500\" \/>\n\t<meta property=\"og:image:height\" content=\"300\" \/>\n\t<meta property=\"og:image:type\" content=\"image\/jpeg\" \/>\n<meta name=\"author\" content=\"enequipo\" \/>\n<meta name=\"twitter:card\" content=\"summary_large_image\" \/>\n<meta name=\"twitter:creator\" content=\"@sonoraenequipo\" \/>\n<meta name=\"twitter:site\" content=\"@sonoraenequipo\" \/>\n<meta name=\"twitter:label1\" content=\"Escrito por\" \/>\n\t<meta name=\"twitter:data1\" content=\"enequipo\" \/>\n\t<meta name=\"twitter:label2\" content=\"Tiempo de lectura\" \/>\n\t<meta name=\"twitter:data2\" content=\"2 minutos\" \/>\n<script type=\"application\/ld+json\" class=\"yoast-schema-graph\">{\"@context\":\"https:\/\/schema.org\",\"@graph\":[{\"@type\":\"Article\",\"@id\":\"https:\/\/www.sonoraenequipo.com.mx\/renuncia-presidente-del-comite-organizador-de-los-juegos-olimpicos\/#article\",\"isPartOf\":{\"@id\":\"https:\/\/www.sonoraenequipo.com.mx\/renuncia-presidente-del-comite-organizador-de-los-juegos-olimpicos\/\"},\"author\":{\"name\":\"enequipo\",\"@id\":\"https:\/\/www.sonoraenequipo.com.mx\/#\/schema\/person\/50102df0fb23a8fa9e8effad8fa81386\"},\"headline\":\"Renuncia presidente del comit\u00e9 organizador de los Juegos Ol\u00edmpicos\",\"datePublished\":\"2021-02-15T21:03:53+00:00\",\"dateModified\":\"2021-02-16T02:03:57+00:00\",\"mainEntityOfPage\":{\"@id\":\"https:\/\/www.sonoraenequipo.com.mx\/renuncia-presidente-del-comite-organizador-de-los-juegos-olimpicos\/\"},\"wordCount\":322,\"commentCount\":0,\"publisher\":{\"@id\":\"https:\/\/www.sonoraenequipo.com.mx\/#organization\"},\"image\":{\"@id\":\"https:\/\/www.sonoraenequipo.com.mx\/renuncia-presidente-del-comite-organizador-de-los-juegos-olimpicos\/#primaryimage\"},\"thumbnailUrl\":\"https:\/\/www.sonoraenequipo.com.mx\/storage\/2021\/02\/YOSHIRO-MORI.jpg\",\"keywords\":[\"juegos olimpicos 2021\",\"tokyo 2021\"],\"articleSection\":[\"Deportes\"],\"inLanguage\":\"es\",\"potentialAction\":[{\"@type\":\"CommentAction\",\"name\":\"Comment\",\"target\":[\"https:\/\/www.sonoraenequipo.com.mx\/renuncia-presidente-del-comite-organizador-de-los-juegos-olimpicos\/#respond\"]}]},{\"@type\":\"WebPage\",\"@id\":\"https:\/\/www.sonoraenequipo.com.mx\/renuncia-presidente-del-comite-organizador-de-los-juegos-olimpicos\/\",\"url\":\"https:\/\/www.sonoraenequipo.com.mx\/renuncia-presidente-del-comite-organizador-de-los-juegos-olimpicos\/\",\"name\":\"Sonora en Equipo. Renuncia presidente del comit\u00e9 organizador de los Juegos Ol\u00edmpicos Deportes\",\"isPartOf\":{\"@id\":\"https:\/\/www.sonoraenequipo.com.mx\/#website\"},\"primaryImageOfPage\":{\"@id\":\"https:\/\/www.sonoraenequipo.com.mx\/renuncia-presidente-del-comite-organizador-de-los-juegos-olimpicos\/#primaryimage\"},\"image\":{\"@id\":\"https:\/\/www.sonoraenequipo.com.mx\/renuncia-presidente-del-comite-organizador-de-los-juegos-olimpicos\/#primaryimage\"},\"thumbnailUrl\":\"https:\/\/www.sonoraenequipo.com.mx\/storage\/2021\/02\/YOSHIRO-MORI.jpg\",\"datePublished\":\"2021-02-15T21:03:53+00:00\",\"dateModified\":\"2021-02-16T02:03:57+00:00\",\"description\":\"Tokyo Jap\u00f3n.\u2500El presidente del comit\u00e9 organizador de los Juegos Ol\u00edmpicos de Tokio 2021, Yoshiro Mori, renunci\u00f3 este viernes tras disculparse por En Sonora en Equipo publicamos toda la informaci\u00f3n de Sonora, M\u00e9xico y el Mundo de manera oportuna y busca que la libertad de expresi\u00f3n sea real. Visita nuestro medio informativo publicado desde Hermosillo, Sonora. %\",\"breadcrumb\":{\"@id\":\"https:\/\/www.sonoraenequipo.com.mx\/renuncia-presidente-del-comite-organizador-de-los-juegos-olimpicos\/#breadcrumb\"},\"inLanguage\":\"es\",\"potentialAction\":[{\"@type\":\"ReadAction\",\"target\":[\"https:\/\/www.sonoraenequipo.com.mx\/renuncia-presidente-del-comite-organizador-de-los-juegos-olimpicos\/\"]}]},{\"@type\":\"ImageObject\",\"inLanguage\":\"es\",\"@id\":\"https:\/\/www.sonoraenequipo.com.mx\/renuncia-presidente-del-comite-organizador-de-los-juegos-olimpicos\/#primaryimage\",\"url\":\"https:\/\/www.sonoraenequipo.com.mx\/storage\/2021\/02\/YOSHIRO-MORI.jpg\",\"contentUrl\":\"https:\/\/www.sonoraenequipo.com.mx\/storage\/2021\/02\/YOSHIRO-MORI.jpg\",\"width\":500,\"height\":300,\"caption\":\"YOSHIRO MORI, REUTERS\"},{\"@type\":\"BreadcrumbList\",\"@id\":\"https:\/\/www.sonoraenequipo.com.mx\/renuncia-presidente-del-comite-organizador-de-los-juegos-olimpicos\/#breadcrumb\",\"itemListElement\":[{\"@type\":\"ListItem\",\"position\":1,\"name\":\"Portada\",\"item\":\"https:\/\/www.sonoraenequipo.com.mx\/\"},{\"@type\":\"ListItem\",\"position\":2,\"name\":\"Renuncia presidente del comit\u00e9 organizador de los Juegos Ol\u00edmpicos\"}]},{\"@type\":\"WebSite\",\"@id\":\"https:\/\/www.sonoraenequipo.com.mx\/#website\",\"url\":\"https:\/\/www.sonoraenequipo.com.mx\/\",\"name\":\"Sonora en Equipo.\",\"description\":\"Diario en l\u00ednea con Noticias desde Hermosillo, Sonora\",\"publisher\":{\"@id\":\"https:\/\/www.sonoraenequipo.com.mx\/#organization\"},\"potentialAction\":[{\"@type\":\"SearchAction\",\"target\":{\"@type\":\"EntryPoint\",\"urlTemplate\":\"https:\/\/www.sonoraenequipo.com.mx\/?s={search_term_string}\"},\"query-input\":{\"@type\":\"PropertyValueSpecification\",\"valueRequired\":true,\"valueName\":\"search_term_string\"}}],\"inLanguage\":\"es\"},{\"@type\":\"Organization\",\"@id\":\"https:\/\/www.sonoraenequipo.com.mx\/#organization\",\"name\":\"Sonoraenequipo.com.mx\",\"url\":\"https:\/\/www.sonoraenequipo.com.mx\/\",\"logo\":{\"@type\":\"ImageObject\",\"inLanguage\":\"es\",\"@id\":\"https:\/\/www.sonoraenequipo.com.mx\/#\/schema\/logo\/image\/\",\"url\":\"https:\/\/www.sonoraenequipo.com.mx\/storage\/2019\/01\/sonoraenequipo_opt.png\",\"contentUrl\":\"https:\/\/www.sonoraenequipo.com.mx\/storage\/2019\/01\/sonoraenequipo_opt.png\",\"width\":375,\"height\":125,\"caption\":\"Sonoraenequipo.com.mx\"},\"image\":{\"@id\":\"https:\/\/www.sonoraenequipo.com.mx\/#\/schema\/logo\/image\/\"},\"sameAs\":[\"https:\/\/www.facebook.com\/SonoraEE\/\",\"https:\/\/x.com\/sonoraenequipo\",\"https:\/\/www.youtube.com\/channel\/UC338nW-lPEYmJQs4ZABQ1SQ\"]},{\"@type\":\"Person\",\"@id\":\"https:\/\/www.sonoraenequipo.com.mx\/#\/schema\/person\/50102df0fb23a8fa9e8effad8fa81386\",\"name\":\"enequipo\",\"image\":{\"@type\":\"ImageObject\",\"inLanguage\":\"es\",\"@id\":\"https:\/\/www.sonoraenequipo.com.mx\/#\/schema\/person\/image\/\",\"url\":\"https:\/\/secure.gravatar.com\/avatar\/049821681b589dabc0bc20695993ccebb09f5b5d4d790cd9251b97faac7c652b?s=96&d=blank&r=g\",\"contentUrl\":\"https:\/\/secure.gravatar.com\/avatar\/049821681b589dabc0bc20695993ccebb09f5b5d4d790cd9251b97faac7c652b?s=96&d=blank&r=g\",\"caption\":\"enequipo\"},\"sameAs\":[\"https:\/\/www.facebook.com\/SonoraEE\"]}]}<\/script>\n ","yoast_head_json":{"title":"Sonora en Equipo. Renuncia presidente del comit\u00e9 organizador de los Juegos Ol\u00edmpicos Deportes","description":"Tokyo Jap\u00f3n.\u2500El presidente del comit\u00e9 organizador de los Juegos Ol\u00edmpicos de Tokio 2021, Yoshiro Mori, renunci\u00f3 este viernes tras disculparse por En Sonora en Equipo publicamos toda la informaci\u00f3n de Sonora, M\u00e9xico y el Mundo de manera oportuna y busca que la libertad de expresi\u00f3n sea real. Visita nuestro medio informativo publicado desde Hermosillo, Sonora. %","robots":{"index":"index","follow":"follow","max-snippet":"max-snippet:-1","max-image-preview":"max-image-preview:large","max-video-preview":"max-video-preview:-1"},"canonical":"https:\/\/www.sonoraenequipo.com.mx\/renuncia-presidente-del-comite-organizador-de-los-juegos-olimpicos\/","og_locale":"es_ES","og_type":"article","og_title":"Sonora en Equipo. Renuncia presidente del comit\u00e9 organizador de los Juegos Ol\u00edmpicos Deportes","og_description":"Tokyo Jap\u00f3n.\u2500El presidente del comit\u00e9 organizador de los Juegos Ol\u00edmpicos de Tokio 2021, Yoshiro Mori, renunci\u00f3 este viernes tras disculparse por En Sonora en Equipo publicamos toda la informaci\u00f3n de Sonora, M\u00e9xico y el Mundo de manera oportuna y busca que la libertad de expresi\u00f3n sea real. Visita nuestro medio informativo publicado desde Hermosillo, Sonora. %","og_url":"https:\/\/www.sonoraenequipo.com.mx\/renuncia-presidente-del-comite-organizador-de-los-juegos-olimpicos\/","og_site_name":"Sonora en Equipo.","article_publisher":"https:\/\/www.facebook.com\/SonoraEE\/","article_author":"https:\/\/www.facebook.com\/SonoraEE","article_published_time":"2021-02-15T21:03:53+00:00","article_modified_time":"2021-02-16T02:03:57+00:00","og_image":[{"width":500,"height":300,"url":"https:\/\/www.sonoraenequipo.com.mx\/storage\/2021\/02\/YOSHIRO-MORI.jpg","type":"image\/jpeg"}],"author":"enequipo","twitter_card":"summary_large_image","twitter_creator":"@sonoraenequipo","twitter_site":"@sonoraenequipo","twitter_misc":{"Escrito por":"enequipo","Tiempo de lectura":"2 minutos"},"schema":{"@context":"https:\/\/schema.org","@graph":[{"@type":"Article","@id":"https:\/\/www.sonoraenequipo.com.mx\/renuncia-presidente-del-comite-organizador-de-los-juegos-olimpicos\/#article","isPartOf":{"@id":"https:\/\/www.sonoraenequipo.com.mx\/renuncia-presidente-del-comite-organizador-de-los-juegos-olimpicos\/"},"author":{"name":"enequipo","@id":"https:\/\/www.sonoraenequipo.com.mx\/#\/schema\/person\/50102df0fb23a8fa9e8effad8fa81386"},"headline":"Renuncia presidente del comit\u00e9 organizador de los Juegos Ol\u00edmpicos","datePublished":"2021-02-15T21:03:53+00:00","dateModified":"2021-02-16T02:03:57+00:00","mainEntityOfPage":{"@id":"https:\/\/www.sonoraenequipo.com.mx\/renuncia-presidente-del-comite-organizador-de-los-juegos-olimpicos\/"},"wordCount":322,"commentCount":0,"publisher":{"@id":"https:\/\/www.sonoraenequipo.com.mx\/#organization"},"image":{"@id":"https:\/\/www.sonoraenequipo.com.mx\/renuncia-presidente-del-comite-organizador-de-los-juegos-olimpicos\/#primaryimage"},"thumbnailUrl":"https:\/\/www.sonoraenequipo.com.mx\/storage\/2021\/02\/YOSHIRO-MORI.jpg","keywords":["juegos olimpicos 2021","tokyo 2021"],"articleSection":["Deportes"],"inLanguage":"es","potentialAction":[{"@type":"CommentAction","name":"Comment","target":["https:\/\/www.sonoraenequipo.com.mx\/renuncia-presidente-del-comite-organizador-de-los-juegos-olimpicos\/#respond"]}]},{"@type":"WebPage","@id":"https:\/\/www.sonoraenequipo.com.mx\/renuncia-presidente-del-comite-organizador-de-los-juegos-olimpicos\/","url":"https:\/\/www.sonoraenequipo.com.mx\/renuncia-presidente-del-comite-organizador-de-los-juegos-olimpicos\/","name":"Sonora en Equipo. Renuncia presidente del comit\u00e9 organizador de los Juegos Ol\u00edmpicos Deportes","isPartOf":{"@id":"https:\/\/www.sonoraenequipo.com.mx\/#website"},"primaryImageOfPage":{"@id":"https:\/\/www.sonoraenequipo.com.mx\/renuncia-presidente-del-comite-organizador-de-los-juegos-olimpicos\/#primaryimage"},"image":{"@id":"https:\/\/www.sonoraenequipo.com.mx\/renuncia-presidente-del-comite-organizador-de-los-juegos-olimpicos\/#primaryimage"},"thumbnailUrl":"https:\/\/www.sonoraenequipo.com.mx\/storage\/2021\/02\/YOSHIRO-MORI.jpg","datePublished":"2021-02-15T21:03:53+00:00","dateModified":"2021-02-16T02:03:57+00:00","description":"Tokyo Jap\u00f3n.\u2500El presidente del comit\u00e9 organizador de los Juegos Ol\u00edmpicos de Tokio 2021, Yoshiro Mori, renunci\u00f3 este viernes tras disculparse por En Sonora en Equipo publicamos toda la informaci\u00f3n de Sonora, M\u00e9xico y el Mundo de manera oportuna y busca que la libertad de expresi\u00f3n sea real. Visita nuestro medio informativo publicado desde Hermosillo, Sonora. %","breadcrumb":{"@id":"https:\/\/www.sonoraenequipo.com.mx\/renuncia-presidente-del-comite-organizador-de-los-juegos-olimpicos\/#breadcrumb"},"inLanguage":"es","potentialAction":[{"@type":"ReadAction","target":["https:\/\/www.sonoraenequipo.com.mx\/renuncia-presidente-del-comite-organizador-de-los-juegos-olimpicos\/"]}]},{"@type":"ImageObject","inLanguage":"es","@id":"https:\/\/www.sonoraenequipo.com.mx\/renuncia-presidente-del-comite-organizador-de-los-juegos-olimpicos\/#primaryimage","url":"https:\/\/www.sonoraenequipo.com.mx\/storage\/2021\/02\/YOSHIRO-MORI.jpg","contentUrl":"https:\/\/www.sonoraenequipo.com.mx\/storage\/2021\/02\/YOSHIRO-MORI.jpg","width":500,"height":300,"caption":"YOSHIRO MORI, REUTERS"},{"@type":"BreadcrumbList","@id":"https:\/\/www.sonoraenequipo.com.mx\/renuncia-presidente-del-comite-organizador-de-los-juegos-olimpicos\/#breadcrumb","itemListElement":[{"@type":"ListItem","position":1,"name":"Portada","item":"https:\/\/www.sonoraenequipo.com.mx\/"},{"@type":"ListItem","position":2,"name":"Renuncia presidente del comit\u00e9 organizador de los Juegos Ol\u00edmpicos"}]},{"@type":"WebSite","@id":"https:\/\/www.sonoraenequipo.com.mx\/#website","url":"https:\/\/www.sonoraenequipo.com.mx\/","name":"Sonora en Equipo.","description":"Diario en l\u00ednea con Noticias desde Hermosillo, Sonora","publisher":{"@id":"https:\/\/www.sonoraenequipo.com.mx\/#organization"},"potentialAction":[{"@type":"SearchAction","target":{"@type":"EntryPoint","urlTemplate":"https:\/\/www.sonoraenequipo.com.mx\/?s={search_term_string}"},"query-input":{"@type":"PropertyValueSpecification","valueRequired":true,"valueName":"search_term_string"}}],"inLanguage":"es"},{"@type":"Organization","@id":"https:\/\/www.sonoraenequipo.com.mx\/#organization","name":"Sonoraenequipo.com.mx","url":"https:\/\/www.sonoraenequipo.com.mx\/","logo":{"@type":"ImageObject","inLanguage":"es","@id":"https:\/\/www.sonoraenequipo.com.mx\/#\/schema\/logo\/image\/","url":"https:\/\/www.sonoraenequipo.com.mx\/storage\/2019\/01\/sonoraenequipo_opt.png","contentUrl":"https:\/\/www.sonoraenequipo.com.mx\/storage\/2019\/01\/sonoraenequipo_opt.png","width":375,"height":125,"caption":"Sonoraenequipo.com.mx"},"image":{"@id":"https:\/\/www.sonoraenequipo.com.mx\/#\/schema\/logo\/image\/"},"sameAs":["https:\/\/www.facebook.com\/SonoraEE\/","https:\/\/x.com\/sonoraenequipo","https:\/\/www.youtube.com\/channel\/UC338nW-lPEYmJQs4ZABQ1SQ"]},{"@type":"Person","@id":"https:\/\/www.sonoraenequipo.com.mx\/#\/schema\/person\/50102df0fb23a8fa9e8effad8fa81386","name":"enequipo","image":{"@type":"ImageObject","inLanguage":"es","@id":"https:\/\/www.sonoraenequipo.com.mx\/#\/schema\/person\/image\/","url":"https:\/\/secure.gravatar.com\/avatar\/049821681b589dabc0bc20695993ccebb09f5b5d4d790cd9251b97faac7c652b?s=96&d=blank&r=g","contentUrl":"https:\/\/secure.gravatar.com\/avatar\/049821681b589dabc0bc20695993ccebb09f5b5d4d790cd9251b97faac7c652b?s=96&d=blank&r=g","caption":"enequipo"},"sameAs":["https:\/\/www.facebook.com\/SonoraEE"]}]}},"jetpack_featured_media_url":"https:\/\/www.sonoraenequipo.com.mx\/storage\/2021\/02\/YOSHIRO-MORI.jpg","_links":{"self":[{"href":"https:\/\/www.sonoraenequipo.com.mx\/api\/wp\/v2\/posts\/107061","targetHints":{"allow":["GET"]}}],"collection":[{"href":"https:\/\/www.sonoraenequipo.com.mx\/api\/wp\/v2\/posts"}],"about":[{"href":"https:\/\/www.sonoraenequipo.com.mx\/api\/wp\/v2\/types\/post"}],"author":[{"embeddable":true,"href":"https:\/\/www.sonoraenequipo.com.mx\/api\/wp\/v2\/users\/1"}],"replies":[{"embeddable":true,"href":"https:\/\/www.sonoraenequipo.com.mx\/api\/wp\/v2\/comments?post=107061"}],"version-history":[{"count":4,"href":"https:\/\/www.sonoraenequipo.com.mx\/api\/wp\/v2\/posts\/107061\/revisions"}],"predecessor-version":[{"id":107071,"href":"https:\/\/www.sonoraenequipo.com.mx\/api\/wp\/v2\/posts\/107061\/revisions\/107071"}],"wp:featuredmedia":[{"embeddable":true,"href":"https:\/\/www.sonoraenequipo.com.mx\/api\/wp\/v2\/media\/107062"}],"wp:attachment":[{"href":"https:\/\/www.sonoraenequipo.com.mx\/api\/wp\/v2\/media?parent=107061"}],"wp:term":[{"taxonomy":"category","embeddable":true,"href":"https:\/\/www.sonoraenequipo.com.mx\/api\/wp\/v2\/categories?post=107061"},{"taxonomy":"post_tag","embeddable":true,"href":"https:\/\/www.sonoraenequipo.com.mx\/api\/wp\/v2\/tags?post=107061"}],"curies":[{"name":"wp","href":"https:\/\/api.w.org\/{rel}","templated":true}]}}