{"id":107074,"date":"2021-02-15T15:12:51","date_gmt":"2021-02-15T22:12:51","guid":{"rendered":"https:\/\/www.sonoraenequipo.com.mx\/?p=107074"},"modified":"2021-02-15T19:04:57","modified_gmt":"2021-02-16T02:04:57","slug":"ingresa-segunda-generacion-de-estudiantes-a-la-maestria-en-gobierno-y-asuntos-publicos-del-col-son","status":"publish","type":"post","link":"https:\/\/www.sonoraenequipo.com.mx\/ingresa-segunda-generacion-de-estudiantes-a-la-maestria-en-gobierno-y-asuntos-publicos-del-col-son\/","title":{"rendered":"\u00a0Ingresa segunda generaci\u00f3n de estudiantes a la Maestr\u00eda en Gobierno y Asuntos P\u00fablicos del Col Son"},"content":{"rendered":"<p>HERMOSILLO, SONORA,MX.\u2500\u2500 Un total de 14 estudiantes iniciaron oficialmente sus actividades acad\u00e9micas como parte de la segunda generaci\u00f3n de la Maestr\u00eda en Gobierno y Asuntos P\u00fablicos, el pasado 29 de enero del presente a\u00f1o en una ceremonia de bienvenida por parte del director del Centro de Estudios en Gobierno y Asuntos P\u00fablicos. \u00a0D El Colegio de Sonora (Col Son).<\/p>\n<p>&nbsp;<\/p>\n<p>El doctor V\u00edctor S. Pe\u00f1a Mancillas mencion\u00f3 que este posgrado busca formar expertos en la toma de decisiones basadas en evidencia, conocimientos te\u00f3ricos y la aplicaci\u00f3n de herramientas de administraci\u00f3n y pol\u00edticas p\u00fablicas con enfoque multidisciplinario.<\/p>\n<p>&nbsp;<\/p>\n<p>Este plan de estudios est\u00e1 dirigido principalmente a personal directivo dependencias p\u00fablicas del orden estatal, municipal y federal con domicilio en la entidad, as\u00ed como de las personas y organizaciones relacionadas con el servicio p\u00fablico desde los \u00e1mbitos sociales, econ\u00f3micos y comunitarios.<\/p>\n<p>&nbsp;<\/p>\n<p>\u201cLa Maestr\u00eda en Gobierno y Asuntos P\u00fablicos est\u00e1 concebida para el desarrollo de capacidades que ayuden a resolver problemas en el servicio p\u00fablico. El desglose del eje te\u00f3rico pr\u00e1ctico en dos apartados proveer\u00e1 de elementos necesarios para que el servidor p\u00fablico comprenda las tendencias del servicio p\u00fablico y apuntalar\u00e1 el desarrollo el eje metodol\u00f3gico, mismo que apoyar\u00e1 directamente el trabajo cotidiano\u201d, dijo.<\/p>\n<p>&nbsp;<\/p>\n<p>Analizar el papel de los gobiernos contempor\u00e1neos; la convergencia y divergencia entre lo p\u00fablico, lo privado y el gobierno, as\u00ed como un acercamiento conceptual al poder como categor\u00eda social; son algunas de las posibilidades que quienes se integran al programa podr\u00e1n realizar al finalizar el plan de estudios.<\/p>\n<p>&nbsp;<\/p>\n<p>Adem\u00e1s se pretende un an\u00e1lisis del significado y el papel de los gobiernos en los asuntos p\u00fablicos, la influencia de actores sociales, as\u00ed como un acercamiento te\u00f3rico a las formas de gobierno m\u00e1s reconocidas. Se realiza adem\u00e1s un acercamiento introductorio al estudio de las pol\u00edticas p\u00fablicas, y al papel del Estado en la intervenci\u00f3n de los problemas p\u00fablicos.<\/p>\n<p>&nbsp;<\/p>\n<p>\u201cSe pretende dotar de elementos indispensables para que las y los participantes, que se esperan sean heterog\u00e9neos en cuento a su precedente acad\u00e9mico y laboral, cuenten con una base de comunicaci\u00f3n entre s\u00ed y con los contenidos de las distintas materias\u201d, describe.<\/p>\n<p>&nbsp;<\/p>\n<p>Con el conocimiento adquirido en este programa se pretende que las egresadas y los egresados avancen y fortalezcan sus conocimientos a partir las herramientas otorgadas para analizar, proyectar y dise\u00f1ar intervenci\u00f3n social y trabajo pr\u00e1ctico nutrido con elementos te\u00f3ricos alrededor de lo que sucede en los gobiernos y asuntos de inter\u00e9s p\u00fablico.<\/p>\n<p>Fecha de publicaci\u00f3n \u00a0lunes 15\/feb\/2021<\/p>\n","protected":false},"excerpt":{"rendered":"<p>HERMOSILLO, SONORA,MX.\u2500\u2500 Un total de 14 estudiantes iniciaron oficialmente sus actividades acad\u00e9micas como parte de&#8230;<\/p>\n","protected":false},"author":1,"featured_media":107075,"comment_status":"open","ping_status":"open","sticky":false,"template":"","format":"standard","meta":{"_monsterinsights_skip_tracking":false,"_monsterinsights_sitenote_active":false,"_monsterinsights_sitenote_note":"","_monsterinsights_sitenote_category":0,"footnotes":""},"categories":[22],"tags":[127],"class_list":["post"],"yoast_head":" \n<title>Sonora en Equipo. \u00a0Ingresa segunda generaci\u00f3n de estudiantes a la Maestr\u00eda en Gobierno y Asuntos P\u00fablicos del Col Son Sonora<\/title>\n<meta name=\"description\" content=\"HERMOSILLO, SONORA,MX.\u2500\u2500 Un total de 14 estudiantes iniciaron oficialmente sus actividades acad\u00e9micas como parte de la segunda generaci\u00f3n de la Maestr\u00eda En Sonora en Equipo publicamos toda la informaci\u00f3n de Sonora, M\u00e9xico y el Mundo de manera oportuna y busca que la libertad de expresi\u00f3n sea real. Visita nuestro medio informativo publicado desde Hermosillo, Sonora. %\" \/>\n<meta name=\"robots\" content=\"index, follow, max-snippet:-1, max-image-preview:large, max-video-preview:-1\" \/>\n<link rel=\"canonical\" href=\"https:\/\/www.sonoraenequipo.com.mx\/ingresa-segunda-generacion-de-estudiantes-a-la-maestria-en-gobierno-y-asuntos-publicos-del-col-son\/\" \/>\n<meta property=\"og:locale\" content=\"es_ES\" \/>\n<meta property=\"og:type\" content=\"article\" \/>\n<meta property=\"og:title\" content=\"Sonora en Equipo. \u00a0Ingresa segunda generaci\u00f3n de estudiantes a la Maestr\u00eda en Gobierno y Asuntos P\u00fablicos del Col Son Sonora\" \/>\n<meta property=\"og:description\" content=\"HERMOSILLO, SONORA,MX.\u2500\u2500 Un total de 14 estudiantes iniciaron oficialmente sus actividades acad\u00e9micas como parte de la segunda generaci\u00f3n de la Maestr\u00eda En Sonora en Equipo publicamos toda la informaci\u00f3n de Sonora, M\u00e9xico y el Mundo de manera oportuna y busca que la libertad de expresi\u00f3n sea real. Visita nuestro medio informativo publicado desde Hermosillo, Sonora. %\" \/>\n<meta property=\"og:url\" content=\"https:\/\/www.sonoraenequipo.com.mx\/ingresa-segunda-generacion-de-estudiantes-a-la-maestria-en-gobierno-y-asuntos-publicos-del-col-son\/\" \/>\n<meta property=\"og:site_name\" content=\"Sonora en Equipo.\" \/>\n<meta property=\"article:publisher\" content=\"https:\/\/www.facebook.com\/SonoraEE\/\" \/>\n<meta property=\"article:author\" content=\"https:\/\/www.facebook.com\/SonoraEE\" \/>\n<meta property=\"article:published_time\" content=\"2021-02-15T22:12:51+00:00\" \/>\n<meta property=\"article:modified_time\" content=\"2021-02-16T02:04:57+00:00\" \/>\n<meta property=\"og:image\" content=\"https:\/\/www.sonoraenequipo.com.mx\/storage\/2021\/02\/colson.jpg\" \/>\n\t<meta property=\"og:image:width\" content=\"500\" \/>\n\t<meta property=\"og:image:height\" content=\"333\" \/>\n\t<meta property=\"og:image:type\" content=\"image\/jpeg\" \/>\n<meta name=\"author\" content=\"enequipo\" \/>\n<meta name=\"twitter:card\" content=\"summary_large_image\" \/>\n<meta name=\"twitter:creator\" content=\"@sonoraenequipo\" \/>\n<meta name=\"twitter:site\" content=\"@sonoraenequipo\" \/>\n<meta name=\"twitter:label1\" content=\"Escrito por\" \/>\n\t<meta name=\"twitter:data1\" content=\"enequipo\" \/>\n\t<meta name=\"twitter:label2\" content=\"Tiempo de lectura\" \/>\n\t<meta name=\"twitter:data2\" content=\"2 minutos\" \/>\n<script type=\"application\/ld+json\" class=\"yoast-schema-graph\">{\"@context\":\"https:\/\/schema.org\",\"@graph\":[{\"@type\":\"Article\",\"@id\":\"https:\/\/www.sonoraenequipo.com.mx\/ingresa-segunda-generacion-de-estudiantes-a-la-maestria-en-gobierno-y-asuntos-publicos-del-col-son\/#article\",\"isPartOf\":{\"@id\":\"https:\/\/www.sonoraenequipo.com.mx\/ingresa-segunda-generacion-de-estudiantes-a-la-maestria-en-gobierno-y-asuntos-publicos-del-col-son\/\"},\"author\":{\"name\":\"enequipo\",\"@id\":\"https:\/\/www.sonoraenequipo.com.mx\/#\/schema\/person\/50102df0fb23a8fa9e8effad8fa81386\"},\"headline\":\"\u00a0Ingresa segunda generaci\u00f3n de estudiantes a la Maestr\u00eda en Gobierno y Asuntos P\u00fablicos del Col Son\",\"datePublished\":\"2021-02-15T22:12:51+00:00\",\"dateModified\":\"2021-02-16T02:04:57+00:00\",\"mainEntityOfPage\":{\"@id\":\"https:\/\/www.sonoraenequipo.com.mx\/ingresa-segunda-generacion-de-estudiantes-a-la-maestria-en-gobierno-y-asuntos-publicos-del-col-son\/\"},\"wordCount\":477,\"commentCount\":0,\"publisher\":{\"@id\":\"https:\/\/www.sonoraenequipo.com.mx\/#organization\"},\"image\":{\"@id\":\"https:\/\/www.sonoraenequipo.com.mx\/ingresa-segunda-generacion-de-estudiantes-a-la-maestria-en-gobierno-y-asuntos-publicos-del-col-son\/#primaryimage\"},\"thumbnailUrl\":\"https:\/\/www.sonoraenequipo.com.mx\/storage\/2021\/02\/colson.jpg\",\"keywords\":[\"gobierno\"],\"articleSection\":[\"Sonora\"],\"inLanguage\":\"es\",\"potentialAction\":[{\"@type\":\"CommentAction\",\"name\":\"Comment\",\"target\":[\"https:\/\/www.sonoraenequipo.com.mx\/ingresa-segunda-generacion-de-estudiantes-a-la-maestria-en-gobierno-y-asuntos-publicos-del-col-son\/#respond\"]}]},{\"@type\":\"WebPage\",\"@id\":\"https:\/\/www.sonoraenequipo.com.mx\/ingresa-segunda-generacion-de-estudiantes-a-la-maestria-en-gobierno-y-asuntos-publicos-del-col-son\/\",\"url\":\"https:\/\/www.sonoraenequipo.com.mx\/ingresa-segunda-generacion-de-estudiantes-a-la-maestria-en-gobierno-y-asuntos-publicos-del-col-son\/\",\"name\":\"Sonora en Equipo. \u00a0Ingresa segunda generaci\u00f3n de estudiantes a la Maestr\u00eda en Gobierno y Asuntos P\u00fablicos del Col Son Sonora\",\"isPartOf\":{\"@id\":\"https:\/\/www.sonoraenequipo.com.mx\/#website\"},\"primaryImageOfPage\":{\"@id\":\"https:\/\/www.sonoraenequipo.com.mx\/ingresa-segunda-generacion-de-estudiantes-a-la-maestria-en-gobierno-y-asuntos-publicos-del-col-son\/#primaryimage\"},\"image\":{\"@id\":\"https:\/\/www.sonoraenequipo.com.mx\/ingresa-segunda-generacion-de-estudiantes-a-la-maestria-en-gobierno-y-asuntos-publicos-del-col-son\/#primaryimage\"},\"thumbnailUrl\":\"https:\/\/www.sonoraenequipo.com.mx\/storage\/2021\/02\/colson.jpg\",\"datePublished\":\"2021-02-15T22:12:51+00:00\",\"dateModified\":\"2021-02-16T02:04:57+00:00\",\"description\":\"HERMOSILLO, SONORA,MX.\u2500\u2500 Un total de 14 estudiantes iniciaron oficialmente sus actividades acad\u00e9micas como parte de la segunda generaci\u00f3n de la Maestr\u00eda En Sonora en Equipo publicamos toda la informaci\u00f3n de Sonora, M\u00e9xico y el Mundo de manera oportuna y busca que la libertad de expresi\u00f3n sea real. Visita nuestro medio informativo publicado desde Hermosillo, Sonora. %\",\"breadcrumb\":{\"@id\":\"https:\/\/www.sonoraenequipo.com.mx\/ingresa-segunda-generacion-de-estudiantes-a-la-maestria-en-gobierno-y-asuntos-publicos-del-col-son\/#breadcrumb\"},\"inLanguage\":\"es\",\"potentialAction\":[{\"@type\":\"ReadAction\",\"target\":[\"https:\/\/www.sonoraenequipo.com.mx\/ingresa-segunda-generacion-de-estudiantes-a-la-maestria-en-gobierno-y-asuntos-publicos-del-col-son\/\"]}]},{\"@type\":\"ImageObject\",\"inLanguage\":\"es\",\"@id\":\"https:\/\/www.sonoraenequipo.com.mx\/ingresa-segunda-generacion-de-estudiantes-a-la-maestria-en-gobierno-y-asuntos-publicos-del-col-son\/#primaryimage\",\"url\":\"https:\/\/www.sonoraenequipo.com.mx\/storage\/2021\/02\/colson.jpg\",\"contentUrl\":\"https:\/\/www.sonoraenequipo.com.mx\/storage\/2021\/02\/colson.jpg\",\"width\":500,\"height\":333},{\"@type\":\"BreadcrumbList\",\"@id\":\"https:\/\/www.sonoraenequipo.com.mx\/ingresa-segunda-generacion-de-estudiantes-a-la-maestria-en-gobierno-y-asuntos-publicos-del-col-son\/#breadcrumb\",\"itemListElement\":[{\"@type\":\"ListItem\",\"position\":1,\"name\":\"Portada\",\"item\":\"https:\/\/www.sonoraenequipo.com.mx\/\"},{\"@type\":\"ListItem\",\"position\":2,\"name\":\"\u00a0Ingresa segunda generaci\u00f3n de estudiantes a la Maestr\u00eda en Gobierno y Asuntos P\u00fablicos del Col Son\"}]},{\"@type\":\"WebSite\",\"@id\":\"https:\/\/www.sonoraenequipo.com.mx\/#website\",\"url\":\"https:\/\/www.sonoraenequipo.com.mx\/\",\"name\":\"Sonora en Equipo.\",\"description\":\"Diario en l\u00ednea con Noticias desde Hermosillo, Sonora\",\"publisher\":{\"@id\":\"https:\/\/www.sonoraenequipo.com.mx\/#organization\"},\"potentialAction\":[{\"@type\":\"SearchAction\",\"target\":{\"@type\":\"EntryPoint\",\"urlTemplate\":\"https:\/\/www.sonoraenequipo.com.mx\/?s={search_term_string}\"},\"query-input\":{\"@type\":\"PropertyValueSpecification\",\"valueRequired\":true,\"valueName\":\"search_term_string\"}}],\"inLanguage\":\"es\"},{\"@type\":\"Organization\",\"@id\":\"https:\/\/www.sonoraenequipo.com.mx\/#organization\",\"name\":\"Sonoraenequipo.com.mx\",\"url\":\"https:\/\/www.sonoraenequipo.com.mx\/\",\"logo\":{\"@type\":\"ImageObject\",\"inLanguage\":\"es\",\"@id\":\"https:\/\/www.sonoraenequipo.com.mx\/#\/schema\/logo\/image\/\",\"url\":\"https:\/\/www.sonoraenequipo.com.mx\/storage\/2019\/01\/sonoraenequipo_opt.png\",\"contentUrl\":\"https:\/\/www.sonoraenequipo.com.mx\/storage\/2019\/01\/sonoraenequipo_opt.png\",\"width\":375,\"height\":125,\"caption\":\"Sonoraenequipo.com.mx\"},\"image\":{\"@id\":\"https:\/\/www.sonoraenequipo.com.mx\/#\/schema\/logo\/image\/\"},\"sameAs\":[\"https:\/\/www.facebook.com\/SonoraEE\/\",\"https:\/\/x.com\/sonoraenequipo\",\"https:\/\/www.youtube.com\/channel\/UC338nW-lPEYmJQs4ZABQ1SQ\"]},{\"@type\":\"Person\",\"@id\":\"https:\/\/www.sonoraenequipo.com.mx\/#\/schema\/person\/50102df0fb23a8fa9e8effad8fa81386\",\"name\":\"enequipo\",\"image\":{\"@type\":\"ImageObject\",\"inLanguage\":\"es\",\"@id\":\"https:\/\/www.sonoraenequipo.com.mx\/#\/schema\/person\/image\/\",\"url\":\"https:\/\/secure.gravatar.com\/avatar\/049821681b589dabc0bc20695993ccebb09f5b5d4d790cd9251b97faac7c652b?s=96&d=blank&r=g\",\"contentUrl\":\"https:\/\/secure.gravatar.com\/avatar\/049821681b589dabc0bc20695993ccebb09f5b5d4d790cd9251b97faac7c652b?s=96&d=blank&r=g\",\"caption\":\"enequipo\"},\"sameAs\":[\"https:\/\/www.facebook.com\/SonoraEE\"]}]}<\/script>\n ","yoast_head_json":{"title":"Sonora en Equipo. \u00a0Ingresa segunda generaci\u00f3n de estudiantes a la Maestr\u00eda en Gobierno y Asuntos P\u00fablicos del Col Son Sonora","description":"HERMOSILLO, SONORA,MX.\u2500\u2500 Un total de 14 estudiantes iniciaron oficialmente sus actividades acad\u00e9micas como parte de la segunda generaci\u00f3n de la Maestr\u00eda En Sonora en Equipo publicamos toda la informaci\u00f3n de Sonora, M\u00e9xico y el Mundo de manera oportuna y busca que la libertad de expresi\u00f3n sea real. Visita nuestro medio informativo publicado desde Hermosillo, Sonora. %","robots":{"index":"index","follow":"follow","max-snippet":"max-snippet:-1","max-image-preview":"max-image-preview:large","max-video-preview":"max-video-preview:-1"},"canonical":"https:\/\/www.sonoraenequipo.com.mx\/ingresa-segunda-generacion-de-estudiantes-a-la-maestria-en-gobierno-y-asuntos-publicos-del-col-son\/","og_locale":"es_ES","og_type":"article","og_title":"Sonora en Equipo. \u00a0Ingresa segunda generaci\u00f3n de estudiantes a la Maestr\u00eda en Gobierno y Asuntos P\u00fablicos del Col Son Sonora","og_description":"HERMOSILLO, SONORA,MX.\u2500\u2500 Un total de 14 estudiantes iniciaron oficialmente sus actividades acad\u00e9micas como parte de la segunda generaci\u00f3n de la Maestr\u00eda En Sonora en Equipo publicamos toda la informaci\u00f3n de Sonora, M\u00e9xico y el Mundo de manera oportuna y busca que la libertad de expresi\u00f3n sea real. Visita nuestro medio informativo publicado desde Hermosillo, Sonora. %","og_url":"https:\/\/www.sonoraenequipo.com.mx\/ingresa-segunda-generacion-de-estudiantes-a-la-maestria-en-gobierno-y-asuntos-publicos-del-col-son\/","og_site_name":"Sonora en Equipo.","article_publisher":"https:\/\/www.facebook.com\/SonoraEE\/","article_author":"https:\/\/www.facebook.com\/SonoraEE","article_published_time":"2021-02-15T22:12:51+00:00","article_modified_time":"2021-02-16T02:04:57+00:00","og_image":[{"width":500,"height":333,"url":"https:\/\/www.sonoraenequipo.com.mx\/storage\/2021\/02\/colson.jpg","type":"image\/jpeg"}],"author":"enequipo","twitter_card":"summary_large_image","twitter_creator":"@sonoraenequipo","twitter_site":"@sonoraenequipo","twitter_misc":{"Escrito por":"enequipo","Tiempo de lectura":"2 minutos"},"schema":{"@context":"https:\/\/schema.org","@graph":[{"@type":"Article","@id":"https:\/\/www.sonoraenequipo.com.mx\/ingresa-segunda-generacion-de-estudiantes-a-la-maestria-en-gobierno-y-asuntos-publicos-del-col-son\/#article","isPartOf":{"@id":"https:\/\/www.sonoraenequipo.com.mx\/ingresa-segunda-generacion-de-estudiantes-a-la-maestria-en-gobierno-y-asuntos-publicos-del-col-son\/"},"author":{"name":"enequipo","@id":"https:\/\/www.sonoraenequipo.com.mx\/#\/schema\/person\/50102df0fb23a8fa9e8effad8fa81386"},"headline":"\u00a0Ingresa segunda generaci\u00f3n de estudiantes a la Maestr\u00eda en Gobierno y Asuntos P\u00fablicos del Col Son","datePublished":"2021-02-15T22:12:51+00:00","dateModified":"2021-02-16T02:04:57+00:00","mainEntityOfPage":{"@id":"https:\/\/www.sonoraenequipo.com.mx\/ingresa-segunda-generacion-de-estudiantes-a-la-maestria-en-gobierno-y-asuntos-publicos-del-col-son\/"},"wordCount":477,"commentCount":0,"publisher":{"@id":"https:\/\/www.sonoraenequipo.com.mx\/#organization"},"image":{"@id":"https:\/\/www.sonoraenequipo.com.mx\/ingresa-segunda-generacion-de-estudiantes-a-la-maestria-en-gobierno-y-asuntos-publicos-del-col-son\/#primaryimage"},"thumbnailUrl":"https:\/\/www.sonoraenequipo.com.mx\/storage\/2021\/02\/colson.jpg","keywords":["gobierno"],"articleSection":["Sonora"],"inLanguage":"es","potentialAction":[{"@type":"CommentAction","name":"Comment","target":["https:\/\/www.sonoraenequipo.com.mx\/ingresa-segunda-generacion-de-estudiantes-a-la-maestria-en-gobierno-y-asuntos-publicos-del-col-son\/#respond"]}]},{"@type":"WebPage","@id":"https:\/\/www.sonoraenequipo.com.mx\/ingresa-segunda-generacion-de-estudiantes-a-la-maestria-en-gobierno-y-asuntos-publicos-del-col-son\/","url":"https:\/\/www.sonoraenequipo.com.mx\/ingresa-segunda-generacion-de-estudiantes-a-la-maestria-en-gobierno-y-asuntos-publicos-del-col-son\/","name":"Sonora en Equipo. \u00a0Ingresa segunda generaci\u00f3n de estudiantes a la Maestr\u00eda en Gobierno y Asuntos P\u00fablicos del Col Son Sonora","isPartOf":{"@id":"https:\/\/www.sonoraenequipo.com.mx\/#website"},"primaryImageOfPage":{"@id":"https:\/\/www.sonoraenequipo.com.mx\/ingresa-segunda-generacion-de-estudiantes-a-la-maestria-en-gobierno-y-asuntos-publicos-del-col-son\/#primaryimage"},"image":{"@id":"https:\/\/www.sonoraenequipo.com.mx\/ingresa-segunda-generacion-de-estudiantes-a-la-maestria-en-gobierno-y-asuntos-publicos-del-col-son\/#primaryimage"},"thumbnailUrl":"https:\/\/www.sonoraenequipo.com.mx\/storage\/2021\/02\/colson.jpg","datePublished":"2021-02-15T22:12:51+00:00","dateModified":"2021-02-16T02:04:57+00:00","description":"HERMOSILLO, SONORA,MX.\u2500\u2500 Un total de 14 estudiantes iniciaron oficialmente sus actividades acad\u00e9micas como parte de la segunda generaci\u00f3n de la Maestr\u00eda En Sonora en Equipo publicamos toda la informaci\u00f3n de Sonora, M\u00e9xico y el Mundo de manera oportuna y busca que la libertad de expresi\u00f3n sea real. Visita nuestro medio informativo publicado desde Hermosillo, Sonora. %","breadcrumb":{"@id":"https:\/\/www.sonoraenequipo.com.mx\/ingresa-segunda-generacion-de-estudiantes-a-la-maestria-en-gobierno-y-asuntos-publicos-del-col-son\/#breadcrumb"},"inLanguage":"es","potentialAction":[{"@type":"ReadAction","target":["https:\/\/www.sonoraenequipo.com.mx\/ingresa-segunda-generacion-de-estudiantes-a-la-maestria-en-gobierno-y-asuntos-publicos-del-col-son\/"]}]},{"@type":"ImageObject","inLanguage":"es","@id":"https:\/\/www.sonoraenequipo.com.mx\/ingresa-segunda-generacion-de-estudiantes-a-la-maestria-en-gobierno-y-asuntos-publicos-del-col-son\/#primaryimage","url":"https:\/\/www.sonoraenequipo.com.mx\/storage\/2021\/02\/colson.jpg","contentUrl":"https:\/\/www.sonoraenequipo.com.mx\/storage\/2021\/02\/colson.jpg","width":500,"height":333},{"@type":"BreadcrumbList","@id":"https:\/\/www.sonoraenequipo.com.mx\/ingresa-segunda-generacion-de-estudiantes-a-la-maestria-en-gobierno-y-asuntos-publicos-del-col-son\/#breadcrumb","itemListElement":[{"@type":"ListItem","position":1,"name":"Portada","item":"https:\/\/www.sonoraenequipo.com.mx\/"},{"@type":"ListItem","position":2,"name":"\u00a0Ingresa segunda generaci\u00f3n de estudiantes a la Maestr\u00eda en Gobierno y Asuntos P\u00fablicos del Col Son"}]},{"@type":"WebSite","@id":"https:\/\/www.sonoraenequipo.com.mx\/#website","url":"https:\/\/www.sonoraenequipo.com.mx\/","name":"Sonora en Equipo.","description":"Diario en l\u00ednea con Noticias desde Hermosillo, Sonora","publisher":{"@id":"https:\/\/www.sonoraenequipo.com.mx\/#organization"},"potentialAction":[{"@type":"SearchAction","target":{"@type":"EntryPoint","urlTemplate":"https:\/\/www.sonoraenequipo.com.mx\/?s={search_term_string}"},"query-input":{"@type":"PropertyValueSpecification","valueRequired":true,"valueName":"search_term_string"}}],"inLanguage":"es"},{"@type":"Organization","@id":"https:\/\/www.sonoraenequipo.com.mx\/#organization","name":"Sonoraenequipo.com.mx","url":"https:\/\/www.sonoraenequipo.com.mx\/","logo":{"@type":"ImageObject","inLanguage":"es","@id":"https:\/\/www.sonoraenequipo.com.mx\/#\/schema\/logo\/image\/","url":"https:\/\/www.sonoraenequipo.com.mx\/storage\/2019\/01\/sonoraenequipo_opt.png","contentUrl":"https:\/\/www.sonoraenequipo.com.mx\/storage\/2019\/01\/sonoraenequipo_opt.png","width":375,"height":125,"caption":"Sonoraenequipo.com.mx"},"image":{"@id":"https:\/\/www.sonoraenequipo.com.mx\/#\/schema\/logo\/image\/"},"sameAs":["https:\/\/www.facebook.com\/SonoraEE\/","https:\/\/x.com\/sonoraenequipo","https:\/\/www.youtube.com\/channel\/UC338nW-lPEYmJQs4ZABQ1SQ"]},{"@type":"Person","@id":"https:\/\/www.sonoraenequipo.com.mx\/#\/schema\/person\/50102df0fb23a8fa9e8effad8fa81386","name":"enequipo","image":{"@type":"ImageObject","inLanguage":"es","@id":"https:\/\/www.sonoraenequipo.com.mx\/#\/schema\/person\/image\/","url":"https:\/\/secure.gravatar.com\/avatar\/049821681b589dabc0bc20695993ccebb09f5b5d4d790cd9251b97faac7c652b?s=96&d=blank&r=g","contentUrl":"https:\/\/secure.gravatar.com\/avatar\/049821681b589dabc0bc20695993ccebb09f5b5d4d790cd9251b97faac7c652b?s=96&d=blank&r=g","caption":"enequipo"},"sameAs":["https:\/\/www.facebook.com\/SonoraEE"]}]}},"jetpack_featured_media_url":"https:\/\/www.sonoraenequipo.com.mx\/storage\/2021\/02\/colson.jpg","_links":{"self":[{"href":"https:\/\/www.sonoraenequipo.com.mx\/api\/wp\/v2\/posts\/107074","targetHints":{"allow":["GET"]}}],"collection":[{"href":"https:\/\/www.sonoraenequipo.com.mx\/api\/wp\/v2\/posts"}],"about":[{"href":"https:\/\/www.sonoraenequipo.com.mx\/api\/wp\/v2\/types\/post"}],"author":[{"embeddable":true,"href":"https:\/\/www.sonoraenequipo.com.mx\/api\/wp\/v2\/users\/1"}],"replies":[{"embeddable":true,"href":"https:\/\/www.sonoraenequipo.com.mx\/api\/wp\/v2\/comments?post=107074"}],"version-history":[{"count":1,"href":"https:\/\/www.sonoraenequipo.com.mx\/api\/wp\/v2\/posts\/107074\/revisions"}],"predecessor-version":[{"id":107076,"href":"https:\/\/www.sonoraenequipo.com.mx\/api\/wp\/v2\/posts\/107074\/revisions\/107076"}],"wp:featuredmedia":[{"embeddable":true,"href":"https:\/\/www.sonoraenequipo.com.mx\/api\/wp\/v2\/media\/107075"}],"wp:attachment":[{"href":"https:\/\/www.sonoraenequipo.com.mx\/api\/wp\/v2\/media?parent=107074"}],"wp:term":[{"taxonomy":"category","embeddable":true,"href":"https:\/\/www.sonoraenequipo.com.mx\/api\/wp\/v2\/categories?post=107074"},{"taxonomy":"post_tag","embeddable":true,"href":"https:\/\/www.sonoraenequipo.com.mx\/api\/wp\/v2\/tags?post=107074"}],"curies":[{"name":"wp","href":"https:\/\/api.w.org\/{rel}","templated":true}]}}