{"id":107077,"date":"2021-02-15T15:33:46","date_gmt":"2021-02-15T22:33:46","guid":{"rendered":"https:\/\/www.sonoraenequipo.com.mx\/?p=107077"},"modified":"2021-02-15T15:33:46","modified_gmt":"2021-02-15T22:33:46","slug":"juez-para-apertura-de-mina-ilegal-en-chihuahua-gobierno-de-amlo-dio-el-permiso","status":"publish","type":"post","link":"https:\/\/www.sonoraenequipo.com.mx\/juez-para-apertura-de-mina-ilegal-en-chihuahua-gobierno-de-amlo-dio-el-permiso\/","title":{"rendered":"Juez\u00a0 para \u00a0apertura de mina ilegal\u00a0 en Chihuahua, \u00a0gobierno de AMLO dio el permiso"},"content":{"rendered":"<p>CIUDAD DE M\u00c9XICO.\u2500 Derivado de un amparo impulsado por Mexicanos Contra la Corrupci\u00f3n y la Impunidad (MCCI), un Tribunal Federal orden\u00f3 suspender de forma provisional, la construcci\u00f3n de una mina de extracci\u00f3n de cobre a cielo abierto que afecta un \u00e1rea natural protegida de 63 mil hect\u00e1reas en el municipio de Ju\u00e1rez, Chihuahua. El gobierno de L\u00f3pez Obrador autoriz\u00f3 la construcci\u00f3n de la mina en junio de 2019.<\/p>\n<p>&nbsp;<\/p>\n<p>La demanda impulsada por MCCI fue promovida en febrero de 2020 junto con pobladores del \u00c1rea Natural Protegida M\u00e9danos de Samalayuca. Sin embargo, con motivo de la suspensi\u00f3n de labores por la pandemia, el procedimiento se detuvo pr\u00e1cticamente un a\u00f1o, el cual fue reanudado a principios de este mes.<\/p>\n<p>&nbsp;<\/p>\n<p>La semana pasada, el Poder Judicial de la Federaci\u00f3n consider\u00f3 que los permisos de la Secretar\u00eda del Medio Ambiente y Recursos Naturales otorgados a la empresa que construye la mina, Samalayuca Cobre, S.A. de C.V. (financiada por la empresa canadiense VVC Exploration Corporation), ponen en riesgo los mantos acu\u00edferos, la fauna y flora y el equilibrio de los ecosistemas del \u00e1rea protegida y, en general, afectan el medio ambiente del norte de Chihuahua. Desde la defensa legal, velaremos porque la suspensi\u00f3n contin\u00fae, por lo menos, hasta que se dicte sentencia final.<\/p>\n<p>&nbsp;<\/p>\n<p>Nos encontramos a favor del crecimiento econ\u00f3mico, siempre y cuando los proyectos de inversi\u00f3n se realicen con estricto apego a la ley, al medio ambiente y con respeto a los derechos humanos.<\/p>\n<p>Fecha de publicaci\u00f3n \u00a0lunes 15\/feb\/2021\/MCCI<\/p>\n<p>&nbsp;<\/p>\n<p>&nbsp;<\/p>\n<p>&nbsp;<\/p>\n","protected":false},"excerpt":{"rendered":"<p>CIUDAD DE M\u00c9XICO.\u2500 Derivado de un amparo impulsado por Mexicanos Contra la Corrupci\u00f3n y la&#8230;<\/p>\n","protected":false},"author":1,"featured_media":107078,"comment_status":"open","ping_status":"open","sticky":false,"template":"","format":"standard","meta":{"_monsterinsights_skip_tracking":false,"_monsterinsights_sitenote_active":false,"_monsterinsights_sitenote_note":"","_monsterinsights_sitenote_category":0,"footnotes":""},"categories":[5],"tags":[546,5439],"class_list":["post"],"yoast_head":" \n<title>Sonora en Equipo. Juez\u00a0 para \u00a0apertura de mina ilegal\u00a0 en Chihuahua, \u00a0gobierno de AMLO dio el permiso Rep\u00fablica<\/title>\n<meta name=\"description\" content=\"CIUDAD DE M\u00c9XICO.\u2500 Derivado de un amparo impulsado por Mexicanos Contra la Corrupci\u00f3n y la Impunidad (MCCI), un Tribunal Federal orden\u00f3 suspender de forma En Sonora en Equipo publicamos toda la informaci\u00f3n de Sonora, M\u00e9xico y el Mundo de manera oportuna y busca que la libertad de expresi\u00f3n sea real. Visita nuestro medio informativo publicado desde Hermosillo, Sonora. %\" \/>\n<meta name=\"robots\" content=\"index, follow, max-snippet:-1, max-image-preview:large, max-video-preview:-1\" \/>\n<link rel=\"canonical\" href=\"https:\/\/www.sonoraenequipo.com.mx\/juez-para-apertura-de-mina-ilegal-en-chihuahua-gobierno-de-amlo-dio-el-permiso\/\" \/>\n<meta property=\"og:locale\" content=\"es_ES\" \/>\n<meta property=\"og:type\" content=\"article\" \/>\n<meta property=\"og:title\" content=\"Sonora en Equipo. Juez\u00a0 para \u00a0apertura de mina ilegal\u00a0 en Chihuahua, \u00a0gobierno de AMLO dio el permiso Rep\u00fablica\" \/>\n<meta property=\"og:description\" content=\"CIUDAD DE M\u00c9XICO.\u2500 Derivado de un amparo impulsado por Mexicanos Contra la Corrupci\u00f3n y la Impunidad (MCCI), un Tribunal Federal orden\u00f3 suspender de forma En Sonora en Equipo publicamos toda la informaci\u00f3n de Sonora, M\u00e9xico y el Mundo de manera oportuna y busca que la libertad de expresi\u00f3n sea real. Visita nuestro medio informativo publicado desde Hermosillo, Sonora. %\" \/>\n<meta property=\"og:url\" content=\"https:\/\/www.sonoraenequipo.com.mx\/juez-para-apertura-de-mina-ilegal-en-chihuahua-gobierno-de-amlo-dio-el-permiso\/\" \/>\n<meta property=\"og:site_name\" content=\"Sonora en Equipo.\" \/>\n<meta property=\"article:publisher\" content=\"https:\/\/www.facebook.com\/SonoraEE\/\" \/>\n<meta property=\"article:author\" content=\"https:\/\/www.facebook.com\/SonoraEE\" \/>\n<meta property=\"article:published_time\" content=\"2021-02-15T22:33:46+00:00\" \/>\n<meta property=\"og:image\" content=\"https:\/\/www.sonoraenequipo.com.mx\/storage\/2021\/02\/mina-juarez.jpg\" \/>\n\t<meta property=\"og:image:width\" content=\"500\" \/>\n\t<meta property=\"og:image:height\" content=\"300\" \/>\n\t<meta property=\"og:image:type\" content=\"image\/jpeg\" \/>\n<meta name=\"author\" content=\"enequipo\" \/>\n<meta name=\"twitter:card\" content=\"summary_large_image\" \/>\n<meta name=\"twitter:creator\" content=\"@sonoraenequipo\" \/>\n<meta name=\"twitter:site\" content=\"@sonoraenequipo\" \/>\n<meta name=\"twitter:label1\" content=\"Escrito por\" \/>\n\t<meta name=\"twitter:data1\" content=\"enequipo\" \/>\n\t<meta name=\"twitter:label2\" content=\"Tiempo de lectura\" \/>\n\t<meta name=\"twitter:data2\" content=\"2 minutos\" \/>\n<script type=\"application\/ld+json\" class=\"yoast-schema-graph\">{\"@context\":\"https:\/\/schema.org\",\"@graph\":[{\"@type\":\"Article\",\"@id\":\"https:\/\/www.sonoraenequipo.com.mx\/juez-para-apertura-de-mina-ilegal-en-chihuahua-gobierno-de-amlo-dio-el-permiso\/#article\",\"isPartOf\":{\"@id\":\"https:\/\/www.sonoraenequipo.com.mx\/juez-para-apertura-de-mina-ilegal-en-chihuahua-gobierno-de-amlo-dio-el-permiso\/\"},\"author\":{\"name\":\"enequipo\",\"@id\":\"https:\/\/www.sonoraenequipo.com.mx\/#\/schema\/person\/50102df0fb23a8fa9e8effad8fa81386\"},\"headline\":\"Juez\u00a0 para \u00a0apertura de mina ilegal\u00a0 en Chihuahua, \u00a0gobierno de AMLO dio el permiso\",\"datePublished\":\"2021-02-15T22:33:46+00:00\",\"mainEntityOfPage\":{\"@id\":\"https:\/\/www.sonoraenequipo.com.mx\/juez-para-apertura-de-mina-ilegal-en-chihuahua-gobierno-de-amlo-dio-el-permiso\/\"},\"wordCount\":285,\"commentCount\":0,\"publisher\":{\"@id\":\"https:\/\/www.sonoraenequipo.com.mx\/#organization\"},\"image\":{\"@id\":\"https:\/\/www.sonoraenequipo.com.mx\/juez-para-apertura-de-mina-ilegal-en-chihuahua-gobierno-de-amlo-dio-el-permiso\/#primaryimage\"},\"thumbnailUrl\":\"https:\/\/www.sonoraenequipo.com.mx\/storage\/2021\/02\/mina-juarez.jpg\",\"keywords\":[\"AMLO\",\"minas cobre\"],\"articleSection\":[\"Rep\u00fablica\"],\"inLanguage\":\"es\",\"potentialAction\":[{\"@type\":\"CommentAction\",\"name\":\"Comment\",\"target\":[\"https:\/\/www.sonoraenequipo.com.mx\/juez-para-apertura-de-mina-ilegal-en-chihuahua-gobierno-de-amlo-dio-el-permiso\/#respond\"]}]},{\"@type\":\"WebPage\",\"@id\":\"https:\/\/www.sonoraenequipo.com.mx\/juez-para-apertura-de-mina-ilegal-en-chihuahua-gobierno-de-amlo-dio-el-permiso\/\",\"url\":\"https:\/\/www.sonoraenequipo.com.mx\/juez-para-apertura-de-mina-ilegal-en-chihuahua-gobierno-de-amlo-dio-el-permiso\/\",\"name\":\"Sonora en Equipo. Juez\u00a0 para \u00a0apertura de mina ilegal\u00a0 en Chihuahua, \u00a0gobierno de AMLO dio el permiso Rep\u00fablica\",\"isPartOf\":{\"@id\":\"https:\/\/www.sonoraenequipo.com.mx\/#website\"},\"primaryImageOfPage\":{\"@id\":\"https:\/\/www.sonoraenequipo.com.mx\/juez-para-apertura-de-mina-ilegal-en-chihuahua-gobierno-de-amlo-dio-el-permiso\/#primaryimage\"},\"image\":{\"@id\":\"https:\/\/www.sonoraenequipo.com.mx\/juez-para-apertura-de-mina-ilegal-en-chihuahua-gobierno-de-amlo-dio-el-permiso\/#primaryimage\"},\"thumbnailUrl\":\"https:\/\/www.sonoraenequipo.com.mx\/storage\/2021\/02\/mina-juarez.jpg\",\"datePublished\":\"2021-02-15T22:33:46+00:00\",\"description\":\"CIUDAD DE M\u00c9XICO.\u2500 Derivado de un amparo impulsado por Mexicanos Contra la Corrupci\u00f3n y la Impunidad (MCCI), un Tribunal Federal orden\u00f3 suspender de forma En Sonora en Equipo publicamos toda la informaci\u00f3n de Sonora, M\u00e9xico y el Mundo de manera oportuna y busca que la libertad de expresi\u00f3n sea real. Visita nuestro medio informativo publicado desde Hermosillo, Sonora. %\",\"breadcrumb\":{\"@id\":\"https:\/\/www.sonoraenequipo.com.mx\/juez-para-apertura-de-mina-ilegal-en-chihuahua-gobierno-de-amlo-dio-el-permiso\/#breadcrumb\"},\"inLanguage\":\"es\",\"potentialAction\":[{\"@type\":\"ReadAction\",\"target\":[\"https:\/\/www.sonoraenequipo.com.mx\/juez-para-apertura-de-mina-ilegal-en-chihuahua-gobierno-de-amlo-dio-el-permiso\/\"]}]},{\"@type\":\"ImageObject\",\"inLanguage\":\"es\",\"@id\":\"https:\/\/www.sonoraenequipo.com.mx\/juez-para-apertura-de-mina-ilegal-en-chihuahua-gobierno-de-amlo-dio-el-permiso\/#primaryimage\",\"url\":\"https:\/\/www.sonoraenequipo.com.mx\/storage\/2021\/02\/mina-juarez.jpg\",\"contentUrl\":\"https:\/\/www.sonoraenequipo.com.mx\/storage\/2021\/02\/mina-juarez.jpg\",\"width\":500,\"height\":300},{\"@type\":\"BreadcrumbList\",\"@id\":\"https:\/\/www.sonoraenequipo.com.mx\/juez-para-apertura-de-mina-ilegal-en-chihuahua-gobierno-de-amlo-dio-el-permiso\/#breadcrumb\",\"itemListElement\":[{\"@type\":\"ListItem\",\"position\":1,\"name\":\"Portada\",\"item\":\"https:\/\/www.sonoraenequipo.com.mx\/\"},{\"@type\":\"ListItem\",\"position\":2,\"name\":\"Juez\u00a0 para \u00a0apertura de mina ilegal\u00a0 en Chihuahua, \u00a0gobierno de AMLO dio el permiso\"}]},{\"@type\":\"WebSite\",\"@id\":\"https:\/\/www.sonoraenequipo.com.mx\/#website\",\"url\":\"https:\/\/www.sonoraenequipo.com.mx\/\",\"name\":\"Sonora en Equipo.\",\"description\":\"Diario en l\u00ednea con Noticias desde Hermosillo, Sonora\",\"publisher\":{\"@id\":\"https:\/\/www.sonoraenequipo.com.mx\/#organization\"},\"potentialAction\":[{\"@type\":\"SearchAction\",\"target\":{\"@type\":\"EntryPoint\",\"urlTemplate\":\"https:\/\/www.sonoraenequipo.com.mx\/?s={search_term_string}\"},\"query-input\":{\"@type\":\"PropertyValueSpecification\",\"valueRequired\":true,\"valueName\":\"search_term_string\"}}],\"inLanguage\":\"es\"},{\"@type\":\"Organization\",\"@id\":\"https:\/\/www.sonoraenequipo.com.mx\/#organization\",\"name\":\"Sonoraenequipo.com.mx\",\"url\":\"https:\/\/www.sonoraenequipo.com.mx\/\",\"logo\":{\"@type\":\"ImageObject\",\"inLanguage\":\"es\",\"@id\":\"https:\/\/www.sonoraenequipo.com.mx\/#\/schema\/logo\/image\/\",\"url\":\"https:\/\/www.sonoraenequipo.com.mx\/storage\/2019\/01\/sonoraenequipo_opt.png\",\"contentUrl\":\"https:\/\/www.sonoraenequipo.com.mx\/storage\/2019\/01\/sonoraenequipo_opt.png\",\"width\":375,\"height\":125,\"caption\":\"Sonoraenequipo.com.mx\"},\"image\":{\"@id\":\"https:\/\/www.sonoraenequipo.com.mx\/#\/schema\/logo\/image\/\"},\"sameAs\":[\"https:\/\/www.facebook.com\/SonoraEE\/\",\"https:\/\/x.com\/sonoraenequipo\",\"https:\/\/www.youtube.com\/channel\/UC338nW-lPEYmJQs4ZABQ1SQ\"]},{\"@type\":\"Person\",\"@id\":\"https:\/\/www.sonoraenequipo.com.mx\/#\/schema\/person\/50102df0fb23a8fa9e8effad8fa81386\",\"name\":\"enequipo\",\"image\":{\"@type\":\"ImageObject\",\"inLanguage\":\"es\",\"@id\":\"https:\/\/www.sonoraenequipo.com.mx\/#\/schema\/person\/image\/\",\"url\":\"https:\/\/secure.gravatar.com\/avatar\/049821681b589dabc0bc20695993ccebb09f5b5d4d790cd9251b97faac7c652b?s=96&d=blank&r=g\",\"contentUrl\":\"https:\/\/secure.gravatar.com\/avatar\/049821681b589dabc0bc20695993ccebb09f5b5d4d790cd9251b97faac7c652b?s=96&d=blank&r=g\",\"caption\":\"enequipo\"},\"sameAs\":[\"https:\/\/www.facebook.com\/SonoraEE\"]}]}<\/script>\n ","yoast_head_json":{"title":"Sonora en Equipo. Juez\u00a0 para \u00a0apertura de mina ilegal\u00a0 en Chihuahua, \u00a0gobierno de AMLO dio el permiso Rep\u00fablica","description":"CIUDAD DE M\u00c9XICO.\u2500 Derivado de un amparo impulsado por Mexicanos Contra la Corrupci\u00f3n y la Impunidad (MCCI), un Tribunal Federal orden\u00f3 suspender de forma En Sonora en Equipo publicamos toda la informaci\u00f3n de Sonora, M\u00e9xico y el Mundo de manera oportuna y busca que la libertad de expresi\u00f3n sea real. Visita nuestro medio informativo publicado desde Hermosillo, Sonora. %","robots":{"index":"index","follow":"follow","max-snippet":"max-snippet:-1","max-image-preview":"max-image-preview:large","max-video-preview":"max-video-preview:-1"},"canonical":"https:\/\/www.sonoraenequipo.com.mx\/juez-para-apertura-de-mina-ilegal-en-chihuahua-gobierno-de-amlo-dio-el-permiso\/","og_locale":"es_ES","og_type":"article","og_title":"Sonora en Equipo. Juez\u00a0 para \u00a0apertura de mina ilegal\u00a0 en Chihuahua, \u00a0gobierno de AMLO dio el permiso Rep\u00fablica","og_description":"CIUDAD DE M\u00c9XICO.\u2500 Derivado de un amparo impulsado por Mexicanos Contra la Corrupci\u00f3n y la Impunidad (MCCI), un Tribunal Federal orden\u00f3 suspender de forma En Sonora en Equipo publicamos toda la informaci\u00f3n de Sonora, M\u00e9xico y el Mundo de manera oportuna y busca que la libertad de expresi\u00f3n sea real. Visita nuestro medio informativo publicado desde Hermosillo, Sonora. %","og_url":"https:\/\/www.sonoraenequipo.com.mx\/juez-para-apertura-de-mina-ilegal-en-chihuahua-gobierno-de-amlo-dio-el-permiso\/","og_site_name":"Sonora en Equipo.","article_publisher":"https:\/\/www.facebook.com\/SonoraEE\/","article_author":"https:\/\/www.facebook.com\/SonoraEE","article_published_time":"2021-02-15T22:33:46+00:00","og_image":[{"width":500,"height":300,"url":"https:\/\/www.sonoraenequipo.com.mx\/storage\/2021\/02\/mina-juarez.jpg","type":"image\/jpeg"}],"author":"enequipo","twitter_card":"summary_large_image","twitter_creator":"@sonoraenequipo","twitter_site":"@sonoraenequipo","twitter_misc":{"Escrito por":"enequipo","Tiempo de lectura":"2 minutos"},"schema":{"@context":"https:\/\/schema.org","@graph":[{"@type":"Article","@id":"https:\/\/www.sonoraenequipo.com.mx\/juez-para-apertura-de-mina-ilegal-en-chihuahua-gobierno-de-amlo-dio-el-permiso\/#article","isPartOf":{"@id":"https:\/\/www.sonoraenequipo.com.mx\/juez-para-apertura-de-mina-ilegal-en-chihuahua-gobierno-de-amlo-dio-el-permiso\/"},"author":{"name":"enequipo","@id":"https:\/\/www.sonoraenequipo.com.mx\/#\/schema\/person\/50102df0fb23a8fa9e8effad8fa81386"},"headline":"Juez\u00a0 para \u00a0apertura de mina ilegal\u00a0 en Chihuahua, \u00a0gobierno de AMLO dio el permiso","datePublished":"2021-02-15T22:33:46+00:00","mainEntityOfPage":{"@id":"https:\/\/www.sonoraenequipo.com.mx\/juez-para-apertura-de-mina-ilegal-en-chihuahua-gobierno-de-amlo-dio-el-permiso\/"},"wordCount":285,"commentCount":0,"publisher":{"@id":"https:\/\/www.sonoraenequipo.com.mx\/#organization"},"image":{"@id":"https:\/\/www.sonoraenequipo.com.mx\/juez-para-apertura-de-mina-ilegal-en-chihuahua-gobierno-de-amlo-dio-el-permiso\/#primaryimage"},"thumbnailUrl":"https:\/\/www.sonoraenequipo.com.mx\/storage\/2021\/02\/mina-juarez.jpg","keywords":["AMLO","minas cobre"],"articleSection":["Rep\u00fablica"],"inLanguage":"es","potentialAction":[{"@type":"CommentAction","name":"Comment","target":["https:\/\/www.sonoraenequipo.com.mx\/juez-para-apertura-de-mina-ilegal-en-chihuahua-gobierno-de-amlo-dio-el-permiso\/#respond"]}]},{"@type":"WebPage","@id":"https:\/\/www.sonoraenequipo.com.mx\/juez-para-apertura-de-mina-ilegal-en-chihuahua-gobierno-de-amlo-dio-el-permiso\/","url":"https:\/\/www.sonoraenequipo.com.mx\/juez-para-apertura-de-mina-ilegal-en-chihuahua-gobierno-de-amlo-dio-el-permiso\/","name":"Sonora en Equipo. Juez\u00a0 para \u00a0apertura de mina ilegal\u00a0 en Chihuahua, \u00a0gobierno de AMLO dio el permiso Rep\u00fablica","isPartOf":{"@id":"https:\/\/www.sonoraenequipo.com.mx\/#website"},"primaryImageOfPage":{"@id":"https:\/\/www.sonoraenequipo.com.mx\/juez-para-apertura-de-mina-ilegal-en-chihuahua-gobierno-de-amlo-dio-el-permiso\/#primaryimage"},"image":{"@id":"https:\/\/www.sonoraenequipo.com.mx\/juez-para-apertura-de-mina-ilegal-en-chihuahua-gobierno-de-amlo-dio-el-permiso\/#primaryimage"},"thumbnailUrl":"https:\/\/www.sonoraenequipo.com.mx\/storage\/2021\/02\/mina-juarez.jpg","datePublished":"2021-02-15T22:33:46+00:00","description":"CIUDAD DE M\u00c9XICO.\u2500 Derivado de un amparo impulsado por Mexicanos Contra la Corrupci\u00f3n y la Impunidad (MCCI), un Tribunal Federal orden\u00f3 suspender de forma En Sonora en Equipo publicamos toda la informaci\u00f3n de Sonora, M\u00e9xico y el Mundo de manera oportuna y busca que la libertad de expresi\u00f3n sea real. Visita nuestro medio informativo publicado desde Hermosillo, Sonora. %","breadcrumb":{"@id":"https:\/\/www.sonoraenequipo.com.mx\/juez-para-apertura-de-mina-ilegal-en-chihuahua-gobierno-de-amlo-dio-el-permiso\/#breadcrumb"},"inLanguage":"es","potentialAction":[{"@type":"ReadAction","target":["https:\/\/www.sonoraenequipo.com.mx\/juez-para-apertura-de-mina-ilegal-en-chihuahua-gobierno-de-amlo-dio-el-permiso\/"]}]},{"@type":"ImageObject","inLanguage":"es","@id":"https:\/\/www.sonoraenequipo.com.mx\/juez-para-apertura-de-mina-ilegal-en-chihuahua-gobierno-de-amlo-dio-el-permiso\/#primaryimage","url":"https:\/\/www.sonoraenequipo.com.mx\/storage\/2021\/02\/mina-juarez.jpg","contentUrl":"https:\/\/www.sonoraenequipo.com.mx\/storage\/2021\/02\/mina-juarez.jpg","width":500,"height":300},{"@type":"BreadcrumbList","@id":"https:\/\/www.sonoraenequipo.com.mx\/juez-para-apertura-de-mina-ilegal-en-chihuahua-gobierno-de-amlo-dio-el-permiso\/#breadcrumb","itemListElement":[{"@type":"ListItem","position":1,"name":"Portada","item":"https:\/\/www.sonoraenequipo.com.mx\/"},{"@type":"ListItem","position":2,"name":"Juez\u00a0 para \u00a0apertura de mina ilegal\u00a0 en Chihuahua, \u00a0gobierno de AMLO dio el permiso"}]},{"@type":"WebSite","@id":"https:\/\/www.sonoraenequipo.com.mx\/#website","url":"https:\/\/www.sonoraenequipo.com.mx\/","name":"Sonora en Equipo.","description":"Diario en l\u00ednea con Noticias desde Hermosillo, Sonora","publisher":{"@id":"https:\/\/www.sonoraenequipo.com.mx\/#organization"},"potentialAction":[{"@type":"SearchAction","target":{"@type":"EntryPoint","urlTemplate":"https:\/\/www.sonoraenequipo.com.mx\/?s={search_term_string}"},"query-input":{"@type":"PropertyValueSpecification","valueRequired":true,"valueName":"search_term_string"}}],"inLanguage":"es"},{"@type":"Organization","@id":"https:\/\/www.sonoraenequipo.com.mx\/#organization","name":"Sonoraenequipo.com.mx","url":"https:\/\/www.sonoraenequipo.com.mx\/","logo":{"@type":"ImageObject","inLanguage":"es","@id":"https:\/\/www.sonoraenequipo.com.mx\/#\/schema\/logo\/image\/","url":"https:\/\/www.sonoraenequipo.com.mx\/storage\/2019\/01\/sonoraenequipo_opt.png","contentUrl":"https:\/\/www.sonoraenequipo.com.mx\/storage\/2019\/01\/sonoraenequipo_opt.png","width":375,"height":125,"caption":"Sonoraenequipo.com.mx"},"image":{"@id":"https:\/\/www.sonoraenequipo.com.mx\/#\/schema\/logo\/image\/"},"sameAs":["https:\/\/www.facebook.com\/SonoraEE\/","https:\/\/x.com\/sonoraenequipo","https:\/\/www.youtube.com\/channel\/UC338nW-lPEYmJQs4ZABQ1SQ"]},{"@type":"Person","@id":"https:\/\/www.sonoraenequipo.com.mx\/#\/schema\/person\/50102df0fb23a8fa9e8effad8fa81386","name":"enequipo","image":{"@type":"ImageObject","inLanguage":"es","@id":"https:\/\/www.sonoraenequipo.com.mx\/#\/schema\/person\/image\/","url":"https:\/\/secure.gravatar.com\/avatar\/049821681b589dabc0bc20695993ccebb09f5b5d4d790cd9251b97faac7c652b?s=96&d=blank&r=g","contentUrl":"https:\/\/secure.gravatar.com\/avatar\/049821681b589dabc0bc20695993ccebb09f5b5d4d790cd9251b97faac7c652b?s=96&d=blank&r=g","caption":"enequipo"},"sameAs":["https:\/\/www.facebook.com\/SonoraEE"]}]}},"jetpack_featured_media_url":"https:\/\/www.sonoraenequipo.com.mx\/storage\/2021\/02\/mina-juarez.jpg","_links":{"self":[{"href":"https:\/\/www.sonoraenequipo.com.mx\/api\/wp\/v2\/posts\/107077","targetHints":{"allow":["GET"]}}],"collection":[{"href":"https:\/\/www.sonoraenequipo.com.mx\/api\/wp\/v2\/posts"}],"about":[{"href":"https:\/\/www.sonoraenequipo.com.mx\/api\/wp\/v2\/types\/post"}],"author":[{"embeddable":true,"href":"https:\/\/www.sonoraenequipo.com.mx\/api\/wp\/v2\/users\/1"}],"replies":[{"embeddable":true,"href":"https:\/\/www.sonoraenequipo.com.mx\/api\/wp\/v2\/comments?post=107077"}],"version-history":[{"count":1,"href":"https:\/\/www.sonoraenequipo.com.mx\/api\/wp\/v2\/posts\/107077\/revisions"}],"predecessor-version":[{"id":107079,"href":"https:\/\/www.sonoraenequipo.com.mx\/api\/wp\/v2\/posts\/107077\/revisions\/107079"}],"wp:featuredmedia":[{"embeddable":true,"href":"https:\/\/www.sonoraenequipo.com.mx\/api\/wp\/v2\/media\/107078"}],"wp:attachment":[{"href":"https:\/\/www.sonoraenequipo.com.mx\/api\/wp\/v2\/media?parent=107077"}],"wp:term":[{"taxonomy":"category","embeddable":true,"href":"https:\/\/www.sonoraenequipo.com.mx\/api\/wp\/v2\/categories?post=107077"},{"taxonomy":"post_tag","embeddable":true,"href":"https:\/\/www.sonoraenequipo.com.mx\/api\/wp\/v2\/tags?post=107077"}],"curies":[{"name":"wp","href":"https:\/\/api.w.org\/{rel}","templated":true}]}}