{"id":107094,"date":"2021-02-15T18:38:40","date_gmt":"2021-02-16T01:38:40","guid":{"rendered":"https:\/\/www.sonoraenequipo.com.mx\/?p=107094"},"modified":"2021-02-15T18:38:40","modified_gmt":"2021-02-16T01:38:40","slug":"condenan-a-7-por-el-asesinato-de-un-mujer-en-hermosillo","status":"publish","type":"post","link":"https:\/\/www.sonoraenequipo.com.mx\/condenan-a-7-por-el-asesinato-de-un-mujer-en-hermosillo\/","title":{"rendered":"Condenan a 7 por el asesinato de un mujer en Hermosillo"},"content":{"rendered":"<p>&nbsp;<\/p>\n<p><strong>\u25ba Seis de los 7 sentenciados son originarios del Estado de Sinaloa, dos del sexo femenino.<\/strong><\/p>\n<p>&nbsp;<\/p>\n<p>HERMOSILLO, SONORA,MX.\u2500\u2500 Ante la contundencia de\u00a0 m\u00e1s de 50 datos de pruebas recabados y exhibidos por personal de la FGJE de Sonora al Juez, por los delitos de homicidio calificado y asociaci\u00f3n delictuosa, siete personas recibieron sentencias condenatorias al acceder al procedimiento abreviado.<\/p>\n<p>&nbsp;<\/p>\n<p>Personal de la Fiscal\u00eda General de Justicia del Estado de Sonora (FGJE) exhibi\u00f3 las pruebas, entre ellas el IPH, entrevistas a testigos, dict\u00e1menes periciales, un veh\u00edculo asegurado, dos armas de fuego como instrumento del delito y diversos dict\u00e1menes criminalistica.<img loading=\"lazy\" decoding=\"async\" class=\" size-full x-center\" src=\"https:\/\/www.sonoraenequipo.com.mx\/storage\/2021\/02\/7-homicidas.jpg\" alt=\"\" width=\"650\" height=\"299\" \/><\/p>\n<p>&nbsp;<\/p>\n<p>Eduardo Alfonso \u201cN.\u201d, de 18 a\u00f1os, originario de Los Mochis, Amado \u201cN.\u201d, de 44, de Culiac\u00e1n, No\u00e9 Efra\u00edn \u201cN.\u201d, de 46, de Guaymas, y Rodrigo Elizalde \u201cN.\u201d, de 26, de Los Mochis, recibi\u00f3 cada uno 30 a\u00f1os de c\u00e1rcel por homicidio calificado y asociaci\u00f3n delictuosa.<\/p>\n<p>&nbsp;<\/p>\n<p>Mientras que Alejo \u201cN.\u201d, de 45 a\u00f1os, Airam \u201cN.\u201d, de 23, y Mar\u00eda Johana \u201cN.\u201d, de 25, todos originarios de Culiac\u00e1n, Sinaloa, fueron sentenciados a una pena de 3 a\u00f1os de prisi\u00f3n por el delito de asociaci\u00f3n delictuosa.<\/p>\n<p>&nbsp;<\/p>\n<p>Oficiales de Seguridad P\u00fablica Municipal detuvieron a las siete personas en flagrancia delictiva el 29 de julio de 2020, tras una persecuci\u00f3n por calles del Sur de Hermosillo luego de que privaron de la vida a Dora Alicia, de 53 a\u00f1os.<\/p>\n<p>&nbsp;<\/p>\n<p>Alrededor de las 14:00 horas se activ\u00f3 C\u00f3digo Rojo, luego de reportarse detonaciones en la colonia Nuevo Hermosillo, donde qued\u00f3 el cuerpo sin vida de la v\u00edctima en el interior de una vivienda, acudiendo de inmediato polic\u00edas municipales.<\/p>\n<p>&nbsp;<\/p>\n<p>A trav\u00e9s de comunicaci\u00f3n por frecuencia de radio, y con el apoyo de c\u00e1maras del Coordinaci\u00f3n, Comando, Control, Comunicaciones, C\u00f3mputo e Inteligencia (C5i), se detect\u00f3 un veh\u00edculo donde viajaban los responsables, quienes ingresaron a un hotel.<\/p>\n<p>&nbsp;<\/p>\n<p>Tras ser seguidos por elementos de Seguridad P\u00fablica Municipal fueron asegurados en una habitaci\u00f3n, donde se asegur\u00f3 un veh\u00edculo pick up Honda Freightliner, color gris, con placas de Baja California.<\/p>\n<p>&nbsp;<\/p>\n<p>Personal de la Trilog\u00eda Investigadora de la FGJE Sonora, integrada por el Agente del Ministerio P\u00fablico, elementos de la Agencia Ministerial de Investigaci\u00f3n Criminal (AMIC) y de Servicios Periciales, iniciaron con las indagatorias correspondientes.<\/p>\n<p>&nbsp;<\/p>\n<p>Del lugar de los hechos se recolectaron casquillos percutidos calibre .38 super, adem\u00e1s, se realizaron entrevistas a testigos y fue asegurada el arma, que derivaron de las sentencias para las siete personas.<\/p>\n<p>Fecha de publicaci\u00f3n \u00a0lunes 15\/feb\/2021<\/p>\n","protected":false},"excerpt":{"rendered":"<p>&nbsp; \u25ba Seis de los 7 sentenciados son originarios del Estado de Sinaloa, dos del&#8230;<\/p>\n","protected":false},"author":1,"featured_media":107095,"comment_status":"open","ping_status":"open","sticky":false,"template":"","format":"standard","meta":{"_monsterinsights_skip_tracking":false,"_monsterinsights_sitenote_active":false,"_monsterinsights_sitenote_note":"","_monsterinsights_sitenote_category":0,"footnotes":""},"categories":[3144],"tags":[170,15],"class_list":["post"],"yoast_head":" \n<title>Sonora en Equipo. Condenan a 7 por el asesinato de un mujer en Hermosillo Polic\u00edaca<\/title>\n<meta name=\"description\" content=\"&nbsp; \u25ba Seis de los 7 sentenciados son originarios del Estado de Sinaloa, dos del sexo femenino. &nbsp; HERMOSILLO, SONORA,MX.\u2500\u2500 Ante la contundencia de\u00a0 En Sonora en Equipo publicamos toda la informaci\u00f3n de Sonora, M\u00e9xico y el Mundo de manera oportuna y busca que la libertad de expresi\u00f3n sea real. Visita nuestro medio informativo publicado desde Hermosillo, Sonora. %\" \/>\n<meta name=\"robots\" content=\"index, follow, max-snippet:-1, max-image-preview:large, max-video-preview:-1\" \/>\n<link rel=\"canonical\" href=\"https:\/\/www.sonoraenequipo.com.mx\/condenan-a-7-por-el-asesinato-de-un-mujer-en-hermosillo\/\" \/>\n<meta property=\"og:locale\" content=\"es_ES\" \/>\n<meta property=\"og:type\" content=\"article\" \/>\n<meta property=\"og:title\" content=\"Sonora en Equipo. Condenan a 7 por el asesinato de un mujer en Hermosillo Polic\u00edaca\" \/>\n<meta property=\"og:description\" content=\"&nbsp; \u25ba Seis de los 7 sentenciados son originarios del Estado de Sinaloa, dos del sexo femenino. &nbsp; HERMOSILLO, SONORA,MX.\u2500\u2500 Ante la contundencia de\u00a0 En Sonora en Equipo publicamos toda la informaci\u00f3n de Sonora, M\u00e9xico y el Mundo de manera oportuna y busca que la libertad de expresi\u00f3n sea real. Visita nuestro medio informativo publicado desde Hermosillo, Sonora. %\" \/>\n<meta property=\"og:url\" content=\"https:\/\/www.sonoraenequipo.com.mx\/condenan-a-7-por-el-asesinato-de-un-mujer-en-hermosillo\/\" \/>\n<meta property=\"og:site_name\" content=\"Sonora en Equipo.\" \/>\n<meta property=\"article:publisher\" content=\"https:\/\/www.facebook.com\/SonoraEE\/\" \/>\n<meta property=\"article:author\" content=\"https:\/\/www.facebook.com\/SonoraEE\" \/>\n<meta property=\"article:published_time\" content=\"2021-02-16T01:38:40+00:00\" \/>\n<meta property=\"og:image\" content=\"https:\/\/www.sonoraenequipo.com.mx\/storage\/2021\/02\/escuadra.jpg\" \/>\n\t<meta property=\"og:image:width\" content=\"500\" \/>\n\t<meta property=\"og:image:height\" content=\"305\" \/>\n\t<meta property=\"og:image:type\" content=\"image\/jpeg\" \/>\n<meta name=\"author\" content=\"enequipo\" \/>\n<meta name=\"twitter:card\" content=\"summary_large_image\" \/>\n<meta name=\"twitter:creator\" content=\"@sonoraenequipo\" \/>\n<meta name=\"twitter:site\" content=\"@sonoraenequipo\" \/>\n<meta name=\"twitter:label1\" content=\"Escrito por\" \/>\n\t<meta name=\"twitter:data1\" content=\"enequipo\" \/>\n\t<meta name=\"twitter:label2\" content=\"Tiempo de lectura\" \/>\n\t<meta name=\"twitter:data2\" content=\"2 minutos\" \/>\n<script type=\"application\/ld+json\" class=\"yoast-schema-graph\">{\"@context\":\"https:\/\/schema.org\",\"@graph\":[{\"@type\":\"Article\",\"@id\":\"https:\/\/www.sonoraenequipo.com.mx\/condenan-a-7-por-el-asesinato-de-un-mujer-en-hermosillo\/#article\",\"isPartOf\":{\"@id\":\"https:\/\/www.sonoraenequipo.com.mx\/condenan-a-7-por-el-asesinato-de-un-mujer-en-hermosillo\/\"},\"author\":{\"name\":\"enequipo\",\"@id\":\"https:\/\/www.sonoraenequipo.com.mx\/#\/schema\/person\/50102df0fb23a8fa9e8effad8fa81386\"},\"headline\":\"Condenan a 7 por el asesinato de un mujer en Hermosillo\",\"datePublished\":\"2021-02-16T01:38:40+00:00\",\"mainEntityOfPage\":{\"@id\":\"https:\/\/www.sonoraenequipo.com.mx\/condenan-a-7-por-el-asesinato-de-un-mujer-en-hermosillo\/\"},\"wordCount\":441,\"commentCount\":0,\"publisher\":{\"@id\":\"https:\/\/www.sonoraenequipo.com.mx\/#organization\"},\"image\":{\"@id\":\"https:\/\/www.sonoraenequipo.com.mx\/condenan-a-7-por-el-asesinato-de-un-mujer-en-hermosillo\/#primaryimage\"},\"thumbnailUrl\":\"https:\/\/www.sonoraenequipo.com.mx\/storage\/2021\/02\/escuadra.jpg\",\"keywords\":[\"Seguridad\",\"Sonora\"],\"articleSection\":[\"Polic\u00edaca\"],\"inLanguage\":\"es\",\"potentialAction\":[{\"@type\":\"CommentAction\",\"name\":\"Comment\",\"target\":[\"https:\/\/www.sonoraenequipo.com.mx\/condenan-a-7-por-el-asesinato-de-un-mujer-en-hermosillo\/#respond\"]}]},{\"@type\":\"WebPage\",\"@id\":\"https:\/\/www.sonoraenequipo.com.mx\/condenan-a-7-por-el-asesinato-de-un-mujer-en-hermosillo\/\",\"url\":\"https:\/\/www.sonoraenequipo.com.mx\/condenan-a-7-por-el-asesinato-de-un-mujer-en-hermosillo\/\",\"name\":\"Sonora en Equipo. Condenan a 7 por el asesinato de un mujer en Hermosillo Polic\u00edaca\",\"isPartOf\":{\"@id\":\"https:\/\/www.sonoraenequipo.com.mx\/#website\"},\"primaryImageOfPage\":{\"@id\":\"https:\/\/www.sonoraenequipo.com.mx\/condenan-a-7-por-el-asesinato-de-un-mujer-en-hermosillo\/#primaryimage\"},\"image\":{\"@id\":\"https:\/\/www.sonoraenequipo.com.mx\/condenan-a-7-por-el-asesinato-de-un-mujer-en-hermosillo\/#primaryimage\"},\"thumbnailUrl\":\"https:\/\/www.sonoraenequipo.com.mx\/storage\/2021\/02\/escuadra.jpg\",\"datePublished\":\"2021-02-16T01:38:40+00:00\",\"description\":\"&nbsp; \u25ba Seis de los 7 sentenciados son originarios del Estado de Sinaloa, dos del sexo femenino. &nbsp; HERMOSILLO, SONORA,MX.\u2500\u2500 Ante la contundencia de\u00a0 En Sonora en Equipo publicamos toda la informaci\u00f3n de Sonora, M\u00e9xico y el Mundo de manera oportuna y busca que la libertad de expresi\u00f3n sea real. Visita nuestro medio informativo publicado desde Hermosillo, Sonora. %\",\"breadcrumb\":{\"@id\":\"https:\/\/www.sonoraenequipo.com.mx\/condenan-a-7-por-el-asesinato-de-un-mujer-en-hermosillo\/#breadcrumb\"},\"inLanguage\":\"es\",\"potentialAction\":[{\"@type\":\"ReadAction\",\"target\":[\"https:\/\/www.sonoraenequipo.com.mx\/condenan-a-7-por-el-asesinato-de-un-mujer-en-hermosillo\/\"]}]},{\"@type\":\"ImageObject\",\"inLanguage\":\"es\",\"@id\":\"https:\/\/www.sonoraenequipo.com.mx\/condenan-a-7-por-el-asesinato-de-un-mujer-en-hermosillo\/#primaryimage\",\"url\":\"https:\/\/www.sonoraenequipo.com.mx\/storage\/2021\/02\/escuadra.jpg\",\"contentUrl\":\"https:\/\/www.sonoraenequipo.com.mx\/storage\/2021\/02\/escuadra.jpg\",\"width\":500,\"height\":305},{\"@type\":\"BreadcrumbList\",\"@id\":\"https:\/\/www.sonoraenequipo.com.mx\/condenan-a-7-por-el-asesinato-de-un-mujer-en-hermosillo\/#breadcrumb\",\"itemListElement\":[{\"@type\":\"ListItem\",\"position\":1,\"name\":\"Portada\",\"item\":\"https:\/\/www.sonoraenequipo.com.mx\/\"},{\"@type\":\"ListItem\",\"position\":2,\"name\":\"Condenan a 7 por el asesinato de un mujer en Hermosillo\"}]},{\"@type\":\"WebSite\",\"@id\":\"https:\/\/www.sonoraenequipo.com.mx\/#website\",\"url\":\"https:\/\/www.sonoraenequipo.com.mx\/\",\"name\":\"Sonora en Equipo.\",\"description\":\"Diario en l\u00ednea con Noticias desde Hermosillo, Sonora\",\"publisher\":{\"@id\":\"https:\/\/www.sonoraenequipo.com.mx\/#organization\"},\"potentialAction\":[{\"@type\":\"SearchAction\",\"target\":{\"@type\":\"EntryPoint\",\"urlTemplate\":\"https:\/\/www.sonoraenequipo.com.mx\/?s={search_term_string}\"},\"query-input\":{\"@type\":\"PropertyValueSpecification\",\"valueRequired\":true,\"valueName\":\"search_term_string\"}}],\"inLanguage\":\"es\"},{\"@type\":\"Organization\",\"@id\":\"https:\/\/www.sonoraenequipo.com.mx\/#organization\",\"name\":\"Sonoraenequipo.com.mx\",\"url\":\"https:\/\/www.sonoraenequipo.com.mx\/\",\"logo\":{\"@type\":\"ImageObject\",\"inLanguage\":\"es\",\"@id\":\"https:\/\/www.sonoraenequipo.com.mx\/#\/schema\/logo\/image\/\",\"url\":\"https:\/\/www.sonoraenequipo.com.mx\/storage\/2019\/01\/sonoraenequipo_opt.png\",\"contentUrl\":\"https:\/\/www.sonoraenequipo.com.mx\/storage\/2019\/01\/sonoraenequipo_opt.png\",\"width\":375,\"height\":125,\"caption\":\"Sonoraenequipo.com.mx\"},\"image\":{\"@id\":\"https:\/\/www.sonoraenequipo.com.mx\/#\/schema\/logo\/image\/\"},\"sameAs\":[\"https:\/\/www.facebook.com\/SonoraEE\/\",\"https:\/\/x.com\/sonoraenequipo\",\"https:\/\/www.youtube.com\/channel\/UC338nW-lPEYmJQs4ZABQ1SQ\"]},{\"@type\":\"Person\",\"@id\":\"https:\/\/www.sonoraenequipo.com.mx\/#\/schema\/person\/50102df0fb23a8fa9e8effad8fa81386\",\"name\":\"enequipo\",\"image\":{\"@type\":\"ImageObject\",\"inLanguage\":\"es\",\"@id\":\"https:\/\/www.sonoraenequipo.com.mx\/#\/schema\/person\/image\/\",\"url\":\"https:\/\/secure.gravatar.com\/avatar\/049821681b589dabc0bc20695993ccebb09f5b5d4d790cd9251b97faac7c652b?s=96&d=blank&r=g\",\"contentUrl\":\"https:\/\/secure.gravatar.com\/avatar\/049821681b589dabc0bc20695993ccebb09f5b5d4d790cd9251b97faac7c652b?s=96&d=blank&r=g\",\"caption\":\"enequipo\"},\"sameAs\":[\"https:\/\/www.facebook.com\/SonoraEE\"]}]}<\/script>\n ","yoast_head_json":{"title":"Sonora en Equipo. Condenan a 7 por el asesinato de un mujer en Hermosillo Polic\u00edaca","description":"&nbsp; \u25ba Seis de los 7 sentenciados son originarios del Estado de Sinaloa, dos del sexo femenino. &nbsp; HERMOSILLO, SONORA,MX.\u2500\u2500 Ante la contundencia de\u00a0 En Sonora en Equipo publicamos toda la informaci\u00f3n de Sonora, M\u00e9xico y el Mundo de manera oportuna y busca que la libertad de expresi\u00f3n sea real. Visita nuestro medio informativo publicado desde Hermosillo, Sonora. %","robots":{"index":"index","follow":"follow","max-snippet":"max-snippet:-1","max-image-preview":"max-image-preview:large","max-video-preview":"max-video-preview:-1"},"canonical":"https:\/\/www.sonoraenequipo.com.mx\/condenan-a-7-por-el-asesinato-de-un-mujer-en-hermosillo\/","og_locale":"es_ES","og_type":"article","og_title":"Sonora en Equipo. Condenan a 7 por el asesinato de un mujer en Hermosillo Polic\u00edaca","og_description":"&nbsp; \u25ba Seis de los 7 sentenciados son originarios del Estado de Sinaloa, dos del sexo femenino. &nbsp; HERMOSILLO, SONORA,MX.\u2500\u2500 Ante la contundencia de\u00a0 En Sonora en Equipo publicamos toda la informaci\u00f3n de Sonora, M\u00e9xico y el Mundo de manera oportuna y busca que la libertad de expresi\u00f3n sea real. Visita nuestro medio informativo publicado desde Hermosillo, Sonora. %","og_url":"https:\/\/www.sonoraenequipo.com.mx\/condenan-a-7-por-el-asesinato-de-un-mujer-en-hermosillo\/","og_site_name":"Sonora en Equipo.","article_publisher":"https:\/\/www.facebook.com\/SonoraEE\/","article_author":"https:\/\/www.facebook.com\/SonoraEE","article_published_time":"2021-02-16T01:38:40+00:00","og_image":[{"width":500,"height":305,"url":"https:\/\/www.sonoraenequipo.com.mx\/storage\/2021\/02\/escuadra.jpg","type":"image\/jpeg"}],"author":"enequipo","twitter_card":"summary_large_image","twitter_creator":"@sonoraenequipo","twitter_site":"@sonoraenequipo","twitter_misc":{"Escrito por":"enequipo","Tiempo de lectura":"2 minutos"},"schema":{"@context":"https:\/\/schema.org","@graph":[{"@type":"Article","@id":"https:\/\/www.sonoraenequipo.com.mx\/condenan-a-7-por-el-asesinato-de-un-mujer-en-hermosillo\/#article","isPartOf":{"@id":"https:\/\/www.sonoraenequipo.com.mx\/condenan-a-7-por-el-asesinato-de-un-mujer-en-hermosillo\/"},"author":{"name":"enequipo","@id":"https:\/\/www.sonoraenequipo.com.mx\/#\/schema\/person\/50102df0fb23a8fa9e8effad8fa81386"},"headline":"Condenan a 7 por el asesinato de un mujer en Hermosillo","datePublished":"2021-02-16T01:38:40+00:00","mainEntityOfPage":{"@id":"https:\/\/www.sonoraenequipo.com.mx\/condenan-a-7-por-el-asesinato-de-un-mujer-en-hermosillo\/"},"wordCount":441,"commentCount":0,"publisher":{"@id":"https:\/\/www.sonoraenequipo.com.mx\/#organization"},"image":{"@id":"https:\/\/www.sonoraenequipo.com.mx\/condenan-a-7-por-el-asesinato-de-un-mujer-en-hermosillo\/#primaryimage"},"thumbnailUrl":"https:\/\/www.sonoraenequipo.com.mx\/storage\/2021\/02\/escuadra.jpg","keywords":["Seguridad","Sonora"],"articleSection":["Polic\u00edaca"],"inLanguage":"es","potentialAction":[{"@type":"CommentAction","name":"Comment","target":["https:\/\/www.sonoraenequipo.com.mx\/condenan-a-7-por-el-asesinato-de-un-mujer-en-hermosillo\/#respond"]}]},{"@type":"WebPage","@id":"https:\/\/www.sonoraenequipo.com.mx\/condenan-a-7-por-el-asesinato-de-un-mujer-en-hermosillo\/","url":"https:\/\/www.sonoraenequipo.com.mx\/condenan-a-7-por-el-asesinato-de-un-mujer-en-hermosillo\/","name":"Sonora en Equipo. Condenan a 7 por el asesinato de un mujer en Hermosillo Polic\u00edaca","isPartOf":{"@id":"https:\/\/www.sonoraenequipo.com.mx\/#website"},"primaryImageOfPage":{"@id":"https:\/\/www.sonoraenequipo.com.mx\/condenan-a-7-por-el-asesinato-de-un-mujer-en-hermosillo\/#primaryimage"},"image":{"@id":"https:\/\/www.sonoraenequipo.com.mx\/condenan-a-7-por-el-asesinato-de-un-mujer-en-hermosillo\/#primaryimage"},"thumbnailUrl":"https:\/\/www.sonoraenequipo.com.mx\/storage\/2021\/02\/escuadra.jpg","datePublished":"2021-02-16T01:38:40+00:00","description":"&nbsp; \u25ba Seis de los 7 sentenciados son originarios del Estado de Sinaloa, dos del sexo femenino. &nbsp; HERMOSILLO, SONORA,MX.\u2500\u2500 Ante la contundencia de\u00a0 En Sonora en Equipo publicamos toda la informaci\u00f3n de Sonora, M\u00e9xico y el Mundo de manera oportuna y busca que la libertad de expresi\u00f3n sea real. Visita nuestro medio informativo publicado desde Hermosillo, Sonora. %","breadcrumb":{"@id":"https:\/\/www.sonoraenequipo.com.mx\/condenan-a-7-por-el-asesinato-de-un-mujer-en-hermosillo\/#breadcrumb"},"inLanguage":"es","potentialAction":[{"@type":"ReadAction","target":["https:\/\/www.sonoraenequipo.com.mx\/condenan-a-7-por-el-asesinato-de-un-mujer-en-hermosillo\/"]}]},{"@type":"ImageObject","inLanguage":"es","@id":"https:\/\/www.sonoraenequipo.com.mx\/condenan-a-7-por-el-asesinato-de-un-mujer-en-hermosillo\/#primaryimage","url":"https:\/\/www.sonoraenequipo.com.mx\/storage\/2021\/02\/escuadra.jpg","contentUrl":"https:\/\/www.sonoraenequipo.com.mx\/storage\/2021\/02\/escuadra.jpg","width":500,"height":305},{"@type":"BreadcrumbList","@id":"https:\/\/www.sonoraenequipo.com.mx\/condenan-a-7-por-el-asesinato-de-un-mujer-en-hermosillo\/#breadcrumb","itemListElement":[{"@type":"ListItem","position":1,"name":"Portada","item":"https:\/\/www.sonoraenequipo.com.mx\/"},{"@type":"ListItem","position":2,"name":"Condenan a 7 por el asesinato de un mujer en Hermosillo"}]},{"@type":"WebSite","@id":"https:\/\/www.sonoraenequipo.com.mx\/#website","url":"https:\/\/www.sonoraenequipo.com.mx\/","name":"Sonora en Equipo.","description":"Diario en l\u00ednea con Noticias desde Hermosillo, Sonora","publisher":{"@id":"https:\/\/www.sonoraenequipo.com.mx\/#organization"},"potentialAction":[{"@type":"SearchAction","target":{"@type":"EntryPoint","urlTemplate":"https:\/\/www.sonoraenequipo.com.mx\/?s={search_term_string}"},"query-input":{"@type":"PropertyValueSpecification","valueRequired":true,"valueName":"search_term_string"}}],"inLanguage":"es"},{"@type":"Organization","@id":"https:\/\/www.sonoraenequipo.com.mx\/#organization","name":"Sonoraenequipo.com.mx","url":"https:\/\/www.sonoraenequipo.com.mx\/","logo":{"@type":"ImageObject","inLanguage":"es","@id":"https:\/\/www.sonoraenequipo.com.mx\/#\/schema\/logo\/image\/","url":"https:\/\/www.sonoraenequipo.com.mx\/storage\/2019\/01\/sonoraenequipo_opt.png","contentUrl":"https:\/\/www.sonoraenequipo.com.mx\/storage\/2019\/01\/sonoraenequipo_opt.png","width":375,"height":125,"caption":"Sonoraenequipo.com.mx"},"image":{"@id":"https:\/\/www.sonoraenequipo.com.mx\/#\/schema\/logo\/image\/"},"sameAs":["https:\/\/www.facebook.com\/SonoraEE\/","https:\/\/x.com\/sonoraenequipo","https:\/\/www.youtube.com\/channel\/UC338nW-lPEYmJQs4ZABQ1SQ"]},{"@type":"Person","@id":"https:\/\/www.sonoraenequipo.com.mx\/#\/schema\/person\/50102df0fb23a8fa9e8effad8fa81386","name":"enequipo","image":{"@type":"ImageObject","inLanguage":"es","@id":"https:\/\/www.sonoraenequipo.com.mx\/#\/schema\/person\/image\/","url":"https:\/\/secure.gravatar.com\/avatar\/049821681b589dabc0bc20695993ccebb09f5b5d4d790cd9251b97faac7c652b?s=96&d=blank&r=g","contentUrl":"https:\/\/secure.gravatar.com\/avatar\/049821681b589dabc0bc20695993ccebb09f5b5d4d790cd9251b97faac7c652b?s=96&d=blank&r=g","caption":"enequipo"},"sameAs":["https:\/\/www.facebook.com\/SonoraEE"]}]}},"jetpack_featured_media_url":"https:\/\/www.sonoraenequipo.com.mx\/storage\/2021\/02\/escuadra.jpg","_links":{"self":[{"href":"https:\/\/www.sonoraenequipo.com.mx\/api\/wp\/v2\/posts\/107094","targetHints":{"allow":["GET"]}}],"collection":[{"href":"https:\/\/www.sonoraenequipo.com.mx\/api\/wp\/v2\/posts"}],"about":[{"href":"https:\/\/www.sonoraenequipo.com.mx\/api\/wp\/v2\/types\/post"}],"author":[{"embeddable":true,"href":"https:\/\/www.sonoraenequipo.com.mx\/api\/wp\/v2\/users\/1"}],"replies":[{"embeddable":true,"href":"https:\/\/www.sonoraenequipo.com.mx\/api\/wp\/v2\/comments?post=107094"}],"version-history":[{"count":1,"href":"https:\/\/www.sonoraenequipo.com.mx\/api\/wp\/v2\/posts\/107094\/revisions"}],"predecessor-version":[{"id":107097,"href":"https:\/\/www.sonoraenequipo.com.mx\/api\/wp\/v2\/posts\/107094\/revisions\/107097"}],"wp:featuredmedia":[{"embeddable":true,"href":"https:\/\/www.sonoraenequipo.com.mx\/api\/wp\/v2\/media\/107095"}],"wp:attachment":[{"href":"https:\/\/www.sonoraenequipo.com.mx\/api\/wp\/v2\/media?parent=107094"}],"wp:term":[{"taxonomy":"category","embeddable":true,"href":"https:\/\/www.sonoraenequipo.com.mx\/api\/wp\/v2\/categories?post=107094"},{"taxonomy":"post_tag","embeddable":true,"href":"https:\/\/www.sonoraenequipo.com.mx\/api\/wp\/v2\/tags?post=107094"}],"curies":[{"name":"wp","href":"https:\/\/api.w.org\/{rel}","templated":true}]}}