{"id":107101,"date":"2021-02-15T19:00:14","date_gmt":"2021-02-16T02:00:14","guid":{"rendered":"https:\/\/www.sonoraenequipo.com.mx\/?p=107101"},"modified":"2021-02-15T19:00:14","modified_gmt":"2021-02-16T02:00:14","slug":"inicio-este-lunes-vacunacion-contra-covid-19-para-adultos-mayores-en-45-municipios-de-sonora-gobernadora","status":"publish","type":"post","link":"https:\/\/www.sonoraenequipo.com.mx\/inicio-este-lunes-vacunacion-contra-covid-19-para-adultos-mayores-en-45-municipios-de-sonora-gobernadora\/","title":{"rendered":"Inici\u00f3 este lunes vacunaci\u00f3n contra COVID-19 para adultos mayores en 45 municipios de Sonora: Gobernadora"},"content":{"rendered":"<p>HERMOSILLO, SONORA,MX.\u2500\u2500 Para continuar el proceso de vacunaci\u00f3n contra COVID-19 que se realiza en Sonora, a partir de este lunes inici\u00f3 la aplicaci\u00f3n del biol\u00f3gico en adultos mayores, en 52 puntos de 45 municipios de la entidad con menos de mil habitantes, luego de la llegada de m\u00e1s de 20 mil dosis de la vacuna de AstraZeneca al estado inform\u00f3 la gobernadora Claudia Pavlovich Arellano.<\/p>\n<p>&nbsp;<\/p>\n<p>La mandataria estatal indic\u00f3 que en forma coordinada con dependencias federales como Secretar\u00eda de la Defensa Nacional, Secretar\u00eda del Bienestar y la delegaci\u00f3n del IMSS en Sonora, y de acuerdo al Plan nacional de vacunaci\u00f3n, se aplican desde este lunes, principalmente en los centros y unidades de salud, las primeras 20 mil 620 dosis de la vacuna de AstraZeneca a los adultos mayores de 52 localidades de los 45 municipios con menor poblaci\u00f3n de Sonora, lo que constituye al fin una luz hacia la ruta de salida de las etapas m\u00e1s cr\u00edticas de esta pandemia.<\/p>\n<p>&nbsp;<\/p>\n<p>\u201cSe est\u00e1n aplicando en 52 puntos del estado, son lugares y municipios de la sierra, municipios lejanos; se est\u00e1n vacunando en centros de salud, agradezco a la Sedena, como siempre, su apoyo en la log\u00edstica, al delegado del IMSS, quien es el coordinador de todo esto y, sobre todo, a nuestras enfermeras que son las que hacen posible esta vacunaci\u00f3n, esta aplicaci\u00f3n de la vacuna en nuestros adultos mayores\u201d, afirm\u00f3.<\/p>\n<p>&nbsp;<\/p>\n<p>Record\u00f3 que tras la sugerencia que hizo como presidenta de la Conferencia Nacional de Gobernadores (Conago), el proceso de vacunaci\u00f3n en Sonora se lleva a cabo en su mayor\u00eda en los centros de salud, esto, con la intenci\u00f3n de tener un mejor control y atenci\u00f3n a las personas que puedan tener una reacci\u00f3n desfavorable con el biol\u00f3gico.<\/p>\n<p>&nbsp;<\/p>\n<p>\u201cLa verdad es que estoy muy contenta y tal y como recomendamos en la reuni\u00f3n de la Conago, se hab\u00eda dicho que iba a ser en escuelas y yo insist\u00ed mucho en esa reuni\u00f3n que lo importante es que fuera en los centros de salud, porque nuestros adultos mayores que tienen alguna enfermedad cr\u00f3nica, como hipertensi\u00f3n, diabetes y puede haber una mayor reacci\u00f3n en ellos\u201d, expres\u00f3.<\/p>\n<p>&nbsp;<\/p>\n<p>La gobernadora agradeci\u00f3 la respuesta favorable que han mostrado los adultos mayores para acceder a la inmunizaci\u00f3n y felicit\u00f3 al se\u00f1or Ram\u00f3n Dur\u00e1n Cabrera, de 64 a\u00f1os, quien fue el primer adulto mayor en Sonora en ponerse su vacuna AstraZeneca contra el COVID-19 en el municipio de Cucurpe.<\/p>\n<p>&nbsp;<\/p>\n<p>\u201cTenemos en Sonora gran experiencia en el tema de vacunaci\u00f3n, nuestras enfermeras y enfermeros, la verdad, son maestras y maestros en esto y esto nos ha ayudado much\u00edsimo para que la vacunaci\u00f3n sea lo m\u00e1s \u00e1gil posible y con la mayor certidumbre, y bueno para nuestros adultos mayores es una bendici\u00f3n, esperemos que llegue pronto a los lugares donde hay una gran cantidad de personas, donde se nos ha complicado mucho el tema de COVID como son las ciudades grandes, pero tambi\u00e9n es importante que estos adultos mayores que est\u00e1n en los puntos m\u00e1s alejados los est\u00e9n recibiendo en estos momentos\u201d, enfatiz\u00f3.<\/p>\n<p>&nbsp;<\/p>\n<p>La mandataria sonorense puntualiz\u00f3 que en su calidad de presidenta de la Conago mantendr\u00e1 constante comunicaci\u00f3n con el Gobierno Federal para que los estados tengan informaci\u00f3n precisa sobre la calendarizaci\u00f3n de embarques de vacunas al pa\u00eds y la agenda en el proceso de aplicaci\u00f3n del biol\u00f3gico, de acuerdo al esquema proyectado.<\/p>\n<p>&nbsp;<\/p>\n<p>Respecto a la aplicaci\u00f3n de la segunda dosis al personal de salud de primera l\u00ednea de atenci\u00f3n COVID comparti\u00f3 que se espera que este martes 16 de febrero lleguen cerca de 16 mil vacunas m\u00e1s para completar dicho esquema e iniciar el mi\u00e9rcoles 17 de febrero.<\/p>\n<p>&nbsp;<\/p>\n<p>Los 45 municipios en los que se inici\u00f3 la vacunaci\u00f3n de adultos mayores son Altar, \u00c1til, Trincheras, S\u00e1ric, Tubutama, Oquitoa, Opodepe, Benjam\u00edn Hill, Carb\u00f3, San Miguel de Horcasitas, Santa Cruz Naco, Fronteras, La Colorada, San Javier, San Felipe de Jes\u00fas, \u00d3navas, Divisaderos, Huachinera, Bacerac, Cucurpe, Granados, Bacad\u00e9huachi, Bacanora, Bavispe, Arizpe, Arivechi, Hu\u00e1sabas, Suaqui Grande, Ban\u00e1michi, Hu\u00e9pac, Mazat\u00e1n, Tepache, Villa Pesquiera, N\u00e1cori Chico, Villa Hidalgo, Soyopa, Bacoachi, Ray\u00f3n, Aconchi, Bavi\u00e1cora, Moctezuma, San Pedro de la Cueva, Quiriego y Y\u00e9cora.<\/p>\n<p>Fecha de publicaci\u00f3n \u00a0lunes 15\/feb\/2021<\/p>\n<p>&nbsp;<\/p>\n","protected":false},"excerpt":{"rendered":"<p>HERMOSILLO, SONORA,MX.\u2500\u2500 Para continuar el proceso de vacunaci\u00f3n contra COVID-19 que se realiza en Sonora,&#8230;<\/p>\n","protected":false},"author":1,"featured_media":107102,"comment_status":"open","ping_status":"open","sticky":false,"template":"","format":"standard","meta":{"_monsterinsights_skip_tracking":false,"_monsterinsights_sitenote_active":false,"_monsterinsights_sitenote_note":"","_monsterinsights_sitenote_category":0,"footnotes":""},"categories":[22],"tags":[4249,15],"class_list":["post"],"yoast_head":" \n<title>Sonora en Equipo. Inici\u00f3 este lunes vacunaci\u00f3n contra COVID-19 para adultos mayores en 45 municipios de Sonora: Gobernadora Sonora<\/title>\n<meta name=\"description\" content=\"HERMOSILLO, SONORA,MX.\u2500\u2500 Para continuar el proceso de vacunaci\u00f3n contra COVID-19 que se realiza en Sonora, a partir de este lunes inici\u00f3 la aplicaci\u00f3n del En Sonora en Equipo publicamos toda la informaci\u00f3n de Sonora, M\u00e9xico y el Mundo de manera oportuna y busca que la libertad de expresi\u00f3n sea real. Visita nuestro medio informativo publicado desde Hermosillo, Sonora. %\" \/>\n<meta name=\"robots\" content=\"index, follow, max-snippet:-1, max-image-preview:large, max-video-preview:-1\" \/>\n<link rel=\"canonical\" href=\"https:\/\/www.sonoraenequipo.com.mx\/inicio-este-lunes-vacunacion-contra-covid-19-para-adultos-mayores-en-45-municipios-de-sonora-gobernadora\/\" \/>\n<meta property=\"og:locale\" content=\"es_ES\" \/>\n<meta property=\"og:type\" content=\"article\" \/>\n<meta property=\"og:title\" content=\"Sonora en Equipo. Inici\u00f3 este lunes vacunaci\u00f3n contra COVID-19 para adultos mayores en 45 municipios de Sonora: Gobernadora Sonora\" \/>\n<meta property=\"og:description\" content=\"HERMOSILLO, SONORA,MX.\u2500\u2500 Para continuar el proceso de vacunaci\u00f3n contra COVID-19 que se realiza en Sonora, a partir de este lunes inici\u00f3 la aplicaci\u00f3n del En Sonora en Equipo publicamos toda la informaci\u00f3n de Sonora, M\u00e9xico y el Mundo de manera oportuna y busca que la libertad de expresi\u00f3n sea real. Visita nuestro medio informativo publicado desde Hermosillo, Sonora. %\" \/>\n<meta property=\"og:url\" content=\"https:\/\/www.sonoraenequipo.com.mx\/inicio-este-lunes-vacunacion-contra-covid-19-para-adultos-mayores-en-45-municipios-de-sonora-gobernadora\/\" \/>\n<meta property=\"og:site_name\" content=\"Sonora en Equipo.\" \/>\n<meta property=\"article:publisher\" content=\"https:\/\/www.facebook.com\/SonoraEE\/\" \/>\n<meta property=\"article:author\" content=\"https:\/\/www.facebook.com\/SonoraEE\" \/>\n<meta property=\"article:published_time\" content=\"2021-02-16T02:00:14+00:00\" \/>\n<meta property=\"og:image\" content=\"https:\/\/www.sonoraenequipo.com.mx\/storage\/2021\/02\/claudia-pavlovich7.jpg\" \/>\n\t<meta property=\"og:image:width\" content=\"500\" \/>\n\t<meta property=\"og:image:height\" content=\"300\" \/>\n\t<meta property=\"og:image:type\" content=\"image\/jpeg\" \/>\n<meta name=\"author\" content=\"enequipo\" \/>\n<meta name=\"twitter:card\" content=\"summary_large_image\" \/>\n<meta name=\"twitter:creator\" content=\"@sonoraenequipo\" \/>\n<meta name=\"twitter:site\" content=\"@sonoraenequipo\" \/>\n<meta name=\"twitter:label1\" content=\"Escrito por\" \/>\n\t<meta name=\"twitter:data1\" content=\"enequipo\" \/>\n\t<meta name=\"twitter:label2\" content=\"Tiempo de lectura\" \/>\n\t<meta name=\"twitter:data2\" content=\"3 minutos\" \/>\n<script type=\"application\/ld+json\" class=\"yoast-schema-graph\">{\"@context\":\"https:\/\/schema.org\",\"@graph\":[{\"@type\":\"Article\",\"@id\":\"https:\/\/www.sonoraenequipo.com.mx\/inicio-este-lunes-vacunacion-contra-covid-19-para-adultos-mayores-en-45-municipios-de-sonora-gobernadora\/#article\",\"isPartOf\":{\"@id\":\"https:\/\/www.sonoraenequipo.com.mx\/inicio-este-lunes-vacunacion-contra-covid-19-para-adultos-mayores-en-45-municipios-de-sonora-gobernadora\/\"},\"author\":{\"name\":\"enequipo\",\"@id\":\"https:\/\/www.sonoraenequipo.com.mx\/#\/schema\/person\/50102df0fb23a8fa9e8effad8fa81386\"},\"headline\":\"Inici\u00f3 este lunes vacunaci\u00f3n contra COVID-19 para adultos mayores en 45 municipios de Sonora: Gobernadora\",\"datePublished\":\"2021-02-16T02:00:14+00:00\",\"mainEntityOfPage\":{\"@id\":\"https:\/\/www.sonoraenequipo.com.mx\/inicio-este-lunes-vacunacion-contra-covid-19-para-adultos-mayores-en-45-municipios-de-sonora-gobernadora\/\"},\"wordCount\":763,\"commentCount\":0,\"publisher\":{\"@id\":\"https:\/\/www.sonoraenequipo.com.mx\/#organization\"},\"image\":{\"@id\":\"https:\/\/www.sonoraenequipo.com.mx\/inicio-este-lunes-vacunacion-contra-covid-19-para-adultos-mayores-en-45-municipios-de-sonora-gobernadora\/#primaryimage\"},\"thumbnailUrl\":\"https:\/\/www.sonoraenequipo.com.mx\/storage\/2021\/02\/claudia-pavlovich7.jpg\",\"keywords\":[\"covid\",\"Sonora\"],\"articleSection\":[\"Sonora\"],\"inLanguage\":\"es\",\"potentialAction\":[{\"@type\":\"CommentAction\",\"name\":\"Comment\",\"target\":[\"https:\/\/www.sonoraenequipo.com.mx\/inicio-este-lunes-vacunacion-contra-covid-19-para-adultos-mayores-en-45-municipios-de-sonora-gobernadora\/#respond\"]}]},{\"@type\":\"WebPage\",\"@id\":\"https:\/\/www.sonoraenequipo.com.mx\/inicio-este-lunes-vacunacion-contra-covid-19-para-adultos-mayores-en-45-municipios-de-sonora-gobernadora\/\",\"url\":\"https:\/\/www.sonoraenequipo.com.mx\/inicio-este-lunes-vacunacion-contra-covid-19-para-adultos-mayores-en-45-municipios-de-sonora-gobernadora\/\",\"name\":\"Sonora en Equipo. Inici\u00f3 este lunes vacunaci\u00f3n contra COVID-19 para adultos mayores en 45 municipios de Sonora: Gobernadora Sonora\",\"isPartOf\":{\"@id\":\"https:\/\/www.sonoraenequipo.com.mx\/#website\"},\"primaryImageOfPage\":{\"@id\":\"https:\/\/www.sonoraenequipo.com.mx\/inicio-este-lunes-vacunacion-contra-covid-19-para-adultos-mayores-en-45-municipios-de-sonora-gobernadora\/#primaryimage\"},\"image\":{\"@id\":\"https:\/\/www.sonoraenequipo.com.mx\/inicio-este-lunes-vacunacion-contra-covid-19-para-adultos-mayores-en-45-municipios-de-sonora-gobernadora\/#primaryimage\"},\"thumbnailUrl\":\"https:\/\/www.sonoraenequipo.com.mx\/storage\/2021\/02\/claudia-pavlovich7.jpg\",\"datePublished\":\"2021-02-16T02:00:14+00:00\",\"description\":\"HERMOSILLO, SONORA,MX.\u2500\u2500 Para continuar el proceso de vacunaci\u00f3n contra COVID-19 que se realiza en Sonora, a partir de este lunes inici\u00f3 la aplicaci\u00f3n del En Sonora en Equipo publicamos toda la informaci\u00f3n de Sonora, M\u00e9xico y el Mundo de manera oportuna y busca que la libertad de expresi\u00f3n sea real. Visita nuestro medio informativo publicado desde Hermosillo, Sonora. %\",\"breadcrumb\":{\"@id\":\"https:\/\/www.sonoraenequipo.com.mx\/inicio-este-lunes-vacunacion-contra-covid-19-para-adultos-mayores-en-45-municipios-de-sonora-gobernadora\/#breadcrumb\"},\"inLanguage\":\"es\",\"potentialAction\":[{\"@type\":\"ReadAction\",\"target\":[\"https:\/\/www.sonoraenequipo.com.mx\/inicio-este-lunes-vacunacion-contra-covid-19-para-adultos-mayores-en-45-municipios-de-sonora-gobernadora\/\"]}]},{\"@type\":\"ImageObject\",\"inLanguage\":\"es\",\"@id\":\"https:\/\/www.sonoraenequipo.com.mx\/inicio-este-lunes-vacunacion-contra-covid-19-para-adultos-mayores-en-45-municipios-de-sonora-gobernadora\/#primaryimage\",\"url\":\"https:\/\/www.sonoraenequipo.com.mx\/storage\/2021\/02\/claudia-pavlovich7.jpg\",\"contentUrl\":\"https:\/\/www.sonoraenequipo.com.mx\/storage\/2021\/02\/claudia-pavlovich7.jpg\",\"width\":500,\"height\":300},{\"@type\":\"BreadcrumbList\",\"@id\":\"https:\/\/www.sonoraenequipo.com.mx\/inicio-este-lunes-vacunacion-contra-covid-19-para-adultos-mayores-en-45-municipios-de-sonora-gobernadora\/#breadcrumb\",\"itemListElement\":[{\"@type\":\"ListItem\",\"position\":1,\"name\":\"Portada\",\"item\":\"https:\/\/www.sonoraenequipo.com.mx\/\"},{\"@type\":\"ListItem\",\"position\":2,\"name\":\"Inici\u00f3 este lunes vacunaci\u00f3n contra COVID-19 para adultos mayores en 45 municipios de Sonora: Gobernadora\"}]},{\"@type\":\"WebSite\",\"@id\":\"https:\/\/www.sonoraenequipo.com.mx\/#website\",\"url\":\"https:\/\/www.sonoraenequipo.com.mx\/\",\"name\":\"Sonora en Equipo.\",\"description\":\"Diario en l\u00ednea con Noticias desde Hermosillo, Sonora\",\"publisher\":{\"@id\":\"https:\/\/www.sonoraenequipo.com.mx\/#organization\"},\"potentialAction\":[{\"@type\":\"SearchAction\",\"target\":{\"@type\":\"EntryPoint\",\"urlTemplate\":\"https:\/\/www.sonoraenequipo.com.mx\/?s={search_term_string}\"},\"query-input\":{\"@type\":\"PropertyValueSpecification\",\"valueRequired\":true,\"valueName\":\"search_term_string\"}}],\"inLanguage\":\"es\"},{\"@type\":\"Organization\",\"@id\":\"https:\/\/www.sonoraenequipo.com.mx\/#organization\",\"name\":\"Sonoraenequipo.com.mx\",\"url\":\"https:\/\/www.sonoraenequipo.com.mx\/\",\"logo\":{\"@type\":\"ImageObject\",\"inLanguage\":\"es\",\"@id\":\"https:\/\/www.sonoraenequipo.com.mx\/#\/schema\/logo\/image\/\",\"url\":\"https:\/\/www.sonoraenequipo.com.mx\/storage\/2019\/01\/sonoraenequipo_opt.png\",\"contentUrl\":\"https:\/\/www.sonoraenequipo.com.mx\/storage\/2019\/01\/sonoraenequipo_opt.png\",\"width\":375,\"height\":125,\"caption\":\"Sonoraenequipo.com.mx\"},\"image\":{\"@id\":\"https:\/\/www.sonoraenequipo.com.mx\/#\/schema\/logo\/image\/\"},\"sameAs\":[\"https:\/\/www.facebook.com\/SonoraEE\/\",\"https:\/\/x.com\/sonoraenequipo\",\"https:\/\/www.youtube.com\/channel\/UC338nW-lPEYmJQs4ZABQ1SQ\"]},{\"@type\":\"Person\",\"@id\":\"https:\/\/www.sonoraenequipo.com.mx\/#\/schema\/person\/50102df0fb23a8fa9e8effad8fa81386\",\"name\":\"enequipo\",\"image\":{\"@type\":\"ImageObject\",\"inLanguage\":\"es\",\"@id\":\"https:\/\/www.sonoraenequipo.com.mx\/#\/schema\/person\/image\/\",\"url\":\"https:\/\/secure.gravatar.com\/avatar\/049821681b589dabc0bc20695993ccebb09f5b5d4d790cd9251b97faac7c652b?s=96&d=blank&r=g\",\"contentUrl\":\"https:\/\/secure.gravatar.com\/avatar\/049821681b589dabc0bc20695993ccebb09f5b5d4d790cd9251b97faac7c652b?s=96&d=blank&r=g\",\"caption\":\"enequipo\"},\"sameAs\":[\"https:\/\/www.facebook.com\/SonoraEE\"]}]}<\/script>\n ","yoast_head_json":{"title":"Sonora en Equipo. Inici\u00f3 este lunes vacunaci\u00f3n contra COVID-19 para adultos mayores en 45 municipios de Sonora: Gobernadora Sonora","description":"HERMOSILLO, SONORA,MX.\u2500\u2500 Para continuar el proceso de vacunaci\u00f3n contra COVID-19 que se realiza en Sonora, a partir de este lunes inici\u00f3 la aplicaci\u00f3n del En Sonora en Equipo publicamos toda la informaci\u00f3n de Sonora, M\u00e9xico y el Mundo de manera oportuna y busca que la libertad de expresi\u00f3n sea real. Visita nuestro medio informativo publicado desde Hermosillo, Sonora. %","robots":{"index":"index","follow":"follow","max-snippet":"max-snippet:-1","max-image-preview":"max-image-preview:large","max-video-preview":"max-video-preview:-1"},"canonical":"https:\/\/www.sonoraenequipo.com.mx\/inicio-este-lunes-vacunacion-contra-covid-19-para-adultos-mayores-en-45-municipios-de-sonora-gobernadora\/","og_locale":"es_ES","og_type":"article","og_title":"Sonora en Equipo. Inici\u00f3 este lunes vacunaci\u00f3n contra COVID-19 para adultos mayores en 45 municipios de Sonora: Gobernadora Sonora","og_description":"HERMOSILLO, SONORA,MX.\u2500\u2500 Para continuar el proceso de vacunaci\u00f3n contra COVID-19 que se realiza en Sonora, a partir de este lunes inici\u00f3 la aplicaci\u00f3n del En Sonora en Equipo publicamos toda la informaci\u00f3n de Sonora, M\u00e9xico y el Mundo de manera oportuna y busca que la libertad de expresi\u00f3n sea real. Visita nuestro medio informativo publicado desde Hermosillo, Sonora. %","og_url":"https:\/\/www.sonoraenequipo.com.mx\/inicio-este-lunes-vacunacion-contra-covid-19-para-adultos-mayores-en-45-municipios-de-sonora-gobernadora\/","og_site_name":"Sonora en Equipo.","article_publisher":"https:\/\/www.facebook.com\/SonoraEE\/","article_author":"https:\/\/www.facebook.com\/SonoraEE","article_published_time":"2021-02-16T02:00:14+00:00","og_image":[{"width":500,"height":300,"url":"https:\/\/www.sonoraenequipo.com.mx\/storage\/2021\/02\/claudia-pavlovich7.jpg","type":"image\/jpeg"}],"author":"enequipo","twitter_card":"summary_large_image","twitter_creator":"@sonoraenequipo","twitter_site":"@sonoraenequipo","twitter_misc":{"Escrito por":"enequipo","Tiempo de lectura":"3 minutos"},"schema":{"@context":"https:\/\/schema.org","@graph":[{"@type":"Article","@id":"https:\/\/www.sonoraenequipo.com.mx\/inicio-este-lunes-vacunacion-contra-covid-19-para-adultos-mayores-en-45-municipios-de-sonora-gobernadora\/#article","isPartOf":{"@id":"https:\/\/www.sonoraenequipo.com.mx\/inicio-este-lunes-vacunacion-contra-covid-19-para-adultos-mayores-en-45-municipios-de-sonora-gobernadora\/"},"author":{"name":"enequipo","@id":"https:\/\/www.sonoraenequipo.com.mx\/#\/schema\/person\/50102df0fb23a8fa9e8effad8fa81386"},"headline":"Inici\u00f3 este lunes vacunaci\u00f3n contra COVID-19 para adultos mayores en 45 municipios de Sonora: Gobernadora","datePublished":"2021-02-16T02:00:14+00:00","mainEntityOfPage":{"@id":"https:\/\/www.sonoraenequipo.com.mx\/inicio-este-lunes-vacunacion-contra-covid-19-para-adultos-mayores-en-45-municipios-de-sonora-gobernadora\/"},"wordCount":763,"commentCount":0,"publisher":{"@id":"https:\/\/www.sonoraenequipo.com.mx\/#organization"},"image":{"@id":"https:\/\/www.sonoraenequipo.com.mx\/inicio-este-lunes-vacunacion-contra-covid-19-para-adultos-mayores-en-45-municipios-de-sonora-gobernadora\/#primaryimage"},"thumbnailUrl":"https:\/\/www.sonoraenequipo.com.mx\/storage\/2021\/02\/claudia-pavlovich7.jpg","keywords":["covid","Sonora"],"articleSection":["Sonora"],"inLanguage":"es","potentialAction":[{"@type":"CommentAction","name":"Comment","target":["https:\/\/www.sonoraenequipo.com.mx\/inicio-este-lunes-vacunacion-contra-covid-19-para-adultos-mayores-en-45-municipios-de-sonora-gobernadora\/#respond"]}]},{"@type":"WebPage","@id":"https:\/\/www.sonoraenequipo.com.mx\/inicio-este-lunes-vacunacion-contra-covid-19-para-adultos-mayores-en-45-municipios-de-sonora-gobernadora\/","url":"https:\/\/www.sonoraenequipo.com.mx\/inicio-este-lunes-vacunacion-contra-covid-19-para-adultos-mayores-en-45-municipios-de-sonora-gobernadora\/","name":"Sonora en Equipo. Inici\u00f3 este lunes vacunaci\u00f3n contra COVID-19 para adultos mayores en 45 municipios de Sonora: Gobernadora Sonora","isPartOf":{"@id":"https:\/\/www.sonoraenequipo.com.mx\/#website"},"primaryImageOfPage":{"@id":"https:\/\/www.sonoraenequipo.com.mx\/inicio-este-lunes-vacunacion-contra-covid-19-para-adultos-mayores-en-45-municipios-de-sonora-gobernadora\/#primaryimage"},"image":{"@id":"https:\/\/www.sonoraenequipo.com.mx\/inicio-este-lunes-vacunacion-contra-covid-19-para-adultos-mayores-en-45-municipios-de-sonora-gobernadora\/#primaryimage"},"thumbnailUrl":"https:\/\/www.sonoraenequipo.com.mx\/storage\/2021\/02\/claudia-pavlovich7.jpg","datePublished":"2021-02-16T02:00:14+00:00","description":"HERMOSILLO, SONORA,MX.\u2500\u2500 Para continuar el proceso de vacunaci\u00f3n contra COVID-19 que se realiza en Sonora, a partir de este lunes inici\u00f3 la aplicaci\u00f3n del En Sonora en Equipo publicamos toda la informaci\u00f3n de Sonora, M\u00e9xico y el Mundo de manera oportuna y busca que la libertad de expresi\u00f3n sea real. Visita nuestro medio informativo publicado desde Hermosillo, Sonora. %","breadcrumb":{"@id":"https:\/\/www.sonoraenequipo.com.mx\/inicio-este-lunes-vacunacion-contra-covid-19-para-adultos-mayores-en-45-municipios-de-sonora-gobernadora\/#breadcrumb"},"inLanguage":"es","potentialAction":[{"@type":"ReadAction","target":["https:\/\/www.sonoraenequipo.com.mx\/inicio-este-lunes-vacunacion-contra-covid-19-para-adultos-mayores-en-45-municipios-de-sonora-gobernadora\/"]}]},{"@type":"ImageObject","inLanguage":"es","@id":"https:\/\/www.sonoraenequipo.com.mx\/inicio-este-lunes-vacunacion-contra-covid-19-para-adultos-mayores-en-45-municipios-de-sonora-gobernadora\/#primaryimage","url":"https:\/\/www.sonoraenequipo.com.mx\/storage\/2021\/02\/claudia-pavlovich7.jpg","contentUrl":"https:\/\/www.sonoraenequipo.com.mx\/storage\/2021\/02\/claudia-pavlovich7.jpg","width":500,"height":300},{"@type":"BreadcrumbList","@id":"https:\/\/www.sonoraenequipo.com.mx\/inicio-este-lunes-vacunacion-contra-covid-19-para-adultos-mayores-en-45-municipios-de-sonora-gobernadora\/#breadcrumb","itemListElement":[{"@type":"ListItem","position":1,"name":"Portada","item":"https:\/\/www.sonoraenequipo.com.mx\/"},{"@type":"ListItem","position":2,"name":"Inici\u00f3 este lunes vacunaci\u00f3n contra COVID-19 para adultos mayores en 45 municipios de Sonora: Gobernadora"}]},{"@type":"WebSite","@id":"https:\/\/www.sonoraenequipo.com.mx\/#website","url":"https:\/\/www.sonoraenequipo.com.mx\/","name":"Sonora en Equipo.","description":"Diario en l\u00ednea con Noticias desde Hermosillo, Sonora","publisher":{"@id":"https:\/\/www.sonoraenequipo.com.mx\/#organization"},"potentialAction":[{"@type":"SearchAction","target":{"@type":"EntryPoint","urlTemplate":"https:\/\/www.sonoraenequipo.com.mx\/?s={search_term_string}"},"query-input":{"@type":"PropertyValueSpecification","valueRequired":true,"valueName":"search_term_string"}}],"inLanguage":"es"},{"@type":"Organization","@id":"https:\/\/www.sonoraenequipo.com.mx\/#organization","name":"Sonoraenequipo.com.mx","url":"https:\/\/www.sonoraenequipo.com.mx\/","logo":{"@type":"ImageObject","inLanguage":"es","@id":"https:\/\/www.sonoraenequipo.com.mx\/#\/schema\/logo\/image\/","url":"https:\/\/www.sonoraenequipo.com.mx\/storage\/2019\/01\/sonoraenequipo_opt.png","contentUrl":"https:\/\/www.sonoraenequipo.com.mx\/storage\/2019\/01\/sonoraenequipo_opt.png","width":375,"height":125,"caption":"Sonoraenequipo.com.mx"},"image":{"@id":"https:\/\/www.sonoraenequipo.com.mx\/#\/schema\/logo\/image\/"},"sameAs":["https:\/\/www.facebook.com\/SonoraEE\/","https:\/\/x.com\/sonoraenequipo","https:\/\/www.youtube.com\/channel\/UC338nW-lPEYmJQs4ZABQ1SQ"]},{"@type":"Person","@id":"https:\/\/www.sonoraenequipo.com.mx\/#\/schema\/person\/50102df0fb23a8fa9e8effad8fa81386","name":"enequipo","image":{"@type":"ImageObject","inLanguage":"es","@id":"https:\/\/www.sonoraenequipo.com.mx\/#\/schema\/person\/image\/","url":"https:\/\/secure.gravatar.com\/avatar\/049821681b589dabc0bc20695993ccebb09f5b5d4d790cd9251b97faac7c652b?s=96&d=blank&r=g","contentUrl":"https:\/\/secure.gravatar.com\/avatar\/049821681b589dabc0bc20695993ccebb09f5b5d4d790cd9251b97faac7c652b?s=96&d=blank&r=g","caption":"enequipo"},"sameAs":["https:\/\/www.facebook.com\/SonoraEE"]}]}},"jetpack_featured_media_url":"https:\/\/www.sonoraenequipo.com.mx\/storage\/2021\/02\/claudia-pavlovich7.jpg","_links":{"self":[{"href":"https:\/\/www.sonoraenequipo.com.mx\/api\/wp\/v2\/posts\/107101","targetHints":{"allow":["GET"]}}],"collection":[{"href":"https:\/\/www.sonoraenequipo.com.mx\/api\/wp\/v2\/posts"}],"about":[{"href":"https:\/\/www.sonoraenequipo.com.mx\/api\/wp\/v2\/types\/post"}],"author":[{"embeddable":true,"href":"https:\/\/www.sonoraenequipo.com.mx\/api\/wp\/v2\/users\/1"}],"replies":[{"embeddable":true,"href":"https:\/\/www.sonoraenequipo.com.mx\/api\/wp\/v2\/comments?post=107101"}],"version-history":[{"count":1,"href":"https:\/\/www.sonoraenequipo.com.mx\/api\/wp\/v2\/posts\/107101\/revisions"}],"predecessor-version":[{"id":107103,"href":"https:\/\/www.sonoraenequipo.com.mx\/api\/wp\/v2\/posts\/107101\/revisions\/107103"}],"wp:featuredmedia":[{"embeddable":true,"href":"https:\/\/www.sonoraenequipo.com.mx\/api\/wp\/v2\/media\/107102"}],"wp:attachment":[{"href":"https:\/\/www.sonoraenequipo.com.mx\/api\/wp\/v2\/media?parent=107101"}],"wp:term":[{"taxonomy":"category","embeddable":true,"href":"https:\/\/www.sonoraenequipo.com.mx\/api\/wp\/v2\/categories?post=107101"},{"taxonomy":"post_tag","embeddable":true,"href":"https:\/\/www.sonoraenequipo.com.mx\/api\/wp\/v2\/tags?post=107101"}],"curies":[{"name":"wp","href":"https:\/\/api.w.org\/{rel}","templated":true}]}}