{"id":107118,"date":"2021-02-15T21:12:46","date_gmt":"2021-02-16T04:12:46","guid":{"rendered":"https:\/\/www.sonoraenequipo.com.mx\/?p=107118"},"modified":"2021-02-15T21:12:46","modified_gmt":"2021-02-16T04:12:46","slug":"todas-las-vacunas-contra-el-covid-son-eficaces-y-reduciran-los-contagios-de-esta-enfermedad-clausen-iberri","status":"publish","type":"post","link":"https:\/\/www.sonoraenequipo.com.mx\/todas-las-vacunas-contra-el-covid-son-eficaces-y-reduciran-los-contagios-de-esta-enfermedad-clausen-iberri\/","title":{"rendered":"Todas las vacunas contra el Covid son eficaces y reducir\u00e1n los contagios de esta enfermedad: Clausen Iberri"},"content":{"rendered":"<p>&nbsp;<\/p>\n<p>&nbsp;<\/p>\n<p>&nbsp;<\/p>\n<p>&nbsp;<\/p>\n<ul>\n<li><strong>\u00a0Se confirman ocho defunciones m\u00e1s y 129 contagios nuevos por COVID-19<\/strong><\/li>\n<\/ul>\n<p>&nbsp;<\/p>\n<p>&nbsp;<\/p>\n<p>HERMOSILLO, SONORA,MX.\u2500\u2500 El lavado de manos y ventilar los espacios en casa y en el trabajo, usar cubrebocas y guardar distancia al salir a la calle son la mejor f\u00f3rmula para prevenir contagios y evitar que sigamos en niveles de riesgo m\u00e1ximo de infecci\u00f3n, asegur\u00f3 Enrique Clausen Iberri.<\/p>\n<p>&nbsp;<\/p>\n<p>Despu\u00e9s de confirmarse ocho defunciones m\u00e1s y 129 casos por COVID-19, el secretario de Salud se refiri\u00f3 a las personas que se dejan llevar por informaci\u00f3n falsa y sensacionalista, creyendo en remedios caseros que protegen o curan esta enfermedad, o creen que la vacuna es parte de una conspiraci\u00f3n, cuando todas han sido autorizadas por diversos organismos reguladores y todas han probado su efectividad contra el SARS-CoV2.<\/p>\n<p>&nbsp;<\/p>\n<p>\u201cTodas las vacunas son producto de las mentes m\u00e1s prodigiosas de la medicina actual y una vez aplicadas a gran parte de la poblaci\u00f3n, todas, habr\u00e1n de reducir de manera dr\u00e1stica las hospitalizaciones\u201d, asegur\u00f3.<\/p>\n<p>&nbsp;<\/p>\n<p>Clausen Iberri detall\u00f3 que la vacuna de Pfizer; la de Moderna; la de AstraZeneca; la de Johnson y la Sputnik, han superado las tres fases y todas han demostrado un alt\u00edsimo porcentaje de efectividad; todas son excelentes noticias para la humanidad.<\/p>\n<p>&nbsp;<\/p>\n<p>\u201cAs\u00ed que, por favor, deja de creer que una pastilla de cloro te va a limpiar tu sistema inmunol\u00f3gico y mejor ponte del lado de la ciencia y de la inteligencia de los cient\u00edficos que han puesto su capacidad y sus a\u00f1os de estudio al desarrollo de las vacunas\u201d, finaliz\u00f3.<\/p>\n<p>&nbsp;<\/p>\n<p>En cuanto a los datos estad\u00edsticos de hoy, 57 mil 569 personas se han recuperado en Sonora; 19 pacientes Covid fueron dados de alta; se confirman ocho decesos en cinco hombres y tres mujeres residentes de Cajeme y Hermosillo tres cada uno; Nogales y San Luis R\u00edo Colorado uno cada uno; derechohabientes del IMSS ocho; acumul\u00e1ndose 5 mil 478 defunciones.<\/p>\n<p>&nbsp;<\/p>\n<p>Hoy se suman 129 nuevos casos por Covid, en 72 mujeres y 57 hombres; acumul\u00e1ndose 65 mil 81 casos en total residentes de Hermosillo 67; Cajeme 51; Caborca, Puerto Pe\u00f1asco, Nogales y Guaymas dos cada uno; San Luis R\u00edo Colorado, Benito Ju\u00e1rez y Mazat\u00e1n uno cada uno.<\/p>\n<p>Se confirmaron tres casos pedi\u00e1tricos en dos ni\u00f1as y un ni\u00f1o; acumul\u00e1ndose mil 162 casos en total; no se confirman casos en mujeres embarazadas.<\/p>\n<p>&nbsp;<\/p>\n<p>De los 129 casos confirmados de hoy, uno fue en trabajadores de la salud de diversas instituciones.<\/p>\n<p>&nbsp;<\/p>\n<p>Casos COVID-19 en Sonora 65,081 casos confirmados y 5,478 defunciones<\/p>\n<p>&nbsp;<\/p>\n<p>Defunciones registradas el 15 de febrero 2021: 8<\/p>\n<p>Hermosillo: 3<\/p>\n<p>Cajeme: 3<\/p>\n<p>Nogales: 1<\/p>\n<p>San Luis R\u00edo Colorado: 1<\/p>\n<p>&nbsp;<\/p>\n<p>Mujeres: 3\/ Hombres: 5<\/p>\n<p>&nbsp;<\/p>\n<p>Instituci\u00f3n M\u00e9dica<\/p>\n<p>IMSS: 8<\/p>\n<p>&nbsp;<\/p>\n<p>Casos confirmados el 15 de febrero de 2021: 129<\/p>\n<p>Hermosillo: 67<\/p>\n<p>Cajeme: 51<\/p>\n<p>Caborca: 2<\/p>\n<p>Puerto Pe\u00f1asco: 2<\/p>\n<p>Nogales: 2<\/p>\n<p>Guaymas: 2<\/p>\n<p>San Luis R\u00edo Colorado: 1<\/p>\n<p>Benito Ju\u00e1rez: 1<\/p>\n<p>Mazat\u00e1n: 1<\/p>\n<p>&nbsp;<\/p>\n<p>Mujeres: 72\/ Hombres: 57<\/p>\n<p>&nbsp;<\/p>\n<p>Instituci\u00f3n M\u00e9dica<\/p>\n<p>Secretar\u00eda de Salud: 117<\/p>\n<p>IMSS: 10<\/p>\n<p>Isssteson: 1<\/p>\n<p>Issste: 1<\/p>\n<p>&nbsp;<\/p>\n<p>Acumulados<\/p>\n<p>Defunciones: 5,478<\/p>\n<p>Hermosillo: 1,843<\/p>\n<p>Cajeme: 958<\/p>\n<p>Nogales: 466<\/p>\n<p>San Luis R\u00edo Colorado: 430<\/p>\n<p>Guaymas: 311<\/p>\n<p>Navojoa: 245<\/p>\n<p>Agua Prieta: 196<\/p>\n<p>Caborca: 143<\/p>\n<p>Huatabampo: 125<\/p>\n<p>Empalme: 91<\/p>\n<p>Cananea: 83<\/p>\n<p>Etchojoa: 73<\/p>\n<p>Puerto Pe\u00f1asco: 66<\/p>\n<p>Magdalena: 60<\/p>\n<p>Nacozari de Garc\u00eda: 48<\/p>\n<p>Santa Ana: 39<\/p>\n<p>Benito Ju\u00e1rez: 38<\/p>\n<p>B\u00e1cum: 37<\/p>\n<p>San Ignacio R\u00edo Muerto: 21<\/p>\n<p>Gral. Plutarco El\u00edas Calles: 21<\/p>\n<p>\u00cdmuris: 19<\/p>\n<p>Fronteras: 16<\/p>\n<p>Cumpas: 13<\/p>\n<p>\u00c1lamos: 13<\/p>\n<p>Pitiquito: 12<\/p>\n<p>Rosario: 8<\/p>\n<p>Ures: 8<\/p>\n<p>Naco: 8<\/p>\n<p>Sahuaripa: 8<\/p>\n<p>Moctezuma: 8<\/p>\n<p>Villa Hidalgo: 7<\/p>\n<p>Benjam\u00edn Hill: 6<\/p>\n<p>Altar: 6<\/p>\n<p>Bavi\u00e1cora: 6<\/p>\n<p>San Miguel de Horcasitas: 5<\/p>\n<p>Aconchi: 4<\/p>\n<p>S\u00e1ric: 4<\/p>\n<p>Bacoachi: 3<\/p>\n<p>Ray\u00f3n: 3<\/p>\n<p>Carb\u00f3: 3<\/p>\n<p>Quiriego: 3<\/p>\n<p>Arizpe: 2<\/p>\n<p>N\u00e1cori Chico: 2<\/p>\n<p>Arivechi: 2<\/p>\n<p>Bavispe: 2<\/p>\n<p>Bacerac: 2<\/p>\n<p>San Pedro de la Cueva: 2<\/p>\n<p>Granados: 1<\/p>\n<p>Opodepe: 1<\/p>\n<p>Cucurpe: 1<\/p>\n<p>San Felipe de Jes\u00fas: 1<\/p>\n<p>Ban\u00e1michi: 1<\/p>\n<p>Hu\u00e9pac: 1<\/p>\n<p>Oquitoa: 1<\/p>\n<p>Tepache: 1<\/p>\n<p>Santa Cruz: 1<\/p>\n<p>&nbsp;<\/p>\n<p>Mujeres: 2,358\/Hombres: 3,120<\/p>\n<p>&nbsp;<\/p>\n<p>Instituci\u00f3n M\u00e9dica<\/p>\n<p>IMSS: 3,444<\/p>\n<p>Secretar\u00eda de Salud: 1,522<\/p>\n<p>Isssteson: 396<\/p>\n<p>Issste: 107<\/p>\n<p>Sedena: 5<\/p>\n<p>Semar: 4<\/p>\n<p>&nbsp;<\/p>\n<p>Total de casos confirmados: 65,081<\/p>\n<p>Hermosillo: 30,885 municipio con mayor incidencia con un 48% del total.<\/p>\n<p>Cajeme: 8,819 que representan el 13% del total.<\/p>\n<p>Nogales: 4,260 que representan el 7% del total<\/p>\n<p>San Luis R\u00edo Colorado: 2,912 que representan 5% del total<\/p>\n<p>Guaymas: 2,856<\/p>\n<p>Navojoa: 2,781<\/p>\n<p>Caborca: 2,608<\/p>\n<p>Cananea: 1,841<\/p>\n<p>Huatabampo: 1,225<\/p>\n<p>Agua Prieta: 1,125<\/p>\n<p>Empalme: 1,057<\/p>\n<p>Etchojoa: 649<\/p>\n<p>Magdalena: 529<\/p>\n<p>Puerto Pe\u00f1asco: 457<\/p>\n<p>Santa Ana: 342<\/p>\n<p>Nacozari de Garc\u00eda: 312<\/p>\n<p>B\u00e1cum: 266<\/p>\n<p>\u00c1lamos: 201<\/p>\n<p>Pitiquito: 187<\/p>\n<p>Gral. Plutarco El\u00edas Calles: 185<\/p>\n<p>Benito Ju\u00e1rez: 164<\/p>\n<p>San Ignacio R\u00edo Muerto: 149<\/p>\n<p>Bavi\u00e1cora: 131<\/p>\n<p>Sahuaripa: 128<\/p>\n<p>\u00cdmuris: 92<\/p>\n<p>Ures: 88<\/p>\n<p>Altar: 70<\/p>\n<p>Cumpas: 69<\/p>\n<p>Moctezuma: 63<\/p>\n<p>Rosario: 61<\/p>\n<p>Bacoachi: 48<\/p>\n<p>Fronteras: 43<\/p>\n<p>Y\u00e9cora: 39<\/p>\n<p>Benjam\u00edn Hill: 37<\/p>\n<p>Naco: 33<\/p>\n<p>Arizpe: 32<\/p>\n<p>Aconchi: 30<\/p>\n<p>S\u00e1ric: 26<\/p>\n<p>N\u00e1cori Chico: 25<\/p>\n<p>Arivechi: 20<\/p>\n<p>San Miguel de Horcasitas: 18<\/p>\n<p>Villa Hidalgo: 15<\/p>\n<p>Granados: 15<\/p>\n<p>Trincheras: 14<\/p>\n<p>Ban\u00e1michi: 14<\/p>\n<p>Quiriego: 13<\/p>\n<p>Carb\u00f3: 13<\/p>\n<p>San Pedro de la Cueva: 13<\/p>\n<p>Cucurpe: 11<\/p>\n<p>Ray\u00f3n: 10<\/p>\n<p>Tepache: 10<\/p>\n<p>Bacerac: 8<\/p>\n<p>Bavispe: 7<\/p>\n<p>Huachinera: 7<\/p>\n<p>Villa Pesqueira: 6<\/p>\n<p>\u00d3navas: 6<\/p>\n<p>Hu\u00e1sabas: 6<\/p>\n<p>San Javier: 6<\/p>\n<p>Tubutama: 6<\/p>\n<p>Divisaderos: 5<\/p>\n<p>Bacad\u00e9huachi: 5<\/p>\n<p>San Felipe de Jes\u00fas: 5<\/p>\n<p>Bacanora: 4<\/p>\n<p>Santa Cruz: 4<\/p>\n<p>Hu\u00e9pac: 4<\/p>\n<p>Opodepe: 3<\/p>\n<p>Oquitoa: 3<\/p>\n<p>La Colorada: 2<\/p>\n<p>Soyopa: 1<\/p>\n<p>Suaqui Grande: 1<\/p>\n<p>Mazat\u00e1n: 1<\/p>\n<p>&nbsp;<\/p>\n<p>Mujeres: 35,021\/Hombres: 30,060<\/p>\n<p>&nbsp;<\/p>\n<p>Instituci\u00f3n M\u00e9dica<\/p>\n<p>Secretar\u00eda de Salud: 46,208<\/p>\n<p>IMSS: 12,826<\/p>\n<p>Isssteson: 4,740<\/p>\n<p>Issste: 1,071<\/p>\n<p>Sedena: 221<\/p>\n<p>Semar: 15<\/p>\n<p>&nbsp;<\/p>\n<p>Casos estudiados: 115,604<\/p>\n<p>Confirmados: 65,081<\/p>\n<p>Descartados: 50,523<\/p>\n<p>Cuadro leve: 9,122<\/p>\n<p>Pacientes activos: 1,761<\/p>\n<p>Pacientes en seguimiento terminado: 7,361<\/p>\n<p>Curados: 50,208<\/p>\n<p>Hospitalizados: 273<\/p>\n<p>Estables: 115<\/p>\n<p>Graves: 112<\/p>\n<p>Pacientes graves con ventilaci\u00f3n mec\u00e1nica invasiva: 46<\/p>\n<p>Fecha de publicaci\u00f3n \u00a0lunes 15\/feb\/2021<\/p>\n<p>&nbsp;<\/p>\n","protected":false},"excerpt":{"rendered":"<p>&nbsp; &nbsp; &nbsp; &nbsp; \u00a0Se confirman ocho defunciones m\u00e1s y 129 contagios nuevos por COVID-19&#8230;<\/p>\n","protected":false},"author":1,"featured_media":106973,"comment_status":"open","ping_status":"open","sticky":false,"template":"","format":"standard","meta":{"_monsterinsights_skip_tracking":false,"_monsterinsights_sitenote_active":false,"_monsterinsights_sitenote_note":"","_monsterinsights_sitenote_category":0,"footnotes":""},"categories":[22],"tags":[4249,15],"class_list":["post"],"yoast_head":" \n<title>Sonora en Equipo. Todas las vacunas contra el Covid son eficaces y reducir\u00e1n los contagios de esta enfermedad: Clausen Iberri Sonora<\/title>\n<meta name=\"description\" content=\"&nbsp; &nbsp; &nbsp; &nbsp; \u00a0Se confirman ocho defunciones m\u00e1s y 129 contagios nuevos por COVID-19 &nbsp; &nbsp; HERMOSILLO, SONORA,MX.\u2500\u2500 El lavado de En Sonora en Equipo publicamos toda la informaci\u00f3n de Sonora, M\u00e9xico y el Mundo de manera oportuna y busca que la libertad de expresi\u00f3n sea real. Visita nuestro medio informativo publicado desde Hermosillo, Sonora. %\" \/>\n<meta name=\"robots\" content=\"index, follow, max-snippet:-1, max-image-preview:large, max-video-preview:-1\" \/>\n<link rel=\"canonical\" href=\"https:\/\/www.sonoraenequipo.com.mx\/todas-las-vacunas-contra-el-covid-son-eficaces-y-reduciran-los-contagios-de-esta-enfermedad-clausen-iberri\/\" \/>\n<meta property=\"og:locale\" content=\"es_ES\" \/>\n<meta property=\"og:type\" content=\"article\" \/>\n<meta property=\"og:title\" content=\"Sonora en Equipo. Todas las vacunas contra el Covid son eficaces y reducir\u00e1n los contagios de esta enfermedad: Clausen Iberri Sonora\" \/>\n<meta property=\"og:description\" content=\"&nbsp; &nbsp; &nbsp; &nbsp; \u00a0Se confirman ocho defunciones m\u00e1s y 129 contagios nuevos por COVID-19 &nbsp; &nbsp; HERMOSILLO, SONORA,MX.\u2500\u2500 El lavado de En Sonora en Equipo publicamos toda la informaci\u00f3n de Sonora, M\u00e9xico y el Mundo de manera oportuna y busca que la libertad de expresi\u00f3n sea real. Visita nuestro medio informativo publicado desde Hermosillo, Sonora. %\" \/>\n<meta property=\"og:url\" content=\"https:\/\/www.sonoraenequipo.com.mx\/todas-las-vacunas-contra-el-covid-son-eficaces-y-reduciran-los-contagios-de-esta-enfermedad-clausen-iberri\/\" \/>\n<meta property=\"og:site_name\" content=\"Sonora en Equipo.\" \/>\n<meta property=\"article:publisher\" content=\"https:\/\/www.facebook.com\/SonoraEE\/\" \/>\n<meta property=\"article:author\" content=\"https:\/\/www.facebook.com\/SonoraEE\" \/>\n<meta property=\"article:published_time\" content=\"2021-02-16T04:12:46+00:00\" \/>\n<meta property=\"og:image\" content=\"https:\/\/www.sonoraenequipo.com.mx\/storage\/2021\/02\/enrique-clausen-iberry_opt.jpg\" \/>\n\t<meta property=\"og:image:width\" content=\"580\" \/>\n\t<meta property=\"og:image:height\" content=\"400\" \/>\n\t<meta property=\"og:image:type\" content=\"image\/jpeg\" \/>\n<meta name=\"author\" content=\"enequipo\" \/>\n<meta name=\"twitter:card\" content=\"summary_large_image\" \/>\n<meta name=\"twitter:creator\" content=\"@sonoraenequipo\" \/>\n<meta name=\"twitter:site\" content=\"@sonoraenequipo\" \/>\n<meta name=\"twitter:label1\" content=\"Escrito por\" \/>\n\t<meta name=\"twitter:data1\" content=\"enequipo\" \/>\n\t<meta name=\"twitter:label2\" content=\"Tiempo de lectura\" \/>\n\t<meta name=\"twitter:data2\" content=\"4 minutos\" \/>\n<script type=\"application\/ld+json\" class=\"yoast-schema-graph\">{\"@context\":\"https:\/\/schema.org\",\"@graph\":[{\"@type\":\"Article\",\"@id\":\"https:\/\/www.sonoraenequipo.com.mx\/todas-las-vacunas-contra-el-covid-son-eficaces-y-reduciran-los-contagios-de-esta-enfermedad-clausen-iberri\/#article\",\"isPartOf\":{\"@id\":\"https:\/\/www.sonoraenequipo.com.mx\/todas-las-vacunas-contra-el-covid-son-eficaces-y-reduciran-los-contagios-de-esta-enfermedad-clausen-iberri\/\"},\"author\":{\"name\":\"enequipo\",\"@id\":\"https:\/\/www.sonoraenequipo.com.mx\/#\/schema\/person\/50102df0fb23a8fa9e8effad8fa81386\"},\"headline\":\"Todas las vacunas contra el Covid son eficaces y reducir\u00e1n los contagios de esta enfermedad: Clausen Iberri\",\"datePublished\":\"2021-02-16T04:12:46+00:00\",\"mainEntityOfPage\":{\"@id\":\"https:\/\/www.sonoraenequipo.com.mx\/todas-las-vacunas-contra-el-covid-son-eficaces-y-reduciran-los-contagios-de-esta-enfermedad-clausen-iberri\/\"},\"wordCount\":834,\"commentCount\":0,\"publisher\":{\"@id\":\"https:\/\/www.sonoraenequipo.com.mx\/#organization\"},\"image\":{\"@id\":\"https:\/\/www.sonoraenequipo.com.mx\/todas-las-vacunas-contra-el-covid-son-eficaces-y-reduciran-los-contagios-de-esta-enfermedad-clausen-iberri\/#primaryimage\"},\"thumbnailUrl\":\"https:\/\/www.sonoraenequipo.com.mx\/storage\/2021\/02\/enrique-clausen-iberry_opt.jpg\",\"keywords\":[\"covid\",\"Sonora\"],\"articleSection\":[\"Sonora\"],\"inLanguage\":\"es\",\"potentialAction\":[{\"@type\":\"CommentAction\",\"name\":\"Comment\",\"target\":[\"https:\/\/www.sonoraenequipo.com.mx\/todas-las-vacunas-contra-el-covid-son-eficaces-y-reduciran-los-contagios-de-esta-enfermedad-clausen-iberri\/#respond\"]}]},{\"@type\":\"WebPage\",\"@id\":\"https:\/\/www.sonoraenequipo.com.mx\/todas-las-vacunas-contra-el-covid-son-eficaces-y-reduciran-los-contagios-de-esta-enfermedad-clausen-iberri\/\",\"url\":\"https:\/\/www.sonoraenequipo.com.mx\/todas-las-vacunas-contra-el-covid-son-eficaces-y-reduciran-los-contagios-de-esta-enfermedad-clausen-iberri\/\",\"name\":\"Sonora en Equipo. Todas las vacunas contra el Covid son eficaces y reducir\u00e1n los contagios de esta enfermedad: Clausen Iberri Sonora\",\"isPartOf\":{\"@id\":\"https:\/\/www.sonoraenequipo.com.mx\/#website\"},\"primaryImageOfPage\":{\"@id\":\"https:\/\/www.sonoraenequipo.com.mx\/todas-las-vacunas-contra-el-covid-son-eficaces-y-reduciran-los-contagios-de-esta-enfermedad-clausen-iberri\/#primaryimage\"},\"image\":{\"@id\":\"https:\/\/www.sonoraenequipo.com.mx\/todas-las-vacunas-contra-el-covid-son-eficaces-y-reduciran-los-contagios-de-esta-enfermedad-clausen-iberri\/#primaryimage\"},\"thumbnailUrl\":\"https:\/\/www.sonoraenequipo.com.mx\/storage\/2021\/02\/enrique-clausen-iberry_opt.jpg\",\"datePublished\":\"2021-02-16T04:12:46+00:00\",\"description\":\"&nbsp; &nbsp; &nbsp; &nbsp; \u00a0Se confirman ocho defunciones m\u00e1s y 129 contagios nuevos por COVID-19 &nbsp; &nbsp; HERMOSILLO, SONORA,MX.\u2500\u2500 El lavado de En Sonora en Equipo publicamos toda la informaci\u00f3n de Sonora, M\u00e9xico y el Mundo de manera oportuna y busca que la libertad de expresi\u00f3n sea real. Visita nuestro medio informativo publicado desde Hermosillo, Sonora. %\",\"breadcrumb\":{\"@id\":\"https:\/\/www.sonoraenequipo.com.mx\/todas-las-vacunas-contra-el-covid-son-eficaces-y-reduciran-los-contagios-de-esta-enfermedad-clausen-iberri\/#breadcrumb\"},\"inLanguage\":\"es\",\"potentialAction\":[{\"@type\":\"ReadAction\",\"target\":[\"https:\/\/www.sonoraenequipo.com.mx\/todas-las-vacunas-contra-el-covid-son-eficaces-y-reduciran-los-contagios-de-esta-enfermedad-clausen-iberri\/\"]}]},{\"@type\":\"ImageObject\",\"inLanguage\":\"es\",\"@id\":\"https:\/\/www.sonoraenequipo.com.mx\/todas-las-vacunas-contra-el-covid-son-eficaces-y-reduciran-los-contagios-de-esta-enfermedad-clausen-iberri\/#primaryimage\",\"url\":\"https:\/\/www.sonoraenequipo.com.mx\/storage\/2021\/02\/enrique-clausen-iberry_opt.jpg\",\"contentUrl\":\"https:\/\/www.sonoraenequipo.com.mx\/storage\/2021\/02\/enrique-clausen-iberry_opt.jpg\",\"width\":580,\"height\":400},{\"@type\":\"BreadcrumbList\",\"@id\":\"https:\/\/www.sonoraenequipo.com.mx\/todas-las-vacunas-contra-el-covid-son-eficaces-y-reduciran-los-contagios-de-esta-enfermedad-clausen-iberri\/#breadcrumb\",\"itemListElement\":[{\"@type\":\"ListItem\",\"position\":1,\"name\":\"Portada\",\"item\":\"https:\/\/www.sonoraenequipo.com.mx\/\"},{\"@type\":\"ListItem\",\"position\":2,\"name\":\"Todas las vacunas contra el Covid son eficaces y reducir\u00e1n los contagios de esta enfermedad: Clausen Iberri\"}]},{\"@type\":\"WebSite\",\"@id\":\"https:\/\/www.sonoraenequipo.com.mx\/#website\",\"url\":\"https:\/\/www.sonoraenequipo.com.mx\/\",\"name\":\"Sonora en Equipo.\",\"description\":\"Diario en l\u00ednea con Noticias desde Hermosillo, Sonora\",\"publisher\":{\"@id\":\"https:\/\/www.sonoraenequipo.com.mx\/#organization\"},\"potentialAction\":[{\"@type\":\"SearchAction\",\"target\":{\"@type\":\"EntryPoint\",\"urlTemplate\":\"https:\/\/www.sonoraenequipo.com.mx\/?s={search_term_string}\"},\"query-input\":{\"@type\":\"PropertyValueSpecification\",\"valueRequired\":true,\"valueName\":\"search_term_string\"}}],\"inLanguage\":\"es\"},{\"@type\":\"Organization\",\"@id\":\"https:\/\/www.sonoraenequipo.com.mx\/#organization\",\"name\":\"Sonoraenequipo.com.mx\",\"url\":\"https:\/\/www.sonoraenequipo.com.mx\/\",\"logo\":{\"@type\":\"ImageObject\",\"inLanguage\":\"es\",\"@id\":\"https:\/\/www.sonoraenequipo.com.mx\/#\/schema\/logo\/image\/\",\"url\":\"https:\/\/www.sonoraenequipo.com.mx\/storage\/2019\/01\/sonoraenequipo_opt.png\",\"contentUrl\":\"https:\/\/www.sonoraenequipo.com.mx\/storage\/2019\/01\/sonoraenequipo_opt.png\",\"width\":375,\"height\":125,\"caption\":\"Sonoraenequipo.com.mx\"},\"image\":{\"@id\":\"https:\/\/www.sonoraenequipo.com.mx\/#\/schema\/logo\/image\/\"},\"sameAs\":[\"https:\/\/www.facebook.com\/SonoraEE\/\",\"https:\/\/x.com\/sonoraenequipo\",\"https:\/\/www.youtube.com\/channel\/UC338nW-lPEYmJQs4ZABQ1SQ\"]},{\"@type\":\"Person\",\"@id\":\"https:\/\/www.sonoraenequipo.com.mx\/#\/schema\/person\/50102df0fb23a8fa9e8effad8fa81386\",\"name\":\"enequipo\",\"image\":{\"@type\":\"ImageObject\",\"inLanguage\":\"es\",\"@id\":\"https:\/\/www.sonoraenequipo.com.mx\/#\/schema\/person\/image\/\",\"url\":\"https:\/\/secure.gravatar.com\/avatar\/049821681b589dabc0bc20695993ccebb09f5b5d4d790cd9251b97faac7c652b?s=96&d=blank&r=g\",\"contentUrl\":\"https:\/\/secure.gravatar.com\/avatar\/049821681b589dabc0bc20695993ccebb09f5b5d4d790cd9251b97faac7c652b?s=96&d=blank&r=g\",\"caption\":\"enequipo\"},\"sameAs\":[\"https:\/\/www.facebook.com\/SonoraEE\"]}]}<\/script>\n ","yoast_head_json":{"title":"Sonora en Equipo. Todas las vacunas contra el Covid son eficaces y reducir\u00e1n los contagios de esta enfermedad: Clausen Iberri Sonora","description":"&nbsp; &nbsp; &nbsp; &nbsp; \u00a0Se confirman ocho defunciones m\u00e1s y 129 contagios nuevos por COVID-19 &nbsp; &nbsp; HERMOSILLO, SONORA,MX.\u2500\u2500 El lavado de En Sonora en Equipo publicamos toda la informaci\u00f3n de Sonora, M\u00e9xico y el Mundo de manera oportuna y busca que la libertad de expresi\u00f3n sea real. Visita nuestro medio informativo publicado desde Hermosillo, Sonora. %","robots":{"index":"index","follow":"follow","max-snippet":"max-snippet:-1","max-image-preview":"max-image-preview:large","max-video-preview":"max-video-preview:-1"},"canonical":"https:\/\/www.sonoraenequipo.com.mx\/todas-las-vacunas-contra-el-covid-son-eficaces-y-reduciran-los-contagios-de-esta-enfermedad-clausen-iberri\/","og_locale":"es_ES","og_type":"article","og_title":"Sonora en Equipo. Todas las vacunas contra el Covid son eficaces y reducir\u00e1n los contagios de esta enfermedad: Clausen Iberri Sonora","og_description":"&nbsp; &nbsp; &nbsp; &nbsp; \u00a0Se confirman ocho defunciones m\u00e1s y 129 contagios nuevos por COVID-19 &nbsp; &nbsp; HERMOSILLO, SONORA,MX.\u2500\u2500 El lavado de En Sonora en Equipo publicamos toda la informaci\u00f3n de Sonora, M\u00e9xico y el Mundo de manera oportuna y busca que la libertad de expresi\u00f3n sea real. Visita nuestro medio informativo publicado desde Hermosillo, Sonora. %","og_url":"https:\/\/www.sonoraenequipo.com.mx\/todas-las-vacunas-contra-el-covid-son-eficaces-y-reduciran-los-contagios-de-esta-enfermedad-clausen-iberri\/","og_site_name":"Sonora en Equipo.","article_publisher":"https:\/\/www.facebook.com\/SonoraEE\/","article_author":"https:\/\/www.facebook.com\/SonoraEE","article_published_time":"2021-02-16T04:12:46+00:00","og_image":[{"width":580,"height":400,"url":"https:\/\/www.sonoraenequipo.com.mx\/storage\/2021\/02\/enrique-clausen-iberry_opt.jpg","type":"image\/jpeg"}],"author":"enequipo","twitter_card":"summary_large_image","twitter_creator":"@sonoraenequipo","twitter_site":"@sonoraenequipo","twitter_misc":{"Escrito por":"enequipo","Tiempo de lectura":"4 minutos"},"schema":{"@context":"https:\/\/schema.org","@graph":[{"@type":"Article","@id":"https:\/\/www.sonoraenequipo.com.mx\/todas-las-vacunas-contra-el-covid-son-eficaces-y-reduciran-los-contagios-de-esta-enfermedad-clausen-iberri\/#article","isPartOf":{"@id":"https:\/\/www.sonoraenequipo.com.mx\/todas-las-vacunas-contra-el-covid-son-eficaces-y-reduciran-los-contagios-de-esta-enfermedad-clausen-iberri\/"},"author":{"name":"enequipo","@id":"https:\/\/www.sonoraenequipo.com.mx\/#\/schema\/person\/50102df0fb23a8fa9e8effad8fa81386"},"headline":"Todas las vacunas contra el Covid son eficaces y reducir\u00e1n los contagios de esta enfermedad: Clausen Iberri","datePublished":"2021-02-16T04:12:46+00:00","mainEntityOfPage":{"@id":"https:\/\/www.sonoraenequipo.com.mx\/todas-las-vacunas-contra-el-covid-son-eficaces-y-reduciran-los-contagios-de-esta-enfermedad-clausen-iberri\/"},"wordCount":834,"commentCount":0,"publisher":{"@id":"https:\/\/www.sonoraenequipo.com.mx\/#organization"},"image":{"@id":"https:\/\/www.sonoraenequipo.com.mx\/todas-las-vacunas-contra-el-covid-son-eficaces-y-reduciran-los-contagios-de-esta-enfermedad-clausen-iberri\/#primaryimage"},"thumbnailUrl":"https:\/\/www.sonoraenequipo.com.mx\/storage\/2021\/02\/enrique-clausen-iberry_opt.jpg","keywords":["covid","Sonora"],"articleSection":["Sonora"],"inLanguage":"es","potentialAction":[{"@type":"CommentAction","name":"Comment","target":["https:\/\/www.sonoraenequipo.com.mx\/todas-las-vacunas-contra-el-covid-son-eficaces-y-reduciran-los-contagios-de-esta-enfermedad-clausen-iberri\/#respond"]}]},{"@type":"WebPage","@id":"https:\/\/www.sonoraenequipo.com.mx\/todas-las-vacunas-contra-el-covid-son-eficaces-y-reduciran-los-contagios-de-esta-enfermedad-clausen-iberri\/","url":"https:\/\/www.sonoraenequipo.com.mx\/todas-las-vacunas-contra-el-covid-son-eficaces-y-reduciran-los-contagios-de-esta-enfermedad-clausen-iberri\/","name":"Sonora en Equipo. Todas las vacunas contra el Covid son eficaces y reducir\u00e1n los contagios de esta enfermedad: Clausen Iberri Sonora","isPartOf":{"@id":"https:\/\/www.sonoraenequipo.com.mx\/#website"},"primaryImageOfPage":{"@id":"https:\/\/www.sonoraenequipo.com.mx\/todas-las-vacunas-contra-el-covid-son-eficaces-y-reduciran-los-contagios-de-esta-enfermedad-clausen-iberri\/#primaryimage"},"image":{"@id":"https:\/\/www.sonoraenequipo.com.mx\/todas-las-vacunas-contra-el-covid-son-eficaces-y-reduciran-los-contagios-de-esta-enfermedad-clausen-iberri\/#primaryimage"},"thumbnailUrl":"https:\/\/www.sonoraenequipo.com.mx\/storage\/2021\/02\/enrique-clausen-iberry_opt.jpg","datePublished":"2021-02-16T04:12:46+00:00","description":"&nbsp; &nbsp; &nbsp; &nbsp; \u00a0Se confirman ocho defunciones m\u00e1s y 129 contagios nuevos por COVID-19 &nbsp; &nbsp; HERMOSILLO, SONORA,MX.\u2500\u2500 El lavado de En Sonora en Equipo publicamos toda la informaci\u00f3n de Sonora, M\u00e9xico y el Mundo de manera oportuna y busca que la libertad de expresi\u00f3n sea real. Visita nuestro medio informativo publicado desde Hermosillo, Sonora. %","breadcrumb":{"@id":"https:\/\/www.sonoraenequipo.com.mx\/todas-las-vacunas-contra-el-covid-son-eficaces-y-reduciran-los-contagios-de-esta-enfermedad-clausen-iberri\/#breadcrumb"},"inLanguage":"es","potentialAction":[{"@type":"ReadAction","target":["https:\/\/www.sonoraenequipo.com.mx\/todas-las-vacunas-contra-el-covid-son-eficaces-y-reduciran-los-contagios-de-esta-enfermedad-clausen-iberri\/"]}]},{"@type":"ImageObject","inLanguage":"es","@id":"https:\/\/www.sonoraenequipo.com.mx\/todas-las-vacunas-contra-el-covid-son-eficaces-y-reduciran-los-contagios-de-esta-enfermedad-clausen-iberri\/#primaryimage","url":"https:\/\/www.sonoraenequipo.com.mx\/storage\/2021\/02\/enrique-clausen-iberry_opt.jpg","contentUrl":"https:\/\/www.sonoraenequipo.com.mx\/storage\/2021\/02\/enrique-clausen-iberry_opt.jpg","width":580,"height":400},{"@type":"BreadcrumbList","@id":"https:\/\/www.sonoraenequipo.com.mx\/todas-las-vacunas-contra-el-covid-son-eficaces-y-reduciran-los-contagios-de-esta-enfermedad-clausen-iberri\/#breadcrumb","itemListElement":[{"@type":"ListItem","position":1,"name":"Portada","item":"https:\/\/www.sonoraenequipo.com.mx\/"},{"@type":"ListItem","position":2,"name":"Todas las vacunas contra el Covid son eficaces y reducir\u00e1n los contagios de esta enfermedad: Clausen Iberri"}]},{"@type":"WebSite","@id":"https:\/\/www.sonoraenequipo.com.mx\/#website","url":"https:\/\/www.sonoraenequipo.com.mx\/","name":"Sonora en Equipo.","description":"Diario en l\u00ednea con Noticias desde Hermosillo, Sonora","publisher":{"@id":"https:\/\/www.sonoraenequipo.com.mx\/#organization"},"potentialAction":[{"@type":"SearchAction","target":{"@type":"EntryPoint","urlTemplate":"https:\/\/www.sonoraenequipo.com.mx\/?s={search_term_string}"},"query-input":{"@type":"PropertyValueSpecification","valueRequired":true,"valueName":"search_term_string"}}],"inLanguage":"es"},{"@type":"Organization","@id":"https:\/\/www.sonoraenequipo.com.mx\/#organization","name":"Sonoraenequipo.com.mx","url":"https:\/\/www.sonoraenequipo.com.mx\/","logo":{"@type":"ImageObject","inLanguage":"es","@id":"https:\/\/www.sonoraenequipo.com.mx\/#\/schema\/logo\/image\/","url":"https:\/\/www.sonoraenequipo.com.mx\/storage\/2019\/01\/sonoraenequipo_opt.png","contentUrl":"https:\/\/www.sonoraenequipo.com.mx\/storage\/2019\/01\/sonoraenequipo_opt.png","width":375,"height":125,"caption":"Sonoraenequipo.com.mx"},"image":{"@id":"https:\/\/www.sonoraenequipo.com.mx\/#\/schema\/logo\/image\/"},"sameAs":["https:\/\/www.facebook.com\/SonoraEE\/","https:\/\/x.com\/sonoraenequipo","https:\/\/www.youtube.com\/channel\/UC338nW-lPEYmJQs4ZABQ1SQ"]},{"@type":"Person","@id":"https:\/\/www.sonoraenequipo.com.mx\/#\/schema\/person\/50102df0fb23a8fa9e8effad8fa81386","name":"enequipo","image":{"@type":"ImageObject","inLanguage":"es","@id":"https:\/\/www.sonoraenequipo.com.mx\/#\/schema\/person\/image\/","url":"https:\/\/secure.gravatar.com\/avatar\/049821681b589dabc0bc20695993ccebb09f5b5d4d790cd9251b97faac7c652b?s=96&d=blank&r=g","contentUrl":"https:\/\/secure.gravatar.com\/avatar\/049821681b589dabc0bc20695993ccebb09f5b5d4d790cd9251b97faac7c652b?s=96&d=blank&r=g","caption":"enequipo"},"sameAs":["https:\/\/www.facebook.com\/SonoraEE"]}]}},"jetpack_featured_media_url":"https:\/\/www.sonoraenequipo.com.mx\/storage\/2021\/02\/enrique-clausen-iberry_opt.jpg","_links":{"self":[{"href":"https:\/\/www.sonoraenequipo.com.mx\/api\/wp\/v2\/posts\/107118","targetHints":{"allow":["GET"]}}],"collection":[{"href":"https:\/\/www.sonoraenequipo.com.mx\/api\/wp\/v2\/posts"}],"about":[{"href":"https:\/\/www.sonoraenequipo.com.mx\/api\/wp\/v2\/types\/post"}],"author":[{"embeddable":true,"href":"https:\/\/www.sonoraenequipo.com.mx\/api\/wp\/v2\/users\/1"}],"replies":[{"embeddable":true,"href":"https:\/\/www.sonoraenequipo.com.mx\/api\/wp\/v2\/comments?post=107118"}],"version-history":[{"count":1,"href":"https:\/\/www.sonoraenequipo.com.mx\/api\/wp\/v2\/posts\/107118\/revisions"}],"predecessor-version":[{"id":107119,"href":"https:\/\/www.sonoraenequipo.com.mx\/api\/wp\/v2\/posts\/107118\/revisions\/107119"}],"wp:featuredmedia":[{"embeddable":true,"href":"https:\/\/www.sonoraenequipo.com.mx\/api\/wp\/v2\/media\/106973"}],"wp:attachment":[{"href":"https:\/\/www.sonoraenequipo.com.mx\/api\/wp\/v2\/media?parent=107118"}],"wp:term":[{"taxonomy":"category","embeddable":true,"href":"https:\/\/www.sonoraenequipo.com.mx\/api\/wp\/v2\/categories?post=107118"},{"taxonomy":"post_tag","embeddable":true,"href":"https:\/\/www.sonoraenequipo.com.mx\/api\/wp\/v2\/tags?post=107118"}],"curies":[{"name":"wp","href":"https:\/\/api.w.org\/{rel}","templated":true}]}}