{"id":107121,"date":"2021-02-15T22:16:59","date_gmt":"2021-02-16T05:16:59","guid":{"rendered":"https:\/\/www.sonoraenequipo.com.mx\/?p=107121"},"modified":"2021-02-15T22:16:59","modified_gmt":"2021-02-16T05:16:59","slug":"llama-congreso-a-ocupar-regidurias-vacantes-en-rosario-y-benjamin-hill","status":"publish","type":"post","link":"https:\/\/www.sonoraenequipo.com.mx\/llama-congreso-a-ocupar-regidurias-vacantes-en-rosario-y-benjamin-hill\/","title":{"rendered":"Llama Congreso \u00a0a ocupar regidur\u00edas vacantes en Rosario y Benjam\u00edn Hill"},"content":{"rendered":"<p>&nbsp;<\/p>\n<p>HERMOSILLO, SONORA,MX.\u2500\u2500 Un par proyectos de dictamen que contienen los Acuerdos para llamar a rendir la protesta de Ley como regidoras a las ciudadanas Mercedes Lagarda Valle y Eveline del Carmen Ca\u00f1edo Ruelas en los ayuntamientos de Rosario y Benjam\u00edn Hill, respectivamente, aprobaron los diputados de la Comisi\u00f3n de Gobernaci\u00f3n y Puntos Constitucionales.<\/p>\n<p>El diputado Jes\u00fas Alonso Montes Pi\u00f1a, presidente de la citada Comisi\u00f3n, someti\u00f3 a consideraci\u00f3n el proyecto de dictamen del escrito del Presidente Municipal y del Secretario del Ayuntamiento de Rosario, mediante el cual hacen del conocimiento de este \u00f3rgano Legislativo del fallecimiento de la ciudadana Martha Soto Beltr\u00e1n, quien ocupaba el cargo de regidora.<\/p>\n<p>Para acudir a la toma de protesta referida a la ciudadana Mercedes Lagarda Valle, en nombre y representaci\u00f3n de este Poder Legislativo se comision\u00f3 al diputado Filem\u00f3n Ortega Quintos.<\/p>\n<p>Enseguida el diputado Montes Pi\u00f1a puso a consideraci\u00f3n el proyecto de dictamen del escrito del Presidente Municipal y de la Secretaria del Ayuntamiento de Benjam\u00edn Hill, mediante el cual hacen del conocimiento al Poder Legislativo del fallecimiento de la ciudadana Leticia Concepci\u00f3n Hern\u00e1ndez Mendoza, quien ocupaba asimismo el cargo de regidora.<\/p>\n<p>En este asunto, se comision\u00f3 al diputado Ferm\u00edn Trujillo Fuentes\u00a0 para que en nombre y representaci\u00f3n del Poder Legislativo acuda a la toma de protesta de la ciudadana Eveline del Carmen Ca\u00f1edo Ruelas, a dicho cargo.<\/p>\n<p>En la reuni\u00f3n virtual estuvieron presentes los diputados Jorge Villaescusa Aguayo, Gricelda Lorena Soto Almada, Nitzia Corina Grad\u00edas Ahumada, H\u00e9ctor Ra\u00fal Catelo Monta\u00f1o, Magdalena Uribe Pe\u00f1a y Jes\u00fas Eduardo Urbina Lucero.<\/p>\n<p>Los proyectos de dictamen aprobados por los diputados presentes ser\u00e1n enviados a la Comisi\u00f3n de R\u00e9gimen Interno y Concertaci\u00f3n Pol\u00edtica para que sean incluidos en el orden del d\u00eda de una pr\u00f3xima sesi\u00f3n.<\/p>\n<p>Fecha de publicaci\u00f3n \u00a0lunes 15\/feb\/2021<\/p>\n<p>&nbsp;<\/p>\n","protected":false},"excerpt":{"rendered":"<p>&nbsp; HERMOSILLO, SONORA,MX.\u2500\u2500 Un par proyectos de dictamen que contienen los Acuerdos para llamar a&#8230;<\/p>\n","protected":false},"author":1,"featured_media":107122,"comment_status":"open","ping_status":"open","sticky":false,"template":"","format":"standard","meta":{"_monsterinsights_skip_tracking":false,"_monsterinsights_sitenote_active":false,"_monsterinsights_sitenote_note":"","_monsterinsights_sitenote_category":0,"footnotes":""},"categories":[3281],"tags":[],"class_list":["post"],"yoast_head":" \n<title>Sonora en Equipo. Llama Congreso \u00a0a ocupar regidur\u00edas vacantes en Rosario y Benjam\u00edn Hill Congreso<\/title>\n<meta name=\"description\" content=\"&nbsp; HERMOSILLO, SONORA,MX.\u2500\u2500 Un par proyectos de dictamen que contienen los Acuerdos para llamar a rendir la protesta de Ley como regidoras a las En Sonora en Equipo publicamos toda la informaci\u00f3n de Sonora, M\u00e9xico y el Mundo de manera oportuna y busca que la libertad de expresi\u00f3n sea real. Visita nuestro medio informativo publicado desde Hermosillo, Sonora. %\" \/>\n<meta name=\"robots\" content=\"index, follow, max-snippet:-1, max-image-preview:large, max-video-preview:-1\" \/>\n<link rel=\"canonical\" href=\"https:\/\/www.sonoraenequipo.com.mx\/llama-congreso-a-ocupar-regidurias-vacantes-en-rosario-y-benjamin-hill\/\" \/>\n<meta property=\"og:locale\" content=\"es_ES\" \/>\n<meta property=\"og:type\" content=\"article\" \/>\n<meta property=\"og:title\" content=\"Sonora en Equipo. Llama Congreso \u00a0a ocupar regidur\u00edas vacantes en Rosario y Benjam\u00edn Hill Congreso\" \/>\n<meta property=\"og:description\" content=\"&nbsp; HERMOSILLO, SONORA,MX.\u2500\u2500 Un par proyectos de dictamen que contienen los Acuerdos para llamar a rendir la protesta de Ley como regidoras a las En Sonora en Equipo publicamos toda la informaci\u00f3n de Sonora, M\u00e9xico y el Mundo de manera oportuna y busca que la libertad de expresi\u00f3n sea real. Visita nuestro medio informativo publicado desde Hermosillo, Sonora. %\" \/>\n<meta property=\"og:url\" content=\"https:\/\/www.sonoraenequipo.com.mx\/llama-congreso-a-ocupar-regidurias-vacantes-en-rosario-y-benjamin-hill\/\" \/>\n<meta property=\"og:site_name\" content=\"Sonora en Equipo.\" \/>\n<meta property=\"article:publisher\" content=\"https:\/\/www.facebook.com\/SonoraEE\/\" \/>\n<meta property=\"article:author\" content=\"https:\/\/www.facebook.com\/SonoraEE\" \/>\n<meta property=\"article:published_time\" content=\"2021-02-16T05:16:59+00:00\" \/>\n<meta property=\"og:image\" content=\"https:\/\/www.sonoraenequipo.com.mx\/storage\/2021\/02\/cong150221.jpg\" \/>\n\t<meta property=\"og:image:width\" content=\"500\" \/>\n\t<meta property=\"og:image:height\" content=\"300\" \/>\n\t<meta property=\"og:image:type\" content=\"image\/jpeg\" \/>\n<meta name=\"author\" content=\"enequipo\" \/>\n<meta name=\"twitter:card\" content=\"summary_large_image\" \/>\n<meta name=\"twitter:creator\" content=\"@sonoraenequipo\" \/>\n<meta name=\"twitter:site\" content=\"@sonoraenequipo\" \/>\n<meta name=\"twitter:label1\" content=\"Escrito por\" \/>\n\t<meta name=\"twitter:data1\" content=\"enequipo\" \/>\n\t<meta name=\"twitter:label2\" content=\"Tiempo de lectura\" \/>\n\t<meta name=\"twitter:data2\" content=\"2 minutos\" \/>\n<script type=\"application\/ld+json\" class=\"yoast-schema-graph\">{\"@context\":\"https:\/\/schema.org\",\"@graph\":[{\"@type\":\"Article\",\"@id\":\"https:\/\/www.sonoraenequipo.com.mx\/llama-congreso-a-ocupar-regidurias-vacantes-en-rosario-y-benjamin-hill\/#article\",\"isPartOf\":{\"@id\":\"https:\/\/www.sonoraenequipo.com.mx\/llama-congreso-a-ocupar-regidurias-vacantes-en-rosario-y-benjamin-hill\/\"},\"author\":{\"name\":\"enequipo\",\"@id\":\"https:\/\/www.sonoraenequipo.com.mx\/#\/schema\/person\/50102df0fb23a8fa9e8effad8fa81386\"},\"headline\":\"Llama Congreso \u00a0a ocupar regidur\u00edas vacantes en Rosario y Benjam\u00edn Hill\",\"datePublished\":\"2021-02-16T05:16:59+00:00\",\"mainEntityOfPage\":{\"@id\":\"https:\/\/www.sonoraenequipo.com.mx\/llama-congreso-a-ocupar-regidurias-vacantes-en-rosario-y-benjamin-hill\/\"},\"wordCount\":343,\"commentCount\":0,\"publisher\":{\"@id\":\"https:\/\/www.sonoraenequipo.com.mx\/#organization\"},\"image\":{\"@id\":\"https:\/\/www.sonoraenequipo.com.mx\/llama-congreso-a-ocupar-regidurias-vacantes-en-rosario-y-benjamin-hill\/#primaryimage\"},\"thumbnailUrl\":\"https:\/\/www.sonoraenequipo.com.mx\/storage\/2021\/02\/cong150221.jpg\",\"articleSection\":[\"Congreso\"],\"inLanguage\":\"es\",\"potentialAction\":[{\"@type\":\"CommentAction\",\"name\":\"Comment\",\"target\":[\"https:\/\/www.sonoraenequipo.com.mx\/llama-congreso-a-ocupar-regidurias-vacantes-en-rosario-y-benjamin-hill\/#respond\"]}]},{\"@type\":\"WebPage\",\"@id\":\"https:\/\/www.sonoraenequipo.com.mx\/llama-congreso-a-ocupar-regidurias-vacantes-en-rosario-y-benjamin-hill\/\",\"url\":\"https:\/\/www.sonoraenequipo.com.mx\/llama-congreso-a-ocupar-regidurias-vacantes-en-rosario-y-benjamin-hill\/\",\"name\":\"Sonora en Equipo. Llama Congreso \u00a0a ocupar regidur\u00edas vacantes en Rosario y Benjam\u00edn Hill Congreso\",\"isPartOf\":{\"@id\":\"https:\/\/www.sonoraenequipo.com.mx\/#website\"},\"primaryImageOfPage\":{\"@id\":\"https:\/\/www.sonoraenequipo.com.mx\/llama-congreso-a-ocupar-regidurias-vacantes-en-rosario-y-benjamin-hill\/#primaryimage\"},\"image\":{\"@id\":\"https:\/\/www.sonoraenequipo.com.mx\/llama-congreso-a-ocupar-regidurias-vacantes-en-rosario-y-benjamin-hill\/#primaryimage\"},\"thumbnailUrl\":\"https:\/\/www.sonoraenequipo.com.mx\/storage\/2021\/02\/cong150221.jpg\",\"datePublished\":\"2021-02-16T05:16:59+00:00\",\"description\":\"&nbsp; HERMOSILLO, SONORA,MX.\u2500\u2500 Un par proyectos de dictamen que contienen los Acuerdos para llamar a rendir la protesta de Ley como regidoras a las En Sonora en Equipo publicamos toda la informaci\u00f3n de Sonora, M\u00e9xico y el Mundo de manera oportuna y busca que la libertad de expresi\u00f3n sea real. Visita nuestro medio informativo publicado desde Hermosillo, Sonora. %\",\"breadcrumb\":{\"@id\":\"https:\/\/www.sonoraenequipo.com.mx\/llama-congreso-a-ocupar-regidurias-vacantes-en-rosario-y-benjamin-hill\/#breadcrumb\"},\"inLanguage\":\"es\",\"potentialAction\":[{\"@type\":\"ReadAction\",\"target\":[\"https:\/\/www.sonoraenequipo.com.mx\/llama-congreso-a-ocupar-regidurias-vacantes-en-rosario-y-benjamin-hill\/\"]}]},{\"@type\":\"ImageObject\",\"inLanguage\":\"es\",\"@id\":\"https:\/\/www.sonoraenequipo.com.mx\/llama-congreso-a-ocupar-regidurias-vacantes-en-rosario-y-benjamin-hill\/#primaryimage\",\"url\":\"https:\/\/www.sonoraenequipo.com.mx\/storage\/2021\/02\/cong150221.jpg\",\"contentUrl\":\"https:\/\/www.sonoraenequipo.com.mx\/storage\/2021\/02\/cong150221.jpg\",\"width\":500,\"height\":300},{\"@type\":\"BreadcrumbList\",\"@id\":\"https:\/\/www.sonoraenequipo.com.mx\/llama-congreso-a-ocupar-regidurias-vacantes-en-rosario-y-benjamin-hill\/#breadcrumb\",\"itemListElement\":[{\"@type\":\"ListItem\",\"position\":1,\"name\":\"Portada\",\"item\":\"https:\/\/www.sonoraenequipo.com.mx\/\"},{\"@type\":\"ListItem\",\"position\":2,\"name\":\"Llama Congreso \u00a0a ocupar regidur\u00edas vacantes en Rosario y Benjam\u00edn Hill\"}]},{\"@type\":\"WebSite\",\"@id\":\"https:\/\/www.sonoraenequipo.com.mx\/#website\",\"url\":\"https:\/\/www.sonoraenequipo.com.mx\/\",\"name\":\"Sonora en Equipo.\",\"description\":\"Diario en l\u00ednea con Noticias desde Hermosillo, Sonora\",\"publisher\":{\"@id\":\"https:\/\/www.sonoraenequipo.com.mx\/#organization\"},\"potentialAction\":[{\"@type\":\"SearchAction\",\"target\":{\"@type\":\"EntryPoint\",\"urlTemplate\":\"https:\/\/www.sonoraenequipo.com.mx\/?s={search_term_string}\"},\"query-input\":{\"@type\":\"PropertyValueSpecification\",\"valueRequired\":true,\"valueName\":\"search_term_string\"}}],\"inLanguage\":\"es\"},{\"@type\":\"Organization\",\"@id\":\"https:\/\/www.sonoraenequipo.com.mx\/#organization\",\"name\":\"Sonoraenequipo.com.mx\",\"url\":\"https:\/\/www.sonoraenequipo.com.mx\/\",\"logo\":{\"@type\":\"ImageObject\",\"inLanguage\":\"es\",\"@id\":\"https:\/\/www.sonoraenequipo.com.mx\/#\/schema\/logo\/image\/\",\"url\":\"https:\/\/www.sonoraenequipo.com.mx\/storage\/2019\/01\/sonoraenequipo_opt.png\",\"contentUrl\":\"https:\/\/www.sonoraenequipo.com.mx\/storage\/2019\/01\/sonoraenequipo_opt.png\",\"width\":375,\"height\":125,\"caption\":\"Sonoraenequipo.com.mx\"},\"image\":{\"@id\":\"https:\/\/www.sonoraenequipo.com.mx\/#\/schema\/logo\/image\/\"},\"sameAs\":[\"https:\/\/www.facebook.com\/SonoraEE\/\",\"https:\/\/x.com\/sonoraenequipo\",\"https:\/\/www.youtube.com\/channel\/UC338nW-lPEYmJQs4ZABQ1SQ\"]},{\"@type\":\"Person\",\"@id\":\"https:\/\/www.sonoraenequipo.com.mx\/#\/schema\/person\/50102df0fb23a8fa9e8effad8fa81386\",\"name\":\"enequipo\",\"image\":{\"@type\":\"ImageObject\",\"inLanguage\":\"es\",\"@id\":\"https:\/\/www.sonoraenequipo.com.mx\/#\/schema\/person\/image\/\",\"url\":\"https:\/\/secure.gravatar.com\/avatar\/049821681b589dabc0bc20695993ccebb09f5b5d4d790cd9251b97faac7c652b?s=96&d=blank&r=g\",\"contentUrl\":\"https:\/\/secure.gravatar.com\/avatar\/049821681b589dabc0bc20695993ccebb09f5b5d4d790cd9251b97faac7c652b?s=96&d=blank&r=g\",\"caption\":\"enequipo\"},\"sameAs\":[\"https:\/\/www.facebook.com\/SonoraEE\"]}]}<\/script>\n ","yoast_head_json":{"title":"Sonora en Equipo. Llama Congreso \u00a0a ocupar regidur\u00edas vacantes en Rosario y Benjam\u00edn Hill Congreso","description":"&nbsp; HERMOSILLO, SONORA,MX.\u2500\u2500 Un par proyectos de dictamen que contienen los Acuerdos para llamar a rendir la protesta de Ley como regidoras a las En Sonora en Equipo publicamos toda la informaci\u00f3n de Sonora, M\u00e9xico y el Mundo de manera oportuna y busca que la libertad de expresi\u00f3n sea real. Visita nuestro medio informativo publicado desde Hermosillo, Sonora. %","robots":{"index":"index","follow":"follow","max-snippet":"max-snippet:-1","max-image-preview":"max-image-preview:large","max-video-preview":"max-video-preview:-1"},"canonical":"https:\/\/www.sonoraenequipo.com.mx\/llama-congreso-a-ocupar-regidurias-vacantes-en-rosario-y-benjamin-hill\/","og_locale":"es_ES","og_type":"article","og_title":"Sonora en Equipo. Llama Congreso \u00a0a ocupar regidur\u00edas vacantes en Rosario y Benjam\u00edn Hill Congreso","og_description":"&nbsp; HERMOSILLO, SONORA,MX.\u2500\u2500 Un par proyectos de dictamen que contienen los Acuerdos para llamar a rendir la protesta de Ley como regidoras a las En Sonora en Equipo publicamos toda la informaci\u00f3n de Sonora, M\u00e9xico y el Mundo de manera oportuna y busca que la libertad de expresi\u00f3n sea real. Visita nuestro medio informativo publicado desde Hermosillo, Sonora. %","og_url":"https:\/\/www.sonoraenequipo.com.mx\/llama-congreso-a-ocupar-regidurias-vacantes-en-rosario-y-benjamin-hill\/","og_site_name":"Sonora en Equipo.","article_publisher":"https:\/\/www.facebook.com\/SonoraEE\/","article_author":"https:\/\/www.facebook.com\/SonoraEE","article_published_time":"2021-02-16T05:16:59+00:00","og_image":[{"width":500,"height":300,"url":"https:\/\/www.sonoraenequipo.com.mx\/storage\/2021\/02\/cong150221.jpg","type":"image\/jpeg"}],"author":"enequipo","twitter_card":"summary_large_image","twitter_creator":"@sonoraenequipo","twitter_site":"@sonoraenequipo","twitter_misc":{"Escrito por":"enequipo","Tiempo de lectura":"2 minutos"},"schema":{"@context":"https:\/\/schema.org","@graph":[{"@type":"Article","@id":"https:\/\/www.sonoraenequipo.com.mx\/llama-congreso-a-ocupar-regidurias-vacantes-en-rosario-y-benjamin-hill\/#article","isPartOf":{"@id":"https:\/\/www.sonoraenequipo.com.mx\/llama-congreso-a-ocupar-regidurias-vacantes-en-rosario-y-benjamin-hill\/"},"author":{"name":"enequipo","@id":"https:\/\/www.sonoraenequipo.com.mx\/#\/schema\/person\/50102df0fb23a8fa9e8effad8fa81386"},"headline":"Llama Congreso \u00a0a ocupar regidur\u00edas vacantes en Rosario y Benjam\u00edn Hill","datePublished":"2021-02-16T05:16:59+00:00","mainEntityOfPage":{"@id":"https:\/\/www.sonoraenequipo.com.mx\/llama-congreso-a-ocupar-regidurias-vacantes-en-rosario-y-benjamin-hill\/"},"wordCount":343,"commentCount":0,"publisher":{"@id":"https:\/\/www.sonoraenequipo.com.mx\/#organization"},"image":{"@id":"https:\/\/www.sonoraenequipo.com.mx\/llama-congreso-a-ocupar-regidurias-vacantes-en-rosario-y-benjamin-hill\/#primaryimage"},"thumbnailUrl":"https:\/\/www.sonoraenequipo.com.mx\/storage\/2021\/02\/cong150221.jpg","articleSection":["Congreso"],"inLanguage":"es","potentialAction":[{"@type":"CommentAction","name":"Comment","target":["https:\/\/www.sonoraenequipo.com.mx\/llama-congreso-a-ocupar-regidurias-vacantes-en-rosario-y-benjamin-hill\/#respond"]}]},{"@type":"WebPage","@id":"https:\/\/www.sonoraenequipo.com.mx\/llama-congreso-a-ocupar-regidurias-vacantes-en-rosario-y-benjamin-hill\/","url":"https:\/\/www.sonoraenequipo.com.mx\/llama-congreso-a-ocupar-regidurias-vacantes-en-rosario-y-benjamin-hill\/","name":"Sonora en Equipo. Llama Congreso \u00a0a ocupar regidur\u00edas vacantes en Rosario y Benjam\u00edn Hill Congreso","isPartOf":{"@id":"https:\/\/www.sonoraenequipo.com.mx\/#website"},"primaryImageOfPage":{"@id":"https:\/\/www.sonoraenequipo.com.mx\/llama-congreso-a-ocupar-regidurias-vacantes-en-rosario-y-benjamin-hill\/#primaryimage"},"image":{"@id":"https:\/\/www.sonoraenequipo.com.mx\/llama-congreso-a-ocupar-regidurias-vacantes-en-rosario-y-benjamin-hill\/#primaryimage"},"thumbnailUrl":"https:\/\/www.sonoraenequipo.com.mx\/storage\/2021\/02\/cong150221.jpg","datePublished":"2021-02-16T05:16:59+00:00","description":"&nbsp; HERMOSILLO, SONORA,MX.\u2500\u2500 Un par proyectos de dictamen que contienen los Acuerdos para llamar a rendir la protesta de Ley como regidoras a las En Sonora en Equipo publicamos toda la informaci\u00f3n de Sonora, M\u00e9xico y el Mundo de manera oportuna y busca que la libertad de expresi\u00f3n sea real. Visita nuestro medio informativo publicado desde Hermosillo, Sonora. %","breadcrumb":{"@id":"https:\/\/www.sonoraenequipo.com.mx\/llama-congreso-a-ocupar-regidurias-vacantes-en-rosario-y-benjamin-hill\/#breadcrumb"},"inLanguage":"es","potentialAction":[{"@type":"ReadAction","target":["https:\/\/www.sonoraenequipo.com.mx\/llama-congreso-a-ocupar-regidurias-vacantes-en-rosario-y-benjamin-hill\/"]}]},{"@type":"ImageObject","inLanguage":"es","@id":"https:\/\/www.sonoraenequipo.com.mx\/llama-congreso-a-ocupar-regidurias-vacantes-en-rosario-y-benjamin-hill\/#primaryimage","url":"https:\/\/www.sonoraenequipo.com.mx\/storage\/2021\/02\/cong150221.jpg","contentUrl":"https:\/\/www.sonoraenequipo.com.mx\/storage\/2021\/02\/cong150221.jpg","width":500,"height":300},{"@type":"BreadcrumbList","@id":"https:\/\/www.sonoraenequipo.com.mx\/llama-congreso-a-ocupar-regidurias-vacantes-en-rosario-y-benjamin-hill\/#breadcrumb","itemListElement":[{"@type":"ListItem","position":1,"name":"Portada","item":"https:\/\/www.sonoraenequipo.com.mx\/"},{"@type":"ListItem","position":2,"name":"Llama Congreso \u00a0a ocupar regidur\u00edas vacantes en Rosario y Benjam\u00edn Hill"}]},{"@type":"WebSite","@id":"https:\/\/www.sonoraenequipo.com.mx\/#website","url":"https:\/\/www.sonoraenequipo.com.mx\/","name":"Sonora en Equipo.","description":"Diario en l\u00ednea con Noticias desde Hermosillo, Sonora","publisher":{"@id":"https:\/\/www.sonoraenequipo.com.mx\/#organization"},"potentialAction":[{"@type":"SearchAction","target":{"@type":"EntryPoint","urlTemplate":"https:\/\/www.sonoraenequipo.com.mx\/?s={search_term_string}"},"query-input":{"@type":"PropertyValueSpecification","valueRequired":true,"valueName":"search_term_string"}}],"inLanguage":"es"},{"@type":"Organization","@id":"https:\/\/www.sonoraenequipo.com.mx\/#organization","name":"Sonoraenequipo.com.mx","url":"https:\/\/www.sonoraenequipo.com.mx\/","logo":{"@type":"ImageObject","inLanguage":"es","@id":"https:\/\/www.sonoraenequipo.com.mx\/#\/schema\/logo\/image\/","url":"https:\/\/www.sonoraenequipo.com.mx\/storage\/2019\/01\/sonoraenequipo_opt.png","contentUrl":"https:\/\/www.sonoraenequipo.com.mx\/storage\/2019\/01\/sonoraenequipo_opt.png","width":375,"height":125,"caption":"Sonoraenequipo.com.mx"},"image":{"@id":"https:\/\/www.sonoraenequipo.com.mx\/#\/schema\/logo\/image\/"},"sameAs":["https:\/\/www.facebook.com\/SonoraEE\/","https:\/\/x.com\/sonoraenequipo","https:\/\/www.youtube.com\/channel\/UC338nW-lPEYmJQs4ZABQ1SQ"]},{"@type":"Person","@id":"https:\/\/www.sonoraenequipo.com.mx\/#\/schema\/person\/50102df0fb23a8fa9e8effad8fa81386","name":"enequipo","image":{"@type":"ImageObject","inLanguage":"es","@id":"https:\/\/www.sonoraenequipo.com.mx\/#\/schema\/person\/image\/","url":"https:\/\/secure.gravatar.com\/avatar\/049821681b589dabc0bc20695993ccebb09f5b5d4d790cd9251b97faac7c652b?s=96&d=blank&r=g","contentUrl":"https:\/\/secure.gravatar.com\/avatar\/049821681b589dabc0bc20695993ccebb09f5b5d4d790cd9251b97faac7c652b?s=96&d=blank&r=g","caption":"enequipo"},"sameAs":["https:\/\/www.facebook.com\/SonoraEE"]}]}},"jetpack_featured_media_url":"https:\/\/www.sonoraenequipo.com.mx\/storage\/2021\/02\/cong150221.jpg","_links":{"self":[{"href":"https:\/\/www.sonoraenequipo.com.mx\/api\/wp\/v2\/posts\/107121","targetHints":{"allow":["GET"]}}],"collection":[{"href":"https:\/\/www.sonoraenequipo.com.mx\/api\/wp\/v2\/posts"}],"about":[{"href":"https:\/\/www.sonoraenequipo.com.mx\/api\/wp\/v2\/types\/post"}],"author":[{"embeddable":true,"href":"https:\/\/www.sonoraenequipo.com.mx\/api\/wp\/v2\/users\/1"}],"replies":[{"embeddable":true,"href":"https:\/\/www.sonoraenequipo.com.mx\/api\/wp\/v2\/comments?post=107121"}],"version-history":[{"count":1,"href":"https:\/\/www.sonoraenequipo.com.mx\/api\/wp\/v2\/posts\/107121\/revisions"}],"predecessor-version":[{"id":107123,"href":"https:\/\/www.sonoraenequipo.com.mx\/api\/wp\/v2\/posts\/107121\/revisions\/107123"}],"wp:featuredmedia":[{"embeddable":true,"href":"https:\/\/www.sonoraenequipo.com.mx\/api\/wp\/v2\/media\/107122"}],"wp:attachment":[{"href":"https:\/\/www.sonoraenequipo.com.mx\/api\/wp\/v2\/media?parent=107121"}],"wp:term":[{"taxonomy":"category","embeddable":true,"href":"https:\/\/www.sonoraenequipo.com.mx\/api\/wp\/v2\/categories?post=107121"},{"taxonomy":"post_tag","embeddable":true,"href":"https:\/\/www.sonoraenequipo.com.mx\/api\/wp\/v2\/tags?post=107121"}],"curies":[{"name":"wp","href":"https:\/\/api.w.org\/{rel}","templated":true}]}}