{"id":107131,"date":"2021-02-16T12:31:10","date_gmt":"2021-02-16T19:31:10","guid":{"rendered":"https:\/\/www.sonoraenequipo.com.mx\/?p=107131"},"modified":"2021-02-16T12:31:10","modified_gmt":"2021-02-16T19:31:10","slug":"lanza-cobach-feria-educativa-virtual-para-una-decision-inteligente","status":"publish","type":"post","link":"https:\/\/www.sonoraenequipo.com.mx\/lanza-cobach-feria-educativa-virtual-para-una-decision-inteligente\/","title":{"rendered":"Lanza Cobach Feria Educativa Virtual para una decisi\u00f3n inteligente"},"content":{"rendered":"<p>HERMOSILLO, SONORA,MX.\u2500\u2500 Con el objetivo de que los estudiantes que culminan su educaci\u00f3n media superior en el Colegio de Bachilleres de Sonora (Cobach), cuenten con las opciones para tomar una decisi\u00f3n de educaci\u00f3n profesional pertinente, la instituci\u00f3n dise\u00f1\u00f3 la Feria Educativa Virtual 2020-2021.<\/p>\n<p>&nbsp;<\/p>\n<p>&nbsp;<\/p>\n<p>V\u00edctor Mario Gami\u00f1o Casillas, director general del Cobach, inform\u00f3 que los j\u00f3venes podr\u00e1n ingresar a la plataforma del Colegio y conocer la oferta acad\u00e9mica, deportiva y cultural que ofrecen las distintas instituciones de educaci\u00f3n superior a nivel estatal y nacional.<\/p>\n<p>&nbsp;<\/p>\n<p>&nbsp;<\/p>\n<p>En esta ocasi\u00f3n, la Feria Educativa se lleva a cabo en formato virtual durante el mes de febrero de 2021 con la participaci\u00f3n de 65 universidades e institutos tecnol\u00f3gicos, mismos que fueron seleccionados por estudiantes del Colegio en colaboraci\u00f3n con los orientadores educativos de los 33 planteles, se\u00f1al\u00f3.<\/p>\n<p>&nbsp;<\/p>\n<p>&nbsp;<\/p>\n<p>\u201cNo olvidemos que nuestros j\u00f3venes se van a integrar a la vida productiva, y la educaci\u00f3n es de gran valor porque se le vincula a que, con sus conocimientos, ellos pueden lograr un futuro profesional exitoso, por ello es importante ayudarles a elegir, es una de las decisiones m\u00e1s importantes para sus vidas\u201d expres\u00f3 Gami\u00f1o Casillas.<\/p>\n<p>&nbsp;<\/p>\n<p>&nbsp;<\/p>\n<p>Entre las instituciones que participan se encuentran, Unison, UES, Tec Milenio, Unil\u00edder, Tecnol\u00f3gico de Monterrey, UVM, Ceuno, UPN, Unidep, ITH, UTH, UAG, Itesca, La Salle, Xochicalco, UABC, Polit\u00e9cnico, Escuela Naval, Escuela de Enfermer\u00eda, Escuela Normal, entre otras.<\/p>\n<p>&nbsp;<\/p>\n<p>&nbsp;<\/p>\n<p>Los estudiantes, madres y padres de familia y cualquier persona interesada en el evento pueden ingresar a la p\u00e1gina www.cobachsonora.edu.mx, y dar click en el banner alusivo a la Feria Educativa.<\/p>\n<p>&nbsp;<\/p>\n<p>&nbsp;<\/p>\n<p>En la plataforma se puede tambi\u00e9n acceder a experiencias de j\u00f3venes egresados, entrevistas y conferencias de especialistas, entre ellas la que ofrece Johann Omar Zazueta S\u00e1nchez, Conferencista y Coach profesional reconocido a nivel nacional.<\/p>\n<p>&nbsp;<\/p>\n<p>&nbsp;<\/p>\n<p>De la misma forma, en la Feria Educativa se podr\u00e1n consultar las recomendaciones de Adri\u00e1n Ch\u00e1vez Cuevas, psic\u00f3logo y especialista en orientaci\u00f3n educativa.<\/p>\n<p>&nbsp;<\/p>\n<p>&nbsp;<\/p>\n<p>En el portal institucional del Colegio estar\u00e1 disponible el directorio y las ligas a los videos de las instituciones participantes, as\u00ed como las carreras profesionales que ofrecen y su plan de becas.<\/p>\n<p>Fecha de publicaci\u00f3n\u00a0 martes 16\/feb\/2021<\/p>\n","protected":false},"excerpt":{"rendered":"<p>HERMOSILLO, SONORA,MX.\u2500\u2500 Con el objetivo de que los estudiantes que culminan su educaci\u00f3n media superior&#8230;<\/p>\n","protected":false},"author":1,"featured_media":105999,"comment_status":"open","ping_status":"open","sticky":false,"template":"","format":"standard","meta":{"_monsterinsights_skip_tracking":false,"_monsterinsights_sitenote_active":false,"_monsterinsights_sitenote_note":"","_monsterinsights_sitenote_category":0,"footnotes":""},"categories":[22],"tags":[3304,15],"class_list":["post"],"yoast_head":" \n<title>Sonora en Equipo. Lanza Cobach Feria Educativa Virtual para una decisi\u00f3n inteligente Sonora<\/title>\n<meta name=\"description\" content=\"HERMOSILLO, SONORA,MX.\u2500\u2500 Con el objetivo de que los estudiantes que culminan su educaci\u00f3n media superior en el Colegio de Bachilleres de Sonora (Cobach), En Sonora en Equipo publicamos toda la informaci\u00f3n de Sonora, M\u00e9xico y el Mundo de manera oportuna y busca que la libertad de expresi\u00f3n sea real. Visita nuestro medio informativo publicado desde Hermosillo, Sonora. %\" \/>\n<meta name=\"robots\" content=\"index, follow, max-snippet:-1, max-image-preview:large, max-video-preview:-1\" \/>\n<link rel=\"canonical\" href=\"https:\/\/www.sonoraenequipo.com.mx\/lanza-cobach-feria-educativa-virtual-para-una-decision-inteligente\/\" \/>\n<meta property=\"og:locale\" content=\"es_ES\" \/>\n<meta property=\"og:type\" content=\"article\" \/>\n<meta property=\"og:title\" content=\"Sonora en Equipo. Lanza Cobach Feria Educativa Virtual para una decisi\u00f3n inteligente Sonora\" \/>\n<meta property=\"og:description\" content=\"HERMOSILLO, SONORA,MX.\u2500\u2500 Con el objetivo de que los estudiantes que culminan su educaci\u00f3n media superior en el Colegio de Bachilleres de Sonora (Cobach), En Sonora en Equipo publicamos toda la informaci\u00f3n de Sonora, M\u00e9xico y el Mundo de manera oportuna y busca que la libertad de expresi\u00f3n sea real. Visita nuestro medio informativo publicado desde Hermosillo, Sonora. %\" \/>\n<meta property=\"og:url\" content=\"https:\/\/www.sonoraenequipo.com.mx\/lanza-cobach-feria-educativa-virtual-para-una-decision-inteligente\/\" \/>\n<meta property=\"og:site_name\" content=\"Sonora en Equipo.\" \/>\n<meta property=\"article:publisher\" content=\"https:\/\/www.facebook.com\/SonoraEE\/\" \/>\n<meta property=\"article:author\" content=\"https:\/\/www.facebook.com\/SonoraEE\" \/>\n<meta property=\"article:published_time\" content=\"2021-02-16T19:31:10+00:00\" \/>\n<meta property=\"og:image\" content=\"https:\/\/www.sonoraenequipo.com.mx\/storage\/2021\/02\/estudiantes-cobach1.jpg\" \/>\n\t<meta property=\"og:image:width\" content=\"500\" \/>\n\t<meta property=\"og:image:height\" content=\"333\" \/>\n\t<meta property=\"og:image:type\" content=\"image\/jpeg\" \/>\n<meta name=\"author\" content=\"enequipo\" \/>\n<meta name=\"twitter:card\" content=\"summary_large_image\" \/>\n<meta name=\"twitter:creator\" content=\"@sonoraenequipo\" \/>\n<meta name=\"twitter:site\" content=\"@sonoraenequipo\" \/>\n<meta name=\"twitter:label1\" content=\"Escrito por\" \/>\n\t<meta name=\"twitter:data1\" content=\"enequipo\" \/>\n\t<meta name=\"twitter:label2\" content=\"Tiempo de lectura\" \/>\n\t<meta name=\"twitter:data2\" content=\"2 minutos\" \/>\n<script type=\"application\/ld+json\" class=\"yoast-schema-graph\">{\"@context\":\"https:\/\/schema.org\",\"@graph\":[{\"@type\":\"Article\",\"@id\":\"https:\/\/www.sonoraenequipo.com.mx\/lanza-cobach-feria-educativa-virtual-para-una-decision-inteligente\/#article\",\"isPartOf\":{\"@id\":\"https:\/\/www.sonoraenequipo.com.mx\/lanza-cobach-feria-educativa-virtual-para-una-decision-inteligente\/\"},\"author\":{\"name\":\"enequipo\",\"@id\":\"https:\/\/www.sonoraenequipo.com.mx\/#\/schema\/person\/50102df0fb23a8fa9e8effad8fa81386\"},\"headline\":\"Lanza Cobach Feria Educativa Virtual para una decisi\u00f3n inteligente\",\"datePublished\":\"2021-02-16T19:31:10+00:00\",\"mainEntityOfPage\":{\"@id\":\"https:\/\/www.sonoraenequipo.com.mx\/lanza-cobach-feria-educativa-virtual-para-una-decision-inteligente\/\"},\"wordCount\":409,\"commentCount\":0,\"publisher\":{\"@id\":\"https:\/\/www.sonoraenequipo.com.mx\/#organization\"},\"image\":{\"@id\":\"https:\/\/www.sonoraenequipo.com.mx\/lanza-cobach-feria-educativa-virtual-para-una-decision-inteligente\/#primaryimage\"},\"thumbnailUrl\":\"https:\/\/www.sonoraenequipo.com.mx\/storage\/2021\/02\/estudiantes-cobach1.jpg\",\"keywords\":[\"COBACH\",\"Sonora\"],\"articleSection\":[\"Sonora\"],\"inLanguage\":\"es\",\"potentialAction\":[{\"@type\":\"CommentAction\",\"name\":\"Comment\",\"target\":[\"https:\/\/www.sonoraenequipo.com.mx\/lanza-cobach-feria-educativa-virtual-para-una-decision-inteligente\/#respond\"]}]},{\"@type\":\"WebPage\",\"@id\":\"https:\/\/www.sonoraenequipo.com.mx\/lanza-cobach-feria-educativa-virtual-para-una-decision-inteligente\/\",\"url\":\"https:\/\/www.sonoraenequipo.com.mx\/lanza-cobach-feria-educativa-virtual-para-una-decision-inteligente\/\",\"name\":\"Sonora en Equipo. Lanza Cobach Feria Educativa Virtual para una decisi\u00f3n inteligente Sonora\",\"isPartOf\":{\"@id\":\"https:\/\/www.sonoraenequipo.com.mx\/#website\"},\"primaryImageOfPage\":{\"@id\":\"https:\/\/www.sonoraenequipo.com.mx\/lanza-cobach-feria-educativa-virtual-para-una-decision-inteligente\/#primaryimage\"},\"image\":{\"@id\":\"https:\/\/www.sonoraenequipo.com.mx\/lanza-cobach-feria-educativa-virtual-para-una-decision-inteligente\/#primaryimage\"},\"thumbnailUrl\":\"https:\/\/www.sonoraenequipo.com.mx\/storage\/2021\/02\/estudiantes-cobach1.jpg\",\"datePublished\":\"2021-02-16T19:31:10+00:00\",\"description\":\"HERMOSILLO, SONORA,MX.\u2500\u2500 Con el objetivo de que los estudiantes que culminan su educaci\u00f3n media superior en el Colegio de Bachilleres de Sonora (Cobach), En Sonora en Equipo publicamos toda la informaci\u00f3n de Sonora, M\u00e9xico y el Mundo de manera oportuna y busca que la libertad de expresi\u00f3n sea real. Visita nuestro medio informativo publicado desde Hermosillo, Sonora. %\",\"breadcrumb\":{\"@id\":\"https:\/\/www.sonoraenequipo.com.mx\/lanza-cobach-feria-educativa-virtual-para-una-decision-inteligente\/#breadcrumb\"},\"inLanguage\":\"es\",\"potentialAction\":[{\"@type\":\"ReadAction\",\"target\":[\"https:\/\/www.sonoraenequipo.com.mx\/lanza-cobach-feria-educativa-virtual-para-una-decision-inteligente\/\"]}]},{\"@type\":\"ImageObject\",\"inLanguage\":\"es\",\"@id\":\"https:\/\/www.sonoraenequipo.com.mx\/lanza-cobach-feria-educativa-virtual-para-una-decision-inteligente\/#primaryimage\",\"url\":\"https:\/\/www.sonoraenequipo.com.mx\/storage\/2021\/02\/estudiantes-cobach1.jpg\",\"contentUrl\":\"https:\/\/www.sonoraenequipo.com.mx\/storage\/2021\/02\/estudiantes-cobach1.jpg\",\"width\":500,\"height\":333},{\"@type\":\"BreadcrumbList\",\"@id\":\"https:\/\/www.sonoraenequipo.com.mx\/lanza-cobach-feria-educativa-virtual-para-una-decision-inteligente\/#breadcrumb\",\"itemListElement\":[{\"@type\":\"ListItem\",\"position\":1,\"name\":\"Portada\",\"item\":\"https:\/\/www.sonoraenequipo.com.mx\/\"},{\"@type\":\"ListItem\",\"position\":2,\"name\":\"Lanza Cobach Feria Educativa Virtual para una decisi\u00f3n inteligente\"}]},{\"@type\":\"WebSite\",\"@id\":\"https:\/\/www.sonoraenequipo.com.mx\/#website\",\"url\":\"https:\/\/www.sonoraenequipo.com.mx\/\",\"name\":\"Sonora en Equipo.\",\"description\":\"Diario en l\u00ednea con Noticias desde Hermosillo, Sonora\",\"publisher\":{\"@id\":\"https:\/\/www.sonoraenequipo.com.mx\/#organization\"},\"potentialAction\":[{\"@type\":\"SearchAction\",\"target\":{\"@type\":\"EntryPoint\",\"urlTemplate\":\"https:\/\/www.sonoraenequipo.com.mx\/?s={search_term_string}\"},\"query-input\":{\"@type\":\"PropertyValueSpecification\",\"valueRequired\":true,\"valueName\":\"search_term_string\"}}],\"inLanguage\":\"es\"},{\"@type\":\"Organization\",\"@id\":\"https:\/\/www.sonoraenequipo.com.mx\/#organization\",\"name\":\"Sonoraenequipo.com.mx\",\"url\":\"https:\/\/www.sonoraenequipo.com.mx\/\",\"logo\":{\"@type\":\"ImageObject\",\"inLanguage\":\"es\",\"@id\":\"https:\/\/www.sonoraenequipo.com.mx\/#\/schema\/logo\/image\/\",\"url\":\"https:\/\/www.sonoraenequipo.com.mx\/storage\/2019\/01\/sonoraenequipo_opt.png\",\"contentUrl\":\"https:\/\/www.sonoraenequipo.com.mx\/storage\/2019\/01\/sonoraenequipo_opt.png\",\"width\":375,\"height\":125,\"caption\":\"Sonoraenequipo.com.mx\"},\"image\":{\"@id\":\"https:\/\/www.sonoraenequipo.com.mx\/#\/schema\/logo\/image\/\"},\"sameAs\":[\"https:\/\/www.facebook.com\/SonoraEE\/\",\"https:\/\/x.com\/sonoraenequipo\",\"https:\/\/www.youtube.com\/channel\/UC338nW-lPEYmJQs4ZABQ1SQ\"]},{\"@type\":\"Person\",\"@id\":\"https:\/\/www.sonoraenequipo.com.mx\/#\/schema\/person\/50102df0fb23a8fa9e8effad8fa81386\",\"name\":\"enequipo\",\"image\":{\"@type\":\"ImageObject\",\"inLanguage\":\"es\",\"@id\":\"https:\/\/www.sonoraenequipo.com.mx\/#\/schema\/person\/image\/\",\"url\":\"https:\/\/secure.gravatar.com\/avatar\/049821681b589dabc0bc20695993ccebb09f5b5d4d790cd9251b97faac7c652b?s=96&d=blank&r=g\",\"contentUrl\":\"https:\/\/secure.gravatar.com\/avatar\/049821681b589dabc0bc20695993ccebb09f5b5d4d790cd9251b97faac7c652b?s=96&d=blank&r=g\",\"caption\":\"enequipo\"},\"sameAs\":[\"https:\/\/www.facebook.com\/SonoraEE\"]}]}<\/script>\n ","yoast_head_json":{"title":"Sonora en Equipo. Lanza Cobach Feria Educativa Virtual para una decisi\u00f3n inteligente Sonora","description":"HERMOSILLO, SONORA,MX.\u2500\u2500 Con el objetivo de que los estudiantes que culminan su educaci\u00f3n media superior en el Colegio de Bachilleres de Sonora (Cobach), En Sonora en Equipo publicamos toda la informaci\u00f3n de Sonora, M\u00e9xico y el Mundo de manera oportuna y busca que la libertad de expresi\u00f3n sea real. Visita nuestro medio informativo publicado desde Hermosillo, Sonora. %","robots":{"index":"index","follow":"follow","max-snippet":"max-snippet:-1","max-image-preview":"max-image-preview:large","max-video-preview":"max-video-preview:-1"},"canonical":"https:\/\/www.sonoraenequipo.com.mx\/lanza-cobach-feria-educativa-virtual-para-una-decision-inteligente\/","og_locale":"es_ES","og_type":"article","og_title":"Sonora en Equipo. Lanza Cobach Feria Educativa Virtual para una decisi\u00f3n inteligente Sonora","og_description":"HERMOSILLO, SONORA,MX.\u2500\u2500 Con el objetivo de que los estudiantes que culminan su educaci\u00f3n media superior en el Colegio de Bachilleres de Sonora (Cobach), En Sonora en Equipo publicamos toda la informaci\u00f3n de Sonora, M\u00e9xico y el Mundo de manera oportuna y busca que la libertad de expresi\u00f3n sea real. Visita nuestro medio informativo publicado desde Hermosillo, Sonora. %","og_url":"https:\/\/www.sonoraenequipo.com.mx\/lanza-cobach-feria-educativa-virtual-para-una-decision-inteligente\/","og_site_name":"Sonora en Equipo.","article_publisher":"https:\/\/www.facebook.com\/SonoraEE\/","article_author":"https:\/\/www.facebook.com\/SonoraEE","article_published_time":"2021-02-16T19:31:10+00:00","og_image":[{"width":500,"height":333,"url":"https:\/\/www.sonoraenequipo.com.mx\/storage\/2021\/02\/estudiantes-cobach1.jpg","type":"image\/jpeg"}],"author":"enequipo","twitter_card":"summary_large_image","twitter_creator":"@sonoraenequipo","twitter_site":"@sonoraenequipo","twitter_misc":{"Escrito por":"enequipo","Tiempo de lectura":"2 minutos"},"schema":{"@context":"https:\/\/schema.org","@graph":[{"@type":"Article","@id":"https:\/\/www.sonoraenequipo.com.mx\/lanza-cobach-feria-educativa-virtual-para-una-decision-inteligente\/#article","isPartOf":{"@id":"https:\/\/www.sonoraenequipo.com.mx\/lanza-cobach-feria-educativa-virtual-para-una-decision-inteligente\/"},"author":{"name":"enequipo","@id":"https:\/\/www.sonoraenequipo.com.mx\/#\/schema\/person\/50102df0fb23a8fa9e8effad8fa81386"},"headline":"Lanza Cobach Feria Educativa Virtual para una decisi\u00f3n inteligente","datePublished":"2021-02-16T19:31:10+00:00","mainEntityOfPage":{"@id":"https:\/\/www.sonoraenequipo.com.mx\/lanza-cobach-feria-educativa-virtual-para-una-decision-inteligente\/"},"wordCount":409,"commentCount":0,"publisher":{"@id":"https:\/\/www.sonoraenequipo.com.mx\/#organization"},"image":{"@id":"https:\/\/www.sonoraenequipo.com.mx\/lanza-cobach-feria-educativa-virtual-para-una-decision-inteligente\/#primaryimage"},"thumbnailUrl":"https:\/\/www.sonoraenequipo.com.mx\/storage\/2021\/02\/estudiantes-cobach1.jpg","keywords":["COBACH","Sonora"],"articleSection":["Sonora"],"inLanguage":"es","potentialAction":[{"@type":"CommentAction","name":"Comment","target":["https:\/\/www.sonoraenequipo.com.mx\/lanza-cobach-feria-educativa-virtual-para-una-decision-inteligente\/#respond"]}]},{"@type":"WebPage","@id":"https:\/\/www.sonoraenequipo.com.mx\/lanza-cobach-feria-educativa-virtual-para-una-decision-inteligente\/","url":"https:\/\/www.sonoraenequipo.com.mx\/lanza-cobach-feria-educativa-virtual-para-una-decision-inteligente\/","name":"Sonora en Equipo. Lanza Cobach Feria Educativa Virtual para una decisi\u00f3n inteligente Sonora","isPartOf":{"@id":"https:\/\/www.sonoraenequipo.com.mx\/#website"},"primaryImageOfPage":{"@id":"https:\/\/www.sonoraenequipo.com.mx\/lanza-cobach-feria-educativa-virtual-para-una-decision-inteligente\/#primaryimage"},"image":{"@id":"https:\/\/www.sonoraenequipo.com.mx\/lanza-cobach-feria-educativa-virtual-para-una-decision-inteligente\/#primaryimage"},"thumbnailUrl":"https:\/\/www.sonoraenequipo.com.mx\/storage\/2021\/02\/estudiantes-cobach1.jpg","datePublished":"2021-02-16T19:31:10+00:00","description":"HERMOSILLO, SONORA,MX.\u2500\u2500 Con el objetivo de que los estudiantes que culminan su educaci\u00f3n media superior en el Colegio de Bachilleres de Sonora (Cobach), En Sonora en Equipo publicamos toda la informaci\u00f3n de Sonora, M\u00e9xico y el Mundo de manera oportuna y busca que la libertad de expresi\u00f3n sea real. Visita nuestro medio informativo publicado desde Hermosillo, Sonora. %","breadcrumb":{"@id":"https:\/\/www.sonoraenequipo.com.mx\/lanza-cobach-feria-educativa-virtual-para-una-decision-inteligente\/#breadcrumb"},"inLanguage":"es","potentialAction":[{"@type":"ReadAction","target":["https:\/\/www.sonoraenequipo.com.mx\/lanza-cobach-feria-educativa-virtual-para-una-decision-inteligente\/"]}]},{"@type":"ImageObject","inLanguage":"es","@id":"https:\/\/www.sonoraenequipo.com.mx\/lanza-cobach-feria-educativa-virtual-para-una-decision-inteligente\/#primaryimage","url":"https:\/\/www.sonoraenequipo.com.mx\/storage\/2021\/02\/estudiantes-cobach1.jpg","contentUrl":"https:\/\/www.sonoraenequipo.com.mx\/storage\/2021\/02\/estudiantes-cobach1.jpg","width":500,"height":333},{"@type":"BreadcrumbList","@id":"https:\/\/www.sonoraenequipo.com.mx\/lanza-cobach-feria-educativa-virtual-para-una-decision-inteligente\/#breadcrumb","itemListElement":[{"@type":"ListItem","position":1,"name":"Portada","item":"https:\/\/www.sonoraenequipo.com.mx\/"},{"@type":"ListItem","position":2,"name":"Lanza Cobach Feria Educativa Virtual para una decisi\u00f3n inteligente"}]},{"@type":"WebSite","@id":"https:\/\/www.sonoraenequipo.com.mx\/#website","url":"https:\/\/www.sonoraenequipo.com.mx\/","name":"Sonora en Equipo.","description":"Diario en l\u00ednea con Noticias desde Hermosillo, Sonora","publisher":{"@id":"https:\/\/www.sonoraenequipo.com.mx\/#organization"},"potentialAction":[{"@type":"SearchAction","target":{"@type":"EntryPoint","urlTemplate":"https:\/\/www.sonoraenequipo.com.mx\/?s={search_term_string}"},"query-input":{"@type":"PropertyValueSpecification","valueRequired":true,"valueName":"search_term_string"}}],"inLanguage":"es"},{"@type":"Organization","@id":"https:\/\/www.sonoraenequipo.com.mx\/#organization","name":"Sonoraenequipo.com.mx","url":"https:\/\/www.sonoraenequipo.com.mx\/","logo":{"@type":"ImageObject","inLanguage":"es","@id":"https:\/\/www.sonoraenequipo.com.mx\/#\/schema\/logo\/image\/","url":"https:\/\/www.sonoraenequipo.com.mx\/storage\/2019\/01\/sonoraenequipo_opt.png","contentUrl":"https:\/\/www.sonoraenequipo.com.mx\/storage\/2019\/01\/sonoraenequipo_opt.png","width":375,"height":125,"caption":"Sonoraenequipo.com.mx"},"image":{"@id":"https:\/\/www.sonoraenequipo.com.mx\/#\/schema\/logo\/image\/"},"sameAs":["https:\/\/www.facebook.com\/SonoraEE\/","https:\/\/x.com\/sonoraenequipo","https:\/\/www.youtube.com\/channel\/UC338nW-lPEYmJQs4ZABQ1SQ"]},{"@type":"Person","@id":"https:\/\/www.sonoraenequipo.com.mx\/#\/schema\/person\/50102df0fb23a8fa9e8effad8fa81386","name":"enequipo","image":{"@type":"ImageObject","inLanguage":"es","@id":"https:\/\/www.sonoraenequipo.com.mx\/#\/schema\/person\/image\/","url":"https:\/\/secure.gravatar.com\/avatar\/049821681b589dabc0bc20695993ccebb09f5b5d4d790cd9251b97faac7c652b?s=96&d=blank&r=g","contentUrl":"https:\/\/secure.gravatar.com\/avatar\/049821681b589dabc0bc20695993ccebb09f5b5d4d790cd9251b97faac7c652b?s=96&d=blank&r=g","caption":"enequipo"},"sameAs":["https:\/\/www.facebook.com\/SonoraEE"]}]}},"jetpack_featured_media_url":"https:\/\/www.sonoraenequipo.com.mx\/storage\/2021\/02\/estudiantes-cobach1.jpg","_links":{"self":[{"href":"https:\/\/www.sonoraenequipo.com.mx\/api\/wp\/v2\/posts\/107131","targetHints":{"allow":["GET"]}}],"collection":[{"href":"https:\/\/www.sonoraenequipo.com.mx\/api\/wp\/v2\/posts"}],"about":[{"href":"https:\/\/www.sonoraenequipo.com.mx\/api\/wp\/v2\/types\/post"}],"author":[{"embeddable":true,"href":"https:\/\/www.sonoraenequipo.com.mx\/api\/wp\/v2\/users\/1"}],"replies":[{"embeddable":true,"href":"https:\/\/www.sonoraenequipo.com.mx\/api\/wp\/v2\/comments?post=107131"}],"version-history":[{"count":1,"href":"https:\/\/www.sonoraenequipo.com.mx\/api\/wp\/v2\/posts\/107131\/revisions"}],"predecessor-version":[{"id":107132,"href":"https:\/\/www.sonoraenequipo.com.mx\/api\/wp\/v2\/posts\/107131\/revisions\/107132"}],"wp:featuredmedia":[{"embeddable":true,"href":"https:\/\/www.sonoraenequipo.com.mx\/api\/wp\/v2\/media\/105999"}],"wp:attachment":[{"href":"https:\/\/www.sonoraenequipo.com.mx\/api\/wp\/v2\/media?parent=107131"}],"wp:term":[{"taxonomy":"category","embeddable":true,"href":"https:\/\/www.sonoraenequipo.com.mx\/api\/wp\/v2\/categories?post=107131"},{"taxonomy":"post_tag","embeddable":true,"href":"https:\/\/www.sonoraenequipo.com.mx\/api\/wp\/v2\/tags?post=107131"}],"curies":[{"name":"wp","href":"https:\/\/api.w.org\/{rel}","templated":true}]}}