{"id":107137,"date":"2021-02-16T14:17:16","date_gmt":"2021-02-16T21:17:16","guid":{"rendered":"https:\/\/www.sonoraenequipo.com.mx\/?p=107137"},"modified":"2021-02-16T14:17:16","modified_gmt":"2021-02-16T21:17:16","slug":"supervisa-gobernadora-aplicacion-de-vacuna-contra-covid-19-en-pesqueira","status":"publish","type":"post","link":"https:\/\/www.sonoraenequipo.com.mx\/supervisa-gobernadora-aplicacion-de-vacuna-contra-covid-19-en-pesqueira\/","title":{"rendered":"Supervisa Gobernadora aplicaci\u00f3n de vacuna contra COVID-19 en Pesqueira"},"content":{"rendered":"<p><strong>\u25baEntrega apoyos y becas en San Miguel de Horcasitas<\/strong><\/p>\n<p>SAN MIGUEL DE HORCASITAS, SONORA,MX.\u2500La vacuna contra el COVID-19 en adultos mayores en Sonora contin\u00faa y es una nueva esperanza para todos, asegur\u00f3 la gobernadora Claudia Pavlovich Arellano al supervisar en Estaci\u00f3n Pesqueira, comisar\u00eda de San Miguel de Horcasitas, la aplicaci\u00f3n de la vacuna a 796 personas de m\u00e1s de 60 a\u00f1os que recibir\u00e1n su primera dosis.<\/p>\n<p>&nbsp;<\/p>\n<p>Acompa\u00f1ada del presidente municipal Joaqu\u00edn Mungu\u00eda Coronado, la mandataria estatal arrib\u00f3 al Centro de Salud Rural, donde se est\u00e1 llevando a cabo la aplicaci\u00f3n de las 796 dosis para adultos mayores de esta localidad.<\/p>\n<p>&nbsp;<\/p>\n<p>La gobernadora Pavlovich record\u00f3 que desde este lunes se est\u00e1n aplicando las primeras 20 mil 620 dosis de la vacuna de AstraZeneca para adultos mayores en 52 localidades de los 45 municipios con menor poblaci\u00f3n de Sonora.<\/p>\n<p>&nbsp;<\/p>\n<p>\u201cEstoy contenta de que reciban esta vacuna en Estaci\u00f3n Pesqueira, es una comunidad a la que yo aprecio mucho; lo importante es que ya van a ser vacunados, es la primera dosis, recu\u00e9rdenlo, falta la segunda dosis que ustedes van a tener\u201d, coment\u00f3.<\/p>\n<p>&nbsp;<\/p>\n<p>La mandataria estatal agradeci\u00f3 a enfermeras y m\u00e9dicos de este Centro de Salud Rural y de toda la entidad, su dedicaci\u00f3n y esfuerzo, porque han sido los h\u00e9roes en esta batalla contra el COVID-19; tambi\u00e9n al delegado del IMSS en Sonora, Edgar Jes\u00fas Zitle Garc\u00eda, y al comandante de la Cuarta Zona Militar, general Jorge Ambia Minero, por estar al pendiente y custodiando que las vacunas lleguen a todas las regiones de la entidad.<\/p>\n<p>&nbsp;<\/p>\n<p>Junto a Jos\u00e9 Ricardo Espinoza Castro, subsecretario M\u00e9dico de la Secretar\u00eda de Salud, la gobernadora Pavlovich, pidi\u00f3 a los adultos mayores estar atentos y acudir al Centro de Salud si presentan alg\u00fan s\u00edntoma antes o alguna reacci\u00f3n fuerte despu\u00e9s de recibir su vacuna, para que sean atendidos a la brevedad y llam\u00f3 a seguir cuid\u00e1ndose aun cuando ya hayan recibido la vacuna contra COVID-19.<\/p>\n<p>&nbsp;<\/p>\n<p>Como parte de esta gira de trabajo, la gobernadora Claudia Pavlovich entreg\u00f3, acompa\u00f1ada de Yazmina Anaya Camargo, directora general del Instituto de Becas y Cr\u00e9dito Educativo, 702 becas y est\u00edmulos educativos, a estudiantes de primaria y secundaria del municipio; adem\u00e1s, 60 becas de capacitaci\u00f3n para el trabajo por parte del Instituto de Capacitaci\u00f3n para el Trabajo del Estado de Sonora (Icatson).<\/p>\n<p>&nbsp;<\/p>\n<p>Por parte de DIF Sonora, entreg\u00f3 200 cobijas para mitigar el fr\u00edo, y sillas de ruedas para personas que las requieran.<\/p>\n<p>&nbsp;<\/p>\n<p>A nombre de los estudiantes que recibieron su beca o est\u00edmulo educativo, Dulce Fernanda, estudiante de la Telesecundaria 61 de San Miguel de Horcasitas, agradeci\u00f3 a la gobernadora por este est\u00edmulo econ\u00f3mico.<\/p>\n<p>&nbsp;<\/p>\n<p>\u201cQuiero agradecer el apoyo que nos ha dado la gobernadora Claudia Pavlovich con las becas que nos ayudan a salir adelante, que es importante para todas las familias de nuestro estado, muchas gracias\u201d, expres\u00f3.<\/p>\n<p>Fecha de publicaci\u00f3n\u00a0 martes 16\/feb\/2021<\/p>\n","protected":false},"excerpt":{"rendered":"<p>\u25baEntrega apoyos y becas en San Miguel de Horcasitas SAN MIGUEL DE HORCASITAS, SONORA,MX.\u2500La vacuna&#8230;<\/p>\n","protected":false},"author":1,"featured_media":107138,"comment_status":"open","ping_status":"open","sticky":false,"template":"","format":"standard","meta":{"_monsterinsights_skip_tracking":false,"_monsterinsights_sitenote_active":false,"_monsterinsights_sitenote_note":"","_monsterinsights_sitenote_category":0,"footnotes":""},"categories":[22],"tags":[4418,4249,15],"class_list":["post"],"yoast_head":" \n<title>Sonora en Equipo. Supervisa Gobernadora aplicaci\u00f3n de vacuna contra COVID-19 en Pesqueira Sonora<\/title>\n<meta name=\"description\" content=\"\u25baEntrega apoyos y becas en San Miguel de Horcasitas SAN MIGUEL DE HORCASITAS, SONORA,MX.\u2500La vacuna contra el COVID-19 en adultos mayores en Sonora En Sonora en Equipo publicamos toda la informaci\u00f3n de Sonora, M\u00e9xico y el Mundo de manera oportuna y busca que la libertad de expresi\u00f3n sea real. Visita nuestro medio informativo publicado desde Hermosillo, Sonora. %\" \/>\n<meta name=\"robots\" content=\"index, follow, max-snippet:-1, max-image-preview:large, max-video-preview:-1\" \/>\n<link rel=\"canonical\" href=\"https:\/\/www.sonoraenequipo.com.mx\/supervisa-gobernadora-aplicacion-de-vacuna-contra-covid-19-en-pesqueira\/\" \/>\n<meta property=\"og:locale\" content=\"es_ES\" \/>\n<meta property=\"og:type\" content=\"article\" \/>\n<meta property=\"og:title\" content=\"Sonora en Equipo. Supervisa Gobernadora aplicaci\u00f3n de vacuna contra COVID-19 en Pesqueira Sonora\" \/>\n<meta property=\"og:description\" content=\"\u25baEntrega apoyos y becas en San Miguel de Horcasitas SAN MIGUEL DE HORCASITAS, SONORA,MX.\u2500La vacuna contra el COVID-19 en adultos mayores en Sonora En Sonora en Equipo publicamos toda la informaci\u00f3n de Sonora, M\u00e9xico y el Mundo de manera oportuna y busca que la libertad de expresi\u00f3n sea real. Visita nuestro medio informativo publicado desde Hermosillo, Sonora. %\" \/>\n<meta property=\"og:url\" content=\"https:\/\/www.sonoraenequipo.com.mx\/supervisa-gobernadora-aplicacion-de-vacuna-contra-covid-19-en-pesqueira\/\" \/>\n<meta property=\"og:site_name\" content=\"Sonora en Equipo.\" \/>\n<meta property=\"article:publisher\" content=\"https:\/\/www.facebook.com\/SonoraEE\/\" \/>\n<meta property=\"article:author\" content=\"https:\/\/www.facebook.com\/SonoraEE\" \/>\n<meta property=\"article:published_time\" content=\"2021-02-16T21:17:16+00:00\" \/>\n<meta property=\"og:image\" content=\"https:\/\/www.sonoraenequipo.com.mx\/storage\/2021\/02\/cpa160221.jpg\" \/>\n\t<meta property=\"og:image:width\" content=\"500\" \/>\n\t<meta property=\"og:image:height\" content=\"300\" \/>\n\t<meta property=\"og:image:type\" content=\"image\/jpeg\" \/>\n<meta name=\"author\" content=\"enequipo\" \/>\n<meta name=\"twitter:card\" content=\"summary_large_image\" \/>\n<meta name=\"twitter:creator\" content=\"@sonoraenequipo\" \/>\n<meta name=\"twitter:site\" content=\"@sonoraenequipo\" \/>\n<meta name=\"twitter:label1\" content=\"Escrito por\" \/>\n\t<meta name=\"twitter:data1\" content=\"enequipo\" \/>\n\t<meta name=\"twitter:label2\" content=\"Tiempo de lectura\" \/>\n\t<meta name=\"twitter:data2\" content=\"3 minutos\" \/>\n<script type=\"application\/ld+json\" class=\"yoast-schema-graph\">{\"@context\":\"https:\/\/schema.org\",\"@graph\":[{\"@type\":\"Article\",\"@id\":\"https:\/\/www.sonoraenequipo.com.mx\/supervisa-gobernadora-aplicacion-de-vacuna-contra-covid-19-en-pesqueira\/#article\",\"isPartOf\":{\"@id\":\"https:\/\/www.sonoraenequipo.com.mx\/supervisa-gobernadora-aplicacion-de-vacuna-contra-covid-19-en-pesqueira\/\"},\"author\":{\"name\":\"enequipo\",\"@id\":\"https:\/\/www.sonoraenequipo.com.mx\/#\/schema\/person\/50102df0fb23a8fa9e8effad8fa81386\"},\"headline\":\"Supervisa Gobernadora aplicaci\u00f3n de vacuna contra COVID-19 en Pesqueira\",\"datePublished\":\"2021-02-16T21:17:16+00:00\",\"mainEntityOfPage\":{\"@id\":\"https:\/\/www.sonoraenequipo.com.mx\/supervisa-gobernadora-aplicacion-de-vacuna-contra-covid-19-en-pesqueira\/\"},\"wordCount\":520,\"commentCount\":0,\"publisher\":{\"@id\":\"https:\/\/www.sonoraenequipo.com.mx\/#organization\"},\"image\":{\"@id\":\"https:\/\/www.sonoraenequipo.com.mx\/supervisa-gobernadora-aplicacion-de-vacuna-contra-covid-19-en-pesqueira\/#primaryimage\"},\"thumbnailUrl\":\"https:\/\/www.sonoraenequipo.com.mx\/storage\/2021\/02\/cpa160221.jpg\",\"keywords\":[\"claudiapavlovich\",\"covid\",\"Sonora\"],\"articleSection\":[\"Sonora\"],\"inLanguage\":\"es\",\"potentialAction\":[{\"@type\":\"CommentAction\",\"name\":\"Comment\",\"target\":[\"https:\/\/www.sonoraenequipo.com.mx\/supervisa-gobernadora-aplicacion-de-vacuna-contra-covid-19-en-pesqueira\/#respond\"]}]},{\"@type\":\"WebPage\",\"@id\":\"https:\/\/www.sonoraenequipo.com.mx\/supervisa-gobernadora-aplicacion-de-vacuna-contra-covid-19-en-pesqueira\/\",\"url\":\"https:\/\/www.sonoraenequipo.com.mx\/supervisa-gobernadora-aplicacion-de-vacuna-contra-covid-19-en-pesqueira\/\",\"name\":\"Sonora en Equipo. Supervisa Gobernadora aplicaci\u00f3n de vacuna contra COVID-19 en Pesqueira Sonora\",\"isPartOf\":{\"@id\":\"https:\/\/www.sonoraenequipo.com.mx\/#website\"},\"primaryImageOfPage\":{\"@id\":\"https:\/\/www.sonoraenequipo.com.mx\/supervisa-gobernadora-aplicacion-de-vacuna-contra-covid-19-en-pesqueira\/#primaryimage\"},\"image\":{\"@id\":\"https:\/\/www.sonoraenequipo.com.mx\/supervisa-gobernadora-aplicacion-de-vacuna-contra-covid-19-en-pesqueira\/#primaryimage\"},\"thumbnailUrl\":\"https:\/\/www.sonoraenequipo.com.mx\/storage\/2021\/02\/cpa160221.jpg\",\"datePublished\":\"2021-02-16T21:17:16+00:00\",\"description\":\"\u25baEntrega apoyos y becas en San Miguel de Horcasitas SAN MIGUEL DE HORCASITAS, SONORA,MX.\u2500La vacuna contra el COVID-19 en adultos mayores en Sonora En Sonora en Equipo publicamos toda la informaci\u00f3n de Sonora, M\u00e9xico y el Mundo de manera oportuna y busca que la libertad de expresi\u00f3n sea real. Visita nuestro medio informativo publicado desde Hermosillo, Sonora. %\",\"breadcrumb\":{\"@id\":\"https:\/\/www.sonoraenequipo.com.mx\/supervisa-gobernadora-aplicacion-de-vacuna-contra-covid-19-en-pesqueira\/#breadcrumb\"},\"inLanguage\":\"es\",\"potentialAction\":[{\"@type\":\"ReadAction\",\"target\":[\"https:\/\/www.sonoraenequipo.com.mx\/supervisa-gobernadora-aplicacion-de-vacuna-contra-covid-19-en-pesqueira\/\"]}]},{\"@type\":\"ImageObject\",\"inLanguage\":\"es\",\"@id\":\"https:\/\/www.sonoraenequipo.com.mx\/supervisa-gobernadora-aplicacion-de-vacuna-contra-covid-19-en-pesqueira\/#primaryimage\",\"url\":\"https:\/\/www.sonoraenequipo.com.mx\/storage\/2021\/02\/cpa160221.jpg\",\"contentUrl\":\"https:\/\/www.sonoraenequipo.com.mx\/storage\/2021\/02\/cpa160221.jpg\",\"width\":500,\"height\":300},{\"@type\":\"BreadcrumbList\",\"@id\":\"https:\/\/www.sonoraenequipo.com.mx\/supervisa-gobernadora-aplicacion-de-vacuna-contra-covid-19-en-pesqueira\/#breadcrumb\",\"itemListElement\":[{\"@type\":\"ListItem\",\"position\":1,\"name\":\"Portada\",\"item\":\"https:\/\/www.sonoraenequipo.com.mx\/\"},{\"@type\":\"ListItem\",\"position\":2,\"name\":\"Supervisa Gobernadora aplicaci\u00f3n de vacuna contra COVID-19 en Pesqueira\"}]},{\"@type\":\"WebSite\",\"@id\":\"https:\/\/www.sonoraenequipo.com.mx\/#website\",\"url\":\"https:\/\/www.sonoraenequipo.com.mx\/\",\"name\":\"Sonora en Equipo.\",\"description\":\"Diario en l\u00ednea con Noticias desde Hermosillo, Sonora\",\"publisher\":{\"@id\":\"https:\/\/www.sonoraenequipo.com.mx\/#organization\"},\"potentialAction\":[{\"@type\":\"SearchAction\",\"target\":{\"@type\":\"EntryPoint\",\"urlTemplate\":\"https:\/\/www.sonoraenequipo.com.mx\/?s={search_term_string}\"},\"query-input\":{\"@type\":\"PropertyValueSpecification\",\"valueRequired\":true,\"valueName\":\"search_term_string\"}}],\"inLanguage\":\"es\"},{\"@type\":\"Organization\",\"@id\":\"https:\/\/www.sonoraenequipo.com.mx\/#organization\",\"name\":\"Sonoraenequipo.com.mx\",\"url\":\"https:\/\/www.sonoraenequipo.com.mx\/\",\"logo\":{\"@type\":\"ImageObject\",\"inLanguage\":\"es\",\"@id\":\"https:\/\/www.sonoraenequipo.com.mx\/#\/schema\/logo\/image\/\",\"url\":\"https:\/\/www.sonoraenequipo.com.mx\/storage\/2019\/01\/sonoraenequipo_opt.png\",\"contentUrl\":\"https:\/\/www.sonoraenequipo.com.mx\/storage\/2019\/01\/sonoraenequipo_opt.png\",\"width\":375,\"height\":125,\"caption\":\"Sonoraenequipo.com.mx\"},\"image\":{\"@id\":\"https:\/\/www.sonoraenequipo.com.mx\/#\/schema\/logo\/image\/\"},\"sameAs\":[\"https:\/\/www.facebook.com\/SonoraEE\/\",\"https:\/\/x.com\/sonoraenequipo\",\"https:\/\/www.youtube.com\/channel\/UC338nW-lPEYmJQs4ZABQ1SQ\"]},{\"@type\":\"Person\",\"@id\":\"https:\/\/www.sonoraenequipo.com.mx\/#\/schema\/person\/50102df0fb23a8fa9e8effad8fa81386\",\"name\":\"enequipo\",\"image\":{\"@type\":\"ImageObject\",\"inLanguage\":\"es\",\"@id\":\"https:\/\/www.sonoraenequipo.com.mx\/#\/schema\/person\/image\/\",\"url\":\"https:\/\/secure.gravatar.com\/avatar\/049821681b589dabc0bc20695993ccebb09f5b5d4d790cd9251b97faac7c652b?s=96&d=blank&r=g\",\"contentUrl\":\"https:\/\/secure.gravatar.com\/avatar\/049821681b589dabc0bc20695993ccebb09f5b5d4d790cd9251b97faac7c652b?s=96&d=blank&r=g\",\"caption\":\"enequipo\"},\"sameAs\":[\"https:\/\/www.facebook.com\/SonoraEE\"]}]}<\/script>\n ","yoast_head_json":{"title":"Sonora en Equipo. Supervisa Gobernadora aplicaci\u00f3n de vacuna contra COVID-19 en Pesqueira Sonora","description":"\u25baEntrega apoyos y becas en San Miguel de Horcasitas SAN MIGUEL DE HORCASITAS, SONORA,MX.\u2500La vacuna contra el COVID-19 en adultos mayores en Sonora En Sonora en Equipo publicamos toda la informaci\u00f3n de Sonora, M\u00e9xico y el Mundo de manera oportuna y busca que la libertad de expresi\u00f3n sea real. Visita nuestro medio informativo publicado desde Hermosillo, Sonora. %","robots":{"index":"index","follow":"follow","max-snippet":"max-snippet:-1","max-image-preview":"max-image-preview:large","max-video-preview":"max-video-preview:-1"},"canonical":"https:\/\/www.sonoraenequipo.com.mx\/supervisa-gobernadora-aplicacion-de-vacuna-contra-covid-19-en-pesqueira\/","og_locale":"es_ES","og_type":"article","og_title":"Sonora en Equipo. Supervisa Gobernadora aplicaci\u00f3n de vacuna contra COVID-19 en Pesqueira Sonora","og_description":"\u25baEntrega apoyos y becas en San Miguel de Horcasitas SAN MIGUEL DE HORCASITAS, SONORA,MX.\u2500La vacuna contra el COVID-19 en adultos mayores en Sonora En Sonora en Equipo publicamos toda la informaci\u00f3n de Sonora, M\u00e9xico y el Mundo de manera oportuna y busca que la libertad de expresi\u00f3n sea real. Visita nuestro medio informativo publicado desde Hermosillo, Sonora. %","og_url":"https:\/\/www.sonoraenequipo.com.mx\/supervisa-gobernadora-aplicacion-de-vacuna-contra-covid-19-en-pesqueira\/","og_site_name":"Sonora en Equipo.","article_publisher":"https:\/\/www.facebook.com\/SonoraEE\/","article_author":"https:\/\/www.facebook.com\/SonoraEE","article_published_time":"2021-02-16T21:17:16+00:00","og_image":[{"width":500,"height":300,"url":"https:\/\/www.sonoraenequipo.com.mx\/storage\/2021\/02\/cpa160221.jpg","type":"image\/jpeg"}],"author":"enequipo","twitter_card":"summary_large_image","twitter_creator":"@sonoraenequipo","twitter_site":"@sonoraenequipo","twitter_misc":{"Escrito por":"enequipo","Tiempo de lectura":"3 minutos"},"schema":{"@context":"https:\/\/schema.org","@graph":[{"@type":"Article","@id":"https:\/\/www.sonoraenequipo.com.mx\/supervisa-gobernadora-aplicacion-de-vacuna-contra-covid-19-en-pesqueira\/#article","isPartOf":{"@id":"https:\/\/www.sonoraenequipo.com.mx\/supervisa-gobernadora-aplicacion-de-vacuna-contra-covid-19-en-pesqueira\/"},"author":{"name":"enequipo","@id":"https:\/\/www.sonoraenequipo.com.mx\/#\/schema\/person\/50102df0fb23a8fa9e8effad8fa81386"},"headline":"Supervisa Gobernadora aplicaci\u00f3n de vacuna contra COVID-19 en Pesqueira","datePublished":"2021-02-16T21:17:16+00:00","mainEntityOfPage":{"@id":"https:\/\/www.sonoraenequipo.com.mx\/supervisa-gobernadora-aplicacion-de-vacuna-contra-covid-19-en-pesqueira\/"},"wordCount":520,"commentCount":0,"publisher":{"@id":"https:\/\/www.sonoraenequipo.com.mx\/#organization"},"image":{"@id":"https:\/\/www.sonoraenequipo.com.mx\/supervisa-gobernadora-aplicacion-de-vacuna-contra-covid-19-en-pesqueira\/#primaryimage"},"thumbnailUrl":"https:\/\/www.sonoraenequipo.com.mx\/storage\/2021\/02\/cpa160221.jpg","keywords":["claudiapavlovich","covid","Sonora"],"articleSection":["Sonora"],"inLanguage":"es","potentialAction":[{"@type":"CommentAction","name":"Comment","target":["https:\/\/www.sonoraenequipo.com.mx\/supervisa-gobernadora-aplicacion-de-vacuna-contra-covid-19-en-pesqueira\/#respond"]}]},{"@type":"WebPage","@id":"https:\/\/www.sonoraenequipo.com.mx\/supervisa-gobernadora-aplicacion-de-vacuna-contra-covid-19-en-pesqueira\/","url":"https:\/\/www.sonoraenequipo.com.mx\/supervisa-gobernadora-aplicacion-de-vacuna-contra-covid-19-en-pesqueira\/","name":"Sonora en Equipo. Supervisa Gobernadora aplicaci\u00f3n de vacuna contra COVID-19 en Pesqueira Sonora","isPartOf":{"@id":"https:\/\/www.sonoraenequipo.com.mx\/#website"},"primaryImageOfPage":{"@id":"https:\/\/www.sonoraenequipo.com.mx\/supervisa-gobernadora-aplicacion-de-vacuna-contra-covid-19-en-pesqueira\/#primaryimage"},"image":{"@id":"https:\/\/www.sonoraenequipo.com.mx\/supervisa-gobernadora-aplicacion-de-vacuna-contra-covid-19-en-pesqueira\/#primaryimage"},"thumbnailUrl":"https:\/\/www.sonoraenequipo.com.mx\/storage\/2021\/02\/cpa160221.jpg","datePublished":"2021-02-16T21:17:16+00:00","description":"\u25baEntrega apoyos y becas en San Miguel de Horcasitas SAN MIGUEL DE HORCASITAS, SONORA,MX.\u2500La vacuna contra el COVID-19 en adultos mayores en Sonora En Sonora en Equipo publicamos toda la informaci\u00f3n de Sonora, M\u00e9xico y el Mundo de manera oportuna y busca que la libertad de expresi\u00f3n sea real. Visita nuestro medio informativo publicado desde Hermosillo, Sonora. %","breadcrumb":{"@id":"https:\/\/www.sonoraenequipo.com.mx\/supervisa-gobernadora-aplicacion-de-vacuna-contra-covid-19-en-pesqueira\/#breadcrumb"},"inLanguage":"es","potentialAction":[{"@type":"ReadAction","target":["https:\/\/www.sonoraenequipo.com.mx\/supervisa-gobernadora-aplicacion-de-vacuna-contra-covid-19-en-pesqueira\/"]}]},{"@type":"ImageObject","inLanguage":"es","@id":"https:\/\/www.sonoraenequipo.com.mx\/supervisa-gobernadora-aplicacion-de-vacuna-contra-covid-19-en-pesqueira\/#primaryimage","url":"https:\/\/www.sonoraenequipo.com.mx\/storage\/2021\/02\/cpa160221.jpg","contentUrl":"https:\/\/www.sonoraenequipo.com.mx\/storage\/2021\/02\/cpa160221.jpg","width":500,"height":300},{"@type":"BreadcrumbList","@id":"https:\/\/www.sonoraenequipo.com.mx\/supervisa-gobernadora-aplicacion-de-vacuna-contra-covid-19-en-pesqueira\/#breadcrumb","itemListElement":[{"@type":"ListItem","position":1,"name":"Portada","item":"https:\/\/www.sonoraenequipo.com.mx\/"},{"@type":"ListItem","position":2,"name":"Supervisa Gobernadora aplicaci\u00f3n de vacuna contra COVID-19 en Pesqueira"}]},{"@type":"WebSite","@id":"https:\/\/www.sonoraenequipo.com.mx\/#website","url":"https:\/\/www.sonoraenequipo.com.mx\/","name":"Sonora en Equipo.","description":"Diario en l\u00ednea con Noticias desde Hermosillo, Sonora","publisher":{"@id":"https:\/\/www.sonoraenequipo.com.mx\/#organization"},"potentialAction":[{"@type":"SearchAction","target":{"@type":"EntryPoint","urlTemplate":"https:\/\/www.sonoraenequipo.com.mx\/?s={search_term_string}"},"query-input":{"@type":"PropertyValueSpecification","valueRequired":true,"valueName":"search_term_string"}}],"inLanguage":"es"},{"@type":"Organization","@id":"https:\/\/www.sonoraenequipo.com.mx\/#organization","name":"Sonoraenequipo.com.mx","url":"https:\/\/www.sonoraenequipo.com.mx\/","logo":{"@type":"ImageObject","inLanguage":"es","@id":"https:\/\/www.sonoraenequipo.com.mx\/#\/schema\/logo\/image\/","url":"https:\/\/www.sonoraenequipo.com.mx\/storage\/2019\/01\/sonoraenequipo_opt.png","contentUrl":"https:\/\/www.sonoraenequipo.com.mx\/storage\/2019\/01\/sonoraenequipo_opt.png","width":375,"height":125,"caption":"Sonoraenequipo.com.mx"},"image":{"@id":"https:\/\/www.sonoraenequipo.com.mx\/#\/schema\/logo\/image\/"},"sameAs":["https:\/\/www.facebook.com\/SonoraEE\/","https:\/\/x.com\/sonoraenequipo","https:\/\/www.youtube.com\/channel\/UC338nW-lPEYmJQs4ZABQ1SQ"]},{"@type":"Person","@id":"https:\/\/www.sonoraenequipo.com.mx\/#\/schema\/person\/50102df0fb23a8fa9e8effad8fa81386","name":"enequipo","image":{"@type":"ImageObject","inLanguage":"es","@id":"https:\/\/www.sonoraenequipo.com.mx\/#\/schema\/person\/image\/","url":"https:\/\/secure.gravatar.com\/avatar\/049821681b589dabc0bc20695993ccebb09f5b5d4d790cd9251b97faac7c652b?s=96&d=blank&r=g","contentUrl":"https:\/\/secure.gravatar.com\/avatar\/049821681b589dabc0bc20695993ccebb09f5b5d4d790cd9251b97faac7c652b?s=96&d=blank&r=g","caption":"enequipo"},"sameAs":["https:\/\/www.facebook.com\/SonoraEE"]}]}},"jetpack_featured_media_url":"https:\/\/www.sonoraenequipo.com.mx\/storage\/2021\/02\/cpa160221.jpg","_links":{"self":[{"href":"https:\/\/www.sonoraenequipo.com.mx\/api\/wp\/v2\/posts\/107137","targetHints":{"allow":["GET"]}}],"collection":[{"href":"https:\/\/www.sonoraenequipo.com.mx\/api\/wp\/v2\/posts"}],"about":[{"href":"https:\/\/www.sonoraenequipo.com.mx\/api\/wp\/v2\/types\/post"}],"author":[{"embeddable":true,"href":"https:\/\/www.sonoraenequipo.com.mx\/api\/wp\/v2\/users\/1"}],"replies":[{"embeddable":true,"href":"https:\/\/www.sonoraenequipo.com.mx\/api\/wp\/v2\/comments?post=107137"}],"version-history":[{"count":1,"href":"https:\/\/www.sonoraenequipo.com.mx\/api\/wp\/v2\/posts\/107137\/revisions"}],"predecessor-version":[{"id":107139,"href":"https:\/\/www.sonoraenequipo.com.mx\/api\/wp\/v2\/posts\/107137\/revisions\/107139"}],"wp:featuredmedia":[{"embeddable":true,"href":"https:\/\/www.sonoraenequipo.com.mx\/api\/wp\/v2\/media\/107138"}],"wp:attachment":[{"href":"https:\/\/www.sonoraenequipo.com.mx\/api\/wp\/v2\/media?parent=107137"}],"wp:term":[{"taxonomy":"category","embeddable":true,"href":"https:\/\/www.sonoraenequipo.com.mx\/api\/wp\/v2\/categories?post=107137"},{"taxonomy":"post_tag","embeddable":true,"href":"https:\/\/www.sonoraenequipo.com.mx\/api\/wp\/v2\/tags?post=107137"}],"curies":[{"name":"wp","href":"https:\/\/api.w.org\/{rel}","templated":true}]}}