{"id":107140,"date":"2021-02-16T15:31:02","date_gmt":"2021-02-16T22:31:02","guid":{"rendered":"https:\/\/www.sonoraenequipo.com.mx\/?p=107140"},"modified":"2021-02-16T15:31:02","modified_gmt":"2021-02-16T22:31:02","slug":"sigue-busqueda-de-casos-de-coronavirus-con-jornadas-anticipa","status":"publish","type":"post","link":"https:\/\/www.sonoraenequipo.com.mx\/sigue-busqueda-de-casos-de-coronavirus-con-jornadas-anticipa\/","title":{"rendered":"Sigue b\u00fasqueda de casos de Coronavirus con Jornadas Anticipa"},"content":{"rendered":"<p>&nbsp;<\/p>\n<p>&nbsp;<\/p>\n<p><strong>\u25ba 18 Unidades Anticipa siguen en funciones para personas sospechosas al virus<\/strong><\/p>\n<p>HERMOSILLO, SONORA,MX.\u2500\u2500 Con la finalidad de detectar de forma temprana casos de COVID-19 y evitar que la salud de estas personas se complique, continuar\u00e1n las Jornadas Anticipa detectoras del virus en Hermosillo, inform\u00f3 Enrique Clausen Iberri.<\/p>\n<p>&nbsp;<\/p>\n<p>El secretario de Salud explic\u00f3 que las Jornadas Anticipa ofrecen a toda la poblaci\u00f3n, con y sin derechohabiencia consulta m\u00e9dica, prueba de ant\u00edgenos y tratamiento contra el COVID-19 en las colonias catalogadas como Zona Cero, es decir, de mayor riesgo de contagio.<\/p>\n<p>&nbsp;<\/p>\n<p>\u2018\u2019El llamado a todas aquellas personas que no puedan acudir a alguna de nuestras Unidades Anticipa es acercarse a las Jornadas Anticipa que se seguir\u00e1n realizando en las colonias que m\u00e1s riesgo de contagio presentan\u2019\u2019, explic\u00f3.<\/p>\n<p>&nbsp;<\/p>\n<p>Puntualiz\u00f3 que este martes 16 de febrero est\u00e1n hasta las 14:00 horas en el parque local de la Colonia San Diego, ubicado en avenida M\u00e1rtires de Cananea esquina con de la Aurora.<\/p>\n<p>&nbsp;<\/p>\n<p>Agreg\u00f3 que el mi\u00e9rcoles 17 de febrero las Jornadas Anticipa estar\u00e1 en la colonia Palo Verde en las calles Hilario Olea esquina con Emiliano Zapata, a las afueras de la Parroquia de Santo Ni\u00f1o de Atocha en un horario de 9:00 A.M a 14:00 P.M.<\/p>\n<p>&nbsp;<\/p>\n<p>El jueves 18 de febrero de 9:00 A.M a 14:00 P.M, continu\u00f3, se visitar\u00e1 la colonia Puerta Real en su parque infantil ubicado en Paseo Reyes Cat\u00f3licos, frente de oficina de ventas.<\/p>\n<p>&nbsp;<\/p>\n<p>Clausen Iberri extern\u00f3 que el viernes 19 de febrero de 9:00 A.M a 14:00 P.M estar\u00e1n en la colonia Las Lomas por las calles Real del Parque y bulevar Las Lomas, frente al parque y en horario de 14:30 P.M a 18:30 P.M en la Nuevo Hermosillo en Godorniz oriente esquina con Godorniz poniente en el parque local.<\/p>\n<p>&nbsp;<\/p>\n<p>El funcionario estatal reiter\u00f3 el llamado a la poblaci\u00f3n a acudir por atenci\u00f3n m\u00e9dica al primer s\u00edntoma de tos, fiebre, dolor de cabeza y garganta, malestar general, as\u00ed como p\u00e9rdida del gusto u olfato.<\/p>\n<p>Fecha de publicaci\u00f3n\u00a0 martes 16\/feb\/2021<\/p>\n","protected":false},"excerpt":{"rendered":"<p>&nbsp; &nbsp; \u25ba 18 Unidades Anticipa siguen en funciones para personas sospechosas al virus HERMOSILLO,&#8230;<\/p>\n","protected":false},"author":1,"featured_media":107141,"comment_status":"open","ping_status":"open","sticky":false,"template":"","format":"standard","meta":{"_monsterinsights_skip_tracking":false,"_monsterinsights_sitenote_active":false,"_monsterinsights_sitenote_note":"","_monsterinsights_sitenote_category":0,"footnotes":""},"categories":[22],"tags":[4249,15],"class_list":["post"],"yoast_head":" \n<title>Sonora en Equipo. Sigue b\u00fasqueda de casos de Coronavirus con Jornadas Anticipa Sonora<\/title>\n<meta name=\"description\" content=\"&nbsp; &nbsp; \u25ba 18 Unidades Anticipa siguen en funciones para personas sospechosas al virus HERMOSILLO, SONORA,MX.\u2500\u2500 Con la finalidad de detectar de forma En Sonora en Equipo publicamos toda la informaci\u00f3n de Sonora, M\u00e9xico y el Mundo de manera oportuna y busca que la libertad de expresi\u00f3n sea real. Visita nuestro medio informativo publicado desde Hermosillo, Sonora. %\" \/>\n<meta name=\"robots\" content=\"index, follow, max-snippet:-1, max-image-preview:large, max-video-preview:-1\" \/>\n<link rel=\"canonical\" href=\"https:\/\/www.sonoraenequipo.com.mx\/sigue-busqueda-de-casos-de-coronavirus-con-jornadas-anticipa\/\" \/>\n<meta property=\"og:locale\" content=\"es_ES\" \/>\n<meta property=\"og:type\" content=\"article\" \/>\n<meta property=\"og:title\" content=\"Sonora en Equipo. Sigue b\u00fasqueda de casos de Coronavirus con Jornadas Anticipa Sonora\" \/>\n<meta property=\"og:description\" content=\"&nbsp; &nbsp; \u25ba 18 Unidades Anticipa siguen en funciones para personas sospechosas al virus HERMOSILLO, SONORA,MX.\u2500\u2500 Con la finalidad de detectar de forma En Sonora en Equipo publicamos toda la informaci\u00f3n de Sonora, M\u00e9xico y el Mundo de manera oportuna y busca que la libertad de expresi\u00f3n sea real. Visita nuestro medio informativo publicado desde Hermosillo, Sonora. %\" \/>\n<meta property=\"og:url\" content=\"https:\/\/www.sonoraenequipo.com.mx\/sigue-busqueda-de-casos-de-coronavirus-con-jornadas-anticipa\/\" \/>\n<meta property=\"og:site_name\" content=\"Sonora en Equipo.\" \/>\n<meta property=\"article:publisher\" content=\"https:\/\/www.facebook.com\/SonoraEE\/\" \/>\n<meta property=\"article:author\" content=\"https:\/\/www.facebook.com\/SonoraEE\" \/>\n<meta property=\"article:published_time\" content=\"2021-02-16T22:31:02+00:00\" \/>\n<meta property=\"og:image\" content=\"https:\/\/www.sonoraenequipo.com.mx\/storage\/2021\/02\/anticipa160221.jpg\" \/>\n\t<meta property=\"og:image:width\" content=\"500\" \/>\n\t<meta property=\"og:image:height\" content=\"333\" \/>\n\t<meta property=\"og:image:type\" content=\"image\/jpeg\" \/>\n<meta name=\"author\" content=\"enequipo\" \/>\n<meta name=\"twitter:card\" content=\"summary_large_image\" \/>\n<meta name=\"twitter:creator\" content=\"@sonoraenequipo\" \/>\n<meta name=\"twitter:site\" content=\"@sonoraenequipo\" \/>\n<meta name=\"twitter:label1\" content=\"Escrito por\" \/>\n\t<meta name=\"twitter:data1\" content=\"enequipo\" \/>\n\t<meta name=\"twitter:label2\" content=\"Tiempo de lectura\" \/>\n\t<meta name=\"twitter:data2\" content=\"2 minutos\" \/>\n<script type=\"application\/ld+json\" class=\"yoast-schema-graph\">{\"@context\":\"https:\/\/schema.org\",\"@graph\":[{\"@type\":\"Article\",\"@id\":\"https:\/\/www.sonoraenequipo.com.mx\/sigue-busqueda-de-casos-de-coronavirus-con-jornadas-anticipa\/#article\",\"isPartOf\":{\"@id\":\"https:\/\/www.sonoraenequipo.com.mx\/sigue-busqueda-de-casos-de-coronavirus-con-jornadas-anticipa\/\"},\"author\":{\"name\":\"enequipo\",\"@id\":\"https:\/\/www.sonoraenequipo.com.mx\/#\/schema\/person\/50102df0fb23a8fa9e8effad8fa81386\"},\"headline\":\"Sigue b\u00fasqueda de casos de Coronavirus con Jornadas Anticipa\",\"datePublished\":\"2021-02-16T22:31:02+00:00\",\"mainEntityOfPage\":{\"@id\":\"https:\/\/www.sonoraenequipo.com.mx\/sigue-busqueda-de-casos-de-coronavirus-con-jornadas-anticipa\/\"},\"wordCount\":363,\"commentCount\":0,\"publisher\":{\"@id\":\"https:\/\/www.sonoraenequipo.com.mx\/#organization\"},\"image\":{\"@id\":\"https:\/\/www.sonoraenequipo.com.mx\/sigue-busqueda-de-casos-de-coronavirus-con-jornadas-anticipa\/#primaryimage\"},\"thumbnailUrl\":\"https:\/\/www.sonoraenequipo.com.mx\/storage\/2021\/02\/anticipa160221.jpg\",\"keywords\":[\"covid\",\"Sonora\"],\"articleSection\":[\"Sonora\"],\"inLanguage\":\"es\",\"potentialAction\":[{\"@type\":\"CommentAction\",\"name\":\"Comment\",\"target\":[\"https:\/\/www.sonoraenequipo.com.mx\/sigue-busqueda-de-casos-de-coronavirus-con-jornadas-anticipa\/#respond\"]}]},{\"@type\":\"WebPage\",\"@id\":\"https:\/\/www.sonoraenequipo.com.mx\/sigue-busqueda-de-casos-de-coronavirus-con-jornadas-anticipa\/\",\"url\":\"https:\/\/www.sonoraenequipo.com.mx\/sigue-busqueda-de-casos-de-coronavirus-con-jornadas-anticipa\/\",\"name\":\"Sonora en Equipo. Sigue b\u00fasqueda de casos de Coronavirus con Jornadas Anticipa Sonora\",\"isPartOf\":{\"@id\":\"https:\/\/www.sonoraenequipo.com.mx\/#website\"},\"primaryImageOfPage\":{\"@id\":\"https:\/\/www.sonoraenequipo.com.mx\/sigue-busqueda-de-casos-de-coronavirus-con-jornadas-anticipa\/#primaryimage\"},\"image\":{\"@id\":\"https:\/\/www.sonoraenequipo.com.mx\/sigue-busqueda-de-casos-de-coronavirus-con-jornadas-anticipa\/#primaryimage\"},\"thumbnailUrl\":\"https:\/\/www.sonoraenequipo.com.mx\/storage\/2021\/02\/anticipa160221.jpg\",\"datePublished\":\"2021-02-16T22:31:02+00:00\",\"description\":\"&nbsp; &nbsp; \u25ba 18 Unidades Anticipa siguen en funciones para personas sospechosas al virus HERMOSILLO, SONORA,MX.\u2500\u2500 Con la finalidad de detectar de forma En Sonora en Equipo publicamos toda la informaci\u00f3n de Sonora, M\u00e9xico y el Mundo de manera oportuna y busca que la libertad de expresi\u00f3n sea real. Visita nuestro medio informativo publicado desde Hermosillo, Sonora. %\",\"breadcrumb\":{\"@id\":\"https:\/\/www.sonoraenequipo.com.mx\/sigue-busqueda-de-casos-de-coronavirus-con-jornadas-anticipa\/#breadcrumb\"},\"inLanguage\":\"es\",\"potentialAction\":[{\"@type\":\"ReadAction\",\"target\":[\"https:\/\/www.sonoraenequipo.com.mx\/sigue-busqueda-de-casos-de-coronavirus-con-jornadas-anticipa\/\"]}]},{\"@type\":\"ImageObject\",\"inLanguage\":\"es\",\"@id\":\"https:\/\/www.sonoraenequipo.com.mx\/sigue-busqueda-de-casos-de-coronavirus-con-jornadas-anticipa\/#primaryimage\",\"url\":\"https:\/\/www.sonoraenequipo.com.mx\/storage\/2021\/02\/anticipa160221.jpg\",\"contentUrl\":\"https:\/\/www.sonoraenequipo.com.mx\/storage\/2021\/02\/anticipa160221.jpg\",\"width\":500,\"height\":333},{\"@type\":\"BreadcrumbList\",\"@id\":\"https:\/\/www.sonoraenequipo.com.mx\/sigue-busqueda-de-casos-de-coronavirus-con-jornadas-anticipa\/#breadcrumb\",\"itemListElement\":[{\"@type\":\"ListItem\",\"position\":1,\"name\":\"Portada\",\"item\":\"https:\/\/www.sonoraenequipo.com.mx\/\"},{\"@type\":\"ListItem\",\"position\":2,\"name\":\"Sigue b\u00fasqueda de casos de Coronavirus con Jornadas Anticipa\"}]},{\"@type\":\"WebSite\",\"@id\":\"https:\/\/www.sonoraenequipo.com.mx\/#website\",\"url\":\"https:\/\/www.sonoraenequipo.com.mx\/\",\"name\":\"Sonora en Equipo.\",\"description\":\"Diario en l\u00ednea con Noticias desde Hermosillo, Sonora\",\"publisher\":{\"@id\":\"https:\/\/www.sonoraenequipo.com.mx\/#organization\"},\"potentialAction\":[{\"@type\":\"SearchAction\",\"target\":{\"@type\":\"EntryPoint\",\"urlTemplate\":\"https:\/\/www.sonoraenequipo.com.mx\/?s={search_term_string}\"},\"query-input\":{\"@type\":\"PropertyValueSpecification\",\"valueRequired\":true,\"valueName\":\"search_term_string\"}}],\"inLanguage\":\"es\"},{\"@type\":\"Organization\",\"@id\":\"https:\/\/www.sonoraenequipo.com.mx\/#organization\",\"name\":\"Sonoraenequipo.com.mx\",\"url\":\"https:\/\/www.sonoraenequipo.com.mx\/\",\"logo\":{\"@type\":\"ImageObject\",\"inLanguage\":\"es\",\"@id\":\"https:\/\/www.sonoraenequipo.com.mx\/#\/schema\/logo\/image\/\",\"url\":\"https:\/\/www.sonoraenequipo.com.mx\/storage\/2019\/01\/sonoraenequipo_opt.png\",\"contentUrl\":\"https:\/\/www.sonoraenequipo.com.mx\/storage\/2019\/01\/sonoraenequipo_opt.png\",\"width\":375,\"height\":125,\"caption\":\"Sonoraenequipo.com.mx\"},\"image\":{\"@id\":\"https:\/\/www.sonoraenequipo.com.mx\/#\/schema\/logo\/image\/\"},\"sameAs\":[\"https:\/\/www.facebook.com\/SonoraEE\/\",\"https:\/\/x.com\/sonoraenequipo\",\"https:\/\/www.youtube.com\/channel\/UC338nW-lPEYmJQs4ZABQ1SQ\"]},{\"@type\":\"Person\",\"@id\":\"https:\/\/www.sonoraenequipo.com.mx\/#\/schema\/person\/50102df0fb23a8fa9e8effad8fa81386\",\"name\":\"enequipo\",\"image\":{\"@type\":\"ImageObject\",\"inLanguage\":\"es\",\"@id\":\"https:\/\/www.sonoraenequipo.com.mx\/#\/schema\/person\/image\/\",\"url\":\"https:\/\/secure.gravatar.com\/avatar\/049821681b589dabc0bc20695993ccebb09f5b5d4d790cd9251b97faac7c652b?s=96&d=blank&r=g\",\"contentUrl\":\"https:\/\/secure.gravatar.com\/avatar\/049821681b589dabc0bc20695993ccebb09f5b5d4d790cd9251b97faac7c652b?s=96&d=blank&r=g\",\"caption\":\"enequipo\"},\"sameAs\":[\"https:\/\/www.facebook.com\/SonoraEE\"]}]}<\/script>\n ","yoast_head_json":{"title":"Sonora en Equipo. Sigue b\u00fasqueda de casos de Coronavirus con Jornadas Anticipa Sonora","description":"&nbsp; &nbsp; \u25ba 18 Unidades Anticipa siguen en funciones para personas sospechosas al virus HERMOSILLO, SONORA,MX.\u2500\u2500 Con la finalidad de detectar de forma En Sonora en Equipo publicamos toda la informaci\u00f3n de Sonora, M\u00e9xico y el Mundo de manera oportuna y busca que la libertad de expresi\u00f3n sea real. Visita nuestro medio informativo publicado desde Hermosillo, Sonora. %","robots":{"index":"index","follow":"follow","max-snippet":"max-snippet:-1","max-image-preview":"max-image-preview:large","max-video-preview":"max-video-preview:-1"},"canonical":"https:\/\/www.sonoraenequipo.com.mx\/sigue-busqueda-de-casos-de-coronavirus-con-jornadas-anticipa\/","og_locale":"es_ES","og_type":"article","og_title":"Sonora en Equipo. Sigue b\u00fasqueda de casos de Coronavirus con Jornadas Anticipa Sonora","og_description":"&nbsp; &nbsp; \u25ba 18 Unidades Anticipa siguen en funciones para personas sospechosas al virus HERMOSILLO, SONORA,MX.\u2500\u2500 Con la finalidad de detectar de forma En Sonora en Equipo publicamos toda la informaci\u00f3n de Sonora, M\u00e9xico y el Mundo de manera oportuna y busca que la libertad de expresi\u00f3n sea real. Visita nuestro medio informativo publicado desde Hermosillo, Sonora. %","og_url":"https:\/\/www.sonoraenequipo.com.mx\/sigue-busqueda-de-casos-de-coronavirus-con-jornadas-anticipa\/","og_site_name":"Sonora en Equipo.","article_publisher":"https:\/\/www.facebook.com\/SonoraEE\/","article_author":"https:\/\/www.facebook.com\/SonoraEE","article_published_time":"2021-02-16T22:31:02+00:00","og_image":[{"width":500,"height":333,"url":"https:\/\/www.sonoraenequipo.com.mx\/storage\/2021\/02\/anticipa160221.jpg","type":"image\/jpeg"}],"author":"enequipo","twitter_card":"summary_large_image","twitter_creator":"@sonoraenequipo","twitter_site":"@sonoraenequipo","twitter_misc":{"Escrito por":"enequipo","Tiempo de lectura":"2 minutos"},"schema":{"@context":"https:\/\/schema.org","@graph":[{"@type":"Article","@id":"https:\/\/www.sonoraenequipo.com.mx\/sigue-busqueda-de-casos-de-coronavirus-con-jornadas-anticipa\/#article","isPartOf":{"@id":"https:\/\/www.sonoraenequipo.com.mx\/sigue-busqueda-de-casos-de-coronavirus-con-jornadas-anticipa\/"},"author":{"name":"enequipo","@id":"https:\/\/www.sonoraenequipo.com.mx\/#\/schema\/person\/50102df0fb23a8fa9e8effad8fa81386"},"headline":"Sigue b\u00fasqueda de casos de Coronavirus con Jornadas Anticipa","datePublished":"2021-02-16T22:31:02+00:00","mainEntityOfPage":{"@id":"https:\/\/www.sonoraenequipo.com.mx\/sigue-busqueda-de-casos-de-coronavirus-con-jornadas-anticipa\/"},"wordCount":363,"commentCount":0,"publisher":{"@id":"https:\/\/www.sonoraenequipo.com.mx\/#organization"},"image":{"@id":"https:\/\/www.sonoraenequipo.com.mx\/sigue-busqueda-de-casos-de-coronavirus-con-jornadas-anticipa\/#primaryimage"},"thumbnailUrl":"https:\/\/www.sonoraenequipo.com.mx\/storage\/2021\/02\/anticipa160221.jpg","keywords":["covid","Sonora"],"articleSection":["Sonora"],"inLanguage":"es","potentialAction":[{"@type":"CommentAction","name":"Comment","target":["https:\/\/www.sonoraenequipo.com.mx\/sigue-busqueda-de-casos-de-coronavirus-con-jornadas-anticipa\/#respond"]}]},{"@type":"WebPage","@id":"https:\/\/www.sonoraenequipo.com.mx\/sigue-busqueda-de-casos-de-coronavirus-con-jornadas-anticipa\/","url":"https:\/\/www.sonoraenequipo.com.mx\/sigue-busqueda-de-casos-de-coronavirus-con-jornadas-anticipa\/","name":"Sonora en Equipo. Sigue b\u00fasqueda de casos de Coronavirus con Jornadas Anticipa Sonora","isPartOf":{"@id":"https:\/\/www.sonoraenequipo.com.mx\/#website"},"primaryImageOfPage":{"@id":"https:\/\/www.sonoraenequipo.com.mx\/sigue-busqueda-de-casos-de-coronavirus-con-jornadas-anticipa\/#primaryimage"},"image":{"@id":"https:\/\/www.sonoraenequipo.com.mx\/sigue-busqueda-de-casos-de-coronavirus-con-jornadas-anticipa\/#primaryimage"},"thumbnailUrl":"https:\/\/www.sonoraenequipo.com.mx\/storage\/2021\/02\/anticipa160221.jpg","datePublished":"2021-02-16T22:31:02+00:00","description":"&nbsp; &nbsp; \u25ba 18 Unidades Anticipa siguen en funciones para personas sospechosas al virus HERMOSILLO, SONORA,MX.\u2500\u2500 Con la finalidad de detectar de forma En Sonora en Equipo publicamos toda la informaci\u00f3n de Sonora, M\u00e9xico y el Mundo de manera oportuna y busca que la libertad de expresi\u00f3n sea real. Visita nuestro medio informativo publicado desde Hermosillo, Sonora. %","breadcrumb":{"@id":"https:\/\/www.sonoraenequipo.com.mx\/sigue-busqueda-de-casos-de-coronavirus-con-jornadas-anticipa\/#breadcrumb"},"inLanguage":"es","potentialAction":[{"@type":"ReadAction","target":["https:\/\/www.sonoraenequipo.com.mx\/sigue-busqueda-de-casos-de-coronavirus-con-jornadas-anticipa\/"]}]},{"@type":"ImageObject","inLanguage":"es","@id":"https:\/\/www.sonoraenequipo.com.mx\/sigue-busqueda-de-casos-de-coronavirus-con-jornadas-anticipa\/#primaryimage","url":"https:\/\/www.sonoraenequipo.com.mx\/storage\/2021\/02\/anticipa160221.jpg","contentUrl":"https:\/\/www.sonoraenequipo.com.mx\/storage\/2021\/02\/anticipa160221.jpg","width":500,"height":333},{"@type":"BreadcrumbList","@id":"https:\/\/www.sonoraenequipo.com.mx\/sigue-busqueda-de-casos-de-coronavirus-con-jornadas-anticipa\/#breadcrumb","itemListElement":[{"@type":"ListItem","position":1,"name":"Portada","item":"https:\/\/www.sonoraenequipo.com.mx\/"},{"@type":"ListItem","position":2,"name":"Sigue b\u00fasqueda de casos de Coronavirus con Jornadas Anticipa"}]},{"@type":"WebSite","@id":"https:\/\/www.sonoraenequipo.com.mx\/#website","url":"https:\/\/www.sonoraenequipo.com.mx\/","name":"Sonora en Equipo.","description":"Diario en l\u00ednea con Noticias desde Hermosillo, Sonora","publisher":{"@id":"https:\/\/www.sonoraenequipo.com.mx\/#organization"},"potentialAction":[{"@type":"SearchAction","target":{"@type":"EntryPoint","urlTemplate":"https:\/\/www.sonoraenequipo.com.mx\/?s={search_term_string}"},"query-input":{"@type":"PropertyValueSpecification","valueRequired":true,"valueName":"search_term_string"}}],"inLanguage":"es"},{"@type":"Organization","@id":"https:\/\/www.sonoraenequipo.com.mx\/#organization","name":"Sonoraenequipo.com.mx","url":"https:\/\/www.sonoraenequipo.com.mx\/","logo":{"@type":"ImageObject","inLanguage":"es","@id":"https:\/\/www.sonoraenequipo.com.mx\/#\/schema\/logo\/image\/","url":"https:\/\/www.sonoraenequipo.com.mx\/storage\/2019\/01\/sonoraenequipo_opt.png","contentUrl":"https:\/\/www.sonoraenequipo.com.mx\/storage\/2019\/01\/sonoraenequipo_opt.png","width":375,"height":125,"caption":"Sonoraenequipo.com.mx"},"image":{"@id":"https:\/\/www.sonoraenequipo.com.mx\/#\/schema\/logo\/image\/"},"sameAs":["https:\/\/www.facebook.com\/SonoraEE\/","https:\/\/x.com\/sonoraenequipo","https:\/\/www.youtube.com\/channel\/UC338nW-lPEYmJQs4ZABQ1SQ"]},{"@type":"Person","@id":"https:\/\/www.sonoraenequipo.com.mx\/#\/schema\/person\/50102df0fb23a8fa9e8effad8fa81386","name":"enequipo","image":{"@type":"ImageObject","inLanguage":"es","@id":"https:\/\/www.sonoraenequipo.com.mx\/#\/schema\/person\/image\/","url":"https:\/\/secure.gravatar.com\/avatar\/049821681b589dabc0bc20695993ccebb09f5b5d4d790cd9251b97faac7c652b?s=96&d=blank&r=g","contentUrl":"https:\/\/secure.gravatar.com\/avatar\/049821681b589dabc0bc20695993ccebb09f5b5d4d790cd9251b97faac7c652b?s=96&d=blank&r=g","caption":"enequipo"},"sameAs":["https:\/\/www.facebook.com\/SonoraEE"]}]}},"jetpack_featured_media_url":"https:\/\/www.sonoraenequipo.com.mx\/storage\/2021\/02\/anticipa160221.jpg","_links":{"self":[{"href":"https:\/\/www.sonoraenequipo.com.mx\/api\/wp\/v2\/posts\/107140","targetHints":{"allow":["GET"]}}],"collection":[{"href":"https:\/\/www.sonoraenequipo.com.mx\/api\/wp\/v2\/posts"}],"about":[{"href":"https:\/\/www.sonoraenequipo.com.mx\/api\/wp\/v2\/types\/post"}],"author":[{"embeddable":true,"href":"https:\/\/www.sonoraenequipo.com.mx\/api\/wp\/v2\/users\/1"}],"replies":[{"embeddable":true,"href":"https:\/\/www.sonoraenequipo.com.mx\/api\/wp\/v2\/comments?post=107140"}],"version-history":[{"count":1,"href":"https:\/\/www.sonoraenequipo.com.mx\/api\/wp\/v2\/posts\/107140\/revisions"}],"predecessor-version":[{"id":107143,"href":"https:\/\/www.sonoraenequipo.com.mx\/api\/wp\/v2\/posts\/107140\/revisions\/107143"}],"wp:featuredmedia":[{"embeddable":true,"href":"https:\/\/www.sonoraenequipo.com.mx\/api\/wp\/v2\/media\/107141"}],"wp:attachment":[{"href":"https:\/\/www.sonoraenequipo.com.mx\/api\/wp\/v2\/media?parent=107140"}],"wp:term":[{"taxonomy":"category","embeddable":true,"href":"https:\/\/www.sonoraenequipo.com.mx\/api\/wp\/v2\/categories?post=107140"},{"taxonomy":"post_tag","embeddable":true,"href":"https:\/\/www.sonoraenequipo.com.mx\/api\/wp\/v2\/tags?post=107140"}],"curies":[{"name":"wp","href":"https:\/\/api.w.org\/{rel}","templated":true}]}}