{"id":107144,"date":"2021-02-16T16:10:23","date_gmt":"2021-02-16T23:10:23","guid":{"rendered":"https:\/\/www.sonoraenequipo.com.mx\/?p=107144"},"modified":"2021-02-16T16:10:23","modified_gmt":"2021-02-16T23:10:23","slug":"llama-especialista-de-isssteson-a-extremar-cuidados-en-ninos-con-cancer-ante-covid-19","status":"publish","type":"post","link":"https:\/\/www.sonoraenequipo.com.mx\/llama-especialista-de-isssteson-a-extremar-cuidados-en-ninos-con-cancer-ante-covid-19\/","title":{"rendered":"Llama especialista de Isssteson a extremar cuidados en ni\u00f1os con c\u00e1ncer ante COVID-19"},"content":{"rendered":"<p>\u25baEl onc\u00f3logo del Instituto, Homero Rend\u00f3n, exhorta a mantener un aislamiento riguroso para evitar el contagio<\/p>\n<p>HERMOSILLO, SONORA,MX.\u2500\u2500 Las afectaciones que provoca el c\u00e1ncer en ni\u00f1os hacen que se bajen las defensas de su organismo, por lo que est\u00e1n m\u00e1s susceptibles de contagiarse de infecciones como el COVID-19.<\/p>\n<p>&nbsp;<\/p>\n<p>Es por eso que, adem\u00e1s de las medidas de sanidad, como el uso del cubrebocas, lavado de manos, la sana distancia y otras, la familia debe poner mayor cuidado en seguirlas adecuadamente y mantener un aislamiento riguroso.<\/p>\n<p>&nbsp;<\/p>\n<p>As\u00ed lo inform\u00f3 el doctor Homero Rend\u00f3n Garc\u00eda, onc\u00f3logo del \u00e1rea de Pediatr\u00eda del Centro M\u00e9dico \u00abDr. Ignacio Ch\u00e1vez\u00bb del Instituto de Seguridad y Servicios Sociales de los Trabajadores del Estado de Sonora, (Isssteson), en el marco del D\u00eda Internacional de la Lucha Contra el C\u00e1ncer Infantil, que se conmemora este 15 de febrero.<\/p>\n<p>&nbsp;<\/p>\n<p>Detall\u00f3 que el proceso cl\u00ednico por el que atraviesa un menor con c\u00e1ncer eleva el riesgo de contraer el virus.<\/p>\n<p>&nbsp;<\/p>\n<p>\u00abEl tratamiento que reciben las ni\u00f1as o ni\u00f1os con alg\u00fan tipo de c\u00e1ncer, como la quimioterapia o radioterapia, tambi\u00e9n disminuyen sus defensas, lo que los hace m\u00e1s susceptibles a las infecciones\u00bb, se\u00f1al\u00f3 el especialista del Instituto.<\/p>\n<p>&nbsp;<\/p>\n<p>Explic\u00f3 que el miembro de la familia que deba salir a trabajar, debe observar los cuidados de higiene, asearse al regresar a casa y practicar la sana distancia.<\/p>\n<p>&nbsp;<\/p>\n<p>Rend\u00f3n Garc\u00eda llam\u00f3 a informarse al respecto, seguir los tratamientos de manera normal y poner en pr\u00e1ctica las medidas de sanidad, para evitar que la ni\u00f1a o ni\u00f1o se contagien de COVID-19.<\/p>\n<p>&nbsp;<\/p>\n<p>En el caso de los s\u00edntomas o se\u00f1ales de alerta por la posible presencia de c\u00e1ncer en infantes, consider\u00f3 importante poner atenci\u00f3n ante la presencia constante de fiebres, dolor de huesos o malestar general en los menores y acudir al m\u00e9dico para atenci\u00f3n especializada.<\/p>\n<p>&nbsp;<\/p>\n<p>\u00abUno de los signos m\u00e1s alertadores es el decaimiento de un ni\u00f1o; la mayor\u00eda estamos acostumbrados a ver a un ni\u00f1o que corre, que brinca, que come y de repente duerme mucho, come poco, se la lleva cansado\u00bb, explic\u00f3 Rend\u00f3n Garc\u00eda.<\/p>\n<p>&nbsp;<\/p>\n<p>Exhort\u00f3 a los derechohabientes a llevar al menor a consulta m\u00e9dica en caso de notar ese tipo de se\u00f1ales y a no automedicarlos.<\/p>\n<p>Fecha de publicaci\u00f3n\u00a0 martes 16\/feb\/2021<\/p>\n","protected":false},"excerpt":{"rendered":"<p>\u25baEl onc\u00f3logo del Instituto, Homero Rend\u00f3n, exhorta a mantener un aislamiento riguroso para evitar el&#8230;<\/p>\n","protected":false},"author":1,"featured_media":107145,"comment_status":"open","ping_status":"open","sticky":false,"template":"","format":"standard","meta":{"_monsterinsights_skip_tracking":false,"_monsterinsights_sitenote_active":false,"_monsterinsights_sitenote_note":"","_monsterinsights_sitenote_category":0,"footnotes":""},"categories":[22],"tags":[4249,15],"class_list":["post"],"yoast_head":" \n<title>Sonora en Equipo. Llama especialista de Isssteson a extremar cuidados en ni\u00f1os con c\u00e1ncer ante COVID-19 Sonora<\/title>\n<meta name=\"description\" content=\"\u25baEl onc\u00f3logo del Instituto, Homero Rend\u00f3n, exhorta a mantener un aislamiento riguroso para evitar el contagio HERMOSILLO, SONORA,MX.\u2500\u2500 Las afectaciones En Sonora en Equipo publicamos toda la informaci\u00f3n de Sonora, M\u00e9xico y el Mundo de manera oportuna y busca que la libertad de expresi\u00f3n sea real. Visita nuestro medio informativo publicado desde Hermosillo, Sonora. %\" \/>\n<meta name=\"robots\" content=\"index, follow, max-snippet:-1, max-image-preview:large, max-video-preview:-1\" \/>\n<link rel=\"canonical\" href=\"https:\/\/www.sonoraenequipo.com.mx\/llama-especialista-de-isssteson-a-extremar-cuidados-en-ninos-con-cancer-ante-covid-19\/\" \/>\n<meta property=\"og:locale\" content=\"es_ES\" \/>\n<meta property=\"og:type\" content=\"article\" \/>\n<meta property=\"og:title\" content=\"Sonora en Equipo. Llama especialista de Isssteson a extremar cuidados en ni\u00f1os con c\u00e1ncer ante COVID-19 Sonora\" \/>\n<meta property=\"og:description\" content=\"\u25baEl onc\u00f3logo del Instituto, Homero Rend\u00f3n, exhorta a mantener un aislamiento riguroso para evitar el contagio HERMOSILLO, SONORA,MX.\u2500\u2500 Las afectaciones En Sonora en Equipo publicamos toda la informaci\u00f3n de Sonora, M\u00e9xico y el Mundo de manera oportuna y busca que la libertad de expresi\u00f3n sea real. Visita nuestro medio informativo publicado desde Hermosillo, Sonora. %\" \/>\n<meta property=\"og:url\" content=\"https:\/\/www.sonoraenequipo.com.mx\/llama-especialista-de-isssteson-a-extremar-cuidados-en-ninos-con-cancer-ante-covid-19\/\" \/>\n<meta property=\"og:site_name\" content=\"Sonora en Equipo.\" \/>\n<meta property=\"article:publisher\" content=\"https:\/\/www.facebook.com\/SonoraEE\/\" \/>\n<meta property=\"article:author\" content=\"https:\/\/www.facebook.com\/SonoraEE\" \/>\n<meta property=\"article:published_time\" content=\"2021-02-16T23:10:23+00:00\" \/>\n<meta property=\"og:image\" content=\"https:\/\/www.sonoraenequipo.com.mx\/storage\/2021\/02\/medico-con-nino.jpg\" \/>\n\t<meta property=\"og:image:width\" content=\"500\" \/>\n\t<meta property=\"og:image:height\" content=\"334\" \/>\n\t<meta property=\"og:image:type\" content=\"image\/jpeg\" \/>\n<meta name=\"author\" content=\"enequipo\" \/>\n<meta name=\"twitter:card\" content=\"summary_large_image\" \/>\n<meta name=\"twitter:creator\" content=\"@sonoraenequipo\" \/>\n<meta name=\"twitter:site\" content=\"@sonoraenequipo\" \/>\n<meta name=\"twitter:label1\" content=\"Escrito por\" \/>\n\t<meta name=\"twitter:data1\" content=\"enequipo\" \/>\n\t<meta name=\"twitter:label2\" content=\"Tiempo de lectura\" \/>\n\t<meta name=\"twitter:data2\" content=\"2 minutos\" \/>\n<script type=\"application\/ld+json\" class=\"yoast-schema-graph\">{\"@context\":\"https:\/\/schema.org\",\"@graph\":[{\"@type\":\"Article\",\"@id\":\"https:\/\/www.sonoraenequipo.com.mx\/llama-especialista-de-isssteson-a-extremar-cuidados-en-ninos-con-cancer-ante-covid-19\/#article\",\"isPartOf\":{\"@id\":\"https:\/\/www.sonoraenequipo.com.mx\/llama-especialista-de-isssteson-a-extremar-cuidados-en-ninos-con-cancer-ante-covid-19\/\"},\"author\":{\"name\":\"enequipo\",\"@id\":\"https:\/\/www.sonoraenequipo.com.mx\/#\/schema\/person\/50102df0fb23a8fa9e8effad8fa81386\"},\"headline\":\"Llama especialista de Isssteson a extremar cuidados en ni\u00f1os con c\u00e1ncer ante COVID-19\",\"datePublished\":\"2021-02-16T23:10:23+00:00\",\"mainEntityOfPage\":{\"@id\":\"https:\/\/www.sonoraenequipo.com.mx\/llama-especialista-de-isssteson-a-extremar-cuidados-en-ninos-con-cancer-ante-covid-19\/\"},\"wordCount\":436,\"commentCount\":0,\"publisher\":{\"@id\":\"https:\/\/www.sonoraenequipo.com.mx\/#organization\"},\"image\":{\"@id\":\"https:\/\/www.sonoraenequipo.com.mx\/llama-especialista-de-isssteson-a-extremar-cuidados-en-ninos-con-cancer-ante-covid-19\/#primaryimage\"},\"thumbnailUrl\":\"https:\/\/www.sonoraenequipo.com.mx\/storage\/2021\/02\/medico-con-nino.jpg\",\"keywords\":[\"covid\",\"Sonora\"],\"articleSection\":[\"Sonora\"],\"inLanguage\":\"es\",\"potentialAction\":[{\"@type\":\"CommentAction\",\"name\":\"Comment\",\"target\":[\"https:\/\/www.sonoraenequipo.com.mx\/llama-especialista-de-isssteson-a-extremar-cuidados-en-ninos-con-cancer-ante-covid-19\/#respond\"]}]},{\"@type\":\"WebPage\",\"@id\":\"https:\/\/www.sonoraenequipo.com.mx\/llama-especialista-de-isssteson-a-extremar-cuidados-en-ninos-con-cancer-ante-covid-19\/\",\"url\":\"https:\/\/www.sonoraenequipo.com.mx\/llama-especialista-de-isssteson-a-extremar-cuidados-en-ninos-con-cancer-ante-covid-19\/\",\"name\":\"Sonora en Equipo. Llama especialista de Isssteson a extremar cuidados en ni\u00f1os con c\u00e1ncer ante COVID-19 Sonora\",\"isPartOf\":{\"@id\":\"https:\/\/www.sonoraenequipo.com.mx\/#website\"},\"primaryImageOfPage\":{\"@id\":\"https:\/\/www.sonoraenequipo.com.mx\/llama-especialista-de-isssteson-a-extremar-cuidados-en-ninos-con-cancer-ante-covid-19\/#primaryimage\"},\"image\":{\"@id\":\"https:\/\/www.sonoraenequipo.com.mx\/llama-especialista-de-isssteson-a-extremar-cuidados-en-ninos-con-cancer-ante-covid-19\/#primaryimage\"},\"thumbnailUrl\":\"https:\/\/www.sonoraenequipo.com.mx\/storage\/2021\/02\/medico-con-nino.jpg\",\"datePublished\":\"2021-02-16T23:10:23+00:00\",\"description\":\"\u25baEl onc\u00f3logo del Instituto, Homero Rend\u00f3n, exhorta a mantener un aislamiento riguroso para evitar el contagio HERMOSILLO, SONORA,MX.\u2500\u2500 Las afectaciones En Sonora en Equipo publicamos toda la informaci\u00f3n de Sonora, M\u00e9xico y el Mundo de manera oportuna y busca que la libertad de expresi\u00f3n sea real. Visita nuestro medio informativo publicado desde Hermosillo, Sonora. %\",\"breadcrumb\":{\"@id\":\"https:\/\/www.sonoraenequipo.com.mx\/llama-especialista-de-isssteson-a-extremar-cuidados-en-ninos-con-cancer-ante-covid-19\/#breadcrumb\"},\"inLanguage\":\"es\",\"potentialAction\":[{\"@type\":\"ReadAction\",\"target\":[\"https:\/\/www.sonoraenequipo.com.mx\/llama-especialista-de-isssteson-a-extremar-cuidados-en-ninos-con-cancer-ante-covid-19\/\"]}]},{\"@type\":\"ImageObject\",\"inLanguage\":\"es\",\"@id\":\"https:\/\/www.sonoraenequipo.com.mx\/llama-especialista-de-isssteson-a-extremar-cuidados-en-ninos-con-cancer-ante-covid-19\/#primaryimage\",\"url\":\"https:\/\/www.sonoraenequipo.com.mx\/storage\/2021\/02\/medico-con-nino.jpg\",\"contentUrl\":\"https:\/\/www.sonoraenequipo.com.mx\/storage\/2021\/02\/medico-con-nino.jpg\",\"width\":500,\"height\":334},{\"@type\":\"BreadcrumbList\",\"@id\":\"https:\/\/www.sonoraenequipo.com.mx\/llama-especialista-de-isssteson-a-extremar-cuidados-en-ninos-con-cancer-ante-covid-19\/#breadcrumb\",\"itemListElement\":[{\"@type\":\"ListItem\",\"position\":1,\"name\":\"Portada\",\"item\":\"https:\/\/www.sonoraenequipo.com.mx\/\"},{\"@type\":\"ListItem\",\"position\":2,\"name\":\"Llama especialista de Isssteson a extremar cuidados en ni\u00f1os con c\u00e1ncer ante COVID-19\"}]},{\"@type\":\"WebSite\",\"@id\":\"https:\/\/www.sonoraenequipo.com.mx\/#website\",\"url\":\"https:\/\/www.sonoraenequipo.com.mx\/\",\"name\":\"Sonora en Equipo.\",\"description\":\"Diario en l\u00ednea con Noticias desde Hermosillo, Sonora\",\"publisher\":{\"@id\":\"https:\/\/www.sonoraenequipo.com.mx\/#organization\"},\"potentialAction\":[{\"@type\":\"SearchAction\",\"target\":{\"@type\":\"EntryPoint\",\"urlTemplate\":\"https:\/\/www.sonoraenequipo.com.mx\/?s={search_term_string}\"},\"query-input\":{\"@type\":\"PropertyValueSpecification\",\"valueRequired\":true,\"valueName\":\"search_term_string\"}}],\"inLanguage\":\"es\"},{\"@type\":\"Organization\",\"@id\":\"https:\/\/www.sonoraenequipo.com.mx\/#organization\",\"name\":\"Sonoraenequipo.com.mx\",\"url\":\"https:\/\/www.sonoraenequipo.com.mx\/\",\"logo\":{\"@type\":\"ImageObject\",\"inLanguage\":\"es\",\"@id\":\"https:\/\/www.sonoraenequipo.com.mx\/#\/schema\/logo\/image\/\",\"url\":\"https:\/\/www.sonoraenequipo.com.mx\/storage\/2019\/01\/sonoraenequipo_opt.png\",\"contentUrl\":\"https:\/\/www.sonoraenequipo.com.mx\/storage\/2019\/01\/sonoraenequipo_opt.png\",\"width\":375,\"height\":125,\"caption\":\"Sonoraenequipo.com.mx\"},\"image\":{\"@id\":\"https:\/\/www.sonoraenequipo.com.mx\/#\/schema\/logo\/image\/\"},\"sameAs\":[\"https:\/\/www.facebook.com\/SonoraEE\/\",\"https:\/\/x.com\/sonoraenequipo\",\"https:\/\/www.youtube.com\/channel\/UC338nW-lPEYmJQs4ZABQ1SQ\"]},{\"@type\":\"Person\",\"@id\":\"https:\/\/www.sonoraenequipo.com.mx\/#\/schema\/person\/50102df0fb23a8fa9e8effad8fa81386\",\"name\":\"enequipo\",\"image\":{\"@type\":\"ImageObject\",\"inLanguage\":\"es\",\"@id\":\"https:\/\/www.sonoraenequipo.com.mx\/#\/schema\/person\/image\/\",\"url\":\"https:\/\/secure.gravatar.com\/avatar\/049821681b589dabc0bc20695993ccebb09f5b5d4d790cd9251b97faac7c652b?s=96&d=blank&r=g\",\"contentUrl\":\"https:\/\/secure.gravatar.com\/avatar\/049821681b589dabc0bc20695993ccebb09f5b5d4d790cd9251b97faac7c652b?s=96&d=blank&r=g\",\"caption\":\"enequipo\"},\"sameAs\":[\"https:\/\/www.facebook.com\/SonoraEE\"]}]}<\/script>\n ","yoast_head_json":{"title":"Sonora en Equipo. Llama especialista de Isssteson a extremar cuidados en ni\u00f1os con c\u00e1ncer ante COVID-19 Sonora","description":"\u25baEl onc\u00f3logo del Instituto, Homero Rend\u00f3n, exhorta a mantener un aislamiento riguroso para evitar el contagio HERMOSILLO, SONORA,MX.\u2500\u2500 Las afectaciones En Sonora en Equipo publicamos toda la informaci\u00f3n de Sonora, M\u00e9xico y el Mundo de manera oportuna y busca que la libertad de expresi\u00f3n sea real. Visita nuestro medio informativo publicado desde Hermosillo, Sonora. %","robots":{"index":"index","follow":"follow","max-snippet":"max-snippet:-1","max-image-preview":"max-image-preview:large","max-video-preview":"max-video-preview:-1"},"canonical":"https:\/\/www.sonoraenequipo.com.mx\/llama-especialista-de-isssteson-a-extremar-cuidados-en-ninos-con-cancer-ante-covid-19\/","og_locale":"es_ES","og_type":"article","og_title":"Sonora en Equipo. Llama especialista de Isssteson a extremar cuidados en ni\u00f1os con c\u00e1ncer ante COVID-19 Sonora","og_description":"\u25baEl onc\u00f3logo del Instituto, Homero Rend\u00f3n, exhorta a mantener un aislamiento riguroso para evitar el contagio HERMOSILLO, SONORA,MX.\u2500\u2500 Las afectaciones En Sonora en Equipo publicamos toda la informaci\u00f3n de Sonora, M\u00e9xico y el Mundo de manera oportuna y busca que la libertad de expresi\u00f3n sea real. Visita nuestro medio informativo publicado desde Hermosillo, Sonora. %","og_url":"https:\/\/www.sonoraenequipo.com.mx\/llama-especialista-de-isssteson-a-extremar-cuidados-en-ninos-con-cancer-ante-covid-19\/","og_site_name":"Sonora en Equipo.","article_publisher":"https:\/\/www.facebook.com\/SonoraEE\/","article_author":"https:\/\/www.facebook.com\/SonoraEE","article_published_time":"2021-02-16T23:10:23+00:00","og_image":[{"width":500,"height":334,"url":"https:\/\/www.sonoraenequipo.com.mx\/storage\/2021\/02\/medico-con-nino.jpg","type":"image\/jpeg"}],"author":"enequipo","twitter_card":"summary_large_image","twitter_creator":"@sonoraenequipo","twitter_site":"@sonoraenequipo","twitter_misc":{"Escrito por":"enequipo","Tiempo de lectura":"2 minutos"},"schema":{"@context":"https:\/\/schema.org","@graph":[{"@type":"Article","@id":"https:\/\/www.sonoraenequipo.com.mx\/llama-especialista-de-isssteson-a-extremar-cuidados-en-ninos-con-cancer-ante-covid-19\/#article","isPartOf":{"@id":"https:\/\/www.sonoraenequipo.com.mx\/llama-especialista-de-isssteson-a-extremar-cuidados-en-ninos-con-cancer-ante-covid-19\/"},"author":{"name":"enequipo","@id":"https:\/\/www.sonoraenequipo.com.mx\/#\/schema\/person\/50102df0fb23a8fa9e8effad8fa81386"},"headline":"Llama especialista de Isssteson a extremar cuidados en ni\u00f1os con c\u00e1ncer ante COVID-19","datePublished":"2021-02-16T23:10:23+00:00","mainEntityOfPage":{"@id":"https:\/\/www.sonoraenequipo.com.mx\/llama-especialista-de-isssteson-a-extremar-cuidados-en-ninos-con-cancer-ante-covid-19\/"},"wordCount":436,"commentCount":0,"publisher":{"@id":"https:\/\/www.sonoraenequipo.com.mx\/#organization"},"image":{"@id":"https:\/\/www.sonoraenequipo.com.mx\/llama-especialista-de-isssteson-a-extremar-cuidados-en-ninos-con-cancer-ante-covid-19\/#primaryimage"},"thumbnailUrl":"https:\/\/www.sonoraenequipo.com.mx\/storage\/2021\/02\/medico-con-nino.jpg","keywords":["covid","Sonora"],"articleSection":["Sonora"],"inLanguage":"es","potentialAction":[{"@type":"CommentAction","name":"Comment","target":["https:\/\/www.sonoraenequipo.com.mx\/llama-especialista-de-isssteson-a-extremar-cuidados-en-ninos-con-cancer-ante-covid-19\/#respond"]}]},{"@type":"WebPage","@id":"https:\/\/www.sonoraenequipo.com.mx\/llama-especialista-de-isssteson-a-extremar-cuidados-en-ninos-con-cancer-ante-covid-19\/","url":"https:\/\/www.sonoraenequipo.com.mx\/llama-especialista-de-isssteson-a-extremar-cuidados-en-ninos-con-cancer-ante-covid-19\/","name":"Sonora en Equipo. Llama especialista de Isssteson a extremar cuidados en ni\u00f1os con c\u00e1ncer ante COVID-19 Sonora","isPartOf":{"@id":"https:\/\/www.sonoraenequipo.com.mx\/#website"},"primaryImageOfPage":{"@id":"https:\/\/www.sonoraenequipo.com.mx\/llama-especialista-de-isssteson-a-extremar-cuidados-en-ninos-con-cancer-ante-covid-19\/#primaryimage"},"image":{"@id":"https:\/\/www.sonoraenequipo.com.mx\/llama-especialista-de-isssteson-a-extremar-cuidados-en-ninos-con-cancer-ante-covid-19\/#primaryimage"},"thumbnailUrl":"https:\/\/www.sonoraenequipo.com.mx\/storage\/2021\/02\/medico-con-nino.jpg","datePublished":"2021-02-16T23:10:23+00:00","description":"\u25baEl onc\u00f3logo del Instituto, Homero Rend\u00f3n, exhorta a mantener un aislamiento riguroso para evitar el contagio HERMOSILLO, SONORA,MX.\u2500\u2500 Las afectaciones En Sonora en Equipo publicamos toda la informaci\u00f3n de Sonora, M\u00e9xico y el Mundo de manera oportuna y busca que la libertad de expresi\u00f3n sea real. Visita nuestro medio informativo publicado desde Hermosillo, Sonora. %","breadcrumb":{"@id":"https:\/\/www.sonoraenequipo.com.mx\/llama-especialista-de-isssteson-a-extremar-cuidados-en-ninos-con-cancer-ante-covid-19\/#breadcrumb"},"inLanguage":"es","potentialAction":[{"@type":"ReadAction","target":["https:\/\/www.sonoraenequipo.com.mx\/llama-especialista-de-isssteson-a-extremar-cuidados-en-ninos-con-cancer-ante-covid-19\/"]}]},{"@type":"ImageObject","inLanguage":"es","@id":"https:\/\/www.sonoraenequipo.com.mx\/llama-especialista-de-isssteson-a-extremar-cuidados-en-ninos-con-cancer-ante-covid-19\/#primaryimage","url":"https:\/\/www.sonoraenequipo.com.mx\/storage\/2021\/02\/medico-con-nino.jpg","contentUrl":"https:\/\/www.sonoraenequipo.com.mx\/storage\/2021\/02\/medico-con-nino.jpg","width":500,"height":334},{"@type":"BreadcrumbList","@id":"https:\/\/www.sonoraenequipo.com.mx\/llama-especialista-de-isssteson-a-extremar-cuidados-en-ninos-con-cancer-ante-covid-19\/#breadcrumb","itemListElement":[{"@type":"ListItem","position":1,"name":"Portada","item":"https:\/\/www.sonoraenequipo.com.mx\/"},{"@type":"ListItem","position":2,"name":"Llama especialista de Isssteson a extremar cuidados en ni\u00f1os con c\u00e1ncer ante COVID-19"}]},{"@type":"WebSite","@id":"https:\/\/www.sonoraenequipo.com.mx\/#website","url":"https:\/\/www.sonoraenequipo.com.mx\/","name":"Sonora en Equipo.","description":"Diario en l\u00ednea con Noticias desde Hermosillo, Sonora","publisher":{"@id":"https:\/\/www.sonoraenequipo.com.mx\/#organization"},"potentialAction":[{"@type":"SearchAction","target":{"@type":"EntryPoint","urlTemplate":"https:\/\/www.sonoraenequipo.com.mx\/?s={search_term_string}"},"query-input":{"@type":"PropertyValueSpecification","valueRequired":true,"valueName":"search_term_string"}}],"inLanguage":"es"},{"@type":"Organization","@id":"https:\/\/www.sonoraenequipo.com.mx\/#organization","name":"Sonoraenequipo.com.mx","url":"https:\/\/www.sonoraenequipo.com.mx\/","logo":{"@type":"ImageObject","inLanguage":"es","@id":"https:\/\/www.sonoraenequipo.com.mx\/#\/schema\/logo\/image\/","url":"https:\/\/www.sonoraenequipo.com.mx\/storage\/2019\/01\/sonoraenequipo_opt.png","contentUrl":"https:\/\/www.sonoraenequipo.com.mx\/storage\/2019\/01\/sonoraenequipo_opt.png","width":375,"height":125,"caption":"Sonoraenequipo.com.mx"},"image":{"@id":"https:\/\/www.sonoraenequipo.com.mx\/#\/schema\/logo\/image\/"},"sameAs":["https:\/\/www.facebook.com\/SonoraEE\/","https:\/\/x.com\/sonoraenequipo","https:\/\/www.youtube.com\/channel\/UC338nW-lPEYmJQs4ZABQ1SQ"]},{"@type":"Person","@id":"https:\/\/www.sonoraenequipo.com.mx\/#\/schema\/person\/50102df0fb23a8fa9e8effad8fa81386","name":"enequipo","image":{"@type":"ImageObject","inLanguage":"es","@id":"https:\/\/www.sonoraenequipo.com.mx\/#\/schema\/person\/image\/","url":"https:\/\/secure.gravatar.com\/avatar\/049821681b589dabc0bc20695993ccebb09f5b5d4d790cd9251b97faac7c652b?s=96&d=blank&r=g","contentUrl":"https:\/\/secure.gravatar.com\/avatar\/049821681b589dabc0bc20695993ccebb09f5b5d4d790cd9251b97faac7c652b?s=96&d=blank&r=g","caption":"enequipo"},"sameAs":["https:\/\/www.facebook.com\/SonoraEE"]}]}},"jetpack_featured_media_url":"https:\/\/www.sonoraenequipo.com.mx\/storage\/2021\/02\/medico-con-nino.jpg","_links":{"self":[{"href":"https:\/\/www.sonoraenequipo.com.mx\/api\/wp\/v2\/posts\/107144","targetHints":{"allow":["GET"]}}],"collection":[{"href":"https:\/\/www.sonoraenequipo.com.mx\/api\/wp\/v2\/posts"}],"about":[{"href":"https:\/\/www.sonoraenequipo.com.mx\/api\/wp\/v2\/types\/post"}],"author":[{"embeddable":true,"href":"https:\/\/www.sonoraenequipo.com.mx\/api\/wp\/v2\/users\/1"}],"replies":[{"embeddable":true,"href":"https:\/\/www.sonoraenequipo.com.mx\/api\/wp\/v2\/comments?post=107144"}],"version-history":[{"count":1,"href":"https:\/\/www.sonoraenequipo.com.mx\/api\/wp\/v2\/posts\/107144\/revisions"}],"predecessor-version":[{"id":107146,"href":"https:\/\/www.sonoraenequipo.com.mx\/api\/wp\/v2\/posts\/107144\/revisions\/107146"}],"wp:featuredmedia":[{"embeddable":true,"href":"https:\/\/www.sonoraenequipo.com.mx\/api\/wp\/v2\/media\/107145"}],"wp:attachment":[{"href":"https:\/\/www.sonoraenequipo.com.mx\/api\/wp\/v2\/media?parent=107144"}],"wp:term":[{"taxonomy":"category","embeddable":true,"href":"https:\/\/www.sonoraenequipo.com.mx\/api\/wp\/v2\/categories?post=107144"},{"taxonomy":"post_tag","embeddable":true,"href":"https:\/\/www.sonoraenequipo.com.mx\/api\/wp\/v2\/tags?post=107144"}],"curies":[{"name":"wp","href":"https:\/\/api.w.org\/{rel}","templated":true}]}}